{"id":59198,"date":"2022-06-14T08:36:32","date_gmt":"2022-06-14T11:36:32","guid":{"rendered":"https:\/\/cleitonpinheiro.com.br\/portal\/?p=59198"},"modified":"2022-06-14T08:36:32","modified_gmt":"2022-06-14T11:36:32","slug":"capital-palmas-recebe-palestrantes-nacionais-no-business-growth","status":"publish","type":"post","link":"https:\/\/cleitonpinheiro.com.br\/site\/capital-palmas-recebe-palestrantes-nacionais-no-business-growth\/","title":{"rendered":"Capital Palmas recebe palestrantes nacionais no Business Growth"},"content":{"rendered":"\n<p><strong><em><u>Da Reda\u00e7\u00e3o do CP Not\u00edcias<\/u><\/em><\/strong><\/p>\n\n\n<figure class=\"wp-block-image size-full\"><img decoding=\"async\" src=\"https:\/\/cleitonpinheiro.com.br\/portal\/wp-content\/uploads\/2022\/06\/Design-sem-nome-2022-06-14T082936-compressed.jpg\" alt=\"\" class=\"wp-image-59199\"\/><\/figure>\n\n\n<p>Com a proposta de levar conhecimento de alto n\u00edvel sobre lideran\u00e7a, neg\u00f3cios, networking e vendas com palestrantes renomados do mercado, o Sebrae Tocantins em parceria com a empresa Sem Parar Produ\u00e7\u00f5es traz ao Tocantins o Business Growth \u2013 Impulsionando Pessoas.<\/p>\n\n\n<p>O evento, que ocorre no pr\u00f3ximo dia 16, a partir das 8 horas, no Centro de Conven\u00e7\u00f5es Arnaud Rodrigues, em Palmas, ofertar\u00e1 aos empres\u00e1rios e pessoas que desejam abrir um neg\u00f3cio, experi\u00eancias e estrat\u00e9gias para serem bem-sucedidos nos neg\u00f3cios e na vida pessoal.<\/p>\n\n\n<p>O Business Growth contar\u00e1 com os palestrantes Tiago Brunet , Jangui\u00ea Diniz, Kaka Diniz, Marquinhos Malaquias, Alex Monteiro, Moriael Paiva, Adriana Ara\u00fajo e Lilian Mageski, que abordar\u00e3o temas diversificados sobre o mundo do empreendedorismo<\/p>\n\n\n<p>As inscri\u00e7\u00f5es, que devem ser realizadas pela Loja Sebrae&nbsp;<a href=\"http:\/\/www.lojasebraeto.com.br\/\" target=\"_blank\" rel=\"noreferrer noopener\">www.lojasebraeto.com.br<\/a>, contam com subs\u00eddio de 40%, sendo os outros 60% por conta do participante. O valor total do investimento \u00e9 R$ 997,00, mas com o incentivo financeiro do Sebrae fica por R$ 398,00 podendo ser parcelado em 10 vezes no cart\u00e3o de cr\u00e9dito.<\/p>\n\n\n<p>De acordo com o analista do Sebrae Cristiano Faquini, o evento pretende fornecer aos empreendedores uma experi\u00eancia \u00fanica para que elas possam desenvolver caracter\u00edsticas semelhantes aos dos grandes empres\u00e1rios do pa\u00eds. \u00a0\u201cOs palestrantes vieram para ensinar aos empreendedores a terem coragem para enfrentar o desconhecido, sabedoria para tomar boas decis\u00f5es, confian\u00e7a em si mesmo e a habilidade de venderem suas ideias\u201d. <em>( Fonte: Assessoria de Imprensa do Sebrae Tocantins)<\/em>.<\/p>\n","protected":false},"excerpt":{"rendered":"<p>Da Reda\u00e7\u00e3o do CP Not\u00edcias Com a proposta de levar conhecimento de alto n\u00edvel sobre lideran\u00e7a, neg\u00f3cios, networking e vendas com palestrantes renomados do mercado, o Sebrae Tocantins em parceria com a empresa Sem Parar Produ\u00e7\u00f5es traz ao Tocantins o Business Growth \u2013 Impulsionando Pessoas. O evento, que ocorre no pr\u00f3ximo dia 16, a partir [&hellip;]<\/p>\n","protected":false},"author":4,"featured_media":59199,"comment_status":"open","ping_status":"open","sticky":false,"template":"","format":"standard","meta":{"_acf_changed":false,"footnotes":""},"categories":[22,20,21],"tags":[],"class_list":["post-59198","post","type-post","status-publish","format-standard","has-post-thumbnail","hentry","category-cidades","category-noticias-em-destaque","category-todas-noticias"],"acf":[],"yoast_head":"<!-- This site is optimized with the Yoast SEO plugin v24.4 - https:\/\/yoast.com\/wordpress\/plugins\/seo\/ -->\n<title>Capital Palmas recebe palestrantes nacionais no Business Growth - PORTAL DE NOT\u00cdCIAS CLEITON PINHEIRO<\/title>\n<meta name=\"robots\" content=\"index, follow, max-snippet:-1, max-image-preview:large, max-video-preview:-1\" \/>\n<link rel=\"canonical\" href=\"https:\/\/cleitonpinheiro.com.br\/site\/capital-palmas-recebe-palestrantes-nacionais-no-business-growth\/\" \/>\n<meta property=\"og:locale\" content=\"pt_BR\" \/>\n<meta property=\"og:type\" content=\"article\" \/>\n<meta property=\"og:title\" content=\"Capital Palmas recebe palestrantes nacionais no Business Growth - PORTAL DE NOT\u00cdCIAS CLEITON PINHEIRO\" \/>\n<meta property=\"og:description\" content=\"Da Reda\u00e7\u00e3o do CP Not\u00edcias Com a proposta de levar conhecimento de alto n\u00edvel sobre lideran\u00e7a, neg\u00f3cios, networking e vendas com palestrantes renomados do mercado, o Sebrae Tocantins em parceria com a empresa Sem Parar Produ\u00e7\u00f5es traz ao Tocantins o Business Growth \u2013 Impulsionando Pessoas. O evento, que ocorre no pr\u00f3ximo dia 16, a partir [&hellip;]\" \/>\n<meta property=\"og:url\" content=\"https:\/\/cleitonpinheiro.com.br\/site\/capital-palmas-recebe-palestrantes-nacionais-no-business-growth\/\" \/>\n<meta property=\"og:site_name\" content=\"PORTAL DE NOT\u00cdCIAS CLEITON PINHEIRO\" \/>\n<meta property=\"article:publisher\" content=\"https:\/\/www.facebook.com\/portalcpnoticias\/\" \/>\n<meta property=\"article:published_time\" content=\"2022-06-14T11:36:32+00:00\" \/>\n<meta name=\"author\" content=\"Dermival Pereira\" \/>\n<meta name=\"twitter:card\" content=\"summary_large_image\" \/>\n<meta name=\"twitter:label1\" content=\"Escrito por\" \/>\n\t<meta name=\"twitter:data1\" content=\"Dermival Pereira\" \/>\n\t<meta name=\"twitter:label2\" content=\"Est. tempo de leitura\" \/>\n\t<meta name=\"twitter:data2\" content=\"1 minuto\" \/>\n<script type=\"application\/ld+json\" class=\"yoast-schema-graph\">{\"@context\":\"https:\/\/schema.org\",\"@graph\":[{\"@type\":\"Article\",\"@id\":\"https:\/\/cleitonpinheiro.com.br\/site\/capital-palmas-recebe-palestrantes-nacionais-no-business-growth\/#article\",\"isPartOf\":{\"@id\":\"https:\/\/cleitonpinheiro.com.br\/site\/capital-palmas-recebe-palestrantes-nacionais-no-business-growth\/\"},\"author\":{\"name\":\"Dermival Pereira\",\"@id\":\"https:\/\/cleitonpinheiro.com.br\/site\/#\/schema\/person\/aac6d7f311e80c43042e98a900b03cd8\"},\"headline\":\"Capital Palmas recebe palestrantes nacionais no Business Growth\",\"datePublished\":\"2022-06-14T11:36:32+00:00\",\"mainEntityOfPage\":{\"@id\":\"https:\/\/cleitonpinheiro.com.br\/site\/capital-palmas-recebe-palestrantes-nacionais-no-business-growth\/\"},\"wordCount\":269,\"commentCount\":0,\"publisher\":{\"@id\":\"https:\/\/cleitonpinheiro.com.br\/site\/#organization\"},\"image\":{\"@id\":\"https:\/\/cleitonpinheiro.com.br\/site\/capital-palmas-recebe-palestrantes-nacionais-no-business-growth\/#primaryimage\"},\"thumbnailUrl\":\"\",\"articleSection\":[\"CIDADES\",\"NOT\u00cdCIAS EM DESTAQUE\",\"TODAS NOTICIAS\"],\"inLanguage\":\"pt-BR\",\"potentialAction\":[{\"@type\":\"CommentAction\",\"name\":\"Comment\",\"target\":[\"https:\/\/cleitonpinheiro.com.br\/site\/capital-palmas-recebe-palestrantes-nacionais-no-business-growth\/#respond\"]}]},{\"@type\":\"WebPage\",\"@id\":\"https:\/\/cleitonpinheiro.com.br\/site\/capital-palmas-recebe-palestrantes-nacionais-no-business-growth\/\",\"url\":\"https:\/\/cleitonpinheiro.com.br\/site\/capital-palmas-recebe-palestrantes-nacionais-no-business-growth\/\",\"name\":\"Capital Palmas recebe palestrantes nacionais no Business Growth - PORTAL DE NOT\u00cdCIAS CLEITON PINHEIRO\",\"isPartOf\":{\"@id\":\"https:\/\/cleitonpinheiro.com.br\/site\/#website\"},\"primaryImageOfPage\":{\"@id\":\"https:\/\/cleitonpinheiro.com.br\/site\/capital-palmas-recebe-palestrantes-nacionais-no-business-growth\/#primaryimage\"},\"image\":{\"@id\":\"https:\/\/cleitonpinheiro.com.br\/site\/capital-palmas-recebe-palestrantes-nacionais-no-business-growth\/#primaryimage\"},\"thumbnailUrl\":\"\",\"datePublished\":\"2022-06-14T11:36:32+00:00\",\"breadcrumb\":{\"@id\":\"https:\/\/cleitonpinheiro.com.br\/site\/capital-palmas-recebe-palestrantes-nacionais-no-business-growth\/#breadcrumb\"},\"inLanguage\":\"pt-BR\",\"potentialAction\":[{\"@type\":\"ReadAction\",\"target\":[\"https:\/\/cleitonpinheiro.com.br\/site\/capital-palmas-recebe-palestrantes-nacionais-no-business-growth\/\"]}]},{\"@type\":\"ImageObject\",\"inLanguage\":\"pt-BR\",\"@id\":\"https:\/\/cleitonpinheiro.com.br\/site\/capital-palmas-recebe-palestrantes-nacionais-no-business-growth\/#primaryimage\",\"url\":\"\",\"contentUrl\":\"\"},{\"@type\":\"BreadcrumbList\",\"@id\":\"https:\/\/cleitonpinheiro.com.br\/site\/capital-palmas-recebe-palestrantes-nacionais-no-business-growth\/#breadcrumb\",\"itemListElement\":[{\"@type\":\"ListItem\",\"position\":1,\"name\":\"In\u00edcio\",\"item\":\"https:\/\/cleitonpinheiro.com.br\/site\/\"},{\"@type\":\"ListItem\",\"position\":2,\"name\":\"Capital Palmas recebe palestrantes nacionais no Business Growth\"}]},{\"@type\":\"WebSite\",\"@id\":\"https:\/\/cleitonpinheiro.com.br\/site\/#website\",\"url\":\"https:\/\/cleitonpinheiro.com.br\/site\/\",\"name\":\"PORTAL DE NOT\u00cdCIAS CLEITON PINHEIRO\",\"description\":\"FALANDO A VERDADE\",\"publisher\":{\"@id\":\"https:\/\/cleitonpinheiro.com.br\/site\/#organization\"},\"potentialAction\":[{\"@type\":\"SearchAction\",\"target\":{\"@type\":\"EntryPoint\",\"urlTemplate\":\"https:\/\/cleitonpinheiro.com.br\/site\/?s={search_term_string}\"},\"query-input\":{\"@type\":\"PropertyValueSpecification\",\"valueRequired\":true,\"valueName\":\"search_term_string\"}}],\"inLanguage\":\"pt-BR\"},{\"@type\":\"Organization\",\"@id\":\"https:\/\/cleitonpinheiro.com.br\/site\/#organization\",\"name\":\"CPNOT\u00cdCIAS\",\"url\":\"https:\/\/cleitonpinheiro.com.br\/site\/\",\"logo\":{\"@type\":\"ImageObject\",\"inLanguage\":\"pt-BR\",\"@id\":\"https:\/\/cleitonpinheiro.com.br\/site\/#\/schema\/logo\/image\/\",\"url\":\"https:\/\/cleitonpinheiro.com.br\/site\/wp-content\/uploads\/2022\/08\/Logo-pequena-2.png\",\"contentUrl\":\"https:\/\/cleitonpinheiro.com.br\/site\/wp-content\/uploads\/2022\/08\/Logo-pequena-2.png\",\"width\":500,\"height\":500,\"caption\":\"CPNOT\u00cdCIAS\"},\"image\":{\"@id\":\"https:\/\/cleitonpinheiro.com.br\/site\/#\/schema\/logo\/image\/\"},\"sameAs\":[\"https:\/\/www.facebook.com\/portalcpnoticias\/\"]},{\"@type\":\"Person\",\"@id\":\"https:\/\/cleitonpinheiro.com.br\/site\/#\/schema\/person\/aac6d7f311e80c43042e98a900b03cd8\",\"name\":\"Dermival Pereira\",\"image\":{\"@type\":\"ImageObject\",\"inLanguage\":\"pt-BR\",\"@id\":\"https:\/\/cleitonpinheiro.com.br\/site\/#\/schema\/person\/image\/\",\"url\":\"https:\/\/secure.gravatar.com\/avatar\/cfaebf3742d6bf8db728bcba3eed6bee37b02337a2e6c822994f20ca72a3784d?s=96&r=g\",\"contentUrl\":\"https:\/\/secure.gravatar.com\/avatar\/cfaebf3742d6bf8db728bcba3eed6bee37b02337a2e6c822994f20ca72a3784d?s=96&r=g\",\"caption\":\"Dermival Pereira\"},\"url\":\"https:\/\/cleitonpinheiro.com.br\/site\/author\/dermival\/\"}]}<\/script>\n<!-- \/ Yoast SEO plugin. -->","yoast_head_json":{"title":"Capital Palmas recebe palestrantes nacionais no Business Growth - PORTAL DE NOT\u00cdCIAS CLEITON PINHEIRO","robots":{"index":"index","follow":"follow","max-snippet":"max-snippet:-1","max-image-preview":"max-image-preview:large","max-video-preview":"max-video-preview:-1"},"canonical":"https:\/\/cleitonpinheiro.com.br\/site\/capital-palmas-recebe-palestrantes-nacionais-no-business-growth\/","og_locale":"pt_BR","og_type":"article","og_title":"Capital Palmas recebe palestrantes nacionais no Business Growth - PORTAL DE NOT\u00cdCIAS CLEITON PINHEIRO","og_description":"Da Reda\u00e7\u00e3o do CP Not\u00edcias Com a proposta de levar conhecimento de alto n\u00edvel sobre lideran\u00e7a, neg\u00f3cios, networking e vendas com palestrantes renomados do mercado, o Sebrae Tocantins em parceria com a empresa Sem Parar Produ\u00e7\u00f5es traz ao Tocantins o Business Growth \u2013 Impulsionando Pessoas. O evento, que ocorre no pr\u00f3ximo dia 16, a partir [&hellip;]","og_url":"https:\/\/cleitonpinheiro.com.br\/site\/capital-palmas-recebe-palestrantes-nacionais-no-business-growth\/","og_site_name":"PORTAL DE NOT\u00cdCIAS CLEITON PINHEIRO","article_publisher":"https:\/\/www.facebook.com\/portalcpnoticias\/","article_published_time":"2022-06-14T11:36:32+00:00","author":"Dermival Pereira","twitter_card":"summary_large_image","twitter_misc":{"Escrito por":"Dermival Pereira","Est. tempo de leitura":"1 minuto"},"schema":{"@context":"https:\/\/schema.org","@graph":[{"@type":"Article","@id":"https:\/\/cleitonpinheiro.com.br\/site\/capital-palmas-recebe-palestrantes-nacionais-no-business-growth\/#article","isPartOf":{"@id":"https:\/\/cleitonpinheiro.com.br\/site\/capital-palmas-recebe-palestrantes-nacionais-no-business-growth\/"},"author":{"name":"Dermival Pereira","@id":"https:\/\/cleitonpinheiro.com.br\/site\/#\/schema\/person\/aac6d7f311e80c43042e98a900b03cd8"},"headline":"Capital Palmas recebe palestrantes nacionais no Business Growth","datePublished":"2022-06-14T11:36:32+00:00","mainEntityOfPage":{"@id":"https:\/\/cleitonpinheiro.com.br\/site\/capital-palmas-recebe-palestrantes-nacionais-no-business-growth\/"},"wordCount":269,"commentCount":0,"publisher":{"@id":"https:\/\/cleitonpinheiro.com.br\/site\/#organization"},"image":{"@id":"https:\/\/cleitonpinheiro.com.br\/site\/capital-palmas-recebe-palestrantes-nacionais-no-business-growth\/#primaryimage"},"thumbnailUrl":"","articleSection":["CIDADES","NOT\u00cdCIAS EM DESTAQUE","TODAS NOTICIAS"],"inLanguage":"pt-BR","potentialAction":[{"@type":"CommentAction","name":"Comment","target":["https:\/\/cleitonpinheiro.com.br\/site\/capital-palmas-recebe-palestrantes-nacionais-no-business-growth\/#respond"]}]},{"@type":"WebPage","@id":"https:\/\/cleitonpinheiro.com.br\/site\/capital-palmas-recebe-palestrantes-nacionais-no-business-growth\/","url":"https:\/\/cleitonpinheiro.com.br\/site\/capital-palmas-recebe-palestrantes-nacionais-no-business-growth\/","name":"Capital Palmas recebe palestrantes nacionais no Business Growth - PORTAL DE NOT\u00cdCIAS CLEITON PINHEIRO","isPartOf":{"@id":"https:\/\/cleitonpinheiro.com.br\/site\/#website"},"primaryImageOfPage":{"@id":"https:\/\/cleitonpinheiro.com.br\/site\/capital-palmas-recebe-palestrantes-nacionais-no-business-growth\/#primaryimage"},"image":{"@id":"https:\/\/cleitonpinheiro.com.br\/site\/capital-palmas-recebe-palestrantes-nacionais-no-business-growth\/#primaryimage"},"thumbnailUrl":"","datePublished":"2022-06-14T11:36:32+00:00","breadcrumb":{"@id":"https:\/\/cleitonpinheiro.com.br\/site\/capital-palmas-recebe-palestrantes-nacionais-no-business-growth\/#breadcrumb"},"inLanguage":"pt-BR","potentialAction":[{"@type":"ReadAction","target":["https:\/\/cleitonpinheiro.com.br\/site\/capital-palmas-recebe-palestrantes-nacionais-no-business-growth\/"]}]},{"@type":"ImageObject","inLanguage":"pt-BR","@id":"https:\/\/cleitonpinheiro.com.br\/site\/capital-palmas-recebe-palestrantes-nacionais-no-business-growth\/#primaryimage","url":"","contentUrl":""},{"@type":"BreadcrumbList","@id":"https:\/\/cleitonpinheiro.com.br\/site\/capital-palmas-recebe-palestrantes-nacionais-no-business-growth\/#breadcrumb","itemListElement":[{"@type":"ListItem","position":1,"name":"In\u00edcio","item":"https:\/\/cleitonpinheiro.com.br\/site\/"},{"@type":"ListItem","position":2,"name":"Capital Palmas recebe palestrantes nacionais no Business Growth"}]},{"@type":"WebSite","@id":"https:\/\/cleitonpinheiro.com.br\/site\/#website","url":"https:\/\/cleitonpinheiro.com.br\/site\/","name":"PORTAL DE NOT\u00cdCIAS CLEITON PINHEIRO","description":"FALANDO A VERDADE","publisher":{"@id":"https:\/\/cleitonpinheiro.com.br\/site\/#organization"},"potentialAction":[{"@type":"SearchAction","target":{"@type":"EntryPoint","urlTemplate":"https:\/\/cleitonpinheiro.com.br\/site\/?s={search_term_string}"},"query-input":{"@type":"PropertyValueSpecification","valueRequired":true,"valueName":"search_term_string"}}],"inLanguage":"pt-BR"},{"@type":"Organization","@id":"https:\/\/cleitonpinheiro.com.br\/site\/#organization","name":"CPNOT\u00cdCIAS","url":"https:\/\/cleitonpinheiro.com.br\/site\/","logo":{"@type":"ImageObject","inLanguage":"pt-BR","@id":"https:\/\/cleitonpinheiro.com.br\/site\/#\/schema\/logo\/image\/","url":"https:\/\/cleitonpinheiro.com.br\/site\/wp-content\/uploads\/2022\/08\/Logo-pequena-2.png","contentUrl":"https:\/\/cleitonpinheiro.com.br\/site\/wp-content\/uploads\/2022\/08\/Logo-pequena-2.png","width":500,"height":500,"caption":"CPNOT\u00cdCIAS"},"image":{"@id":"https:\/\/cleitonpinheiro.com.br\/site\/#\/schema\/logo\/image\/"},"sameAs":["https:\/\/www.facebook.com\/portalcpnoticias\/"]},{"@type":"Person","@id":"https:\/\/cleitonpinheiro.com.br\/site\/#\/schema\/person\/aac6d7f311e80c43042e98a900b03cd8","name":"Dermival Pereira","image":{"@type":"ImageObject","inLanguage":"pt-BR","@id":"https:\/\/cleitonpinheiro.com.br\/site\/#\/schema\/person\/image\/","url":"https:\/\/secure.gravatar.com\/avatar\/cfaebf3742d6bf8db728bcba3eed6bee37b02337a2e6c822994f20ca72a3784d?s=96&r=g","contentUrl":"https:\/\/secure.gravatar.com\/avatar\/cfaebf3742d6bf8db728bcba3eed6bee37b02337a2e6c822994f20ca72a3784d?s=96&r=g","caption":"Dermival Pereira"},"url":"https:\/\/cleitonpinheiro.com.br\/site\/author\/dermival\/"}]}},"views":232,"_links":{"self":[{"href":"https:\/\/cleitonpinheiro.com.br\/site\/wp-json\/wp\/v2\/posts\/59198","targetHints":{"allow":["GET"]}}],"collection":[{"href":"https:\/\/cleitonpinheiro.com.br\/site\/wp-json\/wp\/v2\/posts"}],"about":[{"href":"https:\/\/cleitonpinheiro.com.br\/site\/wp-json\/wp\/v2\/types\/post"}],"author":[{"embeddable":true,"href":"https:\/\/cleitonpinheiro.com.br\/site\/wp-json\/wp\/v2\/users\/4"}],"replies":[{"embeddable":true,"href":"https:\/\/cleitonpinheiro.com.br\/site\/wp-json\/wp\/v2\/comments?post=59198"}],"version-history":[{"count":0,"href":"https:\/\/cleitonpinheiro.com.br\/site\/wp-json\/wp\/v2\/posts\/59198\/revisions"}],"wp:featuredmedia":[{"embeddable":true,"href":"https:\/\/cleitonpinheiro.com.br\/site\/wp-json\/"}],"wp:attachment":[{"href":"https:\/\/cleitonpinheiro.com.br\/site\/wp-json\/wp\/v2\/media?parent=59198"}],"wp:term":[{"taxonomy":"category","embeddable":true,"href":"https:\/\/cleitonpinheiro.com.br\/site\/wp-json\/wp\/v2\/categories?post=59198"},{"taxonomy":"post_tag","embeddable":true,"href":"https:\/\/cleitonpinheiro.com.br\/site\/wp-json\/wp\/v2\/tags?post=59198"}],"curies":[{"name":"wp","href":"https:\/\/api.w.org\/{rel}","templated":true}]}}