{"id":59204,"date":"2022-06-14T09:14:07","date_gmt":"2022-06-14T12:14:07","guid":{"rendered":"https:\/\/cleitonpinheiro.com.br\/portal\/?p=59204"},"modified":"2022-06-14T09:14:07","modified_gmt":"2022-06-14T12:14:07","slug":"senai-abre-110-vagas-em-cursos-gratuitos-para-palmas-e-paraiso-do-to","status":"publish","type":"post","link":"https:\/\/cleitonpinheiro.com.br\/site\/senai-abre-110-vagas-em-cursos-gratuitos-para-palmas-e-paraiso-do-to\/","title":{"rendered":"Senai do TO abre 110 vagas em cursos gratuitos para Palmas e Para\u00edso"},"content":{"rendered":"\n<p><strong><em><u>Da Reda\u00e7\u00e3o do CP Not\u00edcias<\/u><\/em><\/strong><\/p>\n\n\n<figure class=\"wp-block-image size-full\"><img decoding=\"async\" src=\"https:\/\/cleitonpinheiro.com.br\/portal\/wp-content\/uploads\/2022\/06\/Design-sem-nome-2022-06-14T091245-compressed.jpg\" alt=\"\" class=\"wp-image-59205\"\/><figcaption>Foto: Ascom do Senai Tocantins\/Divulga\u00e7\u00e3o<\/figcaption><\/figure>\n\n\n<p>O Servi\u00e7o Nacional de Aprendizagem Industrial (SENAI) est\u00e1 com inscri\u00e7\u00f5es abertas para quatro cursos gratuitos, oferecidos por meio do Programa Emprega Mais em Palmas, Taquaralto e Para\u00edso do Tocantins. S\u00e3o 110 vagas dispon\u00edveis para os cursos de Eletricista em Instala\u00e7\u00f5es Prediais, Mec\u00e2nico de Refrigera\u00e7\u00e3o e Climatiza\u00e7\u00e3o Residencial, Costureiro Industrial do Vestu\u00e1rio e Padeiro.<\/p>\n\n\n<p>Os cursos buscam inserir profissionais no mercado que atendam a realidade industrial emergente a fim de ampliar a oferta de pessoal especializado contribuindo para o desenvolvimento t\u00e9cnico, econ\u00f4mico e social da ind\u00fastria e do estado.<\/p>\n\n\n<p><strong>Palmas<\/strong><\/p>\n\n\n<p>O Centro de Educa\u00e7\u00e3o e Tecnologia (CETEC) de Palmas oferta o curso de Eletricista em Instala\u00e7\u00f5es Prediais com 40 vagas. \u00c9 necess\u00e1rio ter 18 anos, e ter no m\u00ednimo o 5\u00ba ano do ensino fundamental. As aulas est\u00e3o previstas para in\u00edcio em 1\u00ba\/08.<\/p>\n\n\n<p><strong>Taquaralto<\/strong><\/p>\n\n\n<p>J\u00e1 no Centro de Forma\u00e7\u00e3o Profissional (CFP) de Taquaralto, o curso com matr\u00edculas abertas \u00e9 o de Mec\u00e2nico de Refrigera\u00e7\u00e3o e Climatiza\u00e7\u00e3o Residencial com 30 vagas dispon\u00edveis. Neste, o aluno deve ter no m\u00ednimo o 5\u00ba ano do ensino fundamental e pelo menos 16 anos. A previs\u00e3o de in\u00edcio das aulas \u00e9 no dia 27\/06.<\/p>\n\n\n<p><strong>Para\u00edso<\/strong><\/p>\n\n\n<p>O Centro de Educa\u00e7\u00e3o Profissional de Para\u00edso do Tocantins oferece dois cursos \u00e0 comunidade com 20 vagas cada. O primeiro \u00e9 o de Costureiro Industrial de Vestu\u00e1rio com 20 vagas em aberto. O interessado deve ter o ensino fundamental completo e no m\u00ednimo 16 anos, com aulas previstas para come\u00e7ar em 04\/07.<\/p>\n\n\n<p>Para o curso de Padeiro \u00e9 necess\u00e1rio ter, no m\u00ednimo, 16 anos e o 6\u00ba ano do ensino fundamental. As aulas devem come\u00e7ar dia 15\/08.<\/p>\n\n\n<p><strong>Matr\u00edculas<\/strong><\/p>\n\n\n<p>As matr\u00edculas podem ser realizadas pelo site&nbsp;<a href=\"https:\/\/loja.mundosenai.com.br\/to\/\" target=\"_blank\" rel=\"noreferrer noopener\">Loja Mundo SENAI<\/a>&nbsp;ou presencialmente nas unidades do SENAI em Palmas (CETEC &#8211; quadra AANO 20, Avenida LO-04, Lote 05, Conjunto 03, Plano Diretor Norte); Taquaralto (CFP &#8211; Avenida Tocantins, Quadra 09, Lote 06-A, Setor Morada do Sol); Para\u00edso (CFP- Rua Residencial 06, Quadra -26, APM n\u00ba 01, Nova Fronteira).<\/p>\n\n\n<p>Para mais informa\u00e7\u00f5es, ligar no (63) 3229-5656 (Palmas); (63) 3225-1800 (Taquaralto); ou (63) 3361-3030 (Para\u00edso). O atendimento pelo\u00a0<a href=\"https:\/\/api.whatsapp.com\/send?phone=5563984155239&amp;text=Oi%2C%20vim%20do%20site%20institucional%20do%20SENAI%20Tocantins.%20\" target=\"_blank\" rel=\"noreferrer noopener\">WhatsApp<\/a>\u00a0\u00e9 disponibilizado por meio do contato (63) 98415-5239.<em><strong> (Fonte: Ascom do Senai Tocantins).<\/strong><\/em><\/p>\n","protected":false},"excerpt":{"rendered":"<p>Da Reda\u00e7\u00e3o do CP Not\u00edcias O Servi\u00e7o Nacional de Aprendizagem Industrial (SENAI) est\u00e1 com inscri\u00e7\u00f5es abertas para quatro cursos gratuitos, oferecidos por meio do Programa Emprega Mais em Palmas, Taquaralto e Para\u00edso do Tocantins. S\u00e3o 110 vagas dispon\u00edveis para os cursos de Eletricista em Instala\u00e7\u00f5es Prediais, Mec\u00e2nico de Refrigera\u00e7\u00e3o e Climatiza\u00e7\u00e3o Residencial, Costureiro Industrial do [&hellip;]<\/p>\n","protected":false},"author":4,"featured_media":59205,"comment_status":"open","ping_status":"open","sticky":false,"template":"","format":"standard","meta":{"_acf_changed":false,"footnotes":""},"categories":[22,20,21],"tags":[],"class_list":["post-59204","post","type-post","status-publish","format-standard","has-post-thumbnail","hentry","category-cidades","category-noticias-em-destaque","category-todas-noticias"],"acf":[],"yoast_head":"<!-- This site is optimized with the Yoast SEO plugin v24.4 - https:\/\/yoast.com\/wordpress\/plugins\/seo\/ -->\n<title>Senai do TO abre 110 vagas em cursos gratuitos para Palmas e Para\u00edso - PORTAL DE NOT\u00cdCIAS CLEITON PINHEIRO<\/title>\n<meta name=\"robots\" content=\"index, follow, max-snippet:-1, max-image-preview:large, max-video-preview:-1\" \/>\n<link rel=\"canonical\" href=\"https:\/\/cleitonpinheiro.com.br\/site\/senai-abre-110-vagas-em-cursos-gratuitos-para-palmas-e-paraiso-do-to\/\" \/>\n<meta property=\"og:locale\" content=\"pt_BR\" \/>\n<meta property=\"og:type\" content=\"article\" \/>\n<meta property=\"og:title\" content=\"Senai do TO abre 110 vagas em cursos gratuitos para Palmas e Para\u00edso - PORTAL DE NOT\u00cdCIAS CLEITON PINHEIRO\" \/>\n<meta property=\"og:description\" content=\"Da Reda\u00e7\u00e3o do CP Not\u00edcias O Servi\u00e7o Nacional de Aprendizagem Industrial (SENAI) est\u00e1 com inscri\u00e7\u00f5es abertas para quatro cursos gratuitos, oferecidos por meio do Programa Emprega Mais em Palmas, Taquaralto e Para\u00edso do Tocantins. S\u00e3o 110 vagas dispon\u00edveis para os cursos de Eletricista em Instala\u00e7\u00f5es Prediais, Mec\u00e2nico de Refrigera\u00e7\u00e3o e Climatiza\u00e7\u00e3o Residencial, Costureiro Industrial do [&hellip;]\" \/>\n<meta property=\"og:url\" content=\"https:\/\/cleitonpinheiro.com.br\/site\/senai-abre-110-vagas-em-cursos-gratuitos-para-palmas-e-paraiso-do-to\/\" \/>\n<meta property=\"og:site_name\" content=\"PORTAL DE NOT\u00cdCIAS CLEITON PINHEIRO\" \/>\n<meta property=\"article:publisher\" content=\"https:\/\/www.facebook.com\/portalcpnoticias\/\" \/>\n<meta property=\"article:published_time\" content=\"2022-06-14T12:14:07+00:00\" \/>\n<meta name=\"author\" content=\"Dermival Pereira\" \/>\n<meta name=\"twitter:card\" content=\"summary_large_image\" \/>\n<meta name=\"twitter:label1\" content=\"Escrito por\" \/>\n\t<meta name=\"twitter:data1\" content=\"Dermival Pereira\" \/>\n\t<meta name=\"twitter:label2\" content=\"Est. tempo de leitura\" \/>\n\t<meta name=\"twitter:data2\" content=\"2 minutos\" \/>\n<script type=\"application\/ld+json\" class=\"yoast-schema-graph\">{\"@context\":\"https:\/\/schema.org\",\"@graph\":[{\"@type\":\"Article\",\"@id\":\"https:\/\/cleitonpinheiro.com.br\/site\/senai-abre-110-vagas-em-cursos-gratuitos-para-palmas-e-paraiso-do-to\/#article\",\"isPartOf\":{\"@id\":\"https:\/\/cleitonpinheiro.com.br\/site\/senai-abre-110-vagas-em-cursos-gratuitos-para-palmas-e-paraiso-do-to\/\"},\"author\":{\"name\":\"Dermival Pereira\",\"@id\":\"https:\/\/cleitonpinheiro.com.br\/site\/#\/schema\/person\/aac6d7f311e80c43042e98a900b03cd8\"},\"headline\":\"Senai do TO abre 110 vagas em cursos gratuitos para Palmas e Para\u00edso\",\"datePublished\":\"2022-06-14T12:14:07+00:00\",\"mainEntityOfPage\":{\"@id\":\"https:\/\/cleitonpinheiro.com.br\/site\/senai-abre-110-vagas-em-cursos-gratuitos-para-palmas-e-paraiso-do-to\/\"},\"wordCount\":394,\"commentCount\":0,\"publisher\":{\"@id\":\"https:\/\/cleitonpinheiro.com.br\/site\/#organization\"},\"image\":{\"@id\":\"https:\/\/cleitonpinheiro.com.br\/site\/senai-abre-110-vagas-em-cursos-gratuitos-para-palmas-e-paraiso-do-to\/#primaryimage\"},\"thumbnailUrl\":\"\",\"articleSection\":[\"CIDADES\",\"NOT\u00cdCIAS EM DESTAQUE\",\"TODAS NOTICIAS\"],\"inLanguage\":\"pt-BR\",\"potentialAction\":[{\"@type\":\"CommentAction\",\"name\":\"Comment\",\"target\":[\"https:\/\/cleitonpinheiro.com.br\/site\/senai-abre-110-vagas-em-cursos-gratuitos-para-palmas-e-paraiso-do-to\/#respond\"]}]},{\"@type\":\"WebPage\",\"@id\":\"https:\/\/cleitonpinheiro.com.br\/site\/senai-abre-110-vagas-em-cursos-gratuitos-para-palmas-e-paraiso-do-to\/\",\"url\":\"https:\/\/cleitonpinheiro.com.br\/site\/senai-abre-110-vagas-em-cursos-gratuitos-para-palmas-e-paraiso-do-to\/\",\"name\":\"Senai do TO abre 110 vagas em cursos gratuitos para Palmas e Para\u00edso - PORTAL DE NOT\u00cdCIAS CLEITON PINHEIRO\",\"isPartOf\":{\"@id\":\"https:\/\/cleitonpinheiro.com.br\/site\/#website\"},\"primaryImageOfPage\":{\"@id\":\"https:\/\/cleitonpinheiro.com.br\/site\/senai-abre-110-vagas-em-cursos-gratuitos-para-palmas-e-paraiso-do-to\/#primaryimage\"},\"image\":{\"@id\":\"https:\/\/cleitonpinheiro.com.br\/site\/senai-abre-110-vagas-em-cursos-gratuitos-para-palmas-e-paraiso-do-to\/#primaryimage\"},\"thumbnailUrl\":\"\",\"datePublished\":\"2022-06-14T12:14:07+00:00\",\"breadcrumb\":{\"@id\":\"https:\/\/cleitonpinheiro.com.br\/site\/senai-abre-110-vagas-em-cursos-gratuitos-para-palmas-e-paraiso-do-to\/#breadcrumb\"},\"inLanguage\":\"pt-BR\",\"potentialAction\":[{\"@type\":\"ReadAction\",\"target\":[\"https:\/\/cleitonpinheiro.com.br\/site\/senai-abre-110-vagas-em-cursos-gratuitos-para-palmas-e-paraiso-do-to\/\"]}]},{\"@type\":\"ImageObject\",\"inLanguage\":\"pt-BR\",\"@id\":\"https:\/\/cleitonpinheiro.com.br\/site\/senai-abre-110-vagas-em-cursos-gratuitos-para-palmas-e-paraiso-do-to\/#primaryimage\",\"url\":\"\",\"contentUrl\":\"\"},{\"@type\":\"BreadcrumbList\",\"@id\":\"https:\/\/cleitonpinheiro.com.br\/site\/senai-abre-110-vagas-em-cursos-gratuitos-para-palmas-e-paraiso-do-to\/#breadcrumb\",\"itemListElement\":[{\"@type\":\"ListItem\",\"position\":1,\"name\":\"In\u00edcio\",\"item\":\"https:\/\/cleitonpinheiro.com.br\/site\/\"},{\"@type\":\"ListItem\",\"position\":2,\"name\":\"Senai do TO abre 110 vagas em cursos gratuitos para Palmas e Para\u00edso\"}]},{\"@type\":\"WebSite\",\"@id\":\"https:\/\/cleitonpinheiro.com.br\/site\/#website\",\"url\":\"https:\/\/cleitonpinheiro.com.br\/site\/\",\"name\":\"PORTAL DE NOT\u00cdCIAS CLEITON PINHEIRO\",\"description\":\"FALANDO A VERDADE\",\"publisher\":{\"@id\":\"https:\/\/cleitonpinheiro.com.br\/site\/#organization\"},\"potentialAction\":[{\"@type\":\"SearchAction\",\"target\":{\"@type\":\"EntryPoint\",\"urlTemplate\":\"https:\/\/cleitonpinheiro.com.br\/site\/?s={search_term_string}\"},\"query-input\":{\"@type\":\"PropertyValueSpecification\",\"valueRequired\":true,\"valueName\":\"search_term_string\"}}],\"inLanguage\":\"pt-BR\"},{\"@type\":\"Organization\",\"@id\":\"https:\/\/cleitonpinheiro.com.br\/site\/#organization\",\"name\":\"CPNOT\u00cdCIAS\",\"url\":\"https:\/\/cleitonpinheiro.com.br\/site\/\",\"logo\":{\"@type\":\"ImageObject\",\"inLanguage\":\"pt-BR\",\"@id\":\"https:\/\/cleitonpinheiro.com.br\/site\/#\/schema\/logo\/image\/\",\"url\":\"https:\/\/cleitonpinheiro.com.br\/site\/wp-content\/uploads\/2022\/08\/Logo-pequena-2.png\",\"contentUrl\":\"https:\/\/cleitonpinheiro.com.br\/site\/wp-content\/uploads\/2022\/08\/Logo-pequena-2.png\",\"width\":500,\"height\":500,\"caption\":\"CPNOT\u00cdCIAS\"},\"image\":{\"@id\":\"https:\/\/cleitonpinheiro.com.br\/site\/#\/schema\/logo\/image\/\"},\"sameAs\":[\"https:\/\/www.facebook.com\/portalcpnoticias\/\"]},{\"@type\":\"Person\",\"@id\":\"https:\/\/cleitonpinheiro.com.br\/site\/#\/schema\/person\/aac6d7f311e80c43042e98a900b03cd8\",\"name\":\"Dermival Pereira\",\"image\":{\"@type\":\"ImageObject\",\"inLanguage\":\"pt-BR\",\"@id\":\"https:\/\/cleitonpinheiro.com.br\/site\/#\/schema\/person\/image\/\",\"url\":\"https:\/\/secure.gravatar.com\/avatar\/cfaebf3742d6bf8db728bcba3eed6bee37b02337a2e6c822994f20ca72a3784d?s=96&r=g\",\"contentUrl\":\"https:\/\/secure.gravatar.com\/avatar\/cfaebf3742d6bf8db728bcba3eed6bee37b02337a2e6c822994f20ca72a3784d?s=96&r=g\",\"caption\":\"Dermival Pereira\"},\"url\":\"https:\/\/cleitonpinheiro.com.br\/site\/author\/dermival\/\"}]}<\/script>\n<!-- \/ Yoast SEO plugin. -->","yoast_head_json":{"title":"Senai do TO abre 110 vagas em cursos gratuitos para Palmas e Para\u00edso - PORTAL DE NOT\u00cdCIAS CLEITON PINHEIRO","robots":{"index":"index","follow":"follow","max-snippet":"max-snippet:-1","max-image-preview":"max-image-preview:large","max-video-preview":"max-video-preview:-1"},"canonical":"https:\/\/cleitonpinheiro.com.br\/site\/senai-abre-110-vagas-em-cursos-gratuitos-para-palmas-e-paraiso-do-to\/","og_locale":"pt_BR","og_type":"article","og_title":"Senai do TO abre 110 vagas em cursos gratuitos para Palmas e Para\u00edso - PORTAL DE NOT\u00cdCIAS CLEITON PINHEIRO","og_description":"Da Reda\u00e7\u00e3o do CP Not\u00edcias O Servi\u00e7o Nacional de Aprendizagem Industrial (SENAI) est\u00e1 com inscri\u00e7\u00f5es abertas para quatro cursos gratuitos, oferecidos por meio do Programa Emprega Mais em Palmas, Taquaralto e Para\u00edso do Tocantins. S\u00e3o 110 vagas dispon\u00edveis para os cursos de Eletricista em Instala\u00e7\u00f5es Prediais, Mec\u00e2nico de Refrigera\u00e7\u00e3o e Climatiza\u00e7\u00e3o Residencial, Costureiro Industrial do [&hellip;]","og_url":"https:\/\/cleitonpinheiro.com.br\/site\/senai-abre-110-vagas-em-cursos-gratuitos-para-palmas-e-paraiso-do-to\/","og_site_name":"PORTAL DE NOT\u00cdCIAS CLEITON PINHEIRO","article_publisher":"https:\/\/www.facebook.com\/portalcpnoticias\/","article_published_time":"2022-06-14T12:14:07+00:00","author":"Dermival Pereira","twitter_card":"summary_large_image","twitter_misc":{"Escrito por":"Dermival Pereira","Est. tempo de leitura":"2 minutos"},"schema":{"@context":"https:\/\/schema.org","@graph":[{"@type":"Article","@id":"https:\/\/cleitonpinheiro.com.br\/site\/senai-abre-110-vagas-em-cursos-gratuitos-para-palmas-e-paraiso-do-to\/#article","isPartOf":{"@id":"https:\/\/cleitonpinheiro.com.br\/site\/senai-abre-110-vagas-em-cursos-gratuitos-para-palmas-e-paraiso-do-to\/"},"author":{"name":"Dermival Pereira","@id":"https:\/\/cleitonpinheiro.com.br\/site\/#\/schema\/person\/aac6d7f311e80c43042e98a900b03cd8"},"headline":"Senai do TO abre 110 vagas em cursos gratuitos para Palmas e Para\u00edso","datePublished":"2022-06-14T12:14:07+00:00","mainEntityOfPage":{"@id":"https:\/\/cleitonpinheiro.com.br\/site\/senai-abre-110-vagas-em-cursos-gratuitos-para-palmas-e-paraiso-do-to\/"},"wordCount":394,"commentCount":0,"publisher":{"@id":"https:\/\/cleitonpinheiro.com.br\/site\/#organization"},"image":{"@id":"https:\/\/cleitonpinheiro.com.br\/site\/senai-abre-110-vagas-em-cursos-gratuitos-para-palmas-e-paraiso-do-to\/#primaryimage"},"thumbnailUrl":"","articleSection":["CIDADES","NOT\u00cdCIAS EM DESTAQUE","TODAS NOTICIAS"],"inLanguage":"pt-BR","potentialAction":[{"@type":"CommentAction","name":"Comment","target":["https:\/\/cleitonpinheiro.com.br\/site\/senai-abre-110-vagas-em-cursos-gratuitos-para-palmas-e-paraiso-do-to\/#respond"]}]},{"@type":"WebPage","@id":"https:\/\/cleitonpinheiro.com.br\/site\/senai-abre-110-vagas-em-cursos-gratuitos-para-palmas-e-paraiso-do-to\/","url":"https:\/\/cleitonpinheiro.com.br\/site\/senai-abre-110-vagas-em-cursos-gratuitos-para-palmas-e-paraiso-do-to\/","name":"Senai do TO abre 110 vagas em cursos gratuitos para Palmas e Para\u00edso - PORTAL DE NOT\u00cdCIAS CLEITON PINHEIRO","isPartOf":{"@id":"https:\/\/cleitonpinheiro.com.br\/site\/#website"},"primaryImageOfPage":{"@id":"https:\/\/cleitonpinheiro.com.br\/site\/senai-abre-110-vagas-em-cursos-gratuitos-para-palmas-e-paraiso-do-to\/#primaryimage"},"image":{"@id":"https:\/\/cleitonpinheiro.com.br\/site\/senai-abre-110-vagas-em-cursos-gratuitos-para-palmas-e-paraiso-do-to\/#primaryimage"},"thumbnailUrl":"","datePublished":"2022-06-14T12:14:07+00:00","breadcrumb":{"@id":"https:\/\/cleitonpinheiro.com.br\/site\/senai-abre-110-vagas-em-cursos-gratuitos-para-palmas-e-paraiso-do-to\/#breadcrumb"},"inLanguage":"pt-BR","potentialAction":[{"@type":"ReadAction","target":["https:\/\/cleitonpinheiro.com.br\/site\/senai-abre-110-vagas-em-cursos-gratuitos-para-palmas-e-paraiso-do-to\/"]}]},{"@type":"ImageObject","inLanguage":"pt-BR","@id":"https:\/\/cleitonpinheiro.com.br\/site\/senai-abre-110-vagas-em-cursos-gratuitos-para-palmas-e-paraiso-do-to\/#primaryimage","url":"","contentUrl":""},{"@type":"BreadcrumbList","@id":"https:\/\/cleitonpinheiro.com.br\/site\/senai-abre-110-vagas-em-cursos-gratuitos-para-palmas-e-paraiso-do-to\/#breadcrumb","itemListElement":[{"@type":"ListItem","position":1,"name":"In\u00edcio","item":"https:\/\/cleitonpinheiro.com.br\/site\/"},{"@type":"ListItem","position":2,"name":"Senai do TO abre 110 vagas em cursos gratuitos para Palmas e Para\u00edso"}]},{"@type":"WebSite","@id":"https:\/\/cleitonpinheiro.com.br\/site\/#website","url":"https:\/\/cleitonpinheiro.com.br\/site\/","name":"PORTAL DE NOT\u00cdCIAS CLEITON PINHEIRO","description":"FALANDO A VERDADE","publisher":{"@id":"https:\/\/cleitonpinheiro.com.br\/site\/#organization"},"potentialAction":[{"@type":"SearchAction","target":{"@type":"EntryPoint","urlTemplate":"https:\/\/cleitonpinheiro.com.br\/site\/?s={search_term_string}"},"query-input":{"@type":"PropertyValueSpecification","valueRequired":true,"valueName":"search_term_string"}}],"inLanguage":"pt-BR"},{"@type":"Organization","@id":"https:\/\/cleitonpinheiro.com.br\/site\/#organization","name":"CPNOT\u00cdCIAS","url":"https:\/\/cleitonpinheiro.com.br\/site\/","logo":{"@type":"ImageObject","inLanguage":"pt-BR","@id":"https:\/\/cleitonpinheiro.com.br\/site\/#\/schema\/logo\/image\/","url":"https:\/\/cleitonpinheiro.com.br\/site\/wp-content\/uploads\/2022\/08\/Logo-pequena-2.png","contentUrl":"https:\/\/cleitonpinheiro.com.br\/site\/wp-content\/uploads\/2022\/08\/Logo-pequena-2.png","width":500,"height":500,"caption":"CPNOT\u00cdCIAS"},"image":{"@id":"https:\/\/cleitonpinheiro.com.br\/site\/#\/schema\/logo\/image\/"},"sameAs":["https:\/\/www.facebook.com\/portalcpnoticias\/"]},{"@type":"Person","@id":"https:\/\/cleitonpinheiro.com.br\/site\/#\/schema\/person\/aac6d7f311e80c43042e98a900b03cd8","name":"Dermival Pereira","image":{"@type":"ImageObject","inLanguage":"pt-BR","@id":"https:\/\/cleitonpinheiro.com.br\/site\/#\/schema\/person\/image\/","url":"https:\/\/secure.gravatar.com\/avatar\/cfaebf3742d6bf8db728bcba3eed6bee37b02337a2e6c822994f20ca72a3784d?s=96&r=g","contentUrl":"https:\/\/secure.gravatar.com\/avatar\/cfaebf3742d6bf8db728bcba3eed6bee37b02337a2e6c822994f20ca72a3784d?s=96&r=g","caption":"Dermival Pereira"},"url":"https:\/\/cleitonpinheiro.com.br\/site\/author\/dermival\/"}]}},"views":196,"_links":{"self":[{"href":"https:\/\/cleitonpinheiro.com.br\/site\/wp-json\/wp\/v2\/posts\/59204","targetHints":{"allow":["GET"]}}],"collection":[{"href":"https:\/\/cleitonpinheiro.com.br\/site\/wp-json\/wp\/v2\/posts"}],"about":[{"href":"https:\/\/cleitonpinheiro.com.br\/site\/wp-json\/wp\/v2\/types\/post"}],"author":[{"embeddable":true,"href":"https:\/\/cleitonpinheiro.com.br\/site\/wp-json\/wp\/v2\/users\/4"}],"replies":[{"embeddable":true,"href":"https:\/\/cleitonpinheiro.com.br\/site\/wp-json\/wp\/v2\/comments?post=59204"}],"version-history":[{"count":0,"href":"https:\/\/cleitonpinheiro.com.br\/site\/wp-json\/wp\/v2\/posts\/59204\/revisions"}],"wp:featuredmedia":[{"embeddable":true,"href":"https:\/\/cleitonpinheiro.com.br\/site\/wp-json\/"}],"wp:attachment":[{"href":"https:\/\/cleitonpinheiro.com.br\/site\/wp-json\/wp\/v2\/media?parent=59204"}],"wp:term":[{"taxonomy":"category","embeddable":true,"href":"https:\/\/cleitonpinheiro.com.br\/site\/wp-json\/wp\/v2\/categories?post=59204"},{"taxonomy":"post_tag","embeddable":true,"href":"https:\/\/cleitonpinheiro.com.br\/site\/wp-json\/wp\/v2\/tags?post=59204"}],"curies":[{"name":"wp","href":"https:\/\/api.w.org\/{rel}","templated":true}]}}