{"id":59222,"date":"2022-06-14T10:32:45","date_gmt":"2022-06-14T13:32:45","guid":{"rendered":"https:\/\/cleitonpinheiro.com.br\/portal\/?p=59222"},"modified":"2022-06-14T10:32:45","modified_gmt":"2022-06-14T13:32:45","slug":"arraia-da-capital-sorteio-das-vagas-para-os-ambulantes-acontece-nesta-terca-feira","status":"publish","type":"post","link":"https:\/\/cleitonpinheiro.com.br\/site\/arraia-da-capital-sorteio-das-vagas-para-os-ambulantes-acontece-nesta-terca-feira\/","title":{"rendered":"Arrai\u00e1 da Capital: sorteio das vagas para os ambulantes acontece nesta ter\u00e7a-feira"},"content":{"rendered":"\n<p><strong><em><u>Da Reda\u00e7\u00e3o do CP Not\u00edcias<\/u><\/em><\/strong><\/p>\n\n\n<figure class=\"wp-block-image size-full\"><img decoding=\"async\" src=\"http:\/\/cleitonpinheiro.com.br\/portal\/wp-content\/uploads\/2022\/06\/Design-sem-nome-2022-06-10T085723-compressed.jpg\" alt=\"\" class=\"wp-image-59105\"\/><figcaption>Foto: Edu Forte\/Secom de Palmas<\/figcaption><\/figure>\n\n\n<p>A Prefeitura de Palmas, por meio da Secretaria de Desenvolvimento Econ\u00f4mico e Emprego (Sedem), realiza nesta ter\u00e7a-feira, \u00e0s 14h30, o sorteio das vagas reservadas&nbsp; para os ambulantes que ir\u00e3o trabalhar no 30\u00b0 Arrai\u00e1 da Capital.&nbsp; Mais de 70 ambulantes se inscreveram para participar do sorteio que acontece no Espa\u00e7o Cultural Jos\u00e9 Gomes Sobrinho.<\/p>\n\n\n<p>De acordo com a Sedem, ser\u00e3o sorteadas 31 vagas para os ambulantes. As vagas&nbsp;ser\u00e3o distribu\u00eddas por categorias, contemplando a pra\u00e7a de alimenta\u00e7\u00e3o, arquibancada e&nbsp;<em>food trucks<\/em>.<\/p>\n\n\n<p>A 30\u00b0 edi\u00e7\u00e3o do Arrai\u00e1 da Capital acontece de 21 a 37 de junho, no estacionamento do Est\u00e1dio Nilton Santos, com apresenta\u00e7\u00e3o das quadrilhas, e shows regionais e nacionais.<\/p>\n","protected":false},"excerpt":{"rendered":"<p>Da Reda\u00e7\u00e3o do CP Not\u00edcias A Prefeitura de Palmas, por meio da Secretaria de Desenvolvimento Econ\u00f4mico e Emprego (Sedem), realiza nesta ter\u00e7a-feira, \u00e0s 14h30, o sorteio das vagas reservadas&nbsp; para os ambulantes que ir\u00e3o trabalhar no 30\u00b0 Arrai\u00e1 da Capital.&nbsp; Mais de 70 ambulantes se inscreveram para participar do sorteio que acontece no Espa\u00e7o Cultural [&hellip;]<\/p>\n","protected":false},"author":4,"featured_media":59105,"comment_status":"open","ping_status":"open","sticky":false,"template":"","format":"standard","meta":{"_acf_changed":false,"footnotes":""},"categories":[20,21],"tags":[],"class_list":["post-59222","post","type-post","status-publish","format-standard","has-post-thumbnail","hentry","category-noticias-em-destaque","category-todas-noticias"],"acf":[],"yoast_head":"<!-- This site is optimized with the Yoast SEO plugin v24.4 - https:\/\/yoast.com\/wordpress\/plugins\/seo\/ -->\n<title>Arrai\u00e1 da Capital: sorteio das vagas para os ambulantes acontece nesta ter\u00e7a-feira - PORTAL DE NOT\u00cdCIAS CLEITON PINHEIRO<\/title>\n<meta name=\"robots\" content=\"index, follow, max-snippet:-1, max-image-preview:large, max-video-preview:-1\" \/>\n<link rel=\"canonical\" href=\"https:\/\/cleitonpinheiro.com.br\/site\/arraia-da-capital-sorteio-das-vagas-para-os-ambulantes-acontece-nesta-terca-feira\/\" \/>\n<meta property=\"og:locale\" content=\"pt_BR\" \/>\n<meta property=\"og:type\" content=\"article\" \/>\n<meta property=\"og:title\" content=\"Arrai\u00e1 da Capital: sorteio das vagas para os ambulantes acontece nesta ter\u00e7a-feira - PORTAL DE NOT\u00cdCIAS CLEITON PINHEIRO\" \/>\n<meta property=\"og:description\" content=\"Da Reda\u00e7\u00e3o do CP Not\u00edcias A Prefeitura de Palmas, por meio da Secretaria de Desenvolvimento Econ\u00f4mico e Emprego (Sedem), realiza nesta ter\u00e7a-feira, \u00e0s 14h30, o sorteio das vagas reservadas&nbsp; para os ambulantes que ir\u00e3o trabalhar no 30\u00b0 Arrai\u00e1 da Capital.&nbsp; Mais de 70 ambulantes se inscreveram para participar do sorteio que acontece no Espa\u00e7o Cultural [&hellip;]\" \/>\n<meta property=\"og:url\" content=\"https:\/\/cleitonpinheiro.com.br\/site\/arraia-da-capital-sorteio-das-vagas-para-os-ambulantes-acontece-nesta-terca-feira\/\" \/>\n<meta property=\"og:site_name\" content=\"PORTAL DE NOT\u00cdCIAS CLEITON PINHEIRO\" \/>\n<meta property=\"article:publisher\" content=\"https:\/\/www.facebook.com\/portalcpnoticias\/\" \/>\n<meta property=\"article:published_time\" content=\"2022-06-14T13:32:45+00:00\" \/>\n<meta name=\"author\" content=\"Dermival Pereira\" \/>\n<meta name=\"twitter:card\" content=\"summary_large_image\" \/>\n<meta name=\"twitter:label1\" content=\"Escrito por\" \/>\n\t<meta name=\"twitter:data1\" content=\"Dermival Pereira\" \/>\n\t<meta name=\"twitter:label2\" content=\"Est. tempo de leitura\" \/>\n\t<meta name=\"twitter:data2\" content=\"1 minuto\" \/>\n<script type=\"application\/ld+json\" class=\"yoast-schema-graph\">{\"@context\":\"https:\/\/schema.org\",\"@graph\":[{\"@type\":\"Article\",\"@id\":\"https:\/\/cleitonpinheiro.com.br\/site\/arraia-da-capital-sorteio-das-vagas-para-os-ambulantes-acontece-nesta-terca-feira\/#article\",\"isPartOf\":{\"@id\":\"https:\/\/cleitonpinheiro.com.br\/site\/arraia-da-capital-sorteio-das-vagas-para-os-ambulantes-acontece-nesta-terca-feira\/\"},\"author\":{\"name\":\"Dermival Pereira\",\"@id\":\"https:\/\/cleitonpinheiro.com.br\/site\/#\/schema\/person\/aac6d7f311e80c43042e98a900b03cd8\"},\"headline\":\"Arrai\u00e1 da Capital: sorteio das vagas para os ambulantes acontece nesta ter\u00e7a-feira\",\"datePublished\":\"2022-06-14T13:32:45+00:00\",\"mainEntityOfPage\":{\"@id\":\"https:\/\/cleitonpinheiro.com.br\/site\/arraia-da-capital-sorteio-das-vagas-para-os-ambulantes-acontece-nesta-terca-feira\/\"},\"wordCount\":145,\"commentCount\":0,\"publisher\":{\"@id\":\"https:\/\/cleitonpinheiro.com.br\/site\/#organization\"},\"image\":{\"@id\":\"https:\/\/cleitonpinheiro.com.br\/site\/arraia-da-capital-sorteio-das-vagas-para-os-ambulantes-acontece-nesta-terca-feira\/#primaryimage\"},\"thumbnailUrl\":\"\",\"articleSection\":[\"NOT\u00cdCIAS EM DESTAQUE\",\"TODAS NOTICIAS\"],\"inLanguage\":\"pt-BR\",\"potentialAction\":[{\"@type\":\"CommentAction\",\"name\":\"Comment\",\"target\":[\"https:\/\/cleitonpinheiro.com.br\/site\/arraia-da-capital-sorteio-das-vagas-para-os-ambulantes-acontece-nesta-terca-feira\/#respond\"]}]},{\"@type\":\"WebPage\",\"@id\":\"https:\/\/cleitonpinheiro.com.br\/site\/arraia-da-capital-sorteio-das-vagas-para-os-ambulantes-acontece-nesta-terca-feira\/\",\"url\":\"https:\/\/cleitonpinheiro.com.br\/site\/arraia-da-capital-sorteio-das-vagas-para-os-ambulantes-acontece-nesta-terca-feira\/\",\"name\":\"Arrai\u00e1 da Capital: sorteio das vagas para os ambulantes acontece nesta ter\u00e7a-feira - PORTAL DE NOT\u00cdCIAS CLEITON PINHEIRO\",\"isPartOf\":{\"@id\":\"https:\/\/cleitonpinheiro.com.br\/site\/#website\"},\"primaryImageOfPage\":{\"@id\":\"https:\/\/cleitonpinheiro.com.br\/site\/arraia-da-capital-sorteio-das-vagas-para-os-ambulantes-acontece-nesta-terca-feira\/#primaryimage\"},\"image\":{\"@id\":\"https:\/\/cleitonpinheiro.com.br\/site\/arraia-da-capital-sorteio-das-vagas-para-os-ambulantes-acontece-nesta-terca-feira\/#primaryimage\"},\"thumbnailUrl\":\"\",\"datePublished\":\"2022-06-14T13:32:45+00:00\",\"breadcrumb\":{\"@id\":\"https:\/\/cleitonpinheiro.com.br\/site\/arraia-da-capital-sorteio-das-vagas-para-os-ambulantes-acontece-nesta-terca-feira\/#breadcrumb\"},\"inLanguage\":\"pt-BR\",\"potentialAction\":[{\"@type\":\"ReadAction\",\"target\":[\"https:\/\/cleitonpinheiro.com.br\/site\/arraia-da-capital-sorteio-das-vagas-para-os-ambulantes-acontece-nesta-terca-feira\/\"]}]},{\"@type\":\"ImageObject\",\"inLanguage\":\"pt-BR\",\"@id\":\"https:\/\/cleitonpinheiro.com.br\/site\/arraia-da-capital-sorteio-das-vagas-para-os-ambulantes-acontece-nesta-terca-feira\/#primaryimage\",\"url\":\"\",\"contentUrl\":\"\"},{\"@type\":\"BreadcrumbList\",\"@id\":\"https:\/\/cleitonpinheiro.com.br\/site\/arraia-da-capital-sorteio-das-vagas-para-os-ambulantes-acontece-nesta-terca-feira\/#breadcrumb\",\"itemListElement\":[{\"@type\":\"ListItem\",\"position\":1,\"name\":\"In\u00edcio\",\"item\":\"https:\/\/cleitonpinheiro.com.br\/site\/\"},{\"@type\":\"ListItem\",\"position\":2,\"name\":\"Arrai\u00e1 da Capital: sorteio das vagas para os ambulantes acontece nesta ter\u00e7a-feira\"}]},{\"@type\":\"WebSite\",\"@id\":\"https:\/\/cleitonpinheiro.com.br\/site\/#website\",\"url\":\"https:\/\/cleitonpinheiro.com.br\/site\/\",\"name\":\"PORTAL DE NOT\u00cdCIAS CLEITON PINHEIRO\",\"description\":\"FALANDO A VERDADE\",\"publisher\":{\"@id\":\"https:\/\/cleitonpinheiro.com.br\/site\/#organization\"},\"potentialAction\":[{\"@type\":\"SearchAction\",\"target\":{\"@type\":\"EntryPoint\",\"urlTemplate\":\"https:\/\/cleitonpinheiro.com.br\/site\/?s={search_term_string}\"},\"query-input\":{\"@type\":\"PropertyValueSpecification\",\"valueRequired\":true,\"valueName\":\"search_term_string\"}}],\"inLanguage\":\"pt-BR\"},{\"@type\":\"Organization\",\"@id\":\"https:\/\/cleitonpinheiro.com.br\/site\/#organization\",\"name\":\"CPNOT\u00cdCIAS\",\"url\":\"https:\/\/cleitonpinheiro.com.br\/site\/\",\"logo\":{\"@type\":\"ImageObject\",\"inLanguage\":\"pt-BR\",\"@id\":\"https:\/\/cleitonpinheiro.com.br\/site\/#\/schema\/logo\/image\/\",\"url\":\"https:\/\/cleitonpinheiro.com.br\/site\/wp-content\/uploads\/2022\/08\/Logo-pequena-2.png\",\"contentUrl\":\"https:\/\/cleitonpinheiro.com.br\/site\/wp-content\/uploads\/2022\/08\/Logo-pequena-2.png\",\"width\":500,\"height\":500,\"caption\":\"CPNOT\u00cdCIAS\"},\"image\":{\"@id\":\"https:\/\/cleitonpinheiro.com.br\/site\/#\/schema\/logo\/image\/\"},\"sameAs\":[\"https:\/\/www.facebook.com\/portalcpnoticias\/\"]},{\"@type\":\"Person\",\"@id\":\"https:\/\/cleitonpinheiro.com.br\/site\/#\/schema\/person\/aac6d7f311e80c43042e98a900b03cd8\",\"name\":\"Dermival Pereira\",\"image\":{\"@type\":\"ImageObject\",\"inLanguage\":\"pt-BR\",\"@id\":\"https:\/\/cleitonpinheiro.com.br\/site\/#\/schema\/person\/image\/\",\"url\":\"https:\/\/secure.gravatar.com\/avatar\/cfaebf3742d6bf8db728bcba3eed6bee37b02337a2e6c822994f20ca72a3784d?s=96&r=g\",\"contentUrl\":\"https:\/\/secure.gravatar.com\/avatar\/cfaebf3742d6bf8db728bcba3eed6bee37b02337a2e6c822994f20ca72a3784d?s=96&r=g\",\"caption\":\"Dermival Pereira\"},\"url\":\"https:\/\/cleitonpinheiro.com.br\/site\/author\/dermival\/\"}]}<\/script>\n<!-- \/ Yoast SEO plugin. -->","yoast_head_json":{"title":"Arrai\u00e1 da Capital: sorteio das vagas para os ambulantes acontece nesta ter\u00e7a-feira - PORTAL DE NOT\u00cdCIAS CLEITON PINHEIRO","robots":{"index":"index","follow":"follow","max-snippet":"max-snippet:-1","max-image-preview":"max-image-preview:large","max-video-preview":"max-video-preview:-1"},"canonical":"https:\/\/cleitonpinheiro.com.br\/site\/arraia-da-capital-sorteio-das-vagas-para-os-ambulantes-acontece-nesta-terca-feira\/","og_locale":"pt_BR","og_type":"article","og_title":"Arrai\u00e1 da Capital: sorteio das vagas para os ambulantes acontece nesta ter\u00e7a-feira - PORTAL DE NOT\u00cdCIAS CLEITON PINHEIRO","og_description":"Da Reda\u00e7\u00e3o do CP Not\u00edcias A Prefeitura de Palmas, por meio da Secretaria de Desenvolvimento Econ\u00f4mico e Emprego (Sedem), realiza nesta ter\u00e7a-feira, \u00e0s 14h30, o sorteio das vagas reservadas&nbsp; para os ambulantes que ir\u00e3o trabalhar no 30\u00b0 Arrai\u00e1 da Capital.&nbsp; Mais de 70 ambulantes se inscreveram para participar do sorteio que acontece no Espa\u00e7o Cultural [&hellip;]","og_url":"https:\/\/cleitonpinheiro.com.br\/site\/arraia-da-capital-sorteio-das-vagas-para-os-ambulantes-acontece-nesta-terca-feira\/","og_site_name":"PORTAL DE NOT\u00cdCIAS CLEITON PINHEIRO","article_publisher":"https:\/\/www.facebook.com\/portalcpnoticias\/","article_published_time":"2022-06-14T13:32:45+00:00","author":"Dermival Pereira","twitter_card":"summary_large_image","twitter_misc":{"Escrito por":"Dermival Pereira","Est. tempo de leitura":"1 minuto"},"schema":{"@context":"https:\/\/schema.org","@graph":[{"@type":"Article","@id":"https:\/\/cleitonpinheiro.com.br\/site\/arraia-da-capital-sorteio-das-vagas-para-os-ambulantes-acontece-nesta-terca-feira\/#article","isPartOf":{"@id":"https:\/\/cleitonpinheiro.com.br\/site\/arraia-da-capital-sorteio-das-vagas-para-os-ambulantes-acontece-nesta-terca-feira\/"},"author":{"name":"Dermival Pereira","@id":"https:\/\/cleitonpinheiro.com.br\/site\/#\/schema\/person\/aac6d7f311e80c43042e98a900b03cd8"},"headline":"Arrai\u00e1 da Capital: sorteio das vagas para os ambulantes acontece nesta ter\u00e7a-feira","datePublished":"2022-06-14T13:32:45+00:00","mainEntityOfPage":{"@id":"https:\/\/cleitonpinheiro.com.br\/site\/arraia-da-capital-sorteio-das-vagas-para-os-ambulantes-acontece-nesta-terca-feira\/"},"wordCount":145,"commentCount":0,"publisher":{"@id":"https:\/\/cleitonpinheiro.com.br\/site\/#organization"},"image":{"@id":"https:\/\/cleitonpinheiro.com.br\/site\/arraia-da-capital-sorteio-das-vagas-para-os-ambulantes-acontece-nesta-terca-feira\/#primaryimage"},"thumbnailUrl":"","articleSection":["NOT\u00cdCIAS EM DESTAQUE","TODAS NOTICIAS"],"inLanguage":"pt-BR","potentialAction":[{"@type":"CommentAction","name":"Comment","target":["https:\/\/cleitonpinheiro.com.br\/site\/arraia-da-capital-sorteio-das-vagas-para-os-ambulantes-acontece-nesta-terca-feira\/#respond"]}]},{"@type":"WebPage","@id":"https:\/\/cleitonpinheiro.com.br\/site\/arraia-da-capital-sorteio-das-vagas-para-os-ambulantes-acontece-nesta-terca-feira\/","url":"https:\/\/cleitonpinheiro.com.br\/site\/arraia-da-capital-sorteio-das-vagas-para-os-ambulantes-acontece-nesta-terca-feira\/","name":"Arrai\u00e1 da Capital: sorteio das vagas para os ambulantes acontece nesta ter\u00e7a-feira - PORTAL DE NOT\u00cdCIAS CLEITON PINHEIRO","isPartOf":{"@id":"https:\/\/cleitonpinheiro.com.br\/site\/#website"},"primaryImageOfPage":{"@id":"https:\/\/cleitonpinheiro.com.br\/site\/arraia-da-capital-sorteio-das-vagas-para-os-ambulantes-acontece-nesta-terca-feira\/#primaryimage"},"image":{"@id":"https:\/\/cleitonpinheiro.com.br\/site\/arraia-da-capital-sorteio-das-vagas-para-os-ambulantes-acontece-nesta-terca-feira\/#primaryimage"},"thumbnailUrl":"","datePublished":"2022-06-14T13:32:45+00:00","breadcrumb":{"@id":"https:\/\/cleitonpinheiro.com.br\/site\/arraia-da-capital-sorteio-das-vagas-para-os-ambulantes-acontece-nesta-terca-feira\/#breadcrumb"},"inLanguage":"pt-BR","potentialAction":[{"@type":"ReadAction","target":["https:\/\/cleitonpinheiro.com.br\/site\/arraia-da-capital-sorteio-das-vagas-para-os-ambulantes-acontece-nesta-terca-feira\/"]}]},{"@type":"ImageObject","inLanguage":"pt-BR","@id":"https:\/\/cleitonpinheiro.com.br\/site\/arraia-da-capital-sorteio-das-vagas-para-os-ambulantes-acontece-nesta-terca-feira\/#primaryimage","url":"","contentUrl":""},{"@type":"BreadcrumbList","@id":"https:\/\/cleitonpinheiro.com.br\/site\/arraia-da-capital-sorteio-das-vagas-para-os-ambulantes-acontece-nesta-terca-feira\/#breadcrumb","itemListElement":[{"@type":"ListItem","position":1,"name":"In\u00edcio","item":"https:\/\/cleitonpinheiro.com.br\/site\/"},{"@type":"ListItem","position":2,"name":"Arrai\u00e1 da Capital: sorteio das vagas para os ambulantes acontece nesta ter\u00e7a-feira"}]},{"@type":"WebSite","@id":"https:\/\/cleitonpinheiro.com.br\/site\/#website","url":"https:\/\/cleitonpinheiro.com.br\/site\/","name":"PORTAL DE NOT\u00cdCIAS CLEITON PINHEIRO","description":"FALANDO A VERDADE","publisher":{"@id":"https:\/\/cleitonpinheiro.com.br\/site\/#organization"},"potentialAction":[{"@type":"SearchAction","target":{"@type":"EntryPoint","urlTemplate":"https:\/\/cleitonpinheiro.com.br\/site\/?s={search_term_string}"},"query-input":{"@type":"PropertyValueSpecification","valueRequired":true,"valueName":"search_term_string"}}],"inLanguage":"pt-BR"},{"@type":"Organization","@id":"https:\/\/cleitonpinheiro.com.br\/site\/#organization","name":"CPNOT\u00cdCIAS","url":"https:\/\/cleitonpinheiro.com.br\/site\/","logo":{"@type":"ImageObject","inLanguage":"pt-BR","@id":"https:\/\/cleitonpinheiro.com.br\/site\/#\/schema\/logo\/image\/","url":"https:\/\/cleitonpinheiro.com.br\/site\/wp-content\/uploads\/2022\/08\/Logo-pequena-2.png","contentUrl":"https:\/\/cleitonpinheiro.com.br\/site\/wp-content\/uploads\/2022\/08\/Logo-pequena-2.png","width":500,"height":500,"caption":"CPNOT\u00cdCIAS"},"image":{"@id":"https:\/\/cleitonpinheiro.com.br\/site\/#\/schema\/logo\/image\/"},"sameAs":["https:\/\/www.facebook.com\/portalcpnoticias\/"]},{"@type":"Person","@id":"https:\/\/cleitonpinheiro.com.br\/site\/#\/schema\/person\/aac6d7f311e80c43042e98a900b03cd8","name":"Dermival Pereira","image":{"@type":"ImageObject","inLanguage":"pt-BR","@id":"https:\/\/cleitonpinheiro.com.br\/site\/#\/schema\/person\/image\/","url":"https:\/\/secure.gravatar.com\/avatar\/cfaebf3742d6bf8db728bcba3eed6bee37b02337a2e6c822994f20ca72a3784d?s=96&r=g","contentUrl":"https:\/\/secure.gravatar.com\/avatar\/cfaebf3742d6bf8db728bcba3eed6bee37b02337a2e6c822994f20ca72a3784d?s=96&r=g","caption":"Dermival Pereira"},"url":"https:\/\/cleitonpinheiro.com.br\/site\/author\/dermival\/"}]}},"views":189,"_links":{"self":[{"href":"https:\/\/cleitonpinheiro.com.br\/site\/wp-json\/wp\/v2\/posts\/59222","targetHints":{"allow":["GET"]}}],"collection":[{"href":"https:\/\/cleitonpinheiro.com.br\/site\/wp-json\/wp\/v2\/posts"}],"about":[{"href":"https:\/\/cleitonpinheiro.com.br\/site\/wp-json\/wp\/v2\/types\/post"}],"author":[{"embeddable":true,"href":"https:\/\/cleitonpinheiro.com.br\/site\/wp-json\/wp\/v2\/users\/4"}],"replies":[{"embeddable":true,"href":"https:\/\/cleitonpinheiro.com.br\/site\/wp-json\/wp\/v2\/comments?post=59222"}],"version-history":[{"count":0,"href":"https:\/\/cleitonpinheiro.com.br\/site\/wp-json\/wp\/v2\/posts\/59222\/revisions"}],"wp:featuredmedia":[{"embeddable":true,"href":"https:\/\/cleitonpinheiro.com.br\/site\/wp-json\/"}],"wp:attachment":[{"href":"https:\/\/cleitonpinheiro.com.br\/site\/wp-json\/wp\/v2\/media?parent=59222"}],"wp:term":[{"taxonomy":"category","embeddable":true,"href":"https:\/\/cleitonpinheiro.com.br\/site\/wp-json\/wp\/v2\/categories?post=59222"},{"taxonomy":"post_tag","embeddable":true,"href":"https:\/\/cleitonpinheiro.com.br\/site\/wp-json\/wp\/v2\/tags?post=59222"}],"curies":[{"name":"wp","href":"https:\/\/api.w.org\/{rel}","templated":true}]}}