{"id":59226,"date":"2022-06-14T14:15:46","date_gmt":"2022-06-14T17:15:46","guid":{"rendered":"https:\/\/cleitonpinheiro.com.br\/portal\/?p=59226"},"modified":"2022-06-14T14:15:46","modified_gmt":"2022-06-14T17:15:46","slug":"prefeitura-confirma-com-falamansa-e-cia-do-calypso-no-arraia-da-capital","status":"publish","type":"post","link":"https:\/\/cleitonpinheiro.com.br\/site\/prefeitura-confirma-com-falamansa-e-cia-do-calypso-no-arraia-da-capital\/","title":{"rendered":"Prefeitura confirma Falamansa e Cia do Calypso no  30\u00ba Arrai\u00e1 da Capital"},"content":{"rendered":"\n<p><strong><em><u>Da Reda\u00e7\u00e3o do CP Not\u00edcias<\/u><\/em><\/strong><\/p>\n\n\n<figure class=\"wp-block-image size-full\"><img decoding=\"async\" src=\"https:\/\/cleitonpinheiro.com.br\/portal\/wp-content\/uploads\/2022\/06\/Design-sem-nome-2022-06-14T141223-compressed.jpg\" alt=\"\" class=\"wp-image-59227\"\/><\/figure>\n\n\n<p>\u2018Rindo \u00e0 toa, dan\u00e7ando o xote da alegria\u2019, \u00e9 assim que quem gosta de forr\u00f3 em todos os estilos poder\u00e1 aproveitar o arrasta-p\u00e9 no 30\u00ba Arrai\u00e1 da Capital, que acontece no estacionamento do Est\u00e1dio Nilton Santos, de 22 a 26 de junho. Ser\u00e3o cinco noites para suar a camisa no Coreto do Forr\u00f3 e no Palco Principal. A abertura da festa ficar\u00e1 por conta do grupo Falamansa, que se apresentar\u00e1 a partir das 23 horas.<\/p>\n\n\n<p>Al\u00e9m da atra\u00e7\u00e3o nacional na abertura da programa\u00e7\u00e3o, a \u2018festan\u00e7a\u2019 ter\u00e1 encerramento em grande estilo com show da Cia do Calypso.<\/p>\n\n\n<p>As atra\u00e7\u00f5es musicais ir\u00e3o se revezar todos os dias, com 19 shows de cantores locais no Coreto do Forr\u00f3, das 19 \u00e0s 22 horas e no Palco Principal, a partir das 22 horas.<\/p>\n\n\n<p>\u201cN\u00f3s buscamos priorizar a participa\u00e7\u00e3o dos cantores locais no Arrai\u00e1 da Capital. Somente no Coreto do Forr\u00f3 s\u00e3o 15 apresenta\u00e7\u00f5es, al\u00e9m daqueles que j\u00e1 s\u00e3o a cara do Arrai\u00e1, como Th\u00e9o Santana e Doriv\u00e3 que se apresentar\u00e3o no Palco Principal\u2019, ressalta o presidente da Funda\u00e7\u00e3o Cultural de Palmas, Giovanni Assis.<\/p>\n\n\n<p><strong>Arrai\u00e1 da Capital<\/strong><\/p>\n\n\n<p>Tradi\u00e7\u00e3o que iniciou em 1993, o Arrai\u00e1 da Capital \u00e9 realizado pela Funda\u00e7\u00e3o Cultural de Palmas (FCP), em parceria com a Federa\u00e7\u00e3o de Quadrilhas Juninas do Tocantins (Fequajuto). O evento tem como atra\u00e7\u00e3o principal o concurso de quadrilhas, em que as juninas da Capital disputam entre si, al\u00e9m de shows musicais, Coreto do Forr\u00f3 e pra\u00e7a de alimenta\u00e7\u00e3o com comidas da \u00e9poca.<\/p>\n\n\n<p>A programa\u00e7\u00e3o acontece de 22 a 26, al\u00e9m do ensaio geral marcado para o dia 21, e a apura\u00e7\u00e3o que ocorre no dia 27 de junho.<\/p>\n\n\n<p><strong>Programa\u00e7\u00e3o Musical<\/strong><br \/><strong>Palco<\/strong><\/p>\n\n\n<ul class=\"wp-block-list\"><li>22\/06- 23h \u2013 Falamansa<\/li><li>23\/06 \u2013 22h \u2013 Doriv\u00e3<\/li><\/ul>\n\n\n<p>00:00 \u2013 Theo Santana<\/p>\n\n\n<ul class=\"wp-block-list\"><li>24\/06 \u2013 22h- N\u00fabia Dourado com participa\u00e7\u00e3o especial Karolline do Cerrado e Polly Alves<\/li><li>25\/06 \u2013 22h \u2013 Trio Bakana<\/li><li>00h: Cleyton Farias e Forr\u00f3 da Espora<\/li><li>26\/06 \u2013 22h \u2013 Companhia do Calypso<\/li><\/ul>\n\n\n<p><strong>Coreto do Forr\u00f3<\/strong><br \/><strong>22\/06<\/strong><\/p>\n\n\n<ul class=\"wp-block-list\"><li>19h\u2013 Cardosinho do Acordeon<\/li><li>20h30 \u2013 Gian Marques<\/li><li>22h \u2013 Renata Alves<\/li><\/ul>\n\n\n<p><strong>23\/06<\/strong><\/p>\n\n\n<ul class=\"wp-block-list\"><li>19h \u2013 Z\u00e9 Paulo do Acordeon<\/li><li>20h \u2013 Paraiba dos 8 baixos<\/li><li>21h \u2013 Viny Damar\u00e9<\/li><\/ul>\n\n\n<p><strong>24\/06<\/strong><\/p>\n\n\n<ul class=\"wp-block-list\"><li>19h \u2013 VL do Acordeon<\/li><li>20h \u2013 Nova Gera\u00e7\u00e3o<\/li><li>21h \u2013 Mateus Massoli <em><strong>(Fonte: Secom de Palmas).<\/strong><\/em><\/li><\/ul>\n","protected":false},"excerpt":{"rendered":"<p>Da Reda\u00e7\u00e3o do CP Not\u00edcias \u2018Rindo \u00e0 toa, dan\u00e7ando o xote da alegria\u2019, \u00e9 assim que quem gosta de forr\u00f3 em todos os estilos poder\u00e1 aproveitar o arrasta-p\u00e9 no 30\u00ba Arrai\u00e1 da Capital, que acontece no estacionamento do Est\u00e1dio Nilton Santos, de 22 a 26 de junho. Ser\u00e3o cinco noites para suar a camisa no [&hellip;]<\/p>\n","protected":false},"author":4,"featured_media":59228,"comment_status":"open","ping_status":"open","sticky":false,"template":"","format":"standard","meta":{"_acf_changed":false,"footnotes":""},"categories":[20,21],"tags":[],"class_list":["post-59226","post","type-post","status-publish","format-standard","has-post-thumbnail","hentry","category-noticias-em-destaque","category-todas-noticias"],"acf":[],"yoast_head":"<!-- This site is optimized with the Yoast SEO plugin v24.4 - https:\/\/yoast.com\/wordpress\/plugins\/seo\/ -->\n<title>Prefeitura confirma Falamansa e Cia do Calypso no 30\u00ba Arrai\u00e1 da Capital - PORTAL DE NOT\u00cdCIAS CLEITON PINHEIRO<\/title>\n<meta name=\"robots\" content=\"index, follow, max-snippet:-1, max-image-preview:large, max-video-preview:-1\" \/>\n<link rel=\"canonical\" href=\"https:\/\/cleitonpinheiro.com.br\/site\/prefeitura-confirma-com-falamansa-e-cia-do-calypso-no-arraia-da-capital\/\" \/>\n<meta property=\"og:locale\" content=\"pt_BR\" \/>\n<meta property=\"og:type\" content=\"article\" \/>\n<meta property=\"og:title\" content=\"Prefeitura confirma Falamansa e Cia do Calypso no 30\u00ba Arrai\u00e1 da Capital - PORTAL DE NOT\u00cdCIAS CLEITON PINHEIRO\" \/>\n<meta property=\"og:description\" content=\"Da Reda\u00e7\u00e3o do CP Not\u00edcias \u2018Rindo \u00e0 toa, dan\u00e7ando o xote da alegria\u2019, \u00e9 assim que quem gosta de forr\u00f3 em todos os estilos poder\u00e1 aproveitar o arrasta-p\u00e9 no 30\u00ba Arrai\u00e1 da Capital, que acontece no estacionamento do Est\u00e1dio Nilton Santos, de 22 a 26 de junho. Ser\u00e3o cinco noites para suar a camisa no [&hellip;]\" \/>\n<meta property=\"og:url\" content=\"https:\/\/cleitonpinheiro.com.br\/site\/prefeitura-confirma-com-falamansa-e-cia-do-calypso-no-arraia-da-capital\/\" \/>\n<meta property=\"og:site_name\" content=\"PORTAL DE NOT\u00cdCIAS CLEITON PINHEIRO\" \/>\n<meta property=\"article:publisher\" content=\"https:\/\/www.facebook.com\/portalcpnoticias\/\" \/>\n<meta property=\"article:published_time\" content=\"2022-06-14T17:15:46+00:00\" \/>\n<meta name=\"author\" content=\"Dermival Pereira\" \/>\n<meta name=\"twitter:card\" content=\"summary_large_image\" \/>\n<meta name=\"twitter:label1\" content=\"Escrito por\" \/>\n\t<meta name=\"twitter:data1\" content=\"Dermival Pereira\" \/>\n\t<meta name=\"twitter:label2\" content=\"Est. tempo de leitura\" \/>\n\t<meta name=\"twitter:data2\" content=\"2 minutos\" \/>\n<script type=\"application\/ld+json\" class=\"yoast-schema-graph\">{\"@context\":\"https:\/\/schema.org\",\"@graph\":[{\"@type\":\"Article\",\"@id\":\"https:\/\/cleitonpinheiro.com.br\/site\/prefeitura-confirma-com-falamansa-e-cia-do-calypso-no-arraia-da-capital\/#article\",\"isPartOf\":{\"@id\":\"https:\/\/cleitonpinheiro.com.br\/site\/prefeitura-confirma-com-falamansa-e-cia-do-calypso-no-arraia-da-capital\/\"},\"author\":{\"name\":\"Dermival Pereira\",\"@id\":\"https:\/\/cleitonpinheiro.com.br\/site\/#\/schema\/person\/aac6d7f311e80c43042e98a900b03cd8\"},\"headline\":\"Prefeitura confirma Falamansa e Cia do Calypso no 30\u00ba Arrai\u00e1 da Capital\",\"datePublished\":\"2022-06-14T17:15:46+00:00\",\"mainEntityOfPage\":{\"@id\":\"https:\/\/cleitonpinheiro.com.br\/site\/prefeitura-confirma-com-falamansa-e-cia-do-calypso-no-arraia-da-capital\/\"},\"wordCount\":378,\"commentCount\":0,\"publisher\":{\"@id\":\"https:\/\/cleitonpinheiro.com.br\/site\/#organization\"},\"image\":{\"@id\":\"https:\/\/cleitonpinheiro.com.br\/site\/prefeitura-confirma-com-falamansa-e-cia-do-calypso-no-arraia-da-capital\/#primaryimage\"},\"thumbnailUrl\":\"\",\"articleSection\":[\"NOT\u00cdCIAS EM DESTAQUE\",\"TODAS NOTICIAS\"],\"inLanguage\":\"pt-BR\",\"potentialAction\":[{\"@type\":\"CommentAction\",\"name\":\"Comment\",\"target\":[\"https:\/\/cleitonpinheiro.com.br\/site\/prefeitura-confirma-com-falamansa-e-cia-do-calypso-no-arraia-da-capital\/#respond\"]}]},{\"@type\":\"WebPage\",\"@id\":\"https:\/\/cleitonpinheiro.com.br\/site\/prefeitura-confirma-com-falamansa-e-cia-do-calypso-no-arraia-da-capital\/\",\"url\":\"https:\/\/cleitonpinheiro.com.br\/site\/prefeitura-confirma-com-falamansa-e-cia-do-calypso-no-arraia-da-capital\/\",\"name\":\"Prefeitura confirma Falamansa e Cia do Calypso no 30\u00ba Arrai\u00e1 da Capital - PORTAL DE NOT\u00cdCIAS CLEITON PINHEIRO\",\"isPartOf\":{\"@id\":\"https:\/\/cleitonpinheiro.com.br\/site\/#website\"},\"primaryImageOfPage\":{\"@id\":\"https:\/\/cleitonpinheiro.com.br\/site\/prefeitura-confirma-com-falamansa-e-cia-do-calypso-no-arraia-da-capital\/#primaryimage\"},\"image\":{\"@id\":\"https:\/\/cleitonpinheiro.com.br\/site\/prefeitura-confirma-com-falamansa-e-cia-do-calypso-no-arraia-da-capital\/#primaryimage\"},\"thumbnailUrl\":\"\",\"datePublished\":\"2022-06-14T17:15:46+00:00\",\"breadcrumb\":{\"@id\":\"https:\/\/cleitonpinheiro.com.br\/site\/prefeitura-confirma-com-falamansa-e-cia-do-calypso-no-arraia-da-capital\/#breadcrumb\"},\"inLanguage\":\"pt-BR\",\"potentialAction\":[{\"@type\":\"ReadAction\",\"target\":[\"https:\/\/cleitonpinheiro.com.br\/site\/prefeitura-confirma-com-falamansa-e-cia-do-calypso-no-arraia-da-capital\/\"]}]},{\"@type\":\"ImageObject\",\"inLanguage\":\"pt-BR\",\"@id\":\"https:\/\/cleitonpinheiro.com.br\/site\/prefeitura-confirma-com-falamansa-e-cia-do-calypso-no-arraia-da-capital\/#primaryimage\",\"url\":\"\",\"contentUrl\":\"\"},{\"@type\":\"BreadcrumbList\",\"@id\":\"https:\/\/cleitonpinheiro.com.br\/site\/prefeitura-confirma-com-falamansa-e-cia-do-calypso-no-arraia-da-capital\/#breadcrumb\",\"itemListElement\":[{\"@type\":\"ListItem\",\"position\":1,\"name\":\"In\u00edcio\",\"item\":\"https:\/\/cleitonpinheiro.com.br\/site\/\"},{\"@type\":\"ListItem\",\"position\":2,\"name\":\"Prefeitura confirma Falamansa e Cia do Calypso no 30\u00ba Arrai\u00e1 da Capital\"}]},{\"@type\":\"WebSite\",\"@id\":\"https:\/\/cleitonpinheiro.com.br\/site\/#website\",\"url\":\"https:\/\/cleitonpinheiro.com.br\/site\/\",\"name\":\"PORTAL DE NOT\u00cdCIAS CLEITON PINHEIRO\",\"description\":\"FALANDO A VERDADE\",\"publisher\":{\"@id\":\"https:\/\/cleitonpinheiro.com.br\/site\/#organization\"},\"potentialAction\":[{\"@type\":\"SearchAction\",\"target\":{\"@type\":\"EntryPoint\",\"urlTemplate\":\"https:\/\/cleitonpinheiro.com.br\/site\/?s={search_term_string}\"},\"query-input\":{\"@type\":\"PropertyValueSpecification\",\"valueRequired\":true,\"valueName\":\"search_term_string\"}}],\"inLanguage\":\"pt-BR\"},{\"@type\":\"Organization\",\"@id\":\"https:\/\/cleitonpinheiro.com.br\/site\/#organization\",\"name\":\"CPNOT\u00cdCIAS\",\"url\":\"https:\/\/cleitonpinheiro.com.br\/site\/\",\"logo\":{\"@type\":\"ImageObject\",\"inLanguage\":\"pt-BR\",\"@id\":\"https:\/\/cleitonpinheiro.com.br\/site\/#\/schema\/logo\/image\/\",\"url\":\"https:\/\/cleitonpinheiro.com.br\/site\/wp-content\/uploads\/2022\/08\/Logo-pequena-2.png\",\"contentUrl\":\"https:\/\/cleitonpinheiro.com.br\/site\/wp-content\/uploads\/2022\/08\/Logo-pequena-2.png\",\"width\":500,\"height\":500,\"caption\":\"CPNOT\u00cdCIAS\"},\"image\":{\"@id\":\"https:\/\/cleitonpinheiro.com.br\/site\/#\/schema\/logo\/image\/\"},\"sameAs\":[\"https:\/\/www.facebook.com\/portalcpnoticias\/\"]},{\"@type\":\"Person\",\"@id\":\"https:\/\/cleitonpinheiro.com.br\/site\/#\/schema\/person\/aac6d7f311e80c43042e98a900b03cd8\",\"name\":\"Dermival Pereira\",\"image\":{\"@type\":\"ImageObject\",\"inLanguage\":\"pt-BR\",\"@id\":\"https:\/\/cleitonpinheiro.com.br\/site\/#\/schema\/person\/image\/\",\"url\":\"https:\/\/secure.gravatar.com\/avatar\/cfaebf3742d6bf8db728bcba3eed6bee37b02337a2e6c822994f20ca72a3784d?s=96&r=g\",\"contentUrl\":\"https:\/\/secure.gravatar.com\/avatar\/cfaebf3742d6bf8db728bcba3eed6bee37b02337a2e6c822994f20ca72a3784d?s=96&r=g\",\"caption\":\"Dermival Pereira\"},\"url\":\"https:\/\/cleitonpinheiro.com.br\/site\/author\/dermival\/\"}]}<\/script>\n<!-- \/ Yoast SEO plugin. -->","yoast_head_json":{"title":"Prefeitura confirma Falamansa e Cia do Calypso no 30\u00ba Arrai\u00e1 da Capital - PORTAL DE NOT\u00cdCIAS CLEITON PINHEIRO","robots":{"index":"index","follow":"follow","max-snippet":"max-snippet:-1","max-image-preview":"max-image-preview:large","max-video-preview":"max-video-preview:-1"},"canonical":"https:\/\/cleitonpinheiro.com.br\/site\/prefeitura-confirma-com-falamansa-e-cia-do-calypso-no-arraia-da-capital\/","og_locale":"pt_BR","og_type":"article","og_title":"Prefeitura confirma Falamansa e Cia do Calypso no 30\u00ba Arrai\u00e1 da Capital - PORTAL DE NOT\u00cdCIAS CLEITON PINHEIRO","og_description":"Da Reda\u00e7\u00e3o do CP Not\u00edcias \u2018Rindo \u00e0 toa, dan\u00e7ando o xote da alegria\u2019, \u00e9 assim que quem gosta de forr\u00f3 em todos os estilos poder\u00e1 aproveitar o arrasta-p\u00e9 no 30\u00ba Arrai\u00e1 da Capital, que acontece no estacionamento do Est\u00e1dio Nilton Santos, de 22 a 26 de junho. Ser\u00e3o cinco noites para suar a camisa no [&hellip;]","og_url":"https:\/\/cleitonpinheiro.com.br\/site\/prefeitura-confirma-com-falamansa-e-cia-do-calypso-no-arraia-da-capital\/","og_site_name":"PORTAL DE NOT\u00cdCIAS CLEITON PINHEIRO","article_publisher":"https:\/\/www.facebook.com\/portalcpnoticias\/","article_published_time":"2022-06-14T17:15:46+00:00","author":"Dermival Pereira","twitter_card":"summary_large_image","twitter_misc":{"Escrito por":"Dermival Pereira","Est. tempo de leitura":"2 minutos"},"schema":{"@context":"https:\/\/schema.org","@graph":[{"@type":"Article","@id":"https:\/\/cleitonpinheiro.com.br\/site\/prefeitura-confirma-com-falamansa-e-cia-do-calypso-no-arraia-da-capital\/#article","isPartOf":{"@id":"https:\/\/cleitonpinheiro.com.br\/site\/prefeitura-confirma-com-falamansa-e-cia-do-calypso-no-arraia-da-capital\/"},"author":{"name":"Dermival Pereira","@id":"https:\/\/cleitonpinheiro.com.br\/site\/#\/schema\/person\/aac6d7f311e80c43042e98a900b03cd8"},"headline":"Prefeitura confirma Falamansa e Cia do Calypso no 30\u00ba Arrai\u00e1 da Capital","datePublished":"2022-06-14T17:15:46+00:00","mainEntityOfPage":{"@id":"https:\/\/cleitonpinheiro.com.br\/site\/prefeitura-confirma-com-falamansa-e-cia-do-calypso-no-arraia-da-capital\/"},"wordCount":378,"commentCount":0,"publisher":{"@id":"https:\/\/cleitonpinheiro.com.br\/site\/#organization"},"image":{"@id":"https:\/\/cleitonpinheiro.com.br\/site\/prefeitura-confirma-com-falamansa-e-cia-do-calypso-no-arraia-da-capital\/#primaryimage"},"thumbnailUrl":"","articleSection":["NOT\u00cdCIAS EM DESTAQUE","TODAS NOTICIAS"],"inLanguage":"pt-BR","potentialAction":[{"@type":"CommentAction","name":"Comment","target":["https:\/\/cleitonpinheiro.com.br\/site\/prefeitura-confirma-com-falamansa-e-cia-do-calypso-no-arraia-da-capital\/#respond"]}]},{"@type":"WebPage","@id":"https:\/\/cleitonpinheiro.com.br\/site\/prefeitura-confirma-com-falamansa-e-cia-do-calypso-no-arraia-da-capital\/","url":"https:\/\/cleitonpinheiro.com.br\/site\/prefeitura-confirma-com-falamansa-e-cia-do-calypso-no-arraia-da-capital\/","name":"Prefeitura confirma Falamansa e Cia do Calypso no 30\u00ba Arrai\u00e1 da Capital - PORTAL DE NOT\u00cdCIAS CLEITON PINHEIRO","isPartOf":{"@id":"https:\/\/cleitonpinheiro.com.br\/site\/#website"},"primaryImageOfPage":{"@id":"https:\/\/cleitonpinheiro.com.br\/site\/prefeitura-confirma-com-falamansa-e-cia-do-calypso-no-arraia-da-capital\/#primaryimage"},"image":{"@id":"https:\/\/cleitonpinheiro.com.br\/site\/prefeitura-confirma-com-falamansa-e-cia-do-calypso-no-arraia-da-capital\/#primaryimage"},"thumbnailUrl":"","datePublished":"2022-06-14T17:15:46+00:00","breadcrumb":{"@id":"https:\/\/cleitonpinheiro.com.br\/site\/prefeitura-confirma-com-falamansa-e-cia-do-calypso-no-arraia-da-capital\/#breadcrumb"},"inLanguage":"pt-BR","potentialAction":[{"@type":"ReadAction","target":["https:\/\/cleitonpinheiro.com.br\/site\/prefeitura-confirma-com-falamansa-e-cia-do-calypso-no-arraia-da-capital\/"]}]},{"@type":"ImageObject","inLanguage":"pt-BR","@id":"https:\/\/cleitonpinheiro.com.br\/site\/prefeitura-confirma-com-falamansa-e-cia-do-calypso-no-arraia-da-capital\/#primaryimage","url":"","contentUrl":""},{"@type":"BreadcrumbList","@id":"https:\/\/cleitonpinheiro.com.br\/site\/prefeitura-confirma-com-falamansa-e-cia-do-calypso-no-arraia-da-capital\/#breadcrumb","itemListElement":[{"@type":"ListItem","position":1,"name":"In\u00edcio","item":"https:\/\/cleitonpinheiro.com.br\/site\/"},{"@type":"ListItem","position":2,"name":"Prefeitura confirma Falamansa e Cia do Calypso no 30\u00ba Arrai\u00e1 da Capital"}]},{"@type":"WebSite","@id":"https:\/\/cleitonpinheiro.com.br\/site\/#website","url":"https:\/\/cleitonpinheiro.com.br\/site\/","name":"PORTAL DE NOT\u00cdCIAS CLEITON PINHEIRO","description":"FALANDO A VERDADE","publisher":{"@id":"https:\/\/cleitonpinheiro.com.br\/site\/#organization"},"potentialAction":[{"@type":"SearchAction","target":{"@type":"EntryPoint","urlTemplate":"https:\/\/cleitonpinheiro.com.br\/site\/?s={search_term_string}"},"query-input":{"@type":"PropertyValueSpecification","valueRequired":true,"valueName":"search_term_string"}}],"inLanguage":"pt-BR"},{"@type":"Organization","@id":"https:\/\/cleitonpinheiro.com.br\/site\/#organization","name":"CPNOT\u00cdCIAS","url":"https:\/\/cleitonpinheiro.com.br\/site\/","logo":{"@type":"ImageObject","inLanguage":"pt-BR","@id":"https:\/\/cleitonpinheiro.com.br\/site\/#\/schema\/logo\/image\/","url":"https:\/\/cleitonpinheiro.com.br\/site\/wp-content\/uploads\/2022\/08\/Logo-pequena-2.png","contentUrl":"https:\/\/cleitonpinheiro.com.br\/site\/wp-content\/uploads\/2022\/08\/Logo-pequena-2.png","width":500,"height":500,"caption":"CPNOT\u00cdCIAS"},"image":{"@id":"https:\/\/cleitonpinheiro.com.br\/site\/#\/schema\/logo\/image\/"},"sameAs":["https:\/\/www.facebook.com\/portalcpnoticias\/"]},{"@type":"Person","@id":"https:\/\/cleitonpinheiro.com.br\/site\/#\/schema\/person\/aac6d7f311e80c43042e98a900b03cd8","name":"Dermival Pereira","image":{"@type":"ImageObject","inLanguage":"pt-BR","@id":"https:\/\/cleitonpinheiro.com.br\/site\/#\/schema\/person\/image\/","url":"https:\/\/secure.gravatar.com\/avatar\/cfaebf3742d6bf8db728bcba3eed6bee37b02337a2e6c822994f20ca72a3784d?s=96&r=g","contentUrl":"https:\/\/secure.gravatar.com\/avatar\/cfaebf3742d6bf8db728bcba3eed6bee37b02337a2e6c822994f20ca72a3784d?s=96&r=g","caption":"Dermival Pereira"},"url":"https:\/\/cleitonpinheiro.com.br\/site\/author\/dermival\/"}]}},"views":202,"_links":{"self":[{"href":"https:\/\/cleitonpinheiro.com.br\/site\/wp-json\/wp\/v2\/posts\/59226","targetHints":{"allow":["GET"]}}],"collection":[{"href":"https:\/\/cleitonpinheiro.com.br\/site\/wp-json\/wp\/v2\/posts"}],"about":[{"href":"https:\/\/cleitonpinheiro.com.br\/site\/wp-json\/wp\/v2\/types\/post"}],"author":[{"embeddable":true,"href":"https:\/\/cleitonpinheiro.com.br\/site\/wp-json\/wp\/v2\/users\/4"}],"replies":[{"embeddable":true,"href":"https:\/\/cleitonpinheiro.com.br\/site\/wp-json\/wp\/v2\/comments?post=59226"}],"version-history":[{"count":0,"href":"https:\/\/cleitonpinheiro.com.br\/site\/wp-json\/wp\/v2\/posts\/59226\/revisions"}],"wp:featuredmedia":[{"embeddable":true,"href":"https:\/\/cleitonpinheiro.com.br\/site\/wp-json\/"}],"wp:attachment":[{"href":"https:\/\/cleitonpinheiro.com.br\/site\/wp-json\/wp\/v2\/media?parent=59226"}],"wp:term":[{"taxonomy":"category","embeddable":true,"href":"https:\/\/cleitonpinheiro.com.br\/site\/wp-json\/wp\/v2\/categories?post=59226"},{"taxonomy":"post_tag","embeddable":true,"href":"https:\/\/cleitonpinheiro.com.br\/site\/wp-json\/wp\/v2\/tags?post=59226"}],"curies":[{"name":"wp","href":"https:\/\/api.w.org\/{rel}","templated":true}]}}