{"id":59236,"date":"2022-06-14T19:21:14","date_gmt":"2022-06-14T22:21:14","guid":{"rendered":"https:\/\/cleitonpinheiro.com.br\/portal\/?p=59236"},"modified":"2022-06-14T19:21:14","modified_gmt":"2022-06-14T22:21:14","slug":"arraia-da-capital-quadrilhas-juninas-contam-historias-por-meio-da-danca","status":"publish","type":"post","link":"https:\/\/cleitonpinheiro.com.br\/site\/arraia-da-capital-quadrilhas-juninas-contam-historias-por-meio-da-danca\/","title":{"rendered":"Arrai\u00e1 da Capital: quadrilhas juninas contam hist\u00f3rias por meio da dan\u00e7a"},"content":{"rendered":"\n<p><strong><em><u>Da Reda\u00e7\u00e3o do CP Not\u00edcias<\/u><\/em><\/strong><\/p>\n\n\n<figure class=\"wp-block-image size-full\"><img decoding=\"async\" src=\"https:\/\/cleitonpinheiro.com.br\/portal\/wp-content\/uploads\/2022\/06\/Design-sem-nome-2022-06-14T181933-compressed.jpg\" alt=\"\" class=\"wp-image-59237\"\/><figcaption>Foto: Lia Mara\/Secom de Palmas<\/figcaption><\/figure>\n\n\n<p>A coreografia est\u00e1 presente desde a defini\u00e7\u00e3o do tema da quadrilha junina e tem grande influ\u00eancia na constru\u00e7\u00e3o da hist\u00f3ria, junto com as pesquisas e escolha das m\u00fasicas. Por ess\u00eancia, a quadrilha junina \u00e9 uma apresenta\u00e7\u00e3o de dan\u00e7a, que conta uma hist\u00f3ria e usa outros elementos para enriquecer o espet\u00e1culo, como os figurinos coloridos e cheios de formas, o teatro, a poesia, a rima, o repente e a m\u00fasica. \u201cA quadrilha \u00e9 uma dan\u00e7a muito complexa e a coreografia come\u00e7a a ser constru\u00edda em fevereiro, temos os primeiros casais e come\u00e7amos a trabalhar. N\u00f3s somos tr\u00eas core\u00f3grafos na Arrasta P\u00e9 da Liberdade e n\u00e3o \u00e9 um trabalho f\u00e1cil, mas \u00e9 maravilhoso\u201d, explica o dan\u00e7arino e core\u00f3grafo Thiago Jos\u00e9 dos Santos.<br \/><br \/>A coreografia evolui conforme os ensaios. Os blocos s\u00e3o montados integrando a hist\u00f3ria \u00e0 dan\u00e7a. \u201cS\u00e3o meses de ensaios intensos, os casais com uma evolu\u00e7\u00e3o melhor ficam na frente, conduzindo os demais. Temos essa primeira defini\u00e7\u00e3o dos casais, fazemos a montagem do espet\u00e1culo; depois fazemos a limpeza, que s\u00e3o os passos que n\u00e3o est\u00e3o dando certo ou movimentos que precisamos mudar; entramos com as marca\u00e7\u00f5es do grito do grupo, da sintonia; e a\u00ed introduzimos o teatro. Depois \u00e9 ensaiar tudo junto e aperfei\u00e7oar\u201d, detalha Thiago.<br \/>&nbsp;<\/p>\n\n\n<p>Thiago destaca que as juninas exigem trabalho intenso dos core\u00f3grafos para garantir a sincronia do grupo, pois s\u00e3o muitos casais e muitas marca\u00e7\u00f5es. \u201cA coreografia precisa trazer uma complexidade e riqueza, levamos muitos passos do bal\u00e9 e da dan\u00e7a de sal\u00e3o para a quadrilha e assim deixar o espet\u00e1culo ainda mais grandioso. Mas, temos que considerar tamb\u00e9m que os participantes, no geral, n\u00e3o s\u00e3o dan\u00e7arinos profissionais.\u201d<br \/><br \/>Thayn\u00e1 Baldu\u00edno, que tamb\u00e9m \u00e9 core\u00f3grafa da Arrasta P\u00e9 da Liberdade, lembra que um quesito importante na apresenta\u00e7\u00e3o e considerado pelos jurados \u00e9 a coreografia, que precisa apresentar uma complexidade e passos diferentes. Thayn\u00e1 tamb\u00e9m \u00e9 a rainha da Arrasta P\u00e9 da Liberdade, demonstrando que trabalhar com quadrilha junina \u00e9 se apaixonar e integrar essa festa da cultura brasileira. Thiago e Thayn\u00e1 s\u00e3o professores de dan\u00e7a na Escola ContraTempo Dan\u00e7a de Sal\u00e3o. Thiago dan\u00e7a desde 2005 e tem gradua\u00e7\u00e3o em Artes e Teatro, e Thayn\u00e1 \u00e9 bailarina, ensina bal\u00e9 e dan\u00e7a de sal\u00e3o.<br \/>&nbsp;<\/p>\n\n\n<p>A quadrilha junina vai al\u00e9m do esplendor das apresenta\u00e7\u00f5es, com a riqueza do espet\u00e1culo que engaja dezenas de pessoas. Ela tamb\u00e9m fomenta a economia criativa com a contrata\u00e7\u00e3o de artistas como os core\u00f3grafos. \u201c\u00c9 uma forma de incentivar o artista da dan\u00e7a e de valorizar os profissionais daqui de Palmas e do Tocantins\u201d, avalia Thiago. Al\u00e9m da dan\u00e7a, a maior festa junina do Norte do Brasil fomenta uma cadeia de servi\u00e7os, como composi\u00e7\u00e3o e grava\u00e7\u00e3o de m\u00fasicas; loca\u00e7\u00e3o de est\u00fadio e banda; estilista para os figurinos; costureiras; bordadeiras; maquiagem e cabelo; artes\u00e3os etc.<br \/>&nbsp;<\/p>\n\n\n<p>O 30\u00ba Arrai\u00e1 da Capital come\u00e7a no dia 22 deste m\u00eas, no estacionamento do Est\u00e1dio Nilton Santos, em Palmas (TO). Ser\u00e3o cinco noites com a apresenta\u00e7\u00e3o de 14 quadrilhas juninas na Capital tocantinense, contando ainda com 19 shows, dos quais dois s\u00e3o nacionais, Falamansa e Companhia do Calypso.<\/p>\n","protected":false},"excerpt":{"rendered":"<p>Da Reda\u00e7\u00e3o do CP Not\u00edcias A coreografia est\u00e1 presente desde a defini\u00e7\u00e3o do tema da quadrilha junina e tem grande influ\u00eancia na constru\u00e7\u00e3o da hist\u00f3ria, junto com as pesquisas e escolha das m\u00fasicas. Por ess\u00eancia, a quadrilha junina \u00e9 uma apresenta\u00e7\u00e3o de dan\u00e7a, que conta uma hist\u00f3ria e usa outros elementos para enriquecer o espet\u00e1culo, [&hellip;]<\/p>\n","protected":false},"author":4,"featured_media":59237,"comment_status":"open","ping_status":"open","sticky":false,"template":"","format":"standard","meta":{"_acf_changed":false,"footnotes":""},"categories":[20,21],"tags":[],"class_list":["post-59236","post","type-post","status-publish","format-standard","has-post-thumbnail","hentry","category-noticias-em-destaque","category-todas-noticias"],"acf":[],"yoast_head":"<!-- This site is optimized with the Yoast SEO plugin v24.4 - https:\/\/yoast.com\/wordpress\/plugins\/seo\/ -->\n<title>Arrai\u00e1 da Capital: quadrilhas juninas contam hist\u00f3rias por meio da dan\u00e7a - PORTAL DE NOT\u00cdCIAS CLEITON PINHEIRO<\/title>\n<meta name=\"robots\" content=\"index, follow, max-snippet:-1, max-image-preview:large, max-video-preview:-1\" \/>\n<link rel=\"canonical\" href=\"https:\/\/cleitonpinheiro.com.br\/site\/arraia-da-capital-quadrilhas-juninas-contam-historias-por-meio-da-danca\/\" \/>\n<meta property=\"og:locale\" content=\"pt_BR\" \/>\n<meta property=\"og:type\" content=\"article\" \/>\n<meta property=\"og:title\" content=\"Arrai\u00e1 da Capital: quadrilhas juninas contam hist\u00f3rias por meio da dan\u00e7a - PORTAL DE NOT\u00cdCIAS CLEITON PINHEIRO\" \/>\n<meta property=\"og:description\" content=\"Da Reda\u00e7\u00e3o do CP Not\u00edcias A coreografia est\u00e1 presente desde a defini\u00e7\u00e3o do tema da quadrilha junina e tem grande influ\u00eancia na constru\u00e7\u00e3o da hist\u00f3ria, junto com as pesquisas e escolha das m\u00fasicas. Por ess\u00eancia, a quadrilha junina \u00e9 uma apresenta\u00e7\u00e3o de dan\u00e7a, que conta uma hist\u00f3ria e usa outros elementos para enriquecer o espet\u00e1culo, [&hellip;]\" \/>\n<meta property=\"og:url\" content=\"https:\/\/cleitonpinheiro.com.br\/site\/arraia-da-capital-quadrilhas-juninas-contam-historias-por-meio-da-danca\/\" \/>\n<meta property=\"og:site_name\" content=\"PORTAL DE NOT\u00cdCIAS CLEITON PINHEIRO\" \/>\n<meta property=\"article:publisher\" content=\"https:\/\/www.facebook.com\/portalcpnoticias\/\" \/>\n<meta property=\"article:published_time\" content=\"2022-06-14T22:21:14+00:00\" \/>\n<meta name=\"author\" content=\"Dermival Pereira\" \/>\n<meta name=\"twitter:card\" content=\"summary_large_image\" \/>\n<meta name=\"twitter:label1\" content=\"Escrito por\" \/>\n\t<meta name=\"twitter:data1\" content=\"Dermival Pereira\" \/>\n\t<meta name=\"twitter:label2\" content=\"Est. tempo de leitura\" \/>\n\t<meta name=\"twitter:data2\" content=\"3 minutos\" \/>\n<script type=\"application\/ld+json\" class=\"yoast-schema-graph\">{\"@context\":\"https:\/\/schema.org\",\"@graph\":[{\"@type\":\"Article\",\"@id\":\"https:\/\/cleitonpinheiro.com.br\/site\/arraia-da-capital-quadrilhas-juninas-contam-historias-por-meio-da-danca\/#article\",\"isPartOf\":{\"@id\":\"https:\/\/cleitonpinheiro.com.br\/site\/arraia-da-capital-quadrilhas-juninas-contam-historias-por-meio-da-danca\/\"},\"author\":{\"name\":\"Dermival Pereira\",\"@id\":\"https:\/\/cleitonpinheiro.com.br\/site\/#\/schema\/person\/aac6d7f311e80c43042e98a900b03cd8\"},\"headline\":\"Arrai\u00e1 da Capital: quadrilhas juninas contam hist\u00f3rias por meio da dan\u00e7a\",\"datePublished\":\"2022-06-14T22:21:14+00:00\",\"mainEntityOfPage\":{\"@id\":\"https:\/\/cleitonpinheiro.com.br\/site\/arraia-da-capital-quadrilhas-juninas-contam-historias-por-meio-da-danca\/\"},\"wordCount\":596,\"commentCount\":0,\"publisher\":{\"@id\":\"https:\/\/cleitonpinheiro.com.br\/site\/#organization\"},\"image\":{\"@id\":\"https:\/\/cleitonpinheiro.com.br\/site\/arraia-da-capital-quadrilhas-juninas-contam-historias-por-meio-da-danca\/#primaryimage\"},\"thumbnailUrl\":\"\",\"articleSection\":[\"NOT\u00cdCIAS EM DESTAQUE\",\"TODAS NOTICIAS\"],\"inLanguage\":\"pt-BR\",\"potentialAction\":[{\"@type\":\"CommentAction\",\"name\":\"Comment\",\"target\":[\"https:\/\/cleitonpinheiro.com.br\/site\/arraia-da-capital-quadrilhas-juninas-contam-historias-por-meio-da-danca\/#respond\"]}]},{\"@type\":\"WebPage\",\"@id\":\"https:\/\/cleitonpinheiro.com.br\/site\/arraia-da-capital-quadrilhas-juninas-contam-historias-por-meio-da-danca\/\",\"url\":\"https:\/\/cleitonpinheiro.com.br\/site\/arraia-da-capital-quadrilhas-juninas-contam-historias-por-meio-da-danca\/\",\"name\":\"Arrai\u00e1 da Capital: quadrilhas juninas contam hist\u00f3rias por meio da dan\u00e7a - PORTAL DE NOT\u00cdCIAS CLEITON PINHEIRO\",\"isPartOf\":{\"@id\":\"https:\/\/cleitonpinheiro.com.br\/site\/#website\"},\"primaryImageOfPage\":{\"@id\":\"https:\/\/cleitonpinheiro.com.br\/site\/arraia-da-capital-quadrilhas-juninas-contam-historias-por-meio-da-danca\/#primaryimage\"},\"image\":{\"@id\":\"https:\/\/cleitonpinheiro.com.br\/site\/arraia-da-capital-quadrilhas-juninas-contam-historias-por-meio-da-danca\/#primaryimage\"},\"thumbnailUrl\":\"\",\"datePublished\":\"2022-06-14T22:21:14+00:00\",\"breadcrumb\":{\"@id\":\"https:\/\/cleitonpinheiro.com.br\/site\/arraia-da-capital-quadrilhas-juninas-contam-historias-por-meio-da-danca\/#breadcrumb\"},\"inLanguage\":\"pt-BR\",\"potentialAction\":[{\"@type\":\"ReadAction\",\"target\":[\"https:\/\/cleitonpinheiro.com.br\/site\/arraia-da-capital-quadrilhas-juninas-contam-historias-por-meio-da-danca\/\"]}]},{\"@type\":\"ImageObject\",\"inLanguage\":\"pt-BR\",\"@id\":\"https:\/\/cleitonpinheiro.com.br\/site\/arraia-da-capital-quadrilhas-juninas-contam-historias-por-meio-da-danca\/#primaryimage\",\"url\":\"\",\"contentUrl\":\"\"},{\"@type\":\"BreadcrumbList\",\"@id\":\"https:\/\/cleitonpinheiro.com.br\/site\/arraia-da-capital-quadrilhas-juninas-contam-historias-por-meio-da-danca\/#breadcrumb\",\"itemListElement\":[{\"@type\":\"ListItem\",\"position\":1,\"name\":\"In\u00edcio\",\"item\":\"https:\/\/cleitonpinheiro.com.br\/site\/\"},{\"@type\":\"ListItem\",\"position\":2,\"name\":\"Arrai\u00e1 da Capital: quadrilhas juninas contam hist\u00f3rias por meio da dan\u00e7a\"}]},{\"@type\":\"WebSite\",\"@id\":\"https:\/\/cleitonpinheiro.com.br\/site\/#website\",\"url\":\"https:\/\/cleitonpinheiro.com.br\/site\/\",\"name\":\"PORTAL DE NOT\u00cdCIAS CLEITON PINHEIRO\",\"description\":\"FALANDO A VERDADE\",\"publisher\":{\"@id\":\"https:\/\/cleitonpinheiro.com.br\/site\/#organization\"},\"potentialAction\":[{\"@type\":\"SearchAction\",\"target\":{\"@type\":\"EntryPoint\",\"urlTemplate\":\"https:\/\/cleitonpinheiro.com.br\/site\/?s={search_term_string}\"},\"query-input\":{\"@type\":\"PropertyValueSpecification\",\"valueRequired\":true,\"valueName\":\"search_term_string\"}}],\"inLanguage\":\"pt-BR\"},{\"@type\":\"Organization\",\"@id\":\"https:\/\/cleitonpinheiro.com.br\/site\/#organization\",\"name\":\"CPNOT\u00cdCIAS\",\"url\":\"https:\/\/cleitonpinheiro.com.br\/site\/\",\"logo\":{\"@type\":\"ImageObject\",\"inLanguage\":\"pt-BR\",\"@id\":\"https:\/\/cleitonpinheiro.com.br\/site\/#\/schema\/logo\/image\/\",\"url\":\"https:\/\/cleitonpinheiro.com.br\/site\/wp-content\/uploads\/2022\/08\/Logo-pequena-2.png\",\"contentUrl\":\"https:\/\/cleitonpinheiro.com.br\/site\/wp-content\/uploads\/2022\/08\/Logo-pequena-2.png\",\"width\":500,\"height\":500,\"caption\":\"CPNOT\u00cdCIAS\"},\"image\":{\"@id\":\"https:\/\/cleitonpinheiro.com.br\/site\/#\/schema\/logo\/image\/\"},\"sameAs\":[\"https:\/\/www.facebook.com\/portalcpnoticias\/\"]},{\"@type\":\"Person\",\"@id\":\"https:\/\/cleitonpinheiro.com.br\/site\/#\/schema\/person\/aac6d7f311e80c43042e98a900b03cd8\",\"name\":\"Dermival Pereira\",\"image\":{\"@type\":\"ImageObject\",\"inLanguage\":\"pt-BR\",\"@id\":\"https:\/\/cleitonpinheiro.com.br\/site\/#\/schema\/person\/image\/\",\"url\":\"https:\/\/secure.gravatar.com\/avatar\/cfaebf3742d6bf8db728bcba3eed6bee37b02337a2e6c822994f20ca72a3784d?s=96&r=g\",\"contentUrl\":\"https:\/\/secure.gravatar.com\/avatar\/cfaebf3742d6bf8db728bcba3eed6bee37b02337a2e6c822994f20ca72a3784d?s=96&r=g\",\"caption\":\"Dermival Pereira\"},\"url\":\"https:\/\/cleitonpinheiro.com.br\/site\/author\/dermival\/\"}]}<\/script>\n<!-- \/ Yoast SEO plugin. -->","yoast_head_json":{"title":"Arrai\u00e1 da Capital: quadrilhas juninas contam hist\u00f3rias por meio da dan\u00e7a - PORTAL DE NOT\u00cdCIAS CLEITON PINHEIRO","robots":{"index":"index","follow":"follow","max-snippet":"max-snippet:-1","max-image-preview":"max-image-preview:large","max-video-preview":"max-video-preview:-1"},"canonical":"https:\/\/cleitonpinheiro.com.br\/site\/arraia-da-capital-quadrilhas-juninas-contam-historias-por-meio-da-danca\/","og_locale":"pt_BR","og_type":"article","og_title":"Arrai\u00e1 da Capital: quadrilhas juninas contam hist\u00f3rias por meio da dan\u00e7a - PORTAL DE NOT\u00cdCIAS CLEITON PINHEIRO","og_description":"Da Reda\u00e7\u00e3o do CP Not\u00edcias A coreografia est\u00e1 presente desde a defini\u00e7\u00e3o do tema da quadrilha junina e tem grande influ\u00eancia na constru\u00e7\u00e3o da hist\u00f3ria, junto com as pesquisas e escolha das m\u00fasicas. Por ess\u00eancia, a quadrilha junina \u00e9 uma apresenta\u00e7\u00e3o de dan\u00e7a, que conta uma hist\u00f3ria e usa outros elementos para enriquecer o espet\u00e1culo, [&hellip;]","og_url":"https:\/\/cleitonpinheiro.com.br\/site\/arraia-da-capital-quadrilhas-juninas-contam-historias-por-meio-da-danca\/","og_site_name":"PORTAL DE NOT\u00cdCIAS CLEITON PINHEIRO","article_publisher":"https:\/\/www.facebook.com\/portalcpnoticias\/","article_published_time":"2022-06-14T22:21:14+00:00","author":"Dermival Pereira","twitter_card":"summary_large_image","twitter_misc":{"Escrito por":"Dermival Pereira","Est. tempo de leitura":"3 minutos"},"schema":{"@context":"https:\/\/schema.org","@graph":[{"@type":"Article","@id":"https:\/\/cleitonpinheiro.com.br\/site\/arraia-da-capital-quadrilhas-juninas-contam-historias-por-meio-da-danca\/#article","isPartOf":{"@id":"https:\/\/cleitonpinheiro.com.br\/site\/arraia-da-capital-quadrilhas-juninas-contam-historias-por-meio-da-danca\/"},"author":{"name":"Dermival Pereira","@id":"https:\/\/cleitonpinheiro.com.br\/site\/#\/schema\/person\/aac6d7f311e80c43042e98a900b03cd8"},"headline":"Arrai\u00e1 da Capital: quadrilhas juninas contam hist\u00f3rias por meio da dan\u00e7a","datePublished":"2022-06-14T22:21:14+00:00","mainEntityOfPage":{"@id":"https:\/\/cleitonpinheiro.com.br\/site\/arraia-da-capital-quadrilhas-juninas-contam-historias-por-meio-da-danca\/"},"wordCount":596,"commentCount":0,"publisher":{"@id":"https:\/\/cleitonpinheiro.com.br\/site\/#organization"},"image":{"@id":"https:\/\/cleitonpinheiro.com.br\/site\/arraia-da-capital-quadrilhas-juninas-contam-historias-por-meio-da-danca\/#primaryimage"},"thumbnailUrl":"","articleSection":["NOT\u00cdCIAS EM DESTAQUE","TODAS NOTICIAS"],"inLanguage":"pt-BR","potentialAction":[{"@type":"CommentAction","name":"Comment","target":["https:\/\/cleitonpinheiro.com.br\/site\/arraia-da-capital-quadrilhas-juninas-contam-historias-por-meio-da-danca\/#respond"]}]},{"@type":"WebPage","@id":"https:\/\/cleitonpinheiro.com.br\/site\/arraia-da-capital-quadrilhas-juninas-contam-historias-por-meio-da-danca\/","url":"https:\/\/cleitonpinheiro.com.br\/site\/arraia-da-capital-quadrilhas-juninas-contam-historias-por-meio-da-danca\/","name":"Arrai\u00e1 da Capital: quadrilhas juninas contam hist\u00f3rias por meio da dan\u00e7a - PORTAL DE NOT\u00cdCIAS CLEITON PINHEIRO","isPartOf":{"@id":"https:\/\/cleitonpinheiro.com.br\/site\/#website"},"primaryImageOfPage":{"@id":"https:\/\/cleitonpinheiro.com.br\/site\/arraia-da-capital-quadrilhas-juninas-contam-historias-por-meio-da-danca\/#primaryimage"},"image":{"@id":"https:\/\/cleitonpinheiro.com.br\/site\/arraia-da-capital-quadrilhas-juninas-contam-historias-por-meio-da-danca\/#primaryimage"},"thumbnailUrl":"","datePublished":"2022-06-14T22:21:14+00:00","breadcrumb":{"@id":"https:\/\/cleitonpinheiro.com.br\/site\/arraia-da-capital-quadrilhas-juninas-contam-historias-por-meio-da-danca\/#breadcrumb"},"inLanguage":"pt-BR","potentialAction":[{"@type":"ReadAction","target":["https:\/\/cleitonpinheiro.com.br\/site\/arraia-da-capital-quadrilhas-juninas-contam-historias-por-meio-da-danca\/"]}]},{"@type":"ImageObject","inLanguage":"pt-BR","@id":"https:\/\/cleitonpinheiro.com.br\/site\/arraia-da-capital-quadrilhas-juninas-contam-historias-por-meio-da-danca\/#primaryimage","url":"","contentUrl":""},{"@type":"BreadcrumbList","@id":"https:\/\/cleitonpinheiro.com.br\/site\/arraia-da-capital-quadrilhas-juninas-contam-historias-por-meio-da-danca\/#breadcrumb","itemListElement":[{"@type":"ListItem","position":1,"name":"In\u00edcio","item":"https:\/\/cleitonpinheiro.com.br\/site\/"},{"@type":"ListItem","position":2,"name":"Arrai\u00e1 da Capital: quadrilhas juninas contam hist\u00f3rias por meio da dan\u00e7a"}]},{"@type":"WebSite","@id":"https:\/\/cleitonpinheiro.com.br\/site\/#website","url":"https:\/\/cleitonpinheiro.com.br\/site\/","name":"PORTAL DE NOT\u00cdCIAS CLEITON PINHEIRO","description":"FALANDO A VERDADE","publisher":{"@id":"https:\/\/cleitonpinheiro.com.br\/site\/#organization"},"potentialAction":[{"@type":"SearchAction","target":{"@type":"EntryPoint","urlTemplate":"https:\/\/cleitonpinheiro.com.br\/site\/?s={search_term_string}"},"query-input":{"@type":"PropertyValueSpecification","valueRequired":true,"valueName":"search_term_string"}}],"inLanguage":"pt-BR"},{"@type":"Organization","@id":"https:\/\/cleitonpinheiro.com.br\/site\/#organization","name":"CPNOT\u00cdCIAS","url":"https:\/\/cleitonpinheiro.com.br\/site\/","logo":{"@type":"ImageObject","inLanguage":"pt-BR","@id":"https:\/\/cleitonpinheiro.com.br\/site\/#\/schema\/logo\/image\/","url":"https:\/\/cleitonpinheiro.com.br\/site\/wp-content\/uploads\/2022\/08\/Logo-pequena-2.png","contentUrl":"https:\/\/cleitonpinheiro.com.br\/site\/wp-content\/uploads\/2022\/08\/Logo-pequena-2.png","width":500,"height":500,"caption":"CPNOT\u00cdCIAS"},"image":{"@id":"https:\/\/cleitonpinheiro.com.br\/site\/#\/schema\/logo\/image\/"},"sameAs":["https:\/\/www.facebook.com\/portalcpnoticias\/"]},{"@type":"Person","@id":"https:\/\/cleitonpinheiro.com.br\/site\/#\/schema\/person\/aac6d7f311e80c43042e98a900b03cd8","name":"Dermival Pereira","image":{"@type":"ImageObject","inLanguage":"pt-BR","@id":"https:\/\/cleitonpinheiro.com.br\/site\/#\/schema\/person\/image\/","url":"https:\/\/secure.gravatar.com\/avatar\/cfaebf3742d6bf8db728bcba3eed6bee37b02337a2e6c822994f20ca72a3784d?s=96&r=g","contentUrl":"https:\/\/secure.gravatar.com\/avatar\/cfaebf3742d6bf8db728bcba3eed6bee37b02337a2e6c822994f20ca72a3784d?s=96&r=g","caption":"Dermival Pereira"},"url":"https:\/\/cleitonpinheiro.com.br\/site\/author\/dermival\/"}]}},"views":199,"_links":{"self":[{"href":"https:\/\/cleitonpinheiro.com.br\/site\/wp-json\/wp\/v2\/posts\/59236","targetHints":{"allow":["GET"]}}],"collection":[{"href":"https:\/\/cleitonpinheiro.com.br\/site\/wp-json\/wp\/v2\/posts"}],"about":[{"href":"https:\/\/cleitonpinheiro.com.br\/site\/wp-json\/wp\/v2\/types\/post"}],"author":[{"embeddable":true,"href":"https:\/\/cleitonpinheiro.com.br\/site\/wp-json\/wp\/v2\/users\/4"}],"replies":[{"embeddable":true,"href":"https:\/\/cleitonpinheiro.com.br\/site\/wp-json\/wp\/v2\/comments?post=59236"}],"version-history":[{"count":0,"href":"https:\/\/cleitonpinheiro.com.br\/site\/wp-json\/wp\/v2\/posts\/59236\/revisions"}],"wp:featuredmedia":[{"embeddable":true,"href":"https:\/\/cleitonpinheiro.com.br\/site\/wp-json\/"}],"wp:attachment":[{"href":"https:\/\/cleitonpinheiro.com.br\/site\/wp-json\/wp\/v2\/media?parent=59236"}],"wp:term":[{"taxonomy":"category","embeddable":true,"href":"https:\/\/cleitonpinheiro.com.br\/site\/wp-json\/wp\/v2\/categories?post=59236"},{"taxonomy":"post_tag","embeddable":true,"href":"https:\/\/cleitonpinheiro.com.br\/site\/wp-json\/wp\/v2\/tags?post=59236"}],"curies":[{"name":"wp","href":"https:\/\/api.w.org\/{rel}","templated":true}]}}