{"id":59262,"date":"2022-06-15T09:56:16","date_gmt":"2022-06-15T12:56:16","guid":{"rendered":"https:\/\/cleitonpinheiro.com.br\/portal\/?p=59262"},"modified":"2022-06-15T09:56:16","modified_gmt":"2022-06-15T12:56:16","slug":"mais-saude-leva-vacinacao-para-alunos-e-moradores-do-aureny-iii-nesta-quarta","status":"publish","type":"post","link":"https:\/\/cleitonpinheiro.com.br\/site\/mais-saude-leva-vacinacao-para-alunos-e-moradores-do-aureny-iii-nesta-quarta\/","title":{"rendered":"Mais Sa\u00fade leva vacina\u00e7\u00e3o para alunos e moradores do Aureny III nesta quarta"},"content":{"rendered":"\n<p><strong><em><u>Da Reda\u00e7\u00e3o do CP Not\u00edcias<\/u><\/em><\/strong><\/p>\n\n\n<figure class=\"wp-block-image size-full\"><img decoding=\"async\" src=\"https:\/\/cleitonpinheiro.com.br\/portal\/wp-content\/uploads\/2022\/06\/Design-sem-nome-2022-06-15T095512-compressed.jpg\" alt=\"\" class=\"wp-image-59263\"\/><figcaption>Foto: Raiza Milhomem\/Secom de Palmas<\/figcaption><\/figure>\n\n\n<p>O Bus\u00e3o do Mais Sa\u00fade levar\u00e1 nesta quarta-feira, 15, a vacina\u00e7\u00e3o da Covid-19, Influenza (gripe) e Tr\u00edplice Viral (sarampo, rub\u00e9ola e caxumba) para o Jardim Aureny III. A unidade m\u00f3vel da Secretaria Municipal da Sa\u00fade de Palmas (Semus) ficar\u00e1 estacionada das 10 \u00e0s 18 horas em frente a Escola Municipal Rosemir Fernandes de Souza, localizada na Rua 32 do bairro, e atender\u00e1 a comunidade escolar e os moradores do bairro. Para receber a imuniza\u00e7\u00e3o, \u00e9 necess\u00e1rio apresentar documentos pessoais (RG e CPF), cart\u00e3o de vacina e o cart\u00e3o do Sistema \u00danico de Sa\u00fade (SUS).<\/p>\n\n\n<p>Denominada de \u2018F\u00e9rias Imunizadas\u2019, a a\u00e7\u00e3o em frente a Escola Rosemir Fernandes est\u00e1 sendo desenvolvida junto com a Secretaria Municipal da Educa\u00e7\u00e3o (Semed), que est\u00e1 mobilizando alunos e seus pais para que compare\u00e7am no local e atualizem o cart\u00e3o de vacina. Conforme o gerente da Central Municipal de Rede de Frio (Cemurf), Hugo Botelho, brevemente outras escolas da rede municipal ser\u00e3o atendidas pelo Bus\u00e3o. Segundo ele, o objetivo \u00e9 facilitar o acesso \u00e0s vacinas da campanha aos alunos e seus pais, bem como a todos os moradores dos bairros onde as escolas est\u00e3o localizadas.<\/p>\n\n\n<p>A Semus informa que as doses dos imunizantes da Covid-19 est\u00e3o liberadas para o p\u00fablico a partir dos 12 anos de idade, durante o Bus\u00e3o Itinerante. A Semus refor\u00e7a que tamb\u00e9m est\u00e1 liberada a quarta dose para trabalhadores da sa\u00fade e o p\u00fablico com mais de 50 anos e a terceira dose para o p\u00fablico de 12 a 17 anos. Na a\u00e7\u00e3o desta quarta, 15, estar\u00e1 dispon\u00edvel tamb\u00e9m o imunizante da Coronavac para aplica\u00e7\u00e3o em crian\u00e7as de seis a 11 anos.<\/p>\n\n\n<p><br \/>A vacina\u00e7\u00e3o contra a gripe est\u00e1 dispon\u00edvel para a popula\u00e7\u00e3o acima de 60 anos, crian\u00e7as de seis meses a quatro anos, trabalhadores da sa\u00fade, gestantes, pu\u00e9rperas at\u00e9 45 dias p\u00f3s-parto, ind\u00edgenas, professores, portadores de doen\u00e7as cr\u00f4nicas, pessoas com defici\u00eancia permanente, trabalhadores do transporte coletivo, caminhoneiros, trabalhadores portu\u00e1rios, for\u00e7as de seguran\u00e7a, popula\u00e7\u00e3o privada de liberdade e funcion\u00e1rios do sistema prisional.<\/p>\n\n\n<p>A vacina da tr\u00edplice viral, por sua vez, \u00e9 voltada para trabalhadores da sa\u00fade e crian\u00e7as de seis meses a quatro anos de idade.<br \/>&nbsp;<\/p>\n\n\n<p><strong>Col\u00e9gio Militar<\/strong><\/p>\n\n\n<p>Nesta ter\u00e7a-feira, 14, o Bus\u00e3o do Mais Sa\u00fade j\u00e1 atendeu no estacionamento da Pol\u00edcia Rodovi\u00e1ria Federal (PRF-TO), na quadra\u00a0AANO 20 (201 Norte), e das16h30 at\u00e9 as 18h30 estar\u00e1 no\u00a0Col\u00e9gio Militar da Arne 24 (208 Norte).\u00a0<em><strong>(Fonte: Sescom de Palmas).<\/strong><\/em><\/p>\n","protected":false},"excerpt":{"rendered":"<p>Da Reda\u00e7\u00e3o do CP Not\u00edcias O Bus\u00e3o do Mais Sa\u00fade levar\u00e1 nesta quarta-feira, 15, a vacina\u00e7\u00e3o da Covid-19, Influenza (gripe) e Tr\u00edplice Viral (sarampo, rub\u00e9ola e caxumba) para o Jardim Aureny III. A unidade m\u00f3vel da Secretaria Municipal da Sa\u00fade de Palmas (Semus) ficar\u00e1 estacionada das 10 \u00e0s 18 horas em frente a Escola Municipal [&hellip;]<\/p>\n","protected":false},"author":4,"featured_media":59263,"comment_status":"open","ping_status":"open","sticky":false,"template":"","format":"standard","meta":{"_acf_changed":false,"footnotes":""},"categories":[22,20,21],"tags":[],"class_list":["post-59262","post","type-post","status-publish","format-standard","has-post-thumbnail","hentry","category-cidades","category-noticias-em-destaque","category-todas-noticias"],"acf":[],"yoast_head":"<!-- This site is optimized with the Yoast SEO plugin v24.4 - https:\/\/yoast.com\/wordpress\/plugins\/seo\/ -->\n<title>Mais Sa\u00fade leva vacina\u00e7\u00e3o para alunos e moradores do Aureny III nesta quarta - PORTAL DE NOT\u00cdCIAS CLEITON PINHEIRO<\/title>\n<meta name=\"robots\" content=\"index, follow, max-snippet:-1, max-image-preview:large, max-video-preview:-1\" \/>\n<link rel=\"canonical\" href=\"https:\/\/cleitonpinheiro.com.br\/site\/mais-saude-leva-vacinacao-para-alunos-e-moradores-do-aureny-iii-nesta-quarta\/\" \/>\n<meta property=\"og:locale\" content=\"pt_BR\" \/>\n<meta property=\"og:type\" content=\"article\" \/>\n<meta property=\"og:title\" content=\"Mais Sa\u00fade leva vacina\u00e7\u00e3o para alunos e moradores do Aureny III nesta quarta - PORTAL DE NOT\u00cdCIAS CLEITON PINHEIRO\" \/>\n<meta property=\"og:description\" content=\"Da Reda\u00e7\u00e3o do CP Not\u00edcias O Bus\u00e3o do Mais Sa\u00fade levar\u00e1 nesta quarta-feira, 15, a vacina\u00e7\u00e3o da Covid-19, Influenza (gripe) e Tr\u00edplice Viral (sarampo, rub\u00e9ola e caxumba) para o Jardim Aureny III. A unidade m\u00f3vel da Secretaria Municipal da Sa\u00fade de Palmas (Semus) ficar\u00e1 estacionada das 10 \u00e0s 18 horas em frente a Escola Municipal [&hellip;]\" \/>\n<meta property=\"og:url\" content=\"https:\/\/cleitonpinheiro.com.br\/site\/mais-saude-leva-vacinacao-para-alunos-e-moradores-do-aureny-iii-nesta-quarta\/\" \/>\n<meta property=\"og:site_name\" content=\"PORTAL DE NOT\u00cdCIAS CLEITON PINHEIRO\" \/>\n<meta property=\"article:publisher\" content=\"https:\/\/www.facebook.com\/portalcpnoticias\/\" \/>\n<meta property=\"article:published_time\" content=\"2022-06-15T12:56:16+00:00\" \/>\n<meta name=\"author\" content=\"Dermival Pereira\" \/>\n<meta name=\"twitter:card\" content=\"summary_large_image\" \/>\n<meta name=\"twitter:label1\" content=\"Escrito por\" \/>\n\t<meta name=\"twitter:data1\" content=\"Dermival Pereira\" \/>\n\t<meta name=\"twitter:label2\" content=\"Est. tempo de leitura\" \/>\n\t<meta name=\"twitter:data2\" content=\"2 minutos\" \/>\n<script type=\"application\/ld+json\" class=\"yoast-schema-graph\">{\"@context\":\"https:\/\/schema.org\",\"@graph\":[{\"@type\":\"Article\",\"@id\":\"https:\/\/cleitonpinheiro.com.br\/site\/mais-saude-leva-vacinacao-para-alunos-e-moradores-do-aureny-iii-nesta-quarta\/#article\",\"isPartOf\":{\"@id\":\"https:\/\/cleitonpinheiro.com.br\/site\/mais-saude-leva-vacinacao-para-alunos-e-moradores-do-aureny-iii-nesta-quarta\/\"},\"author\":{\"name\":\"Dermival Pereira\",\"@id\":\"https:\/\/cleitonpinheiro.com.br\/site\/#\/schema\/person\/aac6d7f311e80c43042e98a900b03cd8\"},\"headline\":\"Mais Sa\u00fade leva vacina\u00e7\u00e3o para alunos e moradores do Aureny III nesta quarta\",\"datePublished\":\"2022-06-15T12:56:16+00:00\",\"mainEntityOfPage\":{\"@id\":\"https:\/\/cleitonpinheiro.com.br\/site\/mais-saude-leva-vacinacao-para-alunos-e-moradores-do-aureny-iii-nesta-quarta\/\"},\"wordCount\":464,\"commentCount\":0,\"publisher\":{\"@id\":\"https:\/\/cleitonpinheiro.com.br\/site\/#organization\"},\"image\":{\"@id\":\"https:\/\/cleitonpinheiro.com.br\/site\/mais-saude-leva-vacinacao-para-alunos-e-moradores-do-aureny-iii-nesta-quarta\/#primaryimage\"},\"thumbnailUrl\":\"\",\"articleSection\":[\"CIDADES\",\"NOT\u00cdCIAS EM DESTAQUE\",\"TODAS NOTICIAS\"],\"inLanguage\":\"pt-BR\",\"potentialAction\":[{\"@type\":\"CommentAction\",\"name\":\"Comment\",\"target\":[\"https:\/\/cleitonpinheiro.com.br\/site\/mais-saude-leva-vacinacao-para-alunos-e-moradores-do-aureny-iii-nesta-quarta\/#respond\"]}]},{\"@type\":\"WebPage\",\"@id\":\"https:\/\/cleitonpinheiro.com.br\/site\/mais-saude-leva-vacinacao-para-alunos-e-moradores-do-aureny-iii-nesta-quarta\/\",\"url\":\"https:\/\/cleitonpinheiro.com.br\/site\/mais-saude-leva-vacinacao-para-alunos-e-moradores-do-aureny-iii-nesta-quarta\/\",\"name\":\"Mais Sa\u00fade leva vacina\u00e7\u00e3o para alunos e moradores do Aureny III nesta quarta - PORTAL DE NOT\u00cdCIAS CLEITON PINHEIRO\",\"isPartOf\":{\"@id\":\"https:\/\/cleitonpinheiro.com.br\/site\/#website\"},\"primaryImageOfPage\":{\"@id\":\"https:\/\/cleitonpinheiro.com.br\/site\/mais-saude-leva-vacinacao-para-alunos-e-moradores-do-aureny-iii-nesta-quarta\/#primaryimage\"},\"image\":{\"@id\":\"https:\/\/cleitonpinheiro.com.br\/site\/mais-saude-leva-vacinacao-para-alunos-e-moradores-do-aureny-iii-nesta-quarta\/#primaryimage\"},\"thumbnailUrl\":\"\",\"datePublished\":\"2022-06-15T12:56:16+00:00\",\"breadcrumb\":{\"@id\":\"https:\/\/cleitonpinheiro.com.br\/site\/mais-saude-leva-vacinacao-para-alunos-e-moradores-do-aureny-iii-nesta-quarta\/#breadcrumb\"},\"inLanguage\":\"pt-BR\",\"potentialAction\":[{\"@type\":\"ReadAction\",\"target\":[\"https:\/\/cleitonpinheiro.com.br\/site\/mais-saude-leva-vacinacao-para-alunos-e-moradores-do-aureny-iii-nesta-quarta\/\"]}]},{\"@type\":\"ImageObject\",\"inLanguage\":\"pt-BR\",\"@id\":\"https:\/\/cleitonpinheiro.com.br\/site\/mais-saude-leva-vacinacao-para-alunos-e-moradores-do-aureny-iii-nesta-quarta\/#primaryimage\",\"url\":\"\",\"contentUrl\":\"\"},{\"@type\":\"BreadcrumbList\",\"@id\":\"https:\/\/cleitonpinheiro.com.br\/site\/mais-saude-leva-vacinacao-para-alunos-e-moradores-do-aureny-iii-nesta-quarta\/#breadcrumb\",\"itemListElement\":[{\"@type\":\"ListItem\",\"position\":1,\"name\":\"In\u00edcio\",\"item\":\"https:\/\/cleitonpinheiro.com.br\/site\/\"},{\"@type\":\"ListItem\",\"position\":2,\"name\":\"Mais Sa\u00fade leva vacina\u00e7\u00e3o para alunos e moradores do Aureny III nesta quarta\"}]},{\"@type\":\"WebSite\",\"@id\":\"https:\/\/cleitonpinheiro.com.br\/site\/#website\",\"url\":\"https:\/\/cleitonpinheiro.com.br\/site\/\",\"name\":\"PORTAL DE NOT\u00cdCIAS CLEITON PINHEIRO\",\"description\":\"FALANDO A VERDADE\",\"publisher\":{\"@id\":\"https:\/\/cleitonpinheiro.com.br\/site\/#organization\"},\"potentialAction\":[{\"@type\":\"SearchAction\",\"target\":{\"@type\":\"EntryPoint\",\"urlTemplate\":\"https:\/\/cleitonpinheiro.com.br\/site\/?s={search_term_string}\"},\"query-input\":{\"@type\":\"PropertyValueSpecification\",\"valueRequired\":true,\"valueName\":\"search_term_string\"}}],\"inLanguage\":\"pt-BR\"},{\"@type\":\"Organization\",\"@id\":\"https:\/\/cleitonpinheiro.com.br\/site\/#organization\",\"name\":\"CPNOT\u00cdCIAS\",\"url\":\"https:\/\/cleitonpinheiro.com.br\/site\/\",\"logo\":{\"@type\":\"ImageObject\",\"inLanguage\":\"pt-BR\",\"@id\":\"https:\/\/cleitonpinheiro.com.br\/site\/#\/schema\/logo\/image\/\",\"url\":\"https:\/\/cleitonpinheiro.com.br\/site\/wp-content\/uploads\/2022\/08\/Logo-pequena-2.png\",\"contentUrl\":\"https:\/\/cleitonpinheiro.com.br\/site\/wp-content\/uploads\/2022\/08\/Logo-pequena-2.png\",\"width\":500,\"height\":500,\"caption\":\"CPNOT\u00cdCIAS\"},\"image\":{\"@id\":\"https:\/\/cleitonpinheiro.com.br\/site\/#\/schema\/logo\/image\/\"},\"sameAs\":[\"https:\/\/www.facebook.com\/portalcpnoticias\/\"]},{\"@type\":\"Person\",\"@id\":\"https:\/\/cleitonpinheiro.com.br\/site\/#\/schema\/person\/aac6d7f311e80c43042e98a900b03cd8\",\"name\":\"Dermival Pereira\",\"image\":{\"@type\":\"ImageObject\",\"inLanguage\":\"pt-BR\",\"@id\":\"https:\/\/cleitonpinheiro.com.br\/site\/#\/schema\/person\/image\/\",\"url\":\"https:\/\/secure.gravatar.com\/avatar\/cfaebf3742d6bf8db728bcba3eed6bee37b02337a2e6c822994f20ca72a3784d?s=96&r=g\",\"contentUrl\":\"https:\/\/secure.gravatar.com\/avatar\/cfaebf3742d6bf8db728bcba3eed6bee37b02337a2e6c822994f20ca72a3784d?s=96&r=g\",\"caption\":\"Dermival Pereira\"},\"url\":\"https:\/\/cleitonpinheiro.com.br\/site\/author\/dermival\/\"}]}<\/script>\n<!-- \/ Yoast SEO plugin. -->","yoast_head_json":{"title":"Mais Sa\u00fade leva vacina\u00e7\u00e3o para alunos e moradores do Aureny III nesta quarta - PORTAL DE NOT\u00cdCIAS CLEITON PINHEIRO","robots":{"index":"index","follow":"follow","max-snippet":"max-snippet:-1","max-image-preview":"max-image-preview:large","max-video-preview":"max-video-preview:-1"},"canonical":"https:\/\/cleitonpinheiro.com.br\/site\/mais-saude-leva-vacinacao-para-alunos-e-moradores-do-aureny-iii-nesta-quarta\/","og_locale":"pt_BR","og_type":"article","og_title":"Mais Sa\u00fade leva vacina\u00e7\u00e3o para alunos e moradores do Aureny III nesta quarta - PORTAL DE NOT\u00cdCIAS CLEITON PINHEIRO","og_description":"Da Reda\u00e7\u00e3o do CP Not\u00edcias O Bus\u00e3o do Mais Sa\u00fade levar\u00e1 nesta quarta-feira, 15, a vacina\u00e7\u00e3o da Covid-19, Influenza (gripe) e Tr\u00edplice Viral (sarampo, rub\u00e9ola e caxumba) para o Jardim Aureny III. A unidade m\u00f3vel da Secretaria Municipal da Sa\u00fade de Palmas (Semus) ficar\u00e1 estacionada das 10 \u00e0s 18 horas em frente a Escola Municipal [&hellip;]","og_url":"https:\/\/cleitonpinheiro.com.br\/site\/mais-saude-leva-vacinacao-para-alunos-e-moradores-do-aureny-iii-nesta-quarta\/","og_site_name":"PORTAL DE NOT\u00cdCIAS CLEITON PINHEIRO","article_publisher":"https:\/\/www.facebook.com\/portalcpnoticias\/","article_published_time":"2022-06-15T12:56:16+00:00","author":"Dermival Pereira","twitter_card":"summary_large_image","twitter_misc":{"Escrito por":"Dermival Pereira","Est. tempo de leitura":"2 minutos"},"schema":{"@context":"https:\/\/schema.org","@graph":[{"@type":"Article","@id":"https:\/\/cleitonpinheiro.com.br\/site\/mais-saude-leva-vacinacao-para-alunos-e-moradores-do-aureny-iii-nesta-quarta\/#article","isPartOf":{"@id":"https:\/\/cleitonpinheiro.com.br\/site\/mais-saude-leva-vacinacao-para-alunos-e-moradores-do-aureny-iii-nesta-quarta\/"},"author":{"name":"Dermival Pereira","@id":"https:\/\/cleitonpinheiro.com.br\/site\/#\/schema\/person\/aac6d7f311e80c43042e98a900b03cd8"},"headline":"Mais Sa\u00fade leva vacina\u00e7\u00e3o para alunos e moradores do Aureny III nesta quarta","datePublished":"2022-06-15T12:56:16+00:00","mainEntityOfPage":{"@id":"https:\/\/cleitonpinheiro.com.br\/site\/mais-saude-leva-vacinacao-para-alunos-e-moradores-do-aureny-iii-nesta-quarta\/"},"wordCount":464,"commentCount":0,"publisher":{"@id":"https:\/\/cleitonpinheiro.com.br\/site\/#organization"},"image":{"@id":"https:\/\/cleitonpinheiro.com.br\/site\/mais-saude-leva-vacinacao-para-alunos-e-moradores-do-aureny-iii-nesta-quarta\/#primaryimage"},"thumbnailUrl":"","articleSection":["CIDADES","NOT\u00cdCIAS EM DESTAQUE","TODAS NOTICIAS"],"inLanguage":"pt-BR","potentialAction":[{"@type":"CommentAction","name":"Comment","target":["https:\/\/cleitonpinheiro.com.br\/site\/mais-saude-leva-vacinacao-para-alunos-e-moradores-do-aureny-iii-nesta-quarta\/#respond"]}]},{"@type":"WebPage","@id":"https:\/\/cleitonpinheiro.com.br\/site\/mais-saude-leva-vacinacao-para-alunos-e-moradores-do-aureny-iii-nesta-quarta\/","url":"https:\/\/cleitonpinheiro.com.br\/site\/mais-saude-leva-vacinacao-para-alunos-e-moradores-do-aureny-iii-nesta-quarta\/","name":"Mais Sa\u00fade leva vacina\u00e7\u00e3o para alunos e moradores do Aureny III nesta quarta - PORTAL DE NOT\u00cdCIAS CLEITON PINHEIRO","isPartOf":{"@id":"https:\/\/cleitonpinheiro.com.br\/site\/#website"},"primaryImageOfPage":{"@id":"https:\/\/cleitonpinheiro.com.br\/site\/mais-saude-leva-vacinacao-para-alunos-e-moradores-do-aureny-iii-nesta-quarta\/#primaryimage"},"image":{"@id":"https:\/\/cleitonpinheiro.com.br\/site\/mais-saude-leva-vacinacao-para-alunos-e-moradores-do-aureny-iii-nesta-quarta\/#primaryimage"},"thumbnailUrl":"","datePublished":"2022-06-15T12:56:16+00:00","breadcrumb":{"@id":"https:\/\/cleitonpinheiro.com.br\/site\/mais-saude-leva-vacinacao-para-alunos-e-moradores-do-aureny-iii-nesta-quarta\/#breadcrumb"},"inLanguage":"pt-BR","potentialAction":[{"@type":"ReadAction","target":["https:\/\/cleitonpinheiro.com.br\/site\/mais-saude-leva-vacinacao-para-alunos-e-moradores-do-aureny-iii-nesta-quarta\/"]}]},{"@type":"ImageObject","inLanguage":"pt-BR","@id":"https:\/\/cleitonpinheiro.com.br\/site\/mais-saude-leva-vacinacao-para-alunos-e-moradores-do-aureny-iii-nesta-quarta\/#primaryimage","url":"","contentUrl":""},{"@type":"BreadcrumbList","@id":"https:\/\/cleitonpinheiro.com.br\/site\/mais-saude-leva-vacinacao-para-alunos-e-moradores-do-aureny-iii-nesta-quarta\/#breadcrumb","itemListElement":[{"@type":"ListItem","position":1,"name":"In\u00edcio","item":"https:\/\/cleitonpinheiro.com.br\/site\/"},{"@type":"ListItem","position":2,"name":"Mais Sa\u00fade leva vacina\u00e7\u00e3o para alunos e moradores do Aureny III nesta quarta"}]},{"@type":"WebSite","@id":"https:\/\/cleitonpinheiro.com.br\/site\/#website","url":"https:\/\/cleitonpinheiro.com.br\/site\/","name":"PORTAL DE NOT\u00cdCIAS CLEITON PINHEIRO","description":"FALANDO A VERDADE","publisher":{"@id":"https:\/\/cleitonpinheiro.com.br\/site\/#organization"},"potentialAction":[{"@type":"SearchAction","target":{"@type":"EntryPoint","urlTemplate":"https:\/\/cleitonpinheiro.com.br\/site\/?s={search_term_string}"},"query-input":{"@type":"PropertyValueSpecification","valueRequired":true,"valueName":"search_term_string"}}],"inLanguage":"pt-BR"},{"@type":"Organization","@id":"https:\/\/cleitonpinheiro.com.br\/site\/#organization","name":"CPNOT\u00cdCIAS","url":"https:\/\/cleitonpinheiro.com.br\/site\/","logo":{"@type":"ImageObject","inLanguage":"pt-BR","@id":"https:\/\/cleitonpinheiro.com.br\/site\/#\/schema\/logo\/image\/","url":"https:\/\/cleitonpinheiro.com.br\/site\/wp-content\/uploads\/2022\/08\/Logo-pequena-2.png","contentUrl":"https:\/\/cleitonpinheiro.com.br\/site\/wp-content\/uploads\/2022\/08\/Logo-pequena-2.png","width":500,"height":500,"caption":"CPNOT\u00cdCIAS"},"image":{"@id":"https:\/\/cleitonpinheiro.com.br\/site\/#\/schema\/logo\/image\/"},"sameAs":["https:\/\/www.facebook.com\/portalcpnoticias\/"]},{"@type":"Person","@id":"https:\/\/cleitonpinheiro.com.br\/site\/#\/schema\/person\/aac6d7f311e80c43042e98a900b03cd8","name":"Dermival Pereira","image":{"@type":"ImageObject","inLanguage":"pt-BR","@id":"https:\/\/cleitonpinheiro.com.br\/site\/#\/schema\/person\/image\/","url":"https:\/\/secure.gravatar.com\/avatar\/cfaebf3742d6bf8db728bcba3eed6bee37b02337a2e6c822994f20ca72a3784d?s=96&r=g","contentUrl":"https:\/\/secure.gravatar.com\/avatar\/cfaebf3742d6bf8db728bcba3eed6bee37b02337a2e6c822994f20ca72a3784d?s=96&r=g","caption":"Dermival Pereira"},"url":"https:\/\/cleitonpinheiro.com.br\/site\/author\/dermival\/"}]}},"views":219,"_links":{"self":[{"href":"https:\/\/cleitonpinheiro.com.br\/site\/wp-json\/wp\/v2\/posts\/59262","targetHints":{"allow":["GET"]}}],"collection":[{"href":"https:\/\/cleitonpinheiro.com.br\/site\/wp-json\/wp\/v2\/posts"}],"about":[{"href":"https:\/\/cleitonpinheiro.com.br\/site\/wp-json\/wp\/v2\/types\/post"}],"author":[{"embeddable":true,"href":"https:\/\/cleitonpinheiro.com.br\/site\/wp-json\/wp\/v2\/users\/4"}],"replies":[{"embeddable":true,"href":"https:\/\/cleitonpinheiro.com.br\/site\/wp-json\/wp\/v2\/comments?post=59262"}],"version-history":[{"count":0,"href":"https:\/\/cleitonpinheiro.com.br\/site\/wp-json\/wp\/v2\/posts\/59262\/revisions"}],"wp:featuredmedia":[{"embeddable":true,"href":"https:\/\/cleitonpinheiro.com.br\/site\/wp-json\/"}],"wp:attachment":[{"href":"https:\/\/cleitonpinheiro.com.br\/site\/wp-json\/wp\/v2\/media?parent=59262"}],"wp:term":[{"taxonomy":"category","embeddable":true,"href":"https:\/\/cleitonpinheiro.com.br\/site\/wp-json\/wp\/v2\/categories?post=59262"},{"taxonomy":"post_tag","embeddable":true,"href":"https:\/\/cleitonpinheiro.com.br\/site\/wp-json\/wp\/v2\/tags?post=59262"}],"curies":[{"name":"wp","href":"https:\/\/api.w.org\/{rel}","templated":true}]}}