{"id":60544,"date":"2022-07-28T12:39:15","date_gmt":"2022-07-28T15:39:15","guid":{"rendered":"https:\/\/cleitonpinheiro.com.br\/site\/?p=60544"},"modified":"2022-07-29T12:53:25","modified_gmt":"2022-07-29T15:53:25","slug":"juros-para-familias-chegam-a-503-e-para-empresas-224-ao-ano-2","status":"publish","type":"post","link":"https:\/\/cleitonpinheiro.com.br\/site\/juros-para-familias-chegam-a-503-e-para-empresas-224-ao-ano-2\/","title":{"rendered":"Juros para fam\u00edlias chegam a 50,3% e para empresas, 22,4% ao ano, diz Banco Central"},"content":{"rendered":"\n<p>As taxas de juros do cr\u00e9dito para empresas e pessoas f\u00edsicas subiram em abril, de acordo com dados divulgados hoje (27) pelo Banco Central (BC).<\/p>\n\n\n\n<figure class=\"wp-block-image size-full\"><img decoding=\"async\" src=\"https:\/\/cleitonpinheiro.com.br\/site\/wp-content\/uploads\/2022\/07\/Design-sem-nome-2022-07-28T123648-compressed.jpg\" alt=\"\" class=\"wp-image-60545\"\/><figcaption><em>Foto: Marcello Casal Jr\/Ag\u00eancia Brasil<\/em><\/figcaption><\/figure>\n\n\n\n<p>A taxa m\u00e9dia de juros para pessoas f\u00edsicas e jur\u00eddicas subiu 0,8 ponto percentual em rela\u00e7\u00e3o a mar\u00e7o, para 50,3% ao ano e 22,4% ao ano, respectivamente.<\/p>\n\n\n\n<p>O rotativo do cart\u00e3o de cr\u00e9dito \u00e9 a taxa mais alta para as pessoas f\u00edsicas: subiu 4,9 pontos percentuais para 364% ao ano, em abril. O rotativo \u00e9 o cr\u00e9dito tomado pelo consumidor quando paga menos que o valor integral da fatura do cart\u00e3o. O cr\u00e9dito rotativo dura 30 dias. Ap\u00f3s esse prazo, as institui\u00e7\u00f5es financeiras parcelam a d\u00edvida.<\/p>\n\n\n\n<p>Na modalidade de parcelamento das compras pelo cart\u00e3o de cr\u00e9dito, os juros chegaram a 175,1% ao ano em abril, com aumento de 3,4 pontos percentuais.<\/p>\n\n\n\n<p>O cheque especial ficou com taxa m\u00e9dia de 132,7% ao ano, alta de 4,9 pontos percentuais.<\/p>\n\n\n\n<p>O cr\u00e9dito consignado (com desconto em folha de pagamento) apresentou alta de 0,5 ponto percentual para 24,1% ao ano.<\/p>\n\n\n\n<p>A \u00fanica modalidade pesquisada pelo BC que registrou queda nos juros foi o cr\u00e9dito pessoal. A taxa chegou a 87% ao ano, com redu\u00e7\u00e3o de 1 ponto percentual em rela\u00e7\u00e3o a mar\u00e7o.<\/p>\n\n\n\n<p><strong>Inadimpl\u00eancia<br><\/strong>A inadimpl\u00eancia, considerados atrasos acima de 90 dias para pessoas f\u00edsicas, subiu 0,1 ponto percentual, chegando a 5%. No caso das empresas, ficou est\u00e1vel em rela\u00e7\u00e3o a mar\u00e7o em 1,7%.<\/p>\n\n\n\n<p>Todos os dados s\u00e3o do cr\u00e9dito livre, em que os bancos t\u00eam autonomia para emprestar o dinheiro captado no mercado e definir as taxas de juros cobradas dos clientes.<\/p>\n\n\n\n<p><strong>Cr\u00e9dito direcionado<br><\/strong>No caso do cr\u00e9dito direcionado (empr\u00e9stimos com regras definidas pelo governo, destinados, basicamente, aos setores habitacional, rural, de infraestrutura e ao microcr\u00e9dito), os juros para as pessoas f\u00edsicas subiram 0,2 ponto percentual para 9,7% ao ano. A taxa cobrada das empresas subiu 3,1 pontos percentuais para 14,6% ao ano.<\/p>\n\n\n\n<p>A inadimpl\u00eancia no cr\u00e9dito direcionado ficou est\u00e1vel para empresas (1,1%) e pessoas f\u00edsicas (1,5%).<\/p>\n\n\n\n<p><strong>Saldo dos empr\u00e9stimos<br><\/strong>O estoque de todos os empr\u00e9stimos concedidos pelos bancos ficou em R$ 4,8 trilh\u00f5es em abril, com alta de 0,8% em rela\u00e7\u00e3o a mar\u00e7o e de 16,8% em 12 meses. Esse saldo do cr\u00e9dito correspondeu a 53,7% de tudo o que o pa\u00eds produz \u2013 o Produto Interno Bruto (PIB) \u2013 com redu\u00e7\u00e3o de 0,2 ponto percentual em rela\u00e7\u00e3o a mar\u00e7o e alta de 1,1 ponto percentual, em 12 meses.<\/p>\n\n\n\n<p>No relat\u00f3rio, o BC destaca que o saldo das opera\u00e7\u00f5es de cr\u00e9dito com recursos livres \u00e0s empresas totalizou R$ 1,3 trilh\u00e3o em abril, com eleva\u00e7\u00f5es de 1% no m\u00eas e de 16,8% em 12 meses. \u201cEsse resultado evidenciou acelera\u00e7\u00e3o em rela\u00e7\u00e3o ao ocorrido no m\u00eas anterior, quando assinalou alta de 15,7% na compara\u00e7\u00e3o interanual. Entre as principais modalidades de cr\u00e9dito que contribu\u00edram para o desempenho do segmento de pessoas jur\u00eddicas no m\u00eas, destacaram-se as opera\u00e7\u00f5es de adiantamento de contratos de c\u00e2mbio (ACC), 8,3%, capital de giro com prazo superior a 365 dias, 1,8%, e os financiamentos \u00e0 exporta\u00e7\u00f5es, 1,8%\u201d.<\/p>\n\n\n\n<p>No caso do cr\u00e9dito livre \u00e0s fam\u00edlias, o saldo chegou a R$ 1,6 trilh\u00e3o em abril, com aumento de 1,8% no m\u00eas e de 25,6% na compara\u00e7\u00e3o o mesmo per\u00edodo do ano anterior. \u201cPor modalidades, destacou-se a expans\u00e3o na carteira de cr\u00e9dito pessoal consignado para aposentados e pensionistas do INSS, 5,2%, impulsionada pelo aumento recente da margem de consigna\u00e7\u00e3o [de 35% para 40%]\u201d, diz o BC.<\/p>\n\n\n\n<p>A autarquia destaca ainda o aumento das \u201ccarteiras de cr\u00e9dito pessoal consignado para trabalhadores do setor p\u00fablico, 1,1%, cr\u00e9dito pessoal n\u00e3o consignado, 1,4%, e de cart\u00e3o de cr\u00e9dito total, 2%\u201d. (<em><strong>Da Ag\u00eancia Brasil<\/strong><\/em>).<\/p>\n","protected":false},"excerpt":{"rendered":"<p>As taxas de juros do cr\u00e9dito para empresas e pessoas f\u00edsicas subiram em abril, de acordo com dados divulgados hoje (27) pelo Banco Central (BC). A taxa m\u00e9dia de juros para pessoas f\u00edsicas e jur\u00eddicas subiu 0,8 ponto percentual em rela\u00e7\u00e3o a mar\u00e7o, para 50,3% ao ano e 22,4% ao ano, respectivamente. O rotativo do [&hellip;]<\/p>\n","protected":false},"author":4,"featured_media":0,"comment_status":"open","ping_status":"open","sticky":false,"template":"","format":"standard","meta":{"_acf_changed":false,"footnotes":""},"categories":[19,898],"tags":[],"class_list":["post-60544","post","type-post","status-publish","format-standard","hentry","category-brasil-mundo","category-manchete-segundaria"],"acf":[],"yoast_head":"<!-- This site is optimized with the Yoast SEO plugin v24.4 - https:\/\/yoast.com\/wordpress\/plugins\/seo\/ -->\n<title>Juros para fam\u00edlias chegam a 50,3% e para empresas, 22,4% ao ano, diz Banco Central - PORTAL DE NOT\u00cdCIAS CLEITON PINHEIRO<\/title>\n<meta name=\"robots\" content=\"index, follow, max-snippet:-1, max-image-preview:large, max-video-preview:-1\" \/>\n<link rel=\"canonical\" href=\"https:\/\/cleitonpinheiro.com.br\/site\/juros-para-familias-chegam-a-503-e-para-empresas-224-ao-ano-2\/\" \/>\n<meta property=\"og:locale\" content=\"pt_BR\" \/>\n<meta property=\"og:type\" content=\"article\" \/>\n<meta property=\"og:title\" content=\"Juros para fam\u00edlias chegam a 50,3% e para empresas, 22,4% ao ano, diz Banco Central - PORTAL DE NOT\u00cdCIAS CLEITON PINHEIRO\" \/>\n<meta property=\"og:description\" content=\"As taxas de juros do cr\u00e9dito para empresas e pessoas f\u00edsicas subiram em abril, de acordo com dados divulgados hoje (27) pelo Banco Central (BC). A taxa m\u00e9dia de juros para pessoas f\u00edsicas e jur\u00eddicas subiu 0,8 ponto percentual em rela\u00e7\u00e3o a mar\u00e7o, para 50,3% ao ano e 22,4% ao ano, respectivamente. O rotativo do [&hellip;]\" \/>\n<meta property=\"og:url\" content=\"https:\/\/cleitonpinheiro.com.br\/site\/juros-para-familias-chegam-a-503-e-para-empresas-224-ao-ano-2\/\" \/>\n<meta property=\"og:site_name\" content=\"PORTAL DE NOT\u00cdCIAS CLEITON PINHEIRO\" \/>\n<meta property=\"article:publisher\" content=\"https:\/\/www.facebook.com\/portalcpnoticias\/\" \/>\n<meta property=\"article:published_time\" content=\"2022-07-28T15:39:15+00:00\" \/>\n<meta property=\"article:modified_time\" content=\"2022-07-29T15:53:25+00:00\" \/>\n<meta property=\"og:image\" content=\"https:\/\/cleitonpinheiro.com.br\/site\/wp-content\/uploads\/2022\/07\/Design-sem-nome-2022-07-28T123648-compressed-1.jpg\" \/>\n\t<meta property=\"og:image:width\" content=\"750\" \/>\n\t<meta property=\"og:image:height\" content=\"450\" \/>\n\t<meta property=\"og:image:type\" content=\"image\/jpeg\" \/>\n<meta name=\"author\" content=\"Dermival Pereira\" \/>\n<meta name=\"twitter:card\" content=\"summary_large_image\" \/>\n<meta name=\"twitter:label1\" content=\"Escrito por\" \/>\n\t<meta name=\"twitter:data1\" content=\"Dermival Pereira\" \/>\n\t<meta name=\"twitter:label2\" content=\"Est. tempo de leitura\" \/>\n\t<meta name=\"twitter:data2\" content=\"3 minutos\" \/>\n<script type=\"application\/ld+json\" class=\"yoast-schema-graph\">{\"@context\":\"https:\/\/schema.org\",\"@graph\":[{\"@type\":\"Article\",\"@id\":\"https:\/\/cleitonpinheiro.com.br\/site\/juros-para-familias-chegam-a-503-e-para-empresas-224-ao-ano-2\/#article\",\"isPartOf\":{\"@id\":\"https:\/\/cleitonpinheiro.com.br\/site\/juros-para-familias-chegam-a-503-e-para-empresas-224-ao-ano-2\/\"},\"author\":{\"name\":\"Dermival Pereira\",\"@id\":\"https:\/\/cleitonpinheiro.com.br\/site\/#\/schema\/person\/aac6d7f311e80c43042e98a900b03cd8\"},\"headline\":\"Juros para fam\u00edlias chegam a 50,3% e para empresas, 22,4% ao ano, diz Banco Central\",\"datePublished\":\"2022-07-28T15:39:15+00:00\",\"dateModified\":\"2022-07-29T15:53:25+00:00\",\"mainEntityOfPage\":{\"@id\":\"https:\/\/cleitonpinheiro.com.br\/site\/juros-para-familias-chegam-a-503-e-para-empresas-224-ao-ano-2\/\"},\"wordCount\":649,\"commentCount\":0,\"publisher\":{\"@id\":\"https:\/\/cleitonpinheiro.com.br\/site\/#organization\"},\"image\":{\"@id\":\"https:\/\/cleitonpinheiro.com.br\/site\/juros-para-familias-chegam-a-503-e-para-empresas-224-ao-ano-2\/#primaryimage\"},\"thumbnailUrl\":\"https:\/\/cleitonpinheiro.com.br\/site\/wp-content\/uploads\/2022\/07\/Design-sem-nome-2022-07-28T123648-compressed.jpg\",\"articleSection\":[\"BRASIL \/ MUNDO\",\"MANCHETE SEGUND\u00c1RIA\"],\"inLanguage\":\"pt-BR\",\"potentialAction\":[{\"@type\":\"CommentAction\",\"name\":\"Comment\",\"target\":[\"https:\/\/cleitonpinheiro.com.br\/site\/juros-para-familias-chegam-a-503-e-para-empresas-224-ao-ano-2\/#respond\"]}]},{\"@type\":\"WebPage\",\"@id\":\"https:\/\/cleitonpinheiro.com.br\/site\/juros-para-familias-chegam-a-503-e-para-empresas-224-ao-ano-2\/\",\"url\":\"https:\/\/cleitonpinheiro.com.br\/site\/juros-para-familias-chegam-a-503-e-para-empresas-224-ao-ano-2\/\",\"name\":\"Juros para fam\u00edlias chegam a 50,3% e para empresas, 22,4% ao ano, diz Banco Central - PORTAL DE NOT\u00cdCIAS CLEITON PINHEIRO\",\"isPartOf\":{\"@id\":\"https:\/\/cleitonpinheiro.com.br\/site\/#website\"},\"primaryImageOfPage\":{\"@id\":\"https:\/\/cleitonpinheiro.com.br\/site\/juros-para-familias-chegam-a-503-e-para-empresas-224-ao-ano-2\/#primaryimage\"},\"image\":{\"@id\":\"https:\/\/cleitonpinheiro.com.br\/site\/juros-para-familias-chegam-a-503-e-para-empresas-224-ao-ano-2\/#primaryimage\"},\"thumbnailUrl\":\"https:\/\/cleitonpinheiro.com.br\/site\/wp-content\/uploads\/2022\/07\/Design-sem-nome-2022-07-28T123648-compressed.jpg\",\"datePublished\":\"2022-07-28T15:39:15+00:00\",\"dateModified\":\"2022-07-29T15:53:25+00:00\",\"breadcrumb\":{\"@id\":\"https:\/\/cleitonpinheiro.com.br\/site\/juros-para-familias-chegam-a-503-e-para-empresas-224-ao-ano-2\/#breadcrumb\"},\"inLanguage\":\"pt-BR\",\"potentialAction\":[{\"@type\":\"ReadAction\",\"target\":[\"https:\/\/cleitonpinheiro.com.br\/site\/juros-para-familias-chegam-a-503-e-para-empresas-224-ao-ano-2\/\"]}]},{\"@type\":\"ImageObject\",\"inLanguage\":\"pt-BR\",\"@id\":\"https:\/\/cleitonpinheiro.com.br\/site\/juros-para-familias-chegam-a-503-e-para-empresas-224-ao-ano-2\/#primaryimage\",\"url\":\"\",\"contentUrl\":\"\"},{\"@type\":\"BreadcrumbList\",\"@id\":\"https:\/\/cleitonpinheiro.com.br\/site\/juros-para-familias-chegam-a-503-e-para-empresas-224-ao-ano-2\/#breadcrumb\",\"itemListElement\":[{\"@type\":\"ListItem\",\"position\":1,\"name\":\"In\u00edcio\",\"item\":\"https:\/\/cleitonpinheiro.com.br\/site\/\"},{\"@type\":\"ListItem\",\"position\":2,\"name\":\"Juros para fam\u00edlias chegam a 50,3% e para empresas, 22,4% ao ano, diz Banco Central\"}]},{\"@type\":\"WebSite\",\"@id\":\"https:\/\/cleitonpinheiro.com.br\/site\/#website\",\"url\":\"https:\/\/cleitonpinheiro.com.br\/site\/\",\"name\":\"PORTAL DE NOT\u00cdCIAS CLEITON PINHEIRO\",\"description\":\"FALANDO A VERDADE\",\"publisher\":{\"@id\":\"https:\/\/cleitonpinheiro.com.br\/site\/#organization\"},\"potentialAction\":[{\"@type\":\"SearchAction\",\"target\":{\"@type\":\"EntryPoint\",\"urlTemplate\":\"https:\/\/cleitonpinheiro.com.br\/site\/?s={search_term_string}\"},\"query-input\":{\"@type\":\"PropertyValueSpecification\",\"valueRequired\":true,\"valueName\":\"search_term_string\"}}],\"inLanguage\":\"pt-BR\"},{\"@type\":\"Organization\",\"@id\":\"https:\/\/cleitonpinheiro.com.br\/site\/#organization\",\"name\":\"CPNOT\u00cdCIAS\",\"url\":\"https:\/\/cleitonpinheiro.com.br\/site\/\",\"logo\":{\"@type\":\"ImageObject\",\"inLanguage\":\"pt-BR\",\"@id\":\"https:\/\/cleitonpinheiro.com.br\/site\/#\/schema\/logo\/image\/\",\"url\":\"https:\/\/cleitonpinheiro.com.br\/site\/wp-content\/uploads\/2022\/08\/Logo-pequena-2.png\",\"contentUrl\":\"https:\/\/cleitonpinheiro.com.br\/site\/wp-content\/uploads\/2022\/08\/Logo-pequena-2.png\",\"width\":500,\"height\":500,\"caption\":\"CPNOT\u00cdCIAS\"},\"image\":{\"@id\":\"https:\/\/cleitonpinheiro.com.br\/site\/#\/schema\/logo\/image\/\"},\"sameAs\":[\"https:\/\/www.facebook.com\/portalcpnoticias\/\"]},{\"@type\":\"Person\",\"@id\":\"https:\/\/cleitonpinheiro.com.br\/site\/#\/schema\/person\/aac6d7f311e80c43042e98a900b03cd8\",\"name\":\"Dermival Pereira\",\"image\":{\"@type\":\"ImageObject\",\"inLanguage\":\"pt-BR\",\"@id\":\"https:\/\/cleitonpinheiro.com.br\/site\/#\/schema\/person\/image\/\",\"url\":\"https:\/\/secure.gravatar.com\/avatar\/cfaebf3742d6bf8db728bcba3eed6bee37b02337a2e6c822994f20ca72a3784d?s=96&r=g\",\"contentUrl\":\"https:\/\/secure.gravatar.com\/avatar\/cfaebf3742d6bf8db728bcba3eed6bee37b02337a2e6c822994f20ca72a3784d?s=96&r=g\",\"caption\":\"Dermival Pereira\"},\"url\":\"https:\/\/cleitonpinheiro.com.br\/site\/author\/dermival\/\"}]}<\/script>\n<!-- \/ Yoast SEO plugin. -->","yoast_head_json":{"title":"Juros para fam\u00edlias chegam a 50,3% e para empresas, 22,4% ao ano, diz Banco Central - PORTAL DE NOT\u00cdCIAS CLEITON PINHEIRO","robots":{"index":"index","follow":"follow","max-snippet":"max-snippet:-1","max-image-preview":"max-image-preview:large","max-video-preview":"max-video-preview:-1"},"canonical":"https:\/\/cleitonpinheiro.com.br\/site\/juros-para-familias-chegam-a-503-e-para-empresas-224-ao-ano-2\/","og_locale":"pt_BR","og_type":"article","og_title":"Juros para fam\u00edlias chegam a 50,3% e para empresas, 22,4% ao ano, diz Banco Central - PORTAL DE NOT\u00cdCIAS CLEITON PINHEIRO","og_description":"As taxas de juros do cr\u00e9dito para empresas e pessoas f\u00edsicas subiram em abril, de acordo com dados divulgados hoje (27) pelo Banco Central (BC). A taxa m\u00e9dia de juros para pessoas f\u00edsicas e jur\u00eddicas subiu 0,8 ponto percentual em rela\u00e7\u00e3o a mar\u00e7o, para 50,3% ao ano e 22,4% ao ano, respectivamente. O rotativo do [&hellip;]","og_url":"https:\/\/cleitonpinheiro.com.br\/site\/juros-para-familias-chegam-a-503-e-para-empresas-224-ao-ano-2\/","og_site_name":"PORTAL DE NOT\u00cdCIAS CLEITON PINHEIRO","article_publisher":"https:\/\/www.facebook.com\/portalcpnoticias\/","article_published_time":"2022-07-28T15:39:15+00:00","article_modified_time":"2022-07-29T15:53:25+00:00","og_image":[{"width":750,"height":450,"url":"https:\/\/cleitonpinheiro.com.br\/site\/wp-content\/uploads\/2022\/07\/Design-sem-nome-2022-07-28T123648-compressed-1.jpg","type":"image\/jpeg"}],"author":"Dermival Pereira","twitter_card":"summary_large_image","twitter_misc":{"Escrito por":"Dermival Pereira","Est. tempo de leitura":"3 minutos"},"schema":{"@context":"https:\/\/schema.org","@graph":[{"@type":"Article","@id":"https:\/\/cleitonpinheiro.com.br\/site\/juros-para-familias-chegam-a-503-e-para-empresas-224-ao-ano-2\/#article","isPartOf":{"@id":"https:\/\/cleitonpinheiro.com.br\/site\/juros-para-familias-chegam-a-503-e-para-empresas-224-ao-ano-2\/"},"author":{"name":"Dermival Pereira","@id":"https:\/\/cleitonpinheiro.com.br\/site\/#\/schema\/person\/aac6d7f311e80c43042e98a900b03cd8"},"headline":"Juros para fam\u00edlias chegam a 50,3% e para empresas, 22,4% ao ano, diz Banco Central","datePublished":"2022-07-28T15:39:15+00:00","dateModified":"2022-07-29T15:53:25+00:00","mainEntityOfPage":{"@id":"https:\/\/cleitonpinheiro.com.br\/site\/juros-para-familias-chegam-a-503-e-para-empresas-224-ao-ano-2\/"},"wordCount":649,"commentCount":0,"publisher":{"@id":"https:\/\/cleitonpinheiro.com.br\/site\/#organization"},"image":{"@id":"https:\/\/cleitonpinheiro.com.br\/site\/juros-para-familias-chegam-a-503-e-para-empresas-224-ao-ano-2\/#primaryimage"},"thumbnailUrl":"https:\/\/cleitonpinheiro.com.br\/site\/wp-content\/uploads\/2022\/07\/Design-sem-nome-2022-07-28T123648-compressed.jpg","articleSection":["BRASIL \/ MUNDO","MANCHETE SEGUND\u00c1RIA"],"inLanguage":"pt-BR","potentialAction":[{"@type":"CommentAction","name":"Comment","target":["https:\/\/cleitonpinheiro.com.br\/site\/juros-para-familias-chegam-a-503-e-para-empresas-224-ao-ano-2\/#respond"]}]},{"@type":"WebPage","@id":"https:\/\/cleitonpinheiro.com.br\/site\/juros-para-familias-chegam-a-503-e-para-empresas-224-ao-ano-2\/","url":"https:\/\/cleitonpinheiro.com.br\/site\/juros-para-familias-chegam-a-503-e-para-empresas-224-ao-ano-2\/","name":"Juros para fam\u00edlias chegam a 50,3% e para empresas, 22,4% ao ano, diz Banco Central - PORTAL DE NOT\u00cdCIAS CLEITON PINHEIRO","isPartOf":{"@id":"https:\/\/cleitonpinheiro.com.br\/site\/#website"},"primaryImageOfPage":{"@id":"https:\/\/cleitonpinheiro.com.br\/site\/juros-para-familias-chegam-a-503-e-para-empresas-224-ao-ano-2\/#primaryimage"},"image":{"@id":"https:\/\/cleitonpinheiro.com.br\/site\/juros-para-familias-chegam-a-503-e-para-empresas-224-ao-ano-2\/#primaryimage"},"thumbnailUrl":"https:\/\/cleitonpinheiro.com.br\/site\/wp-content\/uploads\/2022\/07\/Design-sem-nome-2022-07-28T123648-compressed.jpg","datePublished":"2022-07-28T15:39:15+00:00","dateModified":"2022-07-29T15:53:25+00:00","breadcrumb":{"@id":"https:\/\/cleitonpinheiro.com.br\/site\/juros-para-familias-chegam-a-503-e-para-empresas-224-ao-ano-2\/#breadcrumb"},"inLanguage":"pt-BR","potentialAction":[{"@type":"ReadAction","target":["https:\/\/cleitonpinheiro.com.br\/site\/juros-para-familias-chegam-a-503-e-para-empresas-224-ao-ano-2\/"]}]},{"@type":"ImageObject","inLanguage":"pt-BR","@id":"https:\/\/cleitonpinheiro.com.br\/site\/juros-para-familias-chegam-a-503-e-para-empresas-224-ao-ano-2\/#primaryimage","url":"","contentUrl":""},{"@type":"BreadcrumbList","@id":"https:\/\/cleitonpinheiro.com.br\/site\/juros-para-familias-chegam-a-503-e-para-empresas-224-ao-ano-2\/#breadcrumb","itemListElement":[{"@type":"ListItem","position":1,"name":"In\u00edcio","item":"https:\/\/cleitonpinheiro.com.br\/site\/"},{"@type":"ListItem","position":2,"name":"Juros para fam\u00edlias chegam a 50,3% e para empresas, 22,4% ao ano, diz Banco Central"}]},{"@type":"WebSite","@id":"https:\/\/cleitonpinheiro.com.br\/site\/#website","url":"https:\/\/cleitonpinheiro.com.br\/site\/","name":"PORTAL DE NOT\u00cdCIAS CLEITON PINHEIRO","description":"FALANDO A VERDADE","publisher":{"@id":"https:\/\/cleitonpinheiro.com.br\/site\/#organization"},"potentialAction":[{"@type":"SearchAction","target":{"@type":"EntryPoint","urlTemplate":"https:\/\/cleitonpinheiro.com.br\/site\/?s={search_term_string}"},"query-input":{"@type":"PropertyValueSpecification","valueRequired":true,"valueName":"search_term_string"}}],"inLanguage":"pt-BR"},{"@type":"Organization","@id":"https:\/\/cleitonpinheiro.com.br\/site\/#organization","name":"CPNOT\u00cdCIAS","url":"https:\/\/cleitonpinheiro.com.br\/site\/","logo":{"@type":"ImageObject","inLanguage":"pt-BR","@id":"https:\/\/cleitonpinheiro.com.br\/site\/#\/schema\/logo\/image\/","url":"https:\/\/cleitonpinheiro.com.br\/site\/wp-content\/uploads\/2022\/08\/Logo-pequena-2.png","contentUrl":"https:\/\/cleitonpinheiro.com.br\/site\/wp-content\/uploads\/2022\/08\/Logo-pequena-2.png","width":500,"height":500,"caption":"CPNOT\u00cdCIAS"},"image":{"@id":"https:\/\/cleitonpinheiro.com.br\/site\/#\/schema\/logo\/image\/"},"sameAs":["https:\/\/www.facebook.com\/portalcpnoticias\/"]},{"@type":"Person","@id":"https:\/\/cleitonpinheiro.com.br\/site\/#\/schema\/person\/aac6d7f311e80c43042e98a900b03cd8","name":"Dermival Pereira","image":{"@type":"ImageObject","inLanguage":"pt-BR","@id":"https:\/\/cleitonpinheiro.com.br\/site\/#\/schema\/person\/image\/","url":"https:\/\/secure.gravatar.com\/avatar\/cfaebf3742d6bf8db728bcba3eed6bee37b02337a2e6c822994f20ca72a3784d?s=96&r=g","contentUrl":"https:\/\/secure.gravatar.com\/avatar\/cfaebf3742d6bf8db728bcba3eed6bee37b02337a2e6c822994f20ca72a3784d?s=96&r=g","caption":"Dermival Pereira"},"url":"https:\/\/cleitonpinheiro.com.br\/site\/author\/dermival\/"}]}},"views":269,"_links":{"self":[{"href":"https:\/\/cleitonpinheiro.com.br\/site\/wp-json\/wp\/v2\/posts\/60544","targetHints":{"allow":["GET"]}}],"collection":[{"href":"https:\/\/cleitonpinheiro.com.br\/site\/wp-json\/wp\/v2\/posts"}],"about":[{"href":"https:\/\/cleitonpinheiro.com.br\/site\/wp-json\/wp\/v2\/types\/post"}],"author":[{"embeddable":true,"href":"https:\/\/cleitonpinheiro.com.br\/site\/wp-json\/wp\/v2\/users\/4"}],"replies":[{"embeddable":true,"href":"https:\/\/cleitonpinheiro.com.br\/site\/wp-json\/wp\/v2\/comments?post=60544"}],"version-history":[{"count":7,"href":"https:\/\/cleitonpinheiro.com.br\/site\/wp-json\/wp\/v2\/posts\/60544\/revisions"}],"predecessor-version":[{"id":60932,"href":"https:\/\/cleitonpinheiro.com.br\/site\/wp-json\/wp\/v2\/posts\/60544\/revisions\/60932"}],"wp:attachment":[{"href":"https:\/\/cleitonpinheiro.com.br\/site\/wp-json\/wp\/v2\/media?parent=60544"}],"wp:term":[{"taxonomy":"category","embeddable":true,"href":"https:\/\/cleitonpinheiro.com.br\/site\/wp-json\/wp\/v2\/categories?post=60544"},{"taxonomy":"post_tag","embeddable":true,"href":"https:\/\/cleitonpinheiro.com.br\/site\/wp-json\/wp\/v2\/tags?post=60544"}],"curies":[{"name":"wp","href":"https:\/\/api.w.org\/{rel}","templated":true}]}}