{"id":60650,"date":"2022-07-28T15:16:36","date_gmt":"2022-07-28T18:16:36","guid":{"rendered":"https:\/\/cleitonpinheiro.com.br\/site\/?p=60650"},"modified":"2022-07-28T15:27:20","modified_gmt":"2022-07-28T18:27:20","slug":"semana-integrada-marca-inicio-do-segundo-semestre-letivo-na-unitins","status":"publish","type":"post","link":"https:\/\/cleitonpinheiro.com.br\/site\/semana-integrada-marca-inicio-do-segundo-semestre-letivo-na-unitins\/","title":{"rendered":"Semana Integrada marca in\u00edcio do segundo semestre letivo na Unitins"},"content":{"rendered":"\n<p><em><strong>Da Reda\u00e7\u00e3o do CP Not\u00edcias<\/strong><\/em><\/p>\n\n\n\n<figure class=\"wp-block-image size-full\"><img decoding=\"async\" src=\"https:\/\/cleitonpinheiro.com.br\/site\/wp-content\/uploads\/2022\/07\/Design-sem-nome-2022-07-28T151448-compressed-1.jpg\" alt=\"\" class=\"wp-image-60653\"\/><\/figure>\n\n\n\n<p>A Universidade Estadual do Tocantins (Unitins)\u00a0promove, entre os dias 1\u00ba a 6 de agosto, a Semana Integrada 2022 \u2013 Conhecendo cen\u00e1rios e pr\u00e1ticas exitosas: potencializando resultados e o crescimento profissional. Com uma programa\u00e7\u00e3o diferenciada para docentes e para discentes, o evento marca o retorno do per\u00edodo letivo em todos os cinco c\u00e2mpus da institui\u00e7\u00e3o.<\/p>\n\n\n\n<p>De 1\u00ba a 03 a programa\u00e7\u00e3o \u00e9 voltada, exclusivamente, para docentes e acontece de forma presencial, em tr\u00eas momentos distintos: no Ah\u00e3du, no C\u00e2mpus Graciosa e no audit\u00f3rio da sede. J\u00e1 entre\u00a003 e\u00a005 os eventos acontecem de forma virtual, com transmiss\u00e3o pelo canal da Unitins no YouTube, voltados para os discentes.<\/p>\n\n\n\n<p>A abertura oficial da programa\u00e7\u00e3o para professores ser\u00e1 na segunda-feira, 1\u00ba, no Ah\u00e3du, das 19h \u00e0s 22h, com as palestras, \u201cO mundo do trabalho e suas atuais exig\u00eancias, com o professor Dr. Eduardo Lemus e \u201cA alma da Unitins \u00e9 voc\u00ea\u201d, com o consultor Omar Hennemann. O reitor Augusto Rezende far\u00e1 a media\u00e7\u00e3o.<\/p>\n\n\n\n<p>Na quarta-feira, 03, das 19h \u00e0s 21h, ser\u00e1 a vez da abertura da programa\u00e7\u00e3o para estudantes, com a palestra, \u201cSua carreira no mundo do trabalho: habilidades necess\u00e1rias\u201d, com o professor Eduardo Lemus. A media\u00e7\u00e3o ser\u00e1 do reitor Augusto Rezende.&nbsp;<\/p>\n\n\n\n<p>Agrupados em sete \u00e1reas &#8211; Direito, Neg\u00f3cio, Sa\u00fade, Educa\u00e7\u00e3o, Servi\u00e7o Social, Agro e Tecnologia em Seguran\u00e7a P\u00fablica &#8211; os cursos ir\u00e3o discutir e prospectar acerca das quest\u00f5es profissionais: o mundo do trabalho e suas atuais exig\u00eancias (docentes), e a carreira no mundo do trabalho: habilidades necess\u00e1rias (discentes). Os organizadores explicam que ao final das discuss\u00f5es ser\u00e3o elaborados dois produtos: Dossi\u00ea das Prospec\u00e7\u00f5es (docentes) e Plano de Carreira (discentes). O Dossi\u00ea das Prospec\u00e7\u00f5es ser\u00e1 um dos documentos utilizados para a elabora\u00e7\u00e3o do Plano de Desenvolvimento Institucional (PDI), bem como para a atualiza\u00e7\u00e3o dos projetos pedag\u00f3gicos dos cursos ofertados pela Universidade.<\/p>\n\n\n\n<p>A professora Luzinete Moreira de Almeida, respons\u00e1vel pela Coordenadoria de Forma\u00e7\u00e3o Continuada, ressalta que a Semana Integrada constitui um momento propenso a discutir tend\u00eancias, prospectar cen\u00e1rios profissionais&nbsp;e se reconhecer num mundo de neg\u00f3cios impactados pelos avan\u00e7os da tecnologia (internet 5G, internet das coisas \u2013 IoT, metaverso, etc). \u201cSabemos que a tecnologia promove mudan\u00e7as na forma de consumir, produzir e de se relacionar, resvalando na forma de ofertar e desenvolver nossos projetos pedag\u00f3gicos e processos de gest\u00e3o\u201d, destaca a professora.<\/p>\n\n\n\n<p>Luzinete questiona. &#8220;Estamos atentos a esses avan\u00e7os? Estamos incorporando-os em nosso neg\u00f3cio? Para nossa miss\u00e3o, que \u00e9 formar profissionais que possam atender as necessidades da sociedade, \u00e9 primordial o conhecimento e entendimento desses cen\u00e1rios com o prop\u00f3sito de atualizar nossas entregas, caso contr\u00e1rio toda nossa a\u00e7\u00e3o \u00e9 in\u00f3cua, pois estaremos na retaguarda no processo da educa\u00e7\u00e3o\u201d, comenta a professora, enfatizando que o objetivo \u00e9 estar na vanguarda.<\/p>\n\n\n\n<p>Para Ana M\u00e1rcia Gurski, respons\u00e1vel pela Coordenadoria de Assuntos Estudantis e Esporte, a Semana Integrada se apresenta como uma \u00f3tima oportunidade de integra\u00e7\u00e3o da comunidade acad\u00eamica, professores, estudantes e t\u00e9cnicos administrativos. \u201cEsse \u00e9 o papel da Universidade: pensar em&nbsp;t\u00e9cnicas para o fortalecimento e desenvolvimento pessoal dos nossos acad\u00eamicos, buscando motiv\u00e1-los na sua prepara\u00e7\u00e3o para o mercado de trabalho\u201d, ressalta.<\/p>\n\n\n\n<p>A vice-reitora Darlene Castro pontua que a Semana Integrada deste ano tem como foco potencializar os resultados e alavancar o crescimento profissional dos acad\u00eamicos. \u201cNovamente&nbsp;teremos a participa\u00e7\u00e3o de toda comunidade acad\u00eamica: professores, alunos e equipe t\u00e9cnica, com uma programa\u00e7\u00e3o que foi cuidadosamente pensada e que trar\u00e1 resultados significativos para a finaliza\u00e7\u00e3o do nosso PDI 2023-2027\u201d, destaca a vice-reitora.<br><br>A programa\u00e7\u00e3o completa pode ser conferida&nbsp;<a href=\"https:\/\/sites.google.com\/unitins.br\/ddpi\" target=\"_blank\" rel=\"noreferrer noopener\">aqui.<\/a>&nbsp;<\/p>\n","protected":false},"excerpt":{"rendered":"<p>Da Reda\u00e7\u00e3o do CP Not\u00edcias A Universidade Estadual do Tocantins (Unitins)\u00a0promove, entre os dias 1\u00ba a 6 de agosto, a Semana Integrada 2022 \u2013 Conhecendo cen\u00e1rios e pr\u00e1ticas exitosas: potencializando resultados e o crescimento profissional. Com uma programa\u00e7\u00e3o diferenciada para docentes e para discentes, o evento marca o retorno do per\u00edodo letivo em todos os [&hellip;]<\/p>\n","protected":false},"author":4,"featured_media":0,"comment_status":"open","ping_status":"open","sticky":false,"template":"","format":"standard","meta":{"_acf_changed":false,"footnotes":""},"categories":[8,21],"tags":[],"class_list":["post-60650","post","type-post","status-publish","format-standard","hentry","category-estado","category-todas-noticias"],"acf":[],"yoast_head":"<!-- This site is optimized with the Yoast SEO plugin v24.4 - https:\/\/yoast.com\/wordpress\/plugins\/seo\/ -->\n<title>Semana Integrada marca in\u00edcio do segundo semestre letivo na Unitins - PORTAL DE NOT\u00cdCIAS CLEITON PINHEIRO<\/title>\n<meta name=\"robots\" content=\"index, follow, max-snippet:-1, max-image-preview:large, max-video-preview:-1\" \/>\n<link rel=\"canonical\" href=\"https:\/\/cleitonpinheiro.com.br\/site\/semana-integrada-marca-inicio-do-segundo-semestre-letivo-na-unitins\/\" \/>\n<meta property=\"og:locale\" content=\"pt_BR\" \/>\n<meta property=\"og:type\" content=\"article\" \/>\n<meta property=\"og:title\" content=\"Semana Integrada marca in\u00edcio do segundo semestre letivo na Unitins - PORTAL DE NOT\u00cdCIAS CLEITON PINHEIRO\" \/>\n<meta property=\"og:description\" content=\"Da Reda\u00e7\u00e3o do CP Not\u00edcias A Universidade Estadual do Tocantins (Unitins)\u00a0promove, entre os dias 1\u00ba a 6 de agosto, a Semana Integrada 2022 \u2013 Conhecendo cen\u00e1rios e pr\u00e1ticas exitosas: potencializando resultados e o crescimento profissional. Com uma programa\u00e7\u00e3o diferenciada para docentes e para discentes, o evento marca o retorno do per\u00edodo letivo em todos os [&hellip;]\" \/>\n<meta property=\"og:url\" content=\"https:\/\/cleitonpinheiro.com.br\/site\/semana-integrada-marca-inicio-do-segundo-semestre-letivo-na-unitins\/\" \/>\n<meta property=\"og:site_name\" content=\"PORTAL DE NOT\u00cdCIAS CLEITON PINHEIRO\" \/>\n<meta property=\"article:publisher\" content=\"https:\/\/www.facebook.com\/portalcpnoticias\/\" \/>\n<meta property=\"article:published_time\" content=\"2022-07-28T18:16:36+00:00\" \/>\n<meta property=\"article:modified_time\" content=\"2022-07-28T18:27:20+00:00\" \/>\n<meta property=\"og:image\" content=\"https:\/\/cleitonpinheiro.com.br\/site\/wp-content\/uploads\/2022\/07\/Design-sem-nome-2022-07-28T151448-compressed.jpg\" \/>\n\t<meta property=\"og:image:width\" content=\"750\" \/>\n\t<meta property=\"og:image:height\" content=\"450\" \/>\n\t<meta property=\"og:image:type\" content=\"image\/jpeg\" \/>\n<meta name=\"author\" content=\"Dermival Pereira\" \/>\n<meta name=\"twitter:card\" content=\"summary_large_image\" \/>\n<meta name=\"twitter:label1\" content=\"Escrito por\" \/>\n\t<meta name=\"twitter:data1\" content=\"Dermival Pereira\" \/>\n\t<meta name=\"twitter:label2\" content=\"Est. tempo de leitura\" \/>\n\t<meta name=\"twitter:data2\" content=\"3 minutos\" \/>\n<script type=\"application\/ld+json\" class=\"yoast-schema-graph\">{\"@context\":\"https:\/\/schema.org\",\"@graph\":[{\"@type\":\"Article\",\"@id\":\"https:\/\/cleitonpinheiro.com.br\/site\/semana-integrada-marca-inicio-do-segundo-semestre-letivo-na-unitins\/#article\",\"isPartOf\":{\"@id\":\"https:\/\/cleitonpinheiro.com.br\/site\/semana-integrada-marca-inicio-do-segundo-semestre-letivo-na-unitins\/\"},\"author\":{\"name\":\"Dermival Pereira\",\"@id\":\"https:\/\/cleitonpinheiro.com.br\/site\/#\/schema\/person\/aac6d7f311e80c43042e98a900b03cd8\"},\"headline\":\"Semana Integrada marca in\u00edcio do segundo semestre letivo na Unitins\",\"datePublished\":\"2022-07-28T18:16:36+00:00\",\"dateModified\":\"2022-07-28T18:27:20+00:00\",\"mainEntityOfPage\":{\"@id\":\"https:\/\/cleitonpinheiro.com.br\/site\/semana-integrada-marca-inicio-do-segundo-semestre-letivo-na-unitins\/\"},\"wordCount\":648,\"commentCount\":0,\"publisher\":{\"@id\":\"https:\/\/cleitonpinheiro.com.br\/site\/#organization\"},\"image\":{\"@id\":\"https:\/\/cleitonpinheiro.com.br\/site\/semana-integrada-marca-inicio-do-segundo-semestre-letivo-na-unitins\/#primaryimage\"},\"thumbnailUrl\":\"https:\/\/cleitonpinheiro.com.br\/site\/wp-content\/uploads\/2022\/07\/Design-sem-nome-2022-07-28T151448-compressed-1.jpg\",\"articleSection\":[\"ESTADO\",\"TODAS NOTICIAS\"],\"inLanguage\":\"pt-BR\",\"potentialAction\":[{\"@type\":\"CommentAction\",\"name\":\"Comment\",\"target\":[\"https:\/\/cleitonpinheiro.com.br\/site\/semana-integrada-marca-inicio-do-segundo-semestre-letivo-na-unitins\/#respond\"]}]},{\"@type\":\"WebPage\",\"@id\":\"https:\/\/cleitonpinheiro.com.br\/site\/semana-integrada-marca-inicio-do-segundo-semestre-letivo-na-unitins\/\",\"url\":\"https:\/\/cleitonpinheiro.com.br\/site\/semana-integrada-marca-inicio-do-segundo-semestre-letivo-na-unitins\/\",\"name\":\"Semana Integrada marca in\u00edcio do segundo semestre letivo na Unitins - PORTAL DE NOT\u00cdCIAS CLEITON PINHEIRO\",\"isPartOf\":{\"@id\":\"https:\/\/cleitonpinheiro.com.br\/site\/#website\"},\"primaryImageOfPage\":{\"@id\":\"https:\/\/cleitonpinheiro.com.br\/site\/semana-integrada-marca-inicio-do-segundo-semestre-letivo-na-unitins\/#primaryimage\"},\"image\":{\"@id\":\"https:\/\/cleitonpinheiro.com.br\/site\/semana-integrada-marca-inicio-do-segundo-semestre-letivo-na-unitins\/#primaryimage\"},\"thumbnailUrl\":\"https:\/\/cleitonpinheiro.com.br\/site\/wp-content\/uploads\/2022\/07\/Design-sem-nome-2022-07-28T151448-compressed-1.jpg\",\"datePublished\":\"2022-07-28T18:16:36+00:00\",\"dateModified\":\"2022-07-28T18:27:20+00:00\",\"breadcrumb\":{\"@id\":\"https:\/\/cleitonpinheiro.com.br\/site\/semana-integrada-marca-inicio-do-segundo-semestre-letivo-na-unitins\/#breadcrumb\"},\"inLanguage\":\"pt-BR\",\"potentialAction\":[{\"@type\":\"ReadAction\",\"target\":[\"https:\/\/cleitonpinheiro.com.br\/site\/semana-integrada-marca-inicio-do-segundo-semestre-letivo-na-unitins\/\"]}]},{\"@type\":\"ImageObject\",\"inLanguage\":\"pt-BR\",\"@id\":\"https:\/\/cleitonpinheiro.com.br\/site\/semana-integrada-marca-inicio-do-segundo-semestre-letivo-na-unitins\/#primaryimage\",\"url\":\"\",\"contentUrl\":\"\"},{\"@type\":\"BreadcrumbList\",\"@id\":\"https:\/\/cleitonpinheiro.com.br\/site\/semana-integrada-marca-inicio-do-segundo-semestre-letivo-na-unitins\/#breadcrumb\",\"itemListElement\":[{\"@type\":\"ListItem\",\"position\":1,\"name\":\"In\u00edcio\",\"item\":\"https:\/\/cleitonpinheiro.com.br\/site\/\"},{\"@type\":\"ListItem\",\"position\":2,\"name\":\"Semana Integrada marca in\u00edcio do segundo semestre letivo na Unitins\"}]},{\"@type\":\"WebSite\",\"@id\":\"https:\/\/cleitonpinheiro.com.br\/site\/#website\",\"url\":\"https:\/\/cleitonpinheiro.com.br\/site\/\",\"name\":\"PORTAL DE NOT\u00cdCIAS CLEITON PINHEIRO\",\"description\":\"FALANDO A VERDADE\",\"publisher\":{\"@id\":\"https:\/\/cleitonpinheiro.com.br\/site\/#organization\"},\"potentialAction\":[{\"@type\":\"SearchAction\",\"target\":{\"@type\":\"EntryPoint\",\"urlTemplate\":\"https:\/\/cleitonpinheiro.com.br\/site\/?s={search_term_string}\"},\"query-input\":{\"@type\":\"PropertyValueSpecification\",\"valueRequired\":true,\"valueName\":\"search_term_string\"}}],\"inLanguage\":\"pt-BR\"},{\"@type\":\"Organization\",\"@id\":\"https:\/\/cleitonpinheiro.com.br\/site\/#organization\",\"name\":\"CPNOT\u00cdCIAS\",\"url\":\"https:\/\/cleitonpinheiro.com.br\/site\/\",\"logo\":{\"@type\":\"ImageObject\",\"inLanguage\":\"pt-BR\",\"@id\":\"https:\/\/cleitonpinheiro.com.br\/site\/#\/schema\/logo\/image\/\",\"url\":\"https:\/\/cleitonpinheiro.com.br\/site\/wp-content\/uploads\/2022\/08\/Logo-pequena-2.png\",\"contentUrl\":\"https:\/\/cleitonpinheiro.com.br\/site\/wp-content\/uploads\/2022\/08\/Logo-pequena-2.png\",\"width\":500,\"height\":500,\"caption\":\"CPNOT\u00cdCIAS\"},\"image\":{\"@id\":\"https:\/\/cleitonpinheiro.com.br\/site\/#\/schema\/logo\/image\/\"},\"sameAs\":[\"https:\/\/www.facebook.com\/portalcpnoticias\/\"]},{\"@type\":\"Person\",\"@id\":\"https:\/\/cleitonpinheiro.com.br\/site\/#\/schema\/person\/aac6d7f311e80c43042e98a900b03cd8\",\"name\":\"Dermival Pereira\",\"image\":{\"@type\":\"ImageObject\",\"inLanguage\":\"pt-BR\",\"@id\":\"https:\/\/cleitonpinheiro.com.br\/site\/#\/schema\/person\/image\/\",\"url\":\"https:\/\/secure.gravatar.com\/avatar\/cfaebf3742d6bf8db728bcba3eed6bee37b02337a2e6c822994f20ca72a3784d?s=96&r=g\",\"contentUrl\":\"https:\/\/secure.gravatar.com\/avatar\/cfaebf3742d6bf8db728bcba3eed6bee37b02337a2e6c822994f20ca72a3784d?s=96&r=g\",\"caption\":\"Dermival Pereira\"},\"url\":\"https:\/\/cleitonpinheiro.com.br\/site\/author\/dermival\/\"}]}<\/script>\n<!-- \/ Yoast SEO plugin. -->","yoast_head_json":{"title":"Semana Integrada marca in\u00edcio do segundo semestre letivo na Unitins - PORTAL DE NOT\u00cdCIAS CLEITON PINHEIRO","robots":{"index":"index","follow":"follow","max-snippet":"max-snippet:-1","max-image-preview":"max-image-preview:large","max-video-preview":"max-video-preview:-1"},"canonical":"https:\/\/cleitonpinheiro.com.br\/site\/semana-integrada-marca-inicio-do-segundo-semestre-letivo-na-unitins\/","og_locale":"pt_BR","og_type":"article","og_title":"Semana Integrada marca in\u00edcio do segundo semestre letivo na Unitins - PORTAL DE NOT\u00cdCIAS CLEITON PINHEIRO","og_description":"Da Reda\u00e7\u00e3o do CP Not\u00edcias A Universidade Estadual do Tocantins (Unitins)\u00a0promove, entre os dias 1\u00ba a 6 de agosto, a Semana Integrada 2022 \u2013 Conhecendo cen\u00e1rios e pr\u00e1ticas exitosas: potencializando resultados e o crescimento profissional. Com uma programa\u00e7\u00e3o diferenciada para docentes e para discentes, o evento marca o retorno do per\u00edodo letivo em todos os [&hellip;]","og_url":"https:\/\/cleitonpinheiro.com.br\/site\/semana-integrada-marca-inicio-do-segundo-semestre-letivo-na-unitins\/","og_site_name":"PORTAL DE NOT\u00cdCIAS CLEITON PINHEIRO","article_publisher":"https:\/\/www.facebook.com\/portalcpnoticias\/","article_published_time":"2022-07-28T18:16:36+00:00","article_modified_time":"2022-07-28T18:27:20+00:00","og_image":[{"width":750,"height":450,"url":"https:\/\/cleitonpinheiro.com.br\/site\/wp-content\/uploads\/2022\/07\/Design-sem-nome-2022-07-28T151448-compressed.jpg","type":"image\/jpeg"}],"author":"Dermival Pereira","twitter_card":"summary_large_image","twitter_misc":{"Escrito por":"Dermival Pereira","Est. tempo de leitura":"3 minutos"},"schema":{"@context":"https:\/\/schema.org","@graph":[{"@type":"Article","@id":"https:\/\/cleitonpinheiro.com.br\/site\/semana-integrada-marca-inicio-do-segundo-semestre-letivo-na-unitins\/#article","isPartOf":{"@id":"https:\/\/cleitonpinheiro.com.br\/site\/semana-integrada-marca-inicio-do-segundo-semestre-letivo-na-unitins\/"},"author":{"name":"Dermival Pereira","@id":"https:\/\/cleitonpinheiro.com.br\/site\/#\/schema\/person\/aac6d7f311e80c43042e98a900b03cd8"},"headline":"Semana Integrada marca in\u00edcio do segundo semestre letivo na Unitins","datePublished":"2022-07-28T18:16:36+00:00","dateModified":"2022-07-28T18:27:20+00:00","mainEntityOfPage":{"@id":"https:\/\/cleitonpinheiro.com.br\/site\/semana-integrada-marca-inicio-do-segundo-semestre-letivo-na-unitins\/"},"wordCount":648,"commentCount":0,"publisher":{"@id":"https:\/\/cleitonpinheiro.com.br\/site\/#organization"},"image":{"@id":"https:\/\/cleitonpinheiro.com.br\/site\/semana-integrada-marca-inicio-do-segundo-semestre-letivo-na-unitins\/#primaryimage"},"thumbnailUrl":"https:\/\/cleitonpinheiro.com.br\/site\/wp-content\/uploads\/2022\/07\/Design-sem-nome-2022-07-28T151448-compressed-1.jpg","articleSection":["ESTADO","TODAS NOTICIAS"],"inLanguage":"pt-BR","potentialAction":[{"@type":"CommentAction","name":"Comment","target":["https:\/\/cleitonpinheiro.com.br\/site\/semana-integrada-marca-inicio-do-segundo-semestre-letivo-na-unitins\/#respond"]}]},{"@type":"WebPage","@id":"https:\/\/cleitonpinheiro.com.br\/site\/semana-integrada-marca-inicio-do-segundo-semestre-letivo-na-unitins\/","url":"https:\/\/cleitonpinheiro.com.br\/site\/semana-integrada-marca-inicio-do-segundo-semestre-letivo-na-unitins\/","name":"Semana Integrada marca in\u00edcio do segundo semestre letivo na Unitins - PORTAL DE NOT\u00cdCIAS CLEITON PINHEIRO","isPartOf":{"@id":"https:\/\/cleitonpinheiro.com.br\/site\/#website"},"primaryImageOfPage":{"@id":"https:\/\/cleitonpinheiro.com.br\/site\/semana-integrada-marca-inicio-do-segundo-semestre-letivo-na-unitins\/#primaryimage"},"image":{"@id":"https:\/\/cleitonpinheiro.com.br\/site\/semana-integrada-marca-inicio-do-segundo-semestre-letivo-na-unitins\/#primaryimage"},"thumbnailUrl":"https:\/\/cleitonpinheiro.com.br\/site\/wp-content\/uploads\/2022\/07\/Design-sem-nome-2022-07-28T151448-compressed-1.jpg","datePublished":"2022-07-28T18:16:36+00:00","dateModified":"2022-07-28T18:27:20+00:00","breadcrumb":{"@id":"https:\/\/cleitonpinheiro.com.br\/site\/semana-integrada-marca-inicio-do-segundo-semestre-letivo-na-unitins\/#breadcrumb"},"inLanguage":"pt-BR","potentialAction":[{"@type":"ReadAction","target":["https:\/\/cleitonpinheiro.com.br\/site\/semana-integrada-marca-inicio-do-segundo-semestre-letivo-na-unitins\/"]}]},{"@type":"ImageObject","inLanguage":"pt-BR","@id":"https:\/\/cleitonpinheiro.com.br\/site\/semana-integrada-marca-inicio-do-segundo-semestre-letivo-na-unitins\/#primaryimage","url":"","contentUrl":""},{"@type":"BreadcrumbList","@id":"https:\/\/cleitonpinheiro.com.br\/site\/semana-integrada-marca-inicio-do-segundo-semestre-letivo-na-unitins\/#breadcrumb","itemListElement":[{"@type":"ListItem","position":1,"name":"In\u00edcio","item":"https:\/\/cleitonpinheiro.com.br\/site\/"},{"@type":"ListItem","position":2,"name":"Semana Integrada marca in\u00edcio do segundo semestre letivo na Unitins"}]},{"@type":"WebSite","@id":"https:\/\/cleitonpinheiro.com.br\/site\/#website","url":"https:\/\/cleitonpinheiro.com.br\/site\/","name":"PORTAL DE NOT\u00cdCIAS CLEITON PINHEIRO","description":"FALANDO A VERDADE","publisher":{"@id":"https:\/\/cleitonpinheiro.com.br\/site\/#organization"},"potentialAction":[{"@type":"SearchAction","target":{"@type":"EntryPoint","urlTemplate":"https:\/\/cleitonpinheiro.com.br\/site\/?s={search_term_string}"},"query-input":{"@type":"PropertyValueSpecification","valueRequired":true,"valueName":"search_term_string"}}],"inLanguage":"pt-BR"},{"@type":"Organization","@id":"https:\/\/cleitonpinheiro.com.br\/site\/#organization","name":"CPNOT\u00cdCIAS","url":"https:\/\/cleitonpinheiro.com.br\/site\/","logo":{"@type":"ImageObject","inLanguage":"pt-BR","@id":"https:\/\/cleitonpinheiro.com.br\/site\/#\/schema\/logo\/image\/","url":"https:\/\/cleitonpinheiro.com.br\/site\/wp-content\/uploads\/2022\/08\/Logo-pequena-2.png","contentUrl":"https:\/\/cleitonpinheiro.com.br\/site\/wp-content\/uploads\/2022\/08\/Logo-pequena-2.png","width":500,"height":500,"caption":"CPNOT\u00cdCIAS"},"image":{"@id":"https:\/\/cleitonpinheiro.com.br\/site\/#\/schema\/logo\/image\/"},"sameAs":["https:\/\/www.facebook.com\/portalcpnoticias\/"]},{"@type":"Person","@id":"https:\/\/cleitonpinheiro.com.br\/site\/#\/schema\/person\/aac6d7f311e80c43042e98a900b03cd8","name":"Dermival Pereira","image":{"@type":"ImageObject","inLanguage":"pt-BR","@id":"https:\/\/cleitonpinheiro.com.br\/site\/#\/schema\/person\/image\/","url":"https:\/\/secure.gravatar.com\/avatar\/cfaebf3742d6bf8db728bcba3eed6bee37b02337a2e6c822994f20ca72a3784d?s=96&r=g","contentUrl":"https:\/\/secure.gravatar.com\/avatar\/cfaebf3742d6bf8db728bcba3eed6bee37b02337a2e6c822994f20ca72a3784d?s=96&r=g","caption":"Dermival Pereira"},"url":"https:\/\/cleitonpinheiro.com.br\/site\/author\/dermival\/"}]}},"views":307,"_links":{"self":[{"href":"https:\/\/cleitonpinheiro.com.br\/site\/wp-json\/wp\/v2\/posts\/60650","targetHints":{"allow":["GET"]}}],"collection":[{"href":"https:\/\/cleitonpinheiro.com.br\/site\/wp-json\/wp\/v2\/posts"}],"about":[{"href":"https:\/\/cleitonpinheiro.com.br\/site\/wp-json\/wp\/v2\/types\/post"}],"author":[{"embeddable":true,"href":"https:\/\/cleitonpinheiro.com.br\/site\/wp-json\/wp\/v2\/users\/4"}],"replies":[{"embeddable":true,"href":"https:\/\/cleitonpinheiro.com.br\/site\/wp-json\/wp\/v2\/comments?post=60650"}],"version-history":[{"count":1,"href":"https:\/\/cleitonpinheiro.com.br\/site\/wp-json\/wp\/v2\/posts\/60650\/revisions"}],"predecessor-version":[{"id":60657,"href":"https:\/\/cleitonpinheiro.com.br\/site\/wp-json\/wp\/v2\/posts\/60650\/revisions\/60657"}],"wp:attachment":[{"href":"https:\/\/cleitonpinheiro.com.br\/site\/wp-json\/wp\/v2\/media?parent=60650"}],"wp:term":[{"taxonomy":"category","embeddable":true,"href":"https:\/\/cleitonpinheiro.com.br\/site\/wp-json\/wp\/v2\/categories?post=60650"},{"taxonomy":"post_tag","embeddable":true,"href":"https:\/\/cleitonpinheiro.com.br\/site\/wp-json\/wp\/v2\/tags?post=60650"}],"curies":[{"name":"wp","href":"https:\/\/api.w.org\/{rel}","templated":true}]}}