{"id":60662,"date":"2022-07-28T15:26:57","date_gmt":"2022-07-28T18:26:57","guid":{"rendered":"https:\/\/cleitonpinheiro.com.br\/site\/?p=60662"},"modified":"2022-08-02T08:44:36","modified_gmt":"2022-08-02T11:44:36","slug":"saude-define-plano-de-contingencia-da-variola-dos-macacos","status":"publish","type":"post","link":"https:\/\/cleitonpinheiro.com.br\/site\/saude-define-plano-de-contingencia-da-variola-dos-macacos\/","title":{"rendered":"Equipes da Sa\u00fade do Tocantins definem plano de conting\u00eancia da var\u00edola dos macacos"},"content":{"rendered":"\n<figure class=\"wp-block-image size-full\"><img decoding=\"async\" src=\"https:\/\/cleitonpinheiro.com.br\/site\/wp-content\/uploads\/2022\/07\/4386f1641190d6b578561bb1c9d8de00.jpeg\" alt=\"\" class=\"wp-image-60663\"\/><figcaption><em>Plano ser\u00e1 divulgado dia 1\u00ba e enviado aos 139 munic\u00edpios &#8211; Foto: Divulga\u00e7\u00e3o\/SES<\/em><\/figcaption><\/figure>\n\n\n\n<p><strong>Da Reda\u00e7\u00e3o<\/strong><\/p>\n\n\n\n<p>Em reuni\u00e3o nesta quinta-feira, 28, equipes t\u00e9cnicas da Secretaria de Estado da Sa\u00fade (SES-TO) realizaram a consolida\u00e7\u00e3o do Plano Estadual de Conting\u00eancia para Monkeypox. O plano ter\u00e1 a defini\u00e7\u00e3o da doen\u00e7a, sinais, sintomas, orienta\u00e7\u00f5es para assist\u00eancia, unidades de refer\u00eancia, orienta\u00e7\u00f5es para coleta, transporte e armazenamento de amostras biol\u00f3gicas e fluxos laboratoriais.<\/p>\n\n\n\n<p>A reuni\u00e3o contou com a participa\u00e7\u00e3o das Superintend\u00eancias de Vigil\u00e2ncia em Sa\u00fade (SVS), Pol\u00edticas de Aten\u00e7\u00e3o \u00e0 Sa\u00fade (SPAS) e Unidades Hospitalares Pr\u00f3prias (SUHP). O plano ser\u00e1 publicado no dia 1\u00ba de agosto e encaminhado para os 139 munic\u00edpios.<\/p>\n\n\n\n<p>A superintendente de Vigil\u00e2ncia em Sa\u00fade, Perciliana Bezerra, refor\u00e7ou as medidas de preven\u00e7\u00e3o. \u201cNo Tocantins foi registrado apenas um caso da doen\u00e7a, o paciente j\u00e1 recebeu alta m\u00e9dica. Nossas equipes de vigil\u00e2ncia acompanharam os contatos do paciente e n\u00e3o houve contamina\u00e7\u00e3o de mais pessoas. A popula\u00e7\u00e3o deve ficar tranquila, a preven\u00e7\u00e3o da doen\u00e7a e a mesma para a Covid-19, manter distanciamento, higieniza\u00e7\u00e3o de m\u00e3os e ambientes. A transmiss\u00e3o da doen\u00e7a \u00e9 por contato direto com pessoas contaminadas, contato pele\/pele, pessoal, ou obviamente atrav\u00e9s do contato com objetos pessoais de um paciente que est\u00e1 infectado com a var\u00edola dos macacos\u201d, disse.<\/p>\n\n\n\n<p><strong>Doen\u00e7a<\/strong><\/p>\n\n\n\n<p>Segundo o Minist\u00e9rio da Sa\u00fade (MS), a doen\u00e7a causada pelo v\u00edrus Monkeypox V\u00edrus (MPXV) \u00e9 transmitida por animais (zoonose) e sua transmiss\u00e3o para humanos pode ocorrer atrav\u00e9s do contato com um animal ou pessoa infectada, ou ainda com material corporal humano contendo o v\u00edrus. Essa zoonose \u00e9 conhecida pela Organiza\u00e7\u00e3o Mundial da Sa\u00fade (OMS) desde 1970, quando observou-se a ocorr\u00eancia de casos espor\u00e1dicos relacionados a viagens realizadas nas regi\u00f5es end\u00eamicas de floresta no Centro-Oeste da \u00c1frica.<\/p>\n\n\n\n<p>A Monkeypox \u00e9 geralmente uma doen\u00e7a autolimitada, cujos sinais e sintomas duram de 2 a 4 semanas. O Monkeypox \u00e9 transmitido de pessoa para pessoa atrav\u00e9s do contato direto com feridas infecciosas, crostas ou fluidos corporais, com materiais que tocam fluidos corporais ou feridas, como roupas ou len\u00e7\u00f3is ou com secre\u00e7\u00f5es respirat\u00f3rias durante o contato pessoal prolongado.<\/p>\n\n\n\n<p><strong>Atendimentos<\/strong><\/p>\n\n\n\n<p>O atendimento inicial deve ser realizado, preferencialmente, nas Unidades B\u00e1sicas de Sa\u00fade (UBSs), indicando-se interna\u00e7\u00e3o hospitalar para casos que apresentem sinais de gravidade. Para preven\u00e7\u00e3o de casos recomenda-se para profissionais da sa\u00fade o uso de equipamentos de prote\u00e7\u00e3o individual (EPI) como m\u00e1scaras cir\u00fargicas, \u00f3culos, luvas e avental, al\u00e9m da higieniza\u00e7\u00e3o das m\u00e3os antes e ap\u00f3s cada atendimento.<\/p>\n","protected":false},"excerpt":{"rendered":"<p>Da Reda\u00e7\u00e3o Em reuni\u00e3o nesta quinta-feira, 28, equipes t\u00e9cnicas da Secretaria de Estado da Sa\u00fade (SES-TO) realizaram a consolida\u00e7\u00e3o do Plano Estadual de Conting\u00eancia para Monkeypox. O plano ter\u00e1 a defini\u00e7\u00e3o da doen\u00e7a, sinais, sintomas, orienta\u00e7\u00f5es para assist\u00eancia, unidades de refer\u00eancia, orienta\u00e7\u00f5es para coleta, transporte e armazenamento de amostras biol\u00f3gicas e fluxos laboratoriais. A reuni\u00e3o [&hellip;]<\/p>\n","protected":false},"author":9,"featured_media":0,"comment_status":"open","ping_status":"open","sticky":false,"template":"","format":"standard","meta":{"_acf_changed":false,"footnotes":""},"categories":[8,21],"tags":[],"class_list":["post-60662","post","type-post","status-publish","format-standard","hentry","category-estado","category-todas-noticias"],"acf":[],"yoast_head":"<!-- This site is optimized with the Yoast SEO plugin v24.4 - https:\/\/yoast.com\/wordpress\/plugins\/seo\/ -->\n<title>Equipes da Sa\u00fade do Tocantins definem plano de conting\u00eancia da var\u00edola dos macacos - PORTAL DE NOT\u00cdCIAS CLEITON PINHEIRO<\/title>\n<meta name=\"robots\" content=\"index, follow, max-snippet:-1, max-image-preview:large, max-video-preview:-1\" \/>\n<link rel=\"canonical\" href=\"https:\/\/cleitonpinheiro.com.br\/site\/saude-define-plano-de-contingencia-da-variola-dos-macacos\/\" \/>\n<meta property=\"og:locale\" content=\"pt_BR\" \/>\n<meta property=\"og:type\" content=\"article\" \/>\n<meta property=\"og:title\" content=\"Equipes da Sa\u00fade do Tocantins definem plano de conting\u00eancia da var\u00edola dos macacos - PORTAL DE NOT\u00cdCIAS CLEITON PINHEIRO\" \/>\n<meta property=\"og:description\" content=\"Da Reda\u00e7\u00e3o Em reuni\u00e3o nesta quinta-feira, 28, equipes t\u00e9cnicas da Secretaria de Estado da Sa\u00fade (SES-TO) realizaram a consolida\u00e7\u00e3o do Plano Estadual de Conting\u00eancia para Monkeypox. O plano ter\u00e1 a defini\u00e7\u00e3o da doen\u00e7a, sinais, sintomas, orienta\u00e7\u00f5es para assist\u00eancia, unidades de refer\u00eancia, orienta\u00e7\u00f5es para coleta, transporte e armazenamento de amostras biol\u00f3gicas e fluxos laboratoriais. A reuni\u00e3o [&hellip;]\" \/>\n<meta property=\"og:url\" content=\"https:\/\/cleitonpinheiro.com.br\/site\/saude-define-plano-de-contingencia-da-variola-dos-macacos\/\" \/>\n<meta property=\"og:site_name\" content=\"PORTAL DE NOT\u00cdCIAS CLEITON PINHEIRO\" \/>\n<meta property=\"article:publisher\" content=\"https:\/\/www.facebook.com\/portalcpnoticias\/\" \/>\n<meta property=\"article:published_time\" content=\"2022-07-28T18:26:57+00:00\" \/>\n<meta property=\"article:modified_time\" content=\"2022-08-02T11:44:36+00:00\" \/>\n<meta property=\"og:image\" content=\"https:\/\/cleitonpinheiro.com.br\/site\/wp-content\/uploads\/2022\/07\/Design-sem-nome-2022-08-01T105456-compressed.jpg\" \/>\n\t<meta property=\"og:image:width\" content=\"750\" \/>\n\t<meta property=\"og:image:height\" content=\"450\" \/>\n\t<meta property=\"og:image:type\" content=\"image\/jpeg\" \/>\n<meta name=\"author\" content=\"RGF Sistemas\" \/>\n<meta name=\"twitter:card\" content=\"summary_large_image\" \/>\n<meta name=\"twitter:label1\" content=\"Escrito por\" \/>\n\t<meta name=\"twitter:data1\" content=\"RGF Sistemas\" \/>\n\t<meta name=\"twitter:label2\" content=\"Est. tempo de leitura\" \/>\n\t<meta name=\"twitter:data2\" content=\"3 minutos\" \/>\n<script type=\"application\/ld+json\" class=\"yoast-schema-graph\">{\"@context\":\"https:\/\/schema.org\",\"@graph\":[{\"@type\":\"Article\",\"@id\":\"https:\/\/cleitonpinheiro.com.br\/site\/saude-define-plano-de-contingencia-da-variola-dos-macacos\/#article\",\"isPartOf\":{\"@id\":\"https:\/\/cleitonpinheiro.com.br\/site\/saude-define-plano-de-contingencia-da-variola-dos-macacos\/\"},\"author\":{\"name\":\"RGF Sistemas\",\"@id\":\"https:\/\/cleitonpinheiro.com.br\/site\/#\/schema\/person\/b7621891c193194dd412fdc1ff9b2b41\"},\"headline\":\"Equipes da Sa\u00fade do Tocantins definem plano de conting\u00eancia da var\u00edola dos macacos\",\"datePublished\":\"2022-07-28T18:26:57+00:00\",\"dateModified\":\"2022-08-02T11:44:36+00:00\",\"mainEntityOfPage\":{\"@id\":\"https:\/\/cleitonpinheiro.com.br\/site\/saude-define-plano-de-contingencia-da-variola-dos-macacos\/\"},\"wordCount\":476,\"commentCount\":0,\"publisher\":{\"@id\":\"https:\/\/cleitonpinheiro.com.br\/site\/#organization\"},\"image\":{\"@id\":\"https:\/\/cleitonpinheiro.com.br\/site\/saude-define-plano-de-contingencia-da-variola-dos-macacos\/#primaryimage\"},\"thumbnailUrl\":\"https:\/\/cleitonpinheiro.com.br\/site\/wp-content\/uploads\/2022\/07\/4386f1641190d6b578561bb1c9d8de00.jpeg\",\"articleSection\":[\"ESTADO\",\"TODAS NOTICIAS\"],\"inLanguage\":\"pt-BR\",\"potentialAction\":[{\"@type\":\"CommentAction\",\"name\":\"Comment\",\"target\":[\"https:\/\/cleitonpinheiro.com.br\/site\/saude-define-plano-de-contingencia-da-variola-dos-macacos\/#respond\"]}]},{\"@type\":\"WebPage\",\"@id\":\"https:\/\/cleitonpinheiro.com.br\/site\/saude-define-plano-de-contingencia-da-variola-dos-macacos\/\",\"url\":\"https:\/\/cleitonpinheiro.com.br\/site\/saude-define-plano-de-contingencia-da-variola-dos-macacos\/\",\"name\":\"Equipes da Sa\u00fade do Tocantins definem plano de conting\u00eancia da var\u00edola dos macacos - PORTAL DE NOT\u00cdCIAS CLEITON PINHEIRO\",\"isPartOf\":{\"@id\":\"https:\/\/cleitonpinheiro.com.br\/site\/#website\"},\"primaryImageOfPage\":{\"@id\":\"https:\/\/cleitonpinheiro.com.br\/site\/saude-define-plano-de-contingencia-da-variola-dos-macacos\/#primaryimage\"},\"image\":{\"@id\":\"https:\/\/cleitonpinheiro.com.br\/site\/saude-define-plano-de-contingencia-da-variola-dos-macacos\/#primaryimage\"},\"thumbnailUrl\":\"https:\/\/cleitonpinheiro.com.br\/site\/wp-content\/uploads\/2022\/07\/4386f1641190d6b578561bb1c9d8de00.jpeg\",\"datePublished\":\"2022-07-28T18:26:57+00:00\",\"dateModified\":\"2022-08-02T11:44:36+00:00\",\"breadcrumb\":{\"@id\":\"https:\/\/cleitonpinheiro.com.br\/site\/saude-define-plano-de-contingencia-da-variola-dos-macacos\/#breadcrumb\"},\"inLanguage\":\"pt-BR\",\"potentialAction\":[{\"@type\":\"ReadAction\",\"target\":[\"https:\/\/cleitonpinheiro.com.br\/site\/saude-define-plano-de-contingencia-da-variola-dos-macacos\/\"]}]},{\"@type\":\"ImageObject\",\"inLanguage\":\"pt-BR\",\"@id\":\"https:\/\/cleitonpinheiro.com.br\/site\/saude-define-plano-de-contingencia-da-variola-dos-macacos\/#primaryimage\",\"url\":\"\",\"contentUrl\":\"\"},{\"@type\":\"BreadcrumbList\",\"@id\":\"https:\/\/cleitonpinheiro.com.br\/site\/saude-define-plano-de-contingencia-da-variola-dos-macacos\/#breadcrumb\",\"itemListElement\":[{\"@type\":\"ListItem\",\"position\":1,\"name\":\"In\u00edcio\",\"item\":\"https:\/\/cleitonpinheiro.com.br\/site\/\"},{\"@type\":\"ListItem\",\"position\":2,\"name\":\"Equipes da Sa\u00fade do Tocantins definem plano de conting\u00eancia da var\u00edola dos macacos\"}]},{\"@type\":\"WebSite\",\"@id\":\"https:\/\/cleitonpinheiro.com.br\/site\/#website\",\"url\":\"https:\/\/cleitonpinheiro.com.br\/site\/\",\"name\":\"PORTAL DE NOT\u00cdCIAS CLEITON PINHEIRO\",\"description\":\"FALANDO A VERDADE\",\"publisher\":{\"@id\":\"https:\/\/cleitonpinheiro.com.br\/site\/#organization\"},\"potentialAction\":[{\"@type\":\"SearchAction\",\"target\":{\"@type\":\"EntryPoint\",\"urlTemplate\":\"https:\/\/cleitonpinheiro.com.br\/site\/?s={search_term_string}\"},\"query-input\":{\"@type\":\"PropertyValueSpecification\",\"valueRequired\":true,\"valueName\":\"search_term_string\"}}],\"inLanguage\":\"pt-BR\"},{\"@type\":\"Organization\",\"@id\":\"https:\/\/cleitonpinheiro.com.br\/site\/#organization\",\"name\":\"CPNOT\u00cdCIAS\",\"url\":\"https:\/\/cleitonpinheiro.com.br\/site\/\",\"logo\":{\"@type\":\"ImageObject\",\"inLanguage\":\"pt-BR\",\"@id\":\"https:\/\/cleitonpinheiro.com.br\/site\/#\/schema\/logo\/image\/\",\"url\":\"https:\/\/cleitonpinheiro.com.br\/site\/wp-content\/uploads\/2022\/08\/Logo-pequena-2.png\",\"contentUrl\":\"https:\/\/cleitonpinheiro.com.br\/site\/wp-content\/uploads\/2022\/08\/Logo-pequena-2.png\",\"width\":500,\"height\":500,\"caption\":\"CPNOT\u00cdCIAS\"},\"image\":{\"@id\":\"https:\/\/cleitonpinheiro.com.br\/site\/#\/schema\/logo\/image\/\"},\"sameAs\":[\"https:\/\/www.facebook.com\/portalcpnoticias\/\"]},{\"@type\":\"Person\",\"@id\":\"https:\/\/cleitonpinheiro.com.br\/site\/#\/schema\/person\/b7621891c193194dd412fdc1ff9b2b41\",\"name\":\"RGF Sistemas\",\"image\":{\"@type\":\"ImageObject\",\"inLanguage\":\"pt-BR\",\"@id\":\"https:\/\/cleitonpinheiro.com.br\/site\/#\/schema\/person\/image\/\",\"url\":\"https:\/\/secure.gravatar.com\/avatar\/59e110c11e5eecf4636340abed101b4cddb70ca9f64acab0fe8863bcc0a66b2d?s=96&r=g\",\"contentUrl\":\"https:\/\/secure.gravatar.com\/avatar\/59e110c11e5eecf4636340abed101b4cddb70ca9f64acab0fe8863bcc0a66b2d?s=96&r=g\",\"caption\":\"RGF Sistemas\"},\"url\":\"https:\/\/cleitonpinheiro.com.br\/site\/author\/rgfsite\/\"}]}<\/script>\n<!-- \/ Yoast SEO plugin. -->","yoast_head_json":{"title":"Equipes da Sa\u00fade do Tocantins definem plano de conting\u00eancia da var\u00edola dos macacos - PORTAL DE NOT\u00cdCIAS CLEITON PINHEIRO","robots":{"index":"index","follow":"follow","max-snippet":"max-snippet:-1","max-image-preview":"max-image-preview:large","max-video-preview":"max-video-preview:-1"},"canonical":"https:\/\/cleitonpinheiro.com.br\/site\/saude-define-plano-de-contingencia-da-variola-dos-macacos\/","og_locale":"pt_BR","og_type":"article","og_title":"Equipes da Sa\u00fade do Tocantins definem plano de conting\u00eancia da var\u00edola dos macacos - PORTAL DE NOT\u00cdCIAS CLEITON PINHEIRO","og_description":"Da Reda\u00e7\u00e3o Em reuni\u00e3o nesta quinta-feira, 28, equipes t\u00e9cnicas da Secretaria de Estado da Sa\u00fade (SES-TO) realizaram a consolida\u00e7\u00e3o do Plano Estadual de Conting\u00eancia para Monkeypox. O plano ter\u00e1 a defini\u00e7\u00e3o da doen\u00e7a, sinais, sintomas, orienta\u00e7\u00f5es para assist\u00eancia, unidades de refer\u00eancia, orienta\u00e7\u00f5es para coleta, transporte e armazenamento de amostras biol\u00f3gicas e fluxos laboratoriais. A reuni\u00e3o [&hellip;]","og_url":"https:\/\/cleitonpinheiro.com.br\/site\/saude-define-plano-de-contingencia-da-variola-dos-macacos\/","og_site_name":"PORTAL DE NOT\u00cdCIAS CLEITON PINHEIRO","article_publisher":"https:\/\/www.facebook.com\/portalcpnoticias\/","article_published_time":"2022-07-28T18:26:57+00:00","article_modified_time":"2022-08-02T11:44:36+00:00","og_image":[{"width":750,"height":450,"url":"https:\/\/cleitonpinheiro.com.br\/site\/wp-content\/uploads\/2022\/07\/Design-sem-nome-2022-08-01T105456-compressed.jpg","type":"image\/jpeg"}],"author":"RGF Sistemas","twitter_card":"summary_large_image","twitter_misc":{"Escrito por":"RGF Sistemas","Est. tempo de leitura":"3 minutos"},"schema":{"@context":"https:\/\/schema.org","@graph":[{"@type":"Article","@id":"https:\/\/cleitonpinheiro.com.br\/site\/saude-define-plano-de-contingencia-da-variola-dos-macacos\/#article","isPartOf":{"@id":"https:\/\/cleitonpinheiro.com.br\/site\/saude-define-plano-de-contingencia-da-variola-dos-macacos\/"},"author":{"name":"RGF Sistemas","@id":"https:\/\/cleitonpinheiro.com.br\/site\/#\/schema\/person\/b7621891c193194dd412fdc1ff9b2b41"},"headline":"Equipes da Sa\u00fade do Tocantins definem plano de conting\u00eancia da var\u00edola dos macacos","datePublished":"2022-07-28T18:26:57+00:00","dateModified":"2022-08-02T11:44:36+00:00","mainEntityOfPage":{"@id":"https:\/\/cleitonpinheiro.com.br\/site\/saude-define-plano-de-contingencia-da-variola-dos-macacos\/"},"wordCount":476,"commentCount":0,"publisher":{"@id":"https:\/\/cleitonpinheiro.com.br\/site\/#organization"},"image":{"@id":"https:\/\/cleitonpinheiro.com.br\/site\/saude-define-plano-de-contingencia-da-variola-dos-macacos\/#primaryimage"},"thumbnailUrl":"https:\/\/cleitonpinheiro.com.br\/site\/wp-content\/uploads\/2022\/07\/4386f1641190d6b578561bb1c9d8de00.jpeg","articleSection":["ESTADO","TODAS NOTICIAS"],"inLanguage":"pt-BR","potentialAction":[{"@type":"CommentAction","name":"Comment","target":["https:\/\/cleitonpinheiro.com.br\/site\/saude-define-plano-de-contingencia-da-variola-dos-macacos\/#respond"]}]},{"@type":"WebPage","@id":"https:\/\/cleitonpinheiro.com.br\/site\/saude-define-plano-de-contingencia-da-variola-dos-macacos\/","url":"https:\/\/cleitonpinheiro.com.br\/site\/saude-define-plano-de-contingencia-da-variola-dos-macacos\/","name":"Equipes da Sa\u00fade do Tocantins definem plano de conting\u00eancia da var\u00edola dos macacos - PORTAL DE NOT\u00cdCIAS CLEITON PINHEIRO","isPartOf":{"@id":"https:\/\/cleitonpinheiro.com.br\/site\/#website"},"primaryImageOfPage":{"@id":"https:\/\/cleitonpinheiro.com.br\/site\/saude-define-plano-de-contingencia-da-variola-dos-macacos\/#primaryimage"},"image":{"@id":"https:\/\/cleitonpinheiro.com.br\/site\/saude-define-plano-de-contingencia-da-variola-dos-macacos\/#primaryimage"},"thumbnailUrl":"https:\/\/cleitonpinheiro.com.br\/site\/wp-content\/uploads\/2022\/07\/4386f1641190d6b578561bb1c9d8de00.jpeg","datePublished":"2022-07-28T18:26:57+00:00","dateModified":"2022-08-02T11:44:36+00:00","breadcrumb":{"@id":"https:\/\/cleitonpinheiro.com.br\/site\/saude-define-plano-de-contingencia-da-variola-dos-macacos\/#breadcrumb"},"inLanguage":"pt-BR","potentialAction":[{"@type":"ReadAction","target":["https:\/\/cleitonpinheiro.com.br\/site\/saude-define-plano-de-contingencia-da-variola-dos-macacos\/"]}]},{"@type":"ImageObject","inLanguage":"pt-BR","@id":"https:\/\/cleitonpinheiro.com.br\/site\/saude-define-plano-de-contingencia-da-variola-dos-macacos\/#primaryimage","url":"","contentUrl":""},{"@type":"BreadcrumbList","@id":"https:\/\/cleitonpinheiro.com.br\/site\/saude-define-plano-de-contingencia-da-variola-dos-macacos\/#breadcrumb","itemListElement":[{"@type":"ListItem","position":1,"name":"In\u00edcio","item":"https:\/\/cleitonpinheiro.com.br\/site\/"},{"@type":"ListItem","position":2,"name":"Equipes da Sa\u00fade do Tocantins definem plano de conting\u00eancia da var\u00edola dos macacos"}]},{"@type":"WebSite","@id":"https:\/\/cleitonpinheiro.com.br\/site\/#website","url":"https:\/\/cleitonpinheiro.com.br\/site\/","name":"PORTAL DE NOT\u00cdCIAS CLEITON PINHEIRO","description":"FALANDO A VERDADE","publisher":{"@id":"https:\/\/cleitonpinheiro.com.br\/site\/#organization"},"potentialAction":[{"@type":"SearchAction","target":{"@type":"EntryPoint","urlTemplate":"https:\/\/cleitonpinheiro.com.br\/site\/?s={search_term_string}"},"query-input":{"@type":"PropertyValueSpecification","valueRequired":true,"valueName":"search_term_string"}}],"inLanguage":"pt-BR"},{"@type":"Organization","@id":"https:\/\/cleitonpinheiro.com.br\/site\/#organization","name":"CPNOT\u00cdCIAS","url":"https:\/\/cleitonpinheiro.com.br\/site\/","logo":{"@type":"ImageObject","inLanguage":"pt-BR","@id":"https:\/\/cleitonpinheiro.com.br\/site\/#\/schema\/logo\/image\/","url":"https:\/\/cleitonpinheiro.com.br\/site\/wp-content\/uploads\/2022\/08\/Logo-pequena-2.png","contentUrl":"https:\/\/cleitonpinheiro.com.br\/site\/wp-content\/uploads\/2022\/08\/Logo-pequena-2.png","width":500,"height":500,"caption":"CPNOT\u00cdCIAS"},"image":{"@id":"https:\/\/cleitonpinheiro.com.br\/site\/#\/schema\/logo\/image\/"},"sameAs":["https:\/\/www.facebook.com\/portalcpnoticias\/"]},{"@type":"Person","@id":"https:\/\/cleitonpinheiro.com.br\/site\/#\/schema\/person\/b7621891c193194dd412fdc1ff9b2b41","name":"RGF Sistemas","image":{"@type":"ImageObject","inLanguage":"pt-BR","@id":"https:\/\/cleitonpinheiro.com.br\/site\/#\/schema\/person\/image\/","url":"https:\/\/secure.gravatar.com\/avatar\/59e110c11e5eecf4636340abed101b4cddb70ca9f64acab0fe8863bcc0a66b2d?s=96&r=g","contentUrl":"https:\/\/secure.gravatar.com\/avatar\/59e110c11e5eecf4636340abed101b4cddb70ca9f64acab0fe8863bcc0a66b2d?s=96&r=g","caption":"RGF Sistemas"},"url":"https:\/\/cleitonpinheiro.com.br\/site\/author\/rgfsite\/"}]}},"views":336,"_links":{"self":[{"href":"https:\/\/cleitonpinheiro.com.br\/site\/wp-json\/wp\/v2\/posts\/60662","targetHints":{"allow":["GET"]}}],"collection":[{"href":"https:\/\/cleitonpinheiro.com.br\/site\/wp-json\/wp\/v2\/posts"}],"about":[{"href":"https:\/\/cleitonpinheiro.com.br\/site\/wp-json\/wp\/v2\/types\/post"}],"author":[{"embeddable":true,"href":"https:\/\/cleitonpinheiro.com.br\/site\/wp-json\/wp\/v2\/users\/9"}],"replies":[{"embeddable":true,"href":"https:\/\/cleitonpinheiro.com.br\/site\/wp-json\/wp\/v2\/comments?post=60662"}],"version-history":[{"count":4,"href":"https:\/\/cleitonpinheiro.com.br\/site\/wp-json\/wp\/v2\/posts\/60662\/revisions"}],"predecessor-version":[{"id":60688,"href":"https:\/\/cleitonpinheiro.com.br\/site\/wp-json\/wp\/v2\/posts\/60662\/revisions\/60688"}],"wp:attachment":[{"href":"https:\/\/cleitonpinheiro.com.br\/site\/wp-json\/wp\/v2\/media?parent=60662"}],"wp:term":[{"taxonomy":"category","embeddable":true,"href":"https:\/\/cleitonpinheiro.com.br\/site\/wp-json\/wp\/v2\/categories?post=60662"},{"taxonomy":"post_tag","embeddable":true,"href":"https:\/\/cleitonpinheiro.com.br\/site\/wp-json\/wp\/v2\/tags?post=60662"}],"curies":[{"name":"wp","href":"https:\/\/api.w.org\/{rel}","templated":true}]}}