{"id":60668,"date":"2022-07-28T15:42:16","date_gmt":"2022-07-28T18:42:16","guid":{"rendered":"https:\/\/cleitonpinheiro.com.br\/site\/?p=60668"},"modified":"2022-07-28T15:45:51","modified_gmt":"2022-07-28T18:45:51","slug":"operacao-resgata-377-trabalhadores-de-condicoes-analogas-a-escravidao","status":"publish","type":"post","link":"https:\/\/cleitonpinheiro.com.br\/site\/operacao-resgata-377-trabalhadores-de-condicoes-analogas-a-escravidao\/","title":{"rendered":"Opera\u00e7\u00e3o resgata 377 trabalhadores de condi\u00e7\u00f5es an\u00e1logas \u00e0 escravid\u00e3o"},"content":{"rendered":"\n<figure class=\"wp-block-image size-large\"><img decoding=\"async\" src=\"https:\/\/cleitonpinheiro.com.br\/site\/wp-content\/uploads\/2022\/07\/pgr_trabalho_escravo_antcrz_abr_2807220971-1024x613.jpg\" alt=\"\" class=\"wp-image-60669\"\/><figcaption><em>Inspe\u00e7\u00f5es ocorrer\u00e3o em 22 estados e o Distrito Federal &#8211; Foto: Antonio Cruz\/Ag\u00eancia Brasil<\/em><\/figcaption><\/figure>\n\n\n\n<p><strong>Da Ag\u00eancia Brasil<\/strong><\/p>\n\n\n\n<p>Equipes de fiscaliza\u00e7\u00e3o que participam da segunda edi\u00e7\u00e3o da Opera\u00e7\u00e3o Resgate libertaram, em menos de um m\u00eas, 337 pessoas que trabalhavam em condi\u00e7\u00f5es semelhantes \u00e0 escravid\u00e3o. Ao menos 149 destes trabalhadores tamb\u00e9m foram v\u00edtimas de um segundo crime, o tr\u00e1fico de pessoas.<\/p>\n\n\n\n<p>As inspe\u00e7\u00f5es ocorreram em 22 estados, al\u00e9m do Distrito Federal. Segundo representantes dos seis \u00f3rg\u00e3os p\u00fablicos que integram a a\u00e7\u00e3o conjunta, n\u00e3o houve den\u00fancias suficientemente consistentes para mobilizar equipes em quatro estados (Amap\u00e1; Rio Grande do Norte; Roraima e Sergipe), o que n\u00e3o significa que n\u00e3o haja casos semelhantes que podem vir a ser alvos de novas fiscaliza\u00e7\u00f5es.<\/p>\n\n\n\n<p>O n\u00famero de pessoas libertadas desde o \u00faltimo dia 4, quando a opera\u00e7\u00e3o foi deflagrada, representa um aumento de cerca de 176% em compara\u00e7\u00e3o ao resultado alcan\u00e7ado no ano passado, quando 136 trabalhadores foram libertados.<\/p>\n\n\n\n<p>Segundo representantes dos minist\u00e9rios do Trabalho e Previd\u00eancia; P\u00fablico Federal (MPF) e P\u00fablico do Trabalho (MPT), al\u00e9m das pol\u00edcias Federal (PF) e Rodovi\u00e1ria Federal (PRF) e da Defensoria P\u00fablica da Uni\u00e3o (DPU), o aumento da vulnerabilidade social, entre outros fatores &#8211; como o fato da opera\u00e7\u00e3o, este ano, ter durado quatro semanas, ao passo que, em 2021, ocorreu em apenas duas semanas \u2013 ajuda a explicar o recente resultado.<\/p>\n\n\n\n<p>\u201cCrises econ\u00f4micas, pandemias e outros adventos que possam aumentar a vulnerabilidade social [s\u00e3o] momentos em que todos os \u00f3rg\u00e3os devem redobrar as aten\u00e7\u00f5es para evitar que haja um aumento deste tipo de crime\u201d disse o subsecret\u00e1rio de Inspe\u00e7\u00e3o do Trabalho do Minist\u00e9rio do Trabalho e Previd\u00eancia, Romulo Machado.<\/p>\n\n\n\n<p>O subsecret\u00e1rio explica que, em 2021, a opera\u00e7\u00e3o ocorreu entre janeiro e fevereiro, ao passo que, neste ano, foi escolhido o m\u00eas de julho em virtude do Dia Mundial do Enfrentamento ao Tr\u00e1fico de Pessoas (no pr\u00f3ximo dia 30). Assim, as a\u00e7\u00f5es de 2022 coincidiram com o per\u00edodo da colheita de v\u00e1rios cultivos que, periodicamente, utilizam trabalhadores submetidos a condi\u00e7\u00f5es semelhantes \u00e0 escravid\u00e3o.<\/p>\n\n\n\n<p>Apesar das ressalvas, Machado destacou que as 337 pessoas resgatadas ao longo do m\u00eas de julho representam cerca de 40% do total de pessoas encontradas em semelhante situa\u00e7\u00e3o apenas durante o primeiro semestre deste ano.<\/p>\n\n\n\n<p>\u201cA vulnerabilidade social \u00e9 um fato no Brasil e em v\u00e1rios outros pa\u00edses. Logicamente, ela leva a estas circunst\u00e2ncias\u201d, declarou o coordenador da C\u00e2mara Criminal do MPF, subprocurador-geral da Rep\u00fablica, Carlos Frederico Santos.<\/p>\n\n\n\n<p>\u201cMas este aumento tem a ver tamb\u00e9m com [um maior n\u00famero de] den\u00fancias de casos. A partir do momento em que divulgamos que as institui\u00e7\u00f5es est\u00e3o empenhadas em trabalhar em conjunto para combater este crime, v\u00e3o surgindo mais den\u00fancias. Portanto, a medida preventiva mais forte \u00e9 exatamente divulgarmos que estes crimes n\u00e3o v\u00e3o ficar impunes.\u201d<\/p>\n\n\n\n<p>Os empregadores flagrados foram notificados a interromper as atividades, formalizar o v\u00ednculo empregat\u00edcio dos trabalhadores submetidos \u00e0s condi\u00e7\u00f5es an\u00e1logas \u00e0 escravid\u00e3o e pagar a suas v\u00edtimas mais de R$ 3,8 milh\u00f5es em verbas salariais e rescis\u00f3rias, podendo ainda responder criminal e administrativamente.<\/p>\n\n\n\n<p>Cada pessoa resgatada recebeu tr\u00eas parcelas do seguro-desemprego, no valor de um sal\u00e1rio-m\u00ednimo cada. Goi\u00e1s e Minas Gerais foram, respectivamente, os estados com mais pessoas libertadas.<\/p>\n\n\n\n<p>As atividades econ\u00f4micas com maior quantidade de trabalhadores resgatados foram os servi\u00e7os de colheita em geral; o cultivo de caf\u00e9 e a cria\u00e7\u00e3o de bovinos para corte. No meio urbano, a ocorr\u00eancia do crime em uma suposta cl\u00ednica de reabilita\u00e7\u00e3o para dependentes qu\u00edmicos de Patos de Minas (MG), no Alto Parna\u00edba, chamou a aten\u00e7\u00e3o dos representantes dos \u00f3rg\u00e3os p\u00fablicos<\/p>\n\n\n\n<p>\u201cEla [cl\u00ednica] dizia que era para reabilitar usu\u00e1rios de drogas e \u00e1lcool mas, na verdade, era um estabelecimento, uma empresa que colocava as pessoas para trabalhar de gra\u00e7a na produ\u00e7\u00e3o de pe\u00e7as artesanais, de gesso, que eram vendidas. Os trabalhadores estavam em um alojamento em p\u00e9ssimo estado de conserva\u00e7\u00e3o, sem receber qualquer remunera\u00e7\u00e3o\u201d, comentou o vice-coordenador Nacional da Coordenadoria Nacional de Erradica\u00e7\u00e3o do Trabalho Escravo e Enfrentamento ao Tr\u00e1fico de Pessoas do MPT (Conaete), o procurador do trabalho Italvar Filipe de Paiva Medina ao comentar que, no geral, a maior parcela das v\u00edtimas do trabalho escravo e do tr\u00e1fico de pessoas \u00e9 negra, pois, segundo ele, tais crimes est\u00e3o &#8220;estritamente relacionados ao racismo estrutural existente em nosso pa\u00eds, refletindo-se nos n\u00edveis de viola\u00e7\u00e3o dos direitos humanos&#8221;.<\/p>\n","protected":false},"excerpt":{"rendered":"<p>Da Ag\u00eancia Brasil Equipes de fiscaliza\u00e7\u00e3o que participam da segunda edi\u00e7\u00e3o da Opera\u00e7\u00e3o Resgate libertaram, em menos de um m\u00eas, 337 pessoas que trabalhavam em condi\u00e7\u00f5es semelhantes \u00e0 escravid\u00e3o. Ao menos 149 destes trabalhadores tamb\u00e9m foram v\u00edtimas de um segundo crime, o tr\u00e1fico de pessoas. As inspe\u00e7\u00f5es ocorreram em 22 estados, al\u00e9m do Distrito Federal. [&hellip;]<\/p>\n","protected":false},"author":6,"featured_media":0,"comment_status":"open","ping_status":"open","sticky":false,"template":"","format":"standard","meta":{"_acf_changed":false,"footnotes":""},"categories":[19,21],"tags":[],"class_list":["post-60668","post","type-post","status-publish","format-standard","hentry","category-brasil-mundo","category-todas-noticias"],"acf":[],"yoast_head":"<!-- This site is optimized with the Yoast SEO plugin v24.4 - https:\/\/yoast.com\/wordpress\/plugins\/seo\/ -->\n<title>Opera\u00e7\u00e3o resgata 377 trabalhadores de condi\u00e7\u00f5es an\u00e1logas \u00e0 escravid\u00e3o - PORTAL DE NOT\u00cdCIAS CLEITON PINHEIRO<\/title>\n<meta name=\"robots\" content=\"index, follow, max-snippet:-1, max-image-preview:large, max-video-preview:-1\" \/>\n<link rel=\"canonical\" href=\"https:\/\/cleitonpinheiro.com.br\/site\/operacao-resgata-377-trabalhadores-de-condicoes-analogas-a-escravidao\/\" \/>\n<meta property=\"og:locale\" content=\"pt_BR\" \/>\n<meta property=\"og:type\" content=\"article\" \/>\n<meta property=\"og:title\" content=\"Opera\u00e7\u00e3o resgata 377 trabalhadores de condi\u00e7\u00f5es an\u00e1logas \u00e0 escravid\u00e3o - PORTAL DE NOT\u00cdCIAS CLEITON PINHEIRO\" \/>\n<meta property=\"og:description\" content=\"Da Ag\u00eancia Brasil Equipes de fiscaliza\u00e7\u00e3o que participam da segunda edi\u00e7\u00e3o da Opera\u00e7\u00e3o Resgate libertaram, em menos de um m\u00eas, 337 pessoas que trabalhavam em condi\u00e7\u00f5es semelhantes \u00e0 escravid\u00e3o. Ao menos 149 destes trabalhadores tamb\u00e9m foram v\u00edtimas de um segundo crime, o tr\u00e1fico de pessoas. As inspe\u00e7\u00f5es ocorreram em 22 estados, al\u00e9m do Distrito Federal. [&hellip;]\" \/>\n<meta property=\"og:url\" content=\"https:\/\/cleitonpinheiro.com.br\/site\/operacao-resgata-377-trabalhadores-de-condicoes-analogas-a-escravidao\/\" \/>\n<meta property=\"og:site_name\" content=\"PORTAL DE NOT\u00cdCIAS CLEITON PINHEIRO\" \/>\n<meta property=\"article:publisher\" content=\"https:\/\/www.facebook.com\/portalcpnoticias\/\" \/>\n<meta property=\"article:published_time\" content=\"2022-07-28T18:42:16+00:00\" \/>\n<meta property=\"article:modified_time\" content=\"2022-07-28T18:45:51+00:00\" \/>\n<meta property=\"og:image\" content=\"https:\/\/cleitonpinheiro.com.br\/site\/wp-content\/uploads\/2022\/07\/pgr_trabalho_escravo_antcrz_abr_2807220971.jpg\" \/>\n\t<meta property=\"og:image:width\" content=\"1170\" \/>\n\t<meta property=\"og:image:height\" content=\"700\" \/>\n\t<meta property=\"og:image:type\" content=\"image\/jpeg\" \/>\n<meta name=\"author\" content=\"Aline S\u00eane\" \/>\n<meta name=\"twitter:card\" content=\"summary_large_image\" \/>\n<meta name=\"twitter:label1\" content=\"Escrito por\" \/>\n\t<meta name=\"twitter:data1\" content=\"Aline S\u00eane\" \/>\n\t<meta name=\"twitter:label2\" content=\"Est. tempo de leitura\" \/>\n\t<meta name=\"twitter:data2\" content=\"4 minutos\" \/>\n<script type=\"application\/ld+json\" class=\"yoast-schema-graph\">{\"@context\":\"https:\/\/schema.org\",\"@graph\":[{\"@type\":\"Article\",\"@id\":\"https:\/\/cleitonpinheiro.com.br\/site\/operacao-resgata-377-trabalhadores-de-condicoes-analogas-a-escravidao\/#article\",\"isPartOf\":{\"@id\":\"https:\/\/cleitonpinheiro.com.br\/site\/operacao-resgata-377-trabalhadores-de-condicoes-analogas-a-escravidao\/\"},\"author\":{\"name\":\"Aline S\u00eane\",\"@id\":\"https:\/\/cleitonpinheiro.com.br\/site\/#\/schema\/person\/fb5b70a4efda610efc234c60abf2e241\"},\"headline\":\"Opera\u00e7\u00e3o resgata 377 trabalhadores de condi\u00e7\u00f5es an\u00e1logas \u00e0 escravid\u00e3o\",\"datePublished\":\"2022-07-28T18:42:16+00:00\",\"dateModified\":\"2022-07-28T18:45:51+00:00\",\"mainEntityOfPage\":{\"@id\":\"https:\/\/cleitonpinheiro.com.br\/site\/operacao-resgata-377-trabalhadores-de-condicoes-analogas-a-escravidao\/\"},\"wordCount\":809,\"commentCount\":0,\"publisher\":{\"@id\":\"https:\/\/cleitonpinheiro.com.br\/site\/#organization\"},\"image\":{\"@id\":\"https:\/\/cleitonpinheiro.com.br\/site\/operacao-resgata-377-trabalhadores-de-condicoes-analogas-a-escravidao\/#primaryimage\"},\"thumbnailUrl\":\"https:\/\/cleitonpinheiro.com.br\/site\/wp-content\/uploads\/2022\/07\/pgr_trabalho_escravo_antcrz_abr_2807220971-1024x613.jpg\",\"articleSection\":[\"BRASIL \/ MUNDO\",\"TODAS NOTICIAS\"],\"inLanguage\":\"pt-BR\",\"potentialAction\":[{\"@type\":\"CommentAction\",\"name\":\"Comment\",\"target\":[\"https:\/\/cleitonpinheiro.com.br\/site\/operacao-resgata-377-trabalhadores-de-condicoes-analogas-a-escravidao\/#respond\"]}]},{\"@type\":\"WebPage\",\"@id\":\"https:\/\/cleitonpinheiro.com.br\/site\/operacao-resgata-377-trabalhadores-de-condicoes-analogas-a-escravidao\/\",\"url\":\"https:\/\/cleitonpinheiro.com.br\/site\/operacao-resgata-377-trabalhadores-de-condicoes-analogas-a-escravidao\/\",\"name\":\"Opera\u00e7\u00e3o resgata 377 trabalhadores de condi\u00e7\u00f5es an\u00e1logas \u00e0 escravid\u00e3o - PORTAL DE NOT\u00cdCIAS CLEITON PINHEIRO\",\"isPartOf\":{\"@id\":\"https:\/\/cleitonpinheiro.com.br\/site\/#website\"},\"primaryImageOfPage\":{\"@id\":\"https:\/\/cleitonpinheiro.com.br\/site\/operacao-resgata-377-trabalhadores-de-condicoes-analogas-a-escravidao\/#primaryimage\"},\"image\":{\"@id\":\"https:\/\/cleitonpinheiro.com.br\/site\/operacao-resgata-377-trabalhadores-de-condicoes-analogas-a-escravidao\/#primaryimage\"},\"thumbnailUrl\":\"https:\/\/cleitonpinheiro.com.br\/site\/wp-content\/uploads\/2022\/07\/pgr_trabalho_escravo_antcrz_abr_2807220971-1024x613.jpg\",\"datePublished\":\"2022-07-28T18:42:16+00:00\",\"dateModified\":\"2022-07-28T18:45:51+00:00\",\"breadcrumb\":{\"@id\":\"https:\/\/cleitonpinheiro.com.br\/site\/operacao-resgata-377-trabalhadores-de-condicoes-analogas-a-escravidao\/#breadcrumb\"},\"inLanguage\":\"pt-BR\",\"potentialAction\":[{\"@type\":\"ReadAction\",\"target\":[\"https:\/\/cleitonpinheiro.com.br\/site\/operacao-resgata-377-trabalhadores-de-condicoes-analogas-a-escravidao\/\"]}]},{\"@type\":\"ImageObject\",\"inLanguage\":\"pt-BR\",\"@id\":\"https:\/\/cleitonpinheiro.com.br\/site\/operacao-resgata-377-trabalhadores-de-condicoes-analogas-a-escravidao\/#primaryimage\",\"url\":\"\",\"contentUrl\":\"\"},{\"@type\":\"BreadcrumbList\",\"@id\":\"https:\/\/cleitonpinheiro.com.br\/site\/operacao-resgata-377-trabalhadores-de-condicoes-analogas-a-escravidao\/#breadcrumb\",\"itemListElement\":[{\"@type\":\"ListItem\",\"position\":1,\"name\":\"In\u00edcio\",\"item\":\"https:\/\/cleitonpinheiro.com.br\/site\/\"},{\"@type\":\"ListItem\",\"position\":2,\"name\":\"Opera\u00e7\u00e3o resgata 377 trabalhadores de condi\u00e7\u00f5es an\u00e1logas \u00e0 escravid\u00e3o\"}]},{\"@type\":\"WebSite\",\"@id\":\"https:\/\/cleitonpinheiro.com.br\/site\/#website\",\"url\":\"https:\/\/cleitonpinheiro.com.br\/site\/\",\"name\":\"PORTAL DE NOT\u00cdCIAS CLEITON PINHEIRO\",\"description\":\"FALANDO A VERDADE\",\"publisher\":{\"@id\":\"https:\/\/cleitonpinheiro.com.br\/site\/#organization\"},\"potentialAction\":[{\"@type\":\"SearchAction\",\"target\":{\"@type\":\"EntryPoint\",\"urlTemplate\":\"https:\/\/cleitonpinheiro.com.br\/site\/?s={search_term_string}\"},\"query-input\":{\"@type\":\"PropertyValueSpecification\",\"valueRequired\":true,\"valueName\":\"search_term_string\"}}],\"inLanguage\":\"pt-BR\"},{\"@type\":\"Organization\",\"@id\":\"https:\/\/cleitonpinheiro.com.br\/site\/#organization\",\"name\":\"CPNOT\u00cdCIAS\",\"url\":\"https:\/\/cleitonpinheiro.com.br\/site\/\",\"logo\":{\"@type\":\"ImageObject\",\"inLanguage\":\"pt-BR\",\"@id\":\"https:\/\/cleitonpinheiro.com.br\/site\/#\/schema\/logo\/image\/\",\"url\":\"https:\/\/cleitonpinheiro.com.br\/site\/wp-content\/uploads\/2022\/08\/Logo-pequena-2.png\",\"contentUrl\":\"https:\/\/cleitonpinheiro.com.br\/site\/wp-content\/uploads\/2022\/08\/Logo-pequena-2.png\",\"width\":500,\"height\":500,\"caption\":\"CPNOT\u00cdCIAS\"},\"image\":{\"@id\":\"https:\/\/cleitonpinheiro.com.br\/site\/#\/schema\/logo\/image\/\"},\"sameAs\":[\"https:\/\/www.facebook.com\/portalcpnoticias\/\"]},{\"@type\":\"Person\",\"@id\":\"https:\/\/cleitonpinheiro.com.br\/site\/#\/schema\/person\/fb5b70a4efda610efc234c60abf2e241\",\"name\":\"Aline S\u00eane\",\"image\":{\"@type\":\"ImageObject\",\"inLanguage\":\"pt-BR\",\"@id\":\"https:\/\/cleitonpinheiro.com.br\/site\/#\/schema\/person\/image\/\",\"url\":\"https:\/\/secure.gravatar.com\/avatar\/371f872d5c0d1dc15d0ff5bc6c3cdf52c62231d7e826fc0eb77c36c1ced02041?s=96&r=g\",\"contentUrl\":\"https:\/\/secure.gravatar.com\/avatar\/371f872d5c0d1dc15d0ff5bc6c3cdf52c62231d7e826fc0eb77c36c1ced02041?s=96&r=g\",\"caption\":\"Aline S\u00eane\"},\"url\":\"https:\/\/cleitonpinheiro.com.br\/site\/author\/aline\/\"}]}<\/script>\n<!-- \/ Yoast SEO plugin. -->","yoast_head_json":{"title":"Opera\u00e7\u00e3o resgata 377 trabalhadores de condi\u00e7\u00f5es an\u00e1logas \u00e0 escravid\u00e3o - PORTAL DE NOT\u00cdCIAS CLEITON PINHEIRO","robots":{"index":"index","follow":"follow","max-snippet":"max-snippet:-1","max-image-preview":"max-image-preview:large","max-video-preview":"max-video-preview:-1"},"canonical":"https:\/\/cleitonpinheiro.com.br\/site\/operacao-resgata-377-trabalhadores-de-condicoes-analogas-a-escravidao\/","og_locale":"pt_BR","og_type":"article","og_title":"Opera\u00e7\u00e3o resgata 377 trabalhadores de condi\u00e7\u00f5es an\u00e1logas \u00e0 escravid\u00e3o - PORTAL DE NOT\u00cdCIAS CLEITON PINHEIRO","og_description":"Da Ag\u00eancia Brasil Equipes de fiscaliza\u00e7\u00e3o que participam da segunda edi\u00e7\u00e3o da Opera\u00e7\u00e3o Resgate libertaram, em menos de um m\u00eas, 337 pessoas que trabalhavam em condi\u00e7\u00f5es semelhantes \u00e0 escravid\u00e3o. Ao menos 149 destes trabalhadores tamb\u00e9m foram v\u00edtimas de um segundo crime, o tr\u00e1fico de pessoas. As inspe\u00e7\u00f5es ocorreram em 22 estados, al\u00e9m do Distrito Federal. [&hellip;]","og_url":"https:\/\/cleitonpinheiro.com.br\/site\/operacao-resgata-377-trabalhadores-de-condicoes-analogas-a-escravidao\/","og_site_name":"PORTAL DE NOT\u00cdCIAS CLEITON PINHEIRO","article_publisher":"https:\/\/www.facebook.com\/portalcpnoticias\/","article_published_time":"2022-07-28T18:42:16+00:00","article_modified_time":"2022-07-28T18:45:51+00:00","og_image":[{"width":1170,"height":700,"url":"https:\/\/cleitonpinheiro.com.br\/site\/wp-content\/uploads\/2022\/07\/pgr_trabalho_escravo_antcrz_abr_2807220971.jpg","type":"image\/jpeg"}],"author":"Aline S\u00eane","twitter_card":"summary_large_image","twitter_misc":{"Escrito por":"Aline S\u00eane","Est. tempo de leitura":"4 minutos"},"schema":{"@context":"https:\/\/schema.org","@graph":[{"@type":"Article","@id":"https:\/\/cleitonpinheiro.com.br\/site\/operacao-resgata-377-trabalhadores-de-condicoes-analogas-a-escravidao\/#article","isPartOf":{"@id":"https:\/\/cleitonpinheiro.com.br\/site\/operacao-resgata-377-trabalhadores-de-condicoes-analogas-a-escravidao\/"},"author":{"name":"Aline S\u00eane","@id":"https:\/\/cleitonpinheiro.com.br\/site\/#\/schema\/person\/fb5b70a4efda610efc234c60abf2e241"},"headline":"Opera\u00e7\u00e3o resgata 377 trabalhadores de condi\u00e7\u00f5es an\u00e1logas \u00e0 escravid\u00e3o","datePublished":"2022-07-28T18:42:16+00:00","dateModified":"2022-07-28T18:45:51+00:00","mainEntityOfPage":{"@id":"https:\/\/cleitonpinheiro.com.br\/site\/operacao-resgata-377-trabalhadores-de-condicoes-analogas-a-escravidao\/"},"wordCount":809,"commentCount":0,"publisher":{"@id":"https:\/\/cleitonpinheiro.com.br\/site\/#organization"},"image":{"@id":"https:\/\/cleitonpinheiro.com.br\/site\/operacao-resgata-377-trabalhadores-de-condicoes-analogas-a-escravidao\/#primaryimage"},"thumbnailUrl":"https:\/\/cleitonpinheiro.com.br\/site\/wp-content\/uploads\/2022\/07\/pgr_trabalho_escravo_antcrz_abr_2807220971-1024x613.jpg","articleSection":["BRASIL \/ MUNDO","TODAS NOTICIAS"],"inLanguage":"pt-BR","potentialAction":[{"@type":"CommentAction","name":"Comment","target":["https:\/\/cleitonpinheiro.com.br\/site\/operacao-resgata-377-trabalhadores-de-condicoes-analogas-a-escravidao\/#respond"]}]},{"@type":"WebPage","@id":"https:\/\/cleitonpinheiro.com.br\/site\/operacao-resgata-377-trabalhadores-de-condicoes-analogas-a-escravidao\/","url":"https:\/\/cleitonpinheiro.com.br\/site\/operacao-resgata-377-trabalhadores-de-condicoes-analogas-a-escravidao\/","name":"Opera\u00e7\u00e3o resgata 377 trabalhadores de condi\u00e7\u00f5es an\u00e1logas \u00e0 escravid\u00e3o - PORTAL DE NOT\u00cdCIAS CLEITON PINHEIRO","isPartOf":{"@id":"https:\/\/cleitonpinheiro.com.br\/site\/#website"},"primaryImageOfPage":{"@id":"https:\/\/cleitonpinheiro.com.br\/site\/operacao-resgata-377-trabalhadores-de-condicoes-analogas-a-escravidao\/#primaryimage"},"image":{"@id":"https:\/\/cleitonpinheiro.com.br\/site\/operacao-resgata-377-trabalhadores-de-condicoes-analogas-a-escravidao\/#primaryimage"},"thumbnailUrl":"https:\/\/cleitonpinheiro.com.br\/site\/wp-content\/uploads\/2022\/07\/pgr_trabalho_escravo_antcrz_abr_2807220971-1024x613.jpg","datePublished":"2022-07-28T18:42:16+00:00","dateModified":"2022-07-28T18:45:51+00:00","breadcrumb":{"@id":"https:\/\/cleitonpinheiro.com.br\/site\/operacao-resgata-377-trabalhadores-de-condicoes-analogas-a-escravidao\/#breadcrumb"},"inLanguage":"pt-BR","potentialAction":[{"@type":"ReadAction","target":["https:\/\/cleitonpinheiro.com.br\/site\/operacao-resgata-377-trabalhadores-de-condicoes-analogas-a-escravidao\/"]}]},{"@type":"ImageObject","inLanguage":"pt-BR","@id":"https:\/\/cleitonpinheiro.com.br\/site\/operacao-resgata-377-trabalhadores-de-condicoes-analogas-a-escravidao\/#primaryimage","url":"","contentUrl":""},{"@type":"BreadcrumbList","@id":"https:\/\/cleitonpinheiro.com.br\/site\/operacao-resgata-377-trabalhadores-de-condicoes-analogas-a-escravidao\/#breadcrumb","itemListElement":[{"@type":"ListItem","position":1,"name":"In\u00edcio","item":"https:\/\/cleitonpinheiro.com.br\/site\/"},{"@type":"ListItem","position":2,"name":"Opera\u00e7\u00e3o resgata 377 trabalhadores de condi\u00e7\u00f5es an\u00e1logas \u00e0 escravid\u00e3o"}]},{"@type":"WebSite","@id":"https:\/\/cleitonpinheiro.com.br\/site\/#website","url":"https:\/\/cleitonpinheiro.com.br\/site\/","name":"PORTAL DE NOT\u00cdCIAS CLEITON PINHEIRO","description":"FALANDO A VERDADE","publisher":{"@id":"https:\/\/cleitonpinheiro.com.br\/site\/#organization"},"potentialAction":[{"@type":"SearchAction","target":{"@type":"EntryPoint","urlTemplate":"https:\/\/cleitonpinheiro.com.br\/site\/?s={search_term_string}"},"query-input":{"@type":"PropertyValueSpecification","valueRequired":true,"valueName":"search_term_string"}}],"inLanguage":"pt-BR"},{"@type":"Organization","@id":"https:\/\/cleitonpinheiro.com.br\/site\/#organization","name":"CPNOT\u00cdCIAS","url":"https:\/\/cleitonpinheiro.com.br\/site\/","logo":{"@type":"ImageObject","inLanguage":"pt-BR","@id":"https:\/\/cleitonpinheiro.com.br\/site\/#\/schema\/logo\/image\/","url":"https:\/\/cleitonpinheiro.com.br\/site\/wp-content\/uploads\/2022\/08\/Logo-pequena-2.png","contentUrl":"https:\/\/cleitonpinheiro.com.br\/site\/wp-content\/uploads\/2022\/08\/Logo-pequena-2.png","width":500,"height":500,"caption":"CPNOT\u00cdCIAS"},"image":{"@id":"https:\/\/cleitonpinheiro.com.br\/site\/#\/schema\/logo\/image\/"},"sameAs":["https:\/\/www.facebook.com\/portalcpnoticias\/"]},{"@type":"Person","@id":"https:\/\/cleitonpinheiro.com.br\/site\/#\/schema\/person\/fb5b70a4efda610efc234c60abf2e241","name":"Aline S\u00eane","image":{"@type":"ImageObject","inLanguage":"pt-BR","@id":"https:\/\/cleitonpinheiro.com.br\/site\/#\/schema\/person\/image\/","url":"https:\/\/secure.gravatar.com\/avatar\/371f872d5c0d1dc15d0ff5bc6c3cdf52c62231d7e826fc0eb77c36c1ced02041?s=96&r=g","contentUrl":"https:\/\/secure.gravatar.com\/avatar\/371f872d5c0d1dc15d0ff5bc6c3cdf52c62231d7e826fc0eb77c36c1ced02041?s=96&r=g","caption":"Aline S\u00eane"},"url":"https:\/\/cleitonpinheiro.com.br\/site\/author\/aline\/"}]}},"views":317,"_links":{"self":[{"href":"https:\/\/cleitonpinheiro.com.br\/site\/wp-json\/wp\/v2\/posts\/60668","targetHints":{"allow":["GET"]}}],"collection":[{"href":"https:\/\/cleitonpinheiro.com.br\/site\/wp-json\/wp\/v2\/posts"}],"about":[{"href":"https:\/\/cleitonpinheiro.com.br\/site\/wp-json\/wp\/v2\/types\/post"}],"author":[{"embeddable":true,"href":"https:\/\/cleitonpinheiro.com.br\/site\/wp-json\/wp\/v2\/users\/6"}],"replies":[{"embeddable":true,"href":"https:\/\/cleitonpinheiro.com.br\/site\/wp-json\/wp\/v2\/comments?post=60668"}],"version-history":[{"count":1,"href":"https:\/\/cleitonpinheiro.com.br\/site\/wp-json\/wp\/v2\/posts\/60668\/revisions"}],"predecessor-version":[{"id":60670,"href":"https:\/\/cleitonpinheiro.com.br\/site\/wp-json\/wp\/v2\/posts\/60668\/revisions\/60670"}],"wp:attachment":[{"href":"https:\/\/cleitonpinheiro.com.br\/site\/wp-json\/wp\/v2\/media?parent=60668"}],"wp:term":[{"taxonomy":"category","embeddable":true,"href":"https:\/\/cleitonpinheiro.com.br\/site\/wp-json\/wp\/v2\/categories?post=60668"},{"taxonomy":"post_tag","embeddable":true,"href":"https:\/\/cleitonpinheiro.com.br\/site\/wp-json\/wp\/v2\/tags?post=60668"}],"curies":[{"name":"wp","href":"https:\/\/api.w.org\/{rel}","templated":true}]}}