{"id":60724,"date":"2022-07-28T17:02:19","date_gmt":"2022-07-28T20:02:19","guid":{"rendered":"https:\/\/cleitonpinheiro.com.br\/site\/?p=60724"},"modified":"2022-08-01T07:56:12","modified_gmt":"2022-08-01T10:56:12","slug":"brasil-registra-978-casos-de-variola-dos-macacos","status":"publish","type":"post","link":"https:\/\/cleitonpinheiro.com.br\/site\/brasil-registra-978-casos-de-variola-dos-macacos\/","title":{"rendered":"Brasil registra 978 casos de var\u00edola dos macacos"},"content":{"rendered":"\n<figure class=\"wp-block-image size-full\"><img decoding=\"async\" src=\"https:\/\/cleitonpinheiro.com.br\/site\/wp-content\/uploads\/2022\/07\/variola-do-macaco-1654900249053_v2_900x506.jpg\" alt=\"\" class=\"wp-image-60725\"\/><figcaption><em>Minist\u00e9rio da Sa\u00fade executa articula\u00e7\u00e3o com estados para monitoramento &#8211; Foto: Divulga\u00e7\u00e3o<\/em><\/figcaption><\/figure>\n\n\n\n<p><strong>Da Ag\u00eancia Brasil<\/strong><\/p>\n\n\n\n<p>O Brasil registra, at\u00e9 o momento, 978 casos confirmados da var\u00edola dos macacos, segundo dados do Minist\u00e9rio da Sa\u00fade, divulgados hoje (28). Os casos est\u00e3o concentrados nos estados de S\u00e3o Paulo (744), Rio de Janeiro (117), Minas Gerais (44), Paran\u00e1 (19), Goi\u00e1s (13), Bahia (5), Cear\u00e1 (4), Rio Grande do Sul (3), Rio Grande do Norte (2), Esp\u00edrito Santo (2), Pernambuco (3), Tocantins (1), Mato Grosso (1), Acre (1), Santa Catarina (4) e no Distrito Federal (15).<\/p>\n\n\n\n<p>Segundo o minist\u00e9rio, est\u00e1 sendo executada uma articula\u00e7\u00e3o direta com os estados para monitoramento dos casos e rastreamento dos contatos dos pacientes.<\/p>\n\n\n\n<p>A var\u00edola dos macacos foi declarada emerg\u00eancia de sa\u00fade p\u00fablica de interesse internacional pela Organiza\u00e7\u00e3o Mundial de Sa\u00fade (OMS), no s\u00e1bado (23).<\/p>\n\n\n\n<p>A decis\u00e3o foi tomada baseado no aumento de casos em v\u00e1rios pa\u00edses, o que aumenta o risco de uma dissemina\u00e7\u00e3o internacional.<\/p>\n\n\n\n<p><strong>O v\u00edrus<br><\/strong>A var\u00edola causada pelo v\u00edrus hMPXV (Human Monkeypox Virus, na sigla em ingl\u00eas) provoca uma doen\u00e7a mais branda do que a var\u00edola smallpox, que foi erradicada na d\u00e9cada de 1980.<\/p>\n\n\n\n<p>Trata-se de uma doen\u00e7a viral rara transmitida pelo contato pr\u00f3ximo com uma pessoa infectada e com les\u00f5es de pele. O contato pode ser por abra\u00e7o, beijo, massagens ou rela\u00e7\u00f5es sexuais. A doen\u00e7a tamb\u00e9m \u00e9 transmitida por secre\u00e7\u00f5es respirat\u00f3rias e pelo contato com objetos, tecidos (roupas, roupas de cama ou toalhas) e superf\u00edcies utilizadas pelo doente.<\/p>\n\n\n\n<p>N\u00e3o h\u00e1 tratamento espec\u00edfico, mas os quadros cl\u00ednicos costumam ser leves, sendo necess\u00e1rios o cuidado e a observa\u00e7\u00e3o das les\u00f5es. O maior risco de agravamento acontece, em geral, para pessoas imunossuprimidas com HIV\/Aids, leucemia, linfoma, met\u00e1stase, transplantados, pessoas com doen\u00e7as autoimunes, gestantes, lactantes e crian\u00e7as com menos de 8 anos de idade.<\/p>\n","protected":false},"excerpt":{"rendered":"<p>Da Ag\u00eancia Brasil O Brasil registra, at\u00e9 o momento, 978 casos confirmados da var\u00edola dos macacos, segundo dados do Minist\u00e9rio da Sa\u00fade, divulgados hoje (28). Os casos est\u00e3o concentrados nos estados de S\u00e3o Paulo (744), Rio de Janeiro (117), Minas Gerais (44), Paran\u00e1 (19), Goi\u00e1s (13), Bahia (5), Cear\u00e1 (4), Rio Grande do Sul (3), [&hellip;]<\/p>\n","protected":false},"author":6,"featured_media":0,"comment_status":"open","ping_status":"open","sticky":false,"template":"","format":"standard","meta":{"_acf_changed":false,"footnotes":""},"categories":[19,21],"tags":[],"class_list":["post-60724","post","type-post","status-publish","format-standard","hentry","category-brasil-mundo","category-todas-noticias"],"acf":[],"yoast_head":"<!-- This site is optimized with the Yoast SEO plugin v24.4 - https:\/\/yoast.com\/wordpress\/plugins\/seo\/ -->\n<title>Brasil registra 978 casos de var\u00edola dos macacos - PORTAL DE NOT\u00cdCIAS CLEITON PINHEIRO<\/title>\n<meta name=\"robots\" content=\"index, follow, max-snippet:-1, max-image-preview:large, max-video-preview:-1\" \/>\n<link rel=\"canonical\" href=\"https:\/\/cleitonpinheiro.com.br\/site\/brasil-registra-978-casos-de-variola-dos-macacos\/\" \/>\n<meta property=\"og:locale\" content=\"pt_BR\" \/>\n<meta property=\"og:type\" content=\"article\" \/>\n<meta property=\"og:title\" content=\"Brasil registra 978 casos de var\u00edola dos macacos - PORTAL DE NOT\u00cdCIAS CLEITON PINHEIRO\" \/>\n<meta property=\"og:description\" content=\"Da Ag\u00eancia Brasil O Brasil registra, at\u00e9 o momento, 978 casos confirmados da var\u00edola dos macacos, segundo dados do Minist\u00e9rio da Sa\u00fade, divulgados hoje (28). Os casos est\u00e3o concentrados nos estados de S\u00e3o Paulo (744), Rio de Janeiro (117), Minas Gerais (44), Paran\u00e1 (19), Goi\u00e1s (13), Bahia (5), Cear\u00e1 (4), Rio Grande do Sul (3), [&hellip;]\" \/>\n<meta property=\"og:url\" content=\"https:\/\/cleitonpinheiro.com.br\/site\/brasil-registra-978-casos-de-variola-dos-macacos\/\" \/>\n<meta property=\"og:site_name\" content=\"PORTAL DE NOT\u00cdCIAS CLEITON PINHEIRO\" \/>\n<meta property=\"article:publisher\" content=\"https:\/\/www.facebook.com\/portalcpnoticias\/\" \/>\n<meta property=\"article:published_time\" content=\"2022-07-28T20:02:19+00:00\" \/>\n<meta property=\"article:modified_time\" content=\"2022-08-01T10:56:12+00:00\" \/>\n<meta property=\"og:image\" content=\"https:\/\/cleitonpinheiro.com.br\/site\/wp-content\/uploads\/2022\/07\/variola-do-macaco-1654900249053_v2_900x506.jpg\" \/>\n\t<meta property=\"og:image:width\" content=\"900\" \/>\n\t<meta property=\"og:image:height\" content=\"506\" \/>\n\t<meta property=\"og:image:type\" content=\"image\/jpeg\" \/>\n<meta name=\"author\" content=\"Aline S\u00eane\" \/>\n<meta name=\"twitter:card\" content=\"summary_large_image\" \/>\n<meta name=\"twitter:label1\" content=\"Escrito por\" \/>\n\t<meta name=\"twitter:data1\" content=\"Aline S\u00eane\" \/>\n\t<meta name=\"twitter:label2\" content=\"Est. tempo de leitura\" \/>\n\t<meta name=\"twitter:data2\" content=\"2 minutos\" \/>\n<script type=\"application\/ld+json\" class=\"yoast-schema-graph\">{\"@context\":\"https:\/\/schema.org\",\"@graph\":[{\"@type\":\"Article\",\"@id\":\"https:\/\/cleitonpinheiro.com.br\/site\/brasil-registra-978-casos-de-variola-dos-macacos\/#article\",\"isPartOf\":{\"@id\":\"https:\/\/cleitonpinheiro.com.br\/site\/brasil-registra-978-casos-de-variola-dos-macacos\/\"},\"author\":{\"name\":\"Aline S\u00eane\",\"@id\":\"https:\/\/cleitonpinheiro.com.br\/site\/#\/schema\/person\/fb5b70a4efda610efc234c60abf2e241\"},\"headline\":\"Brasil registra 978 casos de var\u00edola dos macacos\",\"datePublished\":\"2022-07-28T20:02:19+00:00\",\"dateModified\":\"2022-08-01T10:56:12+00:00\",\"mainEntityOfPage\":{\"@id\":\"https:\/\/cleitonpinheiro.com.br\/site\/brasil-registra-978-casos-de-variola-dos-macacos\/\"},\"wordCount\":334,\"commentCount\":0,\"publisher\":{\"@id\":\"https:\/\/cleitonpinheiro.com.br\/site\/#organization\"},\"image\":{\"@id\":\"https:\/\/cleitonpinheiro.com.br\/site\/brasil-registra-978-casos-de-variola-dos-macacos\/#primaryimage\"},\"thumbnailUrl\":\"https:\/\/cleitonpinheiro.com.br\/site\/wp-content\/uploads\/2022\/07\/variola-do-macaco-1654900249053_v2_900x506.jpg\",\"articleSection\":[\"BRASIL \/ MUNDO\",\"TODAS NOTICIAS\"],\"inLanguage\":\"pt-BR\",\"potentialAction\":[{\"@type\":\"CommentAction\",\"name\":\"Comment\",\"target\":[\"https:\/\/cleitonpinheiro.com.br\/site\/brasil-registra-978-casos-de-variola-dos-macacos\/#respond\"]}]},{\"@type\":\"WebPage\",\"@id\":\"https:\/\/cleitonpinheiro.com.br\/site\/brasil-registra-978-casos-de-variola-dos-macacos\/\",\"url\":\"https:\/\/cleitonpinheiro.com.br\/site\/brasil-registra-978-casos-de-variola-dos-macacos\/\",\"name\":\"Brasil registra 978 casos de var\u00edola dos macacos - PORTAL DE NOT\u00cdCIAS CLEITON PINHEIRO\",\"isPartOf\":{\"@id\":\"https:\/\/cleitonpinheiro.com.br\/site\/#website\"},\"primaryImageOfPage\":{\"@id\":\"https:\/\/cleitonpinheiro.com.br\/site\/brasil-registra-978-casos-de-variola-dos-macacos\/#primaryimage\"},\"image\":{\"@id\":\"https:\/\/cleitonpinheiro.com.br\/site\/brasil-registra-978-casos-de-variola-dos-macacos\/#primaryimage\"},\"thumbnailUrl\":\"https:\/\/cleitonpinheiro.com.br\/site\/wp-content\/uploads\/2022\/07\/variola-do-macaco-1654900249053_v2_900x506.jpg\",\"datePublished\":\"2022-07-28T20:02:19+00:00\",\"dateModified\":\"2022-08-01T10:56:12+00:00\",\"breadcrumb\":{\"@id\":\"https:\/\/cleitonpinheiro.com.br\/site\/brasil-registra-978-casos-de-variola-dos-macacos\/#breadcrumb\"},\"inLanguage\":\"pt-BR\",\"potentialAction\":[{\"@type\":\"ReadAction\",\"target\":[\"https:\/\/cleitonpinheiro.com.br\/site\/brasil-registra-978-casos-de-variola-dos-macacos\/\"]}]},{\"@type\":\"ImageObject\",\"inLanguage\":\"pt-BR\",\"@id\":\"https:\/\/cleitonpinheiro.com.br\/site\/brasil-registra-978-casos-de-variola-dos-macacos\/#primaryimage\",\"url\":\"\",\"contentUrl\":\"\"},{\"@type\":\"BreadcrumbList\",\"@id\":\"https:\/\/cleitonpinheiro.com.br\/site\/brasil-registra-978-casos-de-variola-dos-macacos\/#breadcrumb\",\"itemListElement\":[{\"@type\":\"ListItem\",\"position\":1,\"name\":\"In\u00edcio\",\"item\":\"https:\/\/cleitonpinheiro.com.br\/site\/\"},{\"@type\":\"ListItem\",\"position\":2,\"name\":\"Brasil registra 978 casos de var\u00edola dos macacos\"}]},{\"@type\":\"WebSite\",\"@id\":\"https:\/\/cleitonpinheiro.com.br\/site\/#website\",\"url\":\"https:\/\/cleitonpinheiro.com.br\/site\/\",\"name\":\"PORTAL DE NOT\u00cdCIAS CLEITON PINHEIRO\",\"description\":\"FALANDO A VERDADE\",\"publisher\":{\"@id\":\"https:\/\/cleitonpinheiro.com.br\/site\/#organization\"},\"potentialAction\":[{\"@type\":\"SearchAction\",\"target\":{\"@type\":\"EntryPoint\",\"urlTemplate\":\"https:\/\/cleitonpinheiro.com.br\/site\/?s={search_term_string}\"},\"query-input\":{\"@type\":\"PropertyValueSpecification\",\"valueRequired\":true,\"valueName\":\"search_term_string\"}}],\"inLanguage\":\"pt-BR\"},{\"@type\":\"Organization\",\"@id\":\"https:\/\/cleitonpinheiro.com.br\/site\/#organization\",\"name\":\"CPNOT\u00cdCIAS\",\"url\":\"https:\/\/cleitonpinheiro.com.br\/site\/\",\"logo\":{\"@type\":\"ImageObject\",\"inLanguage\":\"pt-BR\",\"@id\":\"https:\/\/cleitonpinheiro.com.br\/site\/#\/schema\/logo\/image\/\",\"url\":\"https:\/\/cleitonpinheiro.com.br\/site\/wp-content\/uploads\/2022\/08\/Logo-pequena-2.png\",\"contentUrl\":\"https:\/\/cleitonpinheiro.com.br\/site\/wp-content\/uploads\/2022\/08\/Logo-pequena-2.png\",\"width\":500,\"height\":500,\"caption\":\"CPNOT\u00cdCIAS\"},\"image\":{\"@id\":\"https:\/\/cleitonpinheiro.com.br\/site\/#\/schema\/logo\/image\/\"},\"sameAs\":[\"https:\/\/www.facebook.com\/portalcpnoticias\/\"]},{\"@type\":\"Person\",\"@id\":\"https:\/\/cleitonpinheiro.com.br\/site\/#\/schema\/person\/fb5b70a4efda610efc234c60abf2e241\",\"name\":\"Aline S\u00eane\",\"image\":{\"@type\":\"ImageObject\",\"inLanguage\":\"pt-BR\",\"@id\":\"https:\/\/cleitonpinheiro.com.br\/site\/#\/schema\/person\/image\/\",\"url\":\"https:\/\/secure.gravatar.com\/avatar\/371f872d5c0d1dc15d0ff5bc6c3cdf52c62231d7e826fc0eb77c36c1ced02041?s=96&r=g\",\"contentUrl\":\"https:\/\/secure.gravatar.com\/avatar\/371f872d5c0d1dc15d0ff5bc6c3cdf52c62231d7e826fc0eb77c36c1ced02041?s=96&r=g\",\"caption\":\"Aline S\u00eane\"},\"url\":\"https:\/\/cleitonpinheiro.com.br\/site\/author\/aline\/\"}]}<\/script>\n<!-- \/ Yoast SEO plugin. -->","yoast_head_json":{"title":"Brasil registra 978 casos de var\u00edola dos macacos - PORTAL DE NOT\u00cdCIAS CLEITON PINHEIRO","robots":{"index":"index","follow":"follow","max-snippet":"max-snippet:-1","max-image-preview":"max-image-preview:large","max-video-preview":"max-video-preview:-1"},"canonical":"https:\/\/cleitonpinheiro.com.br\/site\/brasil-registra-978-casos-de-variola-dos-macacos\/","og_locale":"pt_BR","og_type":"article","og_title":"Brasil registra 978 casos de var\u00edola dos macacos - PORTAL DE NOT\u00cdCIAS CLEITON PINHEIRO","og_description":"Da Ag\u00eancia Brasil O Brasil registra, at\u00e9 o momento, 978 casos confirmados da var\u00edola dos macacos, segundo dados do Minist\u00e9rio da Sa\u00fade, divulgados hoje (28). Os casos est\u00e3o concentrados nos estados de S\u00e3o Paulo (744), Rio de Janeiro (117), Minas Gerais (44), Paran\u00e1 (19), Goi\u00e1s (13), Bahia (5), Cear\u00e1 (4), Rio Grande do Sul (3), [&hellip;]","og_url":"https:\/\/cleitonpinheiro.com.br\/site\/brasil-registra-978-casos-de-variola-dos-macacos\/","og_site_name":"PORTAL DE NOT\u00cdCIAS CLEITON PINHEIRO","article_publisher":"https:\/\/www.facebook.com\/portalcpnoticias\/","article_published_time":"2022-07-28T20:02:19+00:00","article_modified_time":"2022-08-01T10:56:12+00:00","og_image":[{"width":900,"height":506,"url":"https:\/\/cleitonpinheiro.com.br\/site\/wp-content\/uploads\/2022\/07\/variola-do-macaco-1654900249053_v2_900x506.jpg","type":"image\/jpeg"}],"author":"Aline S\u00eane","twitter_card":"summary_large_image","twitter_misc":{"Escrito por":"Aline S\u00eane","Est. tempo de leitura":"2 minutos"},"schema":{"@context":"https:\/\/schema.org","@graph":[{"@type":"Article","@id":"https:\/\/cleitonpinheiro.com.br\/site\/brasil-registra-978-casos-de-variola-dos-macacos\/#article","isPartOf":{"@id":"https:\/\/cleitonpinheiro.com.br\/site\/brasil-registra-978-casos-de-variola-dos-macacos\/"},"author":{"name":"Aline S\u00eane","@id":"https:\/\/cleitonpinheiro.com.br\/site\/#\/schema\/person\/fb5b70a4efda610efc234c60abf2e241"},"headline":"Brasil registra 978 casos de var\u00edola dos macacos","datePublished":"2022-07-28T20:02:19+00:00","dateModified":"2022-08-01T10:56:12+00:00","mainEntityOfPage":{"@id":"https:\/\/cleitonpinheiro.com.br\/site\/brasil-registra-978-casos-de-variola-dos-macacos\/"},"wordCount":334,"commentCount":0,"publisher":{"@id":"https:\/\/cleitonpinheiro.com.br\/site\/#organization"},"image":{"@id":"https:\/\/cleitonpinheiro.com.br\/site\/brasil-registra-978-casos-de-variola-dos-macacos\/#primaryimage"},"thumbnailUrl":"https:\/\/cleitonpinheiro.com.br\/site\/wp-content\/uploads\/2022\/07\/variola-do-macaco-1654900249053_v2_900x506.jpg","articleSection":["BRASIL \/ MUNDO","TODAS NOTICIAS"],"inLanguage":"pt-BR","potentialAction":[{"@type":"CommentAction","name":"Comment","target":["https:\/\/cleitonpinheiro.com.br\/site\/brasil-registra-978-casos-de-variola-dos-macacos\/#respond"]}]},{"@type":"WebPage","@id":"https:\/\/cleitonpinheiro.com.br\/site\/brasil-registra-978-casos-de-variola-dos-macacos\/","url":"https:\/\/cleitonpinheiro.com.br\/site\/brasil-registra-978-casos-de-variola-dos-macacos\/","name":"Brasil registra 978 casos de var\u00edola dos macacos - PORTAL DE NOT\u00cdCIAS CLEITON PINHEIRO","isPartOf":{"@id":"https:\/\/cleitonpinheiro.com.br\/site\/#website"},"primaryImageOfPage":{"@id":"https:\/\/cleitonpinheiro.com.br\/site\/brasil-registra-978-casos-de-variola-dos-macacos\/#primaryimage"},"image":{"@id":"https:\/\/cleitonpinheiro.com.br\/site\/brasil-registra-978-casos-de-variola-dos-macacos\/#primaryimage"},"thumbnailUrl":"https:\/\/cleitonpinheiro.com.br\/site\/wp-content\/uploads\/2022\/07\/variola-do-macaco-1654900249053_v2_900x506.jpg","datePublished":"2022-07-28T20:02:19+00:00","dateModified":"2022-08-01T10:56:12+00:00","breadcrumb":{"@id":"https:\/\/cleitonpinheiro.com.br\/site\/brasil-registra-978-casos-de-variola-dos-macacos\/#breadcrumb"},"inLanguage":"pt-BR","potentialAction":[{"@type":"ReadAction","target":["https:\/\/cleitonpinheiro.com.br\/site\/brasil-registra-978-casos-de-variola-dos-macacos\/"]}]},{"@type":"ImageObject","inLanguage":"pt-BR","@id":"https:\/\/cleitonpinheiro.com.br\/site\/brasil-registra-978-casos-de-variola-dos-macacos\/#primaryimage","url":"","contentUrl":""},{"@type":"BreadcrumbList","@id":"https:\/\/cleitonpinheiro.com.br\/site\/brasil-registra-978-casos-de-variola-dos-macacos\/#breadcrumb","itemListElement":[{"@type":"ListItem","position":1,"name":"In\u00edcio","item":"https:\/\/cleitonpinheiro.com.br\/site\/"},{"@type":"ListItem","position":2,"name":"Brasil registra 978 casos de var\u00edola dos macacos"}]},{"@type":"WebSite","@id":"https:\/\/cleitonpinheiro.com.br\/site\/#website","url":"https:\/\/cleitonpinheiro.com.br\/site\/","name":"PORTAL DE NOT\u00cdCIAS CLEITON PINHEIRO","description":"FALANDO A VERDADE","publisher":{"@id":"https:\/\/cleitonpinheiro.com.br\/site\/#organization"},"potentialAction":[{"@type":"SearchAction","target":{"@type":"EntryPoint","urlTemplate":"https:\/\/cleitonpinheiro.com.br\/site\/?s={search_term_string}"},"query-input":{"@type":"PropertyValueSpecification","valueRequired":true,"valueName":"search_term_string"}}],"inLanguage":"pt-BR"},{"@type":"Organization","@id":"https:\/\/cleitonpinheiro.com.br\/site\/#organization","name":"CPNOT\u00cdCIAS","url":"https:\/\/cleitonpinheiro.com.br\/site\/","logo":{"@type":"ImageObject","inLanguage":"pt-BR","@id":"https:\/\/cleitonpinheiro.com.br\/site\/#\/schema\/logo\/image\/","url":"https:\/\/cleitonpinheiro.com.br\/site\/wp-content\/uploads\/2022\/08\/Logo-pequena-2.png","contentUrl":"https:\/\/cleitonpinheiro.com.br\/site\/wp-content\/uploads\/2022\/08\/Logo-pequena-2.png","width":500,"height":500,"caption":"CPNOT\u00cdCIAS"},"image":{"@id":"https:\/\/cleitonpinheiro.com.br\/site\/#\/schema\/logo\/image\/"},"sameAs":["https:\/\/www.facebook.com\/portalcpnoticias\/"]},{"@type":"Person","@id":"https:\/\/cleitonpinheiro.com.br\/site\/#\/schema\/person\/fb5b70a4efda610efc234c60abf2e241","name":"Aline S\u00eane","image":{"@type":"ImageObject","inLanguage":"pt-BR","@id":"https:\/\/cleitonpinheiro.com.br\/site\/#\/schema\/person\/image\/","url":"https:\/\/secure.gravatar.com\/avatar\/371f872d5c0d1dc15d0ff5bc6c3cdf52c62231d7e826fc0eb77c36c1ced02041?s=96&r=g","contentUrl":"https:\/\/secure.gravatar.com\/avatar\/371f872d5c0d1dc15d0ff5bc6c3cdf52c62231d7e826fc0eb77c36c1ced02041?s=96&r=g","caption":"Aline S\u00eane"},"url":"https:\/\/cleitonpinheiro.com.br\/site\/author\/aline\/"}]}},"views":344,"_links":{"self":[{"href":"https:\/\/cleitonpinheiro.com.br\/site\/wp-json\/wp\/v2\/posts\/60724","targetHints":{"allow":["GET"]}}],"collection":[{"href":"https:\/\/cleitonpinheiro.com.br\/site\/wp-json\/wp\/v2\/posts"}],"about":[{"href":"https:\/\/cleitonpinheiro.com.br\/site\/wp-json\/wp\/v2\/types\/post"}],"author":[{"embeddable":true,"href":"https:\/\/cleitonpinheiro.com.br\/site\/wp-json\/wp\/v2\/users\/6"}],"replies":[{"embeddable":true,"href":"https:\/\/cleitonpinheiro.com.br\/site\/wp-json\/wp\/v2\/comments?post=60724"}],"version-history":[{"count":1,"href":"https:\/\/cleitonpinheiro.com.br\/site\/wp-json\/wp\/v2\/posts\/60724\/revisions"}],"predecessor-version":[{"id":60726,"href":"https:\/\/cleitonpinheiro.com.br\/site\/wp-json\/wp\/v2\/posts\/60724\/revisions\/60726"}],"wp:attachment":[{"href":"https:\/\/cleitonpinheiro.com.br\/site\/wp-json\/wp\/v2\/media?parent=60724"}],"wp:term":[{"taxonomy":"category","embeddable":true,"href":"https:\/\/cleitonpinheiro.com.br\/site\/wp-json\/wp\/v2\/categories?post=60724"},{"taxonomy":"post_tag","embeddable":true,"href":"https:\/\/cleitonpinheiro.com.br\/site\/wp-json\/wp\/v2\/tags?post=60724"}],"curies":[{"name":"wp","href":"https:\/\/api.w.org\/{rel}","templated":true}]}}