{"id":63582,"date":"2022-10-07T08:49:27","date_gmt":"2022-10-07T11:49:27","guid":{"rendered":"https:\/\/cleitonpinheiro.com.br\/site\/?p=63582"},"modified":"2022-10-07T09:43:59","modified_gmt":"2022-10-07T12:43:59","slug":"governo-do-tocantins-orienta-gestores-municipais-para-o-censo-do-sistema-unico-de-assistencia-social","status":"publish","type":"post","link":"https:\/\/cleitonpinheiro.com.br\/site\/governo-do-tocantins-orienta-gestores-municipais-para-o-censo-do-sistema-unico-de-assistencia-social\/","title":{"rendered":"Governo do Tocantins orienta gestores municipais para o Censo do Sistema \u00danico de Assist\u00eancia Social\u00a0"},"content":{"rendered":"\n<figure class=\"wp-block-gallery has-nested-images columns-default is-cropped wp-block-gallery-1 is-layout-flex wp-block-gallery-is-layout-flex\">\n<figure class=\"wp-block-image size-large\"><img decoding=\"async\" data-id=\"63583\" src=\"https:\/\/cleitonpinheiro.com.br\/site\/wp-content\/uploads\/2022\/10\/Por-necessidade-o-Site-Cleiton-Pinheiro-Portal-CP-Noticias-passara-por-manutencao-em-seu-servidor-nesta-quarta-feira-0510-por-um-periodo-de-24h-compressed-4-1.jpg\" alt=\"Foto: Carlessandro Souza\/Governo do Tocantins\" class=\"wp-image-63583\"\/><figcaption><strong>Foto: Carlessandro Souza\/Governo do Tocantins<\/strong><\/figcaption><\/figure>\n<\/figure>\n\n\n\n<p>Com o objetivo de apoiar tecnicamente os gestores municipais de Assist\u00eancia Social dos 139 munic\u00edpios, o Governo do Tocantins, por meio da Secretaria do Trabalho e Desenvolvimento Social (Setas), divulga um cronograma de atividades de orienta\u00e7\u00e3o t\u00e9cnica para os munic\u00edpios sobre o preenchimento dos formul\u00e1rios do Censo SUAS.<br>O Censo SUAS \u00e9 realizado anualmente, desde 2007. Esse ano ter\u00e1 in\u00edcio no dia 03 de outubro e se encerra no dia 02 de dezembro. A Setas \u00e9 o \u00f3rg\u00e3o que coordena a Pol\u00edtica de Assist\u00eancia Social no Estado.<\/p>\n\n\n\n<p>O objetivo \u00e9 coletar informa\u00e7\u00f5es que retratam a Pol\u00edtica de Assist\u00eancia Social e o Sistema \u00danico de Assist\u00eancia Social no que se refere \u00e0 oferta de servi\u00e7os, programas, projetos e benef\u00edcios socioassistenciais, inclusive sobre a estrutura f\u00edsica, recursos humanos e financeiros.<\/p>\n\n\n\n<p>\u201d \u00c9 importante destacar que o Censo SUAS \u00e9 obrigat\u00f3rio para todos os munic\u00edpios e estados brasileiros, consistindo em uma importante ferramenta de gest\u00e3o de informa\u00e7\u00f5es, em que os dados gerados servem para subsidiar a constru\u00e7\u00e3o de diagn\u00f3sticos das a\u00e7\u00f5es socioassistenciais e indicadores de monitoramento, como por exemplo, o IDCRAS, IDCREAS e o IDConselho, utilizados como crit\u00e9rios para incentivos e repasses de recursos financeiros em \u00e2mbito nacional\u201d, destaca a diretora do Sistema \u00danico de Assist\u00eancia Social e Programas Especiais, Arely Soares Carvalho Telles.<\/p>\n\n\n\n<p><strong>D\u00favidas<\/strong><\/p>\n\n\n\n<p>A d\u00favidas devem ser enviadas para canais institucionais das devidas \u00e1reas t\u00e9cnicas da Diretoria do SUAS da SETAS:&nbsp;&nbsp;Central de whatsapp: (63) 9 9104-9023<\/p>\n\n\n\n<p><strong>E-mail e telefones<\/strong><\/p>\n\n\n\n<p>Prote\u00e7\u00e3o Social B\u00e1sica:&nbsp;<a href=\"mailto:protecaobasica.setas.to@gmail.com\" target=\"_blank\" rel=\"noreferrer noopener\">protecaobasica.setas.to@gmail.com<\/a>&nbsp;\u2013 tel: 3218-6904<br>Prote\u00e7\u00e3o Social Especial:&nbsp;<a href=\"mailto:protecaoespecial@hotmail.com\" target=\"_blank\" rel=\"noreferrer noopener\">protecaoespecial@hotmail.com<\/a>&nbsp;\u2013 tel:3218-6903<br>Cad\u00danico:&nbsp;<a href=\"mailto:cadunicoto@gmail.com\" target=\"_blank\" rel=\"noreferrer noopener\">cadunicoto@gmail.com<\/a>&nbsp;\u2013 tel: 3218-1931<br>Gest\u00e3o do SUAS:&nbsp;<a href=\"mailto:gestaodosuas@gmail.com\" target=\"_blank\" rel=\"noreferrer noopener\">gestaodosuas@gmail.com<\/a>&nbsp;\u2013 tel: 3218-1906<br>Programa Crian\u00e7a Feliz:&nbsp;<a href=\"mailto:criancafeliz.to@gmail.com\" target=\"_blank\" rel=\"noreferrer noopener\">criancafeliz.to@gmail.com<\/a>&nbsp;\u2013 tel: 3218-1987<br>As orienta\u00e7\u00f5es presenciais por question\u00e1rio do Censo SUAS, ser\u00e3o realizadas na sede da Setas, localizada na Pra\u00e7a dos Girass\u00f3is, em Palmas, nas datas abaixo.<\/p>\n\n\n\n<p>1 \u2013 CRAS e Centros de Conviv\u00eancia<\/p>\n\n\n\n<p>P\u00fablico alvo: Coordenadores (as) dos CRAS<br>Regionais:<br>Sudoeste, Sudeste e Centro-Oeste \u2013 Data: 06\/10 \u2013 Hor\u00e1rio: &nbsp;8 \u00e0s 13h<br>Norte I e Centro-Leste \u2013 Data: 07\/10 \u2013 Hor\u00e1rio: &nbsp;8 \u00e0s 13h<br>Norte II e Norte III \u2013 Data: 10\/10 \u2013 Hor\u00e1rio: &nbsp;8 \u00e0s 13h<br>Per\u00edodo de inscri\u00e7\u00e3o: 30\/09 a 03\/10<\/p>\n\n\n\n<p>2 \u2013 CREAS; Fam\u00edlia Acolhedora; Centro POP; Centro Dia; Acolhimento Institucional<\/p>\n\n\n\n<p>P\u00fablico alvo: &nbsp;Coordenadores(as) dos Servi\u00e7os e T\u00e9cnico da gest\u00e3o<br>2.1 Creas (municipal e regional) \u2013 Data: 17\/10 \u2013 Hor\u00e1rio: 8 \u00e0s 12h<br>2.2 Fam\u00edlia Acolhedora \u2013 Data: 17\/10 \u2013 Hor\u00e1rio: 14 \u00e0s 18h<br>2.3 Centro Dia e similares (Ex: APAE) \u2013 Data: 18\/10\/2 \u2013 Hor\u00e1rio: 8 \u00e0s 12h<br>2.4 Unidades de Acolhimento Crian\u00e7a e Idoso (municipal e estadual) \u2013 Data: 18\/10\/2<br>Hor\u00e1rio: 14 \u00e0s 18h<br>Per\u00edodo de inscri\u00e7\u00e3o: 30\/09 a 13\/10<\/p>\n\n\n\n<p>3- Posto de Cadastramento<\/p>\n\n\n\n<p>P\u00fablico alvo: Coordenadores do Programa Aux\u00edlio Brasil \/Cadastro \u00danico<br>3.1 \u2013 Coordenadores do PAB no Cras \u2013 Data: 06 e 07\/10 \u2013 Hor\u00e1rio: 14 \u00e0s 18h<br>3.3 \u2013 Coordenadores de Posto \u2013 Data: 10\/10 \u2013 Hor\u00e1rio: 14 \u00e0s 18h<br>Per\u00edodo de inscri\u00e7\u00e3o: 30\/09 a 03\/10\/2022<\/p>\n\n\n\n<p>4 \u2013 Fundo de Assist\u00eancia Social; Gest\u00e3o; e Conselhos<br>P\u00fablico alvo: Secret\u00e1rio (a) de Assist\u00eancia Social, T\u00e9cnico da gest\u00e3o e Secret\u00e1rio\/a<br>executivo (a) do CMAS<br>Regionais:<br>Centro-Oeste \u2013 Data: 11\/10 \u2013 Hor\u00e1rio: 8 \u00e0s 12h e de 14h \u00e0s 18h<br>Centro-Leste \u2013 Data: 13\/10\/2 \u2013 Hor\u00e1rio: 8 \u00e0s 12h e de 14h \u00e0s 18h<br>Sudeste \u2013 Data: 17\/10\/2 \u2013 Hor\u00e1rio: &nbsp;8 \u00e0s 12h e de 14h \u00e0s 18h<br>Norte I \u2013 Data: 18\/10\/2 \u2013 Hor\u00e1rio: 8 \u00e0s 12h e de 14 \u00e0s 18h<br>Norte II \u2013 Data: 20\/10 \u2013 Hor\u00e1rio: 8 \u00e0s 12h e de 14h \u00e0s 18h<br>Norte III \u2013 Data: 25\/10 \u2013 Hor\u00e1rio: 8 \u00e0s 12h e de 14h \u00e0s 18h<br>Sudoeste \u2013 Data: 26\/10\/2 \u2013 Hor\u00e1rio: 8 \u00e0s 12h e de 14h \u00e0s 18h<br>Per\u00edodo de inscri\u00e7\u00e3o: 30\/09 a 06\/10\/2022<\/p>\n","protected":false},"excerpt":{"rendered":"<p>Com o objetivo de apoiar tecnicamente os gestores municipais de Assist\u00eancia Social dos 139 munic\u00edpios, o Governo do Tocantins, por meio da Secretaria do Trabalho e Desenvolvimento Social (Setas), divulga um cronograma de atividades de orienta\u00e7\u00e3o t\u00e9cnica para os munic\u00edpios sobre o preenchimento dos formul\u00e1rios do Censo SUAS.O Censo SUAS \u00e9 realizado anualmente, desde 2007. [&hellip;]<\/p>\n","protected":false},"author":9,"featured_media":0,"comment_status":"open","ping_status":"open","sticky":false,"template":"","format":"standard","meta":{"_acf_changed":false,"footnotes":""},"categories":[8],"tags":[],"class_list":["post-63582","post","type-post","status-publish","format-standard","hentry","category-estado"],"acf":[],"yoast_head":"<!-- This site is optimized with the Yoast SEO plugin v24.4 - https:\/\/yoast.com\/wordpress\/plugins\/seo\/ -->\n<title>Governo do Tocantins orienta gestores municipais para o Censo do Sistema \u00danico de Assist\u00eancia Social\u00a0 - PORTAL DE NOT\u00cdCIAS CLEITON PINHEIRO<\/title>\n<meta name=\"robots\" content=\"index, follow, max-snippet:-1, max-image-preview:large, max-video-preview:-1\" \/>\n<link rel=\"canonical\" href=\"https:\/\/cleitonpinheiro.com.br\/site\/governo-do-tocantins-orienta-gestores-municipais-para-o-censo-do-sistema-unico-de-assistencia-social\/\" \/>\n<meta property=\"og:locale\" content=\"pt_BR\" \/>\n<meta property=\"og:type\" content=\"article\" \/>\n<meta property=\"og:title\" content=\"Governo do Tocantins orienta gestores municipais para o Censo do Sistema \u00danico de Assist\u00eancia Social\u00a0 - PORTAL DE NOT\u00cdCIAS CLEITON PINHEIRO\" \/>\n<meta property=\"og:description\" content=\"Com o objetivo de apoiar tecnicamente os gestores municipais de Assist\u00eancia Social dos 139 munic\u00edpios, o Governo do Tocantins, por meio da Secretaria do Trabalho e Desenvolvimento Social (Setas), divulga um cronograma de atividades de orienta\u00e7\u00e3o t\u00e9cnica para os munic\u00edpios sobre o preenchimento dos formul\u00e1rios do Censo SUAS.O Censo SUAS \u00e9 realizado anualmente, desde 2007. [&hellip;]\" \/>\n<meta property=\"og:url\" content=\"https:\/\/cleitonpinheiro.com.br\/site\/governo-do-tocantins-orienta-gestores-municipais-para-o-censo-do-sistema-unico-de-assistencia-social\/\" \/>\n<meta property=\"og:site_name\" content=\"PORTAL DE NOT\u00cdCIAS CLEITON PINHEIRO\" \/>\n<meta property=\"article:publisher\" content=\"https:\/\/www.facebook.com\/portalcpnoticias\/\" \/>\n<meta property=\"article:published_time\" content=\"2022-10-07T11:49:27+00:00\" \/>\n<meta property=\"article:modified_time\" content=\"2022-10-07T12:43:59+00:00\" \/>\n<meta property=\"og:image\" content=\"https:\/\/cleitonpinheiro.com.br\/site\/wp-content\/uploads\/2022\/10\/Por-necessidade-o-Site-Cleiton-Pinheiro-Portal-CP-Noticias-passara-por-manutencao-em-seu-servidor-nesta-quarta-feira-0510-por-um-periodo-de-24h-compressed-4-1.jpg\" \/>\n\t<meta property=\"og:image:width\" content=\"750\" \/>\n\t<meta property=\"og:image:height\" content=\"450\" \/>\n\t<meta property=\"og:image:type\" content=\"image\/jpeg\" \/>\n<meta name=\"author\" content=\"RGF Sistemas\" \/>\n<meta name=\"twitter:card\" content=\"summary_large_image\" \/>\n<meta name=\"twitter:label1\" content=\"Escrito por\" \/>\n\t<meta name=\"twitter:data1\" content=\"RGF Sistemas\" \/>\n\t<meta name=\"twitter:label2\" content=\"Est. tempo de leitura\" \/>\n\t<meta name=\"twitter:data2\" content=\"4 minutos\" \/>\n<script type=\"application\/ld+json\" class=\"yoast-schema-graph\">{\"@context\":\"https:\/\/schema.org\",\"@graph\":[{\"@type\":\"Article\",\"@id\":\"https:\/\/cleitonpinheiro.com.br\/site\/governo-do-tocantins-orienta-gestores-municipais-para-o-censo-do-sistema-unico-de-assistencia-social\/#article\",\"isPartOf\":{\"@id\":\"https:\/\/cleitonpinheiro.com.br\/site\/governo-do-tocantins-orienta-gestores-municipais-para-o-censo-do-sistema-unico-de-assistencia-social\/\"},\"author\":{\"name\":\"RGF Sistemas\",\"@id\":\"https:\/\/cleitonpinheiro.com.br\/site\/#\/schema\/person\/b7621891c193194dd412fdc1ff9b2b41\"},\"headline\":\"Governo do Tocantins orienta gestores municipais para o Censo do Sistema \u00danico de Assist\u00eancia Social\u00a0\",\"datePublished\":\"2022-10-07T11:49:27+00:00\",\"dateModified\":\"2022-10-07T12:43:59+00:00\",\"mainEntityOfPage\":{\"@id\":\"https:\/\/cleitonpinheiro.com.br\/site\/governo-do-tocantins-orienta-gestores-municipais-para-o-censo-do-sistema-unico-de-assistencia-social\/\"},\"wordCount\":633,\"commentCount\":0,\"publisher\":{\"@id\":\"https:\/\/cleitonpinheiro.com.br\/site\/#organization\"},\"image\":{\"@id\":\"https:\/\/cleitonpinheiro.com.br\/site\/governo-do-tocantins-orienta-gestores-municipais-para-o-censo-do-sistema-unico-de-assistencia-social\/#primaryimage\"},\"thumbnailUrl\":\"https:\/\/cleitonpinheiro.com.br\/site\/wp-content\/uploads\/2022\/10\/Por-necessidade-o-Site-Cleiton-Pinheiro-Portal-CP-Noticias-passara-por-manutencao-em-seu-servidor-nesta-quarta-feira-0510-por-um-periodo-de-24h-compressed-4-1.jpg\",\"articleSection\":[\"ESTADO\"],\"inLanguage\":\"pt-BR\",\"potentialAction\":[{\"@type\":\"CommentAction\",\"name\":\"Comment\",\"target\":[\"https:\/\/cleitonpinheiro.com.br\/site\/governo-do-tocantins-orienta-gestores-municipais-para-o-censo-do-sistema-unico-de-assistencia-social\/#respond\"]}]},{\"@type\":\"WebPage\",\"@id\":\"https:\/\/cleitonpinheiro.com.br\/site\/governo-do-tocantins-orienta-gestores-municipais-para-o-censo-do-sistema-unico-de-assistencia-social\/\",\"url\":\"https:\/\/cleitonpinheiro.com.br\/site\/governo-do-tocantins-orienta-gestores-municipais-para-o-censo-do-sistema-unico-de-assistencia-social\/\",\"name\":\"Governo do Tocantins orienta gestores municipais para o Censo do Sistema \u00danico de Assist\u00eancia Social\u00a0 - PORTAL DE NOT\u00cdCIAS CLEITON PINHEIRO\",\"isPartOf\":{\"@id\":\"https:\/\/cleitonpinheiro.com.br\/site\/#website\"},\"primaryImageOfPage\":{\"@id\":\"https:\/\/cleitonpinheiro.com.br\/site\/governo-do-tocantins-orienta-gestores-municipais-para-o-censo-do-sistema-unico-de-assistencia-social\/#primaryimage\"},\"image\":{\"@id\":\"https:\/\/cleitonpinheiro.com.br\/site\/governo-do-tocantins-orienta-gestores-municipais-para-o-censo-do-sistema-unico-de-assistencia-social\/#primaryimage\"},\"thumbnailUrl\":\"https:\/\/cleitonpinheiro.com.br\/site\/wp-content\/uploads\/2022\/10\/Por-necessidade-o-Site-Cleiton-Pinheiro-Portal-CP-Noticias-passara-por-manutencao-em-seu-servidor-nesta-quarta-feira-0510-por-um-periodo-de-24h-compressed-4-1.jpg\",\"datePublished\":\"2022-10-07T11:49:27+00:00\",\"dateModified\":\"2022-10-07T12:43:59+00:00\",\"breadcrumb\":{\"@id\":\"https:\/\/cleitonpinheiro.com.br\/site\/governo-do-tocantins-orienta-gestores-municipais-para-o-censo-do-sistema-unico-de-assistencia-social\/#breadcrumb\"},\"inLanguage\":\"pt-BR\",\"potentialAction\":[{\"@type\":\"ReadAction\",\"target\":[\"https:\/\/cleitonpinheiro.com.br\/site\/governo-do-tocantins-orienta-gestores-municipais-para-o-censo-do-sistema-unico-de-assistencia-social\/\"]}]},{\"@type\":\"ImageObject\",\"inLanguage\":\"pt-BR\",\"@id\":\"https:\/\/cleitonpinheiro.com.br\/site\/governo-do-tocantins-orienta-gestores-municipais-para-o-censo-do-sistema-unico-de-assistencia-social\/#primaryimage\",\"url\":\"\",\"contentUrl\":\"\"},{\"@type\":\"BreadcrumbList\",\"@id\":\"https:\/\/cleitonpinheiro.com.br\/site\/governo-do-tocantins-orienta-gestores-municipais-para-o-censo-do-sistema-unico-de-assistencia-social\/#breadcrumb\",\"itemListElement\":[{\"@type\":\"ListItem\",\"position\":1,\"name\":\"In\u00edcio\",\"item\":\"https:\/\/cleitonpinheiro.com.br\/site\/\"},{\"@type\":\"ListItem\",\"position\":2,\"name\":\"Governo do Tocantins orienta gestores municipais para o Censo do Sistema \u00danico de Assist\u00eancia Social\u00a0\"}]},{\"@type\":\"WebSite\",\"@id\":\"https:\/\/cleitonpinheiro.com.br\/site\/#website\",\"url\":\"https:\/\/cleitonpinheiro.com.br\/site\/\",\"name\":\"PORTAL DE NOT\u00cdCIAS CLEITON PINHEIRO\",\"description\":\"FALANDO A VERDADE\",\"publisher\":{\"@id\":\"https:\/\/cleitonpinheiro.com.br\/site\/#organization\"},\"potentialAction\":[{\"@type\":\"SearchAction\",\"target\":{\"@type\":\"EntryPoint\",\"urlTemplate\":\"https:\/\/cleitonpinheiro.com.br\/site\/?s={search_term_string}\"},\"query-input\":{\"@type\":\"PropertyValueSpecification\",\"valueRequired\":true,\"valueName\":\"search_term_string\"}}],\"inLanguage\":\"pt-BR\"},{\"@type\":\"Organization\",\"@id\":\"https:\/\/cleitonpinheiro.com.br\/site\/#organization\",\"name\":\"CPNOT\u00cdCIAS\",\"url\":\"https:\/\/cleitonpinheiro.com.br\/site\/\",\"logo\":{\"@type\":\"ImageObject\",\"inLanguage\":\"pt-BR\",\"@id\":\"https:\/\/cleitonpinheiro.com.br\/site\/#\/schema\/logo\/image\/\",\"url\":\"https:\/\/cleitonpinheiro.com.br\/site\/wp-content\/uploads\/2022\/08\/Logo-pequena-2.png\",\"contentUrl\":\"https:\/\/cleitonpinheiro.com.br\/site\/wp-content\/uploads\/2022\/08\/Logo-pequena-2.png\",\"width\":500,\"height\":500,\"caption\":\"CPNOT\u00cdCIAS\"},\"image\":{\"@id\":\"https:\/\/cleitonpinheiro.com.br\/site\/#\/schema\/logo\/image\/\"},\"sameAs\":[\"https:\/\/www.facebook.com\/portalcpnoticias\/\"]},{\"@type\":\"Person\",\"@id\":\"https:\/\/cleitonpinheiro.com.br\/site\/#\/schema\/person\/b7621891c193194dd412fdc1ff9b2b41\",\"name\":\"RGF Sistemas\",\"image\":{\"@type\":\"ImageObject\",\"inLanguage\":\"pt-BR\",\"@id\":\"https:\/\/cleitonpinheiro.com.br\/site\/#\/schema\/person\/image\/\",\"url\":\"https:\/\/secure.gravatar.com\/avatar\/59e110c11e5eecf4636340abed101b4cddb70ca9f64acab0fe8863bcc0a66b2d?s=96&r=g\",\"contentUrl\":\"https:\/\/secure.gravatar.com\/avatar\/59e110c11e5eecf4636340abed101b4cddb70ca9f64acab0fe8863bcc0a66b2d?s=96&r=g\",\"caption\":\"RGF Sistemas\"},\"url\":\"https:\/\/cleitonpinheiro.com.br\/site\/author\/rgfsite\/\"}]}<\/script>\n<!-- \/ Yoast SEO plugin. -->","yoast_head_json":{"title":"Governo do Tocantins orienta gestores municipais para o Censo do Sistema \u00danico de Assist\u00eancia Social\u00a0 - PORTAL DE NOT\u00cdCIAS CLEITON PINHEIRO","robots":{"index":"index","follow":"follow","max-snippet":"max-snippet:-1","max-image-preview":"max-image-preview:large","max-video-preview":"max-video-preview:-1"},"canonical":"https:\/\/cleitonpinheiro.com.br\/site\/governo-do-tocantins-orienta-gestores-municipais-para-o-censo-do-sistema-unico-de-assistencia-social\/","og_locale":"pt_BR","og_type":"article","og_title":"Governo do Tocantins orienta gestores municipais para o Censo do Sistema \u00danico de Assist\u00eancia Social\u00a0 - PORTAL DE NOT\u00cdCIAS CLEITON PINHEIRO","og_description":"Com o objetivo de apoiar tecnicamente os gestores municipais de Assist\u00eancia Social dos 139 munic\u00edpios, o Governo do Tocantins, por meio da Secretaria do Trabalho e Desenvolvimento Social (Setas), divulga um cronograma de atividades de orienta\u00e7\u00e3o t\u00e9cnica para os munic\u00edpios sobre o preenchimento dos formul\u00e1rios do Censo SUAS.O Censo SUAS \u00e9 realizado anualmente, desde 2007. [&hellip;]","og_url":"https:\/\/cleitonpinheiro.com.br\/site\/governo-do-tocantins-orienta-gestores-municipais-para-o-censo-do-sistema-unico-de-assistencia-social\/","og_site_name":"PORTAL DE NOT\u00cdCIAS CLEITON PINHEIRO","article_publisher":"https:\/\/www.facebook.com\/portalcpnoticias\/","article_published_time":"2022-10-07T11:49:27+00:00","article_modified_time":"2022-10-07T12:43:59+00:00","og_image":[{"width":750,"height":450,"url":"https:\/\/cleitonpinheiro.com.br\/site\/wp-content\/uploads\/2022\/10\/Por-necessidade-o-Site-Cleiton-Pinheiro-Portal-CP-Noticias-passara-por-manutencao-em-seu-servidor-nesta-quarta-feira-0510-por-um-periodo-de-24h-compressed-4-1.jpg","type":"image\/jpeg"}],"author":"RGF Sistemas","twitter_card":"summary_large_image","twitter_misc":{"Escrito por":"RGF Sistemas","Est. tempo de leitura":"4 minutos"},"schema":{"@context":"https:\/\/schema.org","@graph":[{"@type":"Article","@id":"https:\/\/cleitonpinheiro.com.br\/site\/governo-do-tocantins-orienta-gestores-municipais-para-o-censo-do-sistema-unico-de-assistencia-social\/#article","isPartOf":{"@id":"https:\/\/cleitonpinheiro.com.br\/site\/governo-do-tocantins-orienta-gestores-municipais-para-o-censo-do-sistema-unico-de-assistencia-social\/"},"author":{"name":"RGF Sistemas","@id":"https:\/\/cleitonpinheiro.com.br\/site\/#\/schema\/person\/b7621891c193194dd412fdc1ff9b2b41"},"headline":"Governo do Tocantins orienta gestores municipais para o Censo do Sistema \u00danico de Assist\u00eancia Social\u00a0","datePublished":"2022-10-07T11:49:27+00:00","dateModified":"2022-10-07T12:43:59+00:00","mainEntityOfPage":{"@id":"https:\/\/cleitonpinheiro.com.br\/site\/governo-do-tocantins-orienta-gestores-municipais-para-o-censo-do-sistema-unico-de-assistencia-social\/"},"wordCount":633,"commentCount":0,"publisher":{"@id":"https:\/\/cleitonpinheiro.com.br\/site\/#organization"},"image":{"@id":"https:\/\/cleitonpinheiro.com.br\/site\/governo-do-tocantins-orienta-gestores-municipais-para-o-censo-do-sistema-unico-de-assistencia-social\/#primaryimage"},"thumbnailUrl":"https:\/\/cleitonpinheiro.com.br\/site\/wp-content\/uploads\/2022\/10\/Por-necessidade-o-Site-Cleiton-Pinheiro-Portal-CP-Noticias-passara-por-manutencao-em-seu-servidor-nesta-quarta-feira-0510-por-um-periodo-de-24h-compressed-4-1.jpg","articleSection":["ESTADO"],"inLanguage":"pt-BR","potentialAction":[{"@type":"CommentAction","name":"Comment","target":["https:\/\/cleitonpinheiro.com.br\/site\/governo-do-tocantins-orienta-gestores-municipais-para-o-censo-do-sistema-unico-de-assistencia-social\/#respond"]}]},{"@type":"WebPage","@id":"https:\/\/cleitonpinheiro.com.br\/site\/governo-do-tocantins-orienta-gestores-municipais-para-o-censo-do-sistema-unico-de-assistencia-social\/","url":"https:\/\/cleitonpinheiro.com.br\/site\/governo-do-tocantins-orienta-gestores-municipais-para-o-censo-do-sistema-unico-de-assistencia-social\/","name":"Governo do Tocantins orienta gestores municipais para o Censo do Sistema \u00danico de Assist\u00eancia Social\u00a0 - PORTAL DE NOT\u00cdCIAS CLEITON PINHEIRO","isPartOf":{"@id":"https:\/\/cleitonpinheiro.com.br\/site\/#website"},"primaryImageOfPage":{"@id":"https:\/\/cleitonpinheiro.com.br\/site\/governo-do-tocantins-orienta-gestores-municipais-para-o-censo-do-sistema-unico-de-assistencia-social\/#primaryimage"},"image":{"@id":"https:\/\/cleitonpinheiro.com.br\/site\/governo-do-tocantins-orienta-gestores-municipais-para-o-censo-do-sistema-unico-de-assistencia-social\/#primaryimage"},"thumbnailUrl":"https:\/\/cleitonpinheiro.com.br\/site\/wp-content\/uploads\/2022\/10\/Por-necessidade-o-Site-Cleiton-Pinheiro-Portal-CP-Noticias-passara-por-manutencao-em-seu-servidor-nesta-quarta-feira-0510-por-um-periodo-de-24h-compressed-4-1.jpg","datePublished":"2022-10-07T11:49:27+00:00","dateModified":"2022-10-07T12:43:59+00:00","breadcrumb":{"@id":"https:\/\/cleitonpinheiro.com.br\/site\/governo-do-tocantins-orienta-gestores-municipais-para-o-censo-do-sistema-unico-de-assistencia-social\/#breadcrumb"},"inLanguage":"pt-BR","potentialAction":[{"@type":"ReadAction","target":["https:\/\/cleitonpinheiro.com.br\/site\/governo-do-tocantins-orienta-gestores-municipais-para-o-censo-do-sistema-unico-de-assistencia-social\/"]}]},{"@type":"ImageObject","inLanguage":"pt-BR","@id":"https:\/\/cleitonpinheiro.com.br\/site\/governo-do-tocantins-orienta-gestores-municipais-para-o-censo-do-sistema-unico-de-assistencia-social\/#primaryimage","url":"","contentUrl":""},{"@type":"BreadcrumbList","@id":"https:\/\/cleitonpinheiro.com.br\/site\/governo-do-tocantins-orienta-gestores-municipais-para-o-censo-do-sistema-unico-de-assistencia-social\/#breadcrumb","itemListElement":[{"@type":"ListItem","position":1,"name":"In\u00edcio","item":"https:\/\/cleitonpinheiro.com.br\/site\/"},{"@type":"ListItem","position":2,"name":"Governo do Tocantins orienta gestores municipais para o Censo do Sistema \u00danico de Assist\u00eancia Social\u00a0"}]},{"@type":"WebSite","@id":"https:\/\/cleitonpinheiro.com.br\/site\/#website","url":"https:\/\/cleitonpinheiro.com.br\/site\/","name":"PORTAL DE NOT\u00cdCIAS CLEITON PINHEIRO","description":"FALANDO A VERDADE","publisher":{"@id":"https:\/\/cleitonpinheiro.com.br\/site\/#organization"},"potentialAction":[{"@type":"SearchAction","target":{"@type":"EntryPoint","urlTemplate":"https:\/\/cleitonpinheiro.com.br\/site\/?s={search_term_string}"},"query-input":{"@type":"PropertyValueSpecification","valueRequired":true,"valueName":"search_term_string"}}],"inLanguage":"pt-BR"},{"@type":"Organization","@id":"https:\/\/cleitonpinheiro.com.br\/site\/#organization","name":"CPNOT\u00cdCIAS","url":"https:\/\/cleitonpinheiro.com.br\/site\/","logo":{"@type":"ImageObject","inLanguage":"pt-BR","@id":"https:\/\/cleitonpinheiro.com.br\/site\/#\/schema\/logo\/image\/","url":"https:\/\/cleitonpinheiro.com.br\/site\/wp-content\/uploads\/2022\/08\/Logo-pequena-2.png","contentUrl":"https:\/\/cleitonpinheiro.com.br\/site\/wp-content\/uploads\/2022\/08\/Logo-pequena-2.png","width":500,"height":500,"caption":"CPNOT\u00cdCIAS"},"image":{"@id":"https:\/\/cleitonpinheiro.com.br\/site\/#\/schema\/logo\/image\/"},"sameAs":["https:\/\/www.facebook.com\/portalcpnoticias\/"]},{"@type":"Person","@id":"https:\/\/cleitonpinheiro.com.br\/site\/#\/schema\/person\/b7621891c193194dd412fdc1ff9b2b41","name":"RGF Sistemas","image":{"@type":"ImageObject","inLanguage":"pt-BR","@id":"https:\/\/cleitonpinheiro.com.br\/site\/#\/schema\/person\/image\/","url":"https:\/\/secure.gravatar.com\/avatar\/59e110c11e5eecf4636340abed101b4cddb70ca9f64acab0fe8863bcc0a66b2d?s=96&r=g","contentUrl":"https:\/\/secure.gravatar.com\/avatar\/59e110c11e5eecf4636340abed101b4cddb70ca9f64acab0fe8863bcc0a66b2d?s=96&r=g","caption":"RGF Sistemas"},"url":"https:\/\/cleitonpinheiro.com.br\/site\/author\/rgfsite\/"}]}},"views":411,"_links":{"self":[{"href":"https:\/\/cleitonpinheiro.com.br\/site\/wp-json\/wp\/v2\/posts\/63582","targetHints":{"allow":["GET"]}}],"collection":[{"href":"https:\/\/cleitonpinheiro.com.br\/site\/wp-json\/wp\/v2\/posts"}],"about":[{"href":"https:\/\/cleitonpinheiro.com.br\/site\/wp-json\/wp\/v2\/types\/post"}],"author":[{"embeddable":true,"href":"https:\/\/cleitonpinheiro.com.br\/site\/wp-json\/wp\/v2\/users\/9"}],"replies":[{"embeddable":true,"href":"https:\/\/cleitonpinheiro.com.br\/site\/wp-json\/wp\/v2\/comments?post=63582"}],"version-history":[{"count":1,"href":"https:\/\/cleitonpinheiro.com.br\/site\/wp-json\/wp\/v2\/posts\/63582\/revisions"}],"predecessor-version":[{"id":63584,"href":"https:\/\/cleitonpinheiro.com.br\/site\/wp-json\/wp\/v2\/posts\/63582\/revisions\/63584"}],"wp:attachment":[{"href":"https:\/\/cleitonpinheiro.com.br\/site\/wp-json\/wp\/v2\/media?parent=63582"}],"wp:term":[{"taxonomy":"category","embeddable":true,"href":"https:\/\/cleitonpinheiro.com.br\/site\/wp-json\/wp\/v2\/categories?post=63582"},{"taxonomy":"post_tag","embeddable":true,"href":"https:\/\/cleitonpinheiro.com.br\/site\/wp-json\/wp\/v2\/tags?post=63582"}],"curies":[{"name":"wp","href":"https:\/\/api.w.org\/{rel}","templated":true}]}}