{"id":63585,"date":"2022-10-07T08:51:27","date_gmt":"2022-10-07T11:51:27","guid":{"rendered":"https:\/\/cleitonpinheiro.com.br\/site\/?p=63585"},"modified":"2022-10-10T10:36:54","modified_gmt":"2022-10-10T13:36:54","slug":"foragido-da-justica-do-mg-por-dupla-tentativa-de-feminicidio-e-preso-pela-policia-civil-em-palmas","status":"publish","type":"post","link":"https:\/\/cleitonpinheiro.com.br\/site\/foragido-da-justica-do-mg-por-dupla-tentativa-de-feminicidio-e-preso-pela-policia-civil-em-palmas\/","title":{"rendered":"Foragido da Justi\u00e7a do MG por dupla tentativa de feminic\u00eddio \u00e9 preso pela Pol\u00edcia Civil em Palmas"},"content":{"rendered":"\n<figure class=\"wp-block-gallery has-nested-images columns-default is-cropped wp-block-gallery-1 is-layout-flex wp-block-gallery-is-layout-flex\">\n<figure class=\"wp-block-image size-large\"><img decoding=\"async\" data-id=\"63586\" src=\"https:\/\/cleitonpinheiro.com.br\/site\/wp-content\/uploads\/2022\/10\/Design-sem-nome-2022-10-07T080008-compressed-1.jpg\" alt=\"\" class=\"wp-image-63586\"\/><\/figure>\n<\/figure>\n\n\n\n<p>Uma a\u00e7\u00e3o de combate \u00e0 criminalidade, realizada por policiais civis da 1\u00aa Delegacia de Pol\u00edcia Civil \u2013 1\u00aa DPC de Palmas, na manh\u00e3 desta quinta-feira, 6, na Capital, resultou na pris\u00e3o de um homem de 55 anos. Ele \u00e9 investigado por uma dupla tentativa de feminic\u00eddio na cidade de Tangar\u00e1 da Serra (MT), e foi capturado, mediante cumprimento a Mandado de Pris\u00e3o Preventiva expedido pela Vara Criminal da Comarca do Estado vizinho.<\/p>\n\n\n\n<p>De acordo com o delegado-chefe da 1\u00aa DPC, Gustavo Henrique da Silva Andrade, o indiv\u00edduo \u00e9 o principal suspeito de tentativa de duplo feminic\u00eddio contra a companheira e sua tia, fato ocorrido no \u00faltimo dia 11 de setembro, em Tangar\u00e1. \u201cO investigado utilizava seu ve\u00edculo para atropelar propositadamente ambas as mulheres, enquanto elas trafegavam em uma moto por uma das ruas da cidade mato-grossense\u201d, relatou a autoridade policial.<\/p>\n\n\n\n<p>O atropelamento foi registrado por c\u00e2meras de seguran\u00e7a de uma rua pr\u00f3xima. Pelas cenas \u00e9 poss\u00edvel ver que o ve\u00edculo do suspeito avan\u00e7a em alta velocidade e colide na traseira da motocicleta ocupada pelas v\u00edtimas que, com a for\u00e7a do impacto s\u00e3o arremessadas ao ch\u00e3o, sofrendo v\u00e1rios ferimentos. Em seguida, o indiv\u00edduo foge do local sem prestar socorro.<\/p>\n\n\n\n<p>\u201cAp\u00f3s compartilhamento de informa\u00e7\u00f5es com as ag\u00eancias de intelig\u00eancia da Pol\u00edcia Civil do Tocantins e da Pol\u00edcia Civil de Mato Grosso, foi poss\u00edvel localizar o suspeito escondido na casa de sua irm\u00e3, no Plano Diretor Sul da capital\u201d, ressalta o delegado Gustavo Henrique.<\/p>\n\n\n\n<p>Cumpridas as formalidades legais, o homem foi encaminhado \u00e0 Unidade Penal de Palmas, local onde permanecer\u00e1 \u00e0 disposi\u00e7\u00e3o da Justi\u00e7a mato-grossense.<\/p>\n\n\n\n<p>O delegado Gustavo Henrique, respons\u00e1vel pelo caso, ressaltou a import\u00e2ncia da pris\u00e3o e exaltou a integra\u00e7\u00e3o existente entre as institui\u00e7\u00f5es de seguran\u00e7a do Brasil. \u201cN\u00e3o importa onde o crime aconte\u00e7a, as pol\u00edcias trabalham de forma interligada com constantes trocas de informa\u00e7\u00f5es. Dessa forma n\u00e3o faz diferen\u00e7a em quais estados da federa\u00e7\u00e3o, os criminosos decidam se esconder para se furtar da a\u00e7\u00e3o da lei, pois todos ser\u00e3o encontrados e presos, a fim de que respondam pelos delitos que praticaram\u201d, frisou a autoridade policial. <em><strong>(Fonte: Pol\u00edcia Civil).<\/strong><\/em><\/p>\n","protected":false},"excerpt":{"rendered":"<p>Uma a\u00e7\u00e3o de combate \u00e0 criminalidade, realizada por policiais civis da 1\u00aa Delegacia de Pol\u00edcia Civil \u2013 1\u00aa DPC de Palmas, na manh\u00e3 desta quinta-feira, 6, na Capital, resultou na pris\u00e3o de um homem de 55 anos. Ele \u00e9 investigado por uma dupla tentativa de feminic\u00eddio na cidade de Tangar\u00e1 da Serra (MT), e foi [&hellip;]<\/p>\n","protected":false},"author":9,"featured_media":0,"comment_status":"open","ping_status":"open","sticky":false,"template":"","format":"standard","meta":{"_acf_changed":false,"footnotes":""},"categories":[22,21],"tags":[],"class_list":["post-63585","post","type-post","status-publish","format-standard","hentry","category-cidades","category-todas-noticias"],"acf":[],"yoast_head":"<!-- This site is optimized with the Yoast SEO plugin v24.4 - https:\/\/yoast.com\/wordpress\/plugins\/seo\/ -->\n<title>Foragido da Justi\u00e7a do MG por dupla tentativa de feminic\u00eddio \u00e9 preso pela Pol\u00edcia Civil em Palmas - PORTAL DE NOT\u00cdCIAS CLEITON PINHEIRO<\/title>\n<meta name=\"robots\" content=\"index, follow, max-snippet:-1, max-image-preview:large, max-video-preview:-1\" \/>\n<link rel=\"canonical\" href=\"https:\/\/cleitonpinheiro.com.br\/site\/foragido-da-justica-do-mg-por-dupla-tentativa-de-feminicidio-e-preso-pela-policia-civil-em-palmas\/\" \/>\n<meta property=\"og:locale\" content=\"pt_BR\" \/>\n<meta property=\"og:type\" content=\"article\" \/>\n<meta property=\"og:title\" content=\"Foragido da Justi\u00e7a do MG por dupla tentativa de feminic\u00eddio \u00e9 preso pela Pol\u00edcia Civil em Palmas - PORTAL DE NOT\u00cdCIAS CLEITON PINHEIRO\" \/>\n<meta property=\"og:description\" content=\"Uma a\u00e7\u00e3o de combate \u00e0 criminalidade, realizada por policiais civis da 1\u00aa Delegacia de Pol\u00edcia Civil \u2013 1\u00aa DPC de Palmas, na manh\u00e3 desta quinta-feira, 6, na Capital, resultou na pris\u00e3o de um homem de 55 anos. Ele \u00e9 investigado por uma dupla tentativa de feminic\u00eddio na cidade de Tangar\u00e1 da Serra (MT), e foi [&hellip;]\" \/>\n<meta property=\"og:url\" content=\"https:\/\/cleitonpinheiro.com.br\/site\/foragido-da-justica-do-mg-por-dupla-tentativa-de-feminicidio-e-preso-pela-policia-civil-em-palmas\/\" \/>\n<meta property=\"og:site_name\" content=\"PORTAL DE NOT\u00cdCIAS CLEITON PINHEIRO\" \/>\n<meta property=\"article:publisher\" content=\"https:\/\/www.facebook.com\/portalcpnoticias\/\" \/>\n<meta property=\"article:published_time\" content=\"2022-10-07T11:51:27+00:00\" \/>\n<meta property=\"article:modified_time\" content=\"2022-10-10T13:36:54+00:00\" \/>\n<meta property=\"og:image\" content=\"https:\/\/cleitonpinheiro.com.br\/site\/wp-content\/uploads\/2022\/10\/Design-sem-nome-2022-10-07T080008-compressed-1.jpg\" \/>\n\t<meta property=\"og:image:width\" content=\"750\" \/>\n\t<meta property=\"og:image:height\" content=\"450\" \/>\n\t<meta property=\"og:image:type\" content=\"image\/jpeg\" \/>\n<meta name=\"author\" content=\"RGF Sistemas\" \/>\n<meta name=\"twitter:card\" content=\"summary_large_image\" \/>\n<meta name=\"twitter:label1\" content=\"Escrito por\" \/>\n\t<meta name=\"twitter:data1\" content=\"RGF Sistemas\" \/>\n\t<meta name=\"twitter:label2\" content=\"Est. tempo de leitura\" \/>\n\t<meta name=\"twitter:data2\" content=\"3 minutos\" \/>\n<script type=\"application\/ld+json\" class=\"yoast-schema-graph\">{\"@context\":\"https:\/\/schema.org\",\"@graph\":[{\"@type\":\"Article\",\"@id\":\"https:\/\/cleitonpinheiro.com.br\/site\/foragido-da-justica-do-mg-por-dupla-tentativa-de-feminicidio-e-preso-pela-policia-civil-em-palmas\/#article\",\"isPartOf\":{\"@id\":\"https:\/\/cleitonpinheiro.com.br\/site\/foragido-da-justica-do-mg-por-dupla-tentativa-de-feminicidio-e-preso-pela-policia-civil-em-palmas\/\"},\"author\":{\"name\":\"RGF Sistemas\",\"@id\":\"https:\/\/cleitonpinheiro.com.br\/site\/#\/schema\/person\/b7621891c193194dd412fdc1ff9b2b41\"},\"headline\":\"Foragido da Justi\u00e7a do MG por dupla tentativa de feminic\u00eddio \u00e9 preso pela Pol\u00edcia Civil em Palmas\",\"datePublished\":\"2022-10-07T11:51:27+00:00\",\"dateModified\":\"2022-10-10T13:36:54+00:00\",\"mainEntityOfPage\":{\"@id\":\"https:\/\/cleitonpinheiro.com.br\/site\/foragido-da-justica-do-mg-por-dupla-tentativa-de-feminicidio-e-preso-pela-policia-civil-em-palmas\/\"},\"wordCount\":398,\"commentCount\":0,\"publisher\":{\"@id\":\"https:\/\/cleitonpinheiro.com.br\/site\/#organization\"},\"image\":{\"@id\":\"https:\/\/cleitonpinheiro.com.br\/site\/foragido-da-justica-do-mg-por-dupla-tentativa-de-feminicidio-e-preso-pela-policia-civil-em-palmas\/#primaryimage\"},\"thumbnailUrl\":\"https:\/\/cleitonpinheiro.com.br\/site\/wp-content\/uploads\/2022\/10\/Design-sem-nome-2022-10-07T080008-compressed-1.jpg\",\"articleSection\":[\"CIDADES\",\"TODAS NOTICIAS\"],\"inLanguage\":\"pt-BR\",\"potentialAction\":[{\"@type\":\"CommentAction\",\"name\":\"Comment\",\"target\":[\"https:\/\/cleitonpinheiro.com.br\/site\/foragido-da-justica-do-mg-por-dupla-tentativa-de-feminicidio-e-preso-pela-policia-civil-em-palmas\/#respond\"]}]},{\"@type\":\"WebPage\",\"@id\":\"https:\/\/cleitonpinheiro.com.br\/site\/foragido-da-justica-do-mg-por-dupla-tentativa-de-feminicidio-e-preso-pela-policia-civil-em-palmas\/\",\"url\":\"https:\/\/cleitonpinheiro.com.br\/site\/foragido-da-justica-do-mg-por-dupla-tentativa-de-feminicidio-e-preso-pela-policia-civil-em-palmas\/\",\"name\":\"Foragido da Justi\u00e7a do MG por dupla tentativa de feminic\u00eddio \u00e9 preso pela Pol\u00edcia Civil em Palmas - PORTAL DE NOT\u00cdCIAS CLEITON PINHEIRO\",\"isPartOf\":{\"@id\":\"https:\/\/cleitonpinheiro.com.br\/site\/#website\"},\"primaryImageOfPage\":{\"@id\":\"https:\/\/cleitonpinheiro.com.br\/site\/foragido-da-justica-do-mg-por-dupla-tentativa-de-feminicidio-e-preso-pela-policia-civil-em-palmas\/#primaryimage\"},\"image\":{\"@id\":\"https:\/\/cleitonpinheiro.com.br\/site\/foragido-da-justica-do-mg-por-dupla-tentativa-de-feminicidio-e-preso-pela-policia-civil-em-palmas\/#primaryimage\"},\"thumbnailUrl\":\"https:\/\/cleitonpinheiro.com.br\/site\/wp-content\/uploads\/2022\/10\/Design-sem-nome-2022-10-07T080008-compressed-1.jpg\",\"datePublished\":\"2022-10-07T11:51:27+00:00\",\"dateModified\":\"2022-10-10T13:36:54+00:00\",\"breadcrumb\":{\"@id\":\"https:\/\/cleitonpinheiro.com.br\/site\/foragido-da-justica-do-mg-por-dupla-tentativa-de-feminicidio-e-preso-pela-policia-civil-em-palmas\/#breadcrumb\"},\"inLanguage\":\"pt-BR\",\"potentialAction\":[{\"@type\":\"ReadAction\",\"target\":[\"https:\/\/cleitonpinheiro.com.br\/site\/foragido-da-justica-do-mg-por-dupla-tentativa-de-feminicidio-e-preso-pela-policia-civil-em-palmas\/\"]}]},{\"@type\":\"ImageObject\",\"inLanguage\":\"pt-BR\",\"@id\":\"https:\/\/cleitonpinheiro.com.br\/site\/foragido-da-justica-do-mg-por-dupla-tentativa-de-feminicidio-e-preso-pela-policia-civil-em-palmas\/#primaryimage\",\"url\":\"\",\"contentUrl\":\"\"},{\"@type\":\"BreadcrumbList\",\"@id\":\"https:\/\/cleitonpinheiro.com.br\/site\/foragido-da-justica-do-mg-por-dupla-tentativa-de-feminicidio-e-preso-pela-policia-civil-em-palmas\/#breadcrumb\",\"itemListElement\":[{\"@type\":\"ListItem\",\"position\":1,\"name\":\"In\u00edcio\",\"item\":\"https:\/\/cleitonpinheiro.com.br\/site\/\"},{\"@type\":\"ListItem\",\"position\":2,\"name\":\"Foragido da Justi\u00e7a do MG por dupla tentativa de feminic\u00eddio \u00e9 preso pela Pol\u00edcia Civil em Palmas\"}]},{\"@type\":\"WebSite\",\"@id\":\"https:\/\/cleitonpinheiro.com.br\/site\/#website\",\"url\":\"https:\/\/cleitonpinheiro.com.br\/site\/\",\"name\":\"PORTAL DE NOT\u00cdCIAS CLEITON PINHEIRO\",\"description\":\"FALANDO A VERDADE\",\"publisher\":{\"@id\":\"https:\/\/cleitonpinheiro.com.br\/site\/#organization\"},\"potentialAction\":[{\"@type\":\"SearchAction\",\"target\":{\"@type\":\"EntryPoint\",\"urlTemplate\":\"https:\/\/cleitonpinheiro.com.br\/site\/?s={search_term_string}\"},\"query-input\":{\"@type\":\"PropertyValueSpecification\",\"valueRequired\":true,\"valueName\":\"search_term_string\"}}],\"inLanguage\":\"pt-BR\"},{\"@type\":\"Organization\",\"@id\":\"https:\/\/cleitonpinheiro.com.br\/site\/#organization\",\"name\":\"CPNOT\u00cdCIAS\",\"url\":\"https:\/\/cleitonpinheiro.com.br\/site\/\",\"logo\":{\"@type\":\"ImageObject\",\"inLanguage\":\"pt-BR\",\"@id\":\"https:\/\/cleitonpinheiro.com.br\/site\/#\/schema\/logo\/image\/\",\"url\":\"https:\/\/cleitonpinheiro.com.br\/site\/wp-content\/uploads\/2022\/08\/Logo-pequena-2.png\",\"contentUrl\":\"https:\/\/cleitonpinheiro.com.br\/site\/wp-content\/uploads\/2022\/08\/Logo-pequena-2.png\",\"width\":500,\"height\":500,\"caption\":\"CPNOT\u00cdCIAS\"},\"image\":{\"@id\":\"https:\/\/cleitonpinheiro.com.br\/site\/#\/schema\/logo\/image\/\"},\"sameAs\":[\"https:\/\/www.facebook.com\/portalcpnoticias\/\"]},{\"@type\":\"Person\",\"@id\":\"https:\/\/cleitonpinheiro.com.br\/site\/#\/schema\/person\/b7621891c193194dd412fdc1ff9b2b41\",\"name\":\"RGF Sistemas\",\"image\":{\"@type\":\"ImageObject\",\"inLanguage\":\"pt-BR\",\"@id\":\"https:\/\/cleitonpinheiro.com.br\/site\/#\/schema\/person\/image\/\",\"url\":\"https:\/\/secure.gravatar.com\/avatar\/59e110c11e5eecf4636340abed101b4cddb70ca9f64acab0fe8863bcc0a66b2d?s=96&r=g\",\"contentUrl\":\"https:\/\/secure.gravatar.com\/avatar\/59e110c11e5eecf4636340abed101b4cddb70ca9f64acab0fe8863bcc0a66b2d?s=96&r=g\",\"caption\":\"RGF Sistemas\"},\"url\":\"https:\/\/cleitonpinheiro.com.br\/site\/author\/rgfsite\/\"}]}<\/script>\n<!-- \/ Yoast SEO plugin. -->","yoast_head_json":{"title":"Foragido da Justi\u00e7a do MG por dupla tentativa de feminic\u00eddio \u00e9 preso pela Pol\u00edcia Civil em Palmas - PORTAL DE NOT\u00cdCIAS CLEITON PINHEIRO","robots":{"index":"index","follow":"follow","max-snippet":"max-snippet:-1","max-image-preview":"max-image-preview:large","max-video-preview":"max-video-preview:-1"},"canonical":"https:\/\/cleitonpinheiro.com.br\/site\/foragido-da-justica-do-mg-por-dupla-tentativa-de-feminicidio-e-preso-pela-policia-civil-em-palmas\/","og_locale":"pt_BR","og_type":"article","og_title":"Foragido da Justi\u00e7a do MG por dupla tentativa de feminic\u00eddio \u00e9 preso pela Pol\u00edcia Civil em Palmas - PORTAL DE NOT\u00cdCIAS CLEITON PINHEIRO","og_description":"Uma a\u00e7\u00e3o de combate \u00e0 criminalidade, realizada por policiais civis da 1\u00aa Delegacia de Pol\u00edcia Civil \u2013 1\u00aa DPC de Palmas, na manh\u00e3 desta quinta-feira, 6, na Capital, resultou na pris\u00e3o de um homem de 55 anos. Ele \u00e9 investigado por uma dupla tentativa de feminic\u00eddio na cidade de Tangar\u00e1 da Serra (MT), e foi [&hellip;]","og_url":"https:\/\/cleitonpinheiro.com.br\/site\/foragido-da-justica-do-mg-por-dupla-tentativa-de-feminicidio-e-preso-pela-policia-civil-em-palmas\/","og_site_name":"PORTAL DE NOT\u00cdCIAS CLEITON PINHEIRO","article_publisher":"https:\/\/www.facebook.com\/portalcpnoticias\/","article_published_time":"2022-10-07T11:51:27+00:00","article_modified_time":"2022-10-10T13:36:54+00:00","og_image":[{"width":750,"height":450,"url":"https:\/\/cleitonpinheiro.com.br\/site\/wp-content\/uploads\/2022\/10\/Design-sem-nome-2022-10-07T080008-compressed-1.jpg","type":"image\/jpeg"}],"author":"RGF Sistemas","twitter_card":"summary_large_image","twitter_misc":{"Escrito por":"RGF Sistemas","Est. tempo de leitura":"3 minutos"},"schema":{"@context":"https:\/\/schema.org","@graph":[{"@type":"Article","@id":"https:\/\/cleitonpinheiro.com.br\/site\/foragido-da-justica-do-mg-por-dupla-tentativa-de-feminicidio-e-preso-pela-policia-civil-em-palmas\/#article","isPartOf":{"@id":"https:\/\/cleitonpinheiro.com.br\/site\/foragido-da-justica-do-mg-por-dupla-tentativa-de-feminicidio-e-preso-pela-policia-civil-em-palmas\/"},"author":{"name":"RGF Sistemas","@id":"https:\/\/cleitonpinheiro.com.br\/site\/#\/schema\/person\/b7621891c193194dd412fdc1ff9b2b41"},"headline":"Foragido da Justi\u00e7a do MG por dupla tentativa de feminic\u00eddio \u00e9 preso pela Pol\u00edcia Civil em Palmas","datePublished":"2022-10-07T11:51:27+00:00","dateModified":"2022-10-10T13:36:54+00:00","mainEntityOfPage":{"@id":"https:\/\/cleitonpinheiro.com.br\/site\/foragido-da-justica-do-mg-por-dupla-tentativa-de-feminicidio-e-preso-pela-policia-civil-em-palmas\/"},"wordCount":398,"commentCount":0,"publisher":{"@id":"https:\/\/cleitonpinheiro.com.br\/site\/#organization"},"image":{"@id":"https:\/\/cleitonpinheiro.com.br\/site\/foragido-da-justica-do-mg-por-dupla-tentativa-de-feminicidio-e-preso-pela-policia-civil-em-palmas\/#primaryimage"},"thumbnailUrl":"https:\/\/cleitonpinheiro.com.br\/site\/wp-content\/uploads\/2022\/10\/Design-sem-nome-2022-10-07T080008-compressed-1.jpg","articleSection":["CIDADES","TODAS NOTICIAS"],"inLanguage":"pt-BR","potentialAction":[{"@type":"CommentAction","name":"Comment","target":["https:\/\/cleitonpinheiro.com.br\/site\/foragido-da-justica-do-mg-por-dupla-tentativa-de-feminicidio-e-preso-pela-policia-civil-em-palmas\/#respond"]}]},{"@type":"WebPage","@id":"https:\/\/cleitonpinheiro.com.br\/site\/foragido-da-justica-do-mg-por-dupla-tentativa-de-feminicidio-e-preso-pela-policia-civil-em-palmas\/","url":"https:\/\/cleitonpinheiro.com.br\/site\/foragido-da-justica-do-mg-por-dupla-tentativa-de-feminicidio-e-preso-pela-policia-civil-em-palmas\/","name":"Foragido da Justi\u00e7a do MG por dupla tentativa de feminic\u00eddio \u00e9 preso pela Pol\u00edcia Civil em Palmas - PORTAL DE NOT\u00cdCIAS CLEITON PINHEIRO","isPartOf":{"@id":"https:\/\/cleitonpinheiro.com.br\/site\/#website"},"primaryImageOfPage":{"@id":"https:\/\/cleitonpinheiro.com.br\/site\/foragido-da-justica-do-mg-por-dupla-tentativa-de-feminicidio-e-preso-pela-policia-civil-em-palmas\/#primaryimage"},"image":{"@id":"https:\/\/cleitonpinheiro.com.br\/site\/foragido-da-justica-do-mg-por-dupla-tentativa-de-feminicidio-e-preso-pela-policia-civil-em-palmas\/#primaryimage"},"thumbnailUrl":"https:\/\/cleitonpinheiro.com.br\/site\/wp-content\/uploads\/2022\/10\/Design-sem-nome-2022-10-07T080008-compressed-1.jpg","datePublished":"2022-10-07T11:51:27+00:00","dateModified":"2022-10-10T13:36:54+00:00","breadcrumb":{"@id":"https:\/\/cleitonpinheiro.com.br\/site\/foragido-da-justica-do-mg-por-dupla-tentativa-de-feminicidio-e-preso-pela-policia-civil-em-palmas\/#breadcrumb"},"inLanguage":"pt-BR","potentialAction":[{"@type":"ReadAction","target":["https:\/\/cleitonpinheiro.com.br\/site\/foragido-da-justica-do-mg-por-dupla-tentativa-de-feminicidio-e-preso-pela-policia-civil-em-palmas\/"]}]},{"@type":"ImageObject","inLanguage":"pt-BR","@id":"https:\/\/cleitonpinheiro.com.br\/site\/foragido-da-justica-do-mg-por-dupla-tentativa-de-feminicidio-e-preso-pela-policia-civil-em-palmas\/#primaryimage","url":"","contentUrl":""},{"@type":"BreadcrumbList","@id":"https:\/\/cleitonpinheiro.com.br\/site\/foragido-da-justica-do-mg-por-dupla-tentativa-de-feminicidio-e-preso-pela-policia-civil-em-palmas\/#breadcrumb","itemListElement":[{"@type":"ListItem","position":1,"name":"In\u00edcio","item":"https:\/\/cleitonpinheiro.com.br\/site\/"},{"@type":"ListItem","position":2,"name":"Foragido da Justi\u00e7a do MG por dupla tentativa de feminic\u00eddio \u00e9 preso pela Pol\u00edcia Civil em Palmas"}]},{"@type":"WebSite","@id":"https:\/\/cleitonpinheiro.com.br\/site\/#website","url":"https:\/\/cleitonpinheiro.com.br\/site\/","name":"PORTAL DE NOT\u00cdCIAS CLEITON PINHEIRO","description":"FALANDO A VERDADE","publisher":{"@id":"https:\/\/cleitonpinheiro.com.br\/site\/#organization"},"potentialAction":[{"@type":"SearchAction","target":{"@type":"EntryPoint","urlTemplate":"https:\/\/cleitonpinheiro.com.br\/site\/?s={search_term_string}"},"query-input":{"@type":"PropertyValueSpecification","valueRequired":true,"valueName":"search_term_string"}}],"inLanguage":"pt-BR"},{"@type":"Organization","@id":"https:\/\/cleitonpinheiro.com.br\/site\/#organization","name":"CPNOT\u00cdCIAS","url":"https:\/\/cleitonpinheiro.com.br\/site\/","logo":{"@type":"ImageObject","inLanguage":"pt-BR","@id":"https:\/\/cleitonpinheiro.com.br\/site\/#\/schema\/logo\/image\/","url":"https:\/\/cleitonpinheiro.com.br\/site\/wp-content\/uploads\/2022\/08\/Logo-pequena-2.png","contentUrl":"https:\/\/cleitonpinheiro.com.br\/site\/wp-content\/uploads\/2022\/08\/Logo-pequena-2.png","width":500,"height":500,"caption":"CPNOT\u00cdCIAS"},"image":{"@id":"https:\/\/cleitonpinheiro.com.br\/site\/#\/schema\/logo\/image\/"},"sameAs":["https:\/\/www.facebook.com\/portalcpnoticias\/"]},{"@type":"Person","@id":"https:\/\/cleitonpinheiro.com.br\/site\/#\/schema\/person\/b7621891c193194dd412fdc1ff9b2b41","name":"RGF Sistemas","image":{"@type":"ImageObject","inLanguage":"pt-BR","@id":"https:\/\/cleitonpinheiro.com.br\/site\/#\/schema\/person\/image\/","url":"https:\/\/secure.gravatar.com\/avatar\/59e110c11e5eecf4636340abed101b4cddb70ca9f64acab0fe8863bcc0a66b2d?s=96&r=g","contentUrl":"https:\/\/secure.gravatar.com\/avatar\/59e110c11e5eecf4636340abed101b4cddb70ca9f64acab0fe8863bcc0a66b2d?s=96&r=g","caption":"RGF Sistemas"},"url":"https:\/\/cleitonpinheiro.com.br\/site\/author\/rgfsite\/"}]}},"views":292,"_links":{"self":[{"href":"https:\/\/cleitonpinheiro.com.br\/site\/wp-json\/wp\/v2\/posts\/63585","targetHints":{"allow":["GET"]}}],"collection":[{"href":"https:\/\/cleitonpinheiro.com.br\/site\/wp-json\/wp\/v2\/posts"}],"about":[{"href":"https:\/\/cleitonpinheiro.com.br\/site\/wp-json\/wp\/v2\/types\/post"}],"author":[{"embeddable":true,"href":"https:\/\/cleitonpinheiro.com.br\/site\/wp-json\/wp\/v2\/users\/9"}],"replies":[{"embeddable":true,"href":"https:\/\/cleitonpinheiro.com.br\/site\/wp-json\/wp\/v2\/comments?post=63585"}],"version-history":[{"count":1,"href":"https:\/\/cleitonpinheiro.com.br\/site\/wp-json\/wp\/v2\/posts\/63585\/revisions"}],"predecessor-version":[{"id":63587,"href":"https:\/\/cleitonpinheiro.com.br\/site\/wp-json\/wp\/v2\/posts\/63585\/revisions\/63587"}],"wp:attachment":[{"href":"https:\/\/cleitonpinheiro.com.br\/site\/wp-json\/wp\/v2\/media?parent=63585"}],"wp:term":[{"taxonomy":"category","embeddable":true,"href":"https:\/\/cleitonpinheiro.com.br\/site\/wp-json\/wp\/v2\/categories?post=63585"},{"taxonomy":"post_tag","embeddable":true,"href":"https:\/\/cleitonpinheiro.com.br\/site\/wp-json\/wp\/v2\/tags?post=63585"}],"curies":[{"name":"wp","href":"https:\/\/api.w.org\/{rel}","templated":true}]}}