{"id":63596,"date":"2022-10-07T10:17:41","date_gmt":"2022-10-07T13:17:41","guid":{"rendered":"https:\/\/cleitonpinheiro.com.br\/site\/?p=63596"},"modified":"2022-10-10T10:36:33","modified_gmt":"2022-10-10T13:36:33","slug":"ajusp-to-volta-a-cobra-do-governo-urgencia-na-celebracao-de-convenio-entre-o-estado-bancos-cooperativas-de-credito-que-anteciparao-passivos-e-retroativos-dos-servidores-publicos","status":"publish","type":"post","link":"https:\/\/cleitonpinheiro.com.br\/site\/ajusp-to-volta-a-cobra-do-governo-urgencia-na-celebracao-de-convenio-entre-o-estado-bancos-cooperativas-de-credito-que-anteciparao-passivos-e-retroativos-dos-servidores-publicos\/","title":{"rendered":"AJUSP-TO volta \u00e0 cobrar do Governo urg\u00eancia na celebra\u00e7\u00e3o de conv\u00eanio entre o Estado, Bancos, Cooperativas de Cr\u00e9dito que antecipar\u00e3o passivos"},"content":{"rendered":"\n<figure class=\"wp-block-image size-full\"><img decoding=\"async\" src=\"https:\/\/cleitonpinheiro.com.br\/site\/wp-content\/uploads\/2022\/09\/Design-sem-nome-2022-09-28T085308-compressed.jpg\" alt=\"\" class=\"wp-image-63329\"\/><\/figure>\n\n\n\n<p>O presidente da Associa\u00e7\u00e3o de Assist\u00eancia Jur\u00eddica dos Servidores P\u00fablicos no Estado do Tocantins (AJUSP-TO), Cleiton Pinheiro, protocolou nesta sexta-feira, 07, mais um of\u00edcio direcionado ao governador Wanderlei Barbosa (Republicanos), em que cobra urg\u00eancia na celebra\u00e7\u00e3o de conv\u00eanio entre o Estado, Bancos e Cooperativas de Cr\u00e9dito que antecipar\u00e3o os passivos e retroativos dos servidores p\u00fablicos estaduais.<br><br>A AJUSP-TO j\u00e1 requereu a medida outras vezes do Executivo estadual, mas sem respostas at\u00e9 o momento. Pinheiro lembra que em 12 de agosto deste ano, foi protocolado outro of\u00edcio solicitando urg\u00eancia na celebra\u00e7\u00e3o de conv\u00eanio entre a Secretaria de Estado da Administra\u00e7\u00e3o e as institui\u00e7\u00f5es financeiras, para operacionaliza\u00e7\u00e3o da Cess\u00e3o de Cr\u00e9ditos dos valores dos passivos retroativos, haja vista garantia a eventual antecipa\u00e7\u00e3o dos valores devidos e reconhecidos na Lei n\u00ba 3.901, de 31 de maio de 2022, publicada no Di\u00e1rio Oficial do Estado n\u00ba 6.061, de 1\u00ba de abril de 2022, a ser firmado em contrato de cess\u00e3o de cr\u00e9dito com o benefici\u00e1rio dos direitos credit\u00edcios, com base nas regras estabelecidas em Decreto Regulamentar, consoante previs\u00e3o contida no art. 12 da referida Lei, in verbis, por\u00e9m, a celebra\u00e7\u00e3o do conv\u00eanio nunca ocorreu.<\/p>\n\n\n\n<p>Ocorre que, diz a AJUSP-TO no of\u00edcio, decorridos mais de dois meses do protocolo do referido of\u00edcio, a AJUSP-TO at\u00e9 o presente momento, n\u00e3o obteve nenhuma resposta formal do Governo Estadual, al\u00e9m de j\u00e1 ultrapassados cinco meses da publica\u00e7\u00e3o da Lei n\u00ba 3.901, de 31\/03\/2022 e dois meses da publica\u00e7\u00e3o do Decreto Regulamentador, nem, sequer, houve at\u00e9 a presente data, por parte da Administra\u00e7\u00e3o P\u00fablica Estadual, a divulga\u00e7\u00e3o das entidades consignat\u00e1rias cadastradas, que, por ventura, firmaram conv\u00eanio espec\u00edfico, nem, sobretudo, divulgadas as taxas de juros (des\u00e1gio).<\/p>\n\n\n\n<p>\u2018Assim sendo, em raz\u00e3o de todo o exposto, pelo zelo no cumprimento das leis e no respeito aos direitos dos servidores p\u00fablicos, e ainda, em raz\u00e3o do per\u00edodo vedado pela lei eleitoral para concess\u00e3o de benef\u00edcios, aguardamos, com urg\u00eancia, as ado\u00e7\u00f5es de medidas urgentes para celebra\u00e7\u00e3o e publica\u00e7\u00e3o de conv\u00eanio entre a Secretaria da Administra\u00e7\u00e3o e as Entidades Consignat\u00e1rias, bancos, caixas econ\u00f4micas, cooperativas de cr\u00e9dito e institui\u00e7\u00f5es financeiras autorizadas pelo Banco Central do Brasil, para operacionaliza\u00e7\u00e3o das consigna\u00e7\u00f5es facultativas na modalidade de Cess\u00e3o de Cr\u00e9dito, dos valores dos passivos retroativos, decorrentes da Lei Estadual n\u00ba 3.901, de 31 de mar\u00e7o de 2022\u2019, finaliza o documento.<\/p>\n","protected":false},"excerpt":{"rendered":"<p>O presidente da Associa\u00e7\u00e3o de Assist\u00eancia Jur\u00eddica dos Servidores P\u00fablicos no Estado do Tocantins (AJUSP-TO), Cleiton Pinheiro, protocolou nesta sexta-feira, 07, mais um of\u00edcio direcionado ao governador Wanderlei Barbosa (Republicanos), em que cobra urg\u00eancia na celebra\u00e7\u00e3o de conv\u00eanio entre o Estado, Bancos e Cooperativas de Cr\u00e9dito que antecipar\u00e3o os passivos e retroativos dos servidores p\u00fablicos [&hellip;]<\/p>\n","protected":false},"author":4,"featured_media":0,"comment_status":"open","ping_status":"open","sticky":false,"template":"","format":"standard","meta":{"_acf_changed":false,"footnotes":""},"categories":[25,21],"tags":[],"class_list":["post-63596","post","type-post","status-publish","format-standard","hentry","category-funcionalismo","category-todas-noticias"],"acf":[],"yoast_head":"<!-- This site is optimized with the Yoast SEO plugin v24.4 - https:\/\/yoast.com\/wordpress\/plugins\/seo\/ -->\n<title>AJUSP-TO volta \u00e0 cobrar do Governo urg\u00eancia na celebra\u00e7\u00e3o de conv\u00eanio entre o Estado, Bancos, Cooperativas de Cr\u00e9dito que antecipar\u00e3o passivos - PORTAL DE NOT\u00cdCIAS CLEITON PINHEIRO<\/title>\n<meta name=\"robots\" content=\"index, follow, max-snippet:-1, max-image-preview:large, max-video-preview:-1\" \/>\n<link rel=\"canonical\" href=\"https:\/\/cleitonpinheiro.com.br\/site\/ajusp-to-volta-a-cobra-do-governo-urgencia-na-celebracao-de-convenio-entre-o-estado-bancos-cooperativas-de-credito-que-anteciparao-passivos-e-retroativos-dos-servidores-publicos\/\" \/>\n<meta property=\"og:locale\" content=\"pt_BR\" \/>\n<meta property=\"og:type\" content=\"article\" \/>\n<meta property=\"og:title\" content=\"AJUSP-TO volta \u00e0 cobrar do Governo urg\u00eancia na celebra\u00e7\u00e3o de conv\u00eanio entre o Estado, Bancos, Cooperativas de Cr\u00e9dito que antecipar\u00e3o passivos - PORTAL DE NOT\u00cdCIAS CLEITON PINHEIRO\" \/>\n<meta property=\"og:description\" content=\"O presidente da Associa\u00e7\u00e3o de Assist\u00eancia Jur\u00eddica dos Servidores P\u00fablicos no Estado do Tocantins (AJUSP-TO), Cleiton Pinheiro, protocolou nesta sexta-feira, 07, mais um of\u00edcio direcionado ao governador Wanderlei Barbosa (Republicanos), em que cobra urg\u00eancia na celebra\u00e7\u00e3o de conv\u00eanio entre o Estado, Bancos e Cooperativas de Cr\u00e9dito que antecipar\u00e3o os passivos e retroativos dos servidores p\u00fablicos [&hellip;]\" \/>\n<meta property=\"og:url\" content=\"https:\/\/cleitonpinheiro.com.br\/site\/ajusp-to-volta-a-cobra-do-governo-urgencia-na-celebracao-de-convenio-entre-o-estado-bancos-cooperativas-de-credito-que-anteciparao-passivos-e-retroativos-dos-servidores-publicos\/\" \/>\n<meta property=\"og:site_name\" content=\"PORTAL DE NOT\u00cdCIAS CLEITON PINHEIRO\" \/>\n<meta property=\"article:publisher\" content=\"https:\/\/www.facebook.com\/portalcpnoticias\/\" \/>\n<meta property=\"article:published_time\" content=\"2022-10-07T13:17:41+00:00\" \/>\n<meta property=\"article:modified_time\" content=\"2022-10-10T13:36:33+00:00\" \/>\n<meta property=\"og:image\" content=\"https:\/\/cleitonpinheiro.com.br\/site\/wp-content\/uploads\/2022\/09\/Design-sem-nome-2022-09-28T085308-compressed.jpg\" \/>\n\t<meta property=\"og:image:width\" content=\"750\" \/>\n\t<meta property=\"og:image:height\" content=\"450\" \/>\n\t<meta property=\"og:image:type\" content=\"image\/jpeg\" \/>\n<meta name=\"author\" content=\"Dermival Pereira\" \/>\n<meta name=\"twitter:card\" content=\"summary_large_image\" \/>\n<meta name=\"twitter:label1\" content=\"Escrito por\" \/>\n\t<meta name=\"twitter:data1\" content=\"Dermival Pereira\" \/>\n\t<meta name=\"twitter:label2\" content=\"Est. tempo de leitura\" \/>\n\t<meta name=\"twitter:data2\" content=\"3 minutos\" \/>\n<script type=\"application\/ld+json\" class=\"yoast-schema-graph\">{\"@context\":\"https:\/\/schema.org\",\"@graph\":[{\"@type\":\"Article\",\"@id\":\"https:\/\/cleitonpinheiro.com.br\/site\/ajusp-to-volta-a-cobra-do-governo-urgencia-na-celebracao-de-convenio-entre-o-estado-bancos-cooperativas-de-credito-que-anteciparao-passivos-e-retroativos-dos-servidores-publicos\/#article\",\"isPartOf\":{\"@id\":\"https:\/\/cleitonpinheiro.com.br\/site\/ajusp-to-volta-a-cobra-do-governo-urgencia-na-celebracao-de-convenio-entre-o-estado-bancos-cooperativas-de-credito-que-anteciparao-passivos-e-retroativos-dos-servidores-publicos\/\"},\"author\":{\"name\":\"Dermival Pereira\",\"@id\":\"https:\/\/cleitonpinheiro.com.br\/site\/#\/schema\/person\/aac6d7f311e80c43042e98a900b03cd8\"},\"headline\":\"AJUSP-TO volta \u00e0 cobrar do Governo urg\u00eancia na celebra\u00e7\u00e3o de conv\u00eanio entre o Estado, Bancos, Cooperativas de Cr\u00e9dito que antecipar\u00e3o passivos\",\"datePublished\":\"2022-10-07T13:17:41+00:00\",\"dateModified\":\"2022-10-10T13:36:33+00:00\",\"mainEntityOfPage\":{\"@id\":\"https:\/\/cleitonpinheiro.com.br\/site\/ajusp-to-volta-a-cobra-do-governo-urgencia-na-celebracao-de-convenio-entre-o-estado-bancos-cooperativas-de-credito-que-anteciparao-passivos-e-retroativos-dos-servidores-publicos\/\"},\"wordCount\":456,\"commentCount\":0,\"publisher\":{\"@id\":\"https:\/\/cleitonpinheiro.com.br\/site\/#organization\"},\"image\":{\"@id\":\"https:\/\/cleitonpinheiro.com.br\/site\/ajusp-to-volta-a-cobra-do-governo-urgencia-na-celebracao-de-convenio-entre-o-estado-bancos-cooperativas-de-credito-que-anteciparao-passivos-e-retroativos-dos-servidores-publicos\/#primaryimage\"},\"thumbnailUrl\":\"https:\/\/cleitonpinheiro.com.br\/site\/wp-content\/uploads\/2022\/09\/Design-sem-nome-2022-09-28T085308-compressed.jpg\",\"articleSection\":[\"FUNCIONALISMO\",\"TODAS NOTICIAS\"],\"inLanguage\":\"pt-BR\",\"potentialAction\":[{\"@type\":\"CommentAction\",\"name\":\"Comment\",\"target\":[\"https:\/\/cleitonpinheiro.com.br\/site\/ajusp-to-volta-a-cobra-do-governo-urgencia-na-celebracao-de-convenio-entre-o-estado-bancos-cooperativas-de-credito-que-anteciparao-passivos-e-retroativos-dos-servidores-publicos\/#respond\"]}]},{\"@type\":\"WebPage\",\"@id\":\"https:\/\/cleitonpinheiro.com.br\/site\/ajusp-to-volta-a-cobra-do-governo-urgencia-na-celebracao-de-convenio-entre-o-estado-bancos-cooperativas-de-credito-que-anteciparao-passivos-e-retroativos-dos-servidores-publicos\/\",\"url\":\"https:\/\/cleitonpinheiro.com.br\/site\/ajusp-to-volta-a-cobra-do-governo-urgencia-na-celebracao-de-convenio-entre-o-estado-bancos-cooperativas-de-credito-que-anteciparao-passivos-e-retroativos-dos-servidores-publicos\/\",\"name\":\"AJUSP-TO volta \u00e0 cobrar do Governo urg\u00eancia na celebra\u00e7\u00e3o de conv\u00eanio entre o Estado, Bancos, Cooperativas de Cr\u00e9dito que antecipar\u00e3o passivos - PORTAL DE NOT\u00cdCIAS CLEITON PINHEIRO\",\"isPartOf\":{\"@id\":\"https:\/\/cleitonpinheiro.com.br\/site\/#website\"},\"primaryImageOfPage\":{\"@id\":\"https:\/\/cleitonpinheiro.com.br\/site\/ajusp-to-volta-a-cobra-do-governo-urgencia-na-celebracao-de-convenio-entre-o-estado-bancos-cooperativas-de-credito-que-anteciparao-passivos-e-retroativos-dos-servidores-publicos\/#primaryimage\"},\"image\":{\"@id\":\"https:\/\/cleitonpinheiro.com.br\/site\/ajusp-to-volta-a-cobra-do-governo-urgencia-na-celebracao-de-convenio-entre-o-estado-bancos-cooperativas-de-credito-que-anteciparao-passivos-e-retroativos-dos-servidores-publicos\/#primaryimage\"},\"thumbnailUrl\":\"https:\/\/cleitonpinheiro.com.br\/site\/wp-content\/uploads\/2022\/09\/Design-sem-nome-2022-09-28T085308-compressed.jpg\",\"datePublished\":\"2022-10-07T13:17:41+00:00\",\"dateModified\":\"2022-10-10T13:36:33+00:00\",\"breadcrumb\":{\"@id\":\"https:\/\/cleitonpinheiro.com.br\/site\/ajusp-to-volta-a-cobra-do-governo-urgencia-na-celebracao-de-convenio-entre-o-estado-bancos-cooperativas-de-credito-que-anteciparao-passivos-e-retroativos-dos-servidores-publicos\/#breadcrumb\"},\"inLanguage\":\"pt-BR\",\"potentialAction\":[{\"@type\":\"ReadAction\",\"target\":[\"https:\/\/cleitonpinheiro.com.br\/site\/ajusp-to-volta-a-cobra-do-governo-urgencia-na-celebracao-de-convenio-entre-o-estado-bancos-cooperativas-de-credito-que-anteciparao-passivos-e-retroativos-dos-servidores-publicos\/\"]}]},{\"@type\":\"ImageObject\",\"inLanguage\":\"pt-BR\",\"@id\":\"https:\/\/cleitonpinheiro.com.br\/site\/ajusp-to-volta-a-cobra-do-governo-urgencia-na-celebracao-de-convenio-entre-o-estado-bancos-cooperativas-de-credito-que-anteciparao-passivos-e-retroativos-dos-servidores-publicos\/#primaryimage\",\"url\":\"\",\"contentUrl\":\"\"},{\"@type\":\"BreadcrumbList\",\"@id\":\"https:\/\/cleitonpinheiro.com.br\/site\/ajusp-to-volta-a-cobra-do-governo-urgencia-na-celebracao-de-convenio-entre-o-estado-bancos-cooperativas-de-credito-que-anteciparao-passivos-e-retroativos-dos-servidores-publicos\/#breadcrumb\",\"itemListElement\":[{\"@type\":\"ListItem\",\"position\":1,\"name\":\"In\u00edcio\",\"item\":\"https:\/\/cleitonpinheiro.com.br\/site\/\"},{\"@type\":\"ListItem\",\"position\":2,\"name\":\"AJUSP-TO volta \u00e0 cobrar do Governo urg\u00eancia na celebra\u00e7\u00e3o de conv\u00eanio entre o Estado, Bancos, Cooperativas de Cr\u00e9dito que antecipar\u00e3o passivos\"}]},{\"@type\":\"WebSite\",\"@id\":\"https:\/\/cleitonpinheiro.com.br\/site\/#website\",\"url\":\"https:\/\/cleitonpinheiro.com.br\/site\/\",\"name\":\"PORTAL DE NOT\u00cdCIAS CLEITON PINHEIRO\",\"description\":\"FALANDO A VERDADE\",\"publisher\":{\"@id\":\"https:\/\/cleitonpinheiro.com.br\/site\/#organization\"},\"potentialAction\":[{\"@type\":\"SearchAction\",\"target\":{\"@type\":\"EntryPoint\",\"urlTemplate\":\"https:\/\/cleitonpinheiro.com.br\/site\/?s={search_term_string}\"},\"query-input\":{\"@type\":\"PropertyValueSpecification\",\"valueRequired\":true,\"valueName\":\"search_term_string\"}}],\"inLanguage\":\"pt-BR\"},{\"@type\":\"Organization\",\"@id\":\"https:\/\/cleitonpinheiro.com.br\/site\/#organization\",\"name\":\"CPNOT\u00cdCIAS\",\"url\":\"https:\/\/cleitonpinheiro.com.br\/site\/\",\"logo\":{\"@type\":\"ImageObject\",\"inLanguage\":\"pt-BR\",\"@id\":\"https:\/\/cleitonpinheiro.com.br\/site\/#\/schema\/logo\/image\/\",\"url\":\"https:\/\/cleitonpinheiro.com.br\/site\/wp-content\/uploads\/2022\/08\/Logo-pequena-2.png\",\"contentUrl\":\"https:\/\/cleitonpinheiro.com.br\/site\/wp-content\/uploads\/2022\/08\/Logo-pequena-2.png\",\"width\":500,\"height\":500,\"caption\":\"CPNOT\u00cdCIAS\"},\"image\":{\"@id\":\"https:\/\/cleitonpinheiro.com.br\/site\/#\/schema\/logo\/image\/\"},\"sameAs\":[\"https:\/\/www.facebook.com\/portalcpnoticias\/\"]},{\"@type\":\"Person\",\"@id\":\"https:\/\/cleitonpinheiro.com.br\/site\/#\/schema\/person\/aac6d7f311e80c43042e98a900b03cd8\",\"name\":\"Dermival Pereira\",\"image\":{\"@type\":\"ImageObject\",\"inLanguage\":\"pt-BR\",\"@id\":\"https:\/\/cleitonpinheiro.com.br\/site\/#\/schema\/person\/image\/\",\"url\":\"https:\/\/secure.gravatar.com\/avatar\/cfaebf3742d6bf8db728bcba3eed6bee37b02337a2e6c822994f20ca72a3784d?s=96&r=g\",\"contentUrl\":\"https:\/\/secure.gravatar.com\/avatar\/cfaebf3742d6bf8db728bcba3eed6bee37b02337a2e6c822994f20ca72a3784d?s=96&r=g\",\"caption\":\"Dermival Pereira\"},\"url\":\"https:\/\/cleitonpinheiro.com.br\/site\/author\/dermival\/\"}]}<\/script>\n<!-- \/ Yoast SEO plugin. -->","yoast_head_json":{"title":"AJUSP-TO volta \u00e0 cobrar do Governo urg\u00eancia na celebra\u00e7\u00e3o de conv\u00eanio entre o Estado, Bancos, Cooperativas de Cr\u00e9dito que antecipar\u00e3o passivos - PORTAL DE NOT\u00cdCIAS CLEITON PINHEIRO","robots":{"index":"index","follow":"follow","max-snippet":"max-snippet:-1","max-image-preview":"max-image-preview:large","max-video-preview":"max-video-preview:-1"},"canonical":"https:\/\/cleitonpinheiro.com.br\/site\/ajusp-to-volta-a-cobra-do-governo-urgencia-na-celebracao-de-convenio-entre-o-estado-bancos-cooperativas-de-credito-que-anteciparao-passivos-e-retroativos-dos-servidores-publicos\/","og_locale":"pt_BR","og_type":"article","og_title":"AJUSP-TO volta \u00e0 cobrar do Governo urg\u00eancia na celebra\u00e7\u00e3o de conv\u00eanio entre o Estado, Bancos, Cooperativas de Cr\u00e9dito que antecipar\u00e3o passivos - PORTAL DE NOT\u00cdCIAS CLEITON PINHEIRO","og_description":"O presidente da Associa\u00e7\u00e3o de Assist\u00eancia Jur\u00eddica dos Servidores P\u00fablicos no Estado do Tocantins (AJUSP-TO), Cleiton Pinheiro, protocolou nesta sexta-feira, 07, mais um of\u00edcio direcionado ao governador Wanderlei Barbosa (Republicanos), em que cobra urg\u00eancia na celebra\u00e7\u00e3o de conv\u00eanio entre o Estado, Bancos e Cooperativas de Cr\u00e9dito que antecipar\u00e3o os passivos e retroativos dos servidores p\u00fablicos [&hellip;]","og_url":"https:\/\/cleitonpinheiro.com.br\/site\/ajusp-to-volta-a-cobra-do-governo-urgencia-na-celebracao-de-convenio-entre-o-estado-bancos-cooperativas-de-credito-que-anteciparao-passivos-e-retroativos-dos-servidores-publicos\/","og_site_name":"PORTAL DE NOT\u00cdCIAS CLEITON PINHEIRO","article_publisher":"https:\/\/www.facebook.com\/portalcpnoticias\/","article_published_time":"2022-10-07T13:17:41+00:00","article_modified_time":"2022-10-10T13:36:33+00:00","og_image":[{"width":750,"height":450,"url":"https:\/\/cleitonpinheiro.com.br\/site\/wp-content\/uploads\/2022\/09\/Design-sem-nome-2022-09-28T085308-compressed.jpg","type":"image\/jpeg"}],"author":"Dermival Pereira","twitter_card":"summary_large_image","twitter_misc":{"Escrito por":"Dermival Pereira","Est. tempo de leitura":"3 minutos"},"schema":{"@context":"https:\/\/schema.org","@graph":[{"@type":"Article","@id":"https:\/\/cleitonpinheiro.com.br\/site\/ajusp-to-volta-a-cobra-do-governo-urgencia-na-celebracao-de-convenio-entre-o-estado-bancos-cooperativas-de-credito-que-anteciparao-passivos-e-retroativos-dos-servidores-publicos\/#article","isPartOf":{"@id":"https:\/\/cleitonpinheiro.com.br\/site\/ajusp-to-volta-a-cobra-do-governo-urgencia-na-celebracao-de-convenio-entre-o-estado-bancos-cooperativas-de-credito-que-anteciparao-passivos-e-retroativos-dos-servidores-publicos\/"},"author":{"name":"Dermival Pereira","@id":"https:\/\/cleitonpinheiro.com.br\/site\/#\/schema\/person\/aac6d7f311e80c43042e98a900b03cd8"},"headline":"AJUSP-TO volta \u00e0 cobrar do Governo urg\u00eancia na celebra\u00e7\u00e3o de conv\u00eanio entre o Estado, Bancos, Cooperativas de Cr\u00e9dito que antecipar\u00e3o passivos","datePublished":"2022-10-07T13:17:41+00:00","dateModified":"2022-10-10T13:36:33+00:00","mainEntityOfPage":{"@id":"https:\/\/cleitonpinheiro.com.br\/site\/ajusp-to-volta-a-cobra-do-governo-urgencia-na-celebracao-de-convenio-entre-o-estado-bancos-cooperativas-de-credito-que-anteciparao-passivos-e-retroativos-dos-servidores-publicos\/"},"wordCount":456,"commentCount":0,"publisher":{"@id":"https:\/\/cleitonpinheiro.com.br\/site\/#organization"},"image":{"@id":"https:\/\/cleitonpinheiro.com.br\/site\/ajusp-to-volta-a-cobra-do-governo-urgencia-na-celebracao-de-convenio-entre-o-estado-bancos-cooperativas-de-credito-que-anteciparao-passivos-e-retroativos-dos-servidores-publicos\/#primaryimage"},"thumbnailUrl":"https:\/\/cleitonpinheiro.com.br\/site\/wp-content\/uploads\/2022\/09\/Design-sem-nome-2022-09-28T085308-compressed.jpg","articleSection":["FUNCIONALISMO","TODAS NOTICIAS"],"inLanguage":"pt-BR","potentialAction":[{"@type":"CommentAction","name":"Comment","target":["https:\/\/cleitonpinheiro.com.br\/site\/ajusp-to-volta-a-cobra-do-governo-urgencia-na-celebracao-de-convenio-entre-o-estado-bancos-cooperativas-de-credito-que-anteciparao-passivos-e-retroativos-dos-servidores-publicos\/#respond"]}]},{"@type":"WebPage","@id":"https:\/\/cleitonpinheiro.com.br\/site\/ajusp-to-volta-a-cobra-do-governo-urgencia-na-celebracao-de-convenio-entre-o-estado-bancos-cooperativas-de-credito-que-anteciparao-passivos-e-retroativos-dos-servidores-publicos\/","url":"https:\/\/cleitonpinheiro.com.br\/site\/ajusp-to-volta-a-cobra-do-governo-urgencia-na-celebracao-de-convenio-entre-o-estado-bancos-cooperativas-de-credito-que-anteciparao-passivos-e-retroativos-dos-servidores-publicos\/","name":"AJUSP-TO volta \u00e0 cobrar do Governo urg\u00eancia na celebra\u00e7\u00e3o de conv\u00eanio entre o Estado, Bancos, Cooperativas de Cr\u00e9dito que antecipar\u00e3o passivos - PORTAL DE NOT\u00cdCIAS CLEITON PINHEIRO","isPartOf":{"@id":"https:\/\/cleitonpinheiro.com.br\/site\/#website"},"primaryImageOfPage":{"@id":"https:\/\/cleitonpinheiro.com.br\/site\/ajusp-to-volta-a-cobra-do-governo-urgencia-na-celebracao-de-convenio-entre-o-estado-bancos-cooperativas-de-credito-que-anteciparao-passivos-e-retroativos-dos-servidores-publicos\/#primaryimage"},"image":{"@id":"https:\/\/cleitonpinheiro.com.br\/site\/ajusp-to-volta-a-cobra-do-governo-urgencia-na-celebracao-de-convenio-entre-o-estado-bancos-cooperativas-de-credito-que-anteciparao-passivos-e-retroativos-dos-servidores-publicos\/#primaryimage"},"thumbnailUrl":"https:\/\/cleitonpinheiro.com.br\/site\/wp-content\/uploads\/2022\/09\/Design-sem-nome-2022-09-28T085308-compressed.jpg","datePublished":"2022-10-07T13:17:41+00:00","dateModified":"2022-10-10T13:36:33+00:00","breadcrumb":{"@id":"https:\/\/cleitonpinheiro.com.br\/site\/ajusp-to-volta-a-cobra-do-governo-urgencia-na-celebracao-de-convenio-entre-o-estado-bancos-cooperativas-de-credito-que-anteciparao-passivos-e-retroativos-dos-servidores-publicos\/#breadcrumb"},"inLanguage":"pt-BR","potentialAction":[{"@type":"ReadAction","target":["https:\/\/cleitonpinheiro.com.br\/site\/ajusp-to-volta-a-cobra-do-governo-urgencia-na-celebracao-de-convenio-entre-o-estado-bancos-cooperativas-de-credito-que-anteciparao-passivos-e-retroativos-dos-servidores-publicos\/"]}]},{"@type":"ImageObject","inLanguage":"pt-BR","@id":"https:\/\/cleitonpinheiro.com.br\/site\/ajusp-to-volta-a-cobra-do-governo-urgencia-na-celebracao-de-convenio-entre-o-estado-bancos-cooperativas-de-credito-que-anteciparao-passivos-e-retroativos-dos-servidores-publicos\/#primaryimage","url":"","contentUrl":""},{"@type":"BreadcrumbList","@id":"https:\/\/cleitonpinheiro.com.br\/site\/ajusp-to-volta-a-cobra-do-governo-urgencia-na-celebracao-de-convenio-entre-o-estado-bancos-cooperativas-de-credito-que-anteciparao-passivos-e-retroativos-dos-servidores-publicos\/#breadcrumb","itemListElement":[{"@type":"ListItem","position":1,"name":"In\u00edcio","item":"https:\/\/cleitonpinheiro.com.br\/site\/"},{"@type":"ListItem","position":2,"name":"AJUSP-TO volta \u00e0 cobrar do Governo urg\u00eancia na celebra\u00e7\u00e3o de conv\u00eanio entre o Estado, Bancos, Cooperativas de Cr\u00e9dito que antecipar\u00e3o passivos"}]},{"@type":"WebSite","@id":"https:\/\/cleitonpinheiro.com.br\/site\/#website","url":"https:\/\/cleitonpinheiro.com.br\/site\/","name":"PORTAL DE NOT\u00cdCIAS CLEITON PINHEIRO","description":"FALANDO A VERDADE","publisher":{"@id":"https:\/\/cleitonpinheiro.com.br\/site\/#organization"},"potentialAction":[{"@type":"SearchAction","target":{"@type":"EntryPoint","urlTemplate":"https:\/\/cleitonpinheiro.com.br\/site\/?s={search_term_string}"},"query-input":{"@type":"PropertyValueSpecification","valueRequired":true,"valueName":"search_term_string"}}],"inLanguage":"pt-BR"},{"@type":"Organization","@id":"https:\/\/cleitonpinheiro.com.br\/site\/#organization","name":"CPNOT\u00cdCIAS","url":"https:\/\/cleitonpinheiro.com.br\/site\/","logo":{"@type":"ImageObject","inLanguage":"pt-BR","@id":"https:\/\/cleitonpinheiro.com.br\/site\/#\/schema\/logo\/image\/","url":"https:\/\/cleitonpinheiro.com.br\/site\/wp-content\/uploads\/2022\/08\/Logo-pequena-2.png","contentUrl":"https:\/\/cleitonpinheiro.com.br\/site\/wp-content\/uploads\/2022\/08\/Logo-pequena-2.png","width":500,"height":500,"caption":"CPNOT\u00cdCIAS"},"image":{"@id":"https:\/\/cleitonpinheiro.com.br\/site\/#\/schema\/logo\/image\/"},"sameAs":["https:\/\/www.facebook.com\/portalcpnoticias\/"]},{"@type":"Person","@id":"https:\/\/cleitonpinheiro.com.br\/site\/#\/schema\/person\/aac6d7f311e80c43042e98a900b03cd8","name":"Dermival Pereira","image":{"@type":"ImageObject","inLanguage":"pt-BR","@id":"https:\/\/cleitonpinheiro.com.br\/site\/#\/schema\/person\/image\/","url":"https:\/\/secure.gravatar.com\/avatar\/cfaebf3742d6bf8db728bcba3eed6bee37b02337a2e6c822994f20ca72a3784d?s=96&r=g","contentUrl":"https:\/\/secure.gravatar.com\/avatar\/cfaebf3742d6bf8db728bcba3eed6bee37b02337a2e6c822994f20ca72a3784d?s=96&r=g","caption":"Dermival Pereira"},"url":"https:\/\/cleitonpinheiro.com.br\/site\/author\/dermival\/"}]}},"views":734,"_links":{"self":[{"href":"https:\/\/cleitonpinheiro.com.br\/site\/wp-json\/wp\/v2\/posts\/63596","targetHints":{"allow":["GET"]}}],"collection":[{"href":"https:\/\/cleitonpinheiro.com.br\/site\/wp-json\/wp\/v2\/posts"}],"about":[{"href":"https:\/\/cleitonpinheiro.com.br\/site\/wp-json\/wp\/v2\/types\/post"}],"author":[{"embeddable":true,"href":"https:\/\/cleitonpinheiro.com.br\/site\/wp-json\/wp\/v2\/users\/4"}],"replies":[{"embeddable":true,"href":"https:\/\/cleitonpinheiro.com.br\/site\/wp-json\/wp\/v2\/comments?post=63596"}],"version-history":[{"count":3,"href":"https:\/\/cleitonpinheiro.com.br\/site\/wp-json\/wp\/v2\/posts\/63596\/revisions"}],"predecessor-version":[{"id":63600,"href":"https:\/\/cleitonpinheiro.com.br\/site\/wp-json\/wp\/v2\/posts\/63596\/revisions\/63600"}],"wp:attachment":[{"href":"https:\/\/cleitonpinheiro.com.br\/site\/wp-json\/wp\/v2\/media?parent=63596"}],"wp:term":[{"taxonomy":"category","embeddable":true,"href":"https:\/\/cleitonpinheiro.com.br\/site\/wp-json\/wp\/v2\/categories?post=63596"},{"taxonomy":"post_tag","embeddable":true,"href":"https:\/\/cleitonpinheiro.com.br\/site\/wp-json\/wp\/v2\/tags?post=63596"}],"curies":[{"name":"wp","href":"https:\/\/api.w.org\/{rel}","templated":true}]}}