{"id":63601,"date":"2022-10-07T10:47:12","date_gmt":"2022-10-07T13:47:12","guid":{"rendered":"https:\/\/cleitonpinheiro.com.br\/site\/?p=63601"},"modified":"2022-10-10T10:36:24","modified_gmt":"2022-10-10T13:36:24","slug":"santa-terezinha-do-tocantins-recebe-festival-gastronomico-entre-os-dias-6-e-9-de-outubro","status":"publish","type":"post","link":"https:\/\/cleitonpinheiro.com.br\/site\/santa-terezinha-do-tocantins-recebe-festival-gastronomico-entre-os-dias-6-e-9-de-outubro\/","title":{"rendered":"Santa Terezinha do Tocantins recebe Festival Gastron\u00f4mico entre os dias 6 e 9 de outubro"},"content":{"rendered":"\n<figure class=\"wp-block-image size-full\"><img decoding=\"async\" src=\"https:\/\/cleitonpinheiro.com.br\/site\/wp-content\/uploads\/2022\/10\/Design-sem-nome-2022-10-07T104544-compressed.jpg\" alt=\"\" class=\"wp-image-63602\"\/><\/figure>\n\n\n\n<p>A 2\u00aa edi\u00e7\u00e3o de um dos maiores eventos do munic\u00edpio de Santa Terezinha &#8211; TO est\u00e1 chegando. Entre os dias 6 e 9 de outubro o Festival Gastron\u00f4mico ir\u00e1 movimentar a economia local com pratos t\u00edpicos regionais e atra\u00e7\u00f5es culturais, como o VII Festanejo e a XVI Cavalgada Ecol\u00f3gica. Cerca de 15 empreendimentos devem participar do evento e tr\u00eas dos melhores pratos ser\u00e3o premiados com a entrega de trof\u00e9u. O evento \u00e9 uma organiza\u00e7\u00e3o da Prefeitura Municipal de Santa Terezinha e do Sebrae.<\/p>\n\n\n\n<p>Com o intuito de fortalecer o setor gastron\u00f4mico, tur\u00edstico e comercial, o Sebrae proporcionou capacita\u00e7\u00f5es de atendimento ao turista e consultoria individual das pr\u00e1ticas de manipula\u00e7\u00e3o de alimentos. \u201cO Sebrae, como promotor do desenvolvimento, tem um papel fundamental em preparar e tornar o ambiente favor\u00e1vel para as empresas quanto \u00e0 melhoria da competitividade no atual cen\u00e1rio econ\u00f4mico\u201d, explicou o analista t\u00e9cnico do Sebrae, Edvaldo J\u00fanior.\u00a0<em>(Fonte: Assessoria de Imprensa do Sebrae Tocantins)<\/em><\/p>\n","protected":false},"excerpt":{"rendered":"<p>A 2\u00aa edi\u00e7\u00e3o de um dos maiores eventos do munic\u00edpio de Santa Terezinha &#8211; TO est\u00e1 chegando. Entre os dias 6 e 9 de outubro o Festival Gastron\u00f4mico ir\u00e1 movimentar a economia local com pratos t\u00edpicos regionais e atra\u00e7\u00f5es culturais, como o VII Festanejo e a XVI Cavalgada Ecol\u00f3gica. Cerca de 15 empreendimentos devem participar [&hellip;]<\/p>\n","protected":false},"author":4,"featured_media":0,"comment_status":"open","ping_status":"open","sticky":false,"template":"","format":"standard","meta":{"_acf_changed":false,"footnotes":""},"categories":[22,21],"tags":[],"class_list":["post-63601","post","type-post","status-publish","format-standard","hentry","category-cidades","category-todas-noticias"],"acf":[],"yoast_head":"<!-- This site is optimized with the Yoast SEO plugin v24.4 - https:\/\/yoast.com\/wordpress\/plugins\/seo\/ -->\n<title>Santa Terezinha do Tocantins recebe Festival Gastron\u00f4mico entre os dias 6 e 9 de outubro - PORTAL DE NOT\u00cdCIAS CLEITON PINHEIRO<\/title>\n<meta name=\"robots\" content=\"index, follow, max-snippet:-1, max-image-preview:large, max-video-preview:-1\" \/>\n<link rel=\"canonical\" href=\"https:\/\/cleitonpinheiro.com.br\/site\/santa-terezinha-do-tocantins-recebe-festival-gastronomico-entre-os-dias-6-e-9-de-outubro\/\" \/>\n<meta property=\"og:locale\" content=\"pt_BR\" \/>\n<meta property=\"og:type\" content=\"article\" \/>\n<meta property=\"og:title\" content=\"Santa Terezinha do Tocantins recebe Festival Gastron\u00f4mico entre os dias 6 e 9 de outubro - PORTAL DE NOT\u00cdCIAS CLEITON PINHEIRO\" \/>\n<meta property=\"og:description\" content=\"A 2\u00aa edi\u00e7\u00e3o de um dos maiores eventos do munic\u00edpio de Santa Terezinha &#8211; TO est\u00e1 chegando. Entre os dias 6 e 9 de outubro o Festival Gastron\u00f4mico ir\u00e1 movimentar a economia local com pratos t\u00edpicos regionais e atra\u00e7\u00f5es culturais, como o VII Festanejo e a XVI Cavalgada Ecol\u00f3gica. Cerca de 15 empreendimentos devem participar [&hellip;]\" \/>\n<meta property=\"og:url\" content=\"https:\/\/cleitonpinheiro.com.br\/site\/santa-terezinha-do-tocantins-recebe-festival-gastronomico-entre-os-dias-6-e-9-de-outubro\/\" \/>\n<meta property=\"og:site_name\" content=\"PORTAL DE NOT\u00cdCIAS CLEITON PINHEIRO\" \/>\n<meta property=\"article:publisher\" content=\"https:\/\/www.facebook.com\/portalcpnoticias\/\" \/>\n<meta property=\"article:published_time\" content=\"2022-10-07T13:47:12+00:00\" \/>\n<meta property=\"article:modified_time\" content=\"2022-10-10T13:36:24+00:00\" \/>\n<meta property=\"og:image\" content=\"https:\/\/cleitonpinheiro.com.br\/site\/wp-content\/uploads\/2022\/10\/Design-sem-nome-2022-10-07T104544-compressed.jpg\" \/>\n\t<meta property=\"og:image:width\" content=\"750\" \/>\n\t<meta property=\"og:image:height\" content=\"450\" \/>\n\t<meta property=\"og:image:type\" content=\"image\/jpeg\" \/>\n<meta name=\"author\" content=\"Dermival Pereira\" \/>\n<meta name=\"twitter:card\" content=\"summary_large_image\" \/>\n<meta name=\"twitter:label1\" content=\"Escrito por\" \/>\n\t<meta name=\"twitter:data1\" content=\"Dermival Pereira\" \/>\n\t<meta name=\"twitter:label2\" content=\"Est. tempo de leitura\" \/>\n\t<meta name=\"twitter:data2\" content=\"2 minutos\" \/>\n<script type=\"application\/ld+json\" class=\"yoast-schema-graph\">{\"@context\":\"https:\/\/schema.org\",\"@graph\":[{\"@type\":\"Article\",\"@id\":\"https:\/\/cleitonpinheiro.com.br\/site\/santa-terezinha-do-tocantins-recebe-festival-gastronomico-entre-os-dias-6-e-9-de-outubro\/#article\",\"isPartOf\":{\"@id\":\"https:\/\/cleitonpinheiro.com.br\/site\/santa-terezinha-do-tocantins-recebe-festival-gastronomico-entre-os-dias-6-e-9-de-outubro\/\"},\"author\":{\"name\":\"Dermival Pereira\",\"@id\":\"https:\/\/cleitonpinheiro.com.br\/site\/#\/schema\/person\/aac6d7f311e80c43042e98a900b03cd8\"},\"headline\":\"Santa Terezinha do Tocantins recebe Festival Gastron\u00f4mico entre os dias 6 e 9 de outubro\",\"datePublished\":\"2022-10-07T13:47:12+00:00\",\"dateModified\":\"2022-10-10T13:36:24+00:00\",\"mainEntityOfPage\":{\"@id\":\"https:\/\/cleitonpinheiro.com.br\/site\/santa-terezinha-do-tocantins-recebe-festival-gastronomico-entre-os-dias-6-e-9-de-outubro\/\"},\"wordCount\":183,\"commentCount\":0,\"publisher\":{\"@id\":\"https:\/\/cleitonpinheiro.com.br\/site\/#organization\"},\"image\":{\"@id\":\"https:\/\/cleitonpinheiro.com.br\/site\/santa-terezinha-do-tocantins-recebe-festival-gastronomico-entre-os-dias-6-e-9-de-outubro\/#primaryimage\"},\"thumbnailUrl\":\"https:\/\/cleitonpinheiro.com.br\/site\/wp-content\/uploads\/2022\/10\/Design-sem-nome-2022-10-07T104544-compressed.jpg\",\"articleSection\":[\"CIDADES\",\"TODAS NOTICIAS\"],\"inLanguage\":\"pt-BR\",\"potentialAction\":[{\"@type\":\"CommentAction\",\"name\":\"Comment\",\"target\":[\"https:\/\/cleitonpinheiro.com.br\/site\/santa-terezinha-do-tocantins-recebe-festival-gastronomico-entre-os-dias-6-e-9-de-outubro\/#respond\"]}]},{\"@type\":\"WebPage\",\"@id\":\"https:\/\/cleitonpinheiro.com.br\/site\/santa-terezinha-do-tocantins-recebe-festival-gastronomico-entre-os-dias-6-e-9-de-outubro\/\",\"url\":\"https:\/\/cleitonpinheiro.com.br\/site\/santa-terezinha-do-tocantins-recebe-festival-gastronomico-entre-os-dias-6-e-9-de-outubro\/\",\"name\":\"Santa Terezinha do Tocantins recebe Festival Gastron\u00f4mico entre os dias 6 e 9 de outubro - PORTAL DE NOT\u00cdCIAS CLEITON PINHEIRO\",\"isPartOf\":{\"@id\":\"https:\/\/cleitonpinheiro.com.br\/site\/#website\"},\"primaryImageOfPage\":{\"@id\":\"https:\/\/cleitonpinheiro.com.br\/site\/santa-terezinha-do-tocantins-recebe-festival-gastronomico-entre-os-dias-6-e-9-de-outubro\/#primaryimage\"},\"image\":{\"@id\":\"https:\/\/cleitonpinheiro.com.br\/site\/santa-terezinha-do-tocantins-recebe-festival-gastronomico-entre-os-dias-6-e-9-de-outubro\/#primaryimage\"},\"thumbnailUrl\":\"https:\/\/cleitonpinheiro.com.br\/site\/wp-content\/uploads\/2022\/10\/Design-sem-nome-2022-10-07T104544-compressed.jpg\",\"datePublished\":\"2022-10-07T13:47:12+00:00\",\"dateModified\":\"2022-10-10T13:36:24+00:00\",\"breadcrumb\":{\"@id\":\"https:\/\/cleitonpinheiro.com.br\/site\/santa-terezinha-do-tocantins-recebe-festival-gastronomico-entre-os-dias-6-e-9-de-outubro\/#breadcrumb\"},\"inLanguage\":\"pt-BR\",\"potentialAction\":[{\"@type\":\"ReadAction\",\"target\":[\"https:\/\/cleitonpinheiro.com.br\/site\/santa-terezinha-do-tocantins-recebe-festival-gastronomico-entre-os-dias-6-e-9-de-outubro\/\"]}]},{\"@type\":\"ImageObject\",\"inLanguage\":\"pt-BR\",\"@id\":\"https:\/\/cleitonpinheiro.com.br\/site\/santa-terezinha-do-tocantins-recebe-festival-gastronomico-entre-os-dias-6-e-9-de-outubro\/#primaryimage\",\"url\":\"\",\"contentUrl\":\"\"},{\"@type\":\"BreadcrumbList\",\"@id\":\"https:\/\/cleitonpinheiro.com.br\/site\/santa-terezinha-do-tocantins-recebe-festival-gastronomico-entre-os-dias-6-e-9-de-outubro\/#breadcrumb\",\"itemListElement\":[{\"@type\":\"ListItem\",\"position\":1,\"name\":\"In\u00edcio\",\"item\":\"https:\/\/cleitonpinheiro.com.br\/site\/\"},{\"@type\":\"ListItem\",\"position\":2,\"name\":\"Santa Terezinha do Tocantins recebe Festival Gastron\u00f4mico entre os dias 6 e 9 de outubro\"}]},{\"@type\":\"WebSite\",\"@id\":\"https:\/\/cleitonpinheiro.com.br\/site\/#website\",\"url\":\"https:\/\/cleitonpinheiro.com.br\/site\/\",\"name\":\"PORTAL DE NOT\u00cdCIAS CLEITON PINHEIRO\",\"description\":\"FALANDO A VERDADE\",\"publisher\":{\"@id\":\"https:\/\/cleitonpinheiro.com.br\/site\/#organization\"},\"potentialAction\":[{\"@type\":\"SearchAction\",\"target\":{\"@type\":\"EntryPoint\",\"urlTemplate\":\"https:\/\/cleitonpinheiro.com.br\/site\/?s={search_term_string}\"},\"query-input\":{\"@type\":\"PropertyValueSpecification\",\"valueRequired\":true,\"valueName\":\"search_term_string\"}}],\"inLanguage\":\"pt-BR\"},{\"@type\":\"Organization\",\"@id\":\"https:\/\/cleitonpinheiro.com.br\/site\/#organization\",\"name\":\"CPNOT\u00cdCIAS\",\"url\":\"https:\/\/cleitonpinheiro.com.br\/site\/\",\"logo\":{\"@type\":\"ImageObject\",\"inLanguage\":\"pt-BR\",\"@id\":\"https:\/\/cleitonpinheiro.com.br\/site\/#\/schema\/logo\/image\/\",\"url\":\"https:\/\/cleitonpinheiro.com.br\/site\/wp-content\/uploads\/2022\/08\/Logo-pequena-2.png\",\"contentUrl\":\"https:\/\/cleitonpinheiro.com.br\/site\/wp-content\/uploads\/2022\/08\/Logo-pequena-2.png\",\"width\":500,\"height\":500,\"caption\":\"CPNOT\u00cdCIAS\"},\"image\":{\"@id\":\"https:\/\/cleitonpinheiro.com.br\/site\/#\/schema\/logo\/image\/\"},\"sameAs\":[\"https:\/\/www.facebook.com\/portalcpnoticias\/\"]},{\"@type\":\"Person\",\"@id\":\"https:\/\/cleitonpinheiro.com.br\/site\/#\/schema\/person\/aac6d7f311e80c43042e98a900b03cd8\",\"name\":\"Dermival Pereira\",\"image\":{\"@type\":\"ImageObject\",\"inLanguage\":\"pt-BR\",\"@id\":\"https:\/\/cleitonpinheiro.com.br\/site\/#\/schema\/person\/image\/\",\"url\":\"https:\/\/secure.gravatar.com\/avatar\/cfaebf3742d6bf8db728bcba3eed6bee37b02337a2e6c822994f20ca72a3784d?s=96&r=g\",\"contentUrl\":\"https:\/\/secure.gravatar.com\/avatar\/cfaebf3742d6bf8db728bcba3eed6bee37b02337a2e6c822994f20ca72a3784d?s=96&r=g\",\"caption\":\"Dermival Pereira\"},\"url\":\"https:\/\/cleitonpinheiro.com.br\/site\/author\/dermival\/\"}]}<\/script>\n<!-- \/ Yoast SEO plugin. -->","yoast_head_json":{"title":"Santa Terezinha do Tocantins recebe Festival Gastron\u00f4mico entre os dias 6 e 9 de outubro - PORTAL DE NOT\u00cdCIAS CLEITON PINHEIRO","robots":{"index":"index","follow":"follow","max-snippet":"max-snippet:-1","max-image-preview":"max-image-preview:large","max-video-preview":"max-video-preview:-1"},"canonical":"https:\/\/cleitonpinheiro.com.br\/site\/santa-terezinha-do-tocantins-recebe-festival-gastronomico-entre-os-dias-6-e-9-de-outubro\/","og_locale":"pt_BR","og_type":"article","og_title":"Santa Terezinha do Tocantins recebe Festival Gastron\u00f4mico entre os dias 6 e 9 de outubro - PORTAL DE NOT\u00cdCIAS CLEITON PINHEIRO","og_description":"A 2\u00aa edi\u00e7\u00e3o de um dos maiores eventos do munic\u00edpio de Santa Terezinha &#8211; TO est\u00e1 chegando. Entre os dias 6 e 9 de outubro o Festival Gastron\u00f4mico ir\u00e1 movimentar a economia local com pratos t\u00edpicos regionais e atra\u00e7\u00f5es culturais, como o VII Festanejo e a XVI Cavalgada Ecol\u00f3gica. Cerca de 15 empreendimentos devem participar [&hellip;]","og_url":"https:\/\/cleitonpinheiro.com.br\/site\/santa-terezinha-do-tocantins-recebe-festival-gastronomico-entre-os-dias-6-e-9-de-outubro\/","og_site_name":"PORTAL DE NOT\u00cdCIAS CLEITON PINHEIRO","article_publisher":"https:\/\/www.facebook.com\/portalcpnoticias\/","article_published_time":"2022-10-07T13:47:12+00:00","article_modified_time":"2022-10-10T13:36:24+00:00","og_image":[{"width":750,"height":450,"url":"https:\/\/cleitonpinheiro.com.br\/site\/wp-content\/uploads\/2022\/10\/Design-sem-nome-2022-10-07T104544-compressed.jpg","type":"image\/jpeg"}],"author":"Dermival Pereira","twitter_card":"summary_large_image","twitter_misc":{"Escrito por":"Dermival Pereira","Est. tempo de leitura":"2 minutos"},"schema":{"@context":"https:\/\/schema.org","@graph":[{"@type":"Article","@id":"https:\/\/cleitonpinheiro.com.br\/site\/santa-terezinha-do-tocantins-recebe-festival-gastronomico-entre-os-dias-6-e-9-de-outubro\/#article","isPartOf":{"@id":"https:\/\/cleitonpinheiro.com.br\/site\/santa-terezinha-do-tocantins-recebe-festival-gastronomico-entre-os-dias-6-e-9-de-outubro\/"},"author":{"name":"Dermival Pereira","@id":"https:\/\/cleitonpinheiro.com.br\/site\/#\/schema\/person\/aac6d7f311e80c43042e98a900b03cd8"},"headline":"Santa Terezinha do Tocantins recebe Festival Gastron\u00f4mico entre os dias 6 e 9 de outubro","datePublished":"2022-10-07T13:47:12+00:00","dateModified":"2022-10-10T13:36:24+00:00","mainEntityOfPage":{"@id":"https:\/\/cleitonpinheiro.com.br\/site\/santa-terezinha-do-tocantins-recebe-festival-gastronomico-entre-os-dias-6-e-9-de-outubro\/"},"wordCount":183,"commentCount":0,"publisher":{"@id":"https:\/\/cleitonpinheiro.com.br\/site\/#organization"},"image":{"@id":"https:\/\/cleitonpinheiro.com.br\/site\/santa-terezinha-do-tocantins-recebe-festival-gastronomico-entre-os-dias-6-e-9-de-outubro\/#primaryimage"},"thumbnailUrl":"https:\/\/cleitonpinheiro.com.br\/site\/wp-content\/uploads\/2022\/10\/Design-sem-nome-2022-10-07T104544-compressed.jpg","articleSection":["CIDADES","TODAS NOTICIAS"],"inLanguage":"pt-BR","potentialAction":[{"@type":"CommentAction","name":"Comment","target":["https:\/\/cleitonpinheiro.com.br\/site\/santa-terezinha-do-tocantins-recebe-festival-gastronomico-entre-os-dias-6-e-9-de-outubro\/#respond"]}]},{"@type":"WebPage","@id":"https:\/\/cleitonpinheiro.com.br\/site\/santa-terezinha-do-tocantins-recebe-festival-gastronomico-entre-os-dias-6-e-9-de-outubro\/","url":"https:\/\/cleitonpinheiro.com.br\/site\/santa-terezinha-do-tocantins-recebe-festival-gastronomico-entre-os-dias-6-e-9-de-outubro\/","name":"Santa Terezinha do Tocantins recebe Festival Gastron\u00f4mico entre os dias 6 e 9 de outubro - PORTAL DE NOT\u00cdCIAS CLEITON PINHEIRO","isPartOf":{"@id":"https:\/\/cleitonpinheiro.com.br\/site\/#website"},"primaryImageOfPage":{"@id":"https:\/\/cleitonpinheiro.com.br\/site\/santa-terezinha-do-tocantins-recebe-festival-gastronomico-entre-os-dias-6-e-9-de-outubro\/#primaryimage"},"image":{"@id":"https:\/\/cleitonpinheiro.com.br\/site\/santa-terezinha-do-tocantins-recebe-festival-gastronomico-entre-os-dias-6-e-9-de-outubro\/#primaryimage"},"thumbnailUrl":"https:\/\/cleitonpinheiro.com.br\/site\/wp-content\/uploads\/2022\/10\/Design-sem-nome-2022-10-07T104544-compressed.jpg","datePublished":"2022-10-07T13:47:12+00:00","dateModified":"2022-10-10T13:36:24+00:00","breadcrumb":{"@id":"https:\/\/cleitonpinheiro.com.br\/site\/santa-terezinha-do-tocantins-recebe-festival-gastronomico-entre-os-dias-6-e-9-de-outubro\/#breadcrumb"},"inLanguage":"pt-BR","potentialAction":[{"@type":"ReadAction","target":["https:\/\/cleitonpinheiro.com.br\/site\/santa-terezinha-do-tocantins-recebe-festival-gastronomico-entre-os-dias-6-e-9-de-outubro\/"]}]},{"@type":"ImageObject","inLanguage":"pt-BR","@id":"https:\/\/cleitonpinheiro.com.br\/site\/santa-terezinha-do-tocantins-recebe-festival-gastronomico-entre-os-dias-6-e-9-de-outubro\/#primaryimage","url":"","contentUrl":""},{"@type":"BreadcrumbList","@id":"https:\/\/cleitonpinheiro.com.br\/site\/santa-terezinha-do-tocantins-recebe-festival-gastronomico-entre-os-dias-6-e-9-de-outubro\/#breadcrumb","itemListElement":[{"@type":"ListItem","position":1,"name":"In\u00edcio","item":"https:\/\/cleitonpinheiro.com.br\/site\/"},{"@type":"ListItem","position":2,"name":"Santa Terezinha do Tocantins recebe Festival Gastron\u00f4mico entre os dias 6 e 9 de outubro"}]},{"@type":"WebSite","@id":"https:\/\/cleitonpinheiro.com.br\/site\/#website","url":"https:\/\/cleitonpinheiro.com.br\/site\/","name":"PORTAL DE NOT\u00cdCIAS CLEITON PINHEIRO","description":"FALANDO A VERDADE","publisher":{"@id":"https:\/\/cleitonpinheiro.com.br\/site\/#organization"},"potentialAction":[{"@type":"SearchAction","target":{"@type":"EntryPoint","urlTemplate":"https:\/\/cleitonpinheiro.com.br\/site\/?s={search_term_string}"},"query-input":{"@type":"PropertyValueSpecification","valueRequired":true,"valueName":"search_term_string"}}],"inLanguage":"pt-BR"},{"@type":"Organization","@id":"https:\/\/cleitonpinheiro.com.br\/site\/#organization","name":"CPNOT\u00cdCIAS","url":"https:\/\/cleitonpinheiro.com.br\/site\/","logo":{"@type":"ImageObject","inLanguage":"pt-BR","@id":"https:\/\/cleitonpinheiro.com.br\/site\/#\/schema\/logo\/image\/","url":"https:\/\/cleitonpinheiro.com.br\/site\/wp-content\/uploads\/2022\/08\/Logo-pequena-2.png","contentUrl":"https:\/\/cleitonpinheiro.com.br\/site\/wp-content\/uploads\/2022\/08\/Logo-pequena-2.png","width":500,"height":500,"caption":"CPNOT\u00cdCIAS"},"image":{"@id":"https:\/\/cleitonpinheiro.com.br\/site\/#\/schema\/logo\/image\/"},"sameAs":["https:\/\/www.facebook.com\/portalcpnoticias\/"]},{"@type":"Person","@id":"https:\/\/cleitonpinheiro.com.br\/site\/#\/schema\/person\/aac6d7f311e80c43042e98a900b03cd8","name":"Dermival Pereira","image":{"@type":"ImageObject","inLanguage":"pt-BR","@id":"https:\/\/cleitonpinheiro.com.br\/site\/#\/schema\/person\/image\/","url":"https:\/\/secure.gravatar.com\/avatar\/cfaebf3742d6bf8db728bcba3eed6bee37b02337a2e6c822994f20ca72a3784d?s=96&r=g","contentUrl":"https:\/\/secure.gravatar.com\/avatar\/cfaebf3742d6bf8db728bcba3eed6bee37b02337a2e6c822994f20ca72a3784d?s=96&r=g","caption":"Dermival Pereira"},"url":"https:\/\/cleitonpinheiro.com.br\/site\/author\/dermival\/"}]}},"views":277,"_links":{"self":[{"href":"https:\/\/cleitonpinheiro.com.br\/site\/wp-json\/wp\/v2\/posts\/63601","targetHints":{"allow":["GET"]}}],"collection":[{"href":"https:\/\/cleitonpinheiro.com.br\/site\/wp-json\/wp\/v2\/posts"}],"about":[{"href":"https:\/\/cleitonpinheiro.com.br\/site\/wp-json\/wp\/v2\/types\/post"}],"author":[{"embeddable":true,"href":"https:\/\/cleitonpinheiro.com.br\/site\/wp-json\/wp\/v2\/users\/4"}],"replies":[{"embeddable":true,"href":"https:\/\/cleitonpinheiro.com.br\/site\/wp-json\/wp\/v2\/comments?post=63601"}],"version-history":[{"count":1,"href":"https:\/\/cleitonpinheiro.com.br\/site\/wp-json\/wp\/v2\/posts\/63601\/revisions"}],"predecessor-version":[{"id":63603,"href":"https:\/\/cleitonpinheiro.com.br\/site\/wp-json\/wp\/v2\/posts\/63601\/revisions\/63603"}],"wp:attachment":[{"href":"https:\/\/cleitonpinheiro.com.br\/site\/wp-json\/wp\/v2\/media?parent=63601"}],"wp:term":[{"taxonomy":"category","embeddable":true,"href":"https:\/\/cleitonpinheiro.com.br\/site\/wp-json\/wp\/v2\/categories?post=63601"},{"taxonomy":"post_tag","embeddable":true,"href":"https:\/\/cleitonpinheiro.com.br\/site\/wp-json\/wp\/v2\/tags?post=63601"}],"curies":[{"name":"wp","href":"https:\/\/api.w.org\/{rel}","templated":true}]}}