{"id":63604,"date":"2022-10-07T15:04:13","date_gmt":"2022-10-07T18:04:13","guid":{"rendered":"https:\/\/cleitonpinheiro.com.br\/site\/?p=63604"},"modified":"2022-10-07T15:06:59","modified_gmt":"2022-10-07T18:06:59","slug":"gurupi-nao-registra-casos-de-covid-19-ha-uma-semana-informa-boletim-da-prefeitura","status":"publish","type":"post","link":"https:\/\/cleitonpinheiro.com.br\/site\/gurupi-nao-registra-casos-de-covid-19-ha-uma-semana-informa-boletim-da-prefeitura\/","title":{"rendered":"Gurupi n\u00e3o registra casos de Covid-19 h\u00e1 uma semana, informa Boletim"},"content":{"rendered":"\n<figure class=\"wp-block-image size-full\"><img decoding=\"async\" src=\"https:\/\/cleitonpinheiro.com.br\/site\/wp-content\/uploads\/2022\/09\/Design-sem-nome-2022-09-30T150142-compressed.jpg\" alt=\"\" class=\"wp-image-63425\"\/><\/figure>\n\n\n\n<p>A Secretaria Municipal de Sa\u00fade \u2013 SEMUS, por meio da Coordena\u00e7\u00e3o de Vigil\u00e2ncia Epidemiol\u00f3gica, informa que no per\u00edodo de 1\u00ba a 07 de outubro, n\u00e3o foi registrado nenhum caso positivo para Covid-19, em Gurupi.<\/p>\n\n\n\n<p>Gurupi contabiliza nesta sexta-feira, 63.263 casos descartados; nenhum suspeito; 24.429 casos confirmados acumulados, destes 24.125 est\u00e3o recuperados, nenhum caso ativo e o total de \u00f3bitos permanece em 305 pessoas.<\/p>\n\n\n\n<p><strong>Testagem<\/strong><\/p>\n\n\n\n<p>Neste per\u00edodo foram realizados 17 testes para Covid-19, 16 deles foram realizados nas Unidades B\u00e1sicas de Sa\u00fade \u2013 UBSs e 01 na UPA24h. Todos com resultado negativo.<\/p>\n\n\n\n<p><strong>Interna\u00e7\u00f5es<\/strong><\/p>\n\n\n\n<p>A taxa de ocupa\u00e7\u00e3o de leitos no Hospital de Regional de Gurupi \u2013 HRG, mantido pelo Governo do Estado, pode ser acompanhada no site do Integra Sa\u00fade Tocantins, da Secretaria Estadual de Sa\u00fade &#8211; SES (<a href=\"http:\/\/integra.saude.to.gov.br\/covid19\/TaxaOcupacaoLeitosUtiCovid\" target=\"_blank\" rel=\"noreferrer noopener\">clique aqui<\/a>).<\/p>\n\n\n\n<p><strong>Vacin\u00f4metro<\/strong><\/p>\n\n\n\n<p>A Secretaria Municipal de Sa\u00fade &#8211; SEMUS, por meio da Coordena\u00e7\u00e3o de Imuniza\u00e7\u00e3o, informa que nesta sexta-feira,&nbsp;07, o Sistema Integra Sa\u00fade do Tocantins apresenta um total de 146.081&nbsp;doses aplicadas da vacina contra a Covid-19, em Gurupi.<\/p>\n","protected":false},"excerpt":{"rendered":"<p>A Secretaria Municipal de Sa\u00fade \u2013 SEMUS, por meio da Coordena\u00e7\u00e3o de Vigil\u00e2ncia Epidemiol\u00f3gica, informa que no per\u00edodo de 1\u00ba a 07 de outubro, n\u00e3o foi registrado nenhum caso positivo para Covid-19, em Gurupi. Gurupi contabiliza nesta sexta-feira, 63.263 casos descartados; nenhum suspeito; 24.429 casos confirmados acumulados, destes 24.125 est\u00e3o recuperados, nenhum caso ativo e [&hellip;]<\/p>\n","protected":false},"author":4,"featured_media":0,"comment_status":"open","ping_status":"open","sticky":false,"template":"","format":"standard","meta":{"_acf_changed":false,"footnotes":""},"categories":[22,20,21],"tags":[],"class_list":["post-63604","post","type-post","status-publish","format-standard","hentry","category-cidades","category-noticias-em-destaque","category-todas-noticias"],"acf":[],"yoast_head":"<!-- This site is optimized with the Yoast SEO plugin v24.4 - https:\/\/yoast.com\/wordpress\/plugins\/seo\/ -->\n<title>Gurupi n\u00e3o registra casos de Covid-19 h\u00e1 uma semana, informa Boletim - PORTAL DE NOT\u00cdCIAS CLEITON PINHEIRO<\/title>\n<meta name=\"robots\" content=\"index, follow, max-snippet:-1, max-image-preview:large, max-video-preview:-1\" \/>\n<link rel=\"canonical\" href=\"https:\/\/cleitonpinheiro.com.br\/site\/gurupi-nao-registra-casos-de-covid-19-ha-uma-semana-informa-boletim-da-prefeitura\/\" \/>\n<meta property=\"og:locale\" content=\"pt_BR\" \/>\n<meta property=\"og:type\" content=\"article\" \/>\n<meta property=\"og:title\" content=\"Gurupi n\u00e3o registra casos de Covid-19 h\u00e1 uma semana, informa Boletim - PORTAL DE NOT\u00cdCIAS CLEITON PINHEIRO\" \/>\n<meta property=\"og:description\" content=\"A Secretaria Municipal de Sa\u00fade \u2013 SEMUS, por meio da Coordena\u00e7\u00e3o de Vigil\u00e2ncia Epidemiol\u00f3gica, informa que no per\u00edodo de 1\u00ba a 07 de outubro, n\u00e3o foi registrado nenhum caso positivo para Covid-19, em Gurupi. Gurupi contabiliza nesta sexta-feira, 63.263 casos descartados; nenhum suspeito; 24.429 casos confirmados acumulados, destes 24.125 est\u00e3o recuperados, nenhum caso ativo e [&hellip;]\" \/>\n<meta property=\"og:url\" content=\"https:\/\/cleitonpinheiro.com.br\/site\/gurupi-nao-registra-casos-de-covid-19-ha-uma-semana-informa-boletim-da-prefeitura\/\" \/>\n<meta property=\"og:site_name\" content=\"PORTAL DE NOT\u00cdCIAS CLEITON PINHEIRO\" \/>\n<meta property=\"article:publisher\" content=\"https:\/\/www.facebook.com\/portalcpnoticias\/\" \/>\n<meta property=\"article:published_time\" content=\"2022-10-07T18:04:13+00:00\" \/>\n<meta property=\"article:modified_time\" content=\"2022-10-07T18:06:59+00:00\" \/>\n<meta property=\"og:image\" content=\"https:\/\/cleitonpinheiro.com.br\/site\/wp-content\/uploads\/2022\/09\/Design-sem-nome-2022-09-30T150142-compressed.jpg\" \/>\n\t<meta property=\"og:image:width\" content=\"750\" \/>\n\t<meta property=\"og:image:height\" content=\"450\" \/>\n\t<meta property=\"og:image:type\" content=\"image\/jpeg\" \/>\n<meta name=\"author\" content=\"Dermival Pereira\" \/>\n<meta name=\"twitter:card\" content=\"summary_large_image\" \/>\n<meta name=\"twitter:label1\" content=\"Escrito por\" \/>\n\t<meta name=\"twitter:data1\" content=\"Dermival Pereira\" \/>\n\t<meta name=\"twitter:label2\" content=\"Est. tempo de leitura\" \/>\n\t<meta name=\"twitter:data2\" content=\"2 minutos\" \/>\n<script type=\"application\/ld+json\" class=\"yoast-schema-graph\">{\"@context\":\"https:\/\/schema.org\",\"@graph\":[{\"@type\":\"Article\",\"@id\":\"https:\/\/cleitonpinheiro.com.br\/site\/gurupi-nao-registra-casos-de-covid-19-ha-uma-semana-informa-boletim-da-prefeitura\/#article\",\"isPartOf\":{\"@id\":\"https:\/\/cleitonpinheiro.com.br\/site\/gurupi-nao-registra-casos-de-covid-19-ha-uma-semana-informa-boletim-da-prefeitura\/\"},\"author\":{\"name\":\"Dermival Pereira\",\"@id\":\"https:\/\/cleitonpinheiro.com.br\/site\/#\/schema\/person\/aac6d7f311e80c43042e98a900b03cd8\"},\"headline\":\"Gurupi n\u00e3o registra casos de Covid-19 h\u00e1 uma semana, informa Boletim\",\"datePublished\":\"2022-10-07T18:04:13+00:00\",\"dateModified\":\"2022-10-07T18:06:59+00:00\",\"mainEntityOfPage\":{\"@id\":\"https:\/\/cleitonpinheiro.com.br\/site\/gurupi-nao-registra-casos-de-covid-19-ha-uma-semana-informa-boletim-da-prefeitura\/\"},\"wordCount\":188,\"commentCount\":0,\"publisher\":{\"@id\":\"https:\/\/cleitonpinheiro.com.br\/site\/#organization\"},\"image\":{\"@id\":\"https:\/\/cleitonpinheiro.com.br\/site\/gurupi-nao-registra-casos-de-covid-19-ha-uma-semana-informa-boletim-da-prefeitura\/#primaryimage\"},\"thumbnailUrl\":\"https:\/\/cleitonpinheiro.com.br\/site\/wp-content\/uploads\/2022\/09\/Design-sem-nome-2022-09-30T150142-compressed.jpg\",\"articleSection\":[\"CIDADES\",\"NOT\u00cdCIAS EM DESTAQUE\",\"TODAS NOTICIAS\"],\"inLanguage\":\"pt-BR\",\"potentialAction\":[{\"@type\":\"CommentAction\",\"name\":\"Comment\",\"target\":[\"https:\/\/cleitonpinheiro.com.br\/site\/gurupi-nao-registra-casos-de-covid-19-ha-uma-semana-informa-boletim-da-prefeitura\/#respond\"]}]},{\"@type\":\"WebPage\",\"@id\":\"https:\/\/cleitonpinheiro.com.br\/site\/gurupi-nao-registra-casos-de-covid-19-ha-uma-semana-informa-boletim-da-prefeitura\/\",\"url\":\"https:\/\/cleitonpinheiro.com.br\/site\/gurupi-nao-registra-casos-de-covid-19-ha-uma-semana-informa-boletim-da-prefeitura\/\",\"name\":\"Gurupi n\u00e3o registra casos de Covid-19 h\u00e1 uma semana, informa Boletim - PORTAL DE NOT\u00cdCIAS CLEITON PINHEIRO\",\"isPartOf\":{\"@id\":\"https:\/\/cleitonpinheiro.com.br\/site\/#website\"},\"primaryImageOfPage\":{\"@id\":\"https:\/\/cleitonpinheiro.com.br\/site\/gurupi-nao-registra-casos-de-covid-19-ha-uma-semana-informa-boletim-da-prefeitura\/#primaryimage\"},\"image\":{\"@id\":\"https:\/\/cleitonpinheiro.com.br\/site\/gurupi-nao-registra-casos-de-covid-19-ha-uma-semana-informa-boletim-da-prefeitura\/#primaryimage\"},\"thumbnailUrl\":\"https:\/\/cleitonpinheiro.com.br\/site\/wp-content\/uploads\/2022\/09\/Design-sem-nome-2022-09-30T150142-compressed.jpg\",\"datePublished\":\"2022-10-07T18:04:13+00:00\",\"dateModified\":\"2022-10-07T18:06:59+00:00\",\"breadcrumb\":{\"@id\":\"https:\/\/cleitonpinheiro.com.br\/site\/gurupi-nao-registra-casos-de-covid-19-ha-uma-semana-informa-boletim-da-prefeitura\/#breadcrumb\"},\"inLanguage\":\"pt-BR\",\"potentialAction\":[{\"@type\":\"ReadAction\",\"target\":[\"https:\/\/cleitonpinheiro.com.br\/site\/gurupi-nao-registra-casos-de-covid-19-ha-uma-semana-informa-boletim-da-prefeitura\/\"]}]},{\"@type\":\"ImageObject\",\"inLanguage\":\"pt-BR\",\"@id\":\"https:\/\/cleitonpinheiro.com.br\/site\/gurupi-nao-registra-casos-de-covid-19-ha-uma-semana-informa-boletim-da-prefeitura\/#primaryimage\",\"url\":\"\",\"contentUrl\":\"\"},{\"@type\":\"BreadcrumbList\",\"@id\":\"https:\/\/cleitonpinheiro.com.br\/site\/gurupi-nao-registra-casos-de-covid-19-ha-uma-semana-informa-boletim-da-prefeitura\/#breadcrumb\",\"itemListElement\":[{\"@type\":\"ListItem\",\"position\":1,\"name\":\"In\u00edcio\",\"item\":\"https:\/\/cleitonpinheiro.com.br\/site\/\"},{\"@type\":\"ListItem\",\"position\":2,\"name\":\"Gurupi n\u00e3o registra casos de Covid-19 h\u00e1 uma semana, informa Boletim\"}]},{\"@type\":\"WebSite\",\"@id\":\"https:\/\/cleitonpinheiro.com.br\/site\/#website\",\"url\":\"https:\/\/cleitonpinheiro.com.br\/site\/\",\"name\":\"PORTAL DE NOT\u00cdCIAS CLEITON PINHEIRO\",\"description\":\"FALANDO A VERDADE\",\"publisher\":{\"@id\":\"https:\/\/cleitonpinheiro.com.br\/site\/#organization\"},\"potentialAction\":[{\"@type\":\"SearchAction\",\"target\":{\"@type\":\"EntryPoint\",\"urlTemplate\":\"https:\/\/cleitonpinheiro.com.br\/site\/?s={search_term_string}\"},\"query-input\":{\"@type\":\"PropertyValueSpecification\",\"valueRequired\":true,\"valueName\":\"search_term_string\"}}],\"inLanguage\":\"pt-BR\"},{\"@type\":\"Organization\",\"@id\":\"https:\/\/cleitonpinheiro.com.br\/site\/#organization\",\"name\":\"CPNOT\u00cdCIAS\",\"url\":\"https:\/\/cleitonpinheiro.com.br\/site\/\",\"logo\":{\"@type\":\"ImageObject\",\"inLanguage\":\"pt-BR\",\"@id\":\"https:\/\/cleitonpinheiro.com.br\/site\/#\/schema\/logo\/image\/\",\"url\":\"https:\/\/cleitonpinheiro.com.br\/site\/wp-content\/uploads\/2022\/08\/Logo-pequena-2.png\",\"contentUrl\":\"https:\/\/cleitonpinheiro.com.br\/site\/wp-content\/uploads\/2022\/08\/Logo-pequena-2.png\",\"width\":500,\"height\":500,\"caption\":\"CPNOT\u00cdCIAS\"},\"image\":{\"@id\":\"https:\/\/cleitonpinheiro.com.br\/site\/#\/schema\/logo\/image\/\"},\"sameAs\":[\"https:\/\/www.facebook.com\/portalcpnoticias\/\"]},{\"@type\":\"Person\",\"@id\":\"https:\/\/cleitonpinheiro.com.br\/site\/#\/schema\/person\/aac6d7f311e80c43042e98a900b03cd8\",\"name\":\"Dermival Pereira\",\"image\":{\"@type\":\"ImageObject\",\"inLanguage\":\"pt-BR\",\"@id\":\"https:\/\/cleitonpinheiro.com.br\/site\/#\/schema\/person\/image\/\",\"url\":\"https:\/\/secure.gravatar.com\/avatar\/cfaebf3742d6bf8db728bcba3eed6bee37b02337a2e6c822994f20ca72a3784d?s=96&r=g\",\"contentUrl\":\"https:\/\/secure.gravatar.com\/avatar\/cfaebf3742d6bf8db728bcba3eed6bee37b02337a2e6c822994f20ca72a3784d?s=96&r=g\",\"caption\":\"Dermival Pereira\"},\"url\":\"https:\/\/cleitonpinheiro.com.br\/site\/author\/dermival\/\"}]}<\/script>\n<!-- \/ Yoast SEO plugin. -->","yoast_head_json":{"title":"Gurupi n\u00e3o registra casos de Covid-19 h\u00e1 uma semana, informa Boletim - PORTAL DE NOT\u00cdCIAS CLEITON PINHEIRO","robots":{"index":"index","follow":"follow","max-snippet":"max-snippet:-1","max-image-preview":"max-image-preview:large","max-video-preview":"max-video-preview:-1"},"canonical":"https:\/\/cleitonpinheiro.com.br\/site\/gurupi-nao-registra-casos-de-covid-19-ha-uma-semana-informa-boletim-da-prefeitura\/","og_locale":"pt_BR","og_type":"article","og_title":"Gurupi n\u00e3o registra casos de Covid-19 h\u00e1 uma semana, informa Boletim - PORTAL DE NOT\u00cdCIAS CLEITON PINHEIRO","og_description":"A Secretaria Municipal de Sa\u00fade \u2013 SEMUS, por meio da Coordena\u00e7\u00e3o de Vigil\u00e2ncia Epidemiol\u00f3gica, informa que no per\u00edodo de 1\u00ba a 07 de outubro, n\u00e3o foi registrado nenhum caso positivo para Covid-19, em Gurupi. Gurupi contabiliza nesta sexta-feira, 63.263 casos descartados; nenhum suspeito; 24.429 casos confirmados acumulados, destes 24.125 est\u00e3o recuperados, nenhum caso ativo e [&hellip;]","og_url":"https:\/\/cleitonpinheiro.com.br\/site\/gurupi-nao-registra-casos-de-covid-19-ha-uma-semana-informa-boletim-da-prefeitura\/","og_site_name":"PORTAL DE NOT\u00cdCIAS CLEITON PINHEIRO","article_publisher":"https:\/\/www.facebook.com\/portalcpnoticias\/","article_published_time":"2022-10-07T18:04:13+00:00","article_modified_time":"2022-10-07T18:06:59+00:00","og_image":[{"width":750,"height":450,"url":"https:\/\/cleitonpinheiro.com.br\/site\/wp-content\/uploads\/2022\/09\/Design-sem-nome-2022-09-30T150142-compressed.jpg","type":"image\/jpeg"}],"author":"Dermival Pereira","twitter_card":"summary_large_image","twitter_misc":{"Escrito por":"Dermival Pereira","Est. tempo de leitura":"2 minutos"},"schema":{"@context":"https:\/\/schema.org","@graph":[{"@type":"Article","@id":"https:\/\/cleitonpinheiro.com.br\/site\/gurupi-nao-registra-casos-de-covid-19-ha-uma-semana-informa-boletim-da-prefeitura\/#article","isPartOf":{"@id":"https:\/\/cleitonpinheiro.com.br\/site\/gurupi-nao-registra-casos-de-covid-19-ha-uma-semana-informa-boletim-da-prefeitura\/"},"author":{"name":"Dermival Pereira","@id":"https:\/\/cleitonpinheiro.com.br\/site\/#\/schema\/person\/aac6d7f311e80c43042e98a900b03cd8"},"headline":"Gurupi n\u00e3o registra casos de Covid-19 h\u00e1 uma semana, informa Boletim","datePublished":"2022-10-07T18:04:13+00:00","dateModified":"2022-10-07T18:06:59+00:00","mainEntityOfPage":{"@id":"https:\/\/cleitonpinheiro.com.br\/site\/gurupi-nao-registra-casos-de-covid-19-ha-uma-semana-informa-boletim-da-prefeitura\/"},"wordCount":188,"commentCount":0,"publisher":{"@id":"https:\/\/cleitonpinheiro.com.br\/site\/#organization"},"image":{"@id":"https:\/\/cleitonpinheiro.com.br\/site\/gurupi-nao-registra-casos-de-covid-19-ha-uma-semana-informa-boletim-da-prefeitura\/#primaryimage"},"thumbnailUrl":"https:\/\/cleitonpinheiro.com.br\/site\/wp-content\/uploads\/2022\/09\/Design-sem-nome-2022-09-30T150142-compressed.jpg","articleSection":["CIDADES","NOT\u00cdCIAS EM DESTAQUE","TODAS NOTICIAS"],"inLanguage":"pt-BR","potentialAction":[{"@type":"CommentAction","name":"Comment","target":["https:\/\/cleitonpinheiro.com.br\/site\/gurupi-nao-registra-casos-de-covid-19-ha-uma-semana-informa-boletim-da-prefeitura\/#respond"]}]},{"@type":"WebPage","@id":"https:\/\/cleitonpinheiro.com.br\/site\/gurupi-nao-registra-casos-de-covid-19-ha-uma-semana-informa-boletim-da-prefeitura\/","url":"https:\/\/cleitonpinheiro.com.br\/site\/gurupi-nao-registra-casos-de-covid-19-ha-uma-semana-informa-boletim-da-prefeitura\/","name":"Gurupi n\u00e3o registra casos de Covid-19 h\u00e1 uma semana, informa Boletim - PORTAL DE NOT\u00cdCIAS CLEITON PINHEIRO","isPartOf":{"@id":"https:\/\/cleitonpinheiro.com.br\/site\/#website"},"primaryImageOfPage":{"@id":"https:\/\/cleitonpinheiro.com.br\/site\/gurupi-nao-registra-casos-de-covid-19-ha-uma-semana-informa-boletim-da-prefeitura\/#primaryimage"},"image":{"@id":"https:\/\/cleitonpinheiro.com.br\/site\/gurupi-nao-registra-casos-de-covid-19-ha-uma-semana-informa-boletim-da-prefeitura\/#primaryimage"},"thumbnailUrl":"https:\/\/cleitonpinheiro.com.br\/site\/wp-content\/uploads\/2022\/09\/Design-sem-nome-2022-09-30T150142-compressed.jpg","datePublished":"2022-10-07T18:04:13+00:00","dateModified":"2022-10-07T18:06:59+00:00","breadcrumb":{"@id":"https:\/\/cleitonpinheiro.com.br\/site\/gurupi-nao-registra-casos-de-covid-19-ha-uma-semana-informa-boletim-da-prefeitura\/#breadcrumb"},"inLanguage":"pt-BR","potentialAction":[{"@type":"ReadAction","target":["https:\/\/cleitonpinheiro.com.br\/site\/gurupi-nao-registra-casos-de-covid-19-ha-uma-semana-informa-boletim-da-prefeitura\/"]}]},{"@type":"ImageObject","inLanguage":"pt-BR","@id":"https:\/\/cleitonpinheiro.com.br\/site\/gurupi-nao-registra-casos-de-covid-19-ha-uma-semana-informa-boletim-da-prefeitura\/#primaryimage","url":"","contentUrl":""},{"@type":"BreadcrumbList","@id":"https:\/\/cleitonpinheiro.com.br\/site\/gurupi-nao-registra-casos-de-covid-19-ha-uma-semana-informa-boletim-da-prefeitura\/#breadcrumb","itemListElement":[{"@type":"ListItem","position":1,"name":"In\u00edcio","item":"https:\/\/cleitonpinheiro.com.br\/site\/"},{"@type":"ListItem","position":2,"name":"Gurupi n\u00e3o registra casos de Covid-19 h\u00e1 uma semana, informa Boletim"}]},{"@type":"WebSite","@id":"https:\/\/cleitonpinheiro.com.br\/site\/#website","url":"https:\/\/cleitonpinheiro.com.br\/site\/","name":"PORTAL DE NOT\u00cdCIAS CLEITON PINHEIRO","description":"FALANDO A VERDADE","publisher":{"@id":"https:\/\/cleitonpinheiro.com.br\/site\/#organization"},"potentialAction":[{"@type":"SearchAction","target":{"@type":"EntryPoint","urlTemplate":"https:\/\/cleitonpinheiro.com.br\/site\/?s={search_term_string}"},"query-input":{"@type":"PropertyValueSpecification","valueRequired":true,"valueName":"search_term_string"}}],"inLanguage":"pt-BR"},{"@type":"Organization","@id":"https:\/\/cleitonpinheiro.com.br\/site\/#organization","name":"CPNOT\u00cdCIAS","url":"https:\/\/cleitonpinheiro.com.br\/site\/","logo":{"@type":"ImageObject","inLanguage":"pt-BR","@id":"https:\/\/cleitonpinheiro.com.br\/site\/#\/schema\/logo\/image\/","url":"https:\/\/cleitonpinheiro.com.br\/site\/wp-content\/uploads\/2022\/08\/Logo-pequena-2.png","contentUrl":"https:\/\/cleitonpinheiro.com.br\/site\/wp-content\/uploads\/2022\/08\/Logo-pequena-2.png","width":500,"height":500,"caption":"CPNOT\u00cdCIAS"},"image":{"@id":"https:\/\/cleitonpinheiro.com.br\/site\/#\/schema\/logo\/image\/"},"sameAs":["https:\/\/www.facebook.com\/portalcpnoticias\/"]},{"@type":"Person","@id":"https:\/\/cleitonpinheiro.com.br\/site\/#\/schema\/person\/aac6d7f311e80c43042e98a900b03cd8","name":"Dermival Pereira","image":{"@type":"ImageObject","inLanguage":"pt-BR","@id":"https:\/\/cleitonpinheiro.com.br\/site\/#\/schema\/person\/image\/","url":"https:\/\/secure.gravatar.com\/avatar\/cfaebf3742d6bf8db728bcba3eed6bee37b02337a2e6c822994f20ca72a3784d?s=96&r=g","contentUrl":"https:\/\/secure.gravatar.com\/avatar\/cfaebf3742d6bf8db728bcba3eed6bee37b02337a2e6c822994f20ca72a3784d?s=96&r=g","caption":"Dermival Pereira"},"url":"https:\/\/cleitonpinheiro.com.br\/site\/author\/dermival\/"}]}},"views":244,"_links":{"self":[{"href":"https:\/\/cleitonpinheiro.com.br\/site\/wp-json\/wp\/v2\/posts\/63604","targetHints":{"allow":["GET"]}}],"collection":[{"href":"https:\/\/cleitonpinheiro.com.br\/site\/wp-json\/wp\/v2\/posts"}],"about":[{"href":"https:\/\/cleitonpinheiro.com.br\/site\/wp-json\/wp\/v2\/types\/post"}],"author":[{"embeddable":true,"href":"https:\/\/cleitonpinheiro.com.br\/site\/wp-json\/wp\/v2\/users\/4"}],"replies":[{"embeddable":true,"href":"https:\/\/cleitonpinheiro.com.br\/site\/wp-json\/wp\/v2\/comments?post=63604"}],"version-history":[{"count":3,"href":"https:\/\/cleitonpinheiro.com.br\/site\/wp-json\/wp\/v2\/posts\/63604\/revisions"}],"predecessor-version":[{"id":63608,"href":"https:\/\/cleitonpinheiro.com.br\/site\/wp-json\/wp\/v2\/posts\/63604\/revisions\/63608"}],"wp:attachment":[{"href":"https:\/\/cleitonpinheiro.com.br\/site\/wp-json\/wp\/v2\/media?parent=63604"}],"wp:term":[{"taxonomy":"category","embeddable":true,"href":"https:\/\/cleitonpinheiro.com.br\/site\/wp-json\/wp\/v2\/categories?post=63604"},{"taxonomy":"post_tag","embeddable":true,"href":"https:\/\/cleitonpinheiro.com.br\/site\/wp-json\/wp\/v2\/tags?post=63604"}],"curies":[{"name":"wp","href":"https:\/\/api.w.org\/{rel}","templated":true}]}}