{"id":63636,"date":"2022-10-07T16:00:29","date_gmt":"2022-10-07T19:00:29","guid":{"rendered":"https:\/\/cleitonpinheiro.com.br\/site\/?p=63636"},"modified":"2022-10-10T10:36:05","modified_gmt":"2022-10-10T13:36:05","slug":"cortes-na-educacao-ufrj-deixou-de-pagar-agua-e-luz-e-contas-de-setembro-estao-atrasadas","status":"publish","type":"post","link":"https:\/\/cleitonpinheiro.com.br\/site\/cortes-na-educacao-ufrj-deixou-de-pagar-agua-e-luz-e-contas-de-setembro-estao-atrasadas\/","title":{"rendered":"Cortes na Educa\u00e7\u00e3o: UFRJ deixou de pagar \u00e1gua e luz e contas de setembro est\u00e3o atrasadas"},"content":{"rendered":"\n<figure class=\"wp-block-image size-full\"><img decoding=\"async\" src=\"https:\/\/cleitonpinheiro.com.br\/site\/wp-content\/uploads\/2022\/10\/Design-sem-nome-2022-10-07T155740-compressed.jpg\" alt=\"\" class=\"wp-image-63637\"\/><figcaption>Foto: Divulga\u00e7\u00e3o\/UFRJ<\/figcaption><\/figure>\n\n\n\n<p>Em grave crise, a&nbsp;<strong>Universidade Federal do Rio de Janeiro (UFRJ)<\/strong>&nbsp;\u00e9 uma das mais afetadas pelo&nbsp;<strong>novo bloqueio de recursos a universidades e demais institui\u00e7\u00f5es de ensino federais&nbsp;<\/strong>imposto pelo governo&nbsp;<strong>Jair Bolsonaro<\/strong>. Ao&nbsp;<strong>Estad\u00e3o<\/strong>, o pr\u00f3-reitor de Planejamento, Desenvolvimento e Finan\u00e7as,&nbsp;<strong>Eduardo Raupp<\/strong>, contou que a institui\u00e7\u00e3o est\u00e1 com as contas de setembro atrasadas e que deixou de pagar pelo fornecimento de \u00e1gua e energia em julho ap\u00f3s decretar morat\u00f3ria.<\/p>\n\n\n\n<p>&#8220;A situa\u00e7\u00e3o \u00e9 grave, n\u00e3o sei at\u00e9 quando os fornecedores v\u00e3o continuar sem receber&#8221;, continuou ao citar servi\u00e7os terceirizados b\u00e1sicos, como limpeza e vigil\u00e2ncia. &#8220;Estamos no limite.&#8221;<\/p>\n\n\n\n<p>Com as restri\u00e7\u00f5es, Raupp diz que a universidade tem uma demanda reprimida em diferentes setores, como a implanta\u00e7\u00e3o completa de medidas de combate a inc\u00eandios, e que reajustes de contratos foram feitos em meses anteriores. Aponta que, se o bloqueio n\u00e3o for revertido, a universidade n\u00e3o ter\u00e1 mais condi\u00e7\u00f5es de funcionar com as condi\u00e7\u00f5es sanit\u00e1rias e de seguran\u00e7a necess\u00e1rias. &#8220;A gente tem sobrevivido&#8221;, descreve.<\/p>\n\n\n\n<p>Restri\u00e7\u00f5es or\u00e7ament\u00e1rias anteriores j\u00e1 t\u00eam impactado diferentes \u00e1reas. Com a redu\u00e7\u00e3o da seguran\u00e7a patrimonial dos c\u00e2mpus, por exemplo, a universidade enfrentou casos de furtos de equipamentos, comenta o pr\u00f3-reitor.<\/p>\n\n\n\n<p>O impacto do novo bloqueio ainda est\u00e1 sendo mapeado e pode afetar os nove hospitais de responsabilidade da UFRJ. Raupp diz que cerca de um ter\u00e7o do or\u00e7amento desses espa\u00e7os s\u00e3o destinados pela universidade e que a &#8220;essencialidade&#8221; e &#8220;emerg\u00eancia&#8221; ser\u00e3o consideradas na decis\u00e3o sobre eventuais restri\u00e7\u00f5es de servi\u00e7os.<\/p>\n\n\n\n<p>Ele considera que a atual crise \u00e9 mais grave do que as anteriores, pois os fornecedores vivem uma situa\u00e7\u00e3o financeira mais delicada, por causa da pandemia. &#8220;Estamos fazendo an\u00e1lise contrato a contrato, chamando para conversar.&#8221;<\/p>\n\n\n\n<p>O pr\u00f3-reitor comentou que uma eventual redistribui\u00e7\u00e3o dos recursos de investimento para custeio pode ocorrer, por\u00e9m o valor \u00e9 considera baixo (cerca de R$ 2,3 milh\u00f5es n\u00e3o est\u00e3o empenhados) e insuficiente para resolver a situa\u00e7\u00e3o. &#8220;S\u00e3o R$ 25 milh\u00f5es por m\u00eas de custeio.&#8221;<\/p>\n\n\n\n<p>Segundo ele, o maior impacto sentido pela institui\u00e7\u00e3o foi um bloqueio no in\u00edcio do ano que inviabilizou o acesso \u00e0s pr\u00f3prias receitas, arrecadadas, por exemplo, por meio de alugu\u00e9is de im\u00f3veis. &#8220;S\u00e3o R$ 12 milh\u00f5es, R$ 13 milh\u00f5es, que est\u00e3o inacess\u00edveis.&#8221;<\/p>\n\n\n\n<p>Com o atual ano letivo previsto at\u00e9 fevereiro, a universidade n\u00e3o considera a possibilidade de parar o ensino presencial por enquanto. &#8220;A gente fez tudo o que podia, em termos administra\u00e7\u00e3o de recursos, para continuar funcionando&#8221;, comenta.<\/p>\n\n\n\n<p>Raupp cita que a estimativa \u00e9 que o or\u00e7amento hoje seja metade do recebido h\u00e1 10 anos, ao considerar a infla\u00e7\u00e3o. &#8220;\u00c9 uma defasagem muito grande.&#8221;<\/p>\n\n\n\n<p>Al\u00e9m da UFRJ,&nbsp;<strong>outras institui\u00e7\u00f5es afirmam que n\u00e3o h\u00e1 mais como restringir os custos sem afetar o funcionamento e estudam o que ir\u00e3o &#8220;cortar no osso&#8221;<\/strong>. Entre os cortes de custo discutidos, est\u00e3o o pagamento de contas de \u00e1gua, energia, internet e servi\u00e7os essenciais terceirizados, como de vigil\u00e2ncia e limpeza, e a manuten\u00e7\u00e3o de aux\u00edlios estudantis, inclusive as atividades de restaurantes universit\u00e1rios, transporte e moradia estudantil.<\/p>\n\n\n\n<p>O reitor da&nbsp;<strong>Universidade Federal de Lavras (Ufla)<\/strong>, Jo\u00e3o Chrysostomo de Resende J\u00fanior, declarou, por exemplo, que \u00e9 &#8220;prov\u00e1vel&#8221; o adiamento da retomada das aulas ap\u00f3s o recesso do primeiro semestre, que ocorreu fora do calend\u00e1rio tradicional, por efeito da pandemia. Em comunicado, informou que a institui\u00e7\u00e3o estava com um d\u00e9ficit de cerca de R$ 1 milh\u00e3o antes do atual bloqueio, de R$ 3,3 milh\u00f5es.<\/p>\n\n\n\n<p>Tamb\u00e9m citou outras medidas de redu\u00e7\u00e3o de custos que est\u00e3o em discuss\u00e3o, como o reajuste do valor das refei\u00e7\u00f5es no restaurante universit\u00e1rio ou a paraliza\u00e7\u00e3o do servi\u00e7o, a descontinua\u00e7\u00e3o do funcionamento do transporte interno e da moradia estudantil, a suspens\u00e3o do pagamento de bolsas e a redu\u00e7\u00e3o no n\u00famero de funcion\u00e1rios terceirizados, dentre outras.<\/p>\n\n\n\n<p>Em coletiva de imprensa, o presidente da Associa\u00e7\u00e3o Nacional dos Dirigentes das Institui\u00e7\u00f5es Federais de Ensino Superior (<strong>Andifes<\/strong>) e reitor da&nbsp;<strong>Universidade Federal do Paran\u00e1 (UFPR)<\/strong>, Ricardo Fonseca, defendeu que o contingenciamento seja revisto, pois todo o remanejamento poss\u00edvel foi feito e a situa\u00e7\u00e3o afeta ensino, pesquisa (inclusive o desenvolvimento de novas vacinas) e servi\u00e7os prestados \u00e0 popula\u00e7\u00e3o em geral, como em hospitais universit\u00e1rios.<\/p>\n\n\n\n<p>&#8220;Tudo isso estruturalmente j\u00e1 estava com grande diminui\u00e7\u00e3o&#8221;, afirmou. &#8220;N\u00e3o existe mais gordura para queimar, nem carne para cortar. Agora \u00e9 no osso. A situa\u00e7\u00e3o \u00e9 tr\u00e1gica nas universidades&#8221;, declarou.<\/p>\n\n\n\n<p>Procurado pelo&nbsp;<strong>Estad\u00e3o<\/strong>, o MEC afirmou, em nota, ter realizado &#8220;os estornos necess\u00e1rios nos limites de modo a atender ao decreto, que corresponde a 5,8% das despesas discricion\u00e1rias de cada unidade&#8221;. &#8220;Segundo informa\u00e7\u00f5es do Minist\u00e9rio da Economia, consoante ao que tamb\u00e9m determina o pr\u00f3prio decreto, informamos que os limites ser\u00e3o restabelecidos em dezembro&#8221;, completou.<\/p>\n\n\n\n<p>J\u00e1 o&nbsp;<strong>Conselho Nacional das Institui\u00e7\u00f5es da Rede Federal de Educa\u00e7\u00e3o Profissional, Cient\u00edfica e Tecnol\u00f3gica (Conif)<\/strong>&nbsp;destacou que o bloqueio de R$ 147 milh\u00f5es dos<strong>&nbsp;institutos federais (IFs)<\/strong>, dos centros federais de educa\u00e7\u00e3o tecnol\u00f3gica (os&nbsp;<strong>Cefets<\/strong>) e do<strong>Col\u00e9gio Pedro II<\/strong>, do Rio, vai afetar servi\u00e7os essenciais de limpeza e seguran\u00e7a. &#8220;Transporte, alimenta\u00e7\u00e3o, internet, chip de celular, bolsas de estudo, dentre outros tantos elementos essenciais para o aluno n\u00e3o poder\u00e3o mais ser custeados&#8221;, apontou.<\/p>\n\n\n\n<p>&#8220;Servi\u00e7os essenciais de limpeza e seguran\u00e7a ser\u00e3o descontinuados, comprometendo ainda as atividades laboratoriais e de campoo, culminando no desemprego e na precariza\u00e7\u00e3o dos projetos educacionais&#8221;, completou, em nota. &#8220;\u00c9 necess\u00e1ria e urgente a recomposi\u00e7\u00e3o or\u00e7ament\u00e1ria, sob pena da rede federal ter seu funcionamento comprometido.&#8221;<\/p>\n\n\n\n<p>Tamb\u00e9m nesta quinta, a\u00a0<strong>Universidade Federal de S\u00e3o Carlos (UFScar)<\/strong>\u00a0emitiu um comunicado da reitoria, no qual descreve a situa\u00e7\u00e3o como &#8220;cr\u00edtica&#8221; e aponta que o bloqueio \u00e9 de mais de R$ 2 milh\u00f5es. O pagamento de bolsas de assist\u00eancia e perman\u00eancia estudantil e o funcionamento do restaurante universit\u00e1rio est\u00e3o garantidos at\u00e9 janeiro, por\u00e9m &#8220;demais despesas, como energia e esgoto, ter\u00e3o que ser negociadas com as empresa&#8221;, segundo a fala da pr\u00f3-reitora de Administra\u00e7\u00e3o, Edna Augusto, reproduzida em comunicado. <\/p>\n","protected":false},"excerpt":{"rendered":"<p>Em grave crise, a&nbsp;Universidade Federal do Rio de Janeiro (UFRJ)&nbsp;\u00e9 uma das mais afetadas pelo&nbsp;novo bloqueio de recursos a universidades e demais institui\u00e7\u00f5es de ensino federais&nbsp;imposto pelo governo&nbsp;Jair Bolsonaro. Ao&nbsp;Estad\u00e3o, o pr\u00f3-reitor de Planejamento, Desenvolvimento e Finan\u00e7as,&nbsp;Eduardo Raupp, contou que a institui\u00e7\u00e3o est\u00e1 com as contas de setembro atrasadas e que deixou de pagar pelo [&hellip;]<\/p>\n","protected":false},"author":4,"featured_media":0,"comment_status":"open","ping_status":"open","sticky":false,"template":"","format":"standard","meta":{"_acf_changed":false,"footnotes":""},"categories":[22,21],"tags":[],"class_list":["post-63636","post","type-post","status-publish","format-standard","hentry","category-cidades","category-todas-noticias"],"acf":[],"yoast_head":"<!-- This site is optimized with the Yoast SEO plugin v24.4 - https:\/\/yoast.com\/wordpress\/plugins\/seo\/ -->\n<title>Cortes na Educa\u00e7\u00e3o: UFRJ deixou de pagar \u00e1gua e luz e contas de setembro est\u00e3o atrasadas - PORTAL DE NOT\u00cdCIAS CLEITON PINHEIRO<\/title>\n<meta name=\"robots\" content=\"index, follow, max-snippet:-1, max-image-preview:large, max-video-preview:-1\" \/>\n<link rel=\"canonical\" href=\"https:\/\/cleitonpinheiro.com.br\/site\/cortes-na-educacao-ufrj-deixou-de-pagar-agua-e-luz-e-contas-de-setembro-estao-atrasadas\/\" \/>\n<meta property=\"og:locale\" content=\"pt_BR\" \/>\n<meta property=\"og:type\" content=\"article\" \/>\n<meta property=\"og:title\" content=\"Cortes na Educa\u00e7\u00e3o: UFRJ deixou de pagar \u00e1gua e luz e contas de setembro est\u00e3o atrasadas - PORTAL DE NOT\u00cdCIAS CLEITON PINHEIRO\" \/>\n<meta property=\"og:description\" content=\"Em grave crise, a&nbsp;Universidade Federal do Rio de Janeiro (UFRJ)&nbsp;\u00e9 uma das mais afetadas pelo&nbsp;novo bloqueio de recursos a universidades e demais institui\u00e7\u00f5es de ensino federais&nbsp;imposto pelo governo&nbsp;Jair Bolsonaro. Ao&nbsp;Estad\u00e3o, o pr\u00f3-reitor de Planejamento, Desenvolvimento e Finan\u00e7as,&nbsp;Eduardo Raupp, contou que a institui\u00e7\u00e3o est\u00e1 com as contas de setembro atrasadas e que deixou de pagar pelo [&hellip;]\" \/>\n<meta property=\"og:url\" content=\"https:\/\/cleitonpinheiro.com.br\/site\/cortes-na-educacao-ufrj-deixou-de-pagar-agua-e-luz-e-contas-de-setembro-estao-atrasadas\/\" \/>\n<meta property=\"og:site_name\" content=\"PORTAL DE NOT\u00cdCIAS CLEITON PINHEIRO\" \/>\n<meta property=\"article:publisher\" content=\"https:\/\/www.facebook.com\/portalcpnoticias\/\" \/>\n<meta property=\"article:published_time\" content=\"2022-10-07T19:00:29+00:00\" \/>\n<meta property=\"article:modified_time\" content=\"2022-10-10T13:36:05+00:00\" \/>\n<meta property=\"og:image\" content=\"https:\/\/cleitonpinheiro.com.br\/site\/wp-content\/uploads\/2022\/10\/Design-sem-nome-2022-10-07T155740-compressed.jpg\" \/>\n\t<meta property=\"og:image:width\" content=\"750\" \/>\n\t<meta property=\"og:image:height\" content=\"450\" \/>\n\t<meta property=\"og:image:type\" content=\"image\/jpeg\" \/>\n<meta name=\"author\" content=\"Dermival Pereira\" \/>\n<meta name=\"twitter:card\" content=\"summary_large_image\" \/>\n<meta name=\"twitter:label1\" content=\"Escrito por\" \/>\n\t<meta name=\"twitter:data1\" content=\"Dermival Pereira\" \/>\n\t<meta name=\"twitter:label2\" content=\"Est. tempo de leitura\" \/>\n\t<meta name=\"twitter:data2\" content=\"6 minutos\" \/>\n<script type=\"application\/ld+json\" class=\"yoast-schema-graph\">{\"@context\":\"https:\/\/schema.org\",\"@graph\":[{\"@type\":\"Article\",\"@id\":\"https:\/\/cleitonpinheiro.com.br\/site\/cortes-na-educacao-ufrj-deixou-de-pagar-agua-e-luz-e-contas-de-setembro-estao-atrasadas\/#article\",\"isPartOf\":{\"@id\":\"https:\/\/cleitonpinheiro.com.br\/site\/cortes-na-educacao-ufrj-deixou-de-pagar-agua-e-luz-e-contas-de-setembro-estao-atrasadas\/\"},\"author\":{\"name\":\"Dermival Pereira\",\"@id\":\"https:\/\/cleitonpinheiro.com.br\/site\/#\/schema\/person\/aac6d7f311e80c43042e98a900b03cd8\"},\"headline\":\"Cortes na Educa\u00e7\u00e3o: UFRJ deixou de pagar \u00e1gua e luz e contas de setembro est\u00e3o atrasadas\",\"datePublished\":\"2022-10-07T19:00:29+00:00\",\"dateModified\":\"2022-10-10T13:36:05+00:00\",\"mainEntityOfPage\":{\"@id\":\"https:\/\/cleitonpinheiro.com.br\/site\/cortes-na-educacao-ufrj-deixou-de-pagar-agua-e-luz-e-contas-de-setembro-estao-atrasadas\/\"},\"wordCount\":1118,\"commentCount\":0,\"publisher\":{\"@id\":\"https:\/\/cleitonpinheiro.com.br\/site\/#organization\"},\"image\":{\"@id\":\"https:\/\/cleitonpinheiro.com.br\/site\/cortes-na-educacao-ufrj-deixou-de-pagar-agua-e-luz-e-contas-de-setembro-estao-atrasadas\/#primaryimage\"},\"thumbnailUrl\":\"https:\/\/cleitonpinheiro.com.br\/site\/wp-content\/uploads\/2022\/10\/Design-sem-nome-2022-10-07T155740-compressed.jpg\",\"articleSection\":[\"CIDADES\",\"TODAS NOTICIAS\"],\"inLanguage\":\"pt-BR\",\"potentialAction\":[{\"@type\":\"CommentAction\",\"name\":\"Comment\",\"target\":[\"https:\/\/cleitonpinheiro.com.br\/site\/cortes-na-educacao-ufrj-deixou-de-pagar-agua-e-luz-e-contas-de-setembro-estao-atrasadas\/#respond\"]}]},{\"@type\":\"WebPage\",\"@id\":\"https:\/\/cleitonpinheiro.com.br\/site\/cortes-na-educacao-ufrj-deixou-de-pagar-agua-e-luz-e-contas-de-setembro-estao-atrasadas\/\",\"url\":\"https:\/\/cleitonpinheiro.com.br\/site\/cortes-na-educacao-ufrj-deixou-de-pagar-agua-e-luz-e-contas-de-setembro-estao-atrasadas\/\",\"name\":\"Cortes na Educa\u00e7\u00e3o: UFRJ deixou de pagar \u00e1gua e luz e contas de setembro est\u00e3o atrasadas - PORTAL DE NOT\u00cdCIAS CLEITON PINHEIRO\",\"isPartOf\":{\"@id\":\"https:\/\/cleitonpinheiro.com.br\/site\/#website\"},\"primaryImageOfPage\":{\"@id\":\"https:\/\/cleitonpinheiro.com.br\/site\/cortes-na-educacao-ufrj-deixou-de-pagar-agua-e-luz-e-contas-de-setembro-estao-atrasadas\/#primaryimage\"},\"image\":{\"@id\":\"https:\/\/cleitonpinheiro.com.br\/site\/cortes-na-educacao-ufrj-deixou-de-pagar-agua-e-luz-e-contas-de-setembro-estao-atrasadas\/#primaryimage\"},\"thumbnailUrl\":\"https:\/\/cleitonpinheiro.com.br\/site\/wp-content\/uploads\/2022\/10\/Design-sem-nome-2022-10-07T155740-compressed.jpg\",\"datePublished\":\"2022-10-07T19:00:29+00:00\",\"dateModified\":\"2022-10-10T13:36:05+00:00\",\"breadcrumb\":{\"@id\":\"https:\/\/cleitonpinheiro.com.br\/site\/cortes-na-educacao-ufrj-deixou-de-pagar-agua-e-luz-e-contas-de-setembro-estao-atrasadas\/#breadcrumb\"},\"inLanguage\":\"pt-BR\",\"potentialAction\":[{\"@type\":\"ReadAction\",\"target\":[\"https:\/\/cleitonpinheiro.com.br\/site\/cortes-na-educacao-ufrj-deixou-de-pagar-agua-e-luz-e-contas-de-setembro-estao-atrasadas\/\"]}]},{\"@type\":\"ImageObject\",\"inLanguage\":\"pt-BR\",\"@id\":\"https:\/\/cleitonpinheiro.com.br\/site\/cortes-na-educacao-ufrj-deixou-de-pagar-agua-e-luz-e-contas-de-setembro-estao-atrasadas\/#primaryimage\",\"url\":\"\",\"contentUrl\":\"\"},{\"@type\":\"BreadcrumbList\",\"@id\":\"https:\/\/cleitonpinheiro.com.br\/site\/cortes-na-educacao-ufrj-deixou-de-pagar-agua-e-luz-e-contas-de-setembro-estao-atrasadas\/#breadcrumb\",\"itemListElement\":[{\"@type\":\"ListItem\",\"position\":1,\"name\":\"In\u00edcio\",\"item\":\"https:\/\/cleitonpinheiro.com.br\/site\/\"},{\"@type\":\"ListItem\",\"position\":2,\"name\":\"Cortes na Educa\u00e7\u00e3o: UFRJ deixou de pagar \u00e1gua e luz e contas de setembro est\u00e3o atrasadas\"}]},{\"@type\":\"WebSite\",\"@id\":\"https:\/\/cleitonpinheiro.com.br\/site\/#website\",\"url\":\"https:\/\/cleitonpinheiro.com.br\/site\/\",\"name\":\"PORTAL DE NOT\u00cdCIAS CLEITON PINHEIRO\",\"description\":\"FALANDO A VERDADE\",\"publisher\":{\"@id\":\"https:\/\/cleitonpinheiro.com.br\/site\/#organization\"},\"potentialAction\":[{\"@type\":\"SearchAction\",\"target\":{\"@type\":\"EntryPoint\",\"urlTemplate\":\"https:\/\/cleitonpinheiro.com.br\/site\/?s={search_term_string}\"},\"query-input\":{\"@type\":\"PropertyValueSpecification\",\"valueRequired\":true,\"valueName\":\"search_term_string\"}}],\"inLanguage\":\"pt-BR\"},{\"@type\":\"Organization\",\"@id\":\"https:\/\/cleitonpinheiro.com.br\/site\/#organization\",\"name\":\"CPNOT\u00cdCIAS\",\"url\":\"https:\/\/cleitonpinheiro.com.br\/site\/\",\"logo\":{\"@type\":\"ImageObject\",\"inLanguage\":\"pt-BR\",\"@id\":\"https:\/\/cleitonpinheiro.com.br\/site\/#\/schema\/logo\/image\/\",\"url\":\"https:\/\/cleitonpinheiro.com.br\/site\/wp-content\/uploads\/2022\/08\/Logo-pequena-2.png\",\"contentUrl\":\"https:\/\/cleitonpinheiro.com.br\/site\/wp-content\/uploads\/2022\/08\/Logo-pequena-2.png\",\"width\":500,\"height\":500,\"caption\":\"CPNOT\u00cdCIAS\"},\"image\":{\"@id\":\"https:\/\/cleitonpinheiro.com.br\/site\/#\/schema\/logo\/image\/\"},\"sameAs\":[\"https:\/\/www.facebook.com\/portalcpnoticias\/\"]},{\"@type\":\"Person\",\"@id\":\"https:\/\/cleitonpinheiro.com.br\/site\/#\/schema\/person\/aac6d7f311e80c43042e98a900b03cd8\",\"name\":\"Dermival Pereira\",\"image\":{\"@type\":\"ImageObject\",\"inLanguage\":\"pt-BR\",\"@id\":\"https:\/\/cleitonpinheiro.com.br\/site\/#\/schema\/person\/image\/\",\"url\":\"https:\/\/secure.gravatar.com\/avatar\/cfaebf3742d6bf8db728bcba3eed6bee37b02337a2e6c822994f20ca72a3784d?s=96&r=g\",\"contentUrl\":\"https:\/\/secure.gravatar.com\/avatar\/cfaebf3742d6bf8db728bcba3eed6bee37b02337a2e6c822994f20ca72a3784d?s=96&r=g\",\"caption\":\"Dermival Pereira\"},\"url\":\"https:\/\/cleitonpinheiro.com.br\/site\/author\/dermival\/\"}]}<\/script>\n<!-- \/ Yoast SEO plugin. -->","yoast_head_json":{"title":"Cortes na Educa\u00e7\u00e3o: UFRJ deixou de pagar \u00e1gua e luz e contas de setembro est\u00e3o atrasadas - PORTAL DE NOT\u00cdCIAS CLEITON PINHEIRO","robots":{"index":"index","follow":"follow","max-snippet":"max-snippet:-1","max-image-preview":"max-image-preview:large","max-video-preview":"max-video-preview:-1"},"canonical":"https:\/\/cleitonpinheiro.com.br\/site\/cortes-na-educacao-ufrj-deixou-de-pagar-agua-e-luz-e-contas-de-setembro-estao-atrasadas\/","og_locale":"pt_BR","og_type":"article","og_title":"Cortes na Educa\u00e7\u00e3o: UFRJ deixou de pagar \u00e1gua e luz e contas de setembro est\u00e3o atrasadas - PORTAL DE NOT\u00cdCIAS CLEITON PINHEIRO","og_description":"Em grave crise, a&nbsp;Universidade Federal do Rio de Janeiro (UFRJ)&nbsp;\u00e9 uma das mais afetadas pelo&nbsp;novo bloqueio de recursos a universidades e demais institui\u00e7\u00f5es de ensino federais&nbsp;imposto pelo governo&nbsp;Jair Bolsonaro. Ao&nbsp;Estad\u00e3o, o pr\u00f3-reitor de Planejamento, Desenvolvimento e Finan\u00e7as,&nbsp;Eduardo Raupp, contou que a institui\u00e7\u00e3o est\u00e1 com as contas de setembro atrasadas e que deixou de pagar pelo [&hellip;]","og_url":"https:\/\/cleitonpinheiro.com.br\/site\/cortes-na-educacao-ufrj-deixou-de-pagar-agua-e-luz-e-contas-de-setembro-estao-atrasadas\/","og_site_name":"PORTAL DE NOT\u00cdCIAS CLEITON PINHEIRO","article_publisher":"https:\/\/www.facebook.com\/portalcpnoticias\/","article_published_time":"2022-10-07T19:00:29+00:00","article_modified_time":"2022-10-10T13:36:05+00:00","og_image":[{"width":750,"height":450,"url":"https:\/\/cleitonpinheiro.com.br\/site\/wp-content\/uploads\/2022\/10\/Design-sem-nome-2022-10-07T155740-compressed.jpg","type":"image\/jpeg"}],"author":"Dermival Pereira","twitter_card":"summary_large_image","twitter_misc":{"Escrito por":"Dermival Pereira","Est. tempo de leitura":"6 minutos"},"schema":{"@context":"https:\/\/schema.org","@graph":[{"@type":"Article","@id":"https:\/\/cleitonpinheiro.com.br\/site\/cortes-na-educacao-ufrj-deixou-de-pagar-agua-e-luz-e-contas-de-setembro-estao-atrasadas\/#article","isPartOf":{"@id":"https:\/\/cleitonpinheiro.com.br\/site\/cortes-na-educacao-ufrj-deixou-de-pagar-agua-e-luz-e-contas-de-setembro-estao-atrasadas\/"},"author":{"name":"Dermival Pereira","@id":"https:\/\/cleitonpinheiro.com.br\/site\/#\/schema\/person\/aac6d7f311e80c43042e98a900b03cd8"},"headline":"Cortes na Educa\u00e7\u00e3o: UFRJ deixou de pagar \u00e1gua e luz e contas de setembro est\u00e3o atrasadas","datePublished":"2022-10-07T19:00:29+00:00","dateModified":"2022-10-10T13:36:05+00:00","mainEntityOfPage":{"@id":"https:\/\/cleitonpinheiro.com.br\/site\/cortes-na-educacao-ufrj-deixou-de-pagar-agua-e-luz-e-contas-de-setembro-estao-atrasadas\/"},"wordCount":1118,"commentCount":0,"publisher":{"@id":"https:\/\/cleitonpinheiro.com.br\/site\/#organization"},"image":{"@id":"https:\/\/cleitonpinheiro.com.br\/site\/cortes-na-educacao-ufrj-deixou-de-pagar-agua-e-luz-e-contas-de-setembro-estao-atrasadas\/#primaryimage"},"thumbnailUrl":"https:\/\/cleitonpinheiro.com.br\/site\/wp-content\/uploads\/2022\/10\/Design-sem-nome-2022-10-07T155740-compressed.jpg","articleSection":["CIDADES","TODAS NOTICIAS"],"inLanguage":"pt-BR","potentialAction":[{"@type":"CommentAction","name":"Comment","target":["https:\/\/cleitonpinheiro.com.br\/site\/cortes-na-educacao-ufrj-deixou-de-pagar-agua-e-luz-e-contas-de-setembro-estao-atrasadas\/#respond"]}]},{"@type":"WebPage","@id":"https:\/\/cleitonpinheiro.com.br\/site\/cortes-na-educacao-ufrj-deixou-de-pagar-agua-e-luz-e-contas-de-setembro-estao-atrasadas\/","url":"https:\/\/cleitonpinheiro.com.br\/site\/cortes-na-educacao-ufrj-deixou-de-pagar-agua-e-luz-e-contas-de-setembro-estao-atrasadas\/","name":"Cortes na Educa\u00e7\u00e3o: UFRJ deixou de pagar \u00e1gua e luz e contas de setembro est\u00e3o atrasadas - PORTAL DE NOT\u00cdCIAS CLEITON PINHEIRO","isPartOf":{"@id":"https:\/\/cleitonpinheiro.com.br\/site\/#website"},"primaryImageOfPage":{"@id":"https:\/\/cleitonpinheiro.com.br\/site\/cortes-na-educacao-ufrj-deixou-de-pagar-agua-e-luz-e-contas-de-setembro-estao-atrasadas\/#primaryimage"},"image":{"@id":"https:\/\/cleitonpinheiro.com.br\/site\/cortes-na-educacao-ufrj-deixou-de-pagar-agua-e-luz-e-contas-de-setembro-estao-atrasadas\/#primaryimage"},"thumbnailUrl":"https:\/\/cleitonpinheiro.com.br\/site\/wp-content\/uploads\/2022\/10\/Design-sem-nome-2022-10-07T155740-compressed.jpg","datePublished":"2022-10-07T19:00:29+00:00","dateModified":"2022-10-10T13:36:05+00:00","breadcrumb":{"@id":"https:\/\/cleitonpinheiro.com.br\/site\/cortes-na-educacao-ufrj-deixou-de-pagar-agua-e-luz-e-contas-de-setembro-estao-atrasadas\/#breadcrumb"},"inLanguage":"pt-BR","potentialAction":[{"@type":"ReadAction","target":["https:\/\/cleitonpinheiro.com.br\/site\/cortes-na-educacao-ufrj-deixou-de-pagar-agua-e-luz-e-contas-de-setembro-estao-atrasadas\/"]}]},{"@type":"ImageObject","inLanguage":"pt-BR","@id":"https:\/\/cleitonpinheiro.com.br\/site\/cortes-na-educacao-ufrj-deixou-de-pagar-agua-e-luz-e-contas-de-setembro-estao-atrasadas\/#primaryimage","url":"","contentUrl":""},{"@type":"BreadcrumbList","@id":"https:\/\/cleitonpinheiro.com.br\/site\/cortes-na-educacao-ufrj-deixou-de-pagar-agua-e-luz-e-contas-de-setembro-estao-atrasadas\/#breadcrumb","itemListElement":[{"@type":"ListItem","position":1,"name":"In\u00edcio","item":"https:\/\/cleitonpinheiro.com.br\/site\/"},{"@type":"ListItem","position":2,"name":"Cortes na Educa\u00e7\u00e3o: UFRJ deixou de pagar \u00e1gua e luz e contas de setembro est\u00e3o atrasadas"}]},{"@type":"WebSite","@id":"https:\/\/cleitonpinheiro.com.br\/site\/#website","url":"https:\/\/cleitonpinheiro.com.br\/site\/","name":"PORTAL DE NOT\u00cdCIAS CLEITON PINHEIRO","description":"FALANDO A VERDADE","publisher":{"@id":"https:\/\/cleitonpinheiro.com.br\/site\/#organization"},"potentialAction":[{"@type":"SearchAction","target":{"@type":"EntryPoint","urlTemplate":"https:\/\/cleitonpinheiro.com.br\/site\/?s={search_term_string}"},"query-input":{"@type":"PropertyValueSpecification","valueRequired":true,"valueName":"search_term_string"}}],"inLanguage":"pt-BR"},{"@type":"Organization","@id":"https:\/\/cleitonpinheiro.com.br\/site\/#organization","name":"CPNOT\u00cdCIAS","url":"https:\/\/cleitonpinheiro.com.br\/site\/","logo":{"@type":"ImageObject","inLanguage":"pt-BR","@id":"https:\/\/cleitonpinheiro.com.br\/site\/#\/schema\/logo\/image\/","url":"https:\/\/cleitonpinheiro.com.br\/site\/wp-content\/uploads\/2022\/08\/Logo-pequena-2.png","contentUrl":"https:\/\/cleitonpinheiro.com.br\/site\/wp-content\/uploads\/2022\/08\/Logo-pequena-2.png","width":500,"height":500,"caption":"CPNOT\u00cdCIAS"},"image":{"@id":"https:\/\/cleitonpinheiro.com.br\/site\/#\/schema\/logo\/image\/"},"sameAs":["https:\/\/www.facebook.com\/portalcpnoticias\/"]},{"@type":"Person","@id":"https:\/\/cleitonpinheiro.com.br\/site\/#\/schema\/person\/aac6d7f311e80c43042e98a900b03cd8","name":"Dermival Pereira","image":{"@type":"ImageObject","inLanguage":"pt-BR","@id":"https:\/\/cleitonpinheiro.com.br\/site\/#\/schema\/person\/image\/","url":"https:\/\/secure.gravatar.com\/avatar\/cfaebf3742d6bf8db728bcba3eed6bee37b02337a2e6c822994f20ca72a3784d?s=96&r=g","contentUrl":"https:\/\/secure.gravatar.com\/avatar\/cfaebf3742d6bf8db728bcba3eed6bee37b02337a2e6c822994f20ca72a3784d?s=96&r=g","caption":"Dermival Pereira"},"url":"https:\/\/cleitonpinheiro.com.br\/site\/author\/dermival\/"}]}},"views":273,"_links":{"self":[{"href":"https:\/\/cleitonpinheiro.com.br\/site\/wp-json\/wp\/v2\/posts\/63636","targetHints":{"allow":["GET"]}}],"collection":[{"href":"https:\/\/cleitonpinheiro.com.br\/site\/wp-json\/wp\/v2\/posts"}],"about":[{"href":"https:\/\/cleitonpinheiro.com.br\/site\/wp-json\/wp\/v2\/types\/post"}],"author":[{"embeddable":true,"href":"https:\/\/cleitonpinheiro.com.br\/site\/wp-json\/wp\/v2\/users\/4"}],"replies":[{"embeddable":true,"href":"https:\/\/cleitonpinheiro.com.br\/site\/wp-json\/wp\/v2\/comments?post=63636"}],"version-history":[{"count":1,"href":"https:\/\/cleitonpinheiro.com.br\/site\/wp-json\/wp\/v2\/posts\/63636\/revisions"}],"predecessor-version":[{"id":63638,"href":"https:\/\/cleitonpinheiro.com.br\/site\/wp-json\/wp\/v2\/posts\/63636\/revisions\/63638"}],"wp:attachment":[{"href":"https:\/\/cleitonpinheiro.com.br\/site\/wp-json\/wp\/v2\/media?parent=63636"}],"wp:term":[{"taxonomy":"category","embeddable":true,"href":"https:\/\/cleitonpinheiro.com.br\/site\/wp-json\/wp\/v2\/categories?post=63636"},{"taxonomy":"post_tag","embeddable":true,"href":"https:\/\/cleitonpinheiro.com.br\/site\/wp-json\/wp\/v2\/tags?post=63636"}],"curies":[{"name":"wp","href":"https:\/\/api.w.org\/{rel}","templated":true}]}}