{"id":63639,"date":"2022-10-07T16:09:59","date_gmt":"2022-10-07T19:09:59","guid":{"rendered":"https:\/\/cleitonpinheiro.com.br\/site\/?p=63639"},"modified":"2022-10-10T10:35:57","modified_gmt":"2022-10-10T13:35:57","slug":"apos-pressao-ministro-anuncia-liberacao-de-recursos-para-universidades-e-institutos","status":"publish","type":"post","link":"https:\/\/cleitonpinheiro.com.br\/site\/apos-pressao-ministro-anuncia-liberacao-de-recursos-para-universidades-e-institutos\/","title":{"rendered":"Ap\u00f3s press\u00e3o, ministro anuncia libera\u00e7\u00e3o de recursos para universidades e institutos"},"content":{"rendered":"\n<figure class=\"wp-block-image size-full\"><img decoding=\"async\" src=\"https:\/\/cleitonpinheiro.com.br\/site\/wp-content\/uploads\/2022\/10\/Design-sem-nome-2022-10-07T160908-compressed.jpg\" alt=\"\" class=\"wp-image-63642\"\/><\/figure>\n\n\n\n<p><strong>O ministro da Educa\u00e7\u00e3o, Victor Godoy (foto), anunciou hoje, em v\u00eddeo publicado nas redes sociais, que o governo federal vai liberar recursos para universidades, institutos federais e para a Capes.<\/strong>&nbsp;O comunicado foi feito ap\u00f3s o Planalto&nbsp;<strong>ter bloqueado cerca de R$ 2,4 bilh\u00f5es do MEC.<\/strong><\/p>\n\n\n\n<p>Ap\u00f3s a decis\u00e3o, representantes de universidades federais alegaram que a medida inviabilizaria o funcionamento das institui\u00e7\u00f5es. De acordo com Godoy, o Minist\u00e9rio da Economia vai autorizar a libera\u00e7\u00e3o de verba.<\/p>\n\n\n\n<p><em>\u201c<strong>O limite de empenho ser\u00e1 liberado para universidades federais, institutos federais e para a Capes. Temos uma gama muito grande de institui\u00e7\u00f5es, conversei com o ministro Guedes e ele foi sens\u00edvel e n\u00f3s vamos facilitar a vida de todo mundo<\/strong>. Eu j\u00e1 tinha dito que n\u00e3o haveria impacto para as universidades e para os institutos, porque tratar\u00edamos caso a caso, e agora estamos fazendo uma libera\u00e7\u00e3o para todo mundo para facilitar e agilizar a vida de todo mundo\u201d<\/em>, afirmou o titular do MEC.<\/p>\n\n\n\n<p>Na grava\u00e7\u00e3o, o ministro tamb\u00e9m afirmou que est\u00e1 \u00e0 disposi\u00e7\u00e3o das universidades para conversar sobre o tema. Ontem, ele&nbsp;<strong>disse que a quest\u00e3o est\u00e1 sendo usada politicamente por reitores, em raz\u00e3o das elei\u00e7\u00f5es.<\/strong><\/p>\n\n\n\n<p><em>\u201cEsse movimento est\u00e1 sendo feito pelo Minist\u00e9rio da Economia,\u00a0<strong>mantendo a responsabilidade fiscal, que \u00e9 um pilar do nosso governo, mas tamb\u00e9m mostrando essa sensibilidade de facilitar a vida do gestor, do reitor.<\/strong>\u00a0Meu gabinete continua aberto para qualquer reitor das universidades federais e dos institutos para conversar sempre e buscar as melhores solu\u00e7\u00f5es para cada universidade para fortalecer o ensino superior desse pa\u00eds. Sabemos a import\u00e2ncia que isso tem para nossos estudantes e estamos juntos para poder trabalhar pela melhoria desse servi\u00e7o para a popula\u00e7\u00e3o\u201d,\u00a0<\/em>concluiu Godoy.<\/p>\n\n\n\n<figure class=\"wp-block-embed is-type-rich is-provider-twitter wp-block-embed-twitter\"><div class=\"wp-block-embed__wrapper\">\n<blockquote class=\"twitter-tweet\" data-width=\"550\" data-dnt=\"true\"><p lang=\"pt\" dir=\"ltr\">O Minist\u00e9rio da Educa\u00e7\u00e3o n\u00e3o para e, em conjunto com o Minist\u00e9rio da Economia, vai liberar o limite de empenho para universidades, institutos e para a Capes. Confira! <a href=\"https:\/\/t.co\/QSCKoAxiOR\">pic.twitter.com\/QSCKoAxiOR<\/a><\/p>&mdash; Victor Godoy (@victorv_godoy) <a href=\"https:\/\/twitter.com\/victorv_godoy\/status\/1578442590709370880?ref_src=twsrc%5Etfw\">October 7, 2022<\/a><\/blockquote><script async src=\"https:\/\/platform.twitter.com\/widgets.js\" charset=\"utf-8\"><\/script>\n<\/div><\/figure>\n\n\n\n<figure class=\"wp-block-image size-full\"><img decoding=\"async\" src=\"https:\/\/cleitonpinheiro.com.br\/site\/wp-content\/uploads\/2022\/10\/image.gif\" alt=\"\" class=\"wp-image-63641\"\/><\/figure>\n","protected":false},"excerpt":{"rendered":"<p>O ministro da Educa\u00e7\u00e3o, Victor Godoy (foto), anunciou hoje, em v\u00eddeo publicado nas redes sociais, que o governo federal vai liberar recursos para universidades, institutos federais e para a Capes.&nbsp;O comunicado foi feito ap\u00f3s o Planalto&nbsp;ter bloqueado cerca de R$ 2,4 bilh\u00f5es do MEC. Ap\u00f3s a decis\u00e3o, representantes de universidades federais alegaram que a medida [&hellip;]<\/p>\n","protected":false},"author":4,"featured_media":0,"comment_status":"open","ping_status":"open","sticky":false,"template":"","format":"standard","meta":{"_acf_changed":false,"footnotes":""},"categories":[19,21],"tags":[],"class_list":["post-63639","post","type-post","status-publish","format-standard","hentry","category-brasil-mundo","category-todas-noticias"],"acf":[],"yoast_head":"<!-- This site is optimized with the Yoast SEO plugin v24.4 - https:\/\/yoast.com\/wordpress\/plugins\/seo\/ -->\n<title>Ap\u00f3s press\u00e3o, ministro anuncia libera\u00e7\u00e3o de recursos para universidades e institutos - PORTAL DE NOT\u00cdCIAS CLEITON PINHEIRO<\/title>\n<meta name=\"robots\" content=\"index, follow, max-snippet:-1, max-image-preview:large, max-video-preview:-1\" \/>\n<link rel=\"canonical\" href=\"https:\/\/cleitonpinheiro.com.br\/site\/apos-pressao-ministro-anuncia-liberacao-de-recursos-para-universidades-e-institutos\/\" \/>\n<meta property=\"og:locale\" content=\"pt_BR\" \/>\n<meta property=\"og:type\" content=\"article\" \/>\n<meta property=\"og:title\" content=\"Ap\u00f3s press\u00e3o, ministro anuncia libera\u00e7\u00e3o de recursos para universidades e institutos - PORTAL DE NOT\u00cdCIAS CLEITON PINHEIRO\" \/>\n<meta property=\"og:description\" content=\"O ministro da Educa\u00e7\u00e3o, Victor Godoy (foto), anunciou hoje, em v\u00eddeo publicado nas redes sociais, que o governo federal vai liberar recursos para universidades, institutos federais e para a Capes.&nbsp;O comunicado foi feito ap\u00f3s o Planalto&nbsp;ter bloqueado cerca de R$ 2,4 bilh\u00f5es do MEC. Ap\u00f3s a decis\u00e3o, representantes de universidades federais alegaram que a medida [&hellip;]\" \/>\n<meta property=\"og:url\" content=\"https:\/\/cleitonpinheiro.com.br\/site\/apos-pressao-ministro-anuncia-liberacao-de-recursos-para-universidades-e-institutos\/\" \/>\n<meta property=\"og:site_name\" content=\"PORTAL DE NOT\u00cdCIAS CLEITON PINHEIRO\" \/>\n<meta property=\"article:publisher\" content=\"https:\/\/www.facebook.com\/portalcpnoticias\/\" \/>\n<meta property=\"article:published_time\" content=\"2022-10-07T19:09:59+00:00\" \/>\n<meta property=\"article:modified_time\" content=\"2022-10-10T13:35:57+00:00\" \/>\n<meta property=\"og:image\" content=\"https:\/\/cleitonpinheiro.com.br\/site\/wp-content\/uploads\/2022\/10\/Design-sem-nome-2022-10-07T160908-compressed.jpg\" \/>\n\t<meta property=\"og:image:width\" content=\"750\" \/>\n\t<meta property=\"og:image:height\" content=\"450\" \/>\n\t<meta property=\"og:image:type\" content=\"image\/jpeg\" \/>\n<meta name=\"author\" content=\"Dermival Pereira\" \/>\n<meta name=\"twitter:card\" content=\"summary_large_image\" \/>\n<meta name=\"twitter:label1\" content=\"Escrito por\" \/>\n\t<meta name=\"twitter:data1\" content=\"Dermival Pereira\" \/>\n\t<meta name=\"twitter:label2\" content=\"Est. tempo de leitura\" \/>\n\t<meta name=\"twitter:data2\" content=\"2 minutos\" \/>\n<script type=\"application\/ld+json\" class=\"yoast-schema-graph\">{\"@context\":\"https:\/\/schema.org\",\"@graph\":[{\"@type\":\"Article\",\"@id\":\"https:\/\/cleitonpinheiro.com.br\/site\/apos-pressao-ministro-anuncia-liberacao-de-recursos-para-universidades-e-institutos\/#article\",\"isPartOf\":{\"@id\":\"https:\/\/cleitonpinheiro.com.br\/site\/apos-pressao-ministro-anuncia-liberacao-de-recursos-para-universidades-e-institutos\/\"},\"author\":{\"name\":\"Dermival Pereira\",\"@id\":\"https:\/\/cleitonpinheiro.com.br\/site\/#\/schema\/person\/aac6d7f311e80c43042e98a900b03cd8\"},\"headline\":\"Ap\u00f3s press\u00e3o, ministro anuncia libera\u00e7\u00e3o de recursos para universidades e institutos\",\"datePublished\":\"2022-10-07T19:09:59+00:00\",\"dateModified\":\"2022-10-10T13:35:57+00:00\",\"mainEntityOfPage\":{\"@id\":\"https:\/\/cleitonpinheiro.com.br\/site\/apos-pressao-ministro-anuncia-liberacao-de-recursos-para-universidades-e-institutos\/\"},\"wordCount\":336,\"commentCount\":0,\"publisher\":{\"@id\":\"https:\/\/cleitonpinheiro.com.br\/site\/#organization\"},\"image\":{\"@id\":\"https:\/\/cleitonpinheiro.com.br\/site\/apos-pressao-ministro-anuncia-liberacao-de-recursos-para-universidades-e-institutos\/#primaryimage\"},\"thumbnailUrl\":\"https:\/\/cleitonpinheiro.com.br\/site\/wp-content\/uploads\/2022\/10\/Design-sem-nome-2022-10-07T160908-compressed.jpg\",\"articleSection\":[\"BRASIL \/ MUNDO\",\"TODAS NOTICIAS\"],\"inLanguage\":\"pt-BR\",\"potentialAction\":[{\"@type\":\"CommentAction\",\"name\":\"Comment\",\"target\":[\"https:\/\/cleitonpinheiro.com.br\/site\/apos-pressao-ministro-anuncia-liberacao-de-recursos-para-universidades-e-institutos\/#respond\"]}]},{\"@type\":\"WebPage\",\"@id\":\"https:\/\/cleitonpinheiro.com.br\/site\/apos-pressao-ministro-anuncia-liberacao-de-recursos-para-universidades-e-institutos\/\",\"url\":\"https:\/\/cleitonpinheiro.com.br\/site\/apos-pressao-ministro-anuncia-liberacao-de-recursos-para-universidades-e-institutos\/\",\"name\":\"Ap\u00f3s press\u00e3o, ministro anuncia libera\u00e7\u00e3o de recursos para universidades e institutos - PORTAL DE NOT\u00cdCIAS CLEITON PINHEIRO\",\"isPartOf\":{\"@id\":\"https:\/\/cleitonpinheiro.com.br\/site\/#website\"},\"primaryImageOfPage\":{\"@id\":\"https:\/\/cleitonpinheiro.com.br\/site\/apos-pressao-ministro-anuncia-liberacao-de-recursos-para-universidades-e-institutos\/#primaryimage\"},\"image\":{\"@id\":\"https:\/\/cleitonpinheiro.com.br\/site\/apos-pressao-ministro-anuncia-liberacao-de-recursos-para-universidades-e-institutos\/#primaryimage\"},\"thumbnailUrl\":\"https:\/\/cleitonpinheiro.com.br\/site\/wp-content\/uploads\/2022\/10\/Design-sem-nome-2022-10-07T160908-compressed.jpg\",\"datePublished\":\"2022-10-07T19:09:59+00:00\",\"dateModified\":\"2022-10-10T13:35:57+00:00\",\"breadcrumb\":{\"@id\":\"https:\/\/cleitonpinheiro.com.br\/site\/apos-pressao-ministro-anuncia-liberacao-de-recursos-para-universidades-e-institutos\/#breadcrumb\"},\"inLanguage\":\"pt-BR\",\"potentialAction\":[{\"@type\":\"ReadAction\",\"target\":[\"https:\/\/cleitonpinheiro.com.br\/site\/apos-pressao-ministro-anuncia-liberacao-de-recursos-para-universidades-e-institutos\/\"]}]},{\"@type\":\"ImageObject\",\"inLanguage\":\"pt-BR\",\"@id\":\"https:\/\/cleitonpinheiro.com.br\/site\/apos-pressao-ministro-anuncia-liberacao-de-recursos-para-universidades-e-institutos\/#primaryimage\",\"url\":\"\",\"contentUrl\":\"\"},{\"@type\":\"BreadcrumbList\",\"@id\":\"https:\/\/cleitonpinheiro.com.br\/site\/apos-pressao-ministro-anuncia-liberacao-de-recursos-para-universidades-e-institutos\/#breadcrumb\",\"itemListElement\":[{\"@type\":\"ListItem\",\"position\":1,\"name\":\"In\u00edcio\",\"item\":\"https:\/\/cleitonpinheiro.com.br\/site\/\"},{\"@type\":\"ListItem\",\"position\":2,\"name\":\"Ap\u00f3s press\u00e3o, ministro anuncia libera\u00e7\u00e3o de recursos para universidades e institutos\"}]},{\"@type\":\"WebSite\",\"@id\":\"https:\/\/cleitonpinheiro.com.br\/site\/#website\",\"url\":\"https:\/\/cleitonpinheiro.com.br\/site\/\",\"name\":\"PORTAL DE NOT\u00cdCIAS CLEITON PINHEIRO\",\"description\":\"FALANDO A VERDADE\",\"publisher\":{\"@id\":\"https:\/\/cleitonpinheiro.com.br\/site\/#organization\"},\"potentialAction\":[{\"@type\":\"SearchAction\",\"target\":{\"@type\":\"EntryPoint\",\"urlTemplate\":\"https:\/\/cleitonpinheiro.com.br\/site\/?s={search_term_string}\"},\"query-input\":{\"@type\":\"PropertyValueSpecification\",\"valueRequired\":true,\"valueName\":\"search_term_string\"}}],\"inLanguage\":\"pt-BR\"},{\"@type\":\"Organization\",\"@id\":\"https:\/\/cleitonpinheiro.com.br\/site\/#organization\",\"name\":\"CPNOT\u00cdCIAS\",\"url\":\"https:\/\/cleitonpinheiro.com.br\/site\/\",\"logo\":{\"@type\":\"ImageObject\",\"inLanguage\":\"pt-BR\",\"@id\":\"https:\/\/cleitonpinheiro.com.br\/site\/#\/schema\/logo\/image\/\",\"url\":\"https:\/\/cleitonpinheiro.com.br\/site\/wp-content\/uploads\/2022\/08\/Logo-pequena-2.png\",\"contentUrl\":\"https:\/\/cleitonpinheiro.com.br\/site\/wp-content\/uploads\/2022\/08\/Logo-pequena-2.png\",\"width\":500,\"height\":500,\"caption\":\"CPNOT\u00cdCIAS\"},\"image\":{\"@id\":\"https:\/\/cleitonpinheiro.com.br\/site\/#\/schema\/logo\/image\/\"},\"sameAs\":[\"https:\/\/www.facebook.com\/portalcpnoticias\/\"]},{\"@type\":\"Person\",\"@id\":\"https:\/\/cleitonpinheiro.com.br\/site\/#\/schema\/person\/aac6d7f311e80c43042e98a900b03cd8\",\"name\":\"Dermival Pereira\",\"image\":{\"@type\":\"ImageObject\",\"inLanguage\":\"pt-BR\",\"@id\":\"https:\/\/cleitonpinheiro.com.br\/site\/#\/schema\/person\/image\/\",\"url\":\"https:\/\/secure.gravatar.com\/avatar\/cfaebf3742d6bf8db728bcba3eed6bee37b02337a2e6c822994f20ca72a3784d?s=96&r=g\",\"contentUrl\":\"https:\/\/secure.gravatar.com\/avatar\/cfaebf3742d6bf8db728bcba3eed6bee37b02337a2e6c822994f20ca72a3784d?s=96&r=g\",\"caption\":\"Dermival Pereira\"},\"url\":\"https:\/\/cleitonpinheiro.com.br\/site\/author\/dermival\/\"}]}<\/script>\n<!-- \/ Yoast SEO plugin. -->","yoast_head_json":{"title":"Ap\u00f3s press\u00e3o, ministro anuncia libera\u00e7\u00e3o de recursos para universidades e institutos - PORTAL DE NOT\u00cdCIAS CLEITON PINHEIRO","robots":{"index":"index","follow":"follow","max-snippet":"max-snippet:-1","max-image-preview":"max-image-preview:large","max-video-preview":"max-video-preview:-1"},"canonical":"https:\/\/cleitonpinheiro.com.br\/site\/apos-pressao-ministro-anuncia-liberacao-de-recursos-para-universidades-e-institutos\/","og_locale":"pt_BR","og_type":"article","og_title":"Ap\u00f3s press\u00e3o, ministro anuncia libera\u00e7\u00e3o de recursos para universidades e institutos - PORTAL DE NOT\u00cdCIAS CLEITON PINHEIRO","og_description":"O ministro da Educa\u00e7\u00e3o, Victor Godoy (foto), anunciou hoje, em v\u00eddeo publicado nas redes sociais, que o governo federal vai liberar recursos para universidades, institutos federais e para a Capes.&nbsp;O comunicado foi feito ap\u00f3s o Planalto&nbsp;ter bloqueado cerca de R$ 2,4 bilh\u00f5es do MEC. Ap\u00f3s a decis\u00e3o, representantes de universidades federais alegaram que a medida [&hellip;]","og_url":"https:\/\/cleitonpinheiro.com.br\/site\/apos-pressao-ministro-anuncia-liberacao-de-recursos-para-universidades-e-institutos\/","og_site_name":"PORTAL DE NOT\u00cdCIAS CLEITON PINHEIRO","article_publisher":"https:\/\/www.facebook.com\/portalcpnoticias\/","article_published_time":"2022-10-07T19:09:59+00:00","article_modified_time":"2022-10-10T13:35:57+00:00","og_image":[{"width":750,"height":450,"url":"https:\/\/cleitonpinheiro.com.br\/site\/wp-content\/uploads\/2022\/10\/Design-sem-nome-2022-10-07T160908-compressed.jpg","type":"image\/jpeg"}],"author":"Dermival Pereira","twitter_card":"summary_large_image","twitter_misc":{"Escrito por":"Dermival Pereira","Est. tempo de leitura":"2 minutos"},"schema":{"@context":"https:\/\/schema.org","@graph":[{"@type":"Article","@id":"https:\/\/cleitonpinheiro.com.br\/site\/apos-pressao-ministro-anuncia-liberacao-de-recursos-para-universidades-e-institutos\/#article","isPartOf":{"@id":"https:\/\/cleitonpinheiro.com.br\/site\/apos-pressao-ministro-anuncia-liberacao-de-recursos-para-universidades-e-institutos\/"},"author":{"name":"Dermival Pereira","@id":"https:\/\/cleitonpinheiro.com.br\/site\/#\/schema\/person\/aac6d7f311e80c43042e98a900b03cd8"},"headline":"Ap\u00f3s press\u00e3o, ministro anuncia libera\u00e7\u00e3o de recursos para universidades e institutos","datePublished":"2022-10-07T19:09:59+00:00","dateModified":"2022-10-10T13:35:57+00:00","mainEntityOfPage":{"@id":"https:\/\/cleitonpinheiro.com.br\/site\/apos-pressao-ministro-anuncia-liberacao-de-recursos-para-universidades-e-institutos\/"},"wordCount":336,"commentCount":0,"publisher":{"@id":"https:\/\/cleitonpinheiro.com.br\/site\/#organization"},"image":{"@id":"https:\/\/cleitonpinheiro.com.br\/site\/apos-pressao-ministro-anuncia-liberacao-de-recursos-para-universidades-e-institutos\/#primaryimage"},"thumbnailUrl":"https:\/\/cleitonpinheiro.com.br\/site\/wp-content\/uploads\/2022\/10\/Design-sem-nome-2022-10-07T160908-compressed.jpg","articleSection":["BRASIL \/ MUNDO","TODAS NOTICIAS"],"inLanguage":"pt-BR","potentialAction":[{"@type":"CommentAction","name":"Comment","target":["https:\/\/cleitonpinheiro.com.br\/site\/apos-pressao-ministro-anuncia-liberacao-de-recursos-para-universidades-e-institutos\/#respond"]}]},{"@type":"WebPage","@id":"https:\/\/cleitonpinheiro.com.br\/site\/apos-pressao-ministro-anuncia-liberacao-de-recursos-para-universidades-e-institutos\/","url":"https:\/\/cleitonpinheiro.com.br\/site\/apos-pressao-ministro-anuncia-liberacao-de-recursos-para-universidades-e-institutos\/","name":"Ap\u00f3s press\u00e3o, ministro anuncia libera\u00e7\u00e3o de recursos para universidades e institutos - PORTAL DE NOT\u00cdCIAS CLEITON PINHEIRO","isPartOf":{"@id":"https:\/\/cleitonpinheiro.com.br\/site\/#website"},"primaryImageOfPage":{"@id":"https:\/\/cleitonpinheiro.com.br\/site\/apos-pressao-ministro-anuncia-liberacao-de-recursos-para-universidades-e-institutos\/#primaryimage"},"image":{"@id":"https:\/\/cleitonpinheiro.com.br\/site\/apos-pressao-ministro-anuncia-liberacao-de-recursos-para-universidades-e-institutos\/#primaryimage"},"thumbnailUrl":"https:\/\/cleitonpinheiro.com.br\/site\/wp-content\/uploads\/2022\/10\/Design-sem-nome-2022-10-07T160908-compressed.jpg","datePublished":"2022-10-07T19:09:59+00:00","dateModified":"2022-10-10T13:35:57+00:00","breadcrumb":{"@id":"https:\/\/cleitonpinheiro.com.br\/site\/apos-pressao-ministro-anuncia-liberacao-de-recursos-para-universidades-e-institutos\/#breadcrumb"},"inLanguage":"pt-BR","potentialAction":[{"@type":"ReadAction","target":["https:\/\/cleitonpinheiro.com.br\/site\/apos-pressao-ministro-anuncia-liberacao-de-recursos-para-universidades-e-institutos\/"]}]},{"@type":"ImageObject","inLanguage":"pt-BR","@id":"https:\/\/cleitonpinheiro.com.br\/site\/apos-pressao-ministro-anuncia-liberacao-de-recursos-para-universidades-e-institutos\/#primaryimage","url":"","contentUrl":""},{"@type":"BreadcrumbList","@id":"https:\/\/cleitonpinheiro.com.br\/site\/apos-pressao-ministro-anuncia-liberacao-de-recursos-para-universidades-e-institutos\/#breadcrumb","itemListElement":[{"@type":"ListItem","position":1,"name":"In\u00edcio","item":"https:\/\/cleitonpinheiro.com.br\/site\/"},{"@type":"ListItem","position":2,"name":"Ap\u00f3s press\u00e3o, ministro anuncia libera\u00e7\u00e3o de recursos para universidades e institutos"}]},{"@type":"WebSite","@id":"https:\/\/cleitonpinheiro.com.br\/site\/#website","url":"https:\/\/cleitonpinheiro.com.br\/site\/","name":"PORTAL DE NOT\u00cdCIAS CLEITON PINHEIRO","description":"FALANDO A VERDADE","publisher":{"@id":"https:\/\/cleitonpinheiro.com.br\/site\/#organization"},"potentialAction":[{"@type":"SearchAction","target":{"@type":"EntryPoint","urlTemplate":"https:\/\/cleitonpinheiro.com.br\/site\/?s={search_term_string}"},"query-input":{"@type":"PropertyValueSpecification","valueRequired":true,"valueName":"search_term_string"}}],"inLanguage":"pt-BR"},{"@type":"Organization","@id":"https:\/\/cleitonpinheiro.com.br\/site\/#organization","name":"CPNOT\u00cdCIAS","url":"https:\/\/cleitonpinheiro.com.br\/site\/","logo":{"@type":"ImageObject","inLanguage":"pt-BR","@id":"https:\/\/cleitonpinheiro.com.br\/site\/#\/schema\/logo\/image\/","url":"https:\/\/cleitonpinheiro.com.br\/site\/wp-content\/uploads\/2022\/08\/Logo-pequena-2.png","contentUrl":"https:\/\/cleitonpinheiro.com.br\/site\/wp-content\/uploads\/2022\/08\/Logo-pequena-2.png","width":500,"height":500,"caption":"CPNOT\u00cdCIAS"},"image":{"@id":"https:\/\/cleitonpinheiro.com.br\/site\/#\/schema\/logo\/image\/"},"sameAs":["https:\/\/www.facebook.com\/portalcpnoticias\/"]},{"@type":"Person","@id":"https:\/\/cleitonpinheiro.com.br\/site\/#\/schema\/person\/aac6d7f311e80c43042e98a900b03cd8","name":"Dermival Pereira","image":{"@type":"ImageObject","inLanguage":"pt-BR","@id":"https:\/\/cleitonpinheiro.com.br\/site\/#\/schema\/person\/image\/","url":"https:\/\/secure.gravatar.com\/avatar\/cfaebf3742d6bf8db728bcba3eed6bee37b02337a2e6c822994f20ca72a3784d?s=96&r=g","contentUrl":"https:\/\/secure.gravatar.com\/avatar\/cfaebf3742d6bf8db728bcba3eed6bee37b02337a2e6c822994f20ca72a3784d?s=96&r=g","caption":"Dermival Pereira"},"url":"https:\/\/cleitonpinheiro.com.br\/site\/author\/dermival\/"}]}},"views":321,"_links":{"self":[{"href":"https:\/\/cleitonpinheiro.com.br\/site\/wp-json\/wp\/v2\/posts\/63639","targetHints":{"allow":["GET"]}}],"collection":[{"href":"https:\/\/cleitonpinheiro.com.br\/site\/wp-json\/wp\/v2\/posts"}],"about":[{"href":"https:\/\/cleitonpinheiro.com.br\/site\/wp-json\/wp\/v2\/types\/post"}],"author":[{"embeddable":true,"href":"https:\/\/cleitonpinheiro.com.br\/site\/wp-json\/wp\/v2\/users\/4"}],"replies":[{"embeddable":true,"href":"https:\/\/cleitonpinheiro.com.br\/site\/wp-json\/wp\/v2\/comments?post=63639"}],"version-history":[{"count":1,"href":"https:\/\/cleitonpinheiro.com.br\/site\/wp-json\/wp\/v2\/posts\/63639\/revisions"}],"predecessor-version":[{"id":63643,"href":"https:\/\/cleitonpinheiro.com.br\/site\/wp-json\/wp\/v2\/posts\/63639\/revisions\/63643"}],"wp:attachment":[{"href":"https:\/\/cleitonpinheiro.com.br\/site\/wp-json\/wp\/v2\/media?parent=63639"}],"wp:term":[{"taxonomy":"category","embeddable":true,"href":"https:\/\/cleitonpinheiro.com.br\/site\/wp-json\/wp\/v2\/categories?post=63639"},{"taxonomy":"post_tag","embeddable":true,"href":"https:\/\/cleitonpinheiro.com.br\/site\/wp-json\/wp\/v2\/tags?post=63639"}],"curies":[{"name":"wp","href":"https:\/\/api.w.org\/{rel}","templated":true}]}}