{"id":64794,"date":"2022-11-17T08:14:47","date_gmt":"2022-11-17T11:14:47","guid":{"rendered":"https:\/\/cleitonpinheiro.com.br\/site\/?p=64794"},"modified":"2022-11-18T14:31:56","modified_gmt":"2022-11-18T17:31:56","slug":"apos-decisao-favoravel-do-stf-ajusp-to-cobra-do-governo-estadual-urgencia-na-implementacao-dos-25-nas-tabelas-financeiras","status":"publish","type":"post","link":"https:\/\/cleitonpinheiro.com.br\/site\/apos-decisao-favoravel-do-stf-ajusp-to-cobra-do-governo-estadual-urgencia-na-implementacao-dos-25-nas-tabelas-financeiras\/","title":{"rendered":"Ap\u00f3s decis\u00e3o do STF, AJUSP-TO cobra do governo urg\u00eancia na implementa\u00e7\u00e3o dos 25% nas tabelas financeiras"},"content":{"rendered":"\n<figure class=\"wp-block-image size-full\"><img decoding=\"async\" src=\"https:\/\/cleitonpinheiro.com.br\/site\/wp-content\/uploads\/2022\/11\/Design-sem-nome-2022-11-17T081151-compressed.jpg\" alt=\"\" class=\"wp-image-64795\"\/><\/figure>\n\n\n\n<p>Na \u00faltima quarta-feira, 16 de Novembro, a Associa\u00e7\u00e3o de Assist\u00eancia Jur\u00eddica dos Servidores P\u00fablicos no Estado do Tocantins (AJUSP-TO) protocolou of\u00edcio no Pal\u00e1cio Araguaia, cobrando a imediata implementa\u00e7\u00e3o do reajuste de 25%, nas tabelas financeiras dos Planos de Carreira dos servidores p\u00fablicos do Poder Executivo Estadual e abertura de canal de negocia\u00e7\u00e3o para tratar dos passivos gerados no per\u00edodo de mais de 14 anos sem o reajuste. O of\u00edcio foi endere\u00e7ado ao Governador Wanderlei Barbosa, com c\u00f3pia ao secret\u00e1rio de Estado da Administra\u00e7\u00e3o, Paulo C\u00e9sar Benfica Filho.<\/p>\n\n\n\n<figure class=\"wp-block-image alignleft size-full is-resized\"><img fetchpriority=\"high\" decoding=\"async\" src=\"https:\/\/cleitonpinheiro.com.br\/site\/wp-content\/uploads\/2022\/11\/Design-sem-nome-2022-11-17T081321-compressed.jpg\" alt=\"\" class=\"wp-image-64796\" width=\"684\" height=\"410\"\/><\/figure>\n\n\n\n<p>A solicita\u00e7\u00e3o da AJUSP-TO se d\u00e1 em cumprimento \u00e0 recente decis\u00e3o do Supremo Tribunal Federal (STF) que negou por 9 votos a 2, os Embargos de Declara\u00e7\u00e3o do Governo do Tocantins, e reconheceu o direito dos servidores ao reajuste concedido e revogado ainda em 2007. Segundo a AJUSP-TO, a a\u00e7\u00e3o judicial dos 25% \u00e9 coletiva e o m\u00e9rito julgado pelo STF determina que o reajuste seja aplicado nas tabelas financeiras dos servidores p\u00fablicos do quadro Geral, ADAPEC, Ruraltins, Naturatins e tamb\u00e9m da Sa\u00fade.<\/p>\n\n\n\n<p>\u201cA AJUSP-TO, atuando em prol dos anseios de seus associados, protocolou esse of\u00edcio cobrando urg\u00eancia na implementa\u00e7\u00e3o e corre\u00e7\u00e3o das tabelas financeiras. Essa \u00e9 a nossa prioridade no momento: corrigir as tabelas, aplicar o reajuste de 25% para, ent\u00e3o, abrir um canal de negocia\u00e7\u00e3o e tratar dos passivos gerados pela n\u00e3o implementa\u00e7\u00e3o do direito. E o Governador, dependendo da vontade pol\u00edtica de resolver o problema e acabar com a longa espera dos servidores neste caso, poderia fazer essa implementa\u00e7\u00e3o at\u00e9 por meio de um Medida Provis\u00f3ria, por exemplo. Est\u00e1 nas m\u00e3os dele, pois o parecer da Suprema Corte j\u00e1 foi favor\u00e1vel ao direito do servidor\u201d, pontuou o presidente da AJUSP-TO, Cleiton Pinheiro.<\/p>\n\n\n\n<p>A AJUSP-TO aguarda uma resposta do Governo do Estado e enfatiza que continuar\u00e1 acompanhando o caso, garantindo o devido cumprimento da decis\u00e3o do STF sobre os 25%.<\/p>\n\n\n\n<p>ASSOCIA\u00c7\u00c3O<br>A AJUSP-TO foi criada para prestar assist\u00eancia jur\u00eddica aos associados e possui um quadro amplo que pode englobar servidores p\u00fablicos das diversas categorias do Poder Executivo Estadual.<\/p>\n\n\n\n<p>A Associa\u00e7\u00e3o tem legitimidade de representa\u00e7\u00e3o resguardada pela Constitui\u00e7\u00e3o Federal (CF) para atuar n\u00e3o s\u00f3 na \u00e1rea jur\u00eddica, como tamb\u00e9m em tudo o que envolver o servidor p\u00fablico, seja nas demandas por progress\u00f5es, data-base, retroativos e a judicializa\u00e7\u00e3o, quando for o caso. Seu papel \u00e9 diferente de um sindicato, por exemplo, haja vista que um de seus focos \u00e9 a negocia\u00e7\u00e3o visando avan\u00e7os mais r\u00e1pidos para garantir os direitos de seu quadro de associados.<\/p>\n\n\n\n<p>Para se associar e ter acesso a todos os benef\u00edcios exclusivos, o servidor p\u00fablico pode acessar www.ajuspto.com.br e clicar em ASSOCIE-SE. <em>(Fonte: Ascom  AJUSP-TO)<\/em>.<\/p>\n","protected":false},"excerpt":{"rendered":"<p>Na \u00faltima quarta-feira, 16 de Novembro, a Associa\u00e7\u00e3o de Assist\u00eancia Jur\u00eddica dos Servidores P\u00fablicos no Estado do Tocantins (AJUSP-TO) protocolou of\u00edcio no Pal\u00e1cio Araguaia, cobrando a imediata implementa\u00e7\u00e3o do reajuste de 25%, nas tabelas financeiras dos Planos de Carreira dos servidores p\u00fablicos do Poder Executivo Estadual e abertura de canal de negocia\u00e7\u00e3o para tratar dos [&hellip;]<\/p>\n","protected":false},"author":4,"featured_media":0,"comment_status":"open","ping_status":"open","sticky":false,"template":"","format":"standard","meta":{"_acf_changed":false,"footnotes":""},"categories":[25,21],"tags":[],"class_list":["post-64794","post","type-post","status-publish","format-standard","hentry","category-funcionalismo","category-todas-noticias"],"acf":[],"yoast_head":"<!-- This site is optimized with the Yoast SEO plugin v24.4 - https:\/\/yoast.com\/wordpress\/plugins\/seo\/ -->\n<title>Ap\u00f3s decis\u00e3o do STF, AJUSP-TO cobra do governo urg\u00eancia na implementa\u00e7\u00e3o dos 25% nas tabelas financeiras - PORTAL DE NOT\u00cdCIAS CLEITON PINHEIRO<\/title>\n<meta name=\"robots\" content=\"index, follow, max-snippet:-1, max-image-preview:large, max-video-preview:-1\" \/>\n<link rel=\"canonical\" href=\"https:\/\/cleitonpinheiro.com.br\/site\/apos-decisao-favoravel-do-stf-ajusp-to-cobra-do-governo-estadual-urgencia-na-implementacao-dos-25-nas-tabelas-financeiras\/\" \/>\n<meta property=\"og:locale\" content=\"pt_BR\" \/>\n<meta property=\"og:type\" content=\"article\" \/>\n<meta property=\"og:title\" content=\"Ap\u00f3s decis\u00e3o do STF, AJUSP-TO cobra do governo urg\u00eancia na implementa\u00e7\u00e3o dos 25% nas tabelas financeiras - PORTAL DE NOT\u00cdCIAS CLEITON PINHEIRO\" \/>\n<meta property=\"og:description\" content=\"Na \u00faltima quarta-feira, 16 de Novembro, a Associa\u00e7\u00e3o de Assist\u00eancia Jur\u00eddica dos Servidores P\u00fablicos no Estado do Tocantins (AJUSP-TO) protocolou of\u00edcio no Pal\u00e1cio Araguaia, cobrando a imediata implementa\u00e7\u00e3o do reajuste de 25%, nas tabelas financeiras dos Planos de Carreira dos servidores p\u00fablicos do Poder Executivo Estadual e abertura de canal de negocia\u00e7\u00e3o para tratar dos [&hellip;]\" \/>\n<meta property=\"og:url\" content=\"https:\/\/cleitonpinheiro.com.br\/site\/apos-decisao-favoravel-do-stf-ajusp-to-cobra-do-governo-estadual-urgencia-na-implementacao-dos-25-nas-tabelas-financeiras\/\" \/>\n<meta property=\"og:site_name\" content=\"PORTAL DE NOT\u00cdCIAS CLEITON PINHEIRO\" \/>\n<meta property=\"article:publisher\" content=\"https:\/\/www.facebook.com\/portalcpnoticias\/\" \/>\n<meta property=\"article:published_time\" content=\"2022-11-17T11:14:47+00:00\" \/>\n<meta property=\"article:modified_time\" content=\"2022-11-18T17:31:56+00:00\" \/>\n<meta property=\"og:image\" content=\"https:\/\/cleitonpinheiro.com.br\/site\/wp-content\/uploads\/2022\/11\/Design-sem-nome-2022-11-17T081151-compressed.jpg\" \/>\n\t<meta property=\"og:image:width\" content=\"750\" \/>\n\t<meta property=\"og:image:height\" content=\"450\" \/>\n\t<meta property=\"og:image:type\" content=\"image\/jpeg\" \/>\n<meta name=\"author\" content=\"Dermival Pereira\" \/>\n<meta name=\"twitter:card\" content=\"summary_large_image\" \/>\n<meta name=\"twitter:label1\" content=\"Escrito por\" \/>\n\t<meta name=\"twitter:data1\" content=\"Dermival Pereira\" \/>\n\t<meta name=\"twitter:label2\" content=\"Est. tempo de leitura\" \/>\n\t<meta name=\"twitter:data2\" content=\"3 minutos\" \/>\n<script type=\"application\/ld+json\" class=\"yoast-schema-graph\">{\"@context\":\"https:\/\/schema.org\",\"@graph\":[{\"@type\":\"Article\",\"@id\":\"https:\/\/cleitonpinheiro.com.br\/site\/apos-decisao-favoravel-do-stf-ajusp-to-cobra-do-governo-estadual-urgencia-na-implementacao-dos-25-nas-tabelas-financeiras\/#article\",\"isPartOf\":{\"@id\":\"https:\/\/cleitonpinheiro.com.br\/site\/apos-decisao-favoravel-do-stf-ajusp-to-cobra-do-governo-estadual-urgencia-na-implementacao-dos-25-nas-tabelas-financeiras\/\"},\"author\":{\"name\":\"Dermival Pereira\",\"@id\":\"https:\/\/cleitonpinheiro.com.br\/site\/#\/schema\/person\/aac6d7f311e80c43042e98a900b03cd8\"},\"headline\":\"Ap\u00f3s decis\u00e3o do STF, AJUSP-TO cobra do governo urg\u00eancia na implementa\u00e7\u00e3o dos 25% nas tabelas financeiras\",\"datePublished\":\"2022-11-17T11:14:47+00:00\",\"dateModified\":\"2022-11-18T17:31:56+00:00\",\"mainEntityOfPage\":{\"@id\":\"https:\/\/cleitonpinheiro.com.br\/site\/apos-decisao-favoravel-do-stf-ajusp-to-cobra-do-governo-estadual-urgencia-na-implementacao-dos-25-nas-tabelas-financeiras\/\"},\"wordCount\":498,\"commentCount\":0,\"publisher\":{\"@id\":\"https:\/\/cleitonpinheiro.com.br\/site\/#organization\"},\"image\":{\"@id\":\"https:\/\/cleitonpinheiro.com.br\/site\/apos-decisao-favoravel-do-stf-ajusp-to-cobra-do-governo-estadual-urgencia-na-implementacao-dos-25-nas-tabelas-financeiras\/#primaryimage\"},\"thumbnailUrl\":\"https:\/\/cleitonpinheiro.com.br\/site\/wp-content\/uploads\/2022\/11\/Design-sem-nome-2022-11-17T081151-compressed.jpg\",\"articleSection\":[\"FUNCIONALISMO\",\"TODAS NOTICIAS\"],\"inLanguage\":\"pt-BR\",\"potentialAction\":[{\"@type\":\"CommentAction\",\"name\":\"Comment\",\"target\":[\"https:\/\/cleitonpinheiro.com.br\/site\/apos-decisao-favoravel-do-stf-ajusp-to-cobra-do-governo-estadual-urgencia-na-implementacao-dos-25-nas-tabelas-financeiras\/#respond\"]}]},{\"@type\":\"WebPage\",\"@id\":\"https:\/\/cleitonpinheiro.com.br\/site\/apos-decisao-favoravel-do-stf-ajusp-to-cobra-do-governo-estadual-urgencia-na-implementacao-dos-25-nas-tabelas-financeiras\/\",\"url\":\"https:\/\/cleitonpinheiro.com.br\/site\/apos-decisao-favoravel-do-stf-ajusp-to-cobra-do-governo-estadual-urgencia-na-implementacao-dos-25-nas-tabelas-financeiras\/\",\"name\":\"Ap\u00f3s decis\u00e3o do STF, AJUSP-TO cobra do governo urg\u00eancia na implementa\u00e7\u00e3o dos 25% nas tabelas financeiras - PORTAL DE NOT\u00cdCIAS CLEITON PINHEIRO\",\"isPartOf\":{\"@id\":\"https:\/\/cleitonpinheiro.com.br\/site\/#website\"},\"primaryImageOfPage\":{\"@id\":\"https:\/\/cleitonpinheiro.com.br\/site\/apos-decisao-favoravel-do-stf-ajusp-to-cobra-do-governo-estadual-urgencia-na-implementacao-dos-25-nas-tabelas-financeiras\/#primaryimage\"},\"image\":{\"@id\":\"https:\/\/cleitonpinheiro.com.br\/site\/apos-decisao-favoravel-do-stf-ajusp-to-cobra-do-governo-estadual-urgencia-na-implementacao-dos-25-nas-tabelas-financeiras\/#primaryimage\"},\"thumbnailUrl\":\"https:\/\/cleitonpinheiro.com.br\/site\/wp-content\/uploads\/2022\/11\/Design-sem-nome-2022-11-17T081151-compressed.jpg\",\"datePublished\":\"2022-11-17T11:14:47+00:00\",\"dateModified\":\"2022-11-18T17:31:56+00:00\",\"breadcrumb\":{\"@id\":\"https:\/\/cleitonpinheiro.com.br\/site\/apos-decisao-favoravel-do-stf-ajusp-to-cobra-do-governo-estadual-urgencia-na-implementacao-dos-25-nas-tabelas-financeiras\/#breadcrumb\"},\"inLanguage\":\"pt-BR\",\"potentialAction\":[{\"@type\":\"ReadAction\",\"target\":[\"https:\/\/cleitonpinheiro.com.br\/site\/apos-decisao-favoravel-do-stf-ajusp-to-cobra-do-governo-estadual-urgencia-na-implementacao-dos-25-nas-tabelas-financeiras\/\"]}]},{\"@type\":\"ImageObject\",\"inLanguage\":\"pt-BR\",\"@id\":\"https:\/\/cleitonpinheiro.com.br\/site\/apos-decisao-favoravel-do-stf-ajusp-to-cobra-do-governo-estadual-urgencia-na-implementacao-dos-25-nas-tabelas-financeiras\/#primaryimage\",\"url\":\"\",\"contentUrl\":\"\"},{\"@type\":\"BreadcrumbList\",\"@id\":\"https:\/\/cleitonpinheiro.com.br\/site\/apos-decisao-favoravel-do-stf-ajusp-to-cobra-do-governo-estadual-urgencia-na-implementacao-dos-25-nas-tabelas-financeiras\/#breadcrumb\",\"itemListElement\":[{\"@type\":\"ListItem\",\"position\":1,\"name\":\"In\u00edcio\",\"item\":\"https:\/\/cleitonpinheiro.com.br\/site\/\"},{\"@type\":\"ListItem\",\"position\":2,\"name\":\"Ap\u00f3s decis\u00e3o do STF, AJUSP-TO cobra do governo urg\u00eancia na implementa\u00e7\u00e3o dos 25% nas tabelas financeiras\"}]},{\"@type\":\"WebSite\",\"@id\":\"https:\/\/cleitonpinheiro.com.br\/site\/#website\",\"url\":\"https:\/\/cleitonpinheiro.com.br\/site\/\",\"name\":\"PORTAL DE NOT\u00cdCIAS CLEITON PINHEIRO\",\"description\":\"FALANDO A VERDADE\",\"publisher\":{\"@id\":\"https:\/\/cleitonpinheiro.com.br\/site\/#organization\"},\"potentialAction\":[{\"@type\":\"SearchAction\",\"target\":{\"@type\":\"EntryPoint\",\"urlTemplate\":\"https:\/\/cleitonpinheiro.com.br\/site\/?s={search_term_string}\"},\"query-input\":{\"@type\":\"PropertyValueSpecification\",\"valueRequired\":true,\"valueName\":\"search_term_string\"}}],\"inLanguage\":\"pt-BR\"},{\"@type\":\"Organization\",\"@id\":\"https:\/\/cleitonpinheiro.com.br\/site\/#organization\",\"name\":\"CPNOT\u00cdCIAS\",\"url\":\"https:\/\/cleitonpinheiro.com.br\/site\/\",\"logo\":{\"@type\":\"ImageObject\",\"inLanguage\":\"pt-BR\",\"@id\":\"https:\/\/cleitonpinheiro.com.br\/site\/#\/schema\/logo\/image\/\",\"url\":\"https:\/\/cleitonpinheiro.com.br\/site\/wp-content\/uploads\/2022\/08\/Logo-pequena-2.png\",\"contentUrl\":\"https:\/\/cleitonpinheiro.com.br\/site\/wp-content\/uploads\/2022\/08\/Logo-pequena-2.png\",\"width\":500,\"height\":500,\"caption\":\"CPNOT\u00cdCIAS\"},\"image\":{\"@id\":\"https:\/\/cleitonpinheiro.com.br\/site\/#\/schema\/logo\/image\/\"},\"sameAs\":[\"https:\/\/www.facebook.com\/portalcpnoticias\/\"]},{\"@type\":\"Person\",\"@id\":\"https:\/\/cleitonpinheiro.com.br\/site\/#\/schema\/person\/aac6d7f311e80c43042e98a900b03cd8\",\"name\":\"Dermival Pereira\",\"image\":{\"@type\":\"ImageObject\",\"inLanguage\":\"pt-BR\",\"@id\":\"https:\/\/cleitonpinheiro.com.br\/site\/#\/schema\/person\/image\/\",\"url\":\"https:\/\/secure.gravatar.com\/avatar\/cfaebf3742d6bf8db728bcba3eed6bee37b02337a2e6c822994f20ca72a3784d?s=96&r=g\",\"contentUrl\":\"https:\/\/secure.gravatar.com\/avatar\/cfaebf3742d6bf8db728bcba3eed6bee37b02337a2e6c822994f20ca72a3784d?s=96&r=g\",\"caption\":\"Dermival Pereira\"},\"url\":\"https:\/\/cleitonpinheiro.com.br\/site\/author\/dermival\/\"}]}<\/script>\n<!-- \/ Yoast SEO plugin. -->","yoast_head_json":{"title":"Ap\u00f3s decis\u00e3o do STF, AJUSP-TO cobra do governo urg\u00eancia na implementa\u00e7\u00e3o dos 25% nas tabelas financeiras - PORTAL DE NOT\u00cdCIAS CLEITON PINHEIRO","robots":{"index":"index","follow":"follow","max-snippet":"max-snippet:-1","max-image-preview":"max-image-preview:large","max-video-preview":"max-video-preview:-1"},"canonical":"https:\/\/cleitonpinheiro.com.br\/site\/apos-decisao-favoravel-do-stf-ajusp-to-cobra-do-governo-estadual-urgencia-na-implementacao-dos-25-nas-tabelas-financeiras\/","og_locale":"pt_BR","og_type":"article","og_title":"Ap\u00f3s decis\u00e3o do STF, AJUSP-TO cobra do governo urg\u00eancia na implementa\u00e7\u00e3o dos 25% nas tabelas financeiras - PORTAL DE NOT\u00cdCIAS CLEITON PINHEIRO","og_description":"Na \u00faltima quarta-feira, 16 de Novembro, a Associa\u00e7\u00e3o de Assist\u00eancia Jur\u00eddica dos Servidores P\u00fablicos no Estado do Tocantins (AJUSP-TO) protocolou of\u00edcio no Pal\u00e1cio Araguaia, cobrando a imediata implementa\u00e7\u00e3o do reajuste de 25%, nas tabelas financeiras dos Planos de Carreira dos servidores p\u00fablicos do Poder Executivo Estadual e abertura de canal de negocia\u00e7\u00e3o para tratar dos [&hellip;]","og_url":"https:\/\/cleitonpinheiro.com.br\/site\/apos-decisao-favoravel-do-stf-ajusp-to-cobra-do-governo-estadual-urgencia-na-implementacao-dos-25-nas-tabelas-financeiras\/","og_site_name":"PORTAL DE NOT\u00cdCIAS CLEITON PINHEIRO","article_publisher":"https:\/\/www.facebook.com\/portalcpnoticias\/","article_published_time":"2022-11-17T11:14:47+00:00","article_modified_time":"2022-11-18T17:31:56+00:00","og_image":[{"width":750,"height":450,"url":"https:\/\/cleitonpinheiro.com.br\/site\/wp-content\/uploads\/2022\/11\/Design-sem-nome-2022-11-17T081151-compressed.jpg","type":"image\/jpeg"}],"author":"Dermival Pereira","twitter_card":"summary_large_image","twitter_misc":{"Escrito por":"Dermival Pereira","Est. tempo de leitura":"3 minutos"},"schema":{"@context":"https:\/\/schema.org","@graph":[{"@type":"Article","@id":"https:\/\/cleitonpinheiro.com.br\/site\/apos-decisao-favoravel-do-stf-ajusp-to-cobra-do-governo-estadual-urgencia-na-implementacao-dos-25-nas-tabelas-financeiras\/#article","isPartOf":{"@id":"https:\/\/cleitonpinheiro.com.br\/site\/apos-decisao-favoravel-do-stf-ajusp-to-cobra-do-governo-estadual-urgencia-na-implementacao-dos-25-nas-tabelas-financeiras\/"},"author":{"name":"Dermival Pereira","@id":"https:\/\/cleitonpinheiro.com.br\/site\/#\/schema\/person\/aac6d7f311e80c43042e98a900b03cd8"},"headline":"Ap\u00f3s decis\u00e3o do STF, AJUSP-TO cobra do governo urg\u00eancia na implementa\u00e7\u00e3o dos 25% nas tabelas financeiras","datePublished":"2022-11-17T11:14:47+00:00","dateModified":"2022-11-18T17:31:56+00:00","mainEntityOfPage":{"@id":"https:\/\/cleitonpinheiro.com.br\/site\/apos-decisao-favoravel-do-stf-ajusp-to-cobra-do-governo-estadual-urgencia-na-implementacao-dos-25-nas-tabelas-financeiras\/"},"wordCount":498,"commentCount":0,"publisher":{"@id":"https:\/\/cleitonpinheiro.com.br\/site\/#organization"},"image":{"@id":"https:\/\/cleitonpinheiro.com.br\/site\/apos-decisao-favoravel-do-stf-ajusp-to-cobra-do-governo-estadual-urgencia-na-implementacao-dos-25-nas-tabelas-financeiras\/#primaryimage"},"thumbnailUrl":"https:\/\/cleitonpinheiro.com.br\/site\/wp-content\/uploads\/2022\/11\/Design-sem-nome-2022-11-17T081151-compressed.jpg","articleSection":["FUNCIONALISMO","TODAS NOTICIAS"],"inLanguage":"pt-BR","potentialAction":[{"@type":"CommentAction","name":"Comment","target":["https:\/\/cleitonpinheiro.com.br\/site\/apos-decisao-favoravel-do-stf-ajusp-to-cobra-do-governo-estadual-urgencia-na-implementacao-dos-25-nas-tabelas-financeiras\/#respond"]}]},{"@type":"WebPage","@id":"https:\/\/cleitonpinheiro.com.br\/site\/apos-decisao-favoravel-do-stf-ajusp-to-cobra-do-governo-estadual-urgencia-na-implementacao-dos-25-nas-tabelas-financeiras\/","url":"https:\/\/cleitonpinheiro.com.br\/site\/apos-decisao-favoravel-do-stf-ajusp-to-cobra-do-governo-estadual-urgencia-na-implementacao-dos-25-nas-tabelas-financeiras\/","name":"Ap\u00f3s decis\u00e3o do STF, AJUSP-TO cobra do governo urg\u00eancia na implementa\u00e7\u00e3o dos 25% nas tabelas financeiras - PORTAL DE NOT\u00cdCIAS CLEITON PINHEIRO","isPartOf":{"@id":"https:\/\/cleitonpinheiro.com.br\/site\/#website"},"primaryImageOfPage":{"@id":"https:\/\/cleitonpinheiro.com.br\/site\/apos-decisao-favoravel-do-stf-ajusp-to-cobra-do-governo-estadual-urgencia-na-implementacao-dos-25-nas-tabelas-financeiras\/#primaryimage"},"image":{"@id":"https:\/\/cleitonpinheiro.com.br\/site\/apos-decisao-favoravel-do-stf-ajusp-to-cobra-do-governo-estadual-urgencia-na-implementacao-dos-25-nas-tabelas-financeiras\/#primaryimage"},"thumbnailUrl":"https:\/\/cleitonpinheiro.com.br\/site\/wp-content\/uploads\/2022\/11\/Design-sem-nome-2022-11-17T081151-compressed.jpg","datePublished":"2022-11-17T11:14:47+00:00","dateModified":"2022-11-18T17:31:56+00:00","breadcrumb":{"@id":"https:\/\/cleitonpinheiro.com.br\/site\/apos-decisao-favoravel-do-stf-ajusp-to-cobra-do-governo-estadual-urgencia-na-implementacao-dos-25-nas-tabelas-financeiras\/#breadcrumb"},"inLanguage":"pt-BR","potentialAction":[{"@type":"ReadAction","target":["https:\/\/cleitonpinheiro.com.br\/site\/apos-decisao-favoravel-do-stf-ajusp-to-cobra-do-governo-estadual-urgencia-na-implementacao-dos-25-nas-tabelas-financeiras\/"]}]},{"@type":"ImageObject","inLanguage":"pt-BR","@id":"https:\/\/cleitonpinheiro.com.br\/site\/apos-decisao-favoravel-do-stf-ajusp-to-cobra-do-governo-estadual-urgencia-na-implementacao-dos-25-nas-tabelas-financeiras\/#primaryimage","url":"","contentUrl":""},{"@type":"BreadcrumbList","@id":"https:\/\/cleitonpinheiro.com.br\/site\/apos-decisao-favoravel-do-stf-ajusp-to-cobra-do-governo-estadual-urgencia-na-implementacao-dos-25-nas-tabelas-financeiras\/#breadcrumb","itemListElement":[{"@type":"ListItem","position":1,"name":"In\u00edcio","item":"https:\/\/cleitonpinheiro.com.br\/site\/"},{"@type":"ListItem","position":2,"name":"Ap\u00f3s decis\u00e3o do STF, AJUSP-TO cobra do governo urg\u00eancia na implementa\u00e7\u00e3o dos 25% nas tabelas financeiras"}]},{"@type":"WebSite","@id":"https:\/\/cleitonpinheiro.com.br\/site\/#website","url":"https:\/\/cleitonpinheiro.com.br\/site\/","name":"PORTAL DE NOT\u00cdCIAS CLEITON PINHEIRO","description":"FALANDO A VERDADE","publisher":{"@id":"https:\/\/cleitonpinheiro.com.br\/site\/#organization"},"potentialAction":[{"@type":"SearchAction","target":{"@type":"EntryPoint","urlTemplate":"https:\/\/cleitonpinheiro.com.br\/site\/?s={search_term_string}"},"query-input":{"@type":"PropertyValueSpecification","valueRequired":true,"valueName":"search_term_string"}}],"inLanguage":"pt-BR"},{"@type":"Organization","@id":"https:\/\/cleitonpinheiro.com.br\/site\/#organization","name":"CPNOT\u00cdCIAS","url":"https:\/\/cleitonpinheiro.com.br\/site\/","logo":{"@type":"ImageObject","inLanguage":"pt-BR","@id":"https:\/\/cleitonpinheiro.com.br\/site\/#\/schema\/logo\/image\/","url":"https:\/\/cleitonpinheiro.com.br\/site\/wp-content\/uploads\/2022\/08\/Logo-pequena-2.png","contentUrl":"https:\/\/cleitonpinheiro.com.br\/site\/wp-content\/uploads\/2022\/08\/Logo-pequena-2.png","width":500,"height":500,"caption":"CPNOT\u00cdCIAS"},"image":{"@id":"https:\/\/cleitonpinheiro.com.br\/site\/#\/schema\/logo\/image\/"},"sameAs":["https:\/\/www.facebook.com\/portalcpnoticias\/"]},{"@type":"Person","@id":"https:\/\/cleitonpinheiro.com.br\/site\/#\/schema\/person\/aac6d7f311e80c43042e98a900b03cd8","name":"Dermival Pereira","image":{"@type":"ImageObject","inLanguage":"pt-BR","@id":"https:\/\/cleitonpinheiro.com.br\/site\/#\/schema\/person\/image\/","url":"https:\/\/secure.gravatar.com\/avatar\/cfaebf3742d6bf8db728bcba3eed6bee37b02337a2e6c822994f20ca72a3784d?s=96&r=g","contentUrl":"https:\/\/secure.gravatar.com\/avatar\/cfaebf3742d6bf8db728bcba3eed6bee37b02337a2e6c822994f20ca72a3784d?s=96&r=g","caption":"Dermival Pereira"},"url":"https:\/\/cleitonpinheiro.com.br\/site\/author\/dermival\/"}]}},"views":540,"_links":{"self":[{"href":"https:\/\/cleitonpinheiro.com.br\/site\/wp-json\/wp\/v2\/posts\/64794","targetHints":{"allow":["GET"]}}],"collection":[{"href":"https:\/\/cleitonpinheiro.com.br\/site\/wp-json\/wp\/v2\/posts"}],"about":[{"href":"https:\/\/cleitonpinheiro.com.br\/site\/wp-json\/wp\/v2\/types\/post"}],"author":[{"embeddable":true,"href":"https:\/\/cleitonpinheiro.com.br\/site\/wp-json\/wp\/v2\/users\/4"}],"replies":[{"embeddable":true,"href":"https:\/\/cleitonpinheiro.com.br\/site\/wp-json\/wp\/v2\/comments?post=64794"}],"version-history":[{"count":6,"href":"https:\/\/cleitonpinheiro.com.br\/site\/wp-json\/wp\/v2\/posts\/64794\/revisions"}],"predecessor-version":[{"id":64803,"href":"https:\/\/cleitonpinheiro.com.br\/site\/wp-json\/wp\/v2\/posts\/64794\/revisions\/64803"}],"wp:attachment":[{"href":"https:\/\/cleitonpinheiro.com.br\/site\/wp-json\/wp\/v2\/media?parent=64794"}],"wp:term":[{"taxonomy":"category","embeddable":true,"href":"https:\/\/cleitonpinheiro.com.br\/site\/wp-json\/wp\/v2\/categories?post=64794"},{"taxonomy":"post_tag","embeddable":true,"href":"https:\/\/cleitonpinheiro.com.br\/site\/wp-json\/wp\/v2\/tags?post=64794"}],"curies":[{"name":"wp","href":"https:\/\/api.w.org\/{rel}","templated":true}]}}