{"id":64804,"date":"2022-11-17T08:36:54","date_gmt":"2022-11-17T11:36:54","guid":{"rendered":"https:\/\/cleitonpinheiro.com.br\/site\/?p=64804"},"modified":"2022-11-17T08:38:07","modified_gmt":"2022-11-17T11:38:07","slug":"aspmet-participa-de-sessao-na-camara-de-vereadores-e-tem-reuniao-com-prefeito-de-porto-nacional","status":"publish","type":"post","link":"https:\/\/cleitonpinheiro.com.br\/site\/aspmet-participa-de-sessao-na-camara-de-vereadores-e-tem-reuniao-com-prefeito-de-porto-nacional\/","title":{"rendered":"Aspmet participa de sess\u00e3o na C\u00e2mara de Vereadores e tem reuni\u00e3o com prefeito de Porto Nacional"},"content":{"rendered":"\n<figure class=\"wp-block-image size-full is-resized\"><img fetchpriority=\"high\" decoding=\"async\" src=\"https:\/\/cleitonpinheiro.com.br\/site\/wp-content\/uploads\/2022\/11\/Design-sem-nome-2022-11-17T083438-compressed.jpg\" alt=\"\" class=\"wp-image-64805\" width=\"844\" height=\"506\"\/><\/figure>\n\n\n\n<p>O presidente da associa\u00e7\u00e3o dos servidores p\u00fablicos municipais no estado do Tocantins ( ASPMET) Ronaldo S\u00e9rgio acompanhado do vice-presidente Silvano Pereira e do diretor administrativo da entidade Ronaldo Cerqueira estiveram participando da sess\u00e3o da C\u00e2mara Municipal de Vereadores de Porto Nacional no \u00faltimo dia 9 de novembro onde apresentaram para os vereadores os trabalhos realizados pela entidade no munic\u00edpio. Suas conquistas e tamb\u00e9m as demandas que ainda tem para serem atendidas.<\/p>\n\n\n\n<p>&#8221; Como entidade trabalhamos da forma mais transparente poss\u00edvel. Por isso estivemos na C\u00e2mara Municipal de Vereadores para trazer para o conhecimento dos novos parlamentares a nossa forma de trabalhar o andamento dos nossos trabalhos no munic\u00edpio de Porto Nacional e tamb\u00e9m as lutas que teremos que enfrentar. Frisou presidente da entidade Ronaldo S\u00e9rgio.<\/p>\n\n\n\n<figure class=\"wp-block-image alignleft size-full is-resized\"><img decoding=\"async\" src=\"https:\/\/cleitonpinheiro.com.br\/site\/wp-content\/uploads\/2022\/11\/Design-sem-nome-2022-11-17T083539-compressed.jpg\" alt=\"\" class=\"wp-image-64806\" width=\"565\" height=\"339\"\/><\/figure>\n\n\n\n<p>J\u00e1 no dia 11 sexta-feira o presidente juntamente com o vice-presidente estiveram reunido com prefeito Ronivon Maciel para solicitar do mesmo o cumprimento de algumas reivindica\u00e7\u00f5es dos Servidores. &#8221; Na reuni\u00e3o realizada com prefeito n\u00f3s solicitamos que o mesmo cumprisse com acordo firmado ainda em reuni\u00e3o realizada em fevereiro e apresentasse o laudo de insalubridade que ir\u00e1 garantir o pagamento do percentual justo para todos aqueles servidores que tem esse direito. Solicitamos do prefeito tamb\u00e9m o pagamento imediato das progress\u00f5es que n\u00e3o vem sendo paga pelas gest\u00f5es desde o ano de 2018. Na oportunidade o prefeito nos garantiu que at\u00e9 dia 20 estarei apresentando esse laudo, quanto ao pagamento das progress\u00f5es o prefeito nos garantiu que em janeiro estar\u00e1 apresentando uma proposta de pagamento tudo dentro da possibilidade do munic\u00edpio. mas segundo o prefeito ele buscar\u00e1 cumprir todos os direitos dos Servidores porque sabe da import\u00e2ncia dos mesmos para o munic\u00edpio. <strong>(Texto de autoria da Aspmet).<\/strong><\/p>\n","protected":false},"excerpt":{"rendered":"<p>O presidente da associa\u00e7\u00e3o dos servidores p\u00fablicos municipais no estado do Tocantins ( ASPMET) Ronaldo S\u00e9rgio acompanhado do vice-presidente Silvano Pereira e do diretor administrativo da entidade Ronaldo Cerqueira estiveram participando da sess\u00e3o da C\u00e2mara Municipal de Vereadores de Porto Nacional no \u00faltimo dia 9 de novembro onde apresentaram para os vereadores os trabalhos realizados [&hellip;]<\/p>\n","protected":false},"author":9,"featured_media":0,"comment_status":"open","ping_status":"open","sticky":false,"template":"","format":"standard","meta":{"_acf_changed":false,"footnotes":""},"categories":[22,21],"tags":[],"class_list":["post-64804","post","type-post","status-publish","format-standard","hentry","category-cidades","category-todas-noticias"],"acf":[],"yoast_head":"<!-- This site is optimized with the Yoast SEO plugin v24.4 - https:\/\/yoast.com\/wordpress\/plugins\/seo\/ -->\n<title>Aspmet participa de sess\u00e3o na C\u00e2mara de Vereadores e tem reuni\u00e3o com prefeito de Porto Nacional - PORTAL DE NOT\u00cdCIAS CLEITON PINHEIRO<\/title>\n<meta name=\"robots\" content=\"index, follow, max-snippet:-1, max-image-preview:large, max-video-preview:-1\" \/>\n<link rel=\"canonical\" href=\"https:\/\/cleitonpinheiro.com.br\/site\/aspmet-participa-de-sessao-na-camara-de-vereadores-e-tem-reuniao-com-prefeito-de-porto-nacional\/\" \/>\n<meta property=\"og:locale\" content=\"pt_BR\" \/>\n<meta property=\"og:type\" content=\"article\" \/>\n<meta property=\"og:title\" content=\"Aspmet participa de sess\u00e3o na C\u00e2mara de Vereadores e tem reuni\u00e3o com prefeito de Porto Nacional - PORTAL DE NOT\u00cdCIAS CLEITON PINHEIRO\" \/>\n<meta property=\"og:description\" content=\"O presidente da associa\u00e7\u00e3o dos servidores p\u00fablicos municipais no estado do Tocantins ( ASPMET) Ronaldo S\u00e9rgio acompanhado do vice-presidente Silvano Pereira e do diretor administrativo da entidade Ronaldo Cerqueira estiveram participando da sess\u00e3o da C\u00e2mara Municipal de Vereadores de Porto Nacional no \u00faltimo dia 9 de novembro onde apresentaram para os vereadores os trabalhos realizados [&hellip;]\" \/>\n<meta property=\"og:url\" content=\"https:\/\/cleitonpinheiro.com.br\/site\/aspmet-participa-de-sessao-na-camara-de-vereadores-e-tem-reuniao-com-prefeito-de-porto-nacional\/\" \/>\n<meta property=\"og:site_name\" content=\"PORTAL DE NOT\u00cdCIAS CLEITON PINHEIRO\" \/>\n<meta property=\"article:publisher\" content=\"https:\/\/www.facebook.com\/portalcpnoticias\/\" \/>\n<meta property=\"article:published_time\" content=\"2022-11-17T11:36:54+00:00\" \/>\n<meta property=\"article:modified_time\" content=\"2022-11-17T11:38:07+00:00\" \/>\n<meta property=\"og:image\" content=\"https:\/\/cleitonpinheiro.com.br\/site\/wp-content\/uploads\/2022\/11\/Design-sem-nome-2022-11-17T083438-compressed.jpg\" \/>\n\t<meta property=\"og:image:width\" content=\"750\" \/>\n\t<meta property=\"og:image:height\" content=\"450\" \/>\n\t<meta property=\"og:image:type\" content=\"image\/jpeg\" \/>\n<meta name=\"author\" content=\"RGF Sistemas\" \/>\n<meta name=\"twitter:card\" content=\"summary_large_image\" \/>\n<meta name=\"twitter:label1\" content=\"Escrito por\" \/>\n\t<meta name=\"twitter:data1\" content=\"RGF Sistemas\" \/>\n\t<meta name=\"twitter:label2\" content=\"Est. tempo de leitura\" \/>\n\t<meta name=\"twitter:data2\" content=\"2 minutos\" \/>\n<script type=\"application\/ld+json\" class=\"yoast-schema-graph\">{\"@context\":\"https:\/\/schema.org\",\"@graph\":[{\"@type\":\"Article\",\"@id\":\"https:\/\/cleitonpinheiro.com.br\/site\/aspmet-participa-de-sessao-na-camara-de-vereadores-e-tem-reuniao-com-prefeito-de-porto-nacional\/#article\",\"isPartOf\":{\"@id\":\"https:\/\/cleitonpinheiro.com.br\/site\/aspmet-participa-de-sessao-na-camara-de-vereadores-e-tem-reuniao-com-prefeito-de-porto-nacional\/\"},\"author\":{\"name\":\"RGF Sistemas\",\"@id\":\"https:\/\/cleitonpinheiro.com.br\/site\/#\/schema\/person\/b7621891c193194dd412fdc1ff9b2b41\"},\"headline\":\"Aspmet participa de sess\u00e3o na C\u00e2mara de Vereadores e tem reuni\u00e3o com prefeito de Porto Nacional\",\"datePublished\":\"2022-11-17T11:36:54+00:00\",\"dateModified\":\"2022-11-17T11:38:07+00:00\",\"mainEntityOfPage\":{\"@id\":\"https:\/\/cleitonpinheiro.com.br\/site\/aspmet-participa-de-sessao-na-camara-de-vereadores-e-tem-reuniao-com-prefeito-de-porto-nacional\/\"},\"wordCount\":317,\"commentCount\":0,\"publisher\":{\"@id\":\"https:\/\/cleitonpinheiro.com.br\/site\/#organization\"},\"image\":{\"@id\":\"https:\/\/cleitonpinheiro.com.br\/site\/aspmet-participa-de-sessao-na-camara-de-vereadores-e-tem-reuniao-com-prefeito-de-porto-nacional\/#primaryimage\"},\"thumbnailUrl\":\"https:\/\/cleitonpinheiro.com.br\/site\/wp-content\/uploads\/2022\/11\/Design-sem-nome-2022-11-17T083438-compressed.jpg\",\"articleSection\":[\"CIDADES\",\"TODAS NOTICIAS\"],\"inLanguage\":\"pt-BR\",\"potentialAction\":[{\"@type\":\"CommentAction\",\"name\":\"Comment\",\"target\":[\"https:\/\/cleitonpinheiro.com.br\/site\/aspmet-participa-de-sessao-na-camara-de-vereadores-e-tem-reuniao-com-prefeito-de-porto-nacional\/#respond\"]}]},{\"@type\":\"WebPage\",\"@id\":\"https:\/\/cleitonpinheiro.com.br\/site\/aspmet-participa-de-sessao-na-camara-de-vereadores-e-tem-reuniao-com-prefeito-de-porto-nacional\/\",\"url\":\"https:\/\/cleitonpinheiro.com.br\/site\/aspmet-participa-de-sessao-na-camara-de-vereadores-e-tem-reuniao-com-prefeito-de-porto-nacional\/\",\"name\":\"Aspmet participa de sess\u00e3o na C\u00e2mara de Vereadores e tem reuni\u00e3o com prefeito de Porto Nacional - PORTAL DE NOT\u00cdCIAS CLEITON PINHEIRO\",\"isPartOf\":{\"@id\":\"https:\/\/cleitonpinheiro.com.br\/site\/#website\"},\"primaryImageOfPage\":{\"@id\":\"https:\/\/cleitonpinheiro.com.br\/site\/aspmet-participa-de-sessao-na-camara-de-vereadores-e-tem-reuniao-com-prefeito-de-porto-nacional\/#primaryimage\"},\"image\":{\"@id\":\"https:\/\/cleitonpinheiro.com.br\/site\/aspmet-participa-de-sessao-na-camara-de-vereadores-e-tem-reuniao-com-prefeito-de-porto-nacional\/#primaryimage\"},\"thumbnailUrl\":\"https:\/\/cleitonpinheiro.com.br\/site\/wp-content\/uploads\/2022\/11\/Design-sem-nome-2022-11-17T083438-compressed.jpg\",\"datePublished\":\"2022-11-17T11:36:54+00:00\",\"dateModified\":\"2022-11-17T11:38:07+00:00\",\"breadcrumb\":{\"@id\":\"https:\/\/cleitonpinheiro.com.br\/site\/aspmet-participa-de-sessao-na-camara-de-vereadores-e-tem-reuniao-com-prefeito-de-porto-nacional\/#breadcrumb\"},\"inLanguage\":\"pt-BR\",\"potentialAction\":[{\"@type\":\"ReadAction\",\"target\":[\"https:\/\/cleitonpinheiro.com.br\/site\/aspmet-participa-de-sessao-na-camara-de-vereadores-e-tem-reuniao-com-prefeito-de-porto-nacional\/\"]}]},{\"@type\":\"ImageObject\",\"inLanguage\":\"pt-BR\",\"@id\":\"https:\/\/cleitonpinheiro.com.br\/site\/aspmet-participa-de-sessao-na-camara-de-vereadores-e-tem-reuniao-com-prefeito-de-porto-nacional\/#primaryimage\",\"url\":\"\",\"contentUrl\":\"\"},{\"@type\":\"BreadcrumbList\",\"@id\":\"https:\/\/cleitonpinheiro.com.br\/site\/aspmet-participa-de-sessao-na-camara-de-vereadores-e-tem-reuniao-com-prefeito-de-porto-nacional\/#breadcrumb\",\"itemListElement\":[{\"@type\":\"ListItem\",\"position\":1,\"name\":\"In\u00edcio\",\"item\":\"https:\/\/cleitonpinheiro.com.br\/site\/\"},{\"@type\":\"ListItem\",\"position\":2,\"name\":\"Aspmet participa de sess\u00e3o na C\u00e2mara de Vereadores e tem reuni\u00e3o com prefeito de Porto Nacional\"}]},{\"@type\":\"WebSite\",\"@id\":\"https:\/\/cleitonpinheiro.com.br\/site\/#website\",\"url\":\"https:\/\/cleitonpinheiro.com.br\/site\/\",\"name\":\"PORTAL DE NOT\u00cdCIAS CLEITON PINHEIRO\",\"description\":\"FALANDO A VERDADE\",\"publisher\":{\"@id\":\"https:\/\/cleitonpinheiro.com.br\/site\/#organization\"},\"potentialAction\":[{\"@type\":\"SearchAction\",\"target\":{\"@type\":\"EntryPoint\",\"urlTemplate\":\"https:\/\/cleitonpinheiro.com.br\/site\/?s={search_term_string}\"},\"query-input\":{\"@type\":\"PropertyValueSpecification\",\"valueRequired\":true,\"valueName\":\"search_term_string\"}}],\"inLanguage\":\"pt-BR\"},{\"@type\":\"Organization\",\"@id\":\"https:\/\/cleitonpinheiro.com.br\/site\/#organization\",\"name\":\"CPNOT\u00cdCIAS\",\"url\":\"https:\/\/cleitonpinheiro.com.br\/site\/\",\"logo\":{\"@type\":\"ImageObject\",\"inLanguage\":\"pt-BR\",\"@id\":\"https:\/\/cleitonpinheiro.com.br\/site\/#\/schema\/logo\/image\/\",\"url\":\"https:\/\/cleitonpinheiro.com.br\/site\/wp-content\/uploads\/2022\/08\/Logo-pequena-2.png\",\"contentUrl\":\"https:\/\/cleitonpinheiro.com.br\/site\/wp-content\/uploads\/2022\/08\/Logo-pequena-2.png\",\"width\":500,\"height\":500,\"caption\":\"CPNOT\u00cdCIAS\"},\"image\":{\"@id\":\"https:\/\/cleitonpinheiro.com.br\/site\/#\/schema\/logo\/image\/\"},\"sameAs\":[\"https:\/\/www.facebook.com\/portalcpnoticias\/\"]},{\"@type\":\"Person\",\"@id\":\"https:\/\/cleitonpinheiro.com.br\/site\/#\/schema\/person\/b7621891c193194dd412fdc1ff9b2b41\",\"name\":\"RGF Sistemas\",\"image\":{\"@type\":\"ImageObject\",\"inLanguage\":\"pt-BR\",\"@id\":\"https:\/\/cleitonpinheiro.com.br\/site\/#\/schema\/person\/image\/\",\"url\":\"https:\/\/secure.gravatar.com\/avatar\/59e110c11e5eecf4636340abed101b4cddb70ca9f64acab0fe8863bcc0a66b2d?s=96&r=g\",\"contentUrl\":\"https:\/\/secure.gravatar.com\/avatar\/59e110c11e5eecf4636340abed101b4cddb70ca9f64acab0fe8863bcc0a66b2d?s=96&r=g\",\"caption\":\"RGF Sistemas\"},\"url\":\"https:\/\/cleitonpinheiro.com.br\/site\/author\/rgfsite\/\"}]}<\/script>\n<!-- \/ Yoast SEO plugin. -->","yoast_head_json":{"title":"Aspmet participa de sess\u00e3o na C\u00e2mara de Vereadores e tem reuni\u00e3o com prefeito de Porto Nacional - PORTAL DE NOT\u00cdCIAS CLEITON PINHEIRO","robots":{"index":"index","follow":"follow","max-snippet":"max-snippet:-1","max-image-preview":"max-image-preview:large","max-video-preview":"max-video-preview:-1"},"canonical":"https:\/\/cleitonpinheiro.com.br\/site\/aspmet-participa-de-sessao-na-camara-de-vereadores-e-tem-reuniao-com-prefeito-de-porto-nacional\/","og_locale":"pt_BR","og_type":"article","og_title":"Aspmet participa de sess\u00e3o na C\u00e2mara de Vereadores e tem reuni\u00e3o com prefeito de Porto Nacional - PORTAL DE NOT\u00cdCIAS CLEITON PINHEIRO","og_description":"O presidente da associa\u00e7\u00e3o dos servidores p\u00fablicos municipais no estado do Tocantins ( ASPMET) Ronaldo S\u00e9rgio acompanhado do vice-presidente Silvano Pereira e do diretor administrativo da entidade Ronaldo Cerqueira estiveram participando da sess\u00e3o da C\u00e2mara Municipal de Vereadores de Porto Nacional no \u00faltimo dia 9 de novembro onde apresentaram para os vereadores os trabalhos realizados [&hellip;]","og_url":"https:\/\/cleitonpinheiro.com.br\/site\/aspmet-participa-de-sessao-na-camara-de-vereadores-e-tem-reuniao-com-prefeito-de-porto-nacional\/","og_site_name":"PORTAL DE NOT\u00cdCIAS CLEITON PINHEIRO","article_publisher":"https:\/\/www.facebook.com\/portalcpnoticias\/","article_published_time":"2022-11-17T11:36:54+00:00","article_modified_time":"2022-11-17T11:38:07+00:00","og_image":[{"width":750,"height":450,"url":"https:\/\/cleitonpinheiro.com.br\/site\/wp-content\/uploads\/2022\/11\/Design-sem-nome-2022-11-17T083438-compressed.jpg","type":"image\/jpeg"}],"author":"RGF Sistemas","twitter_card":"summary_large_image","twitter_misc":{"Escrito por":"RGF Sistemas","Est. tempo de leitura":"2 minutos"},"schema":{"@context":"https:\/\/schema.org","@graph":[{"@type":"Article","@id":"https:\/\/cleitonpinheiro.com.br\/site\/aspmet-participa-de-sessao-na-camara-de-vereadores-e-tem-reuniao-com-prefeito-de-porto-nacional\/#article","isPartOf":{"@id":"https:\/\/cleitonpinheiro.com.br\/site\/aspmet-participa-de-sessao-na-camara-de-vereadores-e-tem-reuniao-com-prefeito-de-porto-nacional\/"},"author":{"name":"RGF Sistemas","@id":"https:\/\/cleitonpinheiro.com.br\/site\/#\/schema\/person\/b7621891c193194dd412fdc1ff9b2b41"},"headline":"Aspmet participa de sess\u00e3o na C\u00e2mara de Vereadores e tem reuni\u00e3o com prefeito de Porto Nacional","datePublished":"2022-11-17T11:36:54+00:00","dateModified":"2022-11-17T11:38:07+00:00","mainEntityOfPage":{"@id":"https:\/\/cleitonpinheiro.com.br\/site\/aspmet-participa-de-sessao-na-camara-de-vereadores-e-tem-reuniao-com-prefeito-de-porto-nacional\/"},"wordCount":317,"commentCount":0,"publisher":{"@id":"https:\/\/cleitonpinheiro.com.br\/site\/#organization"},"image":{"@id":"https:\/\/cleitonpinheiro.com.br\/site\/aspmet-participa-de-sessao-na-camara-de-vereadores-e-tem-reuniao-com-prefeito-de-porto-nacional\/#primaryimage"},"thumbnailUrl":"https:\/\/cleitonpinheiro.com.br\/site\/wp-content\/uploads\/2022\/11\/Design-sem-nome-2022-11-17T083438-compressed.jpg","articleSection":["CIDADES","TODAS NOTICIAS"],"inLanguage":"pt-BR","potentialAction":[{"@type":"CommentAction","name":"Comment","target":["https:\/\/cleitonpinheiro.com.br\/site\/aspmet-participa-de-sessao-na-camara-de-vereadores-e-tem-reuniao-com-prefeito-de-porto-nacional\/#respond"]}]},{"@type":"WebPage","@id":"https:\/\/cleitonpinheiro.com.br\/site\/aspmet-participa-de-sessao-na-camara-de-vereadores-e-tem-reuniao-com-prefeito-de-porto-nacional\/","url":"https:\/\/cleitonpinheiro.com.br\/site\/aspmet-participa-de-sessao-na-camara-de-vereadores-e-tem-reuniao-com-prefeito-de-porto-nacional\/","name":"Aspmet participa de sess\u00e3o na C\u00e2mara de Vereadores e tem reuni\u00e3o com prefeito de Porto Nacional - PORTAL DE NOT\u00cdCIAS CLEITON PINHEIRO","isPartOf":{"@id":"https:\/\/cleitonpinheiro.com.br\/site\/#website"},"primaryImageOfPage":{"@id":"https:\/\/cleitonpinheiro.com.br\/site\/aspmet-participa-de-sessao-na-camara-de-vereadores-e-tem-reuniao-com-prefeito-de-porto-nacional\/#primaryimage"},"image":{"@id":"https:\/\/cleitonpinheiro.com.br\/site\/aspmet-participa-de-sessao-na-camara-de-vereadores-e-tem-reuniao-com-prefeito-de-porto-nacional\/#primaryimage"},"thumbnailUrl":"https:\/\/cleitonpinheiro.com.br\/site\/wp-content\/uploads\/2022\/11\/Design-sem-nome-2022-11-17T083438-compressed.jpg","datePublished":"2022-11-17T11:36:54+00:00","dateModified":"2022-11-17T11:38:07+00:00","breadcrumb":{"@id":"https:\/\/cleitonpinheiro.com.br\/site\/aspmet-participa-de-sessao-na-camara-de-vereadores-e-tem-reuniao-com-prefeito-de-porto-nacional\/#breadcrumb"},"inLanguage":"pt-BR","potentialAction":[{"@type":"ReadAction","target":["https:\/\/cleitonpinheiro.com.br\/site\/aspmet-participa-de-sessao-na-camara-de-vereadores-e-tem-reuniao-com-prefeito-de-porto-nacional\/"]}]},{"@type":"ImageObject","inLanguage":"pt-BR","@id":"https:\/\/cleitonpinheiro.com.br\/site\/aspmet-participa-de-sessao-na-camara-de-vereadores-e-tem-reuniao-com-prefeito-de-porto-nacional\/#primaryimage","url":"","contentUrl":""},{"@type":"BreadcrumbList","@id":"https:\/\/cleitonpinheiro.com.br\/site\/aspmet-participa-de-sessao-na-camara-de-vereadores-e-tem-reuniao-com-prefeito-de-porto-nacional\/#breadcrumb","itemListElement":[{"@type":"ListItem","position":1,"name":"In\u00edcio","item":"https:\/\/cleitonpinheiro.com.br\/site\/"},{"@type":"ListItem","position":2,"name":"Aspmet participa de sess\u00e3o na C\u00e2mara de Vereadores e tem reuni\u00e3o com prefeito de Porto Nacional"}]},{"@type":"WebSite","@id":"https:\/\/cleitonpinheiro.com.br\/site\/#website","url":"https:\/\/cleitonpinheiro.com.br\/site\/","name":"PORTAL DE NOT\u00cdCIAS CLEITON PINHEIRO","description":"FALANDO A VERDADE","publisher":{"@id":"https:\/\/cleitonpinheiro.com.br\/site\/#organization"},"potentialAction":[{"@type":"SearchAction","target":{"@type":"EntryPoint","urlTemplate":"https:\/\/cleitonpinheiro.com.br\/site\/?s={search_term_string}"},"query-input":{"@type":"PropertyValueSpecification","valueRequired":true,"valueName":"search_term_string"}}],"inLanguage":"pt-BR"},{"@type":"Organization","@id":"https:\/\/cleitonpinheiro.com.br\/site\/#organization","name":"CPNOT\u00cdCIAS","url":"https:\/\/cleitonpinheiro.com.br\/site\/","logo":{"@type":"ImageObject","inLanguage":"pt-BR","@id":"https:\/\/cleitonpinheiro.com.br\/site\/#\/schema\/logo\/image\/","url":"https:\/\/cleitonpinheiro.com.br\/site\/wp-content\/uploads\/2022\/08\/Logo-pequena-2.png","contentUrl":"https:\/\/cleitonpinheiro.com.br\/site\/wp-content\/uploads\/2022\/08\/Logo-pequena-2.png","width":500,"height":500,"caption":"CPNOT\u00cdCIAS"},"image":{"@id":"https:\/\/cleitonpinheiro.com.br\/site\/#\/schema\/logo\/image\/"},"sameAs":["https:\/\/www.facebook.com\/portalcpnoticias\/"]},{"@type":"Person","@id":"https:\/\/cleitonpinheiro.com.br\/site\/#\/schema\/person\/b7621891c193194dd412fdc1ff9b2b41","name":"RGF Sistemas","image":{"@type":"ImageObject","inLanguage":"pt-BR","@id":"https:\/\/cleitonpinheiro.com.br\/site\/#\/schema\/person\/image\/","url":"https:\/\/secure.gravatar.com\/avatar\/59e110c11e5eecf4636340abed101b4cddb70ca9f64acab0fe8863bcc0a66b2d?s=96&r=g","contentUrl":"https:\/\/secure.gravatar.com\/avatar\/59e110c11e5eecf4636340abed101b4cddb70ca9f64acab0fe8863bcc0a66b2d?s=96&r=g","caption":"RGF Sistemas"},"url":"https:\/\/cleitonpinheiro.com.br\/site\/author\/rgfsite\/"}]}},"views":333,"_links":{"self":[{"href":"https:\/\/cleitonpinheiro.com.br\/site\/wp-json\/wp\/v2\/posts\/64804","targetHints":{"allow":["GET"]}}],"collection":[{"href":"https:\/\/cleitonpinheiro.com.br\/site\/wp-json\/wp\/v2\/posts"}],"about":[{"href":"https:\/\/cleitonpinheiro.com.br\/site\/wp-json\/wp\/v2\/types\/post"}],"author":[{"embeddable":true,"href":"https:\/\/cleitonpinheiro.com.br\/site\/wp-json\/wp\/v2\/users\/9"}],"replies":[{"embeddable":true,"href":"https:\/\/cleitonpinheiro.com.br\/site\/wp-json\/wp\/v2\/comments?post=64804"}],"version-history":[{"count":3,"href":"https:\/\/cleitonpinheiro.com.br\/site\/wp-json\/wp\/v2\/posts\/64804\/revisions"}],"predecessor-version":[{"id":64809,"href":"https:\/\/cleitonpinheiro.com.br\/site\/wp-json\/wp\/v2\/posts\/64804\/revisions\/64809"}],"wp:attachment":[{"href":"https:\/\/cleitonpinheiro.com.br\/site\/wp-json\/wp\/v2\/media?parent=64804"}],"wp:term":[{"taxonomy":"category","embeddable":true,"href":"https:\/\/cleitonpinheiro.com.br\/site\/wp-json\/wp\/v2\/categories?post=64804"},{"taxonomy":"post_tag","embeddable":true,"href":"https:\/\/cleitonpinheiro.com.br\/site\/wp-json\/wp\/v2\/tags?post=64804"}],"curies":[{"name":"wp","href":"https:\/\/api.w.org\/{rel}","templated":true}]}}