{"id":64810,"date":"2022-11-17T08:44:16","date_gmt":"2022-11-17T11:44:16","guid":{"rendered":"https:\/\/cleitonpinheiro.com.br\/site\/?p=64810"},"modified":"2022-11-17T08:44:17","modified_gmt":"2022-11-17T11:44:17","slug":"saude-de-palmas-informa-que-registrou-56-novos-casos-de-covid-19-na-ultima-semana","status":"publish","type":"post","link":"https:\/\/cleitonpinheiro.com.br\/site\/saude-de-palmas-informa-que-registrou-56-novos-casos-de-covid-19-na-ultima-semana\/","title":{"rendered":"Sa\u00fade de Palmas informa que registrou 56 novos casos de Covid-19 na \u00faltima semana"},"content":{"rendered":"\n<figure class=\"wp-block-image size-full\"><img decoding=\"async\" src=\"https:\/\/cleitonpinheiro.com.br\/site\/wp-content\/uploads\/2022\/10\/Design-sem-nome-2022-10-20T162024-compressed.jpg\" alt=\"\" class=\"wp-image-63992\"\/><\/figure>\n\n\n\n<p>Nesta quarta-feira, 16, o Boletim Epidemiol\u00f3gico N\u00b0 746 informa 56 novos diagn\u00f3sticos para a Covid-19 registrados em Palmas na \u00faltima semana epidemiol\u00f3gica (06 a 12\/11). No mesmo per\u00edodo, 355 notifica\u00e7\u00f5es suspeitas para a doen\u00e7a foram descartadas. A Capital segue sem novos \u00f3bitos por complica\u00e7\u00f5es da enfermidade.&nbsp;<\/p>\n\n\n\n<p>Desde o in\u00edcio da pandemia, a Capital soma 82.153 casos confirmados da enfermidade, sendo que 81.362 pacientes est\u00e3o recuperados e 742 pacientes foram a \u00f3bito. Acesse o boletim completo&nbsp;<a href=\"https:\/\/u27764309.ct.sendgrid.net\/ls\/click?upn=7vvcAj0XtsZ3UvyGky7PZXVk0ZPOqTsWjeTB5eGWk8TZ-2Fqk1vRBEDuuo99qZZ9J21EFUCDySAyjlhH7nA5t1uj5oyD8xDh9Bnjh0ljGXBGz09mqYZ-2FROJQTZ2o29hdt7o1Acz8HJw0PNLGXc41EOSkJXWul1k3OMfURZvGDL9vg-3D5Ozt_5vZW9TUpmMR2VHNSGp3SeRgQ0JOh7OgSw25yO-2BVcNdzZo6Gth4-2FtcxbTtjG8weI0hBiiUqUtvuyS8wH5UsMNiJY5PXmNkgmBtD4guDouGS6jkQwPcXabTfj-2Fjmw7bl2DH6DjXz03jrAT-2F76Kul3IlRSub9cLU9VcjYrpExG8V3poz0V8tgC9cl2uS1kl8N5C-2BjxN1-2Bp9bFhlp1adkcLzfLnPRCs0ygjjLUi2F1BjoOc-3D\" target=\"_blank\" rel=\"noreferrer noopener\">aqui<\/a>. O documento informa que n\u00e3o h\u00e1 ocupa\u00e7\u00e3o de leitos cl\u00ednicos, leitos de UTI e nem de leitos de estabiliza\u00e7\u00e3o nas Unidades de Pronto Atendimento (UPAs) da Capital.<\/p>\n\n\n\n<p><strong>Vacina\u00e7\u00e3o<\/strong><\/p>\n\n\n\n<p>Devido \u00e0 instabilidade do sistema e-SUS, os dados de vacina\u00e7\u00e3o contra a Covid-19 continuam sem atualiza\u00e7\u00e3o. O \u00faltimo registro, do dia 20 de setembro, informa que a Secretaria Municipal da Sa\u00fade (Semus) aplicou 564.562 doses dos imunizantes contra a enfermidade.\u00a0<em><strong>(Fonte: Secom de Palmas).<\/strong><\/em><\/p>\n","protected":false},"excerpt":{"rendered":"<p>Nesta quarta-feira, 16, o Boletim Epidemiol\u00f3gico N\u00b0 746 informa 56 novos diagn\u00f3sticos para a Covid-19 registrados em Palmas na \u00faltima semana epidemiol\u00f3gica (06 a 12\/11). No mesmo per\u00edodo, 355 notifica\u00e7\u00f5es suspeitas para a doen\u00e7a foram descartadas. A Capital segue sem novos \u00f3bitos por complica\u00e7\u00f5es da enfermidade.&nbsp; Desde o in\u00edcio da pandemia, a Capital soma 82.153 [&hellip;]<\/p>\n","protected":false},"author":4,"featured_media":0,"comment_status":"open","ping_status":"open","sticky":false,"template":"","format":"standard","meta":{"_acf_changed":false,"footnotes":""},"categories":[22,20,21],"tags":[],"class_list":["post-64810","post","type-post","status-publish","format-standard","hentry","category-cidades","category-noticias-em-destaque","category-todas-noticias"],"acf":[],"yoast_head":"<!-- This site is optimized with the Yoast SEO plugin v24.4 - https:\/\/yoast.com\/wordpress\/plugins\/seo\/ -->\n<title>Sa\u00fade de Palmas informa que registrou 56 novos casos de Covid-19 na \u00faltima semana - PORTAL DE NOT\u00cdCIAS CLEITON PINHEIRO<\/title>\n<meta name=\"robots\" content=\"index, follow, max-snippet:-1, max-image-preview:large, max-video-preview:-1\" \/>\n<link rel=\"canonical\" href=\"https:\/\/cleitonpinheiro.com.br\/site\/saude-de-palmas-informa-que-registrou-56-novos-casos-de-covid-19-na-ultima-semana\/\" \/>\n<meta property=\"og:locale\" content=\"pt_BR\" \/>\n<meta property=\"og:type\" content=\"article\" \/>\n<meta property=\"og:title\" content=\"Sa\u00fade de Palmas informa que registrou 56 novos casos de Covid-19 na \u00faltima semana - PORTAL DE NOT\u00cdCIAS CLEITON PINHEIRO\" \/>\n<meta property=\"og:description\" content=\"Nesta quarta-feira, 16, o Boletim Epidemiol\u00f3gico N\u00b0 746 informa 56 novos diagn\u00f3sticos para a Covid-19 registrados em Palmas na \u00faltima semana epidemiol\u00f3gica (06 a 12\/11). No mesmo per\u00edodo, 355 notifica\u00e7\u00f5es suspeitas para a doen\u00e7a foram descartadas. A Capital segue sem novos \u00f3bitos por complica\u00e7\u00f5es da enfermidade.&nbsp; Desde o in\u00edcio da pandemia, a Capital soma 82.153 [&hellip;]\" \/>\n<meta property=\"og:url\" content=\"https:\/\/cleitonpinheiro.com.br\/site\/saude-de-palmas-informa-que-registrou-56-novos-casos-de-covid-19-na-ultima-semana\/\" \/>\n<meta property=\"og:site_name\" content=\"PORTAL DE NOT\u00cdCIAS CLEITON PINHEIRO\" \/>\n<meta property=\"article:publisher\" content=\"https:\/\/www.facebook.com\/portalcpnoticias\/\" \/>\n<meta property=\"article:published_time\" content=\"2022-11-17T11:44:16+00:00\" \/>\n<meta property=\"article:modified_time\" content=\"2022-11-17T11:44:17+00:00\" \/>\n<meta property=\"og:image\" content=\"https:\/\/cleitonpinheiro.com.br\/site\/wp-content\/uploads\/2022\/10\/Design-sem-nome-2022-10-20T162024-compressed.jpg\" \/>\n\t<meta property=\"og:image:width\" content=\"750\" \/>\n\t<meta property=\"og:image:height\" content=\"450\" \/>\n\t<meta property=\"og:image:type\" content=\"image\/jpeg\" \/>\n<meta name=\"author\" content=\"Dermival Pereira\" \/>\n<meta name=\"twitter:card\" content=\"summary_large_image\" \/>\n<meta name=\"twitter:label1\" content=\"Escrito por\" \/>\n\t<meta name=\"twitter:data1\" content=\"Dermival Pereira\" \/>\n\t<meta name=\"twitter:label2\" content=\"Est. tempo de leitura\" \/>\n\t<meta name=\"twitter:data2\" content=\"2 minutos\" \/>\n<script type=\"application\/ld+json\" class=\"yoast-schema-graph\">{\"@context\":\"https:\/\/schema.org\",\"@graph\":[{\"@type\":\"Article\",\"@id\":\"https:\/\/cleitonpinheiro.com.br\/site\/saude-de-palmas-informa-que-registrou-56-novos-casos-de-covid-19-na-ultima-semana\/#article\",\"isPartOf\":{\"@id\":\"https:\/\/cleitonpinheiro.com.br\/site\/saude-de-palmas-informa-que-registrou-56-novos-casos-de-covid-19-na-ultima-semana\/\"},\"author\":{\"name\":\"Dermival Pereira\",\"@id\":\"https:\/\/cleitonpinheiro.com.br\/site\/#\/schema\/person\/aac6d7f311e80c43042e98a900b03cd8\"},\"headline\":\"Sa\u00fade de Palmas informa que registrou 56 novos casos de Covid-19 na \u00faltima semana\",\"datePublished\":\"2022-11-17T11:44:16+00:00\",\"dateModified\":\"2022-11-17T11:44:17+00:00\",\"mainEntityOfPage\":{\"@id\":\"https:\/\/cleitonpinheiro.com.br\/site\/saude-de-palmas-informa-que-registrou-56-novos-casos-de-covid-19-na-ultima-semana\/\"},\"wordCount\":169,\"commentCount\":0,\"publisher\":{\"@id\":\"https:\/\/cleitonpinheiro.com.br\/site\/#organization\"},\"image\":{\"@id\":\"https:\/\/cleitonpinheiro.com.br\/site\/saude-de-palmas-informa-que-registrou-56-novos-casos-de-covid-19-na-ultima-semana\/#primaryimage\"},\"thumbnailUrl\":\"https:\/\/cleitonpinheiro.com.br\/site\/wp-content\/uploads\/2022\/10\/Design-sem-nome-2022-10-20T162024-compressed.jpg\",\"articleSection\":[\"CIDADES\",\"NOT\u00cdCIAS EM DESTAQUE\",\"TODAS NOTICIAS\"],\"inLanguage\":\"pt-BR\",\"potentialAction\":[{\"@type\":\"CommentAction\",\"name\":\"Comment\",\"target\":[\"https:\/\/cleitonpinheiro.com.br\/site\/saude-de-palmas-informa-que-registrou-56-novos-casos-de-covid-19-na-ultima-semana\/#respond\"]}]},{\"@type\":\"WebPage\",\"@id\":\"https:\/\/cleitonpinheiro.com.br\/site\/saude-de-palmas-informa-que-registrou-56-novos-casos-de-covid-19-na-ultima-semana\/\",\"url\":\"https:\/\/cleitonpinheiro.com.br\/site\/saude-de-palmas-informa-que-registrou-56-novos-casos-de-covid-19-na-ultima-semana\/\",\"name\":\"Sa\u00fade de Palmas informa que registrou 56 novos casos de Covid-19 na \u00faltima semana - PORTAL DE NOT\u00cdCIAS CLEITON PINHEIRO\",\"isPartOf\":{\"@id\":\"https:\/\/cleitonpinheiro.com.br\/site\/#website\"},\"primaryImageOfPage\":{\"@id\":\"https:\/\/cleitonpinheiro.com.br\/site\/saude-de-palmas-informa-que-registrou-56-novos-casos-de-covid-19-na-ultima-semana\/#primaryimage\"},\"image\":{\"@id\":\"https:\/\/cleitonpinheiro.com.br\/site\/saude-de-palmas-informa-que-registrou-56-novos-casos-de-covid-19-na-ultima-semana\/#primaryimage\"},\"thumbnailUrl\":\"https:\/\/cleitonpinheiro.com.br\/site\/wp-content\/uploads\/2022\/10\/Design-sem-nome-2022-10-20T162024-compressed.jpg\",\"datePublished\":\"2022-11-17T11:44:16+00:00\",\"dateModified\":\"2022-11-17T11:44:17+00:00\",\"breadcrumb\":{\"@id\":\"https:\/\/cleitonpinheiro.com.br\/site\/saude-de-palmas-informa-que-registrou-56-novos-casos-de-covid-19-na-ultima-semana\/#breadcrumb\"},\"inLanguage\":\"pt-BR\",\"potentialAction\":[{\"@type\":\"ReadAction\",\"target\":[\"https:\/\/cleitonpinheiro.com.br\/site\/saude-de-palmas-informa-que-registrou-56-novos-casos-de-covid-19-na-ultima-semana\/\"]}]},{\"@type\":\"ImageObject\",\"inLanguage\":\"pt-BR\",\"@id\":\"https:\/\/cleitonpinheiro.com.br\/site\/saude-de-palmas-informa-que-registrou-56-novos-casos-de-covid-19-na-ultima-semana\/#primaryimage\",\"url\":\"\",\"contentUrl\":\"\"},{\"@type\":\"BreadcrumbList\",\"@id\":\"https:\/\/cleitonpinheiro.com.br\/site\/saude-de-palmas-informa-que-registrou-56-novos-casos-de-covid-19-na-ultima-semana\/#breadcrumb\",\"itemListElement\":[{\"@type\":\"ListItem\",\"position\":1,\"name\":\"In\u00edcio\",\"item\":\"https:\/\/cleitonpinheiro.com.br\/site\/\"},{\"@type\":\"ListItem\",\"position\":2,\"name\":\"Sa\u00fade de Palmas informa que registrou 56 novos casos de Covid-19 na \u00faltima semana\"}]},{\"@type\":\"WebSite\",\"@id\":\"https:\/\/cleitonpinheiro.com.br\/site\/#website\",\"url\":\"https:\/\/cleitonpinheiro.com.br\/site\/\",\"name\":\"PORTAL DE NOT\u00cdCIAS CLEITON PINHEIRO\",\"description\":\"FALANDO A VERDADE\",\"publisher\":{\"@id\":\"https:\/\/cleitonpinheiro.com.br\/site\/#organization\"},\"potentialAction\":[{\"@type\":\"SearchAction\",\"target\":{\"@type\":\"EntryPoint\",\"urlTemplate\":\"https:\/\/cleitonpinheiro.com.br\/site\/?s={search_term_string}\"},\"query-input\":{\"@type\":\"PropertyValueSpecification\",\"valueRequired\":true,\"valueName\":\"search_term_string\"}}],\"inLanguage\":\"pt-BR\"},{\"@type\":\"Organization\",\"@id\":\"https:\/\/cleitonpinheiro.com.br\/site\/#organization\",\"name\":\"CPNOT\u00cdCIAS\",\"url\":\"https:\/\/cleitonpinheiro.com.br\/site\/\",\"logo\":{\"@type\":\"ImageObject\",\"inLanguage\":\"pt-BR\",\"@id\":\"https:\/\/cleitonpinheiro.com.br\/site\/#\/schema\/logo\/image\/\",\"url\":\"https:\/\/cleitonpinheiro.com.br\/site\/wp-content\/uploads\/2022\/08\/Logo-pequena-2.png\",\"contentUrl\":\"https:\/\/cleitonpinheiro.com.br\/site\/wp-content\/uploads\/2022\/08\/Logo-pequena-2.png\",\"width\":500,\"height\":500,\"caption\":\"CPNOT\u00cdCIAS\"},\"image\":{\"@id\":\"https:\/\/cleitonpinheiro.com.br\/site\/#\/schema\/logo\/image\/\"},\"sameAs\":[\"https:\/\/www.facebook.com\/portalcpnoticias\/\"]},{\"@type\":\"Person\",\"@id\":\"https:\/\/cleitonpinheiro.com.br\/site\/#\/schema\/person\/aac6d7f311e80c43042e98a900b03cd8\",\"name\":\"Dermival Pereira\",\"image\":{\"@type\":\"ImageObject\",\"inLanguage\":\"pt-BR\",\"@id\":\"https:\/\/cleitonpinheiro.com.br\/site\/#\/schema\/person\/image\/\",\"url\":\"https:\/\/secure.gravatar.com\/avatar\/cfaebf3742d6bf8db728bcba3eed6bee37b02337a2e6c822994f20ca72a3784d?s=96&r=g\",\"contentUrl\":\"https:\/\/secure.gravatar.com\/avatar\/cfaebf3742d6bf8db728bcba3eed6bee37b02337a2e6c822994f20ca72a3784d?s=96&r=g\",\"caption\":\"Dermival Pereira\"},\"url\":\"https:\/\/cleitonpinheiro.com.br\/site\/author\/dermival\/\"}]}<\/script>\n<!-- \/ Yoast SEO plugin. -->","yoast_head_json":{"title":"Sa\u00fade de Palmas informa que registrou 56 novos casos de Covid-19 na \u00faltima semana - PORTAL DE NOT\u00cdCIAS CLEITON PINHEIRO","robots":{"index":"index","follow":"follow","max-snippet":"max-snippet:-1","max-image-preview":"max-image-preview:large","max-video-preview":"max-video-preview:-1"},"canonical":"https:\/\/cleitonpinheiro.com.br\/site\/saude-de-palmas-informa-que-registrou-56-novos-casos-de-covid-19-na-ultima-semana\/","og_locale":"pt_BR","og_type":"article","og_title":"Sa\u00fade de Palmas informa que registrou 56 novos casos de Covid-19 na \u00faltima semana - PORTAL DE NOT\u00cdCIAS CLEITON PINHEIRO","og_description":"Nesta quarta-feira, 16, o Boletim Epidemiol\u00f3gico N\u00b0 746 informa 56 novos diagn\u00f3sticos para a Covid-19 registrados em Palmas na \u00faltima semana epidemiol\u00f3gica (06 a 12\/11). No mesmo per\u00edodo, 355 notifica\u00e7\u00f5es suspeitas para a doen\u00e7a foram descartadas. A Capital segue sem novos \u00f3bitos por complica\u00e7\u00f5es da enfermidade.&nbsp; Desde o in\u00edcio da pandemia, a Capital soma 82.153 [&hellip;]","og_url":"https:\/\/cleitonpinheiro.com.br\/site\/saude-de-palmas-informa-que-registrou-56-novos-casos-de-covid-19-na-ultima-semana\/","og_site_name":"PORTAL DE NOT\u00cdCIAS CLEITON PINHEIRO","article_publisher":"https:\/\/www.facebook.com\/portalcpnoticias\/","article_published_time":"2022-11-17T11:44:16+00:00","article_modified_time":"2022-11-17T11:44:17+00:00","og_image":[{"width":750,"height":450,"url":"https:\/\/cleitonpinheiro.com.br\/site\/wp-content\/uploads\/2022\/10\/Design-sem-nome-2022-10-20T162024-compressed.jpg","type":"image\/jpeg"}],"author":"Dermival Pereira","twitter_card":"summary_large_image","twitter_misc":{"Escrito por":"Dermival Pereira","Est. tempo de leitura":"2 minutos"},"schema":{"@context":"https:\/\/schema.org","@graph":[{"@type":"Article","@id":"https:\/\/cleitonpinheiro.com.br\/site\/saude-de-palmas-informa-que-registrou-56-novos-casos-de-covid-19-na-ultima-semana\/#article","isPartOf":{"@id":"https:\/\/cleitonpinheiro.com.br\/site\/saude-de-palmas-informa-que-registrou-56-novos-casos-de-covid-19-na-ultima-semana\/"},"author":{"name":"Dermival Pereira","@id":"https:\/\/cleitonpinheiro.com.br\/site\/#\/schema\/person\/aac6d7f311e80c43042e98a900b03cd8"},"headline":"Sa\u00fade de Palmas informa que registrou 56 novos casos de Covid-19 na \u00faltima semana","datePublished":"2022-11-17T11:44:16+00:00","dateModified":"2022-11-17T11:44:17+00:00","mainEntityOfPage":{"@id":"https:\/\/cleitonpinheiro.com.br\/site\/saude-de-palmas-informa-que-registrou-56-novos-casos-de-covid-19-na-ultima-semana\/"},"wordCount":169,"commentCount":0,"publisher":{"@id":"https:\/\/cleitonpinheiro.com.br\/site\/#organization"},"image":{"@id":"https:\/\/cleitonpinheiro.com.br\/site\/saude-de-palmas-informa-que-registrou-56-novos-casos-de-covid-19-na-ultima-semana\/#primaryimage"},"thumbnailUrl":"https:\/\/cleitonpinheiro.com.br\/site\/wp-content\/uploads\/2022\/10\/Design-sem-nome-2022-10-20T162024-compressed.jpg","articleSection":["CIDADES","NOT\u00cdCIAS EM DESTAQUE","TODAS NOTICIAS"],"inLanguage":"pt-BR","potentialAction":[{"@type":"CommentAction","name":"Comment","target":["https:\/\/cleitonpinheiro.com.br\/site\/saude-de-palmas-informa-que-registrou-56-novos-casos-de-covid-19-na-ultima-semana\/#respond"]}]},{"@type":"WebPage","@id":"https:\/\/cleitonpinheiro.com.br\/site\/saude-de-palmas-informa-que-registrou-56-novos-casos-de-covid-19-na-ultima-semana\/","url":"https:\/\/cleitonpinheiro.com.br\/site\/saude-de-palmas-informa-que-registrou-56-novos-casos-de-covid-19-na-ultima-semana\/","name":"Sa\u00fade de Palmas informa que registrou 56 novos casos de Covid-19 na \u00faltima semana - PORTAL DE NOT\u00cdCIAS CLEITON PINHEIRO","isPartOf":{"@id":"https:\/\/cleitonpinheiro.com.br\/site\/#website"},"primaryImageOfPage":{"@id":"https:\/\/cleitonpinheiro.com.br\/site\/saude-de-palmas-informa-que-registrou-56-novos-casos-de-covid-19-na-ultima-semana\/#primaryimage"},"image":{"@id":"https:\/\/cleitonpinheiro.com.br\/site\/saude-de-palmas-informa-que-registrou-56-novos-casos-de-covid-19-na-ultima-semana\/#primaryimage"},"thumbnailUrl":"https:\/\/cleitonpinheiro.com.br\/site\/wp-content\/uploads\/2022\/10\/Design-sem-nome-2022-10-20T162024-compressed.jpg","datePublished":"2022-11-17T11:44:16+00:00","dateModified":"2022-11-17T11:44:17+00:00","breadcrumb":{"@id":"https:\/\/cleitonpinheiro.com.br\/site\/saude-de-palmas-informa-que-registrou-56-novos-casos-de-covid-19-na-ultima-semana\/#breadcrumb"},"inLanguage":"pt-BR","potentialAction":[{"@type":"ReadAction","target":["https:\/\/cleitonpinheiro.com.br\/site\/saude-de-palmas-informa-que-registrou-56-novos-casos-de-covid-19-na-ultima-semana\/"]}]},{"@type":"ImageObject","inLanguage":"pt-BR","@id":"https:\/\/cleitonpinheiro.com.br\/site\/saude-de-palmas-informa-que-registrou-56-novos-casos-de-covid-19-na-ultima-semana\/#primaryimage","url":"","contentUrl":""},{"@type":"BreadcrumbList","@id":"https:\/\/cleitonpinheiro.com.br\/site\/saude-de-palmas-informa-que-registrou-56-novos-casos-de-covid-19-na-ultima-semana\/#breadcrumb","itemListElement":[{"@type":"ListItem","position":1,"name":"In\u00edcio","item":"https:\/\/cleitonpinheiro.com.br\/site\/"},{"@type":"ListItem","position":2,"name":"Sa\u00fade de Palmas informa que registrou 56 novos casos de Covid-19 na \u00faltima semana"}]},{"@type":"WebSite","@id":"https:\/\/cleitonpinheiro.com.br\/site\/#website","url":"https:\/\/cleitonpinheiro.com.br\/site\/","name":"PORTAL DE NOT\u00cdCIAS CLEITON PINHEIRO","description":"FALANDO A VERDADE","publisher":{"@id":"https:\/\/cleitonpinheiro.com.br\/site\/#organization"},"potentialAction":[{"@type":"SearchAction","target":{"@type":"EntryPoint","urlTemplate":"https:\/\/cleitonpinheiro.com.br\/site\/?s={search_term_string}"},"query-input":{"@type":"PropertyValueSpecification","valueRequired":true,"valueName":"search_term_string"}}],"inLanguage":"pt-BR"},{"@type":"Organization","@id":"https:\/\/cleitonpinheiro.com.br\/site\/#organization","name":"CPNOT\u00cdCIAS","url":"https:\/\/cleitonpinheiro.com.br\/site\/","logo":{"@type":"ImageObject","inLanguage":"pt-BR","@id":"https:\/\/cleitonpinheiro.com.br\/site\/#\/schema\/logo\/image\/","url":"https:\/\/cleitonpinheiro.com.br\/site\/wp-content\/uploads\/2022\/08\/Logo-pequena-2.png","contentUrl":"https:\/\/cleitonpinheiro.com.br\/site\/wp-content\/uploads\/2022\/08\/Logo-pequena-2.png","width":500,"height":500,"caption":"CPNOT\u00cdCIAS"},"image":{"@id":"https:\/\/cleitonpinheiro.com.br\/site\/#\/schema\/logo\/image\/"},"sameAs":["https:\/\/www.facebook.com\/portalcpnoticias\/"]},{"@type":"Person","@id":"https:\/\/cleitonpinheiro.com.br\/site\/#\/schema\/person\/aac6d7f311e80c43042e98a900b03cd8","name":"Dermival Pereira","image":{"@type":"ImageObject","inLanguage":"pt-BR","@id":"https:\/\/cleitonpinheiro.com.br\/site\/#\/schema\/person\/image\/","url":"https:\/\/secure.gravatar.com\/avatar\/cfaebf3742d6bf8db728bcba3eed6bee37b02337a2e6c822994f20ca72a3784d?s=96&r=g","contentUrl":"https:\/\/secure.gravatar.com\/avatar\/cfaebf3742d6bf8db728bcba3eed6bee37b02337a2e6c822994f20ca72a3784d?s=96&r=g","caption":"Dermival Pereira"},"url":"https:\/\/cleitonpinheiro.com.br\/site\/author\/dermival\/"}]}},"views":272,"_links":{"self":[{"href":"https:\/\/cleitonpinheiro.com.br\/site\/wp-json\/wp\/v2\/posts\/64810","targetHints":{"allow":["GET"]}}],"collection":[{"href":"https:\/\/cleitonpinheiro.com.br\/site\/wp-json\/wp\/v2\/posts"}],"about":[{"href":"https:\/\/cleitonpinheiro.com.br\/site\/wp-json\/wp\/v2\/types\/post"}],"author":[{"embeddable":true,"href":"https:\/\/cleitonpinheiro.com.br\/site\/wp-json\/wp\/v2\/users\/4"}],"replies":[{"embeddable":true,"href":"https:\/\/cleitonpinheiro.com.br\/site\/wp-json\/wp\/v2\/comments?post=64810"}],"version-history":[{"count":1,"href":"https:\/\/cleitonpinheiro.com.br\/site\/wp-json\/wp\/v2\/posts\/64810\/revisions"}],"predecessor-version":[{"id":64811,"href":"https:\/\/cleitonpinheiro.com.br\/site\/wp-json\/wp\/v2\/posts\/64810\/revisions\/64811"}],"wp:attachment":[{"href":"https:\/\/cleitonpinheiro.com.br\/site\/wp-json\/wp\/v2\/media?parent=64810"}],"wp:term":[{"taxonomy":"category","embeddable":true,"href":"https:\/\/cleitonpinheiro.com.br\/site\/wp-json\/wp\/v2\/categories?post=64810"},{"taxonomy":"post_tag","embeddable":true,"href":"https:\/\/cleitonpinheiro.com.br\/site\/wp-json\/wp\/v2\/tags?post=64810"}],"curies":[{"name":"wp","href":"https:\/\/api.w.org\/{rel}","templated":true}]}}