{"id":68795,"date":"2023-03-06T09:11:01","date_gmt":"2023-03-06T12:11:01","guid":{"rendered":"https:\/\/cleitonpinheiro.com.br\/site\/?p=68795"},"modified":"2023-03-07T09:58:37","modified_gmt":"2023-03-07T12:58:37","slug":"lula-se-reune-nesta-segunda-feira-com-ministro-acusado-de-usar-aviao-da-fab-para-ir-a-leilao-de-cavalos","status":"publish","type":"post","link":"https:\/\/cleitonpinheiro.com.br\/site\/lula-se-reune-nesta-segunda-feira-com-ministro-acusado-de-usar-aviao-da-fab-para-ir-a-leilao-de-cavalos\/","title":{"rendered":"Lula se re\u00fane hoje com ministro acusado de usar avi\u00e3o da FAB para ir a leil\u00e3o de cavalos"},"content":{"rendered":"\n<figure class=\"wp-block-image size-full is-resized\"><img fetchpriority=\"high\" decoding=\"async\" src=\"https:\/\/cleitonpinheiro.com.br\/site\/wp-content\/uploads\/2023\/03\/Design-sem-nome-2023-03-06T090935.657.png\" alt=\"\" class=\"wp-image-68796\" width=\"1019\" height=\"611\"\/><figcaption class=\"wp-element-caption\">Ministro das Comunica\u00e7\u00f5es de Lula, Juscelino Filho \u2014 Foto: DIDA SAMPAIO\/ESTAD\u00c3O CONTE\u00daDO<\/figcaption><\/figure>\n\n\n\n<p>O presidente Lula da Silva (PT) se re\u00fane nesta segunda-feira, 6, com o ministro das Comunica\u00e7\u00f5es, Juscelino Filho (Uni\u00e3o). Na pauta, estar\u00e3o as den\u00fancias de que Filho teria viajado com dinheiro p\u00fablico para resolver quest\u00f5es pessoais em S\u00e3o Paulo, em janeiro. Conforme as den\u00fancias ele tamb\u00e9m teria usado um avi\u00e3o da FAB na viagem cumprir compromissos pessoais. <\/p>\n\n\n\n<p>O caso foi inicialmente revelado em reportagens do jornal &#8220;O Estado de S. Paulo&#8221;. De acordo com o Estad\u00e3o, Juscelino foi para S\u00e3o Paulo (no Avi\u00e3o da For\u00e7a A\u00e9rea Brasileira), com tudo pago pelo governo, mas cumpriu agenda que era predominantemente de assuntos pessoais.<\/p>\n\n\n\n<p>Segundo o jornal, em tr\u00eas dos quatro dias de viagem, o ministro se ocupou de atividades ligadas a seus cavalos de ra\u00e7a e participou de leil\u00f5es. Na \u00faltima quinta (2), Lula j\u00e1 havia dito que cobraria &#8220;explica\u00e7\u00f5es&#8221; de Juscelino Filho sobre o caso. Naquele momento, no entanto, o ministro estava em viagem oficial.<\/p>\n\n\n\n<p>&#8220;Eu tentei esta semana conversar com o Juscelino. O ministro Juscelino est\u00e1 viajando, est\u00e1 no exterior, a servi\u00e7o do minist\u00e9rio, discutindo em um encontro de telecomunica\u00e7\u00f5es. Eu j\u00e1 pedi para o ministro Rui Costa [da Casa Civil] convocar ele para segunda-feira a gente ter uma conversa, porque ele tem direito de provar sua inoc\u00eancia. Mas se ele n\u00e3o conseguir provar a sua inoc\u00eancia, ele n\u00e3o pode ficar no governo&#8221;, afirmou o presidente.<\/p>\n\n\n\n<p>Juscelino Filho \u00e9 do Uni\u00e3o Brasil, partido que n\u00e3o comp\u00f4s a chapa eleitoral de Lula e, atualmente, tem tr\u00eas ministros no governo. Apesar de integrar a Esplanada dos Minist\u00e9rios, o Uni\u00e3o se diz &#8220;independente&#8221; nas vota\u00e7\u00f5es do Congresso \u2013 uma posi\u00e7\u00e3o que incomoda a base pol\u00edtica do governo, motivo levaria o ministro a uma queda mais facilmente no Governo.<\/p>\n","protected":false},"excerpt":{"rendered":"<p>O presidente Lula da Silva (PT) se re\u00fane nesta segunda-feira, 6, com o ministro das Comunica\u00e7\u00f5es, Juscelino Filho (Uni\u00e3o). Na pauta, estar\u00e3o as den\u00fancias de que Filho teria viajado com dinheiro p\u00fablico para resolver quest\u00f5es pessoais em S\u00e3o Paulo, em janeiro. Conforme as den\u00fancias ele tamb\u00e9m teria usado um avi\u00e3o da FAB na viagem cumprir [&hellip;]<\/p>\n","protected":false},"author":4,"featured_media":0,"comment_status":"open","ping_status":"open","sticky":false,"template":"","format":"standard","meta":{"_acf_changed":false,"footnotes":""},"categories":[23,21],"tags":[],"class_list":["post-68795","post","type-post","status-publish","format-standard","hentry","category-politica","category-todas-noticias"],"acf":[],"yoast_head":"<!-- This site is optimized with the Yoast SEO plugin v24.4 - https:\/\/yoast.com\/wordpress\/plugins\/seo\/ -->\n<title>Lula se re\u00fane hoje com ministro acusado de usar avi\u00e3o da FAB para ir a leil\u00e3o de cavalos - PORTAL DE NOT\u00cdCIAS CLEITON PINHEIRO<\/title>\n<meta name=\"robots\" content=\"index, follow, max-snippet:-1, max-image-preview:large, max-video-preview:-1\" \/>\n<link rel=\"canonical\" href=\"https:\/\/cleitonpinheiro.com.br\/site\/lula-se-reune-nesta-segunda-feira-com-ministro-acusado-de-usar-aviao-da-fab-para-ir-a-leilao-de-cavalos\/\" \/>\n<meta property=\"og:locale\" content=\"pt_BR\" \/>\n<meta property=\"og:type\" content=\"article\" \/>\n<meta property=\"og:title\" content=\"Lula se re\u00fane hoje com ministro acusado de usar avi\u00e3o da FAB para ir a leil\u00e3o de cavalos - PORTAL DE NOT\u00cdCIAS CLEITON PINHEIRO\" \/>\n<meta property=\"og:description\" content=\"O presidente Lula da Silva (PT) se re\u00fane nesta segunda-feira, 6, com o ministro das Comunica\u00e7\u00f5es, Juscelino Filho (Uni\u00e3o). Na pauta, estar\u00e3o as den\u00fancias de que Filho teria viajado com dinheiro p\u00fablico para resolver quest\u00f5es pessoais em S\u00e3o Paulo, em janeiro. Conforme as den\u00fancias ele tamb\u00e9m teria usado um avi\u00e3o da FAB na viagem cumprir [&hellip;]\" \/>\n<meta property=\"og:url\" content=\"https:\/\/cleitonpinheiro.com.br\/site\/lula-se-reune-nesta-segunda-feira-com-ministro-acusado-de-usar-aviao-da-fab-para-ir-a-leilao-de-cavalos\/\" \/>\n<meta property=\"og:site_name\" content=\"PORTAL DE NOT\u00cdCIAS CLEITON PINHEIRO\" \/>\n<meta property=\"article:publisher\" content=\"https:\/\/www.facebook.com\/portalcpnoticias\/\" \/>\n<meta property=\"article:published_time\" content=\"2023-03-06T12:11:01+00:00\" \/>\n<meta property=\"article:modified_time\" content=\"2023-03-07T12:58:37+00:00\" \/>\n<meta property=\"og:image\" content=\"https:\/\/cleitonpinheiro.com.br\/site\/wp-content\/uploads\/2023\/03\/Design-sem-nome-2023-03-06T090935-compressed.jpg\" \/>\n\t<meta property=\"og:image:width\" content=\"750\" \/>\n\t<meta property=\"og:image:height\" content=\"450\" \/>\n\t<meta property=\"og:image:type\" content=\"image\/jpeg\" \/>\n<meta name=\"author\" content=\"Dermival Pereira\" \/>\n<meta name=\"twitter:card\" content=\"summary_large_image\" \/>\n<meta name=\"twitter:label1\" content=\"Escrito por\" \/>\n\t<meta name=\"twitter:data1\" content=\"Dermival Pereira\" \/>\n\t<meta name=\"twitter:label2\" content=\"Est. tempo de leitura\" \/>\n\t<meta name=\"twitter:data2\" content=\"2 minutos\" \/>\n<script type=\"application\/ld+json\" class=\"yoast-schema-graph\">{\"@context\":\"https:\/\/schema.org\",\"@graph\":[{\"@type\":\"Article\",\"@id\":\"https:\/\/cleitonpinheiro.com.br\/site\/lula-se-reune-nesta-segunda-feira-com-ministro-acusado-de-usar-aviao-da-fab-para-ir-a-leilao-de-cavalos\/#article\",\"isPartOf\":{\"@id\":\"https:\/\/cleitonpinheiro.com.br\/site\/lula-se-reune-nesta-segunda-feira-com-ministro-acusado-de-usar-aviao-da-fab-para-ir-a-leilao-de-cavalos\/\"},\"author\":{\"name\":\"Dermival Pereira\",\"@id\":\"https:\/\/cleitonpinheiro.com.br\/site\/#\/schema\/person\/aac6d7f311e80c43042e98a900b03cd8\"},\"headline\":\"Lula se re\u00fane hoje com ministro acusado de usar avi\u00e3o da FAB para ir a leil\u00e3o de cavalos\",\"datePublished\":\"2023-03-06T12:11:01+00:00\",\"dateModified\":\"2023-03-07T12:58:37+00:00\",\"mainEntityOfPage\":{\"@id\":\"https:\/\/cleitonpinheiro.com.br\/site\/lula-se-reune-nesta-segunda-feira-com-ministro-acusado-de-usar-aviao-da-fab-para-ir-a-leilao-de-cavalos\/\"},\"wordCount\":353,\"commentCount\":0,\"publisher\":{\"@id\":\"https:\/\/cleitonpinheiro.com.br\/site\/#organization\"},\"image\":{\"@id\":\"https:\/\/cleitonpinheiro.com.br\/site\/lula-se-reune-nesta-segunda-feira-com-ministro-acusado-de-usar-aviao-da-fab-para-ir-a-leilao-de-cavalos\/#primaryimage\"},\"thumbnailUrl\":\"https:\/\/cleitonpinheiro.com.br\/site\/wp-content\/uploads\/2023\/03\/Design-sem-nome-2023-03-06T090935.657.png\",\"articleSection\":[\"POL\u00cdTICA\",\"TODAS NOTICIAS\"],\"inLanguage\":\"pt-BR\",\"potentialAction\":[{\"@type\":\"CommentAction\",\"name\":\"Comment\",\"target\":[\"https:\/\/cleitonpinheiro.com.br\/site\/lula-se-reune-nesta-segunda-feira-com-ministro-acusado-de-usar-aviao-da-fab-para-ir-a-leilao-de-cavalos\/#respond\"]}]},{\"@type\":\"WebPage\",\"@id\":\"https:\/\/cleitonpinheiro.com.br\/site\/lula-se-reune-nesta-segunda-feira-com-ministro-acusado-de-usar-aviao-da-fab-para-ir-a-leilao-de-cavalos\/\",\"url\":\"https:\/\/cleitonpinheiro.com.br\/site\/lula-se-reune-nesta-segunda-feira-com-ministro-acusado-de-usar-aviao-da-fab-para-ir-a-leilao-de-cavalos\/\",\"name\":\"Lula se re\u00fane hoje com ministro acusado de usar avi\u00e3o da FAB para ir a leil\u00e3o de cavalos - PORTAL DE NOT\u00cdCIAS CLEITON PINHEIRO\",\"isPartOf\":{\"@id\":\"https:\/\/cleitonpinheiro.com.br\/site\/#website\"},\"primaryImageOfPage\":{\"@id\":\"https:\/\/cleitonpinheiro.com.br\/site\/lula-se-reune-nesta-segunda-feira-com-ministro-acusado-de-usar-aviao-da-fab-para-ir-a-leilao-de-cavalos\/#primaryimage\"},\"image\":{\"@id\":\"https:\/\/cleitonpinheiro.com.br\/site\/lula-se-reune-nesta-segunda-feira-com-ministro-acusado-de-usar-aviao-da-fab-para-ir-a-leilao-de-cavalos\/#primaryimage\"},\"thumbnailUrl\":\"https:\/\/cleitonpinheiro.com.br\/site\/wp-content\/uploads\/2023\/03\/Design-sem-nome-2023-03-06T090935.657.png\",\"datePublished\":\"2023-03-06T12:11:01+00:00\",\"dateModified\":\"2023-03-07T12:58:37+00:00\",\"breadcrumb\":{\"@id\":\"https:\/\/cleitonpinheiro.com.br\/site\/lula-se-reune-nesta-segunda-feira-com-ministro-acusado-de-usar-aviao-da-fab-para-ir-a-leilao-de-cavalos\/#breadcrumb\"},\"inLanguage\":\"pt-BR\",\"potentialAction\":[{\"@type\":\"ReadAction\",\"target\":[\"https:\/\/cleitonpinheiro.com.br\/site\/lula-se-reune-nesta-segunda-feira-com-ministro-acusado-de-usar-aviao-da-fab-para-ir-a-leilao-de-cavalos\/\"]}]},{\"@type\":\"ImageObject\",\"inLanguage\":\"pt-BR\",\"@id\":\"https:\/\/cleitonpinheiro.com.br\/site\/lula-se-reune-nesta-segunda-feira-com-ministro-acusado-de-usar-aviao-da-fab-para-ir-a-leilao-de-cavalos\/#primaryimage\",\"url\":\"\",\"contentUrl\":\"\"},{\"@type\":\"BreadcrumbList\",\"@id\":\"https:\/\/cleitonpinheiro.com.br\/site\/lula-se-reune-nesta-segunda-feira-com-ministro-acusado-de-usar-aviao-da-fab-para-ir-a-leilao-de-cavalos\/#breadcrumb\",\"itemListElement\":[{\"@type\":\"ListItem\",\"position\":1,\"name\":\"In\u00edcio\",\"item\":\"https:\/\/cleitonpinheiro.com.br\/site\/\"},{\"@type\":\"ListItem\",\"position\":2,\"name\":\"Lula se re\u00fane hoje com ministro acusado de usar avi\u00e3o da FAB para ir a leil\u00e3o de cavalos\"}]},{\"@type\":\"WebSite\",\"@id\":\"https:\/\/cleitonpinheiro.com.br\/site\/#website\",\"url\":\"https:\/\/cleitonpinheiro.com.br\/site\/\",\"name\":\"PORTAL DE NOT\u00cdCIAS CLEITON PINHEIRO\",\"description\":\"FALANDO A VERDADE\",\"publisher\":{\"@id\":\"https:\/\/cleitonpinheiro.com.br\/site\/#organization\"},\"potentialAction\":[{\"@type\":\"SearchAction\",\"target\":{\"@type\":\"EntryPoint\",\"urlTemplate\":\"https:\/\/cleitonpinheiro.com.br\/site\/?s={search_term_string}\"},\"query-input\":{\"@type\":\"PropertyValueSpecification\",\"valueRequired\":true,\"valueName\":\"search_term_string\"}}],\"inLanguage\":\"pt-BR\"},{\"@type\":\"Organization\",\"@id\":\"https:\/\/cleitonpinheiro.com.br\/site\/#organization\",\"name\":\"CPNOT\u00cdCIAS\",\"url\":\"https:\/\/cleitonpinheiro.com.br\/site\/\",\"logo\":{\"@type\":\"ImageObject\",\"inLanguage\":\"pt-BR\",\"@id\":\"https:\/\/cleitonpinheiro.com.br\/site\/#\/schema\/logo\/image\/\",\"url\":\"https:\/\/cleitonpinheiro.com.br\/site\/wp-content\/uploads\/2022\/08\/Logo-pequena-2.png\",\"contentUrl\":\"https:\/\/cleitonpinheiro.com.br\/site\/wp-content\/uploads\/2022\/08\/Logo-pequena-2.png\",\"width\":500,\"height\":500,\"caption\":\"CPNOT\u00cdCIAS\"},\"image\":{\"@id\":\"https:\/\/cleitonpinheiro.com.br\/site\/#\/schema\/logo\/image\/\"},\"sameAs\":[\"https:\/\/www.facebook.com\/portalcpnoticias\/\"]},{\"@type\":\"Person\",\"@id\":\"https:\/\/cleitonpinheiro.com.br\/site\/#\/schema\/person\/aac6d7f311e80c43042e98a900b03cd8\",\"name\":\"Dermival Pereira\",\"image\":{\"@type\":\"ImageObject\",\"inLanguage\":\"pt-BR\",\"@id\":\"https:\/\/cleitonpinheiro.com.br\/site\/#\/schema\/person\/image\/\",\"url\":\"https:\/\/secure.gravatar.com\/avatar\/cfaebf3742d6bf8db728bcba3eed6bee37b02337a2e6c822994f20ca72a3784d?s=96&r=g\",\"contentUrl\":\"https:\/\/secure.gravatar.com\/avatar\/cfaebf3742d6bf8db728bcba3eed6bee37b02337a2e6c822994f20ca72a3784d?s=96&r=g\",\"caption\":\"Dermival Pereira\"},\"url\":\"https:\/\/cleitonpinheiro.com.br\/site\/author\/dermival\/\"}]}<\/script>\n<!-- \/ Yoast SEO plugin. -->","yoast_head_json":{"title":"Lula se re\u00fane hoje com ministro acusado de usar avi\u00e3o da FAB para ir a leil\u00e3o de cavalos - PORTAL DE NOT\u00cdCIAS CLEITON PINHEIRO","robots":{"index":"index","follow":"follow","max-snippet":"max-snippet:-1","max-image-preview":"max-image-preview:large","max-video-preview":"max-video-preview:-1"},"canonical":"https:\/\/cleitonpinheiro.com.br\/site\/lula-se-reune-nesta-segunda-feira-com-ministro-acusado-de-usar-aviao-da-fab-para-ir-a-leilao-de-cavalos\/","og_locale":"pt_BR","og_type":"article","og_title":"Lula se re\u00fane hoje com ministro acusado de usar avi\u00e3o da FAB para ir a leil\u00e3o de cavalos - PORTAL DE NOT\u00cdCIAS CLEITON PINHEIRO","og_description":"O presidente Lula da Silva (PT) se re\u00fane nesta segunda-feira, 6, com o ministro das Comunica\u00e7\u00f5es, Juscelino Filho (Uni\u00e3o). Na pauta, estar\u00e3o as den\u00fancias de que Filho teria viajado com dinheiro p\u00fablico para resolver quest\u00f5es pessoais em S\u00e3o Paulo, em janeiro. Conforme as den\u00fancias ele tamb\u00e9m teria usado um avi\u00e3o da FAB na viagem cumprir [&hellip;]","og_url":"https:\/\/cleitonpinheiro.com.br\/site\/lula-se-reune-nesta-segunda-feira-com-ministro-acusado-de-usar-aviao-da-fab-para-ir-a-leilao-de-cavalos\/","og_site_name":"PORTAL DE NOT\u00cdCIAS CLEITON PINHEIRO","article_publisher":"https:\/\/www.facebook.com\/portalcpnoticias\/","article_published_time":"2023-03-06T12:11:01+00:00","article_modified_time":"2023-03-07T12:58:37+00:00","og_image":[{"width":750,"height":450,"url":"https:\/\/cleitonpinheiro.com.br\/site\/wp-content\/uploads\/2023\/03\/Design-sem-nome-2023-03-06T090935-compressed.jpg","type":"image\/jpeg"}],"author":"Dermival Pereira","twitter_card":"summary_large_image","twitter_misc":{"Escrito por":"Dermival Pereira","Est. tempo de leitura":"2 minutos"},"schema":{"@context":"https:\/\/schema.org","@graph":[{"@type":"Article","@id":"https:\/\/cleitonpinheiro.com.br\/site\/lula-se-reune-nesta-segunda-feira-com-ministro-acusado-de-usar-aviao-da-fab-para-ir-a-leilao-de-cavalos\/#article","isPartOf":{"@id":"https:\/\/cleitonpinheiro.com.br\/site\/lula-se-reune-nesta-segunda-feira-com-ministro-acusado-de-usar-aviao-da-fab-para-ir-a-leilao-de-cavalos\/"},"author":{"name":"Dermival Pereira","@id":"https:\/\/cleitonpinheiro.com.br\/site\/#\/schema\/person\/aac6d7f311e80c43042e98a900b03cd8"},"headline":"Lula se re\u00fane hoje com ministro acusado de usar avi\u00e3o da FAB para ir a leil\u00e3o de cavalos","datePublished":"2023-03-06T12:11:01+00:00","dateModified":"2023-03-07T12:58:37+00:00","mainEntityOfPage":{"@id":"https:\/\/cleitonpinheiro.com.br\/site\/lula-se-reune-nesta-segunda-feira-com-ministro-acusado-de-usar-aviao-da-fab-para-ir-a-leilao-de-cavalos\/"},"wordCount":353,"commentCount":0,"publisher":{"@id":"https:\/\/cleitonpinheiro.com.br\/site\/#organization"},"image":{"@id":"https:\/\/cleitonpinheiro.com.br\/site\/lula-se-reune-nesta-segunda-feira-com-ministro-acusado-de-usar-aviao-da-fab-para-ir-a-leilao-de-cavalos\/#primaryimage"},"thumbnailUrl":"https:\/\/cleitonpinheiro.com.br\/site\/wp-content\/uploads\/2023\/03\/Design-sem-nome-2023-03-06T090935.657.png","articleSection":["POL\u00cdTICA","TODAS NOTICIAS"],"inLanguage":"pt-BR","potentialAction":[{"@type":"CommentAction","name":"Comment","target":["https:\/\/cleitonpinheiro.com.br\/site\/lula-se-reune-nesta-segunda-feira-com-ministro-acusado-de-usar-aviao-da-fab-para-ir-a-leilao-de-cavalos\/#respond"]}]},{"@type":"WebPage","@id":"https:\/\/cleitonpinheiro.com.br\/site\/lula-se-reune-nesta-segunda-feira-com-ministro-acusado-de-usar-aviao-da-fab-para-ir-a-leilao-de-cavalos\/","url":"https:\/\/cleitonpinheiro.com.br\/site\/lula-se-reune-nesta-segunda-feira-com-ministro-acusado-de-usar-aviao-da-fab-para-ir-a-leilao-de-cavalos\/","name":"Lula se re\u00fane hoje com ministro acusado de usar avi\u00e3o da FAB para ir a leil\u00e3o de cavalos - PORTAL DE NOT\u00cdCIAS CLEITON PINHEIRO","isPartOf":{"@id":"https:\/\/cleitonpinheiro.com.br\/site\/#website"},"primaryImageOfPage":{"@id":"https:\/\/cleitonpinheiro.com.br\/site\/lula-se-reune-nesta-segunda-feira-com-ministro-acusado-de-usar-aviao-da-fab-para-ir-a-leilao-de-cavalos\/#primaryimage"},"image":{"@id":"https:\/\/cleitonpinheiro.com.br\/site\/lula-se-reune-nesta-segunda-feira-com-ministro-acusado-de-usar-aviao-da-fab-para-ir-a-leilao-de-cavalos\/#primaryimage"},"thumbnailUrl":"https:\/\/cleitonpinheiro.com.br\/site\/wp-content\/uploads\/2023\/03\/Design-sem-nome-2023-03-06T090935.657.png","datePublished":"2023-03-06T12:11:01+00:00","dateModified":"2023-03-07T12:58:37+00:00","breadcrumb":{"@id":"https:\/\/cleitonpinheiro.com.br\/site\/lula-se-reune-nesta-segunda-feira-com-ministro-acusado-de-usar-aviao-da-fab-para-ir-a-leilao-de-cavalos\/#breadcrumb"},"inLanguage":"pt-BR","potentialAction":[{"@type":"ReadAction","target":["https:\/\/cleitonpinheiro.com.br\/site\/lula-se-reune-nesta-segunda-feira-com-ministro-acusado-de-usar-aviao-da-fab-para-ir-a-leilao-de-cavalos\/"]}]},{"@type":"ImageObject","inLanguage":"pt-BR","@id":"https:\/\/cleitonpinheiro.com.br\/site\/lula-se-reune-nesta-segunda-feira-com-ministro-acusado-de-usar-aviao-da-fab-para-ir-a-leilao-de-cavalos\/#primaryimage","url":"","contentUrl":""},{"@type":"BreadcrumbList","@id":"https:\/\/cleitonpinheiro.com.br\/site\/lula-se-reune-nesta-segunda-feira-com-ministro-acusado-de-usar-aviao-da-fab-para-ir-a-leilao-de-cavalos\/#breadcrumb","itemListElement":[{"@type":"ListItem","position":1,"name":"In\u00edcio","item":"https:\/\/cleitonpinheiro.com.br\/site\/"},{"@type":"ListItem","position":2,"name":"Lula se re\u00fane hoje com ministro acusado de usar avi\u00e3o da FAB para ir a leil\u00e3o de cavalos"}]},{"@type":"WebSite","@id":"https:\/\/cleitonpinheiro.com.br\/site\/#website","url":"https:\/\/cleitonpinheiro.com.br\/site\/","name":"PORTAL DE NOT\u00cdCIAS CLEITON PINHEIRO","description":"FALANDO A VERDADE","publisher":{"@id":"https:\/\/cleitonpinheiro.com.br\/site\/#organization"},"potentialAction":[{"@type":"SearchAction","target":{"@type":"EntryPoint","urlTemplate":"https:\/\/cleitonpinheiro.com.br\/site\/?s={search_term_string}"},"query-input":{"@type":"PropertyValueSpecification","valueRequired":true,"valueName":"search_term_string"}}],"inLanguage":"pt-BR"},{"@type":"Organization","@id":"https:\/\/cleitonpinheiro.com.br\/site\/#organization","name":"CPNOT\u00cdCIAS","url":"https:\/\/cleitonpinheiro.com.br\/site\/","logo":{"@type":"ImageObject","inLanguage":"pt-BR","@id":"https:\/\/cleitonpinheiro.com.br\/site\/#\/schema\/logo\/image\/","url":"https:\/\/cleitonpinheiro.com.br\/site\/wp-content\/uploads\/2022\/08\/Logo-pequena-2.png","contentUrl":"https:\/\/cleitonpinheiro.com.br\/site\/wp-content\/uploads\/2022\/08\/Logo-pequena-2.png","width":500,"height":500,"caption":"CPNOT\u00cdCIAS"},"image":{"@id":"https:\/\/cleitonpinheiro.com.br\/site\/#\/schema\/logo\/image\/"},"sameAs":["https:\/\/www.facebook.com\/portalcpnoticias\/"]},{"@type":"Person","@id":"https:\/\/cleitonpinheiro.com.br\/site\/#\/schema\/person\/aac6d7f311e80c43042e98a900b03cd8","name":"Dermival Pereira","image":{"@type":"ImageObject","inLanguage":"pt-BR","@id":"https:\/\/cleitonpinheiro.com.br\/site\/#\/schema\/person\/image\/","url":"https:\/\/secure.gravatar.com\/avatar\/cfaebf3742d6bf8db728bcba3eed6bee37b02337a2e6c822994f20ca72a3784d?s=96&r=g","contentUrl":"https:\/\/secure.gravatar.com\/avatar\/cfaebf3742d6bf8db728bcba3eed6bee37b02337a2e6c822994f20ca72a3784d?s=96&r=g","caption":"Dermival Pereira"},"url":"https:\/\/cleitonpinheiro.com.br\/site\/author\/dermival\/"}]}},"views":505,"_links":{"self":[{"href":"https:\/\/cleitonpinheiro.com.br\/site\/wp-json\/wp\/v2\/posts\/68795","targetHints":{"allow":["GET"]}}],"collection":[{"href":"https:\/\/cleitonpinheiro.com.br\/site\/wp-json\/wp\/v2\/posts"}],"about":[{"href":"https:\/\/cleitonpinheiro.com.br\/site\/wp-json\/wp\/v2\/types\/post"}],"author":[{"embeddable":true,"href":"https:\/\/cleitonpinheiro.com.br\/site\/wp-json\/wp\/v2\/users\/4"}],"replies":[{"embeddable":true,"href":"https:\/\/cleitonpinheiro.com.br\/site\/wp-json\/wp\/v2\/comments?post=68795"}],"version-history":[{"count":3,"href":"https:\/\/cleitonpinheiro.com.br\/site\/wp-json\/wp\/v2\/posts\/68795\/revisions"}],"predecessor-version":[{"id":68800,"href":"https:\/\/cleitonpinheiro.com.br\/site\/wp-json\/wp\/v2\/posts\/68795\/revisions\/68800"}],"wp:attachment":[{"href":"https:\/\/cleitonpinheiro.com.br\/site\/wp-json\/wp\/v2\/media?parent=68795"}],"wp:term":[{"taxonomy":"category","embeddable":true,"href":"https:\/\/cleitonpinheiro.com.br\/site\/wp-json\/wp\/v2\/categories?post=68795"},{"taxonomy":"post_tag","embeddable":true,"href":"https:\/\/cleitonpinheiro.com.br\/site\/wp-json\/wp\/v2\/tags?post=68795"}],"curies":[{"name":"wp","href":"https:\/\/api.w.org\/{rel}","templated":true}]}}