{"id":68803,"date":"2023-03-06T10:33:16","date_gmt":"2023-03-06T13:33:16","guid":{"rendered":"https:\/\/cleitonpinheiro.com.br\/site\/?p=68803"},"modified":"2023-03-07T09:58:05","modified_gmt":"2023-03-07T12:58:05","slug":"coronel-do-corpo-de-bombeiros-militar-do-to-andre-carvalho-morre-vitima-de-cancer","status":"publish","type":"post","link":"https:\/\/cleitonpinheiro.com.br\/site\/coronel-do-corpo-de-bombeiros-militar-do-to-andre-carvalho-morre-vitima-de-cancer\/","title":{"rendered":"Coronel do Corpo de Bombeiros Militar do TO, Andr\u00e9 Carvalho, morre v\u00edtima de c\u00e2ncer"},"content":{"rendered":"\n<figure class=\"wp-block-image size-full is-resized\"><img fetchpriority=\"high\" decoding=\"async\" src=\"https:\/\/cleitonpinheiro.com.br\/site\/wp-content\/uploads\/2023\/03\/f35e6ab5-1fea-4f72-b5ca-d43eb04a4058.jpg\" alt=\"\" class=\"wp-image-68805\" width=\"1019\" height=\"1533\"\/><figcaption class=\"wp-element-caption\">Coronel Andr\u00e9 Carvalho de Ara\u00fajo, do Corpo de Bombeiros faleceu neste domingo &#8211; Foto: Divulga\u00e7\u00e3o<\/figcaption><\/figure>\n\n\n\n<p>O Coronel Andr\u00e9 Carvalho de Ara\u00fajo, do Corpo de Bombeiros Militar do Tocantins, faleceu nesse domingo, 5, v\u00edtima de um c\u00e2ncer. Segundo as informa\u00e7\u00f5es, o militar lutava contra a doen\u00e7a h\u00e1 dois anos.  Servidor dedicado h\u00e1 mais de 20 anos, Ara\u00fajo atuou no servi\u00e7o administrativo da Corpora\u00e7\u00e3o e tamb\u00e9m na vice-presid\u00eancia da Funda\u00e7\u00e3o Pr\u00f3-Tocantins.<\/p>\n\n\n\n<p>Em nota, a Secretaria de Estado da Seguran\u00e7a P\u00fablica (SSP-TO), lamentou a morte do militar. &#8216;Neste momento de dor, prestamos condol\u00eancias aos familiares e amigos e rogamos a Deus que traga o conforto do Esp\u00edrito Santo, diz a Pasta no documento.<br><br><strong>Veja a \u00edntegra da Nota<\/strong><\/p>\n\n\n\n<figure class=\"wp-block-image size-full is-resized\"><img decoding=\"async\" src=\"https:\/\/cleitonpinheiro.com.br\/site\/wp-content\/uploads\/2023\/03\/nota_de_pesar_coronel_andre_carvalho_de_araujojpg.jpg\" alt=\"\" class=\"wp-image-68804\" width=\"1024\" height=\"585\"\/><\/figure>\n","protected":false},"excerpt":{"rendered":"<p>O Coronel Andr\u00e9 Carvalho de Ara\u00fajo, do Corpo de Bombeiros Militar do Tocantins, faleceu nesse domingo, 5, v\u00edtima de um c\u00e2ncer. Segundo as informa\u00e7\u00f5es, o militar lutava contra a doen\u00e7a h\u00e1 dois anos. Servidor dedicado h\u00e1 mais de 20 anos, Ara\u00fajo atuou no servi\u00e7o administrativo da Corpora\u00e7\u00e3o e tamb\u00e9m na vice-presid\u00eancia da Funda\u00e7\u00e3o Pr\u00f3-Tocantins. Em [&hellip;]<\/p>\n","protected":false},"author":4,"featured_media":0,"comment_status":"open","ping_status":"open","sticky":false,"template":"","format":"standard","meta":{"_acf_changed":false,"footnotes":""},"categories":[8,21],"tags":[],"class_list":["post-68803","post","type-post","status-publish","format-standard","hentry","category-estado","category-todas-noticias"],"acf":[],"yoast_head":"<!-- This site is optimized with the Yoast SEO plugin v24.4 - https:\/\/yoast.com\/wordpress\/plugins\/seo\/ -->\n<title>Coronel do Corpo de Bombeiros Militar do TO, Andr\u00e9 Carvalho, morre v\u00edtima de c\u00e2ncer - PORTAL DE NOT\u00cdCIAS CLEITON PINHEIRO<\/title>\n<meta name=\"robots\" content=\"index, follow, max-snippet:-1, max-image-preview:large, max-video-preview:-1\" \/>\n<link rel=\"canonical\" href=\"https:\/\/cleitonpinheiro.com.br\/site\/coronel-do-corpo-de-bombeiros-militar-do-to-andre-carvalho-morre-vitima-de-cancer\/\" \/>\n<meta property=\"og:locale\" content=\"pt_BR\" \/>\n<meta property=\"og:type\" content=\"article\" \/>\n<meta property=\"og:title\" content=\"Coronel do Corpo de Bombeiros Militar do TO, Andr\u00e9 Carvalho, morre v\u00edtima de c\u00e2ncer - PORTAL DE NOT\u00cdCIAS CLEITON PINHEIRO\" \/>\n<meta property=\"og:description\" content=\"O Coronel Andr\u00e9 Carvalho de Ara\u00fajo, do Corpo de Bombeiros Militar do Tocantins, faleceu nesse domingo, 5, v\u00edtima de um c\u00e2ncer. Segundo as informa\u00e7\u00f5es, o militar lutava contra a doen\u00e7a h\u00e1 dois anos. Servidor dedicado h\u00e1 mais de 20 anos, Ara\u00fajo atuou no servi\u00e7o administrativo da Corpora\u00e7\u00e3o e tamb\u00e9m na vice-presid\u00eancia da Funda\u00e7\u00e3o Pr\u00f3-Tocantins. Em [&hellip;]\" \/>\n<meta property=\"og:url\" content=\"https:\/\/cleitonpinheiro.com.br\/site\/coronel-do-corpo-de-bombeiros-militar-do-to-andre-carvalho-morre-vitima-de-cancer\/\" \/>\n<meta property=\"og:site_name\" content=\"PORTAL DE NOT\u00cdCIAS CLEITON PINHEIRO\" \/>\n<meta property=\"article:publisher\" content=\"https:\/\/www.facebook.com\/portalcpnoticias\/\" \/>\n<meta property=\"article:published_time\" content=\"2023-03-06T13:33:16+00:00\" \/>\n<meta property=\"article:modified_time\" content=\"2023-03-07T12:58:05+00:00\" \/>\n<meta property=\"og:image\" content=\"https:\/\/cleitonpinheiro.com.br\/site\/wp-content\/uploads\/2023\/03\/Design-sem-nome-2023-03-06T103031-compressed-1.jpg\" \/>\n\t<meta property=\"og:image:width\" content=\"750\" \/>\n\t<meta property=\"og:image:height\" content=\"450\" \/>\n\t<meta property=\"og:image:type\" content=\"image\/jpeg\" \/>\n<meta name=\"author\" content=\"Dermival Pereira\" \/>\n<meta name=\"twitter:card\" content=\"summary_large_image\" \/>\n<meta name=\"twitter:label1\" content=\"Escrito por\" \/>\n\t<meta name=\"twitter:data1\" content=\"Dermival Pereira\" \/>\n\t<meta name=\"twitter:label2\" content=\"Est. tempo de leitura\" \/>\n\t<meta name=\"twitter:data2\" content=\"2 minutos\" \/>\n<script type=\"application\/ld+json\" class=\"yoast-schema-graph\">{\"@context\":\"https:\/\/schema.org\",\"@graph\":[{\"@type\":\"Article\",\"@id\":\"https:\/\/cleitonpinheiro.com.br\/site\/coronel-do-corpo-de-bombeiros-militar-do-to-andre-carvalho-morre-vitima-de-cancer\/#article\",\"isPartOf\":{\"@id\":\"https:\/\/cleitonpinheiro.com.br\/site\/coronel-do-corpo-de-bombeiros-militar-do-to-andre-carvalho-morre-vitima-de-cancer\/\"},\"author\":{\"name\":\"Dermival Pereira\",\"@id\":\"https:\/\/cleitonpinheiro.com.br\/site\/#\/schema\/person\/aac6d7f311e80c43042e98a900b03cd8\"},\"headline\":\"Coronel do Corpo de Bombeiros Militar do TO, Andr\u00e9 Carvalho, morre v\u00edtima de c\u00e2ncer\",\"datePublished\":\"2023-03-06T13:33:16+00:00\",\"dateModified\":\"2023-03-07T12:58:05+00:00\",\"mainEntityOfPage\":{\"@id\":\"https:\/\/cleitonpinheiro.com.br\/site\/coronel-do-corpo-de-bombeiros-militar-do-to-andre-carvalho-morre-vitima-de-cancer\/\"},\"wordCount\":147,\"commentCount\":0,\"publisher\":{\"@id\":\"https:\/\/cleitonpinheiro.com.br\/site\/#organization\"},\"image\":{\"@id\":\"https:\/\/cleitonpinheiro.com.br\/site\/coronel-do-corpo-de-bombeiros-militar-do-to-andre-carvalho-morre-vitima-de-cancer\/#primaryimage\"},\"thumbnailUrl\":\"https:\/\/cleitonpinheiro.com.br\/site\/wp-content\/uploads\/2023\/03\/f35e6ab5-1fea-4f72-b5ca-d43eb04a4058.jpg\",\"articleSection\":[\"ESTADO\",\"TODAS NOTICIAS\"],\"inLanguage\":\"pt-BR\",\"potentialAction\":[{\"@type\":\"CommentAction\",\"name\":\"Comment\",\"target\":[\"https:\/\/cleitonpinheiro.com.br\/site\/coronel-do-corpo-de-bombeiros-militar-do-to-andre-carvalho-morre-vitima-de-cancer\/#respond\"]}]},{\"@type\":\"WebPage\",\"@id\":\"https:\/\/cleitonpinheiro.com.br\/site\/coronel-do-corpo-de-bombeiros-militar-do-to-andre-carvalho-morre-vitima-de-cancer\/\",\"url\":\"https:\/\/cleitonpinheiro.com.br\/site\/coronel-do-corpo-de-bombeiros-militar-do-to-andre-carvalho-morre-vitima-de-cancer\/\",\"name\":\"Coronel do Corpo de Bombeiros Militar do TO, Andr\u00e9 Carvalho, morre v\u00edtima de c\u00e2ncer - PORTAL DE NOT\u00cdCIAS CLEITON PINHEIRO\",\"isPartOf\":{\"@id\":\"https:\/\/cleitonpinheiro.com.br\/site\/#website\"},\"primaryImageOfPage\":{\"@id\":\"https:\/\/cleitonpinheiro.com.br\/site\/coronel-do-corpo-de-bombeiros-militar-do-to-andre-carvalho-morre-vitima-de-cancer\/#primaryimage\"},\"image\":{\"@id\":\"https:\/\/cleitonpinheiro.com.br\/site\/coronel-do-corpo-de-bombeiros-militar-do-to-andre-carvalho-morre-vitima-de-cancer\/#primaryimage\"},\"thumbnailUrl\":\"https:\/\/cleitonpinheiro.com.br\/site\/wp-content\/uploads\/2023\/03\/f35e6ab5-1fea-4f72-b5ca-d43eb04a4058.jpg\",\"datePublished\":\"2023-03-06T13:33:16+00:00\",\"dateModified\":\"2023-03-07T12:58:05+00:00\",\"breadcrumb\":{\"@id\":\"https:\/\/cleitonpinheiro.com.br\/site\/coronel-do-corpo-de-bombeiros-militar-do-to-andre-carvalho-morre-vitima-de-cancer\/#breadcrumb\"},\"inLanguage\":\"pt-BR\",\"potentialAction\":[{\"@type\":\"ReadAction\",\"target\":[\"https:\/\/cleitonpinheiro.com.br\/site\/coronel-do-corpo-de-bombeiros-militar-do-to-andre-carvalho-morre-vitima-de-cancer\/\"]}]},{\"@type\":\"ImageObject\",\"inLanguage\":\"pt-BR\",\"@id\":\"https:\/\/cleitonpinheiro.com.br\/site\/coronel-do-corpo-de-bombeiros-militar-do-to-andre-carvalho-morre-vitima-de-cancer\/#primaryimage\",\"url\":\"\",\"contentUrl\":\"\"},{\"@type\":\"BreadcrumbList\",\"@id\":\"https:\/\/cleitonpinheiro.com.br\/site\/coronel-do-corpo-de-bombeiros-militar-do-to-andre-carvalho-morre-vitima-de-cancer\/#breadcrumb\",\"itemListElement\":[{\"@type\":\"ListItem\",\"position\":1,\"name\":\"In\u00edcio\",\"item\":\"https:\/\/cleitonpinheiro.com.br\/site\/\"},{\"@type\":\"ListItem\",\"position\":2,\"name\":\"Coronel do Corpo de Bombeiros Militar do TO, Andr\u00e9 Carvalho, morre v\u00edtima de c\u00e2ncer\"}]},{\"@type\":\"WebSite\",\"@id\":\"https:\/\/cleitonpinheiro.com.br\/site\/#website\",\"url\":\"https:\/\/cleitonpinheiro.com.br\/site\/\",\"name\":\"PORTAL DE NOT\u00cdCIAS CLEITON PINHEIRO\",\"description\":\"FALANDO A VERDADE\",\"publisher\":{\"@id\":\"https:\/\/cleitonpinheiro.com.br\/site\/#organization\"},\"potentialAction\":[{\"@type\":\"SearchAction\",\"target\":{\"@type\":\"EntryPoint\",\"urlTemplate\":\"https:\/\/cleitonpinheiro.com.br\/site\/?s={search_term_string}\"},\"query-input\":{\"@type\":\"PropertyValueSpecification\",\"valueRequired\":true,\"valueName\":\"search_term_string\"}}],\"inLanguage\":\"pt-BR\"},{\"@type\":\"Organization\",\"@id\":\"https:\/\/cleitonpinheiro.com.br\/site\/#organization\",\"name\":\"CPNOT\u00cdCIAS\",\"url\":\"https:\/\/cleitonpinheiro.com.br\/site\/\",\"logo\":{\"@type\":\"ImageObject\",\"inLanguage\":\"pt-BR\",\"@id\":\"https:\/\/cleitonpinheiro.com.br\/site\/#\/schema\/logo\/image\/\",\"url\":\"https:\/\/cleitonpinheiro.com.br\/site\/wp-content\/uploads\/2022\/08\/Logo-pequena-2.png\",\"contentUrl\":\"https:\/\/cleitonpinheiro.com.br\/site\/wp-content\/uploads\/2022\/08\/Logo-pequena-2.png\",\"width\":500,\"height\":500,\"caption\":\"CPNOT\u00cdCIAS\"},\"image\":{\"@id\":\"https:\/\/cleitonpinheiro.com.br\/site\/#\/schema\/logo\/image\/\"},\"sameAs\":[\"https:\/\/www.facebook.com\/portalcpnoticias\/\"]},{\"@type\":\"Person\",\"@id\":\"https:\/\/cleitonpinheiro.com.br\/site\/#\/schema\/person\/aac6d7f311e80c43042e98a900b03cd8\",\"name\":\"Dermival Pereira\",\"image\":{\"@type\":\"ImageObject\",\"inLanguage\":\"pt-BR\",\"@id\":\"https:\/\/cleitonpinheiro.com.br\/site\/#\/schema\/person\/image\/\",\"url\":\"https:\/\/secure.gravatar.com\/avatar\/cfaebf3742d6bf8db728bcba3eed6bee37b02337a2e6c822994f20ca72a3784d?s=96&r=g\",\"contentUrl\":\"https:\/\/secure.gravatar.com\/avatar\/cfaebf3742d6bf8db728bcba3eed6bee37b02337a2e6c822994f20ca72a3784d?s=96&r=g\",\"caption\":\"Dermival Pereira\"},\"url\":\"https:\/\/cleitonpinheiro.com.br\/site\/author\/dermival\/\"}]}<\/script>\n<!-- \/ Yoast SEO plugin. -->","yoast_head_json":{"title":"Coronel do Corpo de Bombeiros Militar do TO, Andr\u00e9 Carvalho, morre v\u00edtima de c\u00e2ncer - PORTAL DE NOT\u00cdCIAS CLEITON PINHEIRO","robots":{"index":"index","follow":"follow","max-snippet":"max-snippet:-1","max-image-preview":"max-image-preview:large","max-video-preview":"max-video-preview:-1"},"canonical":"https:\/\/cleitonpinheiro.com.br\/site\/coronel-do-corpo-de-bombeiros-militar-do-to-andre-carvalho-morre-vitima-de-cancer\/","og_locale":"pt_BR","og_type":"article","og_title":"Coronel do Corpo de Bombeiros Militar do TO, Andr\u00e9 Carvalho, morre v\u00edtima de c\u00e2ncer - PORTAL DE NOT\u00cdCIAS CLEITON PINHEIRO","og_description":"O Coronel Andr\u00e9 Carvalho de Ara\u00fajo, do Corpo de Bombeiros Militar do Tocantins, faleceu nesse domingo, 5, v\u00edtima de um c\u00e2ncer. Segundo as informa\u00e7\u00f5es, o militar lutava contra a doen\u00e7a h\u00e1 dois anos. Servidor dedicado h\u00e1 mais de 20 anos, Ara\u00fajo atuou no servi\u00e7o administrativo da Corpora\u00e7\u00e3o e tamb\u00e9m na vice-presid\u00eancia da Funda\u00e7\u00e3o Pr\u00f3-Tocantins. Em [&hellip;]","og_url":"https:\/\/cleitonpinheiro.com.br\/site\/coronel-do-corpo-de-bombeiros-militar-do-to-andre-carvalho-morre-vitima-de-cancer\/","og_site_name":"PORTAL DE NOT\u00cdCIAS CLEITON PINHEIRO","article_publisher":"https:\/\/www.facebook.com\/portalcpnoticias\/","article_published_time":"2023-03-06T13:33:16+00:00","article_modified_time":"2023-03-07T12:58:05+00:00","og_image":[{"width":750,"height":450,"url":"https:\/\/cleitonpinheiro.com.br\/site\/wp-content\/uploads\/2023\/03\/Design-sem-nome-2023-03-06T103031-compressed-1.jpg","type":"image\/jpeg"}],"author":"Dermival Pereira","twitter_card":"summary_large_image","twitter_misc":{"Escrito por":"Dermival Pereira","Est. tempo de leitura":"2 minutos"},"schema":{"@context":"https:\/\/schema.org","@graph":[{"@type":"Article","@id":"https:\/\/cleitonpinheiro.com.br\/site\/coronel-do-corpo-de-bombeiros-militar-do-to-andre-carvalho-morre-vitima-de-cancer\/#article","isPartOf":{"@id":"https:\/\/cleitonpinheiro.com.br\/site\/coronel-do-corpo-de-bombeiros-militar-do-to-andre-carvalho-morre-vitima-de-cancer\/"},"author":{"name":"Dermival Pereira","@id":"https:\/\/cleitonpinheiro.com.br\/site\/#\/schema\/person\/aac6d7f311e80c43042e98a900b03cd8"},"headline":"Coronel do Corpo de Bombeiros Militar do TO, Andr\u00e9 Carvalho, morre v\u00edtima de c\u00e2ncer","datePublished":"2023-03-06T13:33:16+00:00","dateModified":"2023-03-07T12:58:05+00:00","mainEntityOfPage":{"@id":"https:\/\/cleitonpinheiro.com.br\/site\/coronel-do-corpo-de-bombeiros-militar-do-to-andre-carvalho-morre-vitima-de-cancer\/"},"wordCount":147,"commentCount":0,"publisher":{"@id":"https:\/\/cleitonpinheiro.com.br\/site\/#organization"},"image":{"@id":"https:\/\/cleitonpinheiro.com.br\/site\/coronel-do-corpo-de-bombeiros-militar-do-to-andre-carvalho-morre-vitima-de-cancer\/#primaryimage"},"thumbnailUrl":"https:\/\/cleitonpinheiro.com.br\/site\/wp-content\/uploads\/2023\/03\/f35e6ab5-1fea-4f72-b5ca-d43eb04a4058.jpg","articleSection":["ESTADO","TODAS NOTICIAS"],"inLanguage":"pt-BR","potentialAction":[{"@type":"CommentAction","name":"Comment","target":["https:\/\/cleitonpinheiro.com.br\/site\/coronel-do-corpo-de-bombeiros-militar-do-to-andre-carvalho-morre-vitima-de-cancer\/#respond"]}]},{"@type":"WebPage","@id":"https:\/\/cleitonpinheiro.com.br\/site\/coronel-do-corpo-de-bombeiros-militar-do-to-andre-carvalho-morre-vitima-de-cancer\/","url":"https:\/\/cleitonpinheiro.com.br\/site\/coronel-do-corpo-de-bombeiros-militar-do-to-andre-carvalho-morre-vitima-de-cancer\/","name":"Coronel do Corpo de Bombeiros Militar do TO, Andr\u00e9 Carvalho, morre v\u00edtima de c\u00e2ncer - PORTAL DE NOT\u00cdCIAS CLEITON PINHEIRO","isPartOf":{"@id":"https:\/\/cleitonpinheiro.com.br\/site\/#website"},"primaryImageOfPage":{"@id":"https:\/\/cleitonpinheiro.com.br\/site\/coronel-do-corpo-de-bombeiros-militar-do-to-andre-carvalho-morre-vitima-de-cancer\/#primaryimage"},"image":{"@id":"https:\/\/cleitonpinheiro.com.br\/site\/coronel-do-corpo-de-bombeiros-militar-do-to-andre-carvalho-morre-vitima-de-cancer\/#primaryimage"},"thumbnailUrl":"https:\/\/cleitonpinheiro.com.br\/site\/wp-content\/uploads\/2023\/03\/f35e6ab5-1fea-4f72-b5ca-d43eb04a4058.jpg","datePublished":"2023-03-06T13:33:16+00:00","dateModified":"2023-03-07T12:58:05+00:00","breadcrumb":{"@id":"https:\/\/cleitonpinheiro.com.br\/site\/coronel-do-corpo-de-bombeiros-militar-do-to-andre-carvalho-morre-vitima-de-cancer\/#breadcrumb"},"inLanguage":"pt-BR","potentialAction":[{"@type":"ReadAction","target":["https:\/\/cleitonpinheiro.com.br\/site\/coronel-do-corpo-de-bombeiros-militar-do-to-andre-carvalho-morre-vitima-de-cancer\/"]}]},{"@type":"ImageObject","inLanguage":"pt-BR","@id":"https:\/\/cleitonpinheiro.com.br\/site\/coronel-do-corpo-de-bombeiros-militar-do-to-andre-carvalho-morre-vitima-de-cancer\/#primaryimage","url":"","contentUrl":""},{"@type":"BreadcrumbList","@id":"https:\/\/cleitonpinheiro.com.br\/site\/coronel-do-corpo-de-bombeiros-militar-do-to-andre-carvalho-morre-vitima-de-cancer\/#breadcrumb","itemListElement":[{"@type":"ListItem","position":1,"name":"In\u00edcio","item":"https:\/\/cleitonpinheiro.com.br\/site\/"},{"@type":"ListItem","position":2,"name":"Coronel do Corpo de Bombeiros Militar do TO, Andr\u00e9 Carvalho, morre v\u00edtima de c\u00e2ncer"}]},{"@type":"WebSite","@id":"https:\/\/cleitonpinheiro.com.br\/site\/#website","url":"https:\/\/cleitonpinheiro.com.br\/site\/","name":"PORTAL DE NOT\u00cdCIAS CLEITON PINHEIRO","description":"FALANDO A VERDADE","publisher":{"@id":"https:\/\/cleitonpinheiro.com.br\/site\/#organization"},"potentialAction":[{"@type":"SearchAction","target":{"@type":"EntryPoint","urlTemplate":"https:\/\/cleitonpinheiro.com.br\/site\/?s={search_term_string}"},"query-input":{"@type":"PropertyValueSpecification","valueRequired":true,"valueName":"search_term_string"}}],"inLanguage":"pt-BR"},{"@type":"Organization","@id":"https:\/\/cleitonpinheiro.com.br\/site\/#organization","name":"CPNOT\u00cdCIAS","url":"https:\/\/cleitonpinheiro.com.br\/site\/","logo":{"@type":"ImageObject","inLanguage":"pt-BR","@id":"https:\/\/cleitonpinheiro.com.br\/site\/#\/schema\/logo\/image\/","url":"https:\/\/cleitonpinheiro.com.br\/site\/wp-content\/uploads\/2022\/08\/Logo-pequena-2.png","contentUrl":"https:\/\/cleitonpinheiro.com.br\/site\/wp-content\/uploads\/2022\/08\/Logo-pequena-2.png","width":500,"height":500,"caption":"CPNOT\u00cdCIAS"},"image":{"@id":"https:\/\/cleitonpinheiro.com.br\/site\/#\/schema\/logo\/image\/"},"sameAs":["https:\/\/www.facebook.com\/portalcpnoticias\/"]},{"@type":"Person","@id":"https:\/\/cleitonpinheiro.com.br\/site\/#\/schema\/person\/aac6d7f311e80c43042e98a900b03cd8","name":"Dermival Pereira","image":{"@type":"ImageObject","inLanguage":"pt-BR","@id":"https:\/\/cleitonpinheiro.com.br\/site\/#\/schema\/person\/image\/","url":"https:\/\/secure.gravatar.com\/avatar\/cfaebf3742d6bf8db728bcba3eed6bee37b02337a2e6c822994f20ca72a3784d?s=96&r=g","contentUrl":"https:\/\/secure.gravatar.com\/avatar\/cfaebf3742d6bf8db728bcba3eed6bee37b02337a2e6c822994f20ca72a3784d?s=96&r=g","caption":"Dermival Pereira"},"url":"https:\/\/cleitonpinheiro.com.br\/site\/author\/dermival\/"}]}},"views":449,"_links":{"self":[{"href":"https:\/\/cleitonpinheiro.com.br\/site\/wp-json\/wp\/v2\/posts\/68803","targetHints":{"allow":["GET"]}}],"collection":[{"href":"https:\/\/cleitonpinheiro.com.br\/site\/wp-json\/wp\/v2\/posts"}],"about":[{"href":"https:\/\/cleitonpinheiro.com.br\/site\/wp-json\/wp\/v2\/types\/post"}],"author":[{"embeddable":true,"href":"https:\/\/cleitonpinheiro.com.br\/site\/wp-json\/wp\/v2\/users\/4"}],"replies":[{"embeddable":true,"href":"https:\/\/cleitonpinheiro.com.br\/site\/wp-json\/wp\/v2\/comments?post=68803"}],"version-history":[{"count":1,"href":"https:\/\/cleitonpinheiro.com.br\/site\/wp-json\/wp\/v2\/posts\/68803\/revisions"}],"predecessor-version":[{"id":68807,"href":"https:\/\/cleitonpinheiro.com.br\/site\/wp-json\/wp\/v2\/posts\/68803\/revisions\/68807"}],"wp:attachment":[{"href":"https:\/\/cleitonpinheiro.com.br\/site\/wp-json\/wp\/v2\/media?parent=68803"}],"wp:term":[{"taxonomy":"category","embeddable":true,"href":"https:\/\/cleitonpinheiro.com.br\/site\/wp-json\/wp\/v2\/categories?post=68803"},{"taxonomy":"post_tag","embeddable":true,"href":"https:\/\/cleitonpinheiro.com.br\/site\/wp-json\/wp\/v2\/tags?post=68803"}],"curies":[{"name":"wp","href":"https:\/\/api.w.org\/{rel}","templated":true}]}}