{"id":68810,"date":"2023-03-06T10:59:21","date_gmt":"2023-03-06T13:59:21","guid":{"rendered":"https:\/\/cleitonpinheiro.com.br\/site\/?p=68810"},"modified":"2023-03-07T09:57:45","modified_gmt":"2023-03-07T12:57:45","slug":"aumento-da-temperatura-vai-afetar-a-producao-de-feijao-no-brasil-nas-proximas-decadas","status":"publish","type":"post","link":"https:\/\/cleitonpinheiro.com.br\/site\/aumento-da-temperatura-vai-afetar-a-producao-de-feijao-no-brasil-nas-proximas-decadas\/","title":{"rendered":"Aumento da temperatura vai afetar a produ\u00e7\u00e3o de feij\u00e3o no Brasil nas pr\u00f3ximas d\u00e9cadas"},"content":{"rendered":"\n<figure class=\"wp-block-image size-full is-resized\"><img fetchpriority=\"high\" decoding=\"async\" src=\"https:\/\/cleitonpinheiro.com.br\/site\/wp-content\/uploads\/2023\/03\/Design-sem-nome-2023-03-06T105739-compressed.jpg\" alt=\"\" class=\"wp-image-68811\" width=\"1016\" height=\"610\"\/><figcaption class=\"wp-element-caption\">Foto: CNA\/Wenderson Araujo\/Trilux<\/figcaption><\/figure>\n\n\n\n<p>At\u00e9 2050, o Brasil precisa aumentar em 44% a produ\u00e7\u00e3o nacional de feij\u00e3o para atender a demanda do mercado. Isso significa 1 milh\u00e3o e meio de toneladas a mais por ano. \u00c9 o que mostra&nbsp;pesquisa desenvolvida pela Embrapa e pela Universidade de S\u00e3o Paulo.<\/p>\n\n\n\n<p>Mas os produtores&nbsp;ter\u00e3o de enfrentar uma eleva\u00e7\u00e3o na temperatura de at\u00e9 2,8\u00baC&nbsp;nas pr\u00f3ximas duas d\u00e9cadas, prevista pelo Painel Intergovernamental de Mudan\u00e7as Clim\u00e1ticas das Na\u00e7\u00f5es Unidas<\/p>\n\n\n\n<p>A regi\u00e3o Centro-Oeste e os estados de Minas Gerais e da Bahia podem ser as \u00e1reas mais afetadas, e podem inclusive&nbsp;ter&nbsp;que alterar o calend\u00e1rio para plantio.<\/p>\n\n\n\n<p>Segundo Alexandre Bryan, pesquisador da Embrapa, a concentra\u00e7\u00e3o de g\u00e1s carb\u00f4nico prejudica, especialmente, a fase reprodutiva da lavoura, impedindo a forma\u00e7\u00e3o de vagens e gr\u00e3os de feij\u00e3o. Por isso, a tend\u00eancia \u00e9 cair a produtividade nos pr\u00f3ximos anos. Mas os produtores podem se adaptar \u00e0s novas condi\u00e7\u00f5es plantio com a escolha de gr\u00e3os mais resistentes. &#8220;O feij\u00e3o tipo preto apresenta uma toler\u00e2ncia maior&nbsp;a situa\u00e7\u00f5es adversas. Ent\u00e3o, quer dizer,&nbsp;a gente sabe que o preto sobressai em algumas condi\u00e7\u00f5es.. Ent\u00e3o, tem diferen\u00e7a&nbsp;entre os tipos de feij\u00e3o. A quest\u00e3o toda \u00e9 que o mercado \u00e9 restrito. Feij\u00e3o preto, basicamente, \u00e9 consumido no Rio Grande do Sul e no Rio de Janeiro e o resto do brasil&nbsp;\u00e9 o carioca e esse \u00e9 um problema.<\/p>\n\n\n\n<p>Alexandre Bryan&nbsp;destaca tamb\u00e9m que a queda de produtividade e aumento de demanda \u00e9 um assunto que deve passar por pol\u00edticas p\u00fablicas, tanto em rela\u00e7\u00e3o ao investimento em pesquisa para a gera\u00e7\u00e3o de plantas mais adaptadas, quanto em rela\u00e7\u00e3o \u00e0 agricultura familiar. &#8220;Ent\u00e3o, \u00e9 interessante ter uma pol\u00edtica p\u00fablica para a agricultura familiar, na qual&nbsp;ela possa produzir feij\u00e3o em conjunto com outras culturas, ou em rota\u00e7\u00e3o com outras culturas, tendo tamb\u00e9m floresta no meio, tendo um planejamento que tenha diversidade. Porque&nbsp;se voc\u00ea tem diversidade&nbsp;tem maior,&nbsp;tem tamb\u00e9m maior sustentabilidade. A gente sabe que diversidade diminui, \u00e9 uma forma minimizar o impacto das mudan\u00e7as clim\u00e1ticas.&#8221;<\/p>\n\n\n\n<p>Dados do IBGE, Instituto Brasileiro de Geografia e Estat\u00edstica, mostram que,&nbsp;hoje, a produ\u00e7\u00e3o anual de feij\u00e3o no pa\u00eds \u00e9 de 12 BILH\u00d5ES de reais por ano, chegando a 2 milh\u00f5es e oitocentas mil toneladas. <em><strong>(Da Ag\u00eancia Brasil).<\/strong><\/em><\/p>\n","protected":false},"excerpt":{"rendered":"<p>At\u00e9 2050, o Brasil precisa aumentar em 44% a produ\u00e7\u00e3o nacional de feij\u00e3o para atender a demanda do mercado. Isso significa 1 milh\u00e3o e meio de toneladas a mais por ano. \u00c9 o que mostra&nbsp;pesquisa desenvolvida pela Embrapa e pela Universidade de S\u00e3o Paulo. Mas os produtores&nbsp;ter\u00e3o de enfrentar uma eleva\u00e7\u00e3o na temperatura de at\u00e9 [&hellip;]<\/p>\n","protected":false},"author":4,"featured_media":0,"comment_status":"open","ping_status":"open","sticky":false,"template":"","format":"standard","meta":{"_acf_changed":false,"footnotes":""},"categories":[19,21],"tags":[],"class_list":["post-68810","post","type-post","status-publish","format-standard","hentry","category-brasil-mundo","category-todas-noticias"],"acf":[],"yoast_head":"<!-- This site is optimized with the Yoast SEO plugin v24.4 - https:\/\/yoast.com\/wordpress\/plugins\/seo\/ -->\n<title>Aumento da temperatura vai afetar a produ\u00e7\u00e3o de feij\u00e3o no Brasil nas pr\u00f3ximas d\u00e9cadas - PORTAL DE NOT\u00cdCIAS CLEITON PINHEIRO<\/title>\n<meta name=\"robots\" content=\"index, follow, max-snippet:-1, max-image-preview:large, max-video-preview:-1\" \/>\n<link rel=\"canonical\" href=\"https:\/\/cleitonpinheiro.com.br\/site\/aumento-da-temperatura-vai-afetar-a-producao-de-feijao-no-brasil-nas-proximas-decadas\/\" \/>\n<meta property=\"og:locale\" content=\"pt_BR\" \/>\n<meta property=\"og:type\" content=\"article\" \/>\n<meta property=\"og:title\" content=\"Aumento da temperatura vai afetar a produ\u00e7\u00e3o de feij\u00e3o no Brasil nas pr\u00f3ximas d\u00e9cadas - PORTAL DE NOT\u00cdCIAS CLEITON PINHEIRO\" \/>\n<meta property=\"og:description\" content=\"At\u00e9 2050, o Brasil precisa aumentar em 44% a produ\u00e7\u00e3o nacional de feij\u00e3o para atender a demanda do mercado. Isso significa 1 milh\u00e3o e meio de toneladas a mais por ano. \u00c9 o que mostra&nbsp;pesquisa desenvolvida pela Embrapa e pela Universidade de S\u00e3o Paulo. Mas os produtores&nbsp;ter\u00e3o de enfrentar uma eleva\u00e7\u00e3o na temperatura de at\u00e9 [&hellip;]\" \/>\n<meta property=\"og:url\" content=\"https:\/\/cleitonpinheiro.com.br\/site\/aumento-da-temperatura-vai-afetar-a-producao-de-feijao-no-brasil-nas-proximas-decadas\/\" \/>\n<meta property=\"og:site_name\" content=\"PORTAL DE NOT\u00cdCIAS CLEITON PINHEIRO\" \/>\n<meta property=\"article:publisher\" content=\"https:\/\/www.facebook.com\/portalcpnoticias\/\" \/>\n<meta property=\"article:published_time\" content=\"2023-03-06T13:59:21+00:00\" \/>\n<meta property=\"article:modified_time\" content=\"2023-03-07T12:57:45+00:00\" \/>\n<meta property=\"og:image\" content=\"https:\/\/cleitonpinheiro.com.br\/site\/wp-content\/uploads\/2023\/03\/Design-sem-nome-2023-03-06T105739-compressed.jpg\" \/>\n\t<meta property=\"og:image:width\" content=\"750\" \/>\n\t<meta property=\"og:image:height\" content=\"450\" \/>\n\t<meta property=\"og:image:type\" content=\"image\/jpeg\" \/>\n<meta name=\"author\" content=\"Dermival Pereira\" \/>\n<meta name=\"twitter:card\" content=\"summary_large_image\" \/>\n<meta name=\"twitter:label1\" content=\"Escrito por\" \/>\n\t<meta name=\"twitter:data1\" content=\"Dermival Pereira\" \/>\n\t<meta name=\"twitter:label2\" content=\"Est. tempo de leitura\" \/>\n\t<meta name=\"twitter:data2\" content=\"3 minutos\" \/>\n<script type=\"application\/ld+json\" class=\"yoast-schema-graph\">{\"@context\":\"https:\/\/schema.org\",\"@graph\":[{\"@type\":\"Article\",\"@id\":\"https:\/\/cleitonpinheiro.com.br\/site\/aumento-da-temperatura-vai-afetar-a-producao-de-feijao-no-brasil-nas-proximas-decadas\/#article\",\"isPartOf\":{\"@id\":\"https:\/\/cleitonpinheiro.com.br\/site\/aumento-da-temperatura-vai-afetar-a-producao-de-feijao-no-brasil-nas-proximas-decadas\/\"},\"author\":{\"name\":\"Dermival Pereira\",\"@id\":\"https:\/\/cleitonpinheiro.com.br\/site\/#\/schema\/person\/aac6d7f311e80c43042e98a900b03cd8\"},\"headline\":\"Aumento da temperatura vai afetar a produ\u00e7\u00e3o de feij\u00e3o no Brasil nas pr\u00f3ximas d\u00e9cadas\",\"datePublished\":\"2023-03-06T13:59:21+00:00\",\"dateModified\":\"2023-03-07T12:57:45+00:00\",\"mainEntityOfPage\":{\"@id\":\"https:\/\/cleitonpinheiro.com.br\/site\/aumento-da-temperatura-vai-afetar-a-producao-de-feijao-no-brasil-nas-proximas-decadas\/\"},\"wordCount\":445,\"commentCount\":0,\"publisher\":{\"@id\":\"https:\/\/cleitonpinheiro.com.br\/site\/#organization\"},\"image\":{\"@id\":\"https:\/\/cleitonpinheiro.com.br\/site\/aumento-da-temperatura-vai-afetar-a-producao-de-feijao-no-brasil-nas-proximas-decadas\/#primaryimage\"},\"thumbnailUrl\":\"https:\/\/cleitonpinheiro.com.br\/site\/wp-content\/uploads\/2023\/03\/Design-sem-nome-2023-03-06T105739-compressed.jpg\",\"articleSection\":[\"BRASIL \/ MUNDO\",\"TODAS NOTICIAS\"],\"inLanguage\":\"pt-BR\",\"potentialAction\":[{\"@type\":\"CommentAction\",\"name\":\"Comment\",\"target\":[\"https:\/\/cleitonpinheiro.com.br\/site\/aumento-da-temperatura-vai-afetar-a-producao-de-feijao-no-brasil-nas-proximas-decadas\/#respond\"]}]},{\"@type\":\"WebPage\",\"@id\":\"https:\/\/cleitonpinheiro.com.br\/site\/aumento-da-temperatura-vai-afetar-a-producao-de-feijao-no-brasil-nas-proximas-decadas\/\",\"url\":\"https:\/\/cleitonpinheiro.com.br\/site\/aumento-da-temperatura-vai-afetar-a-producao-de-feijao-no-brasil-nas-proximas-decadas\/\",\"name\":\"Aumento da temperatura vai afetar a produ\u00e7\u00e3o de feij\u00e3o no Brasil nas pr\u00f3ximas d\u00e9cadas - PORTAL DE NOT\u00cdCIAS CLEITON PINHEIRO\",\"isPartOf\":{\"@id\":\"https:\/\/cleitonpinheiro.com.br\/site\/#website\"},\"primaryImageOfPage\":{\"@id\":\"https:\/\/cleitonpinheiro.com.br\/site\/aumento-da-temperatura-vai-afetar-a-producao-de-feijao-no-brasil-nas-proximas-decadas\/#primaryimage\"},\"image\":{\"@id\":\"https:\/\/cleitonpinheiro.com.br\/site\/aumento-da-temperatura-vai-afetar-a-producao-de-feijao-no-brasil-nas-proximas-decadas\/#primaryimage\"},\"thumbnailUrl\":\"https:\/\/cleitonpinheiro.com.br\/site\/wp-content\/uploads\/2023\/03\/Design-sem-nome-2023-03-06T105739-compressed.jpg\",\"datePublished\":\"2023-03-06T13:59:21+00:00\",\"dateModified\":\"2023-03-07T12:57:45+00:00\",\"breadcrumb\":{\"@id\":\"https:\/\/cleitonpinheiro.com.br\/site\/aumento-da-temperatura-vai-afetar-a-producao-de-feijao-no-brasil-nas-proximas-decadas\/#breadcrumb\"},\"inLanguage\":\"pt-BR\",\"potentialAction\":[{\"@type\":\"ReadAction\",\"target\":[\"https:\/\/cleitonpinheiro.com.br\/site\/aumento-da-temperatura-vai-afetar-a-producao-de-feijao-no-brasil-nas-proximas-decadas\/\"]}]},{\"@type\":\"ImageObject\",\"inLanguage\":\"pt-BR\",\"@id\":\"https:\/\/cleitonpinheiro.com.br\/site\/aumento-da-temperatura-vai-afetar-a-producao-de-feijao-no-brasil-nas-proximas-decadas\/#primaryimage\",\"url\":\"\",\"contentUrl\":\"\"},{\"@type\":\"BreadcrumbList\",\"@id\":\"https:\/\/cleitonpinheiro.com.br\/site\/aumento-da-temperatura-vai-afetar-a-producao-de-feijao-no-brasil-nas-proximas-decadas\/#breadcrumb\",\"itemListElement\":[{\"@type\":\"ListItem\",\"position\":1,\"name\":\"In\u00edcio\",\"item\":\"https:\/\/cleitonpinheiro.com.br\/site\/\"},{\"@type\":\"ListItem\",\"position\":2,\"name\":\"Aumento da temperatura vai afetar a produ\u00e7\u00e3o de feij\u00e3o no Brasil nas pr\u00f3ximas d\u00e9cadas\"}]},{\"@type\":\"WebSite\",\"@id\":\"https:\/\/cleitonpinheiro.com.br\/site\/#website\",\"url\":\"https:\/\/cleitonpinheiro.com.br\/site\/\",\"name\":\"PORTAL DE NOT\u00cdCIAS CLEITON PINHEIRO\",\"description\":\"FALANDO A VERDADE\",\"publisher\":{\"@id\":\"https:\/\/cleitonpinheiro.com.br\/site\/#organization\"},\"potentialAction\":[{\"@type\":\"SearchAction\",\"target\":{\"@type\":\"EntryPoint\",\"urlTemplate\":\"https:\/\/cleitonpinheiro.com.br\/site\/?s={search_term_string}\"},\"query-input\":{\"@type\":\"PropertyValueSpecification\",\"valueRequired\":true,\"valueName\":\"search_term_string\"}}],\"inLanguage\":\"pt-BR\"},{\"@type\":\"Organization\",\"@id\":\"https:\/\/cleitonpinheiro.com.br\/site\/#organization\",\"name\":\"CPNOT\u00cdCIAS\",\"url\":\"https:\/\/cleitonpinheiro.com.br\/site\/\",\"logo\":{\"@type\":\"ImageObject\",\"inLanguage\":\"pt-BR\",\"@id\":\"https:\/\/cleitonpinheiro.com.br\/site\/#\/schema\/logo\/image\/\",\"url\":\"https:\/\/cleitonpinheiro.com.br\/site\/wp-content\/uploads\/2022\/08\/Logo-pequena-2.png\",\"contentUrl\":\"https:\/\/cleitonpinheiro.com.br\/site\/wp-content\/uploads\/2022\/08\/Logo-pequena-2.png\",\"width\":500,\"height\":500,\"caption\":\"CPNOT\u00cdCIAS\"},\"image\":{\"@id\":\"https:\/\/cleitonpinheiro.com.br\/site\/#\/schema\/logo\/image\/\"},\"sameAs\":[\"https:\/\/www.facebook.com\/portalcpnoticias\/\"]},{\"@type\":\"Person\",\"@id\":\"https:\/\/cleitonpinheiro.com.br\/site\/#\/schema\/person\/aac6d7f311e80c43042e98a900b03cd8\",\"name\":\"Dermival Pereira\",\"image\":{\"@type\":\"ImageObject\",\"inLanguage\":\"pt-BR\",\"@id\":\"https:\/\/cleitonpinheiro.com.br\/site\/#\/schema\/person\/image\/\",\"url\":\"https:\/\/secure.gravatar.com\/avatar\/cfaebf3742d6bf8db728bcba3eed6bee37b02337a2e6c822994f20ca72a3784d?s=96&r=g\",\"contentUrl\":\"https:\/\/secure.gravatar.com\/avatar\/cfaebf3742d6bf8db728bcba3eed6bee37b02337a2e6c822994f20ca72a3784d?s=96&r=g\",\"caption\":\"Dermival Pereira\"},\"url\":\"https:\/\/cleitonpinheiro.com.br\/site\/author\/dermival\/\"}]}<\/script>\n<!-- \/ Yoast SEO plugin. -->","yoast_head_json":{"title":"Aumento da temperatura vai afetar a produ\u00e7\u00e3o de feij\u00e3o no Brasil nas pr\u00f3ximas d\u00e9cadas - PORTAL DE NOT\u00cdCIAS CLEITON PINHEIRO","robots":{"index":"index","follow":"follow","max-snippet":"max-snippet:-1","max-image-preview":"max-image-preview:large","max-video-preview":"max-video-preview:-1"},"canonical":"https:\/\/cleitonpinheiro.com.br\/site\/aumento-da-temperatura-vai-afetar-a-producao-de-feijao-no-brasil-nas-proximas-decadas\/","og_locale":"pt_BR","og_type":"article","og_title":"Aumento da temperatura vai afetar a produ\u00e7\u00e3o de feij\u00e3o no Brasil nas pr\u00f3ximas d\u00e9cadas - PORTAL DE NOT\u00cdCIAS CLEITON PINHEIRO","og_description":"At\u00e9 2050, o Brasil precisa aumentar em 44% a produ\u00e7\u00e3o nacional de feij\u00e3o para atender a demanda do mercado. Isso significa 1 milh\u00e3o e meio de toneladas a mais por ano. \u00c9 o que mostra&nbsp;pesquisa desenvolvida pela Embrapa e pela Universidade de S\u00e3o Paulo. Mas os produtores&nbsp;ter\u00e3o de enfrentar uma eleva\u00e7\u00e3o na temperatura de at\u00e9 [&hellip;]","og_url":"https:\/\/cleitonpinheiro.com.br\/site\/aumento-da-temperatura-vai-afetar-a-producao-de-feijao-no-brasil-nas-proximas-decadas\/","og_site_name":"PORTAL DE NOT\u00cdCIAS CLEITON PINHEIRO","article_publisher":"https:\/\/www.facebook.com\/portalcpnoticias\/","article_published_time":"2023-03-06T13:59:21+00:00","article_modified_time":"2023-03-07T12:57:45+00:00","og_image":[{"width":750,"height":450,"url":"https:\/\/cleitonpinheiro.com.br\/site\/wp-content\/uploads\/2023\/03\/Design-sem-nome-2023-03-06T105739-compressed.jpg","type":"image\/jpeg"}],"author":"Dermival Pereira","twitter_card":"summary_large_image","twitter_misc":{"Escrito por":"Dermival Pereira","Est. tempo de leitura":"3 minutos"},"schema":{"@context":"https:\/\/schema.org","@graph":[{"@type":"Article","@id":"https:\/\/cleitonpinheiro.com.br\/site\/aumento-da-temperatura-vai-afetar-a-producao-de-feijao-no-brasil-nas-proximas-decadas\/#article","isPartOf":{"@id":"https:\/\/cleitonpinheiro.com.br\/site\/aumento-da-temperatura-vai-afetar-a-producao-de-feijao-no-brasil-nas-proximas-decadas\/"},"author":{"name":"Dermival Pereira","@id":"https:\/\/cleitonpinheiro.com.br\/site\/#\/schema\/person\/aac6d7f311e80c43042e98a900b03cd8"},"headline":"Aumento da temperatura vai afetar a produ\u00e7\u00e3o de feij\u00e3o no Brasil nas pr\u00f3ximas d\u00e9cadas","datePublished":"2023-03-06T13:59:21+00:00","dateModified":"2023-03-07T12:57:45+00:00","mainEntityOfPage":{"@id":"https:\/\/cleitonpinheiro.com.br\/site\/aumento-da-temperatura-vai-afetar-a-producao-de-feijao-no-brasil-nas-proximas-decadas\/"},"wordCount":445,"commentCount":0,"publisher":{"@id":"https:\/\/cleitonpinheiro.com.br\/site\/#organization"},"image":{"@id":"https:\/\/cleitonpinheiro.com.br\/site\/aumento-da-temperatura-vai-afetar-a-producao-de-feijao-no-brasil-nas-proximas-decadas\/#primaryimage"},"thumbnailUrl":"https:\/\/cleitonpinheiro.com.br\/site\/wp-content\/uploads\/2023\/03\/Design-sem-nome-2023-03-06T105739-compressed.jpg","articleSection":["BRASIL \/ MUNDO","TODAS NOTICIAS"],"inLanguage":"pt-BR","potentialAction":[{"@type":"CommentAction","name":"Comment","target":["https:\/\/cleitonpinheiro.com.br\/site\/aumento-da-temperatura-vai-afetar-a-producao-de-feijao-no-brasil-nas-proximas-decadas\/#respond"]}]},{"@type":"WebPage","@id":"https:\/\/cleitonpinheiro.com.br\/site\/aumento-da-temperatura-vai-afetar-a-producao-de-feijao-no-brasil-nas-proximas-decadas\/","url":"https:\/\/cleitonpinheiro.com.br\/site\/aumento-da-temperatura-vai-afetar-a-producao-de-feijao-no-brasil-nas-proximas-decadas\/","name":"Aumento da temperatura vai afetar a produ\u00e7\u00e3o de feij\u00e3o no Brasil nas pr\u00f3ximas d\u00e9cadas - PORTAL DE NOT\u00cdCIAS CLEITON PINHEIRO","isPartOf":{"@id":"https:\/\/cleitonpinheiro.com.br\/site\/#website"},"primaryImageOfPage":{"@id":"https:\/\/cleitonpinheiro.com.br\/site\/aumento-da-temperatura-vai-afetar-a-producao-de-feijao-no-brasil-nas-proximas-decadas\/#primaryimage"},"image":{"@id":"https:\/\/cleitonpinheiro.com.br\/site\/aumento-da-temperatura-vai-afetar-a-producao-de-feijao-no-brasil-nas-proximas-decadas\/#primaryimage"},"thumbnailUrl":"https:\/\/cleitonpinheiro.com.br\/site\/wp-content\/uploads\/2023\/03\/Design-sem-nome-2023-03-06T105739-compressed.jpg","datePublished":"2023-03-06T13:59:21+00:00","dateModified":"2023-03-07T12:57:45+00:00","breadcrumb":{"@id":"https:\/\/cleitonpinheiro.com.br\/site\/aumento-da-temperatura-vai-afetar-a-producao-de-feijao-no-brasil-nas-proximas-decadas\/#breadcrumb"},"inLanguage":"pt-BR","potentialAction":[{"@type":"ReadAction","target":["https:\/\/cleitonpinheiro.com.br\/site\/aumento-da-temperatura-vai-afetar-a-producao-de-feijao-no-brasil-nas-proximas-decadas\/"]}]},{"@type":"ImageObject","inLanguage":"pt-BR","@id":"https:\/\/cleitonpinheiro.com.br\/site\/aumento-da-temperatura-vai-afetar-a-producao-de-feijao-no-brasil-nas-proximas-decadas\/#primaryimage","url":"","contentUrl":""},{"@type":"BreadcrumbList","@id":"https:\/\/cleitonpinheiro.com.br\/site\/aumento-da-temperatura-vai-afetar-a-producao-de-feijao-no-brasil-nas-proximas-decadas\/#breadcrumb","itemListElement":[{"@type":"ListItem","position":1,"name":"In\u00edcio","item":"https:\/\/cleitonpinheiro.com.br\/site\/"},{"@type":"ListItem","position":2,"name":"Aumento da temperatura vai afetar a produ\u00e7\u00e3o de feij\u00e3o no Brasil nas pr\u00f3ximas d\u00e9cadas"}]},{"@type":"WebSite","@id":"https:\/\/cleitonpinheiro.com.br\/site\/#website","url":"https:\/\/cleitonpinheiro.com.br\/site\/","name":"PORTAL DE NOT\u00cdCIAS CLEITON PINHEIRO","description":"FALANDO A VERDADE","publisher":{"@id":"https:\/\/cleitonpinheiro.com.br\/site\/#organization"},"potentialAction":[{"@type":"SearchAction","target":{"@type":"EntryPoint","urlTemplate":"https:\/\/cleitonpinheiro.com.br\/site\/?s={search_term_string}"},"query-input":{"@type":"PropertyValueSpecification","valueRequired":true,"valueName":"search_term_string"}}],"inLanguage":"pt-BR"},{"@type":"Organization","@id":"https:\/\/cleitonpinheiro.com.br\/site\/#organization","name":"CPNOT\u00cdCIAS","url":"https:\/\/cleitonpinheiro.com.br\/site\/","logo":{"@type":"ImageObject","inLanguage":"pt-BR","@id":"https:\/\/cleitonpinheiro.com.br\/site\/#\/schema\/logo\/image\/","url":"https:\/\/cleitonpinheiro.com.br\/site\/wp-content\/uploads\/2022\/08\/Logo-pequena-2.png","contentUrl":"https:\/\/cleitonpinheiro.com.br\/site\/wp-content\/uploads\/2022\/08\/Logo-pequena-2.png","width":500,"height":500,"caption":"CPNOT\u00cdCIAS"},"image":{"@id":"https:\/\/cleitonpinheiro.com.br\/site\/#\/schema\/logo\/image\/"},"sameAs":["https:\/\/www.facebook.com\/portalcpnoticias\/"]},{"@type":"Person","@id":"https:\/\/cleitonpinheiro.com.br\/site\/#\/schema\/person\/aac6d7f311e80c43042e98a900b03cd8","name":"Dermival Pereira","image":{"@type":"ImageObject","inLanguage":"pt-BR","@id":"https:\/\/cleitonpinheiro.com.br\/site\/#\/schema\/person\/image\/","url":"https:\/\/secure.gravatar.com\/avatar\/cfaebf3742d6bf8db728bcba3eed6bee37b02337a2e6c822994f20ca72a3784d?s=96&r=g","contentUrl":"https:\/\/secure.gravatar.com\/avatar\/cfaebf3742d6bf8db728bcba3eed6bee37b02337a2e6c822994f20ca72a3784d?s=96&r=g","caption":"Dermival Pereira"},"url":"https:\/\/cleitonpinheiro.com.br\/site\/author\/dermival\/"}]}},"views":314,"_links":{"self":[{"href":"https:\/\/cleitonpinheiro.com.br\/site\/wp-json\/wp\/v2\/posts\/68810","targetHints":{"allow":["GET"]}}],"collection":[{"href":"https:\/\/cleitonpinheiro.com.br\/site\/wp-json\/wp\/v2\/posts"}],"about":[{"href":"https:\/\/cleitonpinheiro.com.br\/site\/wp-json\/wp\/v2\/types\/post"}],"author":[{"embeddable":true,"href":"https:\/\/cleitonpinheiro.com.br\/site\/wp-json\/wp\/v2\/users\/4"}],"replies":[{"embeddable":true,"href":"https:\/\/cleitonpinheiro.com.br\/site\/wp-json\/wp\/v2\/comments?post=68810"}],"version-history":[{"count":2,"href":"https:\/\/cleitonpinheiro.com.br\/site\/wp-json\/wp\/v2\/posts\/68810\/revisions"}],"predecessor-version":[{"id":68867,"href":"https:\/\/cleitonpinheiro.com.br\/site\/wp-json\/wp\/v2\/posts\/68810\/revisions\/68867"}],"wp:attachment":[{"href":"https:\/\/cleitonpinheiro.com.br\/site\/wp-json\/wp\/v2\/media?parent=68810"}],"wp:term":[{"taxonomy":"category","embeddable":true,"href":"https:\/\/cleitonpinheiro.com.br\/site\/wp-json\/wp\/v2\/categories?post=68810"},{"taxonomy":"post_tag","embeddable":true,"href":"https:\/\/cleitonpinheiro.com.br\/site\/wp-json\/wp\/v2\/tags?post=68810"}],"curies":[{"name":"wp","href":"https:\/\/api.w.org\/{rel}","templated":true}]}}