{"id":68813,"date":"2023-03-06T15:18:55","date_gmt":"2023-03-06T18:18:55","guid":{"rendered":"https:\/\/cleitonpinheiro.com.br\/site\/?p=68813"},"modified":"2023-03-07T09:57:23","modified_gmt":"2023-03-07T12:57:23","slug":"cleiton-pinheiro-protocola-oficio-ao-governador-requerendo-a-inclusao-da-ajusp-to-no-comite-que-analisa-a-implementacao-dos-25-dos-servidores-do-quadro-geral-e-da-saude","status":"publish","type":"post","link":"https:\/\/cleitonpinheiro.com.br\/site\/cleiton-pinheiro-protocola-oficio-ao-governador-requerendo-a-inclusao-da-ajusp-to-no-comite-que-analisa-a-implementacao-dos-25-dos-servidores-do-quadro-geral-e-da-saude\/","title":{"rendered":"Cleiton Pinheiro protocola of\u00edcio ao governador requerendo a inclus\u00e3o da AJUSP-TO no Comit\u00ea que analisa a implementa\u00e7\u00e3o dos 25% dos servidores"},"content":{"rendered":"\n<figure class=\"wp-block-image size-full is-resized\"><img fetchpriority=\"high\" decoding=\"async\" src=\"https:\/\/cleitonpinheiro.com.br\/site\/wp-content\/uploads\/2023\/03\/Design-sem-nome-2023-03-06T151733.794.png\" alt=\"\" class=\"wp-image-68814\" width=\"1020\" height=\"612\"\/><figcaption class=\"wp-element-caption\">Cleiton Pinheiro, presidente da AJUSP-TO &#8211; Foto: Divulga\u00e7\u00e3o<\/figcaption><\/figure>\n\n\n\n<p>O presidente da Associa\u00e7\u00e3o de Assist\u00eancia Jur\u00eddica dos Servidores P\u00fablicos no Estado do Tocantins (AJUSP-TO), Cleiton Pinheiro, protocolou na manh\u00e3 desta segunda-feira, 6, of\u00edcio ao governador Wanderlei Barbosa (Republicanos) solicitando que a gest\u00e3o inclua\u00a0 a entidade no Comit\u00ea Executivo criado para a realiza\u00e7\u00e3o de estudos e levantamento de dados que auxiliem a gest\u00e3o a cumprir a decis\u00e3o proferida pelo Supremo Tribunal Federal (STF), no \u00e2mbito da A\u00e7\u00e3o Direta de Inconstitucionalidade, ADI-4.013\/TO.<br><br>Em v\u00eddeo divulgado nas redes sociais, Pinheiro cobrou a inclus\u00e3o da AJUSP-TO nos debates dos 25% na tabela financeira dos servidores. confira a seguir a integra do v\u00eddeo. <\/p>\n\n\n\n<figure class=\"wp-block-embed is-type-video is-provider-youtube wp-block-embed-youtube wp-embed-aspect-16-9 wp-has-aspect-ratio\"><div class=\"wp-block-embed__wrapper\">\n<iframe title=\"Cleiton Pinheiro requer a inclus\u00e3o da AJUSP-TO  no Comit\u00ea que analisa a implementa\u00e7\u00e3o dos 25%\" width=\"800\" height=\"450\" src=\"https:\/\/www.youtube.com\/embed\/XE57SyXkt_I?feature=oembed\" frameborder=\"0\" allow=\"accelerometer; autoplay; clipboard-write; encrypted-media; gyroscope; picture-in-picture; web-share\" allowfullscreen><\/iframe>\n<\/div><\/figure>\n\n\n\n<p>O Decreto N\u00ba 6.591, em que o Governo institui o comit\u00ea executivo para realiza\u00e7\u00e3o dos estudos foi publicado na quarta-feira, 1\u00aa, e inclui como membros, somente os titulares de Pastas Gestoras do Poder Executivo Estadual, sendo, o Procurador-Geral do Estado, na condi\u00e7\u00e3o de coordenador e os Secret\u00e1rios de Estado da Fazenda, do Planejamento e Or\u00e7amento, da Administra\u00e7\u00e3o, da Sa\u00fade, al\u00e9m do Presidente do Instituto de Gest\u00e3o Previdenci\u00e1ria do Estado do Tocantins \u2013 IGEPREV-TOCANTINS.<\/p>\n\n\n\n<p>A a\u00e7\u00e3o, j\u00e1 transitada em julgado na Corte trata do reajuste de 25% a que t\u00eam direito os servidores p\u00fablicos do Quadro Geral e da Sa\u00fade do Tocantins e a AJUSP-TO, representante legitima dos servidores no \u00e2mbito da a\u00e7\u00e3o, quer participar dos debates e contribui com a defini\u00e7\u00e3o sobre o alcance da decis\u00e3o quanto aos servidores a serem abrangidos.<\/p>\n\n\n\n<p>Pinheiro lembra no documento que \u2018a n\u00e3o inclus\u00e3o das entidades representativas, demonstra evidente preju\u00edzo a representatividade dos servidores abrangidos, diante da exclus\u00e3o dos representantes das Entidades Classistas representativas dos servidores p\u00fablicos do Quadro Geral e dos Profissionais da Sa\u00fade, na composi\u00e7\u00e3o do comit\u00ea executivo, ora institu\u00eddo por Vossa Excel\u00eancia, em inobserv\u00e2ncia ao disposto na Constitui\u00e7\u00e3o Federal e na al\u00ednea \u201cd\u201d do art. 513, da Consolida\u00e7\u00e3o das Leis do Trabalho -CLT, que preconiza como prerrogativas dos sindicatos, colaborar com o Estado, como \u00f3rg\u00e3o t\u00e9cnicos e consultivos, no estudo e solu\u00e7\u00e3o dos problemas que se relacionam com a respectiva categoria ou profiss\u00e3o liberal\u2019, aponta o presidente.<\/p>\n\n\n\n<p><strong>O que diz a Lei:<\/strong><br><br>Art. 513. S\u00e3o prerrogativas dos sindicatos:<\/p>\n\n\n\n<p>d) colaborar com o Estado, como \u00f3rg\u00e3os t\u00e9cnicos e consultivos, no estudo e solu\u00e7\u00e3o dos problemas que se relacionam com a respectiva categoria ou profiss\u00e3o liberal.<\/p>\n","protected":false},"excerpt":{"rendered":"<p>O presidente da Associa\u00e7\u00e3o de Assist\u00eancia Jur\u00eddica dos Servidores P\u00fablicos no Estado do Tocantins (AJUSP-TO), Cleiton Pinheiro, protocolou na manh\u00e3 desta segunda-feira, 6, of\u00edcio ao governador Wanderlei Barbosa (Republicanos) solicitando que a gest\u00e3o inclua\u00a0 a entidade no Comit\u00ea Executivo criado para a realiza\u00e7\u00e3o de estudos e levantamento de dados que auxiliem a gest\u00e3o a cumprir [&hellip;]<\/p>\n","protected":false},"author":4,"featured_media":0,"comment_status":"open","ping_status":"open","sticky":false,"template":"","format":"standard","meta":{"_acf_changed":false,"footnotes":""},"categories":[25,21],"tags":[],"class_list":["post-68813","post","type-post","status-publish","format-standard","hentry","category-funcionalismo","category-todas-noticias"],"acf":[],"yoast_head":"<!-- This site is optimized with the Yoast SEO plugin v24.4 - https:\/\/yoast.com\/wordpress\/plugins\/seo\/ -->\n<title>Cleiton Pinheiro protocola of\u00edcio ao governador requerendo a inclus\u00e3o da AJUSP-TO no Comit\u00ea que analisa a implementa\u00e7\u00e3o dos 25% dos servidores - PORTAL DE NOT\u00cdCIAS CLEITON PINHEIRO<\/title>\n<meta name=\"robots\" content=\"index, follow, max-snippet:-1, max-image-preview:large, max-video-preview:-1\" \/>\n<link rel=\"canonical\" href=\"https:\/\/cleitonpinheiro.com.br\/site\/cleiton-pinheiro-protocola-oficio-ao-governador-requerendo-a-inclusao-da-ajusp-to-no-comite-que-analisa-a-implementacao-dos-25-dos-servidores-do-quadro-geral-e-da-saude\/\" \/>\n<meta property=\"og:locale\" content=\"pt_BR\" \/>\n<meta property=\"og:type\" content=\"article\" \/>\n<meta property=\"og:title\" content=\"Cleiton Pinheiro protocola of\u00edcio ao governador requerendo a inclus\u00e3o da AJUSP-TO no Comit\u00ea que analisa a implementa\u00e7\u00e3o dos 25% dos servidores - PORTAL DE NOT\u00cdCIAS CLEITON PINHEIRO\" \/>\n<meta property=\"og:description\" content=\"O presidente da Associa\u00e7\u00e3o de Assist\u00eancia Jur\u00eddica dos Servidores P\u00fablicos no Estado do Tocantins (AJUSP-TO), Cleiton Pinheiro, protocolou na manh\u00e3 desta segunda-feira, 6, of\u00edcio ao governador Wanderlei Barbosa (Republicanos) solicitando que a gest\u00e3o inclua\u00a0 a entidade no Comit\u00ea Executivo criado para a realiza\u00e7\u00e3o de estudos e levantamento de dados que auxiliem a gest\u00e3o a cumprir [&hellip;]\" \/>\n<meta property=\"og:url\" content=\"https:\/\/cleitonpinheiro.com.br\/site\/cleiton-pinheiro-protocola-oficio-ao-governador-requerendo-a-inclusao-da-ajusp-to-no-comite-que-analisa-a-implementacao-dos-25-dos-servidores-do-quadro-geral-e-da-saude\/\" \/>\n<meta property=\"og:site_name\" content=\"PORTAL DE NOT\u00cdCIAS CLEITON PINHEIRO\" \/>\n<meta property=\"article:publisher\" content=\"https:\/\/www.facebook.com\/portalcpnoticias\/\" \/>\n<meta property=\"article:published_time\" content=\"2023-03-06T18:18:55+00:00\" \/>\n<meta property=\"article:modified_time\" content=\"2023-03-07T12:57:23+00:00\" \/>\n<meta property=\"og:image\" content=\"https:\/\/cleitonpinheiro.com.br\/site\/wp-content\/uploads\/2023\/03\/Design-sem-nome-2023-03-06T151733-compressed.jpg\" \/>\n\t<meta property=\"og:image:width\" content=\"750\" \/>\n\t<meta property=\"og:image:height\" content=\"450\" \/>\n\t<meta property=\"og:image:type\" content=\"image\/jpeg\" \/>\n<meta name=\"author\" content=\"Dermival Pereira\" \/>\n<meta name=\"twitter:card\" content=\"summary_large_image\" \/>\n<meta name=\"twitter:label1\" content=\"Escrito por\" \/>\n\t<meta name=\"twitter:data1\" content=\"Dermival Pereira\" \/>\n\t<meta name=\"twitter:label2\" content=\"Est. tempo de leitura\" \/>\n\t<meta name=\"twitter:data2\" content=\"3 minutos\" \/>\n<script type=\"application\/ld+json\" class=\"yoast-schema-graph\">{\"@context\":\"https:\/\/schema.org\",\"@graph\":[{\"@type\":\"Article\",\"@id\":\"https:\/\/cleitonpinheiro.com.br\/site\/cleiton-pinheiro-protocola-oficio-ao-governador-requerendo-a-inclusao-da-ajusp-to-no-comite-que-analisa-a-implementacao-dos-25-dos-servidores-do-quadro-geral-e-da-saude\/#article\",\"isPartOf\":{\"@id\":\"https:\/\/cleitonpinheiro.com.br\/site\/cleiton-pinheiro-protocola-oficio-ao-governador-requerendo-a-inclusao-da-ajusp-to-no-comite-que-analisa-a-implementacao-dos-25-dos-servidores-do-quadro-geral-e-da-saude\/\"},\"author\":{\"name\":\"Dermival Pereira\",\"@id\":\"https:\/\/cleitonpinheiro.com.br\/site\/#\/schema\/person\/aac6d7f311e80c43042e98a900b03cd8\"},\"headline\":\"Cleiton Pinheiro protocola of\u00edcio ao governador requerendo a inclus\u00e3o da AJUSP-TO no Comit\u00ea que analisa a implementa\u00e7\u00e3o dos 25% dos servidores\",\"datePublished\":\"2023-03-06T18:18:55+00:00\",\"dateModified\":\"2023-03-07T12:57:23+00:00\",\"mainEntityOfPage\":{\"@id\":\"https:\/\/cleitonpinheiro.com.br\/site\/cleiton-pinheiro-protocola-oficio-ao-governador-requerendo-a-inclusao-da-ajusp-to-no-comite-que-analisa-a-implementacao-dos-25-dos-servidores-do-quadro-geral-e-da-saude\/\"},\"wordCount\":457,\"commentCount\":0,\"publisher\":{\"@id\":\"https:\/\/cleitonpinheiro.com.br\/site\/#organization\"},\"image\":{\"@id\":\"https:\/\/cleitonpinheiro.com.br\/site\/cleiton-pinheiro-protocola-oficio-ao-governador-requerendo-a-inclusao-da-ajusp-to-no-comite-que-analisa-a-implementacao-dos-25-dos-servidores-do-quadro-geral-e-da-saude\/#primaryimage\"},\"thumbnailUrl\":\"https:\/\/cleitonpinheiro.com.br\/site\/wp-content\/uploads\/2023\/03\/Design-sem-nome-2023-03-06T151733.794.png\",\"articleSection\":[\"FUNCIONALISMO\",\"TODAS NOTICIAS\"],\"inLanguage\":\"pt-BR\",\"potentialAction\":[{\"@type\":\"CommentAction\",\"name\":\"Comment\",\"target\":[\"https:\/\/cleitonpinheiro.com.br\/site\/cleiton-pinheiro-protocola-oficio-ao-governador-requerendo-a-inclusao-da-ajusp-to-no-comite-que-analisa-a-implementacao-dos-25-dos-servidores-do-quadro-geral-e-da-saude\/#respond\"]}]},{\"@type\":\"WebPage\",\"@id\":\"https:\/\/cleitonpinheiro.com.br\/site\/cleiton-pinheiro-protocola-oficio-ao-governador-requerendo-a-inclusao-da-ajusp-to-no-comite-que-analisa-a-implementacao-dos-25-dos-servidores-do-quadro-geral-e-da-saude\/\",\"url\":\"https:\/\/cleitonpinheiro.com.br\/site\/cleiton-pinheiro-protocola-oficio-ao-governador-requerendo-a-inclusao-da-ajusp-to-no-comite-que-analisa-a-implementacao-dos-25-dos-servidores-do-quadro-geral-e-da-saude\/\",\"name\":\"Cleiton Pinheiro protocola of\u00edcio ao governador requerendo a inclus\u00e3o da AJUSP-TO no Comit\u00ea que analisa a implementa\u00e7\u00e3o dos 25% dos servidores - PORTAL DE NOT\u00cdCIAS CLEITON PINHEIRO\",\"isPartOf\":{\"@id\":\"https:\/\/cleitonpinheiro.com.br\/site\/#website\"},\"primaryImageOfPage\":{\"@id\":\"https:\/\/cleitonpinheiro.com.br\/site\/cleiton-pinheiro-protocola-oficio-ao-governador-requerendo-a-inclusao-da-ajusp-to-no-comite-que-analisa-a-implementacao-dos-25-dos-servidores-do-quadro-geral-e-da-saude\/#primaryimage\"},\"image\":{\"@id\":\"https:\/\/cleitonpinheiro.com.br\/site\/cleiton-pinheiro-protocola-oficio-ao-governador-requerendo-a-inclusao-da-ajusp-to-no-comite-que-analisa-a-implementacao-dos-25-dos-servidores-do-quadro-geral-e-da-saude\/#primaryimage\"},\"thumbnailUrl\":\"https:\/\/cleitonpinheiro.com.br\/site\/wp-content\/uploads\/2023\/03\/Design-sem-nome-2023-03-06T151733.794.png\",\"datePublished\":\"2023-03-06T18:18:55+00:00\",\"dateModified\":\"2023-03-07T12:57:23+00:00\",\"breadcrumb\":{\"@id\":\"https:\/\/cleitonpinheiro.com.br\/site\/cleiton-pinheiro-protocola-oficio-ao-governador-requerendo-a-inclusao-da-ajusp-to-no-comite-que-analisa-a-implementacao-dos-25-dos-servidores-do-quadro-geral-e-da-saude\/#breadcrumb\"},\"inLanguage\":\"pt-BR\",\"potentialAction\":[{\"@type\":\"ReadAction\",\"target\":[\"https:\/\/cleitonpinheiro.com.br\/site\/cleiton-pinheiro-protocola-oficio-ao-governador-requerendo-a-inclusao-da-ajusp-to-no-comite-que-analisa-a-implementacao-dos-25-dos-servidores-do-quadro-geral-e-da-saude\/\"]}]},{\"@type\":\"ImageObject\",\"inLanguage\":\"pt-BR\",\"@id\":\"https:\/\/cleitonpinheiro.com.br\/site\/cleiton-pinheiro-protocola-oficio-ao-governador-requerendo-a-inclusao-da-ajusp-to-no-comite-que-analisa-a-implementacao-dos-25-dos-servidores-do-quadro-geral-e-da-saude\/#primaryimage\",\"url\":\"\",\"contentUrl\":\"\"},{\"@type\":\"BreadcrumbList\",\"@id\":\"https:\/\/cleitonpinheiro.com.br\/site\/cleiton-pinheiro-protocola-oficio-ao-governador-requerendo-a-inclusao-da-ajusp-to-no-comite-que-analisa-a-implementacao-dos-25-dos-servidores-do-quadro-geral-e-da-saude\/#breadcrumb\",\"itemListElement\":[{\"@type\":\"ListItem\",\"position\":1,\"name\":\"In\u00edcio\",\"item\":\"https:\/\/cleitonpinheiro.com.br\/site\/\"},{\"@type\":\"ListItem\",\"position\":2,\"name\":\"Cleiton Pinheiro protocola of\u00edcio ao governador requerendo a inclus\u00e3o da AJUSP-TO no Comit\u00ea que analisa a implementa\u00e7\u00e3o dos 25% dos servidores\"}]},{\"@type\":\"WebSite\",\"@id\":\"https:\/\/cleitonpinheiro.com.br\/site\/#website\",\"url\":\"https:\/\/cleitonpinheiro.com.br\/site\/\",\"name\":\"PORTAL DE NOT\u00cdCIAS CLEITON PINHEIRO\",\"description\":\"FALANDO A VERDADE\",\"publisher\":{\"@id\":\"https:\/\/cleitonpinheiro.com.br\/site\/#organization\"},\"potentialAction\":[{\"@type\":\"SearchAction\",\"target\":{\"@type\":\"EntryPoint\",\"urlTemplate\":\"https:\/\/cleitonpinheiro.com.br\/site\/?s={search_term_string}\"},\"query-input\":{\"@type\":\"PropertyValueSpecification\",\"valueRequired\":true,\"valueName\":\"search_term_string\"}}],\"inLanguage\":\"pt-BR\"},{\"@type\":\"Organization\",\"@id\":\"https:\/\/cleitonpinheiro.com.br\/site\/#organization\",\"name\":\"CPNOT\u00cdCIAS\",\"url\":\"https:\/\/cleitonpinheiro.com.br\/site\/\",\"logo\":{\"@type\":\"ImageObject\",\"inLanguage\":\"pt-BR\",\"@id\":\"https:\/\/cleitonpinheiro.com.br\/site\/#\/schema\/logo\/image\/\",\"url\":\"https:\/\/cleitonpinheiro.com.br\/site\/wp-content\/uploads\/2022\/08\/Logo-pequena-2.png\",\"contentUrl\":\"https:\/\/cleitonpinheiro.com.br\/site\/wp-content\/uploads\/2022\/08\/Logo-pequena-2.png\",\"width\":500,\"height\":500,\"caption\":\"CPNOT\u00cdCIAS\"},\"image\":{\"@id\":\"https:\/\/cleitonpinheiro.com.br\/site\/#\/schema\/logo\/image\/\"},\"sameAs\":[\"https:\/\/www.facebook.com\/portalcpnoticias\/\"]},{\"@type\":\"Person\",\"@id\":\"https:\/\/cleitonpinheiro.com.br\/site\/#\/schema\/person\/aac6d7f311e80c43042e98a900b03cd8\",\"name\":\"Dermival Pereira\",\"image\":{\"@type\":\"ImageObject\",\"inLanguage\":\"pt-BR\",\"@id\":\"https:\/\/cleitonpinheiro.com.br\/site\/#\/schema\/person\/image\/\",\"url\":\"https:\/\/secure.gravatar.com\/avatar\/cfaebf3742d6bf8db728bcba3eed6bee37b02337a2e6c822994f20ca72a3784d?s=96&r=g\",\"contentUrl\":\"https:\/\/secure.gravatar.com\/avatar\/cfaebf3742d6bf8db728bcba3eed6bee37b02337a2e6c822994f20ca72a3784d?s=96&r=g\",\"caption\":\"Dermival Pereira\"},\"url\":\"https:\/\/cleitonpinheiro.com.br\/site\/author\/dermival\/\"}]}<\/script>\n<!-- \/ Yoast SEO plugin. -->","yoast_head_json":{"title":"Cleiton Pinheiro protocola of\u00edcio ao governador requerendo a inclus\u00e3o da AJUSP-TO no Comit\u00ea que analisa a implementa\u00e7\u00e3o dos 25% dos servidores - PORTAL DE NOT\u00cdCIAS CLEITON PINHEIRO","robots":{"index":"index","follow":"follow","max-snippet":"max-snippet:-1","max-image-preview":"max-image-preview:large","max-video-preview":"max-video-preview:-1"},"canonical":"https:\/\/cleitonpinheiro.com.br\/site\/cleiton-pinheiro-protocola-oficio-ao-governador-requerendo-a-inclusao-da-ajusp-to-no-comite-que-analisa-a-implementacao-dos-25-dos-servidores-do-quadro-geral-e-da-saude\/","og_locale":"pt_BR","og_type":"article","og_title":"Cleiton Pinheiro protocola of\u00edcio ao governador requerendo a inclus\u00e3o da AJUSP-TO no Comit\u00ea que analisa a implementa\u00e7\u00e3o dos 25% dos servidores - PORTAL DE NOT\u00cdCIAS CLEITON PINHEIRO","og_description":"O presidente da Associa\u00e7\u00e3o de Assist\u00eancia Jur\u00eddica dos Servidores P\u00fablicos no Estado do Tocantins (AJUSP-TO), Cleiton Pinheiro, protocolou na manh\u00e3 desta segunda-feira, 6, of\u00edcio ao governador Wanderlei Barbosa (Republicanos) solicitando que a gest\u00e3o inclua\u00a0 a entidade no Comit\u00ea Executivo criado para a realiza\u00e7\u00e3o de estudos e levantamento de dados que auxiliem a gest\u00e3o a cumprir [&hellip;]","og_url":"https:\/\/cleitonpinheiro.com.br\/site\/cleiton-pinheiro-protocola-oficio-ao-governador-requerendo-a-inclusao-da-ajusp-to-no-comite-que-analisa-a-implementacao-dos-25-dos-servidores-do-quadro-geral-e-da-saude\/","og_site_name":"PORTAL DE NOT\u00cdCIAS CLEITON PINHEIRO","article_publisher":"https:\/\/www.facebook.com\/portalcpnoticias\/","article_published_time":"2023-03-06T18:18:55+00:00","article_modified_time":"2023-03-07T12:57:23+00:00","og_image":[{"width":750,"height":450,"url":"https:\/\/cleitonpinheiro.com.br\/site\/wp-content\/uploads\/2023\/03\/Design-sem-nome-2023-03-06T151733-compressed.jpg","type":"image\/jpeg"}],"author":"Dermival Pereira","twitter_card":"summary_large_image","twitter_misc":{"Escrito por":"Dermival Pereira","Est. tempo de leitura":"3 minutos"},"schema":{"@context":"https:\/\/schema.org","@graph":[{"@type":"Article","@id":"https:\/\/cleitonpinheiro.com.br\/site\/cleiton-pinheiro-protocola-oficio-ao-governador-requerendo-a-inclusao-da-ajusp-to-no-comite-que-analisa-a-implementacao-dos-25-dos-servidores-do-quadro-geral-e-da-saude\/#article","isPartOf":{"@id":"https:\/\/cleitonpinheiro.com.br\/site\/cleiton-pinheiro-protocola-oficio-ao-governador-requerendo-a-inclusao-da-ajusp-to-no-comite-que-analisa-a-implementacao-dos-25-dos-servidores-do-quadro-geral-e-da-saude\/"},"author":{"name":"Dermival Pereira","@id":"https:\/\/cleitonpinheiro.com.br\/site\/#\/schema\/person\/aac6d7f311e80c43042e98a900b03cd8"},"headline":"Cleiton Pinheiro protocola of\u00edcio ao governador requerendo a inclus\u00e3o da AJUSP-TO no Comit\u00ea que analisa a implementa\u00e7\u00e3o dos 25% dos servidores","datePublished":"2023-03-06T18:18:55+00:00","dateModified":"2023-03-07T12:57:23+00:00","mainEntityOfPage":{"@id":"https:\/\/cleitonpinheiro.com.br\/site\/cleiton-pinheiro-protocola-oficio-ao-governador-requerendo-a-inclusao-da-ajusp-to-no-comite-que-analisa-a-implementacao-dos-25-dos-servidores-do-quadro-geral-e-da-saude\/"},"wordCount":457,"commentCount":0,"publisher":{"@id":"https:\/\/cleitonpinheiro.com.br\/site\/#organization"},"image":{"@id":"https:\/\/cleitonpinheiro.com.br\/site\/cleiton-pinheiro-protocola-oficio-ao-governador-requerendo-a-inclusao-da-ajusp-to-no-comite-que-analisa-a-implementacao-dos-25-dos-servidores-do-quadro-geral-e-da-saude\/#primaryimage"},"thumbnailUrl":"https:\/\/cleitonpinheiro.com.br\/site\/wp-content\/uploads\/2023\/03\/Design-sem-nome-2023-03-06T151733.794.png","articleSection":["FUNCIONALISMO","TODAS NOTICIAS"],"inLanguage":"pt-BR","potentialAction":[{"@type":"CommentAction","name":"Comment","target":["https:\/\/cleitonpinheiro.com.br\/site\/cleiton-pinheiro-protocola-oficio-ao-governador-requerendo-a-inclusao-da-ajusp-to-no-comite-que-analisa-a-implementacao-dos-25-dos-servidores-do-quadro-geral-e-da-saude\/#respond"]}]},{"@type":"WebPage","@id":"https:\/\/cleitonpinheiro.com.br\/site\/cleiton-pinheiro-protocola-oficio-ao-governador-requerendo-a-inclusao-da-ajusp-to-no-comite-que-analisa-a-implementacao-dos-25-dos-servidores-do-quadro-geral-e-da-saude\/","url":"https:\/\/cleitonpinheiro.com.br\/site\/cleiton-pinheiro-protocola-oficio-ao-governador-requerendo-a-inclusao-da-ajusp-to-no-comite-que-analisa-a-implementacao-dos-25-dos-servidores-do-quadro-geral-e-da-saude\/","name":"Cleiton Pinheiro protocola of\u00edcio ao governador requerendo a inclus\u00e3o da AJUSP-TO no Comit\u00ea que analisa a implementa\u00e7\u00e3o dos 25% dos servidores - PORTAL DE NOT\u00cdCIAS CLEITON PINHEIRO","isPartOf":{"@id":"https:\/\/cleitonpinheiro.com.br\/site\/#website"},"primaryImageOfPage":{"@id":"https:\/\/cleitonpinheiro.com.br\/site\/cleiton-pinheiro-protocola-oficio-ao-governador-requerendo-a-inclusao-da-ajusp-to-no-comite-que-analisa-a-implementacao-dos-25-dos-servidores-do-quadro-geral-e-da-saude\/#primaryimage"},"image":{"@id":"https:\/\/cleitonpinheiro.com.br\/site\/cleiton-pinheiro-protocola-oficio-ao-governador-requerendo-a-inclusao-da-ajusp-to-no-comite-que-analisa-a-implementacao-dos-25-dos-servidores-do-quadro-geral-e-da-saude\/#primaryimage"},"thumbnailUrl":"https:\/\/cleitonpinheiro.com.br\/site\/wp-content\/uploads\/2023\/03\/Design-sem-nome-2023-03-06T151733.794.png","datePublished":"2023-03-06T18:18:55+00:00","dateModified":"2023-03-07T12:57:23+00:00","breadcrumb":{"@id":"https:\/\/cleitonpinheiro.com.br\/site\/cleiton-pinheiro-protocola-oficio-ao-governador-requerendo-a-inclusao-da-ajusp-to-no-comite-que-analisa-a-implementacao-dos-25-dos-servidores-do-quadro-geral-e-da-saude\/#breadcrumb"},"inLanguage":"pt-BR","potentialAction":[{"@type":"ReadAction","target":["https:\/\/cleitonpinheiro.com.br\/site\/cleiton-pinheiro-protocola-oficio-ao-governador-requerendo-a-inclusao-da-ajusp-to-no-comite-que-analisa-a-implementacao-dos-25-dos-servidores-do-quadro-geral-e-da-saude\/"]}]},{"@type":"ImageObject","inLanguage":"pt-BR","@id":"https:\/\/cleitonpinheiro.com.br\/site\/cleiton-pinheiro-protocola-oficio-ao-governador-requerendo-a-inclusao-da-ajusp-to-no-comite-que-analisa-a-implementacao-dos-25-dos-servidores-do-quadro-geral-e-da-saude\/#primaryimage","url":"","contentUrl":""},{"@type":"BreadcrumbList","@id":"https:\/\/cleitonpinheiro.com.br\/site\/cleiton-pinheiro-protocola-oficio-ao-governador-requerendo-a-inclusao-da-ajusp-to-no-comite-que-analisa-a-implementacao-dos-25-dos-servidores-do-quadro-geral-e-da-saude\/#breadcrumb","itemListElement":[{"@type":"ListItem","position":1,"name":"In\u00edcio","item":"https:\/\/cleitonpinheiro.com.br\/site\/"},{"@type":"ListItem","position":2,"name":"Cleiton Pinheiro protocola of\u00edcio ao governador requerendo a inclus\u00e3o da AJUSP-TO no Comit\u00ea que analisa a implementa\u00e7\u00e3o dos 25% dos servidores"}]},{"@type":"WebSite","@id":"https:\/\/cleitonpinheiro.com.br\/site\/#website","url":"https:\/\/cleitonpinheiro.com.br\/site\/","name":"PORTAL DE NOT\u00cdCIAS CLEITON PINHEIRO","description":"FALANDO A VERDADE","publisher":{"@id":"https:\/\/cleitonpinheiro.com.br\/site\/#organization"},"potentialAction":[{"@type":"SearchAction","target":{"@type":"EntryPoint","urlTemplate":"https:\/\/cleitonpinheiro.com.br\/site\/?s={search_term_string}"},"query-input":{"@type":"PropertyValueSpecification","valueRequired":true,"valueName":"search_term_string"}}],"inLanguage":"pt-BR"},{"@type":"Organization","@id":"https:\/\/cleitonpinheiro.com.br\/site\/#organization","name":"CPNOT\u00cdCIAS","url":"https:\/\/cleitonpinheiro.com.br\/site\/","logo":{"@type":"ImageObject","inLanguage":"pt-BR","@id":"https:\/\/cleitonpinheiro.com.br\/site\/#\/schema\/logo\/image\/","url":"https:\/\/cleitonpinheiro.com.br\/site\/wp-content\/uploads\/2022\/08\/Logo-pequena-2.png","contentUrl":"https:\/\/cleitonpinheiro.com.br\/site\/wp-content\/uploads\/2022\/08\/Logo-pequena-2.png","width":500,"height":500,"caption":"CPNOT\u00cdCIAS"},"image":{"@id":"https:\/\/cleitonpinheiro.com.br\/site\/#\/schema\/logo\/image\/"},"sameAs":["https:\/\/www.facebook.com\/portalcpnoticias\/"]},{"@type":"Person","@id":"https:\/\/cleitonpinheiro.com.br\/site\/#\/schema\/person\/aac6d7f311e80c43042e98a900b03cd8","name":"Dermival Pereira","image":{"@type":"ImageObject","inLanguage":"pt-BR","@id":"https:\/\/cleitonpinheiro.com.br\/site\/#\/schema\/person\/image\/","url":"https:\/\/secure.gravatar.com\/avatar\/cfaebf3742d6bf8db728bcba3eed6bee37b02337a2e6c822994f20ca72a3784d?s=96&r=g","contentUrl":"https:\/\/secure.gravatar.com\/avatar\/cfaebf3742d6bf8db728bcba3eed6bee37b02337a2e6c822994f20ca72a3784d?s=96&r=g","caption":"Dermival Pereira"},"url":"https:\/\/cleitonpinheiro.com.br\/site\/author\/dermival\/"}]}},"views":345,"_links":{"self":[{"href":"https:\/\/cleitonpinheiro.com.br\/site\/wp-json\/wp\/v2\/posts\/68813","targetHints":{"allow":["GET"]}}],"collection":[{"href":"https:\/\/cleitonpinheiro.com.br\/site\/wp-json\/wp\/v2\/posts"}],"about":[{"href":"https:\/\/cleitonpinheiro.com.br\/site\/wp-json\/wp\/v2\/types\/post"}],"author":[{"embeddable":true,"href":"https:\/\/cleitonpinheiro.com.br\/site\/wp-json\/wp\/v2\/users\/4"}],"replies":[{"embeddable":true,"href":"https:\/\/cleitonpinheiro.com.br\/site\/wp-json\/wp\/v2\/comments?post=68813"}],"version-history":[{"count":6,"href":"https:\/\/cleitonpinheiro.com.br\/site\/wp-json\/wp\/v2\/posts\/68813\/revisions"}],"predecessor-version":[{"id":68822,"href":"https:\/\/cleitonpinheiro.com.br\/site\/wp-json\/wp\/v2\/posts\/68813\/revisions\/68822"}],"wp:attachment":[{"href":"https:\/\/cleitonpinheiro.com.br\/site\/wp-json\/wp\/v2\/media?parent=68813"}],"wp:term":[{"taxonomy":"category","embeddable":true,"href":"https:\/\/cleitonpinheiro.com.br\/site\/wp-json\/wp\/v2\/categories?post=68813"},{"taxonomy":"post_tag","embeddable":true,"href":"https:\/\/cleitonpinheiro.com.br\/site\/wp-json\/wp\/v2\/tags?post=68813"}],"curies":[{"name":"wp","href":"https:\/\/api.w.org\/{rel}","templated":true}]}}