{"id":68827,"date":"2023-03-06T17:34:52","date_gmt":"2023-03-06T20:34:52","guid":{"rendered":"https:\/\/cleitonpinheiro.com.br\/site\/?p=68827"},"modified":"2023-03-06T17:34:53","modified_gmt":"2023-03-06T20:34:53","slug":"chapa-trabalho-e-compromisso-heguel-albuquerque-e-reeleito-presidente-do-sisemp","status":"publish","type":"post","link":"https:\/\/cleitonpinheiro.com.br\/site\/chapa-trabalho-e-compromisso-heguel-albuquerque-e-reeleito-presidente-do-sisemp\/","title":{"rendered":"Chapa Trabalho e Compromisso: Heguel Albuquerque \u00e9 reeleito presidente do Sisemp"},"content":{"rendered":"\n<figure class=\"wp-block-image size-full is-resized\"><img fetchpriority=\"high\" decoding=\"async\" src=\"https:\/\/cleitonpinheiro.com.br\/site\/wp-content\/uploads\/2023\/03\/Design-sem-nome-2023-03-06T173342-compressed.jpg\" alt=\"\" class=\"wp-image-68828\" width=\"1020\" height=\"612\"\/><figcaption class=\"wp-element-caption\">Foto: Ascom do Sisemp\/Divulga\u00e7\u00e3o<\/figcaption><\/figure>\n\n\n\n<p>A chapa&nbsp; \u2018Trabalho e Compromisso\u2019 foi eleita neste domingo, 05, de mar\u00e7o para a diretoria do Sindicato dos Servidores P\u00fablicos Municipais de Palmas no quadri\u00eanio 2023\/2027. Na presid\u00eancia da chapa permanece o bi\u00f3logo Heguel Albuquerque e na vice-presid\u00eancia a administradora Laura dos Anjos.<\/p>\n\n\n\n<p>A elei\u00e7\u00e3o foi convocada em janeiro, conforme determina do Estatuto do Sisemp e apenas a chapa Trabalho e Compromisso se registrou para o pleito. A elei\u00e7\u00e3o contou com 168 votos v\u00e1lidos, sendo 167 na Trabalho e Compromisso e 01 voto em branco.<\/p>\n\n\n\n<p>Tiveram direito ao voto os sindicalizados com pelo menos 01 (um) ano de filia\u00e7\u00e3o, contado da data da elei\u00e7\u00e3o, em pleno gozo dos seus direitos estatut\u00e1rios, na forma do art. 71 do Estatuto Social.<\/p>\n\n\n\n<p>De acordo com o presidente reeleito, Heguel Albuquerque, a elei\u00e7\u00e3o \u00e9 resultado do trabalho cont\u00ednuo em prol dos direitos dos servidores. \u201cSeja atrav\u00e9s de negocia\u00e7\u00f5es ou do embate direto, n\u00f3s temos atuado continuamente em busca do cumprimento dos direitos dos servidores, da melhoria das condi\u00e7\u00f5es de trabalho e da qualidade de vida destes e temos colhido bons resultados\u2019, afirmou.<\/p>\n\n\n\n<p>&nbsp;A Posse da nova diretoria acontecer\u00e1 dia 28 de outubro, na sede do Sisemp.<\/p>\n\n\n\n<p><strong>Confira a composi\u00e7\u00e3o da nova diretoria<\/strong> <strong>e integrantes da Chapa<\/strong> <\/p>\n\n\n\n<figure class=\"wp-block-table\"><table><tbody><tr><td>&nbsp;<\/td><\/tr><tr><td><strong>DIRETORIA EXECUTIVA<\/strong><\/td><\/tr><tr><td><strong>Servidor(a)<\/strong><\/td><td><strong>Cargo postulado no SISEMP<\/strong><\/td><\/tr><tr><td>HEGUEL BELMIRO SOUTO DE ALBUQUERQUE<\/td><td>Presidente<\/td><\/tr><tr><td>LAURA MARIA DOS ANJOS<\/td><td>Vice-Presidente<\/td><\/tr><tr><td>NEYDEMAR CABRAL DE LIMA FERREIRA<\/td><td>Diretora Geral<\/td><\/tr><tr><td>MARIA ALDECLEIA SANTOS MORAIS<\/td><td>Suplente da Diretoria Geral<\/td><\/tr><tr><td>ARLAN ALVES DA SILVA<\/td><td>Diretor Financeiro<\/td><\/tr><tr><td>AMAURI CORDEIRO PINTO<\/td><td>Suplente<\/td><\/tr><tr><td>MARIA ISA ADORNO LIRA<\/td><td>Diretora de Planejamento e Gest\u00e3o<\/td><\/tr><tr><td>NEURACY PINTO DE CERQUEIRA<\/td><td>1\u00ba Suplente<\/td><\/tr><tr><td>THIAGO HENRIQUE COSTA PRUDENTE<\/td><td>Diretor de Assuntos Jur\u00eddicos<\/td><\/tr><tr><td>CORACY MARTINS BARCELLOS<\/td><td>1\u00ba Suplente<\/td><\/tr><tr><td>ALEX MENDES DE ABREU<\/td><td>Diretor de Comunica\u00e7\u00e3o<\/td><\/tr><tr><td>ANA RITA NASCIMENTO<\/td><td>1\u00ba Suplente<\/td><\/tr><tr><td>AURIANI DE JESUS SILVA&nbsp;<\/td><td>Diretora de Assuntos Legislativos e Aposentados<\/td><\/tr><tr><td>SHIRLENE ALVES DE FREITAS<\/td><td>1\u00ba Suplente<\/td><\/tr><tr><td>MARCULINO DE MATOS CARVALHO<\/td><td>Diretor Social e Profissional<\/td><\/tr><tr><td>J\u00d5AO DALESSANDRO PEREIRA DE SOUZA<\/td><td>1\u00ba Suplente<\/td><\/tr><tr><td><strong>CONSELHO FISCAL<\/strong><\/td><\/tr><tr><td><strong>Servidor(a)<\/strong><\/td><td><strong>Cargo<\/strong><\/td><\/tr><tr><td>ARINEUDE DE SENA LOPES<\/td><td>Presidente<\/td><\/tr><tr><td>MOSIEL MIRANDA DE JESUS<\/td><td>Vice-Presidente<\/td><\/tr><tr><td>JOSECY PEREIRA DA SILVA<\/td><td>1\u00ba Conselheiro Titular<\/td><\/tr><tr><td>EDISSORENE CAPISTRANO DA SILVA<\/td><td>1\u00ba Conselheiro Suplente<\/td><\/tr><tr><td>AURINETE DA SILVA JORGE<\/td><td>2\u00aa Conselheira Suplente<\/td><\/tr><tr><td>LUZIANA FERREIRA DE MATOS<\/td><td>3\u00aa Conselheira Suplente<\/td><\/tr><\/tbody><\/table><\/figure>\n","protected":false},"excerpt":{"rendered":"<p>A chapa&nbsp; \u2018Trabalho e Compromisso\u2019 foi eleita neste domingo, 05, de mar\u00e7o para a diretoria do Sindicato dos Servidores P\u00fablicos Municipais de Palmas no quadri\u00eanio 2023\/2027. Na presid\u00eancia da chapa permanece o bi\u00f3logo Heguel Albuquerque e na vice-presid\u00eancia a administradora Laura dos Anjos. A elei\u00e7\u00e3o foi convocada em janeiro, conforme determina do Estatuto do Sisemp [&hellip;]<\/p>\n","protected":false},"author":4,"featured_media":0,"comment_status":"open","ping_status":"open","sticky":false,"template":"","format":"standard","meta":{"_acf_changed":false,"footnotes":""},"categories":[25,898],"tags":[],"class_list":["post-68827","post","type-post","status-publish","format-standard","hentry","category-funcionalismo","category-manchete-segundaria"],"acf":[],"yoast_head":"<!-- This site is optimized with the Yoast SEO plugin v24.4 - https:\/\/yoast.com\/wordpress\/plugins\/seo\/ -->\n<title>Chapa Trabalho e Compromisso: Heguel Albuquerque \u00e9 reeleito presidente do Sisemp - PORTAL DE NOT\u00cdCIAS CLEITON PINHEIRO<\/title>\n<meta name=\"robots\" content=\"index, follow, max-snippet:-1, max-image-preview:large, max-video-preview:-1\" \/>\n<link rel=\"canonical\" href=\"https:\/\/cleitonpinheiro.com.br\/site\/chapa-trabalho-e-compromisso-heguel-albuquerque-e-reeleito-presidente-do-sisemp\/\" \/>\n<meta property=\"og:locale\" content=\"pt_BR\" \/>\n<meta property=\"og:type\" content=\"article\" \/>\n<meta property=\"og:title\" content=\"Chapa Trabalho e Compromisso: Heguel Albuquerque \u00e9 reeleito presidente do Sisemp - PORTAL DE NOT\u00cdCIAS CLEITON PINHEIRO\" \/>\n<meta property=\"og:description\" content=\"A chapa&nbsp; \u2018Trabalho e Compromisso\u2019 foi eleita neste domingo, 05, de mar\u00e7o para a diretoria do Sindicato dos Servidores P\u00fablicos Municipais de Palmas no quadri\u00eanio 2023\/2027. Na presid\u00eancia da chapa permanece o bi\u00f3logo Heguel Albuquerque e na vice-presid\u00eancia a administradora Laura dos Anjos. A elei\u00e7\u00e3o foi convocada em janeiro, conforme determina do Estatuto do Sisemp [&hellip;]\" \/>\n<meta property=\"og:url\" content=\"https:\/\/cleitonpinheiro.com.br\/site\/chapa-trabalho-e-compromisso-heguel-albuquerque-e-reeleito-presidente-do-sisemp\/\" \/>\n<meta property=\"og:site_name\" content=\"PORTAL DE NOT\u00cdCIAS CLEITON PINHEIRO\" \/>\n<meta property=\"article:publisher\" content=\"https:\/\/www.facebook.com\/portalcpnoticias\/\" \/>\n<meta property=\"article:published_time\" content=\"2023-03-06T20:34:52+00:00\" \/>\n<meta property=\"article:modified_time\" content=\"2023-03-06T20:34:53+00:00\" \/>\n<meta property=\"og:image\" content=\"https:\/\/cleitonpinheiro.com.br\/site\/wp-content\/uploads\/2023\/03\/Design-sem-nome-2023-03-06T173342-compressed.jpg\" \/>\n\t<meta property=\"og:image:width\" content=\"750\" \/>\n\t<meta property=\"og:image:height\" content=\"450\" \/>\n\t<meta property=\"og:image:type\" content=\"image\/jpeg\" \/>\n<meta name=\"author\" content=\"Dermival Pereira\" \/>\n<meta name=\"twitter:card\" content=\"summary_large_image\" \/>\n<meta name=\"twitter:label1\" content=\"Escrito por\" \/>\n\t<meta name=\"twitter:data1\" content=\"Dermival Pereira\" \/>\n\t<meta name=\"twitter:label2\" content=\"Est. tempo de leitura\" \/>\n\t<meta name=\"twitter:data2\" content=\"3 minutos\" \/>\n<script type=\"application\/ld+json\" class=\"yoast-schema-graph\">{\"@context\":\"https:\/\/schema.org\",\"@graph\":[{\"@type\":\"Article\",\"@id\":\"https:\/\/cleitonpinheiro.com.br\/site\/chapa-trabalho-e-compromisso-heguel-albuquerque-e-reeleito-presidente-do-sisemp\/#article\",\"isPartOf\":{\"@id\":\"https:\/\/cleitonpinheiro.com.br\/site\/chapa-trabalho-e-compromisso-heguel-albuquerque-e-reeleito-presidente-do-sisemp\/\"},\"author\":{\"name\":\"Dermival Pereira\",\"@id\":\"https:\/\/cleitonpinheiro.com.br\/site\/#\/schema\/person\/aac6d7f311e80c43042e98a900b03cd8\"},\"headline\":\"Chapa Trabalho e Compromisso: Heguel Albuquerque \u00e9 reeleito presidente do Sisemp\",\"datePublished\":\"2023-03-06T20:34:52+00:00\",\"dateModified\":\"2023-03-06T20:34:53+00:00\",\"mainEntityOfPage\":{\"@id\":\"https:\/\/cleitonpinheiro.com.br\/site\/chapa-trabalho-e-compromisso-heguel-albuquerque-e-reeleito-presidente-do-sisemp\/\"},\"wordCount\":385,\"commentCount\":0,\"publisher\":{\"@id\":\"https:\/\/cleitonpinheiro.com.br\/site\/#organization\"},\"image\":{\"@id\":\"https:\/\/cleitonpinheiro.com.br\/site\/chapa-trabalho-e-compromisso-heguel-albuquerque-e-reeleito-presidente-do-sisemp\/#primaryimage\"},\"thumbnailUrl\":\"https:\/\/cleitonpinheiro.com.br\/site\/wp-content\/uploads\/2023\/03\/Design-sem-nome-2023-03-06T173342-compressed.jpg\",\"articleSection\":[\"FUNCIONALISMO\",\"MANCHETE SEGUND\u00c1RIA\"],\"inLanguage\":\"pt-BR\",\"potentialAction\":[{\"@type\":\"CommentAction\",\"name\":\"Comment\",\"target\":[\"https:\/\/cleitonpinheiro.com.br\/site\/chapa-trabalho-e-compromisso-heguel-albuquerque-e-reeleito-presidente-do-sisemp\/#respond\"]}]},{\"@type\":\"WebPage\",\"@id\":\"https:\/\/cleitonpinheiro.com.br\/site\/chapa-trabalho-e-compromisso-heguel-albuquerque-e-reeleito-presidente-do-sisemp\/\",\"url\":\"https:\/\/cleitonpinheiro.com.br\/site\/chapa-trabalho-e-compromisso-heguel-albuquerque-e-reeleito-presidente-do-sisemp\/\",\"name\":\"Chapa Trabalho e Compromisso: Heguel Albuquerque \u00e9 reeleito presidente do Sisemp - PORTAL DE NOT\u00cdCIAS CLEITON PINHEIRO\",\"isPartOf\":{\"@id\":\"https:\/\/cleitonpinheiro.com.br\/site\/#website\"},\"primaryImageOfPage\":{\"@id\":\"https:\/\/cleitonpinheiro.com.br\/site\/chapa-trabalho-e-compromisso-heguel-albuquerque-e-reeleito-presidente-do-sisemp\/#primaryimage\"},\"image\":{\"@id\":\"https:\/\/cleitonpinheiro.com.br\/site\/chapa-trabalho-e-compromisso-heguel-albuquerque-e-reeleito-presidente-do-sisemp\/#primaryimage\"},\"thumbnailUrl\":\"https:\/\/cleitonpinheiro.com.br\/site\/wp-content\/uploads\/2023\/03\/Design-sem-nome-2023-03-06T173342-compressed.jpg\",\"datePublished\":\"2023-03-06T20:34:52+00:00\",\"dateModified\":\"2023-03-06T20:34:53+00:00\",\"breadcrumb\":{\"@id\":\"https:\/\/cleitonpinheiro.com.br\/site\/chapa-trabalho-e-compromisso-heguel-albuquerque-e-reeleito-presidente-do-sisemp\/#breadcrumb\"},\"inLanguage\":\"pt-BR\",\"potentialAction\":[{\"@type\":\"ReadAction\",\"target\":[\"https:\/\/cleitonpinheiro.com.br\/site\/chapa-trabalho-e-compromisso-heguel-albuquerque-e-reeleito-presidente-do-sisemp\/\"]}]},{\"@type\":\"ImageObject\",\"inLanguage\":\"pt-BR\",\"@id\":\"https:\/\/cleitonpinheiro.com.br\/site\/chapa-trabalho-e-compromisso-heguel-albuquerque-e-reeleito-presidente-do-sisemp\/#primaryimage\",\"url\":\"\",\"contentUrl\":\"\"},{\"@type\":\"BreadcrumbList\",\"@id\":\"https:\/\/cleitonpinheiro.com.br\/site\/chapa-trabalho-e-compromisso-heguel-albuquerque-e-reeleito-presidente-do-sisemp\/#breadcrumb\",\"itemListElement\":[{\"@type\":\"ListItem\",\"position\":1,\"name\":\"In\u00edcio\",\"item\":\"https:\/\/cleitonpinheiro.com.br\/site\/\"},{\"@type\":\"ListItem\",\"position\":2,\"name\":\"Chapa Trabalho e Compromisso: Heguel Albuquerque \u00e9 reeleito presidente do Sisemp\"}]},{\"@type\":\"WebSite\",\"@id\":\"https:\/\/cleitonpinheiro.com.br\/site\/#website\",\"url\":\"https:\/\/cleitonpinheiro.com.br\/site\/\",\"name\":\"PORTAL DE NOT\u00cdCIAS CLEITON PINHEIRO\",\"description\":\"FALANDO A VERDADE\",\"publisher\":{\"@id\":\"https:\/\/cleitonpinheiro.com.br\/site\/#organization\"},\"potentialAction\":[{\"@type\":\"SearchAction\",\"target\":{\"@type\":\"EntryPoint\",\"urlTemplate\":\"https:\/\/cleitonpinheiro.com.br\/site\/?s={search_term_string}\"},\"query-input\":{\"@type\":\"PropertyValueSpecification\",\"valueRequired\":true,\"valueName\":\"search_term_string\"}}],\"inLanguage\":\"pt-BR\"},{\"@type\":\"Organization\",\"@id\":\"https:\/\/cleitonpinheiro.com.br\/site\/#organization\",\"name\":\"CPNOT\u00cdCIAS\",\"url\":\"https:\/\/cleitonpinheiro.com.br\/site\/\",\"logo\":{\"@type\":\"ImageObject\",\"inLanguage\":\"pt-BR\",\"@id\":\"https:\/\/cleitonpinheiro.com.br\/site\/#\/schema\/logo\/image\/\",\"url\":\"https:\/\/cleitonpinheiro.com.br\/site\/wp-content\/uploads\/2022\/08\/Logo-pequena-2.png\",\"contentUrl\":\"https:\/\/cleitonpinheiro.com.br\/site\/wp-content\/uploads\/2022\/08\/Logo-pequena-2.png\",\"width\":500,\"height\":500,\"caption\":\"CPNOT\u00cdCIAS\"},\"image\":{\"@id\":\"https:\/\/cleitonpinheiro.com.br\/site\/#\/schema\/logo\/image\/\"},\"sameAs\":[\"https:\/\/www.facebook.com\/portalcpnoticias\/\"]},{\"@type\":\"Person\",\"@id\":\"https:\/\/cleitonpinheiro.com.br\/site\/#\/schema\/person\/aac6d7f311e80c43042e98a900b03cd8\",\"name\":\"Dermival Pereira\",\"image\":{\"@type\":\"ImageObject\",\"inLanguage\":\"pt-BR\",\"@id\":\"https:\/\/cleitonpinheiro.com.br\/site\/#\/schema\/person\/image\/\",\"url\":\"https:\/\/secure.gravatar.com\/avatar\/cfaebf3742d6bf8db728bcba3eed6bee37b02337a2e6c822994f20ca72a3784d?s=96&r=g\",\"contentUrl\":\"https:\/\/secure.gravatar.com\/avatar\/cfaebf3742d6bf8db728bcba3eed6bee37b02337a2e6c822994f20ca72a3784d?s=96&r=g\",\"caption\":\"Dermival Pereira\"},\"url\":\"https:\/\/cleitonpinheiro.com.br\/site\/author\/dermival\/\"}]}<\/script>\n<!-- \/ Yoast SEO plugin. -->","yoast_head_json":{"title":"Chapa Trabalho e Compromisso: Heguel Albuquerque \u00e9 reeleito presidente do Sisemp - PORTAL DE NOT\u00cdCIAS CLEITON PINHEIRO","robots":{"index":"index","follow":"follow","max-snippet":"max-snippet:-1","max-image-preview":"max-image-preview:large","max-video-preview":"max-video-preview:-1"},"canonical":"https:\/\/cleitonpinheiro.com.br\/site\/chapa-trabalho-e-compromisso-heguel-albuquerque-e-reeleito-presidente-do-sisemp\/","og_locale":"pt_BR","og_type":"article","og_title":"Chapa Trabalho e Compromisso: Heguel Albuquerque \u00e9 reeleito presidente do Sisemp - PORTAL DE NOT\u00cdCIAS CLEITON PINHEIRO","og_description":"A chapa&nbsp; \u2018Trabalho e Compromisso\u2019 foi eleita neste domingo, 05, de mar\u00e7o para a diretoria do Sindicato dos Servidores P\u00fablicos Municipais de Palmas no quadri\u00eanio 2023\/2027. Na presid\u00eancia da chapa permanece o bi\u00f3logo Heguel Albuquerque e na vice-presid\u00eancia a administradora Laura dos Anjos. A elei\u00e7\u00e3o foi convocada em janeiro, conforme determina do Estatuto do Sisemp [&hellip;]","og_url":"https:\/\/cleitonpinheiro.com.br\/site\/chapa-trabalho-e-compromisso-heguel-albuquerque-e-reeleito-presidente-do-sisemp\/","og_site_name":"PORTAL DE NOT\u00cdCIAS CLEITON PINHEIRO","article_publisher":"https:\/\/www.facebook.com\/portalcpnoticias\/","article_published_time":"2023-03-06T20:34:52+00:00","article_modified_time":"2023-03-06T20:34:53+00:00","og_image":[{"width":750,"height":450,"url":"https:\/\/cleitonpinheiro.com.br\/site\/wp-content\/uploads\/2023\/03\/Design-sem-nome-2023-03-06T173342-compressed.jpg","type":"image\/jpeg"}],"author":"Dermival Pereira","twitter_card":"summary_large_image","twitter_misc":{"Escrito por":"Dermival Pereira","Est. tempo de leitura":"3 minutos"},"schema":{"@context":"https:\/\/schema.org","@graph":[{"@type":"Article","@id":"https:\/\/cleitonpinheiro.com.br\/site\/chapa-trabalho-e-compromisso-heguel-albuquerque-e-reeleito-presidente-do-sisemp\/#article","isPartOf":{"@id":"https:\/\/cleitonpinheiro.com.br\/site\/chapa-trabalho-e-compromisso-heguel-albuquerque-e-reeleito-presidente-do-sisemp\/"},"author":{"name":"Dermival Pereira","@id":"https:\/\/cleitonpinheiro.com.br\/site\/#\/schema\/person\/aac6d7f311e80c43042e98a900b03cd8"},"headline":"Chapa Trabalho e Compromisso: Heguel Albuquerque \u00e9 reeleito presidente do Sisemp","datePublished":"2023-03-06T20:34:52+00:00","dateModified":"2023-03-06T20:34:53+00:00","mainEntityOfPage":{"@id":"https:\/\/cleitonpinheiro.com.br\/site\/chapa-trabalho-e-compromisso-heguel-albuquerque-e-reeleito-presidente-do-sisemp\/"},"wordCount":385,"commentCount":0,"publisher":{"@id":"https:\/\/cleitonpinheiro.com.br\/site\/#organization"},"image":{"@id":"https:\/\/cleitonpinheiro.com.br\/site\/chapa-trabalho-e-compromisso-heguel-albuquerque-e-reeleito-presidente-do-sisemp\/#primaryimage"},"thumbnailUrl":"https:\/\/cleitonpinheiro.com.br\/site\/wp-content\/uploads\/2023\/03\/Design-sem-nome-2023-03-06T173342-compressed.jpg","articleSection":["FUNCIONALISMO","MANCHETE SEGUND\u00c1RIA"],"inLanguage":"pt-BR","potentialAction":[{"@type":"CommentAction","name":"Comment","target":["https:\/\/cleitonpinheiro.com.br\/site\/chapa-trabalho-e-compromisso-heguel-albuquerque-e-reeleito-presidente-do-sisemp\/#respond"]}]},{"@type":"WebPage","@id":"https:\/\/cleitonpinheiro.com.br\/site\/chapa-trabalho-e-compromisso-heguel-albuquerque-e-reeleito-presidente-do-sisemp\/","url":"https:\/\/cleitonpinheiro.com.br\/site\/chapa-trabalho-e-compromisso-heguel-albuquerque-e-reeleito-presidente-do-sisemp\/","name":"Chapa Trabalho e Compromisso: Heguel Albuquerque \u00e9 reeleito presidente do Sisemp - PORTAL DE NOT\u00cdCIAS CLEITON PINHEIRO","isPartOf":{"@id":"https:\/\/cleitonpinheiro.com.br\/site\/#website"},"primaryImageOfPage":{"@id":"https:\/\/cleitonpinheiro.com.br\/site\/chapa-trabalho-e-compromisso-heguel-albuquerque-e-reeleito-presidente-do-sisemp\/#primaryimage"},"image":{"@id":"https:\/\/cleitonpinheiro.com.br\/site\/chapa-trabalho-e-compromisso-heguel-albuquerque-e-reeleito-presidente-do-sisemp\/#primaryimage"},"thumbnailUrl":"https:\/\/cleitonpinheiro.com.br\/site\/wp-content\/uploads\/2023\/03\/Design-sem-nome-2023-03-06T173342-compressed.jpg","datePublished":"2023-03-06T20:34:52+00:00","dateModified":"2023-03-06T20:34:53+00:00","breadcrumb":{"@id":"https:\/\/cleitonpinheiro.com.br\/site\/chapa-trabalho-e-compromisso-heguel-albuquerque-e-reeleito-presidente-do-sisemp\/#breadcrumb"},"inLanguage":"pt-BR","potentialAction":[{"@type":"ReadAction","target":["https:\/\/cleitonpinheiro.com.br\/site\/chapa-trabalho-e-compromisso-heguel-albuquerque-e-reeleito-presidente-do-sisemp\/"]}]},{"@type":"ImageObject","inLanguage":"pt-BR","@id":"https:\/\/cleitonpinheiro.com.br\/site\/chapa-trabalho-e-compromisso-heguel-albuquerque-e-reeleito-presidente-do-sisemp\/#primaryimage","url":"","contentUrl":""},{"@type":"BreadcrumbList","@id":"https:\/\/cleitonpinheiro.com.br\/site\/chapa-trabalho-e-compromisso-heguel-albuquerque-e-reeleito-presidente-do-sisemp\/#breadcrumb","itemListElement":[{"@type":"ListItem","position":1,"name":"In\u00edcio","item":"https:\/\/cleitonpinheiro.com.br\/site\/"},{"@type":"ListItem","position":2,"name":"Chapa Trabalho e Compromisso: Heguel Albuquerque \u00e9 reeleito presidente do Sisemp"}]},{"@type":"WebSite","@id":"https:\/\/cleitonpinheiro.com.br\/site\/#website","url":"https:\/\/cleitonpinheiro.com.br\/site\/","name":"PORTAL DE NOT\u00cdCIAS CLEITON PINHEIRO","description":"FALANDO A VERDADE","publisher":{"@id":"https:\/\/cleitonpinheiro.com.br\/site\/#organization"},"potentialAction":[{"@type":"SearchAction","target":{"@type":"EntryPoint","urlTemplate":"https:\/\/cleitonpinheiro.com.br\/site\/?s={search_term_string}"},"query-input":{"@type":"PropertyValueSpecification","valueRequired":true,"valueName":"search_term_string"}}],"inLanguage":"pt-BR"},{"@type":"Organization","@id":"https:\/\/cleitonpinheiro.com.br\/site\/#organization","name":"CPNOT\u00cdCIAS","url":"https:\/\/cleitonpinheiro.com.br\/site\/","logo":{"@type":"ImageObject","inLanguage":"pt-BR","@id":"https:\/\/cleitonpinheiro.com.br\/site\/#\/schema\/logo\/image\/","url":"https:\/\/cleitonpinheiro.com.br\/site\/wp-content\/uploads\/2022\/08\/Logo-pequena-2.png","contentUrl":"https:\/\/cleitonpinheiro.com.br\/site\/wp-content\/uploads\/2022\/08\/Logo-pequena-2.png","width":500,"height":500,"caption":"CPNOT\u00cdCIAS"},"image":{"@id":"https:\/\/cleitonpinheiro.com.br\/site\/#\/schema\/logo\/image\/"},"sameAs":["https:\/\/www.facebook.com\/portalcpnoticias\/"]},{"@type":"Person","@id":"https:\/\/cleitonpinheiro.com.br\/site\/#\/schema\/person\/aac6d7f311e80c43042e98a900b03cd8","name":"Dermival Pereira","image":{"@type":"ImageObject","inLanguage":"pt-BR","@id":"https:\/\/cleitonpinheiro.com.br\/site\/#\/schema\/person\/image\/","url":"https:\/\/secure.gravatar.com\/avatar\/cfaebf3742d6bf8db728bcba3eed6bee37b02337a2e6c822994f20ca72a3784d?s=96&r=g","contentUrl":"https:\/\/secure.gravatar.com\/avatar\/cfaebf3742d6bf8db728bcba3eed6bee37b02337a2e6c822994f20ca72a3784d?s=96&r=g","caption":"Dermival Pereira"},"url":"https:\/\/cleitonpinheiro.com.br\/site\/author\/dermival\/"}]}},"views":271,"_links":{"self":[{"href":"https:\/\/cleitonpinheiro.com.br\/site\/wp-json\/wp\/v2\/posts\/68827","targetHints":{"allow":["GET"]}}],"collection":[{"href":"https:\/\/cleitonpinheiro.com.br\/site\/wp-json\/wp\/v2\/posts"}],"about":[{"href":"https:\/\/cleitonpinheiro.com.br\/site\/wp-json\/wp\/v2\/types\/post"}],"author":[{"embeddable":true,"href":"https:\/\/cleitonpinheiro.com.br\/site\/wp-json\/wp\/v2\/users\/4"}],"replies":[{"embeddable":true,"href":"https:\/\/cleitonpinheiro.com.br\/site\/wp-json\/wp\/v2\/comments?post=68827"}],"version-history":[{"count":1,"href":"https:\/\/cleitonpinheiro.com.br\/site\/wp-json\/wp\/v2\/posts\/68827\/revisions"}],"predecessor-version":[{"id":68829,"href":"https:\/\/cleitonpinheiro.com.br\/site\/wp-json\/wp\/v2\/posts\/68827\/revisions\/68829"}],"wp:attachment":[{"href":"https:\/\/cleitonpinheiro.com.br\/site\/wp-json\/wp\/v2\/media?parent=68827"}],"wp:term":[{"taxonomy":"category","embeddable":true,"href":"https:\/\/cleitonpinheiro.com.br\/site\/wp-json\/wp\/v2\/categories?post=68827"},{"taxonomy":"post_tag","embeddable":true,"href":"https:\/\/cleitonpinheiro.com.br\/site\/wp-json\/wp\/v2\/tags?post=68827"}],"curies":[{"name":"wp","href":"https:\/\/api.w.org\/{rel}","templated":true}]}}