{"id":68830,"date":"2023-03-06T17:41:42","date_gmt":"2023-03-06T20:41:42","guid":{"rendered":"https:\/\/cleitonpinheiro.com.br\/site\/?p=68830"},"modified":"2023-03-06T17:51:15","modified_gmt":"2023-03-06T20:51:15","slug":"por-piso-salarial-profissionais-da-enfermagem-farao-paralizacao-nos-hospitais-publicos-na-sexta","status":"publish","type":"post","link":"https:\/\/cleitonpinheiro.com.br\/site\/por-piso-salarial-profissionais-da-enfermagem-farao-paralizacao-nos-hospitais-publicos-na-sexta\/","title":{"rendered":"Por piso salarial: profissionais da Enfermagem far\u00e3o paraliza\u00e7\u00e3o nos hospitais p\u00fablicos na 6\u00aa"},"content":{"rendered":"\n<figure class=\"wp-block-image size-full is-resized\"><img fetchpriority=\"high\" decoding=\"async\" src=\"https:\/\/cleitonpinheiro.com.br\/site\/wp-content\/uploads\/2023\/03\/Design-sem-nome-2023-03-06T174105-compressed.jpg\" alt=\"\" class=\"wp-image-68831\" width=\"1019\" height=\"611\"\/><figcaption class=\"wp-element-caption\">Foto: Ascom do Sintras\/Divulga\u00e7\u00e3o<\/figcaption><\/figure>\n\n\n\n<p>Os sindicatos representantes dos profissionais da enfermagem no Tocantins decidiram durante reuni\u00e3o realizada na manh\u00e3 desta segunda, 6, por uma paralisa\u00e7\u00e3o na pr\u00f3xima sexta-feira, 10. Segundo informado pelas entidades que representam a categoria no Estado, a paralisa\u00e7\u00e3o ter\u00e1 inicio \u00e0s 7h e ser\u00e1 finalizada \u00e0s 19h do mesmo dia.  <\/p>\n\n\n\n<p>O movimento no Tocantins se junta a paralisa\u00e7\u00e3o da categoria em todo o pa\u00eds e segue as indica\u00e7\u00f5es e orienta\u00e7\u00f5es do F\u00f3rum Nacional da Enfermagem em prol do piso salarial j\u00e1 aprovado em Lei.<\/p>\n\n\n\n<p>As entidades sindicais j\u00e1 informaram sobre o movimento grevista ao governo, a Secretaria de Sa\u00fade do Estado, a Pol\u00edcia Militar, e outros \u00f3rg\u00e3os pertinentes a seguran\u00e7a do movimento. Conforme a Lei 14.434\/22 o sal\u00e1rio inicial do enfermeiro ser\u00e1 de R$ 4.750,00; dos T\u00e9cnicos da enfermagem R$ 3.325,00 e dos auxiliares e parteiras R$ 2.375,00.<\/p>\n\n\n\n<p><strong>Term\u00f4metro<\/strong><\/p>\n\n\n\n<p>Diretorias dos sindicatos conversaram com os profissionais na \u00faltima quarta (01) e estes demonstraram disposi\u00e7\u00e3o para iniciar a greve, caso n\u00e3o resolvesse at\u00e9 a pr\u00f3xima sexta. &nbsp;<\/p>\n\n\n\n<p>Para prosseguir com o movimento, os sindicatos e a enfermagem ir\u00e3o se reunir novamente nesta quarta (08), \u00e0s 9h, para pontuar as delibera\u00e7\u00f5es finais para a greve geral.<\/p>\n\n\n\n<p>Os presidentes do SINTRAS-TO, SETO E SEET j\u00e1 convocam a enfermagem para esta reuni\u00e3o e solicitam que todos fiquem atentos as orienta\u00e7\u00f5es e que esta \u00e9 a hora que a categoria, indispensavelmente, deve manter a uni\u00e3o.<\/p>\n\n\n\n<p><strong>Ato de amor pela profiss\u00e3o e ao pr\u00f3ximo<\/strong><\/p>\n\n\n\n<p>Simultaneamente a paralisa\u00e7\u00e3o, os profissionais realizar\u00e3o uma grande campanha como ato de amor a profiss\u00e3o e ao pr\u00f3ximo. Os enfermeiros, t\u00e9cnicos e auxiliares que puderem aderir \u00e0 campanha nacional de doa\u00e7\u00e3o de sangue que ter\u00e1 como tema \u201cA enfermagem salva vidas, o nosso sangue tamb\u00e9m\u201d. Ainda \u00e9 orientado aos profissionais motivarem outras pessoas praticarem tamb\u00e9m o ato de amor.<em><strong> (Com informa\u00e7\u00f5es da Ascom do Sintras-TO).<\/strong><\/em><\/p>\n","protected":false},"excerpt":{"rendered":"<p>Os sindicatos representantes dos profissionais da enfermagem no Tocantins decidiram durante reuni\u00e3o realizada na manh\u00e3 desta segunda, 6, por uma paralisa\u00e7\u00e3o na pr\u00f3xima sexta-feira, 10. Segundo informado pelas entidades que representam a categoria no Estado, a paralisa\u00e7\u00e3o ter\u00e1 inicio \u00e0s 7h e ser\u00e1 finalizada \u00e0s 19h do mesmo dia. O movimento no Tocantins se junta [&hellip;]<\/p>\n","protected":false},"author":4,"featured_media":0,"comment_status":"open","ping_status":"open","sticky":false,"template":"","format":"standard","meta":{"_acf_changed":false,"footnotes":""},"categories":[8,898],"tags":[],"class_list":["post-68830","post","type-post","status-publish","format-standard","hentry","category-estado","category-manchete-segundaria"],"acf":[],"yoast_head":"<!-- This site is optimized with the Yoast SEO plugin v24.4 - https:\/\/yoast.com\/wordpress\/plugins\/seo\/ -->\n<title>Por piso salarial: profissionais da Enfermagem far\u00e3o paraliza\u00e7\u00e3o nos hospitais p\u00fablicos na 6\u00aa - PORTAL DE NOT\u00cdCIAS CLEITON PINHEIRO<\/title>\n<meta name=\"robots\" content=\"index, follow, max-snippet:-1, max-image-preview:large, max-video-preview:-1\" \/>\n<link rel=\"canonical\" href=\"https:\/\/cleitonpinheiro.com.br\/site\/por-piso-salarial-profissionais-da-enfermagem-farao-paralizacao-nos-hospitais-publicos-na-sexta\/\" \/>\n<meta property=\"og:locale\" content=\"pt_BR\" \/>\n<meta property=\"og:type\" content=\"article\" \/>\n<meta property=\"og:title\" content=\"Por piso salarial: profissionais da Enfermagem far\u00e3o paraliza\u00e7\u00e3o nos hospitais p\u00fablicos na 6\u00aa - PORTAL DE NOT\u00cdCIAS CLEITON PINHEIRO\" \/>\n<meta property=\"og:description\" content=\"Os sindicatos representantes dos profissionais da enfermagem no Tocantins decidiram durante reuni\u00e3o realizada na manh\u00e3 desta segunda, 6, por uma paralisa\u00e7\u00e3o na pr\u00f3xima sexta-feira, 10. Segundo informado pelas entidades que representam a categoria no Estado, a paralisa\u00e7\u00e3o ter\u00e1 inicio \u00e0s 7h e ser\u00e1 finalizada \u00e0s 19h do mesmo dia. O movimento no Tocantins se junta [&hellip;]\" \/>\n<meta property=\"og:url\" content=\"https:\/\/cleitonpinheiro.com.br\/site\/por-piso-salarial-profissionais-da-enfermagem-farao-paralizacao-nos-hospitais-publicos-na-sexta\/\" \/>\n<meta property=\"og:site_name\" content=\"PORTAL DE NOT\u00cdCIAS CLEITON PINHEIRO\" \/>\n<meta property=\"article:publisher\" content=\"https:\/\/www.facebook.com\/portalcpnoticias\/\" \/>\n<meta property=\"article:published_time\" content=\"2023-03-06T20:41:42+00:00\" \/>\n<meta property=\"article:modified_time\" content=\"2023-03-06T20:51:15+00:00\" \/>\n<meta property=\"og:image\" content=\"https:\/\/cleitonpinheiro.com.br\/site\/wp-content\/uploads\/2023\/03\/Design-sem-nome-2023-03-06T174105-compressed.jpg\" \/>\n\t<meta property=\"og:image:width\" content=\"750\" \/>\n\t<meta property=\"og:image:height\" content=\"450\" \/>\n\t<meta property=\"og:image:type\" content=\"image\/jpeg\" \/>\n<meta name=\"author\" content=\"Dermival Pereira\" \/>\n<meta name=\"twitter:card\" content=\"summary_large_image\" \/>\n<meta name=\"twitter:label1\" content=\"Escrito por\" \/>\n\t<meta name=\"twitter:data1\" content=\"Dermival Pereira\" \/>\n\t<meta name=\"twitter:label2\" content=\"Est. tempo de leitura\" \/>\n\t<meta name=\"twitter:data2\" content=\"2 minutos\" \/>\n<script type=\"application\/ld+json\" class=\"yoast-schema-graph\">{\"@context\":\"https:\/\/schema.org\",\"@graph\":[{\"@type\":\"Article\",\"@id\":\"https:\/\/cleitonpinheiro.com.br\/site\/por-piso-salarial-profissionais-da-enfermagem-farao-paralizacao-nos-hospitais-publicos-na-sexta\/#article\",\"isPartOf\":{\"@id\":\"https:\/\/cleitonpinheiro.com.br\/site\/por-piso-salarial-profissionais-da-enfermagem-farao-paralizacao-nos-hospitais-publicos-na-sexta\/\"},\"author\":{\"name\":\"Dermival Pereira\",\"@id\":\"https:\/\/cleitonpinheiro.com.br\/site\/#\/schema\/person\/aac6d7f311e80c43042e98a900b03cd8\"},\"headline\":\"Por piso salarial: profissionais da Enfermagem far\u00e3o paraliza\u00e7\u00e3o nos hospitais p\u00fablicos na 6\u00aa\",\"datePublished\":\"2023-03-06T20:41:42+00:00\",\"dateModified\":\"2023-03-06T20:51:15+00:00\",\"mainEntityOfPage\":{\"@id\":\"https:\/\/cleitonpinheiro.com.br\/site\/por-piso-salarial-profissionais-da-enfermagem-farao-paralizacao-nos-hospitais-publicos-na-sexta\/\"},\"wordCount\":347,\"commentCount\":0,\"publisher\":{\"@id\":\"https:\/\/cleitonpinheiro.com.br\/site\/#organization\"},\"image\":{\"@id\":\"https:\/\/cleitonpinheiro.com.br\/site\/por-piso-salarial-profissionais-da-enfermagem-farao-paralizacao-nos-hospitais-publicos-na-sexta\/#primaryimage\"},\"thumbnailUrl\":\"https:\/\/cleitonpinheiro.com.br\/site\/wp-content\/uploads\/2023\/03\/Design-sem-nome-2023-03-06T174105-compressed.jpg\",\"articleSection\":[\"ESTADO\",\"MANCHETE SEGUND\u00c1RIA\"],\"inLanguage\":\"pt-BR\",\"potentialAction\":[{\"@type\":\"CommentAction\",\"name\":\"Comment\",\"target\":[\"https:\/\/cleitonpinheiro.com.br\/site\/por-piso-salarial-profissionais-da-enfermagem-farao-paralizacao-nos-hospitais-publicos-na-sexta\/#respond\"]}]},{\"@type\":\"WebPage\",\"@id\":\"https:\/\/cleitonpinheiro.com.br\/site\/por-piso-salarial-profissionais-da-enfermagem-farao-paralizacao-nos-hospitais-publicos-na-sexta\/\",\"url\":\"https:\/\/cleitonpinheiro.com.br\/site\/por-piso-salarial-profissionais-da-enfermagem-farao-paralizacao-nos-hospitais-publicos-na-sexta\/\",\"name\":\"Por piso salarial: profissionais da Enfermagem far\u00e3o paraliza\u00e7\u00e3o nos hospitais p\u00fablicos na 6\u00aa - PORTAL DE NOT\u00cdCIAS CLEITON PINHEIRO\",\"isPartOf\":{\"@id\":\"https:\/\/cleitonpinheiro.com.br\/site\/#website\"},\"primaryImageOfPage\":{\"@id\":\"https:\/\/cleitonpinheiro.com.br\/site\/por-piso-salarial-profissionais-da-enfermagem-farao-paralizacao-nos-hospitais-publicos-na-sexta\/#primaryimage\"},\"image\":{\"@id\":\"https:\/\/cleitonpinheiro.com.br\/site\/por-piso-salarial-profissionais-da-enfermagem-farao-paralizacao-nos-hospitais-publicos-na-sexta\/#primaryimage\"},\"thumbnailUrl\":\"https:\/\/cleitonpinheiro.com.br\/site\/wp-content\/uploads\/2023\/03\/Design-sem-nome-2023-03-06T174105-compressed.jpg\",\"datePublished\":\"2023-03-06T20:41:42+00:00\",\"dateModified\":\"2023-03-06T20:51:15+00:00\",\"breadcrumb\":{\"@id\":\"https:\/\/cleitonpinheiro.com.br\/site\/por-piso-salarial-profissionais-da-enfermagem-farao-paralizacao-nos-hospitais-publicos-na-sexta\/#breadcrumb\"},\"inLanguage\":\"pt-BR\",\"potentialAction\":[{\"@type\":\"ReadAction\",\"target\":[\"https:\/\/cleitonpinheiro.com.br\/site\/por-piso-salarial-profissionais-da-enfermagem-farao-paralizacao-nos-hospitais-publicos-na-sexta\/\"]}]},{\"@type\":\"ImageObject\",\"inLanguage\":\"pt-BR\",\"@id\":\"https:\/\/cleitonpinheiro.com.br\/site\/por-piso-salarial-profissionais-da-enfermagem-farao-paralizacao-nos-hospitais-publicos-na-sexta\/#primaryimage\",\"url\":\"\",\"contentUrl\":\"\"},{\"@type\":\"BreadcrumbList\",\"@id\":\"https:\/\/cleitonpinheiro.com.br\/site\/por-piso-salarial-profissionais-da-enfermagem-farao-paralizacao-nos-hospitais-publicos-na-sexta\/#breadcrumb\",\"itemListElement\":[{\"@type\":\"ListItem\",\"position\":1,\"name\":\"In\u00edcio\",\"item\":\"https:\/\/cleitonpinheiro.com.br\/site\/\"},{\"@type\":\"ListItem\",\"position\":2,\"name\":\"Por piso salarial: profissionais da Enfermagem far\u00e3o paraliza\u00e7\u00e3o nos hospitais p\u00fablicos na 6\u00aa\"}]},{\"@type\":\"WebSite\",\"@id\":\"https:\/\/cleitonpinheiro.com.br\/site\/#website\",\"url\":\"https:\/\/cleitonpinheiro.com.br\/site\/\",\"name\":\"PORTAL DE NOT\u00cdCIAS CLEITON PINHEIRO\",\"description\":\"FALANDO A VERDADE\",\"publisher\":{\"@id\":\"https:\/\/cleitonpinheiro.com.br\/site\/#organization\"},\"potentialAction\":[{\"@type\":\"SearchAction\",\"target\":{\"@type\":\"EntryPoint\",\"urlTemplate\":\"https:\/\/cleitonpinheiro.com.br\/site\/?s={search_term_string}\"},\"query-input\":{\"@type\":\"PropertyValueSpecification\",\"valueRequired\":true,\"valueName\":\"search_term_string\"}}],\"inLanguage\":\"pt-BR\"},{\"@type\":\"Organization\",\"@id\":\"https:\/\/cleitonpinheiro.com.br\/site\/#organization\",\"name\":\"CPNOT\u00cdCIAS\",\"url\":\"https:\/\/cleitonpinheiro.com.br\/site\/\",\"logo\":{\"@type\":\"ImageObject\",\"inLanguage\":\"pt-BR\",\"@id\":\"https:\/\/cleitonpinheiro.com.br\/site\/#\/schema\/logo\/image\/\",\"url\":\"https:\/\/cleitonpinheiro.com.br\/site\/wp-content\/uploads\/2022\/08\/Logo-pequena-2.png\",\"contentUrl\":\"https:\/\/cleitonpinheiro.com.br\/site\/wp-content\/uploads\/2022\/08\/Logo-pequena-2.png\",\"width\":500,\"height\":500,\"caption\":\"CPNOT\u00cdCIAS\"},\"image\":{\"@id\":\"https:\/\/cleitonpinheiro.com.br\/site\/#\/schema\/logo\/image\/\"},\"sameAs\":[\"https:\/\/www.facebook.com\/portalcpnoticias\/\"]},{\"@type\":\"Person\",\"@id\":\"https:\/\/cleitonpinheiro.com.br\/site\/#\/schema\/person\/aac6d7f311e80c43042e98a900b03cd8\",\"name\":\"Dermival Pereira\",\"image\":{\"@type\":\"ImageObject\",\"inLanguage\":\"pt-BR\",\"@id\":\"https:\/\/cleitonpinheiro.com.br\/site\/#\/schema\/person\/image\/\",\"url\":\"https:\/\/secure.gravatar.com\/avatar\/cfaebf3742d6bf8db728bcba3eed6bee37b02337a2e6c822994f20ca72a3784d?s=96&r=g\",\"contentUrl\":\"https:\/\/secure.gravatar.com\/avatar\/cfaebf3742d6bf8db728bcba3eed6bee37b02337a2e6c822994f20ca72a3784d?s=96&r=g\",\"caption\":\"Dermival Pereira\"},\"url\":\"https:\/\/cleitonpinheiro.com.br\/site\/author\/dermival\/\"}]}<\/script>\n<!-- \/ Yoast SEO plugin. -->","yoast_head_json":{"title":"Por piso salarial: profissionais da Enfermagem far\u00e3o paraliza\u00e7\u00e3o nos hospitais p\u00fablicos na 6\u00aa - PORTAL DE NOT\u00cdCIAS CLEITON PINHEIRO","robots":{"index":"index","follow":"follow","max-snippet":"max-snippet:-1","max-image-preview":"max-image-preview:large","max-video-preview":"max-video-preview:-1"},"canonical":"https:\/\/cleitonpinheiro.com.br\/site\/por-piso-salarial-profissionais-da-enfermagem-farao-paralizacao-nos-hospitais-publicos-na-sexta\/","og_locale":"pt_BR","og_type":"article","og_title":"Por piso salarial: profissionais da Enfermagem far\u00e3o paraliza\u00e7\u00e3o nos hospitais p\u00fablicos na 6\u00aa - PORTAL DE NOT\u00cdCIAS CLEITON PINHEIRO","og_description":"Os sindicatos representantes dos profissionais da enfermagem no Tocantins decidiram durante reuni\u00e3o realizada na manh\u00e3 desta segunda, 6, por uma paralisa\u00e7\u00e3o na pr\u00f3xima sexta-feira, 10. Segundo informado pelas entidades que representam a categoria no Estado, a paralisa\u00e7\u00e3o ter\u00e1 inicio \u00e0s 7h e ser\u00e1 finalizada \u00e0s 19h do mesmo dia. O movimento no Tocantins se junta [&hellip;]","og_url":"https:\/\/cleitonpinheiro.com.br\/site\/por-piso-salarial-profissionais-da-enfermagem-farao-paralizacao-nos-hospitais-publicos-na-sexta\/","og_site_name":"PORTAL DE NOT\u00cdCIAS CLEITON PINHEIRO","article_publisher":"https:\/\/www.facebook.com\/portalcpnoticias\/","article_published_time":"2023-03-06T20:41:42+00:00","article_modified_time":"2023-03-06T20:51:15+00:00","og_image":[{"width":750,"height":450,"url":"https:\/\/cleitonpinheiro.com.br\/site\/wp-content\/uploads\/2023\/03\/Design-sem-nome-2023-03-06T174105-compressed.jpg","type":"image\/jpeg"}],"author":"Dermival Pereira","twitter_card":"summary_large_image","twitter_misc":{"Escrito por":"Dermival Pereira","Est. tempo de leitura":"2 minutos"},"schema":{"@context":"https:\/\/schema.org","@graph":[{"@type":"Article","@id":"https:\/\/cleitonpinheiro.com.br\/site\/por-piso-salarial-profissionais-da-enfermagem-farao-paralizacao-nos-hospitais-publicos-na-sexta\/#article","isPartOf":{"@id":"https:\/\/cleitonpinheiro.com.br\/site\/por-piso-salarial-profissionais-da-enfermagem-farao-paralizacao-nos-hospitais-publicos-na-sexta\/"},"author":{"name":"Dermival Pereira","@id":"https:\/\/cleitonpinheiro.com.br\/site\/#\/schema\/person\/aac6d7f311e80c43042e98a900b03cd8"},"headline":"Por piso salarial: profissionais da Enfermagem far\u00e3o paraliza\u00e7\u00e3o nos hospitais p\u00fablicos na 6\u00aa","datePublished":"2023-03-06T20:41:42+00:00","dateModified":"2023-03-06T20:51:15+00:00","mainEntityOfPage":{"@id":"https:\/\/cleitonpinheiro.com.br\/site\/por-piso-salarial-profissionais-da-enfermagem-farao-paralizacao-nos-hospitais-publicos-na-sexta\/"},"wordCount":347,"commentCount":0,"publisher":{"@id":"https:\/\/cleitonpinheiro.com.br\/site\/#organization"},"image":{"@id":"https:\/\/cleitonpinheiro.com.br\/site\/por-piso-salarial-profissionais-da-enfermagem-farao-paralizacao-nos-hospitais-publicos-na-sexta\/#primaryimage"},"thumbnailUrl":"https:\/\/cleitonpinheiro.com.br\/site\/wp-content\/uploads\/2023\/03\/Design-sem-nome-2023-03-06T174105-compressed.jpg","articleSection":["ESTADO","MANCHETE SEGUND\u00c1RIA"],"inLanguage":"pt-BR","potentialAction":[{"@type":"CommentAction","name":"Comment","target":["https:\/\/cleitonpinheiro.com.br\/site\/por-piso-salarial-profissionais-da-enfermagem-farao-paralizacao-nos-hospitais-publicos-na-sexta\/#respond"]}]},{"@type":"WebPage","@id":"https:\/\/cleitonpinheiro.com.br\/site\/por-piso-salarial-profissionais-da-enfermagem-farao-paralizacao-nos-hospitais-publicos-na-sexta\/","url":"https:\/\/cleitonpinheiro.com.br\/site\/por-piso-salarial-profissionais-da-enfermagem-farao-paralizacao-nos-hospitais-publicos-na-sexta\/","name":"Por piso salarial: profissionais da Enfermagem far\u00e3o paraliza\u00e7\u00e3o nos hospitais p\u00fablicos na 6\u00aa - PORTAL DE NOT\u00cdCIAS CLEITON PINHEIRO","isPartOf":{"@id":"https:\/\/cleitonpinheiro.com.br\/site\/#website"},"primaryImageOfPage":{"@id":"https:\/\/cleitonpinheiro.com.br\/site\/por-piso-salarial-profissionais-da-enfermagem-farao-paralizacao-nos-hospitais-publicos-na-sexta\/#primaryimage"},"image":{"@id":"https:\/\/cleitonpinheiro.com.br\/site\/por-piso-salarial-profissionais-da-enfermagem-farao-paralizacao-nos-hospitais-publicos-na-sexta\/#primaryimage"},"thumbnailUrl":"https:\/\/cleitonpinheiro.com.br\/site\/wp-content\/uploads\/2023\/03\/Design-sem-nome-2023-03-06T174105-compressed.jpg","datePublished":"2023-03-06T20:41:42+00:00","dateModified":"2023-03-06T20:51:15+00:00","breadcrumb":{"@id":"https:\/\/cleitonpinheiro.com.br\/site\/por-piso-salarial-profissionais-da-enfermagem-farao-paralizacao-nos-hospitais-publicos-na-sexta\/#breadcrumb"},"inLanguage":"pt-BR","potentialAction":[{"@type":"ReadAction","target":["https:\/\/cleitonpinheiro.com.br\/site\/por-piso-salarial-profissionais-da-enfermagem-farao-paralizacao-nos-hospitais-publicos-na-sexta\/"]}]},{"@type":"ImageObject","inLanguage":"pt-BR","@id":"https:\/\/cleitonpinheiro.com.br\/site\/por-piso-salarial-profissionais-da-enfermagem-farao-paralizacao-nos-hospitais-publicos-na-sexta\/#primaryimage","url":"","contentUrl":""},{"@type":"BreadcrumbList","@id":"https:\/\/cleitonpinheiro.com.br\/site\/por-piso-salarial-profissionais-da-enfermagem-farao-paralizacao-nos-hospitais-publicos-na-sexta\/#breadcrumb","itemListElement":[{"@type":"ListItem","position":1,"name":"In\u00edcio","item":"https:\/\/cleitonpinheiro.com.br\/site\/"},{"@type":"ListItem","position":2,"name":"Por piso salarial: profissionais da Enfermagem far\u00e3o paraliza\u00e7\u00e3o nos hospitais p\u00fablicos na 6\u00aa"}]},{"@type":"WebSite","@id":"https:\/\/cleitonpinheiro.com.br\/site\/#website","url":"https:\/\/cleitonpinheiro.com.br\/site\/","name":"PORTAL DE NOT\u00cdCIAS CLEITON PINHEIRO","description":"FALANDO A VERDADE","publisher":{"@id":"https:\/\/cleitonpinheiro.com.br\/site\/#organization"},"potentialAction":[{"@type":"SearchAction","target":{"@type":"EntryPoint","urlTemplate":"https:\/\/cleitonpinheiro.com.br\/site\/?s={search_term_string}"},"query-input":{"@type":"PropertyValueSpecification","valueRequired":true,"valueName":"search_term_string"}}],"inLanguage":"pt-BR"},{"@type":"Organization","@id":"https:\/\/cleitonpinheiro.com.br\/site\/#organization","name":"CPNOT\u00cdCIAS","url":"https:\/\/cleitonpinheiro.com.br\/site\/","logo":{"@type":"ImageObject","inLanguage":"pt-BR","@id":"https:\/\/cleitonpinheiro.com.br\/site\/#\/schema\/logo\/image\/","url":"https:\/\/cleitonpinheiro.com.br\/site\/wp-content\/uploads\/2022\/08\/Logo-pequena-2.png","contentUrl":"https:\/\/cleitonpinheiro.com.br\/site\/wp-content\/uploads\/2022\/08\/Logo-pequena-2.png","width":500,"height":500,"caption":"CPNOT\u00cdCIAS"},"image":{"@id":"https:\/\/cleitonpinheiro.com.br\/site\/#\/schema\/logo\/image\/"},"sameAs":["https:\/\/www.facebook.com\/portalcpnoticias\/"]},{"@type":"Person","@id":"https:\/\/cleitonpinheiro.com.br\/site\/#\/schema\/person\/aac6d7f311e80c43042e98a900b03cd8","name":"Dermival Pereira","image":{"@type":"ImageObject","inLanguage":"pt-BR","@id":"https:\/\/cleitonpinheiro.com.br\/site\/#\/schema\/person\/image\/","url":"https:\/\/secure.gravatar.com\/avatar\/cfaebf3742d6bf8db728bcba3eed6bee37b02337a2e6c822994f20ca72a3784d?s=96&r=g","contentUrl":"https:\/\/secure.gravatar.com\/avatar\/cfaebf3742d6bf8db728bcba3eed6bee37b02337a2e6c822994f20ca72a3784d?s=96&r=g","caption":"Dermival Pereira"},"url":"https:\/\/cleitonpinheiro.com.br\/site\/author\/dermival\/"}]}},"views":730,"_links":{"self":[{"href":"https:\/\/cleitonpinheiro.com.br\/site\/wp-json\/wp\/v2\/posts\/68830","targetHints":{"allow":["GET"]}}],"collection":[{"href":"https:\/\/cleitonpinheiro.com.br\/site\/wp-json\/wp\/v2\/posts"}],"about":[{"href":"https:\/\/cleitonpinheiro.com.br\/site\/wp-json\/wp\/v2\/types\/post"}],"author":[{"embeddable":true,"href":"https:\/\/cleitonpinheiro.com.br\/site\/wp-json\/wp\/v2\/users\/4"}],"replies":[{"embeddable":true,"href":"https:\/\/cleitonpinheiro.com.br\/site\/wp-json\/wp\/v2\/comments?post=68830"}],"version-history":[{"count":6,"href":"https:\/\/cleitonpinheiro.com.br\/site\/wp-json\/wp\/v2\/posts\/68830\/revisions"}],"predecessor-version":[{"id":68840,"href":"https:\/\/cleitonpinheiro.com.br\/site\/wp-json\/wp\/v2\/posts\/68830\/revisions\/68840"}],"wp:attachment":[{"href":"https:\/\/cleitonpinheiro.com.br\/site\/wp-json\/wp\/v2\/media?parent=68830"}],"wp:term":[{"taxonomy":"category","embeddable":true,"href":"https:\/\/cleitonpinheiro.com.br\/site\/wp-json\/wp\/v2\/categories?post=68830"},{"taxonomy":"post_tag","embeddable":true,"href":"https:\/\/cleitonpinheiro.com.br\/site\/wp-json\/wp\/v2\/tags?post=68830"}],"curies":[{"name":"wp","href":"https:\/\/api.w.org\/{rel}","templated":true}]}}