{"id":69251,"date":"2023-03-20T09:26:49","date_gmt":"2023-03-20T12:26:49","guid":{"rendered":"https:\/\/cleitonpinheiro.com.br\/site\/?p=69251"},"modified":"2023-03-21T12:03:06","modified_gmt":"2023-03-21T15:03:06","slug":"vice-do-sisepe-to-cobra-do-presidente-da-entidade-elizeu-oliveira-prestacao-de-contas-transparencia-e-detalhes-dos-gastos-com-veiculos-e-cartoes-corporativos-do-sindicato","status":"publish","type":"post","link":"https:\/\/cleitonpinheiro.com.br\/site\/vice-do-sisepe-to-cobra-do-presidente-da-entidade-elizeu-oliveira-prestacao-de-contas-transparencia-e-detalhes-dos-gastos-com-veiculos-e-cartoes-corporativos-do-sindicato\/","title":{"rendered":"Vice-presidente do SISEPE-TO cobra do atual presidente da entidade, Elizeu Oliveira, presta\u00e7\u00e3o de contas, transpar\u00eancia e detalhes dos gastos com ve\u00edculos e cart\u00f5es corporativos do sindicato"},"content":{"rendered":"\n<figure class=\"wp-block-gallery has-nested-images columns-default is-cropped wp-block-gallery-1 is-layout-flex wp-block-gallery-is-layout-flex\">\n<figure class=\"wp-block-image size-large\"><img decoding=\"async\" data-id=\"60746\" src=\"https:\/\/cleitonpinheiro.com.br\/site\/wp-content\/uploads\/2022\/03\/Sisepeeditadooo-17.jpg\" alt=\"\" class=\"wp-image-60746\"\/><\/figure>\n<\/figure>\n\n\n\n<p>Em of\u00edcio protocolado ao presidente do Sindicato dos Servidores P\u00fablicos Estaduais (SISEPE-TO), o vice-presidente da entidade, Roney Gomes Santana, cobrou do presidente Elizeu dos Santos Oliveira, informa\u00e7\u00f5es e c\u00f3pias detalhadas dos gastos do Sindicato desde o in\u00edcio da gest\u00e3o at\u00e9 os dias atuais. O documento em que a reportagem teve acesso foi protocolado no \u00faltimo dia 16 de mar\u00e7o.<br><br>No documento definido como interno, Roney Gomes Santana, requer ao presidente, em car\u00e1ter de urg\u00eancia, o detalhamento financeiro sobre os gastos que vem sendo realizado pelo Sindicato. A presta\u00e7\u00e3o de contas dos gastos da entidade, como tamb\u00e9m relat\u00f3rios das a\u00e7\u00f5es realizadas em favor dos servidores p\u00fablicos filiados ao sindicato devem ser apresentados mensalmente em reuni\u00e3o da diretoria do SISEPE-TO, o que de acordo com o alegado pelo vice, no memorando, n\u00e3o estaria sendo feito pela atual gest\u00e3o.<br><br><strong>O que pede o vice-presidente<\/strong><\/p>\n\n\n\n<p>No documento, Santana, que segundo fontes do <em>Site<\/em>, h\u00e1 dias vem tecendo cr\u00edticas a Elizeu no que diz respeito a transpar\u00eancia dos gastos do sindicato, requer detalhes, dos gastos relacionados a todos os contratos existentes dos prestadores de servi\u00e7o e conv\u00eanios dede o in\u00edcio da gest\u00e3o at\u00e9 os dias atuais com valores que s\u00e3o pagos mensalmente, identificando por nome, quantidade, data e valor. Ele tamb\u00e9m quer informa\u00e7\u00f5es sobre os gastos mensais dos cart\u00f5es corporativos, com data e valor dos pagamentos.<\/p>\n\n\n\n<p>Outro ponto que o vice-presidente do SISEPE-TO requer esclarecimentos da gest\u00e3o \u00e9 em rela\u00e7\u00e3o ao pagamento de di\u00e1rias. Neste item, Santana pede que sejam informados o nome de quem recebeu, a quantidade de dias trabalhado e o valor pago pela entidade a cada colaborador.<\/p>\n\n\n\n<p>Por fim, o vice-presidente do SISEPE-TO, requer, com detalhes, os percentuais de gastos com todos os ve\u00edculos do Sindicato, incluindo combust\u00edvel e manuten\u00e7\u00e3o, e se poss\u00edvel os KMs rodados por m\u00eas, e para o caso de manuten\u00e7\u00e3o detalhar o servi\u00e7o realizado no ve\u00edculo.<\/p>\n\n\n\n<p>De acordo com o documento assinado por Santana, \u2018tal solicita\u00e7\u00e3o \u00e9 necess\u00e1ria para que a vice-presid\u00eancia, bem como toda a Diretoria Executiva da entidade, tenha a real no\u00e7\u00e3o das a\u00e7\u00f5es executadas pela gest\u00e3o afim do entendimento de como est\u00e3o os gastos do Sindicato e assim assegurar a transpar\u00eancia nas a\u00e7\u00f5es do SISEPE-TO\u2019, finaliza o documento.<\/p>\n\n\n\n<p><strong>O outro lado<\/strong><\/p>\n\n\n\n<p>A reportagem encaminhou pedido de resposta, via e-mail, a assessoria do SISEPE-TO, assim que a entidade responder, a mat\u00e9ria ser\u00e1 atualizada com a resposta. O espa\u00e7o segue aberto.<br><strong><br>Confira a abaixo, o of\u00edcio de Santa a Elizeu<\/strong><\/p>\n\n\n\n<figure class=\"wp-block-image size-full is-resized\"><img fetchpriority=\"high\" decoding=\"async\" src=\"https:\/\/cleitonpinheiro.com.br\/site\/wp-content\/uploads\/2023\/03\/WhatsApp-Image-2023-03-19-at-16.33.00-1.jpeg\" alt=\"\" class=\"wp-image-69253\" width=\"1026\" height=\"1601\"\/><\/figure>\n","protected":false},"excerpt":{"rendered":"<p>Em of\u00edcio protocolado ao presidente do Sindicato dos Servidores P\u00fablicos Estaduais (SISEPE-TO), o vice-presidente da entidade, Roney Gomes Santana, cobrou do presidente Elizeu dos Santos Oliveira, informa\u00e7\u00f5es e c\u00f3pias detalhadas dos gastos do Sindicato desde o in\u00edcio da gest\u00e3o at\u00e9 os dias atuais. O documento em que a reportagem teve acesso foi protocolado no \u00faltimo [&hellip;]<\/p>\n","protected":false},"author":4,"featured_media":0,"comment_status":"open","ping_status":"open","sticky":false,"template":"","format":"standard","meta":{"_acf_changed":false,"footnotes":""},"categories":[25,21],"tags":[],"class_list":["post-69251","post","type-post","status-publish","format-standard","hentry","category-funcionalismo","category-todas-noticias"],"acf":[],"yoast_head":"<!-- This site is optimized with the Yoast SEO plugin v24.4 - https:\/\/yoast.com\/wordpress\/plugins\/seo\/ -->\n<title>Vice-presidente do SISEPE-TO cobra do atual presidente da entidade, Elizeu Oliveira, presta\u00e7\u00e3o de contas, transpar\u00eancia e detalhes dos gastos com ve\u00edculos e cart\u00f5es corporativos do sindicato - PORTAL DE NOT\u00cdCIAS CLEITON PINHEIRO<\/title>\n<meta name=\"robots\" content=\"index, follow, max-snippet:-1, max-image-preview:large, max-video-preview:-1\" \/>\n<link rel=\"canonical\" href=\"https:\/\/cleitonpinheiro.com.br\/site\/vice-do-sisepe-to-cobra-do-presidente-da-entidade-elizeu-oliveira-prestacao-de-contas-transparencia-e-detalhes-dos-gastos-com-veiculos-e-cartoes-corporativos-do-sindicato\/\" \/>\n<meta property=\"og:locale\" content=\"pt_BR\" \/>\n<meta property=\"og:type\" content=\"article\" \/>\n<meta property=\"og:title\" content=\"Vice-presidente do SISEPE-TO cobra do atual presidente da entidade, Elizeu Oliveira, presta\u00e7\u00e3o de contas, transpar\u00eancia e detalhes dos gastos com ve\u00edculos e cart\u00f5es corporativos do sindicato - PORTAL DE NOT\u00cdCIAS CLEITON PINHEIRO\" \/>\n<meta property=\"og:description\" content=\"Em of\u00edcio protocolado ao presidente do Sindicato dos Servidores P\u00fablicos Estaduais (SISEPE-TO), o vice-presidente da entidade, Roney Gomes Santana, cobrou do presidente Elizeu dos Santos Oliveira, informa\u00e7\u00f5es e c\u00f3pias detalhadas dos gastos do Sindicato desde o in\u00edcio da gest\u00e3o at\u00e9 os dias atuais. O documento em que a reportagem teve acesso foi protocolado no \u00faltimo [&hellip;]\" \/>\n<meta property=\"og:url\" content=\"https:\/\/cleitonpinheiro.com.br\/site\/vice-do-sisepe-to-cobra-do-presidente-da-entidade-elizeu-oliveira-prestacao-de-contas-transparencia-e-detalhes-dos-gastos-com-veiculos-e-cartoes-corporativos-do-sindicato\/\" \/>\n<meta property=\"og:site_name\" content=\"PORTAL DE NOT\u00cdCIAS CLEITON PINHEIRO\" \/>\n<meta property=\"article:publisher\" content=\"https:\/\/www.facebook.com\/portalcpnoticias\/\" \/>\n<meta property=\"article:published_time\" content=\"2023-03-20T12:26:49+00:00\" \/>\n<meta property=\"article:modified_time\" content=\"2023-03-21T15:03:06+00:00\" \/>\n<meta property=\"og:image\" content=\"https:\/\/cleitonpinheiro.com.br\/site\/wp-content\/uploads\/2022\/03\/Sisepeeditadooo-17.jpg\" \/>\n\t<meta property=\"og:image:width\" content=\"750\" \/>\n\t<meta property=\"og:image:height\" content=\"450\" \/>\n\t<meta property=\"og:image:type\" content=\"image\/jpeg\" \/>\n<meta name=\"author\" content=\"Dermival Pereira\" \/>\n<meta name=\"twitter:card\" content=\"summary_large_image\" \/>\n<meta name=\"twitter:label1\" content=\"Escrito por\" \/>\n\t<meta name=\"twitter:data1\" content=\"Dermival Pereira\" \/>\n\t<meta name=\"twitter:label2\" content=\"Est. tempo de leitura\" \/>\n\t<meta name=\"twitter:data2\" content=\"3 minutos\" \/>\n<script type=\"application\/ld+json\" class=\"yoast-schema-graph\">{\"@context\":\"https:\/\/schema.org\",\"@graph\":[{\"@type\":\"Article\",\"@id\":\"https:\/\/cleitonpinheiro.com.br\/site\/vice-do-sisepe-to-cobra-do-presidente-da-entidade-elizeu-oliveira-prestacao-de-contas-transparencia-e-detalhes-dos-gastos-com-veiculos-e-cartoes-corporativos-do-sindicato\/#article\",\"isPartOf\":{\"@id\":\"https:\/\/cleitonpinheiro.com.br\/site\/vice-do-sisepe-to-cobra-do-presidente-da-entidade-elizeu-oliveira-prestacao-de-contas-transparencia-e-detalhes-dos-gastos-com-veiculos-e-cartoes-corporativos-do-sindicato\/\"},\"author\":{\"name\":\"Dermival Pereira\",\"@id\":\"https:\/\/cleitonpinheiro.com.br\/site\/#\/schema\/person\/aac6d7f311e80c43042e98a900b03cd8\"},\"headline\":\"Vice-presidente do SISEPE-TO cobra do atual presidente da entidade, Elizeu Oliveira, presta\u00e7\u00e3o de contas, transpar\u00eancia e detalhes dos gastos com ve\u00edculos e cart\u00f5es corporativos do sindicato\",\"datePublished\":\"2023-03-20T12:26:49+00:00\",\"dateModified\":\"2023-03-21T15:03:06+00:00\",\"mainEntityOfPage\":{\"@id\":\"https:\/\/cleitonpinheiro.com.br\/site\/vice-do-sisepe-to-cobra-do-presidente-da-entidade-elizeu-oliveira-prestacao-de-contas-transparencia-e-detalhes-dos-gastos-com-veiculos-e-cartoes-corporativos-do-sindicato\/\"},\"wordCount\":480,\"commentCount\":0,\"publisher\":{\"@id\":\"https:\/\/cleitonpinheiro.com.br\/site\/#organization\"},\"image\":{\"@id\":\"https:\/\/cleitonpinheiro.com.br\/site\/vice-do-sisepe-to-cobra-do-presidente-da-entidade-elizeu-oliveira-prestacao-de-contas-transparencia-e-detalhes-dos-gastos-com-veiculos-e-cartoes-corporativos-do-sindicato\/#primaryimage\"},\"thumbnailUrl\":\"https:\/\/cleitonpinheiro.com.br\/site\/wp-content\/uploads\/2022\/03\/Sisepeeditadooo-17.jpg\",\"articleSection\":[\"FUNCIONALISMO\",\"TODAS NOTICIAS\"],\"inLanguage\":\"pt-BR\",\"potentialAction\":[{\"@type\":\"CommentAction\",\"name\":\"Comment\",\"target\":[\"https:\/\/cleitonpinheiro.com.br\/site\/vice-do-sisepe-to-cobra-do-presidente-da-entidade-elizeu-oliveira-prestacao-de-contas-transparencia-e-detalhes-dos-gastos-com-veiculos-e-cartoes-corporativos-do-sindicato\/#respond\"]}]},{\"@type\":\"WebPage\",\"@id\":\"https:\/\/cleitonpinheiro.com.br\/site\/vice-do-sisepe-to-cobra-do-presidente-da-entidade-elizeu-oliveira-prestacao-de-contas-transparencia-e-detalhes-dos-gastos-com-veiculos-e-cartoes-corporativos-do-sindicato\/\",\"url\":\"https:\/\/cleitonpinheiro.com.br\/site\/vice-do-sisepe-to-cobra-do-presidente-da-entidade-elizeu-oliveira-prestacao-de-contas-transparencia-e-detalhes-dos-gastos-com-veiculos-e-cartoes-corporativos-do-sindicato\/\",\"name\":\"Vice-presidente do SISEPE-TO cobra do atual presidente da entidade, Elizeu Oliveira, presta\u00e7\u00e3o de contas, transpar\u00eancia e detalhes dos gastos com ve\u00edculos e cart\u00f5es corporativos do sindicato - PORTAL DE NOT\u00cdCIAS CLEITON PINHEIRO\",\"isPartOf\":{\"@id\":\"https:\/\/cleitonpinheiro.com.br\/site\/#website\"},\"primaryImageOfPage\":{\"@id\":\"https:\/\/cleitonpinheiro.com.br\/site\/vice-do-sisepe-to-cobra-do-presidente-da-entidade-elizeu-oliveira-prestacao-de-contas-transparencia-e-detalhes-dos-gastos-com-veiculos-e-cartoes-corporativos-do-sindicato\/#primaryimage\"},\"image\":{\"@id\":\"https:\/\/cleitonpinheiro.com.br\/site\/vice-do-sisepe-to-cobra-do-presidente-da-entidade-elizeu-oliveira-prestacao-de-contas-transparencia-e-detalhes-dos-gastos-com-veiculos-e-cartoes-corporativos-do-sindicato\/#primaryimage\"},\"thumbnailUrl\":\"https:\/\/cleitonpinheiro.com.br\/site\/wp-content\/uploads\/2022\/03\/Sisepeeditadooo-17.jpg\",\"datePublished\":\"2023-03-20T12:26:49+00:00\",\"dateModified\":\"2023-03-21T15:03:06+00:00\",\"breadcrumb\":{\"@id\":\"https:\/\/cleitonpinheiro.com.br\/site\/vice-do-sisepe-to-cobra-do-presidente-da-entidade-elizeu-oliveira-prestacao-de-contas-transparencia-e-detalhes-dos-gastos-com-veiculos-e-cartoes-corporativos-do-sindicato\/#breadcrumb\"},\"inLanguage\":\"pt-BR\",\"potentialAction\":[{\"@type\":\"ReadAction\",\"target\":[\"https:\/\/cleitonpinheiro.com.br\/site\/vice-do-sisepe-to-cobra-do-presidente-da-entidade-elizeu-oliveira-prestacao-de-contas-transparencia-e-detalhes-dos-gastos-com-veiculos-e-cartoes-corporativos-do-sindicato\/\"]}]},{\"@type\":\"ImageObject\",\"inLanguage\":\"pt-BR\",\"@id\":\"https:\/\/cleitonpinheiro.com.br\/site\/vice-do-sisepe-to-cobra-do-presidente-da-entidade-elizeu-oliveira-prestacao-de-contas-transparencia-e-detalhes-dos-gastos-com-veiculos-e-cartoes-corporativos-do-sindicato\/#primaryimage\",\"url\":\"\",\"contentUrl\":\"\"},{\"@type\":\"BreadcrumbList\",\"@id\":\"https:\/\/cleitonpinheiro.com.br\/site\/vice-do-sisepe-to-cobra-do-presidente-da-entidade-elizeu-oliveira-prestacao-de-contas-transparencia-e-detalhes-dos-gastos-com-veiculos-e-cartoes-corporativos-do-sindicato\/#breadcrumb\",\"itemListElement\":[{\"@type\":\"ListItem\",\"position\":1,\"name\":\"In\u00edcio\",\"item\":\"https:\/\/cleitonpinheiro.com.br\/site\/\"},{\"@type\":\"ListItem\",\"position\":2,\"name\":\"Vice-presidente do SISEPE-TO cobra do atual presidente da entidade, Elizeu Oliveira, presta\u00e7\u00e3o de contas, transpar\u00eancia e detalhes dos gastos com ve\u00edculos e cart\u00f5es corporativos do sindicato\"}]},{\"@type\":\"WebSite\",\"@id\":\"https:\/\/cleitonpinheiro.com.br\/site\/#website\",\"url\":\"https:\/\/cleitonpinheiro.com.br\/site\/\",\"name\":\"PORTAL DE NOT\u00cdCIAS CLEITON PINHEIRO\",\"description\":\"FALANDO A VERDADE\",\"publisher\":{\"@id\":\"https:\/\/cleitonpinheiro.com.br\/site\/#organization\"},\"potentialAction\":[{\"@type\":\"SearchAction\",\"target\":{\"@type\":\"EntryPoint\",\"urlTemplate\":\"https:\/\/cleitonpinheiro.com.br\/site\/?s={search_term_string}\"},\"query-input\":{\"@type\":\"PropertyValueSpecification\",\"valueRequired\":true,\"valueName\":\"search_term_string\"}}],\"inLanguage\":\"pt-BR\"},{\"@type\":\"Organization\",\"@id\":\"https:\/\/cleitonpinheiro.com.br\/site\/#organization\",\"name\":\"CPNOT\u00cdCIAS\",\"url\":\"https:\/\/cleitonpinheiro.com.br\/site\/\",\"logo\":{\"@type\":\"ImageObject\",\"inLanguage\":\"pt-BR\",\"@id\":\"https:\/\/cleitonpinheiro.com.br\/site\/#\/schema\/logo\/image\/\",\"url\":\"https:\/\/cleitonpinheiro.com.br\/site\/wp-content\/uploads\/2022\/08\/Logo-pequena-2.png\",\"contentUrl\":\"https:\/\/cleitonpinheiro.com.br\/site\/wp-content\/uploads\/2022\/08\/Logo-pequena-2.png\",\"width\":500,\"height\":500,\"caption\":\"CPNOT\u00cdCIAS\"},\"image\":{\"@id\":\"https:\/\/cleitonpinheiro.com.br\/site\/#\/schema\/logo\/image\/\"},\"sameAs\":[\"https:\/\/www.facebook.com\/portalcpnoticias\/\"]},{\"@type\":\"Person\",\"@id\":\"https:\/\/cleitonpinheiro.com.br\/site\/#\/schema\/person\/aac6d7f311e80c43042e98a900b03cd8\",\"name\":\"Dermival Pereira\",\"image\":{\"@type\":\"ImageObject\",\"inLanguage\":\"pt-BR\",\"@id\":\"https:\/\/cleitonpinheiro.com.br\/site\/#\/schema\/person\/image\/\",\"url\":\"https:\/\/secure.gravatar.com\/avatar\/cfaebf3742d6bf8db728bcba3eed6bee37b02337a2e6c822994f20ca72a3784d?s=96&r=g\",\"contentUrl\":\"https:\/\/secure.gravatar.com\/avatar\/cfaebf3742d6bf8db728bcba3eed6bee37b02337a2e6c822994f20ca72a3784d?s=96&r=g\",\"caption\":\"Dermival Pereira\"},\"url\":\"https:\/\/cleitonpinheiro.com.br\/site\/author\/dermival\/\"}]}<\/script>\n<!-- \/ Yoast SEO plugin. -->","yoast_head_json":{"title":"Vice-presidente do SISEPE-TO cobra do atual presidente da entidade, Elizeu Oliveira, presta\u00e7\u00e3o de contas, transpar\u00eancia e detalhes dos gastos com ve\u00edculos e cart\u00f5es corporativos do sindicato - PORTAL DE NOT\u00cdCIAS CLEITON PINHEIRO","robots":{"index":"index","follow":"follow","max-snippet":"max-snippet:-1","max-image-preview":"max-image-preview:large","max-video-preview":"max-video-preview:-1"},"canonical":"https:\/\/cleitonpinheiro.com.br\/site\/vice-do-sisepe-to-cobra-do-presidente-da-entidade-elizeu-oliveira-prestacao-de-contas-transparencia-e-detalhes-dos-gastos-com-veiculos-e-cartoes-corporativos-do-sindicato\/","og_locale":"pt_BR","og_type":"article","og_title":"Vice-presidente do SISEPE-TO cobra do atual presidente da entidade, Elizeu Oliveira, presta\u00e7\u00e3o de contas, transpar\u00eancia e detalhes dos gastos com ve\u00edculos e cart\u00f5es corporativos do sindicato - PORTAL DE NOT\u00cdCIAS CLEITON PINHEIRO","og_description":"Em of\u00edcio protocolado ao presidente do Sindicato dos Servidores P\u00fablicos Estaduais (SISEPE-TO), o vice-presidente da entidade, Roney Gomes Santana, cobrou do presidente Elizeu dos Santos Oliveira, informa\u00e7\u00f5es e c\u00f3pias detalhadas dos gastos do Sindicato desde o in\u00edcio da gest\u00e3o at\u00e9 os dias atuais. O documento em que a reportagem teve acesso foi protocolado no \u00faltimo [&hellip;]","og_url":"https:\/\/cleitonpinheiro.com.br\/site\/vice-do-sisepe-to-cobra-do-presidente-da-entidade-elizeu-oliveira-prestacao-de-contas-transparencia-e-detalhes-dos-gastos-com-veiculos-e-cartoes-corporativos-do-sindicato\/","og_site_name":"PORTAL DE NOT\u00cdCIAS CLEITON PINHEIRO","article_publisher":"https:\/\/www.facebook.com\/portalcpnoticias\/","article_published_time":"2023-03-20T12:26:49+00:00","article_modified_time":"2023-03-21T15:03:06+00:00","og_image":[{"width":750,"height":450,"url":"https:\/\/cleitonpinheiro.com.br\/site\/wp-content\/uploads\/2022\/03\/Sisepeeditadooo-17.jpg","type":"image\/jpeg"}],"author":"Dermival Pereira","twitter_card":"summary_large_image","twitter_misc":{"Escrito por":"Dermival Pereira","Est. tempo de leitura":"3 minutos"},"schema":{"@context":"https:\/\/schema.org","@graph":[{"@type":"Article","@id":"https:\/\/cleitonpinheiro.com.br\/site\/vice-do-sisepe-to-cobra-do-presidente-da-entidade-elizeu-oliveira-prestacao-de-contas-transparencia-e-detalhes-dos-gastos-com-veiculos-e-cartoes-corporativos-do-sindicato\/#article","isPartOf":{"@id":"https:\/\/cleitonpinheiro.com.br\/site\/vice-do-sisepe-to-cobra-do-presidente-da-entidade-elizeu-oliveira-prestacao-de-contas-transparencia-e-detalhes-dos-gastos-com-veiculos-e-cartoes-corporativos-do-sindicato\/"},"author":{"name":"Dermival Pereira","@id":"https:\/\/cleitonpinheiro.com.br\/site\/#\/schema\/person\/aac6d7f311e80c43042e98a900b03cd8"},"headline":"Vice-presidente do SISEPE-TO cobra do atual presidente da entidade, Elizeu Oliveira, presta\u00e7\u00e3o de contas, transpar\u00eancia e detalhes dos gastos com ve\u00edculos e cart\u00f5es corporativos do sindicato","datePublished":"2023-03-20T12:26:49+00:00","dateModified":"2023-03-21T15:03:06+00:00","mainEntityOfPage":{"@id":"https:\/\/cleitonpinheiro.com.br\/site\/vice-do-sisepe-to-cobra-do-presidente-da-entidade-elizeu-oliveira-prestacao-de-contas-transparencia-e-detalhes-dos-gastos-com-veiculos-e-cartoes-corporativos-do-sindicato\/"},"wordCount":480,"commentCount":0,"publisher":{"@id":"https:\/\/cleitonpinheiro.com.br\/site\/#organization"},"image":{"@id":"https:\/\/cleitonpinheiro.com.br\/site\/vice-do-sisepe-to-cobra-do-presidente-da-entidade-elizeu-oliveira-prestacao-de-contas-transparencia-e-detalhes-dos-gastos-com-veiculos-e-cartoes-corporativos-do-sindicato\/#primaryimage"},"thumbnailUrl":"https:\/\/cleitonpinheiro.com.br\/site\/wp-content\/uploads\/2022\/03\/Sisepeeditadooo-17.jpg","articleSection":["FUNCIONALISMO","TODAS NOTICIAS"],"inLanguage":"pt-BR","potentialAction":[{"@type":"CommentAction","name":"Comment","target":["https:\/\/cleitonpinheiro.com.br\/site\/vice-do-sisepe-to-cobra-do-presidente-da-entidade-elizeu-oliveira-prestacao-de-contas-transparencia-e-detalhes-dos-gastos-com-veiculos-e-cartoes-corporativos-do-sindicato\/#respond"]}]},{"@type":"WebPage","@id":"https:\/\/cleitonpinheiro.com.br\/site\/vice-do-sisepe-to-cobra-do-presidente-da-entidade-elizeu-oliveira-prestacao-de-contas-transparencia-e-detalhes-dos-gastos-com-veiculos-e-cartoes-corporativos-do-sindicato\/","url":"https:\/\/cleitonpinheiro.com.br\/site\/vice-do-sisepe-to-cobra-do-presidente-da-entidade-elizeu-oliveira-prestacao-de-contas-transparencia-e-detalhes-dos-gastos-com-veiculos-e-cartoes-corporativos-do-sindicato\/","name":"Vice-presidente do SISEPE-TO cobra do atual presidente da entidade, Elizeu Oliveira, presta\u00e7\u00e3o de contas, transpar\u00eancia e detalhes dos gastos com ve\u00edculos e cart\u00f5es corporativos do sindicato - PORTAL DE NOT\u00cdCIAS CLEITON PINHEIRO","isPartOf":{"@id":"https:\/\/cleitonpinheiro.com.br\/site\/#website"},"primaryImageOfPage":{"@id":"https:\/\/cleitonpinheiro.com.br\/site\/vice-do-sisepe-to-cobra-do-presidente-da-entidade-elizeu-oliveira-prestacao-de-contas-transparencia-e-detalhes-dos-gastos-com-veiculos-e-cartoes-corporativos-do-sindicato\/#primaryimage"},"image":{"@id":"https:\/\/cleitonpinheiro.com.br\/site\/vice-do-sisepe-to-cobra-do-presidente-da-entidade-elizeu-oliveira-prestacao-de-contas-transparencia-e-detalhes-dos-gastos-com-veiculos-e-cartoes-corporativos-do-sindicato\/#primaryimage"},"thumbnailUrl":"https:\/\/cleitonpinheiro.com.br\/site\/wp-content\/uploads\/2022\/03\/Sisepeeditadooo-17.jpg","datePublished":"2023-03-20T12:26:49+00:00","dateModified":"2023-03-21T15:03:06+00:00","breadcrumb":{"@id":"https:\/\/cleitonpinheiro.com.br\/site\/vice-do-sisepe-to-cobra-do-presidente-da-entidade-elizeu-oliveira-prestacao-de-contas-transparencia-e-detalhes-dos-gastos-com-veiculos-e-cartoes-corporativos-do-sindicato\/#breadcrumb"},"inLanguage":"pt-BR","potentialAction":[{"@type":"ReadAction","target":["https:\/\/cleitonpinheiro.com.br\/site\/vice-do-sisepe-to-cobra-do-presidente-da-entidade-elizeu-oliveira-prestacao-de-contas-transparencia-e-detalhes-dos-gastos-com-veiculos-e-cartoes-corporativos-do-sindicato\/"]}]},{"@type":"ImageObject","inLanguage":"pt-BR","@id":"https:\/\/cleitonpinheiro.com.br\/site\/vice-do-sisepe-to-cobra-do-presidente-da-entidade-elizeu-oliveira-prestacao-de-contas-transparencia-e-detalhes-dos-gastos-com-veiculos-e-cartoes-corporativos-do-sindicato\/#primaryimage","url":"","contentUrl":""},{"@type":"BreadcrumbList","@id":"https:\/\/cleitonpinheiro.com.br\/site\/vice-do-sisepe-to-cobra-do-presidente-da-entidade-elizeu-oliveira-prestacao-de-contas-transparencia-e-detalhes-dos-gastos-com-veiculos-e-cartoes-corporativos-do-sindicato\/#breadcrumb","itemListElement":[{"@type":"ListItem","position":1,"name":"In\u00edcio","item":"https:\/\/cleitonpinheiro.com.br\/site\/"},{"@type":"ListItem","position":2,"name":"Vice-presidente do SISEPE-TO cobra do atual presidente da entidade, Elizeu Oliveira, presta\u00e7\u00e3o de contas, transpar\u00eancia e detalhes dos gastos com ve\u00edculos e cart\u00f5es corporativos do sindicato"}]},{"@type":"WebSite","@id":"https:\/\/cleitonpinheiro.com.br\/site\/#website","url":"https:\/\/cleitonpinheiro.com.br\/site\/","name":"PORTAL DE NOT\u00cdCIAS CLEITON PINHEIRO","description":"FALANDO A VERDADE","publisher":{"@id":"https:\/\/cleitonpinheiro.com.br\/site\/#organization"},"potentialAction":[{"@type":"SearchAction","target":{"@type":"EntryPoint","urlTemplate":"https:\/\/cleitonpinheiro.com.br\/site\/?s={search_term_string}"},"query-input":{"@type":"PropertyValueSpecification","valueRequired":true,"valueName":"search_term_string"}}],"inLanguage":"pt-BR"},{"@type":"Organization","@id":"https:\/\/cleitonpinheiro.com.br\/site\/#organization","name":"CPNOT\u00cdCIAS","url":"https:\/\/cleitonpinheiro.com.br\/site\/","logo":{"@type":"ImageObject","inLanguage":"pt-BR","@id":"https:\/\/cleitonpinheiro.com.br\/site\/#\/schema\/logo\/image\/","url":"https:\/\/cleitonpinheiro.com.br\/site\/wp-content\/uploads\/2022\/08\/Logo-pequena-2.png","contentUrl":"https:\/\/cleitonpinheiro.com.br\/site\/wp-content\/uploads\/2022\/08\/Logo-pequena-2.png","width":500,"height":500,"caption":"CPNOT\u00cdCIAS"},"image":{"@id":"https:\/\/cleitonpinheiro.com.br\/site\/#\/schema\/logo\/image\/"},"sameAs":["https:\/\/www.facebook.com\/portalcpnoticias\/"]},{"@type":"Person","@id":"https:\/\/cleitonpinheiro.com.br\/site\/#\/schema\/person\/aac6d7f311e80c43042e98a900b03cd8","name":"Dermival Pereira","image":{"@type":"ImageObject","inLanguage":"pt-BR","@id":"https:\/\/cleitonpinheiro.com.br\/site\/#\/schema\/person\/image\/","url":"https:\/\/secure.gravatar.com\/avatar\/cfaebf3742d6bf8db728bcba3eed6bee37b02337a2e6c822994f20ca72a3784d?s=96&r=g","contentUrl":"https:\/\/secure.gravatar.com\/avatar\/cfaebf3742d6bf8db728bcba3eed6bee37b02337a2e6c822994f20ca72a3784d?s=96&r=g","caption":"Dermival Pereira"},"url":"https:\/\/cleitonpinheiro.com.br\/site\/author\/dermival\/"}]}},"views":763,"_links":{"self":[{"href":"https:\/\/cleitonpinheiro.com.br\/site\/wp-json\/wp\/v2\/posts\/69251","targetHints":{"allow":["GET"]}}],"collection":[{"href":"https:\/\/cleitonpinheiro.com.br\/site\/wp-json\/wp\/v2\/posts"}],"about":[{"href":"https:\/\/cleitonpinheiro.com.br\/site\/wp-json\/wp\/v2\/types\/post"}],"author":[{"embeddable":true,"href":"https:\/\/cleitonpinheiro.com.br\/site\/wp-json\/wp\/v2\/users\/4"}],"replies":[{"embeddable":true,"href":"https:\/\/cleitonpinheiro.com.br\/site\/wp-json\/wp\/v2\/comments?post=69251"}],"version-history":[{"count":2,"href":"https:\/\/cleitonpinheiro.com.br\/site\/wp-json\/wp\/v2\/posts\/69251\/revisions"}],"predecessor-version":[{"id":69256,"href":"https:\/\/cleitonpinheiro.com.br\/site\/wp-json\/wp\/v2\/posts\/69251\/revisions\/69256"}],"wp:attachment":[{"href":"https:\/\/cleitonpinheiro.com.br\/site\/wp-json\/wp\/v2\/media?parent=69251"}],"wp:term":[{"taxonomy":"category","embeddable":true,"href":"https:\/\/cleitonpinheiro.com.br\/site\/wp-json\/wp\/v2\/categories?post=69251"},{"taxonomy":"post_tag","embeddable":true,"href":"https:\/\/cleitonpinheiro.com.br\/site\/wp-json\/wp\/v2\/tags?post=69251"}],"curies":[{"name":"wp","href":"https:\/\/api.w.org\/{rel}","templated":true}]}}