{"id":69270,"date":"2023-03-20T12:27:57","date_gmt":"2023-03-20T15:27:57","guid":{"rendered":"https:\/\/cleitonpinheiro.com.br\/site\/?p=69270"},"modified":"2023-03-22T14:29:19","modified_gmt":"2023-03-22T17:29:19","slug":"mocao-de-repudio-proposta-pelo-sisemp-contra-a-implantacao-de-ponto-eletronico-da-saude-e-aprovada-na-12a-conferencia-municipal-da-classe","status":"publish","type":"post","link":"https:\/\/cleitonpinheiro.com.br\/site\/mocao-de-repudio-proposta-pelo-sisemp-contra-a-implantacao-de-ponto-eletronico-da-saude-e-aprovada-na-12a-conferencia-municipal-da-classe\/","title":{"rendered":"Mo\u00e7\u00e3o de  rep\u00fadio proposta pelo Sisemp contra a implanta\u00e7\u00e3o de ponto eletr\u00f4nico na Sa\u00fade  \u00e9 aprovada pela 12\u00aa Confer\u00eancia Municipal"},"content":{"rendered":"\n<figure class=\"wp-block-image size-full is-resized\"><img fetchpriority=\"high\" decoding=\"async\" src=\"https:\/\/cleitonpinheiro.com.br\/site\/wp-content\/uploads\/2023\/03\/Design-sem-nome-2023-03-20T122643-compressed.jpg\" alt=\"\" class=\"wp-image-69271\" width=\"1020\" height=\"612\"\/><\/figure>\n\n\n\n<p>Na 12\u00aa Confer\u00eancia Municipal de Sa\u00fade, realizada na sexta-feira,17, o Sindicato dos Servidores P\u00fablicos Municipais de Palmas (Sisemp) apresentou uma Mo\u00e7\u00e3o de Rep\u00fadio contra a implanta\u00e7\u00e3o do sistema de ponto eletr\u00f4nico por biometria na Secretaria Municipal da Sa\u00fade. A Mo\u00e7\u00e3o, aprovada pela maioria, atendeu a pedidos dos servidores.<\/p>\n\n\n\n<p>Para o Sisemp a ado\u00e7\u00e3o do sistema de ponto eletr\u00f4nico n\u00e3o deveria ser prioridade diante das demandas por equipamentos de trabalho existentes na gest\u00e3o.<\/p>\n\n\n\n<p><strong>Confira a Mo\u00e7\u00e3o<\/strong><\/p>\n\n\n\n<p>O Sindicato dos Servidores P\u00fablicos Municipais de Palmas &#8211; Sisemp vem a p\u00fablico repudiar a postura da Secretaria de Sa\u00fade do Munic\u00edpio de Palmas ao adotar tecnologia de ponto eletr\u00f4nico por reconhecimento facial nos postos de trabalho.<\/p>\n\n\n\n<p>N\u00e3o que esta a\u00e7\u00e3o por si seja inoportuna, mas relembramos quanta escassez de tecnologia para o trabalho nos postos de trabalho e isso de maneira cr\u00f4nica. Relembramos o caso dos Agentes Comunit\u00e1rios de Sa\u00fade que s\u00e3o cobrados semanalmente para a alimenta\u00e7\u00e3o dos dados do eSUS &#8211; mudou algo neste contexto? Nada. Temos falta de computadores para estes profissionais, geralmente um \u00fanico computador que \u00e9 disputado por todos, provocando ansiedade &nbsp;e sofrimento no ambiente de trabalho.<\/p>\n\n\n\n<p>Vamos tamb\u00e9m relembrar a falta de tecnologia para o uso nas atividades de campo destes mesmo profissionais do SUS. O caso dos tablets que pelo menos h\u00e1 mais de 6 anos se espera para facilitar as visitas domiciliares. Vamos tamb\u00e9m relembrar a escassez de tecnologia ou a tecnologia obsoleta n\u00f3s diversos postos de trabalho!<\/p>\n\n\n\n<p>Portanto o ato de gastar com tecnologia de ponta para o registro de pontos de profissionais vem soar no m\u00ednimo como inconsequente, intransigente e incoveniente por parte do ente p\u00fablico e o Sisemp n\u00e3o apoia essa pr\u00e1tica.<\/p>\n\n\n\n<p>Que utilizemos os recursos antes destinados para este fim primeiro para fomentar um ambiente de trabalho agrad\u00e1vel, proveitoso e humanizado. <\/p>\n\n\n\n<p><br>Sindicato dos Servidores P\u00fablicos Municipais de Palmas &#8211; Sisemp<\/p>\n\n\n\n<p><em><strong>(Fonte: Ascom do Sisemp).<\/strong><\/em><\/p>\n","protected":false},"excerpt":{"rendered":"<p>Na 12\u00aa Confer\u00eancia Municipal de Sa\u00fade, realizada na sexta-feira,17, o Sindicato dos Servidores P\u00fablicos Municipais de Palmas (Sisemp) apresentou uma Mo\u00e7\u00e3o de Rep\u00fadio contra a implanta\u00e7\u00e3o do sistema de ponto eletr\u00f4nico por biometria na Secretaria Municipal da Sa\u00fade. A Mo\u00e7\u00e3o, aprovada pela maioria, atendeu a pedidos dos servidores. Para o Sisemp a ado\u00e7\u00e3o do sistema [&hellip;]<\/p>\n","protected":false},"author":4,"featured_media":0,"comment_status":"open","ping_status":"open","sticky":false,"template":"","format":"standard","meta":{"_acf_changed":false,"footnotes":""},"categories":[22,21],"tags":[],"class_list":["post-69270","post","type-post","status-publish","format-standard","hentry","category-cidades","category-todas-noticias"],"acf":[],"yoast_head":"<!-- This site is optimized with the Yoast SEO plugin v24.4 - https:\/\/yoast.com\/wordpress\/plugins\/seo\/ -->\n<title>Mo\u00e7\u00e3o de rep\u00fadio proposta pelo Sisemp contra a implanta\u00e7\u00e3o de ponto eletr\u00f4nico na Sa\u00fade \u00e9 aprovada pela 12\u00aa Confer\u00eancia Municipal - PORTAL DE NOT\u00cdCIAS CLEITON PINHEIRO<\/title>\n<meta name=\"robots\" content=\"index, follow, max-snippet:-1, max-image-preview:large, max-video-preview:-1\" \/>\n<link rel=\"canonical\" href=\"https:\/\/cleitonpinheiro.com.br\/site\/mocao-de-repudio-proposta-pelo-sisemp-contra-a-implantacao-de-ponto-eletronico-da-saude-e-aprovada-na-12a-conferencia-municipal-da-classe\/\" \/>\n<meta property=\"og:locale\" content=\"pt_BR\" \/>\n<meta property=\"og:type\" content=\"article\" \/>\n<meta property=\"og:title\" content=\"Mo\u00e7\u00e3o de rep\u00fadio proposta pelo Sisemp contra a implanta\u00e7\u00e3o de ponto eletr\u00f4nico na Sa\u00fade \u00e9 aprovada pela 12\u00aa Confer\u00eancia Municipal - PORTAL DE NOT\u00cdCIAS CLEITON PINHEIRO\" \/>\n<meta property=\"og:description\" content=\"Na 12\u00aa Confer\u00eancia Municipal de Sa\u00fade, realizada na sexta-feira,17, o Sindicato dos Servidores P\u00fablicos Municipais de Palmas (Sisemp) apresentou uma Mo\u00e7\u00e3o de Rep\u00fadio contra a implanta\u00e7\u00e3o do sistema de ponto eletr\u00f4nico por biometria na Secretaria Municipal da Sa\u00fade. A Mo\u00e7\u00e3o, aprovada pela maioria, atendeu a pedidos dos servidores. Para o Sisemp a ado\u00e7\u00e3o do sistema [&hellip;]\" \/>\n<meta property=\"og:url\" content=\"https:\/\/cleitonpinheiro.com.br\/site\/mocao-de-repudio-proposta-pelo-sisemp-contra-a-implantacao-de-ponto-eletronico-da-saude-e-aprovada-na-12a-conferencia-municipal-da-classe\/\" \/>\n<meta property=\"og:site_name\" content=\"PORTAL DE NOT\u00cdCIAS CLEITON PINHEIRO\" \/>\n<meta property=\"article:publisher\" content=\"https:\/\/www.facebook.com\/portalcpnoticias\/\" \/>\n<meta property=\"article:published_time\" content=\"2023-03-20T15:27:57+00:00\" \/>\n<meta property=\"article:modified_time\" content=\"2023-03-22T17:29:19+00:00\" \/>\n<meta property=\"og:image\" content=\"https:\/\/cleitonpinheiro.com.br\/site\/wp-content\/uploads\/2023\/03\/Design-sem-nome-2023-03-20T122643-compressed.jpg\" \/>\n\t<meta property=\"og:image:width\" content=\"750\" \/>\n\t<meta property=\"og:image:height\" content=\"450\" \/>\n\t<meta property=\"og:image:type\" content=\"image\/jpeg\" \/>\n<meta name=\"author\" content=\"Dermival Pereira\" \/>\n<meta name=\"twitter:card\" content=\"summary_large_image\" \/>\n<meta name=\"twitter:label1\" content=\"Escrito por\" \/>\n\t<meta name=\"twitter:data1\" content=\"Dermival Pereira\" \/>\n\t<meta name=\"twitter:label2\" content=\"Est. tempo de leitura\" \/>\n\t<meta name=\"twitter:data2\" content=\"2 minutos\" \/>\n<script type=\"application\/ld+json\" class=\"yoast-schema-graph\">{\"@context\":\"https:\/\/schema.org\",\"@graph\":[{\"@type\":\"Article\",\"@id\":\"https:\/\/cleitonpinheiro.com.br\/site\/mocao-de-repudio-proposta-pelo-sisemp-contra-a-implantacao-de-ponto-eletronico-da-saude-e-aprovada-na-12a-conferencia-municipal-da-classe\/#article\",\"isPartOf\":{\"@id\":\"https:\/\/cleitonpinheiro.com.br\/site\/mocao-de-repudio-proposta-pelo-sisemp-contra-a-implantacao-de-ponto-eletronico-da-saude-e-aprovada-na-12a-conferencia-municipal-da-classe\/\"},\"author\":{\"name\":\"Dermival Pereira\",\"@id\":\"https:\/\/cleitonpinheiro.com.br\/site\/#\/schema\/person\/aac6d7f311e80c43042e98a900b03cd8\"},\"headline\":\"Mo\u00e7\u00e3o de rep\u00fadio proposta pelo Sisemp contra a implanta\u00e7\u00e3o de ponto eletr\u00f4nico na Sa\u00fade \u00e9 aprovada pela 12\u00aa Confer\u00eancia Municipal\",\"datePublished\":\"2023-03-20T15:27:57+00:00\",\"dateModified\":\"2023-03-22T17:29:19+00:00\",\"mainEntityOfPage\":{\"@id\":\"https:\/\/cleitonpinheiro.com.br\/site\/mocao-de-repudio-proposta-pelo-sisemp-contra-a-implantacao-de-ponto-eletronico-da-saude-e-aprovada-na-12a-conferencia-municipal-da-classe\/\"},\"wordCount\":368,\"commentCount\":0,\"publisher\":{\"@id\":\"https:\/\/cleitonpinheiro.com.br\/site\/#organization\"},\"image\":{\"@id\":\"https:\/\/cleitonpinheiro.com.br\/site\/mocao-de-repudio-proposta-pelo-sisemp-contra-a-implantacao-de-ponto-eletronico-da-saude-e-aprovada-na-12a-conferencia-municipal-da-classe\/#primaryimage\"},\"thumbnailUrl\":\"https:\/\/cleitonpinheiro.com.br\/site\/wp-content\/uploads\/2023\/03\/Design-sem-nome-2023-03-20T122643-compressed.jpg\",\"articleSection\":[\"CIDADES\",\"TODAS NOTICIAS\"],\"inLanguage\":\"pt-BR\",\"potentialAction\":[{\"@type\":\"CommentAction\",\"name\":\"Comment\",\"target\":[\"https:\/\/cleitonpinheiro.com.br\/site\/mocao-de-repudio-proposta-pelo-sisemp-contra-a-implantacao-de-ponto-eletronico-da-saude-e-aprovada-na-12a-conferencia-municipal-da-classe\/#respond\"]}]},{\"@type\":\"WebPage\",\"@id\":\"https:\/\/cleitonpinheiro.com.br\/site\/mocao-de-repudio-proposta-pelo-sisemp-contra-a-implantacao-de-ponto-eletronico-da-saude-e-aprovada-na-12a-conferencia-municipal-da-classe\/\",\"url\":\"https:\/\/cleitonpinheiro.com.br\/site\/mocao-de-repudio-proposta-pelo-sisemp-contra-a-implantacao-de-ponto-eletronico-da-saude-e-aprovada-na-12a-conferencia-municipal-da-classe\/\",\"name\":\"Mo\u00e7\u00e3o de rep\u00fadio proposta pelo Sisemp contra a implanta\u00e7\u00e3o de ponto eletr\u00f4nico na Sa\u00fade \u00e9 aprovada pela 12\u00aa Confer\u00eancia Municipal - PORTAL DE NOT\u00cdCIAS CLEITON PINHEIRO\",\"isPartOf\":{\"@id\":\"https:\/\/cleitonpinheiro.com.br\/site\/#website\"},\"primaryImageOfPage\":{\"@id\":\"https:\/\/cleitonpinheiro.com.br\/site\/mocao-de-repudio-proposta-pelo-sisemp-contra-a-implantacao-de-ponto-eletronico-da-saude-e-aprovada-na-12a-conferencia-municipal-da-classe\/#primaryimage\"},\"image\":{\"@id\":\"https:\/\/cleitonpinheiro.com.br\/site\/mocao-de-repudio-proposta-pelo-sisemp-contra-a-implantacao-de-ponto-eletronico-da-saude-e-aprovada-na-12a-conferencia-municipal-da-classe\/#primaryimage\"},\"thumbnailUrl\":\"https:\/\/cleitonpinheiro.com.br\/site\/wp-content\/uploads\/2023\/03\/Design-sem-nome-2023-03-20T122643-compressed.jpg\",\"datePublished\":\"2023-03-20T15:27:57+00:00\",\"dateModified\":\"2023-03-22T17:29:19+00:00\",\"breadcrumb\":{\"@id\":\"https:\/\/cleitonpinheiro.com.br\/site\/mocao-de-repudio-proposta-pelo-sisemp-contra-a-implantacao-de-ponto-eletronico-da-saude-e-aprovada-na-12a-conferencia-municipal-da-classe\/#breadcrumb\"},\"inLanguage\":\"pt-BR\",\"potentialAction\":[{\"@type\":\"ReadAction\",\"target\":[\"https:\/\/cleitonpinheiro.com.br\/site\/mocao-de-repudio-proposta-pelo-sisemp-contra-a-implantacao-de-ponto-eletronico-da-saude-e-aprovada-na-12a-conferencia-municipal-da-classe\/\"]}]},{\"@type\":\"ImageObject\",\"inLanguage\":\"pt-BR\",\"@id\":\"https:\/\/cleitonpinheiro.com.br\/site\/mocao-de-repudio-proposta-pelo-sisemp-contra-a-implantacao-de-ponto-eletronico-da-saude-e-aprovada-na-12a-conferencia-municipal-da-classe\/#primaryimage\",\"url\":\"\",\"contentUrl\":\"\"},{\"@type\":\"BreadcrumbList\",\"@id\":\"https:\/\/cleitonpinheiro.com.br\/site\/mocao-de-repudio-proposta-pelo-sisemp-contra-a-implantacao-de-ponto-eletronico-da-saude-e-aprovada-na-12a-conferencia-municipal-da-classe\/#breadcrumb\",\"itemListElement\":[{\"@type\":\"ListItem\",\"position\":1,\"name\":\"In\u00edcio\",\"item\":\"https:\/\/cleitonpinheiro.com.br\/site\/\"},{\"@type\":\"ListItem\",\"position\":2,\"name\":\"Mo\u00e7\u00e3o de rep\u00fadio proposta pelo Sisemp contra a implanta\u00e7\u00e3o de ponto eletr\u00f4nico na Sa\u00fade \u00e9 aprovada pela 12\u00aa Confer\u00eancia Municipal\"}]},{\"@type\":\"WebSite\",\"@id\":\"https:\/\/cleitonpinheiro.com.br\/site\/#website\",\"url\":\"https:\/\/cleitonpinheiro.com.br\/site\/\",\"name\":\"PORTAL DE NOT\u00cdCIAS CLEITON PINHEIRO\",\"description\":\"FALANDO A VERDADE\",\"publisher\":{\"@id\":\"https:\/\/cleitonpinheiro.com.br\/site\/#organization\"},\"potentialAction\":[{\"@type\":\"SearchAction\",\"target\":{\"@type\":\"EntryPoint\",\"urlTemplate\":\"https:\/\/cleitonpinheiro.com.br\/site\/?s={search_term_string}\"},\"query-input\":{\"@type\":\"PropertyValueSpecification\",\"valueRequired\":true,\"valueName\":\"search_term_string\"}}],\"inLanguage\":\"pt-BR\"},{\"@type\":\"Organization\",\"@id\":\"https:\/\/cleitonpinheiro.com.br\/site\/#organization\",\"name\":\"CPNOT\u00cdCIAS\",\"url\":\"https:\/\/cleitonpinheiro.com.br\/site\/\",\"logo\":{\"@type\":\"ImageObject\",\"inLanguage\":\"pt-BR\",\"@id\":\"https:\/\/cleitonpinheiro.com.br\/site\/#\/schema\/logo\/image\/\",\"url\":\"https:\/\/cleitonpinheiro.com.br\/site\/wp-content\/uploads\/2022\/08\/Logo-pequena-2.png\",\"contentUrl\":\"https:\/\/cleitonpinheiro.com.br\/site\/wp-content\/uploads\/2022\/08\/Logo-pequena-2.png\",\"width\":500,\"height\":500,\"caption\":\"CPNOT\u00cdCIAS\"},\"image\":{\"@id\":\"https:\/\/cleitonpinheiro.com.br\/site\/#\/schema\/logo\/image\/\"},\"sameAs\":[\"https:\/\/www.facebook.com\/portalcpnoticias\/\"]},{\"@type\":\"Person\",\"@id\":\"https:\/\/cleitonpinheiro.com.br\/site\/#\/schema\/person\/aac6d7f311e80c43042e98a900b03cd8\",\"name\":\"Dermival Pereira\",\"image\":{\"@type\":\"ImageObject\",\"inLanguage\":\"pt-BR\",\"@id\":\"https:\/\/cleitonpinheiro.com.br\/site\/#\/schema\/person\/image\/\",\"url\":\"https:\/\/secure.gravatar.com\/avatar\/cfaebf3742d6bf8db728bcba3eed6bee37b02337a2e6c822994f20ca72a3784d?s=96&r=g\",\"contentUrl\":\"https:\/\/secure.gravatar.com\/avatar\/cfaebf3742d6bf8db728bcba3eed6bee37b02337a2e6c822994f20ca72a3784d?s=96&r=g\",\"caption\":\"Dermival Pereira\"},\"url\":\"https:\/\/cleitonpinheiro.com.br\/site\/author\/dermival\/\"}]}<\/script>\n<!-- \/ Yoast SEO plugin. -->","yoast_head_json":{"title":"Mo\u00e7\u00e3o de rep\u00fadio proposta pelo Sisemp contra a implanta\u00e7\u00e3o de ponto eletr\u00f4nico na Sa\u00fade \u00e9 aprovada pela 12\u00aa Confer\u00eancia Municipal - PORTAL DE NOT\u00cdCIAS CLEITON PINHEIRO","robots":{"index":"index","follow":"follow","max-snippet":"max-snippet:-1","max-image-preview":"max-image-preview:large","max-video-preview":"max-video-preview:-1"},"canonical":"https:\/\/cleitonpinheiro.com.br\/site\/mocao-de-repudio-proposta-pelo-sisemp-contra-a-implantacao-de-ponto-eletronico-da-saude-e-aprovada-na-12a-conferencia-municipal-da-classe\/","og_locale":"pt_BR","og_type":"article","og_title":"Mo\u00e7\u00e3o de rep\u00fadio proposta pelo Sisemp contra a implanta\u00e7\u00e3o de ponto eletr\u00f4nico na Sa\u00fade \u00e9 aprovada pela 12\u00aa Confer\u00eancia Municipal - PORTAL DE NOT\u00cdCIAS CLEITON PINHEIRO","og_description":"Na 12\u00aa Confer\u00eancia Municipal de Sa\u00fade, realizada na sexta-feira,17, o Sindicato dos Servidores P\u00fablicos Municipais de Palmas (Sisemp) apresentou uma Mo\u00e7\u00e3o de Rep\u00fadio contra a implanta\u00e7\u00e3o do sistema de ponto eletr\u00f4nico por biometria na Secretaria Municipal da Sa\u00fade. A Mo\u00e7\u00e3o, aprovada pela maioria, atendeu a pedidos dos servidores. Para o Sisemp a ado\u00e7\u00e3o do sistema [&hellip;]","og_url":"https:\/\/cleitonpinheiro.com.br\/site\/mocao-de-repudio-proposta-pelo-sisemp-contra-a-implantacao-de-ponto-eletronico-da-saude-e-aprovada-na-12a-conferencia-municipal-da-classe\/","og_site_name":"PORTAL DE NOT\u00cdCIAS CLEITON PINHEIRO","article_publisher":"https:\/\/www.facebook.com\/portalcpnoticias\/","article_published_time":"2023-03-20T15:27:57+00:00","article_modified_time":"2023-03-22T17:29:19+00:00","og_image":[{"width":750,"height":450,"url":"https:\/\/cleitonpinheiro.com.br\/site\/wp-content\/uploads\/2023\/03\/Design-sem-nome-2023-03-20T122643-compressed.jpg","type":"image\/jpeg"}],"author":"Dermival Pereira","twitter_card":"summary_large_image","twitter_misc":{"Escrito por":"Dermival Pereira","Est. tempo de leitura":"2 minutos"},"schema":{"@context":"https:\/\/schema.org","@graph":[{"@type":"Article","@id":"https:\/\/cleitonpinheiro.com.br\/site\/mocao-de-repudio-proposta-pelo-sisemp-contra-a-implantacao-de-ponto-eletronico-da-saude-e-aprovada-na-12a-conferencia-municipal-da-classe\/#article","isPartOf":{"@id":"https:\/\/cleitonpinheiro.com.br\/site\/mocao-de-repudio-proposta-pelo-sisemp-contra-a-implantacao-de-ponto-eletronico-da-saude-e-aprovada-na-12a-conferencia-municipal-da-classe\/"},"author":{"name":"Dermival Pereira","@id":"https:\/\/cleitonpinheiro.com.br\/site\/#\/schema\/person\/aac6d7f311e80c43042e98a900b03cd8"},"headline":"Mo\u00e7\u00e3o de rep\u00fadio proposta pelo Sisemp contra a implanta\u00e7\u00e3o de ponto eletr\u00f4nico na Sa\u00fade \u00e9 aprovada pela 12\u00aa Confer\u00eancia Municipal","datePublished":"2023-03-20T15:27:57+00:00","dateModified":"2023-03-22T17:29:19+00:00","mainEntityOfPage":{"@id":"https:\/\/cleitonpinheiro.com.br\/site\/mocao-de-repudio-proposta-pelo-sisemp-contra-a-implantacao-de-ponto-eletronico-da-saude-e-aprovada-na-12a-conferencia-municipal-da-classe\/"},"wordCount":368,"commentCount":0,"publisher":{"@id":"https:\/\/cleitonpinheiro.com.br\/site\/#organization"},"image":{"@id":"https:\/\/cleitonpinheiro.com.br\/site\/mocao-de-repudio-proposta-pelo-sisemp-contra-a-implantacao-de-ponto-eletronico-da-saude-e-aprovada-na-12a-conferencia-municipal-da-classe\/#primaryimage"},"thumbnailUrl":"https:\/\/cleitonpinheiro.com.br\/site\/wp-content\/uploads\/2023\/03\/Design-sem-nome-2023-03-20T122643-compressed.jpg","articleSection":["CIDADES","TODAS NOTICIAS"],"inLanguage":"pt-BR","potentialAction":[{"@type":"CommentAction","name":"Comment","target":["https:\/\/cleitonpinheiro.com.br\/site\/mocao-de-repudio-proposta-pelo-sisemp-contra-a-implantacao-de-ponto-eletronico-da-saude-e-aprovada-na-12a-conferencia-municipal-da-classe\/#respond"]}]},{"@type":"WebPage","@id":"https:\/\/cleitonpinheiro.com.br\/site\/mocao-de-repudio-proposta-pelo-sisemp-contra-a-implantacao-de-ponto-eletronico-da-saude-e-aprovada-na-12a-conferencia-municipal-da-classe\/","url":"https:\/\/cleitonpinheiro.com.br\/site\/mocao-de-repudio-proposta-pelo-sisemp-contra-a-implantacao-de-ponto-eletronico-da-saude-e-aprovada-na-12a-conferencia-municipal-da-classe\/","name":"Mo\u00e7\u00e3o de rep\u00fadio proposta pelo Sisemp contra a implanta\u00e7\u00e3o de ponto eletr\u00f4nico na Sa\u00fade \u00e9 aprovada pela 12\u00aa Confer\u00eancia Municipal - PORTAL DE NOT\u00cdCIAS CLEITON PINHEIRO","isPartOf":{"@id":"https:\/\/cleitonpinheiro.com.br\/site\/#website"},"primaryImageOfPage":{"@id":"https:\/\/cleitonpinheiro.com.br\/site\/mocao-de-repudio-proposta-pelo-sisemp-contra-a-implantacao-de-ponto-eletronico-da-saude-e-aprovada-na-12a-conferencia-municipal-da-classe\/#primaryimage"},"image":{"@id":"https:\/\/cleitonpinheiro.com.br\/site\/mocao-de-repudio-proposta-pelo-sisemp-contra-a-implantacao-de-ponto-eletronico-da-saude-e-aprovada-na-12a-conferencia-municipal-da-classe\/#primaryimage"},"thumbnailUrl":"https:\/\/cleitonpinheiro.com.br\/site\/wp-content\/uploads\/2023\/03\/Design-sem-nome-2023-03-20T122643-compressed.jpg","datePublished":"2023-03-20T15:27:57+00:00","dateModified":"2023-03-22T17:29:19+00:00","breadcrumb":{"@id":"https:\/\/cleitonpinheiro.com.br\/site\/mocao-de-repudio-proposta-pelo-sisemp-contra-a-implantacao-de-ponto-eletronico-da-saude-e-aprovada-na-12a-conferencia-municipal-da-classe\/#breadcrumb"},"inLanguage":"pt-BR","potentialAction":[{"@type":"ReadAction","target":["https:\/\/cleitonpinheiro.com.br\/site\/mocao-de-repudio-proposta-pelo-sisemp-contra-a-implantacao-de-ponto-eletronico-da-saude-e-aprovada-na-12a-conferencia-municipal-da-classe\/"]}]},{"@type":"ImageObject","inLanguage":"pt-BR","@id":"https:\/\/cleitonpinheiro.com.br\/site\/mocao-de-repudio-proposta-pelo-sisemp-contra-a-implantacao-de-ponto-eletronico-da-saude-e-aprovada-na-12a-conferencia-municipal-da-classe\/#primaryimage","url":"","contentUrl":""},{"@type":"BreadcrumbList","@id":"https:\/\/cleitonpinheiro.com.br\/site\/mocao-de-repudio-proposta-pelo-sisemp-contra-a-implantacao-de-ponto-eletronico-da-saude-e-aprovada-na-12a-conferencia-municipal-da-classe\/#breadcrumb","itemListElement":[{"@type":"ListItem","position":1,"name":"In\u00edcio","item":"https:\/\/cleitonpinheiro.com.br\/site\/"},{"@type":"ListItem","position":2,"name":"Mo\u00e7\u00e3o de rep\u00fadio proposta pelo Sisemp contra a implanta\u00e7\u00e3o de ponto eletr\u00f4nico na Sa\u00fade \u00e9 aprovada pela 12\u00aa Confer\u00eancia Municipal"}]},{"@type":"WebSite","@id":"https:\/\/cleitonpinheiro.com.br\/site\/#website","url":"https:\/\/cleitonpinheiro.com.br\/site\/","name":"PORTAL DE NOT\u00cdCIAS CLEITON PINHEIRO","description":"FALANDO A VERDADE","publisher":{"@id":"https:\/\/cleitonpinheiro.com.br\/site\/#organization"},"potentialAction":[{"@type":"SearchAction","target":{"@type":"EntryPoint","urlTemplate":"https:\/\/cleitonpinheiro.com.br\/site\/?s={search_term_string}"},"query-input":{"@type":"PropertyValueSpecification","valueRequired":true,"valueName":"search_term_string"}}],"inLanguage":"pt-BR"},{"@type":"Organization","@id":"https:\/\/cleitonpinheiro.com.br\/site\/#organization","name":"CPNOT\u00cdCIAS","url":"https:\/\/cleitonpinheiro.com.br\/site\/","logo":{"@type":"ImageObject","inLanguage":"pt-BR","@id":"https:\/\/cleitonpinheiro.com.br\/site\/#\/schema\/logo\/image\/","url":"https:\/\/cleitonpinheiro.com.br\/site\/wp-content\/uploads\/2022\/08\/Logo-pequena-2.png","contentUrl":"https:\/\/cleitonpinheiro.com.br\/site\/wp-content\/uploads\/2022\/08\/Logo-pequena-2.png","width":500,"height":500,"caption":"CPNOT\u00cdCIAS"},"image":{"@id":"https:\/\/cleitonpinheiro.com.br\/site\/#\/schema\/logo\/image\/"},"sameAs":["https:\/\/www.facebook.com\/portalcpnoticias\/"]},{"@type":"Person","@id":"https:\/\/cleitonpinheiro.com.br\/site\/#\/schema\/person\/aac6d7f311e80c43042e98a900b03cd8","name":"Dermival Pereira","image":{"@type":"ImageObject","inLanguage":"pt-BR","@id":"https:\/\/cleitonpinheiro.com.br\/site\/#\/schema\/person\/image\/","url":"https:\/\/secure.gravatar.com\/avatar\/cfaebf3742d6bf8db728bcba3eed6bee37b02337a2e6c822994f20ca72a3784d?s=96&r=g","contentUrl":"https:\/\/secure.gravatar.com\/avatar\/cfaebf3742d6bf8db728bcba3eed6bee37b02337a2e6c822994f20ca72a3784d?s=96&r=g","caption":"Dermival Pereira"},"url":"https:\/\/cleitonpinheiro.com.br\/site\/author\/dermival\/"}]}},"views":313,"_links":{"self":[{"href":"https:\/\/cleitonpinheiro.com.br\/site\/wp-json\/wp\/v2\/posts\/69270","targetHints":{"allow":["GET"]}}],"collection":[{"href":"https:\/\/cleitonpinheiro.com.br\/site\/wp-json\/wp\/v2\/posts"}],"about":[{"href":"https:\/\/cleitonpinheiro.com.br\/site\/wp-json\/wp\/v2\/types\/post"}],"author":[{"embeddable":true,"href":"https:\/\/cleitonpinheiro.com.br\/site\/wp-json\/wp\/v2\/users\/4"}],"replies":[{"embeddable":true,"href":"https:\/\/cleitonpinheiro.com.br\/site\/wp-json\/wp\/v2\/comments?post=69270"}],"version-history":[{"count":3,"href":"https:\/\/cleitonpinheiro.com.br\/site\/wp-json\/wp\/v2\/posts\/69270\/revisions"}],"predecessor-version":[{"id":69275,"href":"https:\/\/cleitonpinheiro.com.br\/site\/wp-json\/wp\/v2\/posts\/69270\/revisions\/69275"}],"wp:attachment":[{"href":"https:\/\/cleitonpinheiro.com.br\/site\/wp-json\/wp\/v2\/media?parent=69270"}],"wp:term":[{"taxonomy":"category","embeddable":true,"href":"https:\/\/cleitonpinheiro.com.br\/site\/wp-json\/wp\/v2\/categories?post=69270"},{"taxonomy":"post_tag","embeddable":true,"href":"https:\/\/cleitonpinheiro.com.br\/site\/wp-json\/wp\/v2\/tags?post=69270"}],"curies":[{"name":"wp","href":"https:\/\/api.w.org\/{rel}","templated":true}]}}