{"id":69276,"date":"2023-03-20T15:36:49","date_gmt":"2023-03-20T18:36:49","guid":{"rendered":"https:\/\/cleitonpinheiro.com.br\/site\/?p=69276"},"modified":"2023-03-22T14:29:12","modified_gmt":"2023-03-22T17:29:12","slug":"unitins-oferta-atendimento-gratuito-para-declaracao-do-ir-a-partir-desta-segunda","status":"publish","type":"post","link":"https:\/\/cleitonpinheiro.com.br\/site\/unitins-oferta-atendimento-gratuito-para-declaracao-do-ir-a-partir-desta-segunda\/","title":{"rendered":"Unitins oferta atendimento gratuito para declara\u00e7\u00e3o do IR a partir desta segunda"},"content":{"rendered":"\n<figure class=\"wp-block-image size-full is-resized\"><img fetchpriority=\"high\" decoding=\"async\" src=\"https:\/\/cleitonpinheiro.com.br\/site\/wp-content\/uploads\/2023\/03\/Unitins-comprimida.jpg\" alt=\"\" class=\"wp-image-69277\" width=\"1018\" height=\"611\"\/><\/figure>\n\n\n\n<p>A Universidade Estadual do Tocantins (Unitins) oferta a partir desta segunda-feira, 20, atendimento gratuito para pessoas f\u00edsicas que desejam realizar a declara\u00e7\u00e3o do Imposto de Renda da Pessoa F\u00edsica (IRPF) 2023. Os atendimentos ser\u00e3o realizados por acad\u00eamicos e docentes dos cursos de Ci\u00eancias Cont\u00e1beis dos C\u00e2mpus Augustin\u00f3polis e Dian\u00f3polis.<\/p>\n\n\n\n<p>O projeto de extens\u00e3o \u201cDeclarando com Sucesso 2023\u201d, que ocorre desde 2019, do C\u00e2mpus Augustin\u00f3polis, \u00e9 uma iniciativa do N\u00facleo de Apoio Cont\u00e1bil e Fiscal (NAF) do curso de Ci\u00eancias Cont\u00e1beis, e atender\u00e1 os interessados no pr\u00e9dio da Unitins, em Augustin\u00f3polis, entre 20 a 31 de mar\u00e7o de 2023 nas segundas, ter\u00e7as e quintas-feiras, das 14h \u00e0s 18h. N\u00e3o \u00e9 necess\u00e1rio fazer agendamento de hor\u00e1rio. O atendimento \u00e9 ofertado a pessoas f\u00edsicas de toda a regi\u00e3o e ser\u00e1 realizado de forma presencial.<\/p>\n\n\n\n<p>\u201cFicamos felizes em anunciar mais uma edi\u00e7\u00e3o do [projeto] Declarando com Sucesso, uma iniciativa que j\u00e1 \u00e9 conhecida e reconhecida pela popula\u00e7\u00e3o local e regional, e que auxilia as pessoas f\u00edsicas que n\u00e3o podem pagar pelos servi\u00e7os de um contador profissional\u201d, observou a coordenadora do curso de Ci\u00eancias Cont\u00e1beis do C\u00e2mpus Augustin\u00f3polis, Ana Paula Monteiro.<\/p>\n\n\n\n<p>Os atendimentos realizados pelo NAF s\u00e3o feitos por acad\u00eamicos do curso de gradua\u00e7\u00e3o selecionados em edital, capacitados, treinados e sob orienta\u00e7\u00e3o da coordenadora do NAF, a professora Jucicl\u00e9ia Teodoro, e os demais docentes orientadores do n\u00facleo.<\/p>\n\n\n\n<p>\u201cO atendimento \u00e9 gratuito e de muita qualidade, uma vez que os acad\u00eamicos que participam do projeto recebem capacita\u00e7\u00f5es pelo NAF e pelo NPC, al\u00e9m de serem capacitados pelo Conselho Federal de Contabilidade e Receita Federal do Brasil. Tamb\u00e9m s\u00e3o acompanhados de forma cont\u00ednua pelos professores orientadores, que fazem a confer\u00eancia das declara\u00e7\u00f5es antes do envio\u201d, explicou a coordenadora do NAF.<\/p>\n\n\n\n<p><strong>Dian\u00f3polis<\/strong><\/p>\n\n\n\n<p>Na Regi\u00e3o Sudeste do Estado, o C\u00e2mpus Dian\u00f3polis da Unitins ofertar\u00e1 atendimento gratuito a partir da pr\u00f3xima quinta-feira, 23, das 8 \u00e0s 12 horas e das 14 \u00e0s 18 horas, atrav\u00e9s do N\u00facleo Inova\u00e7\u00e3o e Solu\u00e7\u00f5es Cont\u00e1beis (NISC) do curso de Ci\u00eancias Cont\u00e1beis. Ser\u00e3o atendidas pessoas f\u00edsica (quantidade limitada) e jur\u00eddica (Microempreendedor Individual),&nbsp; at\u00e9 o dia 31 de maio, com a supervis\u00e3o dos professores e coordena\u00e7\u00e3o do curso.&nbsp; &nbsp;<\/p>\n\n\n\n<p>Na \u00faltima quinta-feira, 16, os acad\u00eamicos participantes da a\u00e7\u00e3o receberam capacita\u00e7\u00e3o ofertada pelo Conselho Regional de Contabilidade (CRC), em parceria com a Unitins, com o tema \u201cImposto de Renda na Pr\u00e1tica 2023\u201d.<\/p>\n\n\n\n<p><strong>Pr\u00e1tica<\/strong><\/p>\n\n\n\n<p>De acordo com o coordenador do curso de Ci\u00eancias Cont\u00e1beis do C\u00e2mpus Dian\u00f3polis, Gabriel Machado, a declara\u00e7\u00e3o realizada pelos acad\u00eamicos do curso representa o fortalecimento da pr\u00e1tica acad\u00eamica para o futuro profissional. \u201c\u00c9 um servi\u00e7o gratuito com total supervis\u00e3o dos professores e coordena\u00e7\u00e3o, em parceria com o Sebrae, no caso do MEI. A Unitins abre suas portas para que o contribuinte tenha acesso ao servi\u00e7o sem qualquer custo. A declara\u00e7\u00e3o \u00e9 a presta\u00e7\u00e3o de contas da movimenta\u00e7\u00e3o da empresa ou pessoa f\u00edsica no ano de 2022. Neste sentido, \u00e9 imprescind\u00edvel que seja feita com o m\u00e1ximo de conhecimento poss\u00edvel, ou seja, ter a melhor restitui\u00e7\u00e3o ou o menor pagamento, assim evita preju\u00edzos e dores de cabe\u00e7a futura\u201d, explica.<\/p>\n\n\n\n<p>Para quem n\u00e3o cumprir com o prazo da Receita Federal para a Declara\u00e7\u00e3o do IR 2023, ter\u00e1 que pagar uma multa de 1% ao m\u00eas do imposto devido, com valor m\u00ednimo de R$ 165,74 e m\u00e1ximo de 20% do imposto devido.<\/p>\n\n\n\n<p>O coordenador lembra que, deixar de enviar e pagar o Imposto de Renda implica na restri\u00e7\u00e3o do Cadastro de Pessoa F\u00edsica (CPF) do contribuinte, o que pode ocasionar o bloqueio da movimenta\u00e7\u00e3o da sua conta banc\u00e1ria.<\/p>\n\n\n\n<p>De acordo com a Receita Federal, no Tocantins, s\u00e3o esperadas cerca de 200 mil declara\u00e7\u00f5es de Imposto de Renda da Pessoa F\u00edsica (IRPF) neste ano.<\/p>\n\n\n\n<p><strong>Quem deve declarar:<\/strong><\/p>\n\n\n\n<p>&#8211; Deve declarar o Imposto de Renda em 2023 o cidad\u00e3o residente no Brasil que recebeu rendimentos tribut\u00e1veis acima de R$ R$ 28.559,70 no ano, ou cerca de R$ 2.380 por m\u00eas, incluindo sal\u00e1rios, aposentadorias, pens\u00f5es e alugu\u00e9is; que recebeu rendimento isento, n\u00e3o tribut\u00e1vel ou tributado exclusivamente na fonte acima de R$ 40 mil; e que obteve, em qualquer m\u00eas, ganho de capital na aliena\u00e7\u00e3o de bens ou direitos sujeito \u00e0 incid\u00eancia do Imposto;<\/p>\n\n\n\n<p>&#8211; Deve ainda declarar o IRPF em 2023 quem tinha, em 31 de dezembro, a posse ou a propriedade de bens ou direitos, inclusive terra nua, de valor total superior a R$ 300 mil;<\/p>\n\n\n\n<p>&#8211; Em rela\u00e7\u00e3o \u00e0queles que efetuaram opera\u00e7\u00f5es em bolsas de valores, de mercadorias, de futuros e assemelhadas, ficam obrigados apenas quem, no ano-calend\u00e1rio, realizou somat\u00f3rio de vendas, inclusive isentas, superior a R$ 40 mil; e opera\u00e7\u00f5es sujeitas \u00e0 incid\u00eancia do imposto.<\/p>\n\n\n\n<p>&#8211; No que diz respeito \u00e0 atividade rural, tamb\u00e9m deve declarar o cidad\u00e3o que obteve receita bruta em valor superior a R$ 142.798,50; que pretenda compensar, no ano-calend\u00e1rio de 2022 ou posteriores, preju\u00edzos de anos-calend\u00e1rio anteriores ou do pr\u00f3prio ano-calend\u00e1rio de 2022. <em><strong>(Fonte: Ascom da Unitins).<\/strong><\/em><\/p>\n","protected":false},"excerpt":{"rendered":"<p>A Universidade Estadual do Tocantins (Unitins) oferta a partir desta segunda-feira, 20, atendimento gratuito para pessoas f\u00edsicas que desejam realizar a declara\u00e7\u00e3o do Imposto de Renda da Pessoa F\u00edsica (IRPF) 2023. Os atendimentos ser\u00e3o realizados por acad\u00eamicos e docentes dos cursos de Ci\u00eancias Cont\u00e1beis dos C\u00e2mpus Augustin\u00f3polis e Dian\u00f3polis. O projeto de extens\u00e3o \u201cDeclarando com [&hellip;]<\/p>\n","protected":false},"author":4,"featured_media":0,"comment_status":"open","ping_status":"open","sticky":false,"template":"","format":"standard","meta":{"_acf_changed":false,"footnotes":""},"categories":[8,21],"tags":[],"class_list":["post-69276","post","type-post","status-publish","format-standard","hentry","category-estado","category-todas-noticias"],"acf":[],"yoast_head":"<!-- This site is optimized with the Yoast SEO plugin v24.4 - https:\/\/yoast.com\/wordpress\/plugins\/seo\/ -->\n<title>Unitins oferta atendimento gratuito para declara\u00e7\u00e3o do IR a partir desta segunda - PORTAL DE NOT\u00cdCIAS CLEITON PINHEIRO<\/title>\n<meta name=\"robots\" content=\"index, follow, max-snippet:-1, max-image-preview:large, max-video-preview:-1\" \/>\n<link rel=\"canonical\" href=\"https:\/\/cleitonpinheiro.com.br\/site\/unitins-oferta-atendimento-gratuito-para-declaracao-do-ir-a-partir-desta-segunda\/\" \/>\n<meta property=\"og:locale\" content=\"pt_BR\" \/>\n<meta property=\"og:type\" content=\"article\" \/>\n<meta property=\"og:title\" content=\"Unitins oferta atendimento gratuito para declara\u00e7\u00e3o do IR a partir desta segunda - PORTAL DE NOT\u00cdCIAS CLEITON PINHEIRO\" \/>\n<meta property=\"og:description\" content=\"A Universidade Estadual do Tocantins (Unitins) oferta a partir desta segunda-feira, 20, atendimento gratuito para pessoas f\u00edsicas que desejam realizar a declara\u00e7\u00e3o do Imposto de Renda da Pessoa F\u00edsica (IRPF) 2023. Os atendimentos ser\u00e3o realizados por acad\u00eamicos e docentes dos cursos de Ci\u00eancias Cont\u00e1beis dos C\u00e2mpus Augustin\u00f3polis e Dian\u00f3polis. O projeto de extens\u00e3o \u201cDeclarando com [&hellip;]\" \/>\n<meta property=\"og:url\" content=\"https:\/\/cleitonpinheiro.com.br\/site\/unitins-oferta-atendimento-gratuito-para-declaracao-do-ir-a-partir-desta-segunda\/\" \/>\n<meta property=\"og:site_name\" content=\"PORTAL DE NOT\u00cdCIAS CLEITON PINHEIRO\" \/>\n<meta property=\"article:publisher\" content=\"https:\/\/www.facebook.com\/portalcpnoticias\/\" \/>\n<meta property=\"article:published_time\" content=\"2023-03-20T18:36:49+00:00\" \/>\n<meta property=\"article:modified_time\" content=\"2023-03-22T17:29:12+00:00\" \/>\n<meta property=\"og:image\" content=\"https:\/\/cleitonpinheiro.com.br\/site\/wp-content\/uploads\/2023\/03\/Unitins-comprimida.jpg\" \/>\n\t<meta property=\"og:image:width\" content=\"750\" \/>\n\t<meta property=\"og:image:height\" content=\"450\" \/>\n\t<meta property=\"og:image:type\" content=\"image\/jpeg\" \/>\n<meta name=\"author\" content=\"Dermival Pereira\" \/>\n<meta name=\"twitter:card\" content=\"summary_large_image\" \/>\n<meta name=\"twitter:label1\" content=\"Escrito por\" \/>\n\t<meta name=\"twitter:data1\" content=\"Dermival Pereira\" \/>\n\t<meta name=\"twitter:label2\" content=\"Est. tempo de leitura\" \/>\n\t<meta name=\"twitter:data2\" content=\"5 minutos\" \/>\n<script type=\"application\/ld+json\" class=\"yoast-schema-graph\">{\"@context\":\"https:\/\/schema.org\",\"@graph\":[{\"@type\":\"Article\",\"@id\":\"https:\/\/cleitonpinheiro.com.br\/site\/unitins-oferta-atendimento-gratuito-para-declaracao-do-ir-a-partir-desta-segunda\/#article\",\"isPartOf\":{\"@id\":\"https:\/\/cleitonpinheiro.com.br\/site\/unitins-oferta-atendimento-gratuito-para-declaracao-do-ir-a-partir-desta-segunda\/\"},\"author\":{\"name\":\"Dermival Pereira\",\"@id\":\"https:\/\/cleitonpinheiro.com.br\/site\/#\/schema\/person\/aac6d7f311e80c43042e98a900b03cd8\"},\"headline\":\"Unitins oferta atendimento gratuito para declara\u00e7\u00e3o do IR a partir desta segunda\",\"datePublished\":\"2023-03-20T18:36:49+00:00\",\"dateModified\":\"2023-03-22T17:29:12+00:00\",\"mainEntityOfPage\":{\"@id\":\"https:\/\/cleitonpinheiro.com.br\/site\/unitins-oferta-atendimento-gratuito-para-declaracao-do-ir-a-partir-desta-segunda\/\"},\"wordCount\":905,\"commentCount\":0,\"publisher\":{\"@id\":\"https:\/\/cleitonpinheiro.com.br\/site\/#organization\"},\"image\":{\"@id\":\"https:\/\/cleitonpinheiro.com.br\/site\/unitins-oferta-atendimento-gratuito-para-declaracao-do-ir-a-partir-desta-segunda\/#primaryimage\"},\"thumbnailUrl\":\"https:\/\/cleitonpinheiro.com.br\/site\/wp-content\/uploads\/2023\/03\/Unitins-comprimida.jpg\",\"articleSection\":[\"ESTADO\",\"TODAS NOTICIAS\"],\"inLanguage\":\"pt-BR\",\"potentialAction\":[{\"@type\":\"CommentAction\",\"name\":\"Comment\",\"target\":[\"https:\/\/cleitonpinheiro.com.br\/site\/unitins-oferta-atendimento-gratuito-para-declaracao-do-ir-a-partir-desta-segunda\/#respond\"]}]},{\"@type\":\"WebPage\",\"@id\":\"https:\/\/cleitonpinheiro.com.br\/site\/unitins-oferta-atendimento-gratuito-para-declaracao-do-ir-a-partir-desta-segunda\/\",\"url\":\"https:\/\/cleitonpinheiro.com.br\/site\/unitins-oferta-atendimento-gratuito-para-declaracao-do-ir-a-partir-desta-segunda\/\",\"name\":\"Unitins oferta atendimento gratuito para declara\u00e7\u00e3o do IR a partir desta segunda - PORTAL DE NOT\u00cdCIAS CLEITON PINHEIRO\",\"isPartOf\":{\"@id\":\"https:\/\/cleitonpinheiro.com.br\/site\/#website\"},\"primaryImageOfPage\":{\"@id\":\"https:\/\/cleitonpinheiro.com.br\/site\/unitins-oferta-atendimento-gratuito-para-declaracao-do-ir-a-partir-desta-segunda\/#primaryimage\"},\"image\":{\"@id\":\"https:\/\/cleitonpinheiro.com.br\/site\/unitins-oferta-atendimento-gratuito-para-declaracao-do-ir-a-partir-desta-segunda\/#primaryimage\"},\"thumbnailUrl\":\"https:\/\/cleitonpinheiro.com.br\/site\/wp-content\/uploads\/2023\/03\/Unitins-comprimida.jpg\",\"datePublished\":\"2023-03-20T18:36:49+00:00\",\"dateModified\":\"2023-03-22T17:29:12+00:00\",\"breadcrumb\":{\"@id\":\"https:\/\/cleitonpinheiro.com.br\/site\/unitins-oferta-atendimento-gratuito-para-declaracao-do-ir-a-partir-desta-segunda\/#breadcrumb\"},\"inLanguage\":\"pt-BR\",\"potentialAction\":[{\"@type\":\"ReadAction\",\"target\":[\"https:\/\/cleitonpinheiro.com.br\/site\/unitins-oferta-atendimento-gratuito-para-declaracao-do-ir-a-partir-desta-segunda\/\"]}]},{\"@type\":\"ImageObject\",\"inLanguage\":\"pt-BR\",\"@id\":\"https:\/\/cleitonpinheiro.com.br\/site\/unitins-oferta-atendimento-gratuito-para-declaracao-do-ir-a-partir-desta-segunda\/#primaryimage\",\"url\":\"\",\"contentUrl\":\"\"},{\"@type\":\"BreadcrumbList\",\"@id\":\"https:\/\/cleitonpinheiro.com.br\/site\/unitins-oferta-atendimento-gratuito-para-declaracao-do-ir-a-partir-desta-segunda\/#breadcrumb\",\"itemListElement\":[{\"@type\":\"ListItem\",\"position\":1,\"name\":\"In\u00edcio\",\"item\":\"https:\/\/cleitonpinheiro.com.br\/site\/\"},{\"@type\":\"ListItem\",\"position\":2,\"name\":\"Unitins oferta atendimento gratuito para declara\u00e7\u00e3o do IR a partir desta segunda\"}]},{\"@type\":\"WebSite\",\"@id\":\"https:\/\/cleitonpinheiro.com.br\/site\/#website\",\"url\":\"https:\/\/cleitonpinheiro.com.br\/site\/\",\"name\":\"PORTAL DE NOT\u00cdCIAS CLEITON PINHEIRO\",\"description\":\"FALANDO A VERDADE\",\"publisher\":{\"@id\":\"https:\/\/cleitonpinheiro.com.br\/site\/#organization\"},\"potentialAction\":[{\"@type\":\"SearchAction\",\"target\":{\"@type\":\"EntryPoint\",\"urlTemplate\":\"https:\/\/cleitonpinheiro.com.br\/site\/?s={search_term_string}\"},\"query-input\":{\"@type\":\"PropertyValueSpecification\",\"valueRequired\":true,\"valueName\":\"search_term_string\"}}],\"inLanguage\":\"pt-BR\"},{\"@type\":\"Organization\",\"@id\":\"https:\/\/cleitonpinheiro.com.br\/site\/#organization\",\"name\":\"CPNOT\u00cdCIAS\",\"url\":\"https:\/\/cleitonpinheiro.com.br\/site\/\",\"logo\":{\"@type\":\"ImageObject\",\"inLanguage\":\"pt-BR\",\"@id\":\"https:\/\/cleitonpinheiro.com.br\/site\/#\/schema\/logo\/image\/\",\"url\":\"https:\/\/cleitonpinheiro.com.br\/site\/wp-content\/uploads\/2022\/08\/Logo-pequena-2.png\",\"contentUrl\":\"https:\/\/cleitonpinheiro.com.br\/site\/wp-content\/uploads\/2022\/08\/Logo-pequena-2.png\",\"width\":500,\"height\":500,\"caption\":\"CPNOT\u00cdCIAS\"},\"image\":{\"@id\":\"https:\/\/cleitonpinheiro.com.br\/site\/#\/schema\/logo\/image\/\"},\"sameAs\":[\"https:\/\/www.facebook.com\/portalcpnoticias\/\"]},{\"@type\":\"Person\",\"@id\":\"https:\/\/cleitonpinheiro.com.br\/site\/#\/schema\/person\/aac6d7f311e80c43042e98a900b03cd8\",\"name\":\"Dermival Pereira\",\"image\":{\"@type\":\"ImageObject\",\"inLanguage\":\"pt-BR\",\"@id\":\"https:\/\/cleitonpinheiro.com.br\/site\/#\/schema\/person\/image\/\",\"url\":\"https:\/\/secure.gravatar.com\/avatar\/cfaebf3742d6bf8db728bcba3eed6bee37b02337a2e6c822994f20ca72a3784d?s=96&r=g\",\"contentUrl\":\"https:\/\/secure.gravatar.com\/avatar\/cfaebf3742d6bf8db728bcba3eed6bee37b02337a2e6c822994f20ca72a3784d?s=96&r=g\",\"caption\":\"Dermival Pereira\"},\"url\":\"https:\/\/cleitonpinheiro.com.br\/site\/author\/dermival\/\"}]}<\/script>\n<!-- \/ Yoast SEO plugin. -->","yoast_head_json":{"title":"Unitins oferta atendimento gratuito para declara\u00e7\u00e3o do IR a partir desta segunda - PORTAL DE NOT\u00cdCIAS CLEITON PINHEIRO","robots":{"index":"index","follow":"follow","max-snippet":"max-snippet:-1","max-image-preview":"max-image-preview:large","max-video-preview":"max-video-preview:-1"},"canonical":"https:\/\/cleitonpinheiro.com.br\/site\/unitins-oferta-atendimento-gratuito-para-declaracao-do-ir-a-partir-desta-segunda\/","og_locale":"pt_BR","og_type":"article","og_title":"Unitins oferta atendimento gratuito para declara\u00e7\u00e3o do IR a partir desta segunda - PORTAL DE NOT\u00cdCIAS CLEITON PINHEIRO","og_description":"A Universidade Estadual do Tocantins (Unitins) oferta a partir desta segunda-feira, 20, atendimento gratuito para pessoas f\u00edsicas que desejam realizar a declara\u00e7\u00e3o do Imposto de Renda da Pessoa F\u00edsica (IRPF) 2023. Os atendimentos ser\u00e3o realizados por acad\u00eamicos e docentes dos cursos de Ci\u00eancias Cont\u00e1beis dos C\u00e2mpus Augustin\u00f3polis e Dian\u00f3polis. O projeto de extens\u00e3o \u201cDeclarando com [&hellip;]","og_url":"https:\/\/cleitonpinheiro.com.br\/site\/unitins-oferta-atendimento-gratuito-para-declaracao-do-ir-a-partir-desta-segunda\/","og_site_name":"PORTAL DE NOT\u00cdCIAS CLEITON PINHEIRO","article_publisher":"https:\/\/www.facebook.com\/portalcpnoticias\/","article_published_time":"2023-03-20T18:36:49+00:00","article_modified_time":"2023-03-22T17:29:12+00:00","og_image":[{"width":750,"height":450,"url":"https:\/\/cleitonpinheiro.com.br\/site\/wp-content\/uploads\/2023\/03\/Unitins-comprimida.jpg","type":"image\/jpeg"}],"author":"Dermival Pereira","twitter_card":"summary_large_image","twitter_misc":{"Escrito por":"Dermival Pereira","Est. tempo de leitura":"5 minutos"},"schema":{"@context":"https:\/\/schema.org","@graph":[{"@type":"Article","@id":"https:\/\/cleitonpinheiro.com.br\/site\/unitins-oferta-atendimento-gratuito-para-declaracao-do-ir-a-partir-desta-segunda\/#article","isPartOf":{"@id":"https:\/\/cleitonpinheiro.com.br\/site\/unitins-oferta-atendimento-gratuito-para-declaracao-do-ir-a-partir-desta-segunda\/"},"author":{"name":"Dermival Pereira","@id":"https:\/\/cleitonpinheiro.com.br\/site\/#\/schema\/person\/aac6d7f311e80c43042e98a900b03cd8"},"headline":"Unitins oferta atendimento gratuito para declara\u00e7\u00e3o do IR a partir desta segunda","datePublished":"2023-03-20T18:36:49+00:00","dateModified":"2023-03-22T17:29:12+00:00","mainEntityOfPage":{"@id":"https:\/\/cleitonpinheiro.com.br\/site\/unitins-oferta-atendimento-gratuito-para-declaracao-do-ir-a-partir-desta-segunda\/"},"wordCount":905,"commentCount":0,"publisher":{"@id":"https:\/\/cleitonpinheiro.com.br\/site\/#organization"},"image":{"@id":"https:\/\/cleitonpinheiro.com.br\/site\/unitins-oferta-atendimento-gratuito-para-declaracao-do-ir-a-partir-desta-segunda\/#primaryimage"},"thumbnailUrl":"https:\/\/cleitonpinheiro.com.br\/site\/wp-content\/uploads\/2023\/03\/Unitins-comprimida.jpg","articleSection":["ESTADO","TODAS NOTICIAS"],"inLanguage":"pt-BR","potentialAction":[{"@type":"CommentAction","name":"Comment","target":["https:\/\/cleitonpinheiro.com.br\/site\/unitins-oferta-atendimento-gratuito-para-declaracao-do-ir-a-partir-desta-segunda\/#respond"]}]},{"@type":"WebPage","@id":"https:\/\/cleitonpinheiro.com.br\/site\/unitins-oferta-atendimento-gratuito-para-declaracao-do-ir-a-partir-desta-segunda\/","url":"https:\/\/cleitonpinheiro.com.br\/site\/unitins-oferta-atendimento-gratuito-para-declaracao-do-ir-a-partir-desta-segunda\/","name":"Unitins oferta atendimento gratuito para declara\u00e7\u00e3o do IR a partir desta segunda - PORTAL DE NOT\u00cdCIAS CLEITON PINHEIRO","isPartOf":{"@id":"https:\/\/cleitonpinheiro.com.br\/site\/#website"},"primaryImageOfPage":{"@id":"https:\/\/cleitonpinheiro.com.br\/site\/unitins-oferta-atendimento-gratuito-para-declaracao-do-ir-a-partir-desta-segunda\/#primaryimage"},"image":{"@id":"https:\/\/cleitonpinheiro.com.br\/site\/unitins-oferta-atendimento-gratuito-para-declaracao-do-ir-a-partir-desta-segunda\/#primaryimage"},"thumbnailUrl":"https:\/\/cleitonpinheiro.com.br\/site\/wp-content\/uploads\/2023\/03\/Unitins-comprimida.jpg","datePublished":"2023-03-20T18:36:49+00:00","dateModified":"2023-03-22T17:29:12+00:00","breadcrumb":{"@id":"https:\/\/cleitonpinheiro.com.br\/site\/unitins-oferta-atendimento-gratuito-para-declaracao-do-ir-a-partir-desta-segunda\/#breadcrumb"},"inLanguage":"pt-BR","potentialAction":[{"@type":"ReadAction","target":["https:\/\/cleitonpinheiro.com.br\/site\/unitins-oferta-atendimento-gratuito-para-declaracao-do-ir-a-partir-desta-segunda\/"]}]},{"@type":"ImageObject","inLanguage":"pt-BR","@id":"https:\/\/cleitonpinheiro.com.br\/site\/unitins-oferta-atendimento-gratuito-para-declaracao-do-ir-a-partir-desta-segunda\/#primaryimage","url":"","contentUrl":""},{"@type":"BreadcrumbList","@id":"https:\/\/cleitonpinheiro.com.br\/site\/unitins-oferta-atendimento-gratuito-para-declaracao-do-ir-a-partir-desta-segunda\/#breadcrumb","itemListElement":[{"@type":"ListItem","position":1,"name":"In\u00edcio","item":"https:\/\/cleitonpinheiro.com.br\/site\/"},{"@type":"ListItem","position":2,"name":"Unitins oferta atendimento gratuito para declara\u00e7\u00e3o do IR a partir desta segunda"}]},{"@type":"WebSite","@id":"https:\/\/cleitonpinheiro.com.br\/site\/#website","url":"https:\/\/cleitonpinheiro.com.br\/site\/","name":"PORTAL DE NOT\u00cdCIAS CLEITON PINHEIRO","description":"FALANDO A VERDADE","publisher":{"@id":"https:\/\/cleitonpinheiro.com.br\/site\/#organization"},"potentialAction":[{"@type":"SearchAction","target":{"@type":"EntryPoint","urlTemplate":"https:\/\/cleitonpinheiro.com.br\/site\/?s={search_term_string}"},"query-input":{"@type":"PropertyValueSpecification","valueRequired":true,"valueName":"search_term_string"}}],"inLanguage":"pt-BR"},{"@type":"Organization","@id":"https:\/\/cleitonpinheiro.com.br\/site\/#organization","name":"CPNOT\u00cdCIAS","url":"https:\/\/cleitonpinheiro.com.br\/site\/","logo":{"@type":"ImageObject","inLanguage":"pt-BR","@id":"https:\/\/cleitonpinheiro.com.br\/site\/#\/schema\/logo\/image\/","url":"https:\/\/cleitonpinheiro.com.br\/site\/wp-content\/uploads\/2022\/08\/Logo-pequena-2.png","contentUrl":"https:\/\/cleitonpinheiro.com.br\/site\/wp-content\/uploads\/2022\/08\/Logo-pequena-2.png","width":500,"height":500,"caption":"CPNOT\u00cdCIAS"},"image":{"@id":"https:\/\/cleitonpinheiro.com.br\/site\/#\/schema\/logo\/image\/"},"sameAs":["https:\/\/www.facebook.com\/portalcpnoticias\/"]},{"@type":"Person","@id":"https:\/\/cleitonpinheiro.com.br\/site\/#\/schema\/person\/aac6d7f311e80c43042e98a900b03cd8","name":"Dermival Pereira","image":{"@type":"ImageObject","inLanguage":"pt-BR","@id":"https:\/\/cleitonpinheiro.com.br\/site\/#\/schema\/person\/image\/","url":"https:\/\/secure.gravatar.com\/avatar\/cfaebf3742d6bf8db728bcba3eed6bee37b02337a2e6c822994f20ca72a3784d?s=96&r=g","contentUrl":"https:\/\/secure.gravatar.com\/avatar\/cfaebf3742d6bf8db728bcba3eed6bee37b02337a2e6c822994f20ca72a3784d?s=96&r=g","caption":"Dermival Pereira"},"url":"https:\/\/cleitonpinheiro.com.br\/site\/author\/dermival\/"}]}},"views":276,"_links":{"self":[{"href":"https:\/\/cleitonpinheiro.com.br\/site\/wp-json\/wp\/v2\/posts\/69276","targetHints":{"allow":["GET"]}}],"collection":[{"href":"https:\/\/cleitonpinheiro.com.br\/site\/wp-json\/wp\/v2\/posts"}],"about":[{"href":"https:\/\/cleitonpinheiro.com.br\/site\/wp-json\/wp\/v2\/types\/post"}],"author":[{"embeddable":true,"href":"https:\/\/cleitonpinheiro.com.br\/site\/wp-json\/wp\/v2\/users\/4"}],"replies":[{"embeddable":true,"href":"https:\/\/cleitonpinheiro.com.br\/site\/wp-json\/wp\/v2\/comments?post=69276"}],"version-history":[{"count":1,"href":"https:\/\/cleitonpinheiro.com.br\/site\/wp-json\/wp\/v2\/posts\/69276\/revisions"}],"predecessor-version":[{"id":69278,"href":"https:\/\/cleitonpinheiro.com.br\/site\/wp-json\/wp\/v2\/posts\/69276\/revisions\/69278"}],"wp:attachment":[{"href":"https:\/\/cleitonpinheiro.com.br\/site\/wp-json\/wp\/v2\/media?parent=69276"}],"wp:term":[{"taxonomy":"category","embeddable":true,"href":"https:\/\/cleitonpinheiro.com.br\/site\/wp-json\/wp\/v2\/categories?post=69276"},{"taxonomy":"post_tag","embeddable":true,"href":"https:\/\/cleitonpinheiro.com.br\/site\/wp-json\/wp\/v2\/tags?post=69276"}],"curies":[{"name":"wp","href":"https:\/\/api.w.org\/{rel}","templated":true}]}}