{"id":69279,"date":"2023-03-20T15:45:17","date_gmt":"2023-03-20T18:45:17","guid":{"rendered":"https:\/\/cleitonpinheiro.com.br\/site\/?p=69279"},"modified":"2023-03-22T14:29:02","modified_gmt":"2023-03-22T17:29:02","slug":"tse-pede-acesso-a-pericia-de-minuta-de-golpe-em-acao-contra-o-ex-presidente-jair-bolsonaro","status":"publish","type":"post","link":"https:\/\/cleitonpinheiro.com.br\/site\/tse-pede-acesso-a-pericia-de-minuta-de-golpe-em-acao-contra-o-ex-presidente-jair-bolsonaro\/","title":{"rendered":"TSE pede acesso a per\u00edcia de minuta de golpe em a\u00e7\u00e3o contra o ex-presidente Jair Bolsonaro"},"content":{"rendered":"\n<figure class=\"wp-block-image size-full is-resized\"><img fetchpriority=\"high\" decoding=\"async\" src=\"https:\/\/cleitonpinheiro.com.br\/site\/wp-content\/uploads\/2023\/03\/TSE-Marcelo-Camargo-Agencia-Brasil.jpg\" alt=\"\" class=\"wp-image-69280\" width=\"1017\" height=\"610\"\/><figcaption class=\"wp-element-caption\">Foto: Marcelo Camargo\/Ag\u00eancia Brasil<\/figcaption><\/figure>\n\n\n\n<p>O corregedor-geral da Justi\u00e7a Eleitoral, ministro Benedito Gon\u00e7alves, pediu ao Supremo Tribunal Federal (STF) acesso \u00e0 per\u00edcia feita na chamada minuta do golpe, documento que previa barrar a apura\u00e7\u00e3o das elei\u00e7\u00f5es do ano passado. O documento foi encontrado na casa de Anderson Torres, ex-ministro da Justi\u00e7a e Seguran\u00e7a P\u00fablica.<\/p>\n\n\n\n<p>O pedido foi feito no \u00e2mbito da a\u00e7\u00e3o de investiga\u00e7\u00e3o judicial eleitoral (Aije) que apura eventual crime eleitoral do ent\u00e3o presidente Jair Bolsonaro na reuni\u00e3o com embaixadores, realizada em julho do ano passado no Pal\u00e1cio da Alvorada, em que ele fez acusa\u00e7\u00f5es sem provas contra as urnas eletr\u00f4nicas e o processo eleitoral.&nbsp;<\/p>\n\n\n\n<p>Autor da a\u00e7\u00e3o, o PDT quer que Bolsonaro seja declarado ineleg\u00edvel por ter atacado sem fundamentos o sistema eleitoral, conduta que seria vedada pelas regras eleitorais.<\/p>\n\n\n\n<p>A minuta encontrada na casa de Torres no \u00e2mbito das investiga\u00e7\u00f5es sobre os atos golpistas de 8 de janeiro foi inclu\u00edda por Gon\u00e7alves na Aije, a pedido do PDT. O ministro disse que o documento pode ter rela\u00e7\u00e3o contextual com a apura\u00e7\u00e3o da legalidade da reuni\u00e3o com embaixadores.<\/p>\n\n\n\n<p>Na per\u00edcia da minuta, a Pol\u00edcia Federal (PF) investigou, por exemplo, a presen\u00e7a de digitais de pessoas que tenham manipulado o papel. A inclus\u00e3o do exame pericial no processo do TSE havia sido solicitada pela defesa do pr\u00f3prio Bolsonaro.<\/p>\n\n\n\n<p>Gon\u00e7alves tamb\u00e9m pediu ao ministro Alexandre de Moraes, relator do inqu\u00e9rito contra Torres no STF, a inclus\u00e3o do depoimento dele na PF no \u00e2mbito das investiga\u00e7\u00f5es sobre o 8 de janeiro. Na semana passada, Torres&nbsp;<a href=\"http:\/\/https\/agenciabrasil.ebc.com.br\/justica\/noticia\/2023-03\/torres-depoe-no-tse-em-acao-que-pede-inelegibilidade-de-bolsonaro\" target=\"_blank\" rel=\"noreferrer noopener\"><strong>prestou depoimento&nbsp;<\/strong><\/a>de uma hora e meia no TSE.<\/p>\n\n\n\n<p>Na decis\u00e3o assinada ontem (19), em que pediu acesso \u00e0 per\u00edcia, Gon\u00e7alves tamb\u00e9m atendeu a pedidos da defesa para que mais testemunhas sejam ouvidas, entre elas jornalistas que escreveram sobre a reuni\u00e3o com embaixadores.<\/p>\n\n\n\n<p>O ministro tamb\u00e9m quer ouvir o deputado Filipe Barros (PL-PR), envolvido em outra investiga\u00e7\u00e3o da PF que apura o vazamento de dados sobre ataque\u00a0<em>hacker\u00a0<\/em>ao TSE. O corregedor solicitou os autos desse inqu\u00e9rito para tamb\u00e9m anex\u00e1-lo ao processo do TSE. <em><strong>(Fonte: Ag\u00eancia Brasil).<\/strong><\/em><\/p>\n","protected":false},"excerpt":{"rendered":"<p>O corregedor-geral da Justi\u00e7a Eleitoral, ministro Benedito Gon\u00e7alves, pediu ao Supremo Tribunal Federal (STF) acesso \u00e0 per\u00edcia feita na chamada minuta do golpe, documento que previa barrar a apura\u00e7\u00e3o das elei\u00e7\u00f5es do ano passado. O documento foi encontrado na casa de Anderson Torres, ex-ministro da Justi\u00e7a e Seguran\u00e7a P\u00fablica. O pedido foi feito no \u00e2mbito [&hellip;]<\/p>\n","protected":false},"author":4,"featured_media":0,"comment_status":"open","ping_status":"open","sticky":false,"template":"","format":"standard","meta":{"_acf_changed":false,"footnotes":""},"categories":[19,21],"tags":[],"class_list":["post-69279","post","type-post","status-publish","format-standard","hentry","category-brasil-mundo","category-todas-noticias"],"acf":[],"yoast_head":"<!-- This site is optimized with the Yoast SEO plugin v24.4 - https:\/\/yoast.com\/wordpress\/plugins\/seo\/ -->\n<title>TSE pede acesso a per\u00edcia de minuta de golpe em a\u00e7\u00e3o contra o ex-presidente Jair Bolsonaro - PORTAL DE NOT\u00cdCIAS CLEITON PINHEIRO<\/title>\n<meta name=\"robots\" content=\"index, follow, max-snippet:-1, max-image-preview:large, max-video-preview:-1\" \/>\n<link rel=\"canonical\" href=\"https:\/\/cleitonpinheiro.com.br\/site\/tse-pede-acesso-a-pericia-de-minuta-de-golpe-em-acao-contra-o-ex-presidente-jair-bolsonaro\/\" \/>\n<meta property=\"og:locale\" content=\"pt_BR\" \/>\n<meta property=\"og:type\" content=\"article\" \/>\n<meta property=\"og:title\" content=\"TSE pede acesso a per\u00edcia de minuta de golpe em a\u00e7\u00e3o contra o ex-presidente Jair Bolsonaro - PORTAL DE NOT\u00cdCIAS CLEITON PINHEIRO\" \/>\n<meta property=\"og:description\" content=\"O corregedor-geral da Justi\u00e7a Eleitoral, ministro Benedito Gon\u00e7alves, pediu ao Supremo Tribunal Federal (STF) acesso \u00e0 per\u00edcia feita na chamada minuta do golpe, documento que previa barrar a apura\u00e7\u00e3o das elei\u00e7\u00f5es do ano passado. O documento foi encontrado na casa de Anderson Torres, ex-ministro da Justi\u00e7a e Seguran\u00e7a P\u00fablica. O pedido foi feito no \u00e2mbito [&hellip;]\" \/>\n<meta property=\"og:url\" content=\"https:\/\/cleitonpinheiro.com.br\/site\/tse-pede-acesso-a-pericia-de-minuta-de-golpe-em-acao-contra-o-ex-presidente-jair-bolsonaro\/\" \/>\n<meta property=\"og:site_name\" content=\"PORTAL DE NOT\u00cdCIAS CLEITON PINHEIRO\" \/>\n<meta property=\"article:publisher\" content=\"https:\/\/www.facebook.com\/portalcpnoticias\/\" \/>\n<meta property=\"article:published_time\" content=\"2023-03-20T18:45:17+00:00\" \/>\n<meta property=\"article:modified_time\" content=\"2023-03-22T17:29:02+00:00\" \/>\n<meta property=\"og:image\" content=\"https:\/\/cleitonpinheiro.com.br\/site\/wp-content\/uploads\/2023\/03\/TSE-Marcelo-Camargo-Agencia-Brasil.jpg\" \/>\n\t<meta property=\"og:image:width\" content=\"750\" \/>\n\t<meta property=\"og:image:height\" content=\"450\" \/>\n\t<meta property=\"og:image:type\" content=\"image\/jpeg\" \/>\n<meta name=\"author\" content=\"Dermival Pereira\" \/>\n<meta name=\"twitter:card\" content=\"summary_large_image\" \/>\n<meta name=\"twitter:label1\" content=\"Escrito por\" \/>\n\t<meta name=\"twitter:data1\" content=\"Dermival Pereira\" \/>\n\t<meta name=\"twitter:label2\" content=\"Est. tempo de leitura\" \/>\n\t<meta name=\"twitter:data2\" content=\"3 minutos\" \/>\n<script type=\"application\/ld+json\" class=\"yoast-schema-graph\">{\"@context\":\"https:\/\/schema.org\",\"@graph\":[{\"@type\":\"Article\",\"@id\":\"https:\/\/cleitonpinheiro.com.br\/site\/tse-pede-acesso-a-pericia-de-minuta-de-golpe-em-acao-contra-o-ex-presidente-jair-bolsonaro\/#article\",\"isPartOf\":{\"@id\":\"https:\/\/cleitonpinheiro.com.br\/site\/tse-pede-acesso-a-pericia-de-minuta-de-golpe-em-acao-contra-o-ex-presidente-jair-bolsonaro\/\"},\"author\":{\"name\":\"Dermival Pereira\",\"@id\":\"https:\/\/cleitonpinheiro.com.br\/site\/#\/schema\/person\/aac6d7f311e80c43042e98a900b03cd8\"},\"headline\":\"TSE pede acesso a per\u00edcia de minuta de golpe em a\u00e7\u00e3o contra o ex-presidente Jair Bolsonaro\",\"datePublished\":\"2023-03-20T18:45:17+00:00\",\"dateModified\":\"2023-03-22T17:29:02+00:00\",\"mainEntityOfPage\":{\"@id\":\"https:\/\/cleitonpinheiro.com.br\/site\/tse-pede-acesso-a-pericia-de-minuta-de-golpe-em-acao-contra-o-ex-presidente-jair-bolsonaro\/\"},\"wordCount\":402,\"commentCount\":0,\"publisher\":{\"@id\":\"https:\/\/cleitonpinheiro.com.br\/site\/#organization\"},\"image\":{\"@id\":\"https:\/\/cleitonpinheiro.com.br\/site\/tse-pede-acesso-a-pericia-de-minuta-de-golpe-em-acao-contra-o-ex-presidente-jair-bolsonaro\/#primaryimage\"},\"thumbnailUrl\":\"https:\/\/cleitonpinheiro.com.br\/site\/wp-content\/uploads\/2023\/03\/TSE-Marcelo-Camargo-Agencia-Brasil.jpg\",\"articleSection\":[\"BRASIL \/ MUNDO\",\"TODAS NOTICIAS\"],\"inLanguage\":\"pt-BR\",\"potentialAction\":[{\"@type\":\"CommentAction\",\"name\":\"Comment\",\"target\":[\"https:\/\/cleitonpinheiro.com.br\/site\/tse-pede-acesso-a-pericia-de-minuta-de-golpe-em-acao-contra-o-ex-presidente-jair-bolsonaro\/#respond\"]}]},{\"@type\":\"WebPage\",\"@id\":\"https:\/\/cleitonpinheiro.com.br\/site\/tse-pede-acesso-a-pericia-de-minuta-de-golpe-em-acao-contra-o-ex-presidente-jair-bolsonaro\/\",\"url\":\"https:\/\/cleitonpinheiro.com.br\/site\/tse-pede-acesso-a-pericia-de-minuta-de-golpe-em-acao-contra-o-ex-presidente-jair-bolsonaro\/\",\"name\":\"TSE pede acesso a per\u00edcia de minuta de golpe em a\u00e7\u00e3o contra o ex-presidente Jair Bolsonaro - PORTAL DE NOT\u00cdCIAS CLEITON PINHEIRO\",\"isPartOf\":{\"@id\":\"https:\/\/cleitonpinheiro.com.br\/site\/#website\"},\"primaryImageOfPage\":{\"@id\":\"https:\/\/cleitonpinheiro.com.br\/site\/tse-pede-acesso-a-pericia-de-minuta-de-golpe-em-acao-contra-o-ex-presidente-jair-bolsonaro\/#primaryimage\"},\"image\":{\"@id\":\"https:\/\/cleitonpinheiro.com.br\/site\/tse-pede-acesso-a-pericia-de-minuta-de-golpe-em-acao-contra-o-ex-presidente-jair-bolsonaro\/#primaryimage\"},\"thumbnailUrl\":\"https:\/\/cleitonpinheiro.com.br\/site\/wp-content\/uploads\/2023\/03\/TSE-Marcelo-Camargo-Agencia-Brasil.jpg\",\"datePublished\":\"2023-03-20T18:45:17+00:00\",\"dateModified\":\"2023-03-22T17:29:02+00:00\",\"breadcrumb\":{\"@id\":\"https:\/\/cleitonpinheiro.com.br\/site\/tse-pede-acesso-a-pericia-de-minuta-de-golpe-em-acao-contra-o-ex-presidente-jair-bolsonaro\/#breadcrumb\"},\"inLanguage\":\"pt-BR\",\"potentialAction\":[{\"@type\":\"ReadAction\",\"target\":[\"https:\/\/cleitonpinheiro.com.br\/site\/tse-pede-acesso-a-pericia-de-minuta-de-golpe-em-acao-contra-o-ex-presidente-jair-bolsonaro\/\"]}]},{\"@type\":\"ImageObject\",\"inLanguage\":\"pt-BR\",\"@id\":\"https:\/\/cleitonpinheiro.com.br\/site\/tse-pede-acesso-a-pericia-de-minuta-de-golpe-em-acao-contra-o-ex-presidente-jair-bolsonaro\/#primaryimage\",\"url\":\"\",\"contentUrl\":\"\"},{\"@type\":\"BreadcrumbList\",\"@id\":\"https:\/\/cleitonpinheiro.com.br\/site\/tse-pede-acesso-a-pericia-de-minuta-de-golpe-em-acao-contra-o-ex-presidente-jair-bolsonaro\/#breadcrumb\",\"itemListElement\":[{\"@type\":\"ListItem\",\"position\":1,\"name\":\"In\u00edcio\",\"item\":\"https:\/\/cleitonpinheiro.com.br\/site\/\"},{\"@type\":\"ListItem\",\"position\":2,\"name\":\"TSE pede acesso a per\u00edcia de minuta de golpe em a\u00e7\u00e3o contra o ex-presidente Jair Bolsonaro\"}]},{\"@type\":\"WebSite\",\"@id\":\"https:\/\/cleitonpinheiro.com.br\/site\/#website\",\"url\":\"https:\/\/cleitonpinheiro.com.br\/site\/\",\"name\":\"PORTAL DE NOT\u00cdCIAS CLEITON PINHEIRO\",\"description\":\"FALANDO A VERDADE\",\"publisher\":{\"@id\":\"https:\/\/cleitonpinheiro.com.br\/site\/#organization\"},\"potentialAction\":[{\"@type\":\"SearchAction\",\"target\":{\"@type\":\"EntryPoint\",\"urlTemplate\":\"https:\/\/cleitonpinheiro.com.br\/site\/?s={search_term_string}\"},\"query-input\":{\"@type\":\"PropertyValueSpecification\",\"valueRequired\":true,\"valueName\":\"search_term_string\"}}],\"inLanguage\":\"pt-BR\"},{\"@type\":\"Organization\",\"@id\":\"https:\/\/cleitonpinheiro.com.br\/site\/#organization\",\"name\":\"CPNOT\u00cdCIAS\",\"url\":\"https:\/\/cleitonpinheiro.com.br\/site\/\",\"logo\":{\"@type\":\"ImageObject\",\"inLanguage\":\"pt-BR\",\"@id\":\"https:\/\/cleitonpinheiro.com.br\/site\/#\/schema\/logo\/image\/\",\"url\":\"https:\/\/cleitonpinheiro.com.br\/site\/wp-content\/uploads\/2022\/08\/Logo-pequena-2.png\",\"contentUrl\":\"https:\/\/cleitonpinheiro.com.br\/site\/wp-content\/uploads\/2022\/08\/Logo-pequena-2.png\",\"width\":500,\"height\":500,\"caption\":\"CPNOT\u00cdCIAS\"},\"image\":{\"@id\":\"https:\/\/cleitonpinheiro.com.br\/site\/#\/schema\/logo\/image\/\"},\"sameAs\":[\"https:\/\/www.facebook.com\/portalcpnoticias\/\"]},{\"@type\":\"Person\",\"@id\":\"https:\/\/cleitonpinheiro.com.br\/site\/#\/schema\/person\/aac6d7f311e80c43042e98a900b03cd8\",\"name\":\"Dermival Pereira\",\"image\":{\"@type\":\"ImageObject\",\"inLanguage\":\"pt-BR\",\"@id\":\"https:\/\/cleitonpinheiro.com.br\/site\/#\/schema\/person\/image\/\",\"url\":\"https:\/\/secure.gravatar.com\/avatar\/cfaebf3742d6bf8db728bcba3eed6bee37b02337a2e6c822994f20ca72a3784d?s=96&r=g\",\"contentUrl\":\"https:\/\/secure.gravatar.com\/avatar\/cfaebf3742d6bf8db728bcba3eed6bee37b02337a2e6c822994f20ca72a3784d?s=96&r=g\",\"caption\":\"Dermival Pereira\"},\"url\":\"https:\/\/cleitonpinheiro.com.br\/site\/author\/dermival\/\"}]}<\/script>\n<!-- \/ Yoast SEO plugin. -->","yoast_head_json":{"title":"TSE pede acesso a per\u00edcia de minuta de golpe em a\u00e7\u00e3o contra o ex-presidente Jair Bolsonaro - PORTAL DE NOT\u00cdCIAS CLEITON PINHEIRO","robots":{"index":"index","follow":"follow","max-snippet":"max-snippet:-1","max-image-preview":"max-image-preview:large","max-video-preview":"max-video-preview:-1"},"canonical":"https:\/\/cleitonpinheiro.com.br\/site\/tse-pede-acesso-a-pericia-de-minuta-de-golpe-em-acao-contra-o-ex-presidente-jair-bolsonaro\/","og_locale":"pt_BR","og_type":"article","og_title":"TSE pede acesso a per\u00edcia de minuta de golpe em a\u00e7\u00e3o contra o ex-presidente Jair Bolsonaro - PORTAL DE NOT\u00cdCIAS CLEITON PINHEIRO","og_description":"O corregedor-geral da Justi\u00e7a Eleitoral, ministro Benedito Gon\u00e7alves, pediu ao Supremo Tribunal Federal (STF) acesso \u00e0 per\u00edcia feita na chamada minuta do golpe, documento que previa barrar a apura\u00e7\u00e3o das elei\u00e7\u00f5es do ano passado. O documento foi encontrado na casa de Anderson Torres, ex-ministro da Justi\u00e7a e Seguran\u00e7a P\u00fablica. O pedido foi feito no \u00e2mbito [&hellip;]","og_url":"https:\/\/cleitonpinheiro.com.br\/site\/tse-pede-acesso-a-pericia-de-minuta-de-golpe-em-acao-contra-o-ex-presidente-jair-bolsonaro\/","og_site_name":"PORTAL DE NOT\u00cdCIAS CLEITON PINHEIRO","article_publisher":"https:\/\/www.facebook.com\/portalcpnoticias\/","article_published_time":"2023-03-20T18:45:17+00:00","article_modified_time":"2023-03-22T17:29:02+00:00","og_image":[{"width":750,"height":450,"url":"https:\/\/cleitonpinheiro.com.br\/site\/wp-content\/uploads\/2023\/03\/TSE-Marcelo-Camargo-Agencia-Brasil.jpg","type":"image\/jpeg"}],"author":"Dermival Pereira","twitter_card":"summary_large_image","twitter_misc":{"Escrito por":"Dermival Pereira","Est. tempo de leitura":"3 minutos"},"schema":{"@context":"https:\/\/schema.org","@graph":[{"@type":"Article","@id":"https:\/\/cleitonpinheiro.com.br\/site\/tse-pede-acesso-a-pericia-de-minuta-de-golpe-em-acao-contra-o-ex-presidente-jair-bolsonaro\/#article","isPartOf":{"@id":"https:\/\/cleitonpinheiro.com.br\/site\/tse-pede-acesso-a-pericia-de-minuta-de-golpe-em-acao-contra-o-ex-presidente-jair-bolsonaro\/"},"author":{"name":"Dermival Pereira","@id":"https:\/\/cleitonpinheiro.com.br\/site\/#\/schema\/person\/aac6d7f311e80c43042e98a900b03cd8"},"headline":"TSE pede acesso a per\u00edcia de minuta de golpe em a\u00e7\u00e3o contra o ex-presidente Jair Bolsonaro","datePublished":"2023-03-20T18:45:17+00:00","dateModified":"2023-03-22T17:29:02+00:00","mainEntityOfPage":{"@id":"https:\/\/cleitonpinheiro.com.br\/site\/tse-pede-acesso-a-pericia-de-minuta-de-golpe-em-acao-contra-o-ex-presidente-jair-bolsonaro\/"},"wordCount":402,"commentCount":0,"publisher":{"@id":"https:\/\/cleitonpinheiro.com.br\/site\/#organization"},"image":{"@id":"https:\/\/cleitonpinheiro.com.br\/site\/tse-pede-acesso-a-pericia-de-minuta-de-golpe-em-acao-contra-o-ex-presidente-jair-bolsonaro\/#primaryimage"},"thumbnailUrl":"https:\/\/cleitonpinheiro.com.br\/site\/wp-content\/uploads\/2023\/03\/TSE-Marcelo-Camargo-Agencia-Brasil.jpg","articleSection":["BRASIL \/ MUNDO","TODAS NOTICIAS"],"inLanguage":"pt-BR","potentialAction":[{"@type":"CommentAction","name":"Comment","target":["https:\/\/cleitonpinheiro.com.br\/site\/tse-pede-acesso-a-pericia-de-minuta-de-golpe-em-acao-contra-o-ex-presidente-jair-bolsonaro\/#respond"]}]},{"@type":"WebPage","@id":"https:\/\/cleitonpinheiro.com.br\/site\/tse-pede-acesso-a-pericia-de-minuta-de-golpe-em-acao-contra-o-ex-presidente-jair-bolsonaro\/","url":"https:\/\/cleitonpinheiro.com.br\/site\/tse-pede-acesso-a-pericia-de-minuta-de-golpe-em-acao-contra-o-ex-presidente-jair-bolsonaro\/","name":"TSE pede acesso a per\u00edcia de minuta de golpe em a\u00e7\u00e3o contra o ex-presidente Jair Bolsonaro - PORTAL DE NOT\u00cdCIAS CLEITON PINHEIRO","isPartOf":{"@id":"https:\/\/cleitonpinheiro.com.br\/site\/#website"},"primaryImageOfPage":{"@id":"https:\/\/cleitonpinheiro.com.br\/site\/tse-pede-acesso-a-pericia-de-minuta-de-golpe-em-acao-contra-o-ex-presidente-jair-bolsonaro\/#primaryimage"},"image":{"@id":"https:\/\/cleitonpinheiro.com.br\/site\/tse-pede-acesso-a-pericia-de-minuta-de-golpe-em-acao-contra-o-ex-presidente-jair-bolsonaro\/#primaryimage"},"thumbnailUrl":"https:\/\/cleitonpinheiro.com.br\/site\/wp-content\/uploads\/2023\/03\/TSE-Marcelo-Camargo-Agencia-Brasil.jpg","datePublished":"2023-03-20T18:45:17+00:00","dateModified":"2023-03-22T17:29:02+00:00","breadcrumb":{"@id":"https:\/\/cleitonpinheiro.com.br\/site\/tse-pede-acesso-a-pericia-de-minuta-de-golpe-em-acao-contra-o-ex-presidente-jair-bolsonaro\/#breadcrumb"},"inLanguage":"pt-BR","potentialAction":[{"@type":"ReadAction","target":["https:\/\/cleitonpinheiro.com.br\/site\/tse-pede-acesso-a-pericia-de-minuta-de-golpe-em-acao-contra-o-ex-presidente-jair-bolsonaro\/"]}]},{"@type":"ImageObject","inLanguage":"pt-BR","@id":"https:\/\/cleitonpinheiro.com.br\/site\/tse-pede-acesso-a-pericia-de-minuta-de-golpe-em-acao-contra-o-ex-presidente-jair-bolsonaro\/#primaryimage","url":"","contentUrl":""},{"@type":"BreadcrumbList","@id":"https:\/\/cleitonpinheiro.com.br\/site\/tse-pede-acesso-a-pericia-de-minuta-de-golpe-em-acao-contra-o-ex-presidente-jair-bolsonaro\/#breadcrumb","itemListElement":[{"@type":"ListItem","position":1,"name":"In\u00edcio","item":"https:\/\/cleitonpinheiro.com.br\/site\/"},{"@type":"ListItem","position":2,"name":"TSE pede acesso a per\u00edcia de minuta de golpe em a\u00e7\u00e3o contra o ex-presidente Jair Bolsonaro"}]},{"@type":"WebSite","@id":"https:\/\/cleitonpinheiro.com.br\/site\/#website","url":"https:\/\/cleitonpinheiro.com.br\/site\/","name":"PORTAL DE NOT\u00cdCIAS CLEITON PINHEIRO","description":"FALANDO A VERDADE","publisher":{"@id":"https:\/\/cleitonpinheiro.com.br\/site\/#organization"},"potentialAction":[{"@type":"SearchAction","target":{"@type":"EntryPoint","urlTemplate":"https:\/\/cleitonpinheiro.com.br\/site\/?s={search_term_string}"},"query-input":{"@type":"PropertyValueSpecification","valueRequired":true,"valueName":"search_term_string"}}],"inLanguage":"pt-BR"},{"@type":"Organization","@id":"https:\/\/cleitonpinheiro.com.br\/site\/#organization","name":"CPNOT\u00cdCIAS","url":"https:\/\/cleitonpinheiro.com.br\/site\/","logo":{"@type":"ImageObject","inLanguage":"pt-BR","@id":"https:\/\/cleitonpinheiro.com.br\/site\/#\/schema\/logo\/image\/","url":"https:\/\/cleitonpinheiro.com.br\/site\/wp-content\/uploads\/2022\/08\/Logo-pequena-2.png","contentUrl":"https:\/\/cleitonpinheiro.com.br\/site\/wp-content\/uploads\/2022\/08\/Logo-pequena-2.png","width":500,"height":500,"caption":"CPNOT\u00cdCIAS"},"image":{"@id":"https:\/\/cleitonpinheiro.com.br\/site\/#\/schema\/logo\/image\/"},"sameAs":["https:\/\/www.facebook.com\/portalcpnoticias\/"]},{"@type":"Person","@id":"https:\/\/cleitonpinheiro.com.br\/site\/#\/schema\/person\/aac6d7f311e80c43042e98a900b03cd8","name":"Dermival Pereira","image":{"@type":"ImageObject","inLanguage":"pt-BR","@id":"https:\/\/cleitonpinheiro.com.br\/site\/#\/schema\/person\/image\/","url":"https:\/\/secure.gravatar.com\/avatar\/cfaebf3742d6bf8db728bcba3eed6bee37b02337a2e6c822994f20ca72a3784d?s=96&r=g","contentUrl":"https:\/\/secure.gravatar.com\/avatar\/cfaebf3742d6bf8db728bcba3eed6bee37b02337a2e6c822994f20ca72a3784d?s=96&r=g","caption":"Dermival Pereira"},"url":"https:\/\/cleitonpinheiro.com.br\/site\/author\/dermival\/"}]}},"views":292,"_links":{"self":[{"href":"https:\/\/cleitonpinheiro.com.br\/site\/wp-json\/wp\/v2\/posts\/69279","targetHints":{"allow":["GET"]}}],"collection":[{"href":"https:\/\/cleitonpinheiro.com.br\/site\/wp-json\/wp\/v2\/posts"}],"about":[{"href":"https:\/\/cleitonpinheiro.com.br\/site\/wp-json\/wp\/v2\/types\/post"}],"author":[{"embeddable":true,"href":"https:\/\/cleitonpinheiro.com.br\/site\/wp-json\/wp\/v2\/users\/4"}],"replies":[{"embeddable":true,"href":"https:\/\/cleitonpinheiro.com.br\/site\/wp-json\/wp\/v2\/comments?post=69279"}],"version-history":[{"count":1,"href":"https:\/\/cleitonpinheiro.com.br\/site\/wp-json\/wp\/v2\/posts\/69279\/revisions"}],"predecessor-version":[{"id":69281,"href":"https:\/\/cleitonpinheiro.com.br\/site\/wp-json\/wp\/v2\/posts\/69279\/revisions\/69281"}],"wp:attachment":[{"href":"https:\/\/cleitonpinheiro.com.br\/site\/wp-json\/wp\/v2\/media?parent=69279"}],"wp:term":[{"taxonomy":"category","embeddable":true,"href":"https:\/\/cleitonpinheiro.com.br\/site\/wp-json\/wp\/v2\/categories?post=69279"},{"taxonomy":"post_tag","embeddable":true,"href":"https:\/\/cleitonpinheiro.com.br\/site\/wp-json\/wp\/v2\/tags?post=69279"}],"curies":[{"name":"wp","href":"https:\/\/api.w.org\/{rel}","templated":true}]}}