{"id":69285,"date":"2023-03-20T16:01:25","date_gmt":"2023-03-20T19:01:25","guid":{"rendered":"https:\/\/cleitonpinheiro.com.br\/site\/?p=69285"},"modified":"2023-03-21T07:31:02","modified_gmt":"2023-03-21T10:31:02","slug":"ministro-de-lula-defende-revisao-de-normas-de-terceirizacao-trabalhista","status":"publish","type":"post","link":"https:\/\/cleitonpinheiro.com.br\/site\/ministro-de-lula-defende-revisao-de-normas-de-terceirizacao-trabalhista\/","title":{"rendered":"Ministro de Lula defende revis\u00e3o de normas de terceiriza\u00e7\u00e3o trabalhista"},"content":{"rendered":"\n<figure class=\"wp-block-image size-full is-resized\"><img fetchpriority=\"high\" decoding=\"async\" src=\"https:\/\/cleitonpinheiro.com.br\/site\/wp-content\/uploads\/2023\/03\/Design-sem-nome-2023-03-20T160007-compressed.jpg\" alt=\"\" class=\"wp-image-69286\" width=\"1025\" height=\"615\"\/><figcaption class=\"wp-element-caption\">Ministro do Trabalho e Emprego, Luiz Marinho &#8211; Foto: Valter Capanato\/Ag\u00eancia Brasil<\/figcaption><\/figure>\n\n\n\n<p>O ministro do Trabalho e Emprego, Luiz Marinho, visita hoje (20), no munic\u00edpio ga\u00facho de Bento Gon\u00e7alves, o local em que 207 trabalhadores foram resgatados, no m\u00eas passado, em condi\u00e7\u00f5es de trabalho an\u00e1logas \u00e0 escravid\u00e3o.<\/p>\n\n\n\n<p>Durante a manh\u00e3, ele se reuniu com o prefeito da cidade, Diogo Siqueira. Ap\u00f3s o encontro, ao ser questionado a respeito das atuais normas trabalhistas, Marinho defendeu uma revis\u00e3o das regras, e disse que criar\u00e1 um grupo tripartite &#8211; com representantes de empresas, empregados e governo &#8211; para \u201ceventuais revis\u00f5es de pronto na legisla\u00e7\u00e3o\u201d.<\/p>\n\n\n\n<p>O ministro citou como exemplo de norma a ser revisada as regras de terceiriza\u00e7\u00e3o, que teriam ficado abrangentes demais, resultando em \u201cconfus\u00f5es\u201d e, em \u00faltimo caso, nos flagrantes de trabalho an\u00e1logo ao escravo, como os vistos recentemente no Rio Grande do Sul e em outros lugares.<\/p>\n\n\n\n<p>\u201cO projeto de terceiriza\u00e7\u00e3o ficou bastante amplo, me parece que acabou criando confus\u00e3o inclusive no ato de contratar, o que pode e o que n\u00e3o pode. Acabou chegando ao absurdo da l\u00f3gica de ter um elo da produ\u00e7\u00e3o praticando trabalho an\u00e1logo a escravid\u00e3o\u201d, disse Marinho.<\/p>\n\n\n\n<p>Ele acrescentou que o aumento recente nos casos de flagrante de trabalho em situa\u00e7\u00f5es an\u00e1logas \u00e0 escravid\u00e3o leva \u00e0 \u201cconstata\u00e7\u00e3o que isso \u00e9 resultado da precariza\u00e7\u00e3o da legisla\u00e7\u00e3o de trabalho executada no governo anterior\u201d.<\/p>\n\n\n\n<p>A agenda de Marinho nesta segunda-feira inclui reuni\u00e3o com produtores de uva e vinhos da regi\u00e3o, incluindo das tr\u00eas vin\u00edcolas em que os trabalhadores foram resgatados. O ministro adiantou que pedir\u00e1 \u00e0s empresas \u201cque assumam a responsabilidade do que aconteceu\u201d.<\/p>\n\n\n\n<p>Na avalia\u00e7\u00e3o de Marinho, as empresas envolvidas &#8211; as vin\u00edcolas Garibaldi, Salton e Aurora &#8211; s\u00e3o respons\u00e1veis pelo ocorrido, do ponto de vista legal, somente por terem contratado a empresa terceirizada que forneceu a m\u00e3o de obra, mesmo que n\u00e3o tivesse conhecimento das situa\u00e7\u00f5es degradantes.<\/p>\n\n\n\n<p>\u201cSe as vin\u00edcolas contrataram, j\u00e1 est\u00e3o respons\u00e1veis autom\u00e1ticas, \u00e9 responsabilidade de toda cadeia produtiva\u201d, disse o ministro.<\/p>\n\n\n\n<p>Ele acrescentou ainda que pretende realizar concurso para recompor o quadro de fiscais do trabalho. <em><strong>(Fonte: Ag\u00eancia Brasil).<\/strong><\/em><\/p>\n","protected":false},"excerpt":{"rendered":"<p>O ministro do Trabalho e Emprego, Luiz Marinho, visita hoje (20), no munic\u00edpio ga\u00facho de Bento Gon\u00e7alves, o local em que 207 trabalhadores foram resgatados, no m\u00eas passado, em condi\u00e7\u00f5es de trabalho an\u00e1logas \u00e0 escravid\u00e3o. Durante a manh\u00e3, ele se reuniu com o prefeito da cidade, Diogo Siqueira. Ap\u00f3s o encontro, ao ser questionado a [&hellip;]<\/p>\n","protected":false},"author":4,"featured_media":0,"comment_status":"open","ping_status":"open","sticky":false,"template":"","format":"standard","meta":{"_acf_changed":false,"footnotes":""},"categories":[19,20],"tags":[],"class_list":["post-69285","post","type-post","status-publish","format-standard","hentry","category-brasil-mundo","category-noticias-em-destaque"],"acf":[],"yoast_head":"<!-- This site is optimized with the Yoast SEO plugin v24.4 - https:\/\/yoast.com\/wordpress\/plugins\/seo\/ -->\n<title>Ministro de Lula defende revis\u00e3o de normas de terceiriza\u00e7\u00e3o trabalhista - PORTAL DE NOT\u00cdCIAS CLEITON PINHEIRO<\/title>\n<meta name=\"robots\" content=\"index, follow, max-snippet:-1, max-image-preview:large, max-video-preview:-1\" \/>\n<link rel=\"canonical\" href=\"https:\/\/cleitonpinheiro.com.br\/site\/ministro-de-lula-defende-revisao-de-normas-de-terceirizacao-trabalhista\/\" \/>\n<meta property=\"og:locale\" content=\"pt_BR\" \/>\n<meta property=\"og:type\" content=\"article\" \/>\n<meta property=\"og:title\" content=\"Ministro de Lula defende revis\u00e3o de normas de terceiriza\u00e7\u00e3o trabalhista - PORTAL DE NOT\u00cdCIAS CLEITON PINHEIRO\" \/>\n<meta property=\"og:description\" content=\"O ministro do Trabalho e Emprego, Luiz Marinho, visita hoje (20), no munic\u00edpio ga\u00facho de Bento Gon\u00e7alves, o local em que 207 trabalhadores foram resgatados, no m\u00eas passado, em condi\u00e7\u00f5es de trabalho an\u00e1logas \u00e0 escravid\u00e3o. Durante a manh\u00e3, ele se reuniu com o prefeito da cidade, Diogo Siqueira. Ap\u00f3s o encontro, ao ser questionado a [&hellip;]\" \/>\n<meta property=\"og:url\" content=\"https:\/\/cleitonpinheiro.com.br\/site\/ministro-de-lula-defende-revisao-de-normas-de-terceirizacao-trabalhista\/\" \/>\n<meta property=\"og:site_name\" content=\"PORTAL DE NOT\u00cdCIAS CLEITON PINHEIRO\" \/>\n<meta property=\"article:publisher\" content=\"https:\/\/www.facebook.com\/portalcpnoticias\/\" \/>\n<meta property=\"article:published_time\" content=\"2023-03-20T19:01:25+00:00\" \/>\n<meta property=\"article:modified_time\" content=\"2023-03-21T10:31:02+00:00\" \/>\n<meta property=\"og:image\" content=\"https:\/\/cleitonpinheiro.com.br\/site\/wp-content\/uploads\/2023\/03\/Design-sem-nome-2023-03-20T160007-compressed.jpg\" \/>\n\t<meta property=\"og:image:width\" content=\"750\" \/>\n\t<meta property=\"og:image:height\" content=\"450\" \/>\n\t<meta property=\"og:image:type\" content=\"image\/jpeg\" \/>\n<meta name=\"author\" content=\"Dermival Pereira\" \/>\n<meta name=\"twitter:card\" content=\"summary_large_image\" \/>\n<meta name=\"twitter:label1\" content=\"Escrito por\" \/>\n\t<meta name=\"twitter:data1\" content=\"Dermival Pereira\" \/>\n\t<meta name=\"twitter:label2\" content=\"Est. tempo de leitura\" \/>\n\t<meta name=\"twitter:data2\" content=\"3 minutos\" \/>\n<script type=\"application\/ld+json\" class=\"yoast-schema-graph\">{\"@context\":\"https:\/\/schema.org\",\"@graph\":[{\"@type\":\"Article\",\"@id\":\"https:\/\/cleitonpinheiro.com.br\/site\/ministro-de-lula-defende-revisao-de-normas-de-terceirizacao-trabalhista\/#article\",\"isPartOf\":{\"@id\":\"https:\/\/cleitonpinheiro.com.br\/site\/ministro-de-lula-defende-revisao-de-normas-de-terceirizacao-trabalhista\/\"},\"author\":{\"name\":\"Dermival Pereira\",\"@id\":\"https:\/\/cleitonpinheiro.com.br\/site\/#\/schema\/person\/aac6d7f311e80c43042e98a900b03cd8\"},\"headline\":\"Ministro de Lula defende revis\u00e3o de normas de terceiriza\u00e7\u00e3o trabalhista\",\"datePublished\":\"2023-03-20T19:01:25+00:00\",\"dateModified\":\"2023-03-21T10:31:02+00:00\",\"mainEntityOfPage\":{\"@id\":\"https:\/\/cleitonpinheiro.com.br\/site\/ministro-de-lula-defende-revisao-de-normas-de-terceirizacao-trabalhista\/\"},\"wordCount\":396,\"commentCount\":0,\"publisher\":{\"@id\":\"https:\/\/cleitonpinheiro.com.br\/site\/#organization\"},\"image\":{\"@id\":\"https:\/\/cleitonpinheiro.com.br\/site\/ministro-de-lula-defende-revisao-de-normas-de-terceirizacao-trabalhista\/#primaryimage\"},\"thumbnailUrl\":\"https:\/\/cleitonpinheiro.com.br\/site\/wp-content\/uploads\/2023\/03\/Design-sem-nome-2023-03-20T160007-compressed.jpg\",\"articleSection\":[\"BRASIL \/ MUNDO\",\"NOT\u00cdCIAS EM DESTAQUE\"],\"inLanguage\":\"pt-BR\",\"potentialAction\":[{\"@type\":\"CommentAction\",\"name\":\"Comment\",\"target\":[\"https:\/\/cleitonpinheiro.com.br\/site\/ministro-de-lula-defende-revisao-de-normas-de-terceirizacao-trabalhista\/#respond\"]}]},{\"@type\":\"WebPage\",\"@id\":\"https:\/\/cleitonpinheiro.com.br\/site\/ministro-de-lula-defende-revisao-de-normas-de-terceirizacao-trabalhista\/\",\"url\":\"https:\/\/cleitonpinheiro.com.br\/site\/ministro-de-lula-defende-revisao-de-normas-de-terceirizacao-trabalhista\/\",\"name\":\"Ministro de Lula defende revis\u00e3o de normas de terceiriza\u00e7\u00e3o trabalhista - PORTAL DE NOT\u00cdCIAS CLEITON PINHEIRO\",\"isPartOf\":{\"@id\":\"https:\/\/cleitonpinheiro.com.br\/site\/#website\"},\"primaryImageOfPage\":{\"@id\":\"https:\/\/cleitonpinheiro.com.br\/site\/ministro-de-lula-defende-revisao-de-normas-de-terceirizacao-trabalhista\/#primaryimage\"},\"image\":{\"@id\":\"https:\/\/cleitonpinheiro.com.br\/site\/ministro-de-lula-defende-revisao-de-normas-de-terceirizacao-trabalhista\/#primaryimage\"},\"thumbnailUrl\":\"https:\/\/cleitonpinheiro.com.br\/site\/wp-content\/uploads\/2023\/03\/Design-sem-nome-2023-03-20T160007-compressed.jpg\",\"datePublished\":\"2023-03-20T19:01:25+00:00\",\"dateModified\":\"2023-03-21T10:31:02+00:00\",\"breadcrumb\":{\"@id\":\"https:\/\/cleitonpinheiro.com.br\/site\/ministro-de-lula-defende-revisao-de-normas-de-terceirizacao-trabalhista\/#breadcrumb\"},\"inLanguage\":\"pt-BR\",\"potentialAction\":[{\"@type\":\"ReadAction\",\"target\":[\"https:\/\/cleitonpinheiro.com.br\/site\/ministro-de-lula-defende-revisao-de-normas-de-terceirizacao-trabalhista\/\"]}]},{\"@type\":\"ImageObject\",\"inLanguage\":\"pt-BR\",\"@id\":\"https:\/\/cleitonpinheiro.com.br\/site\/ministro-de-lula-defende-revisao-de-normas-de-terceirizacao-trabalhista\/#primaryimage\",\"url\":\"\",\"contentUrl\":\"\"},{\"@type\":\"BreadcrumbList\",\"@id\":\"https:\/\/cleitonpinheiro.com.br\/site\/ministro-de-lula-defende-revisao-de-normas-de-terceirizacao-trabalhista\/#breadcrumb\",\"itemListElement\":[{\"@type\":\"ListItem\",\"position\":1,\"name\":\"In\u00edcio\",\"item\":\"https:\/\/cleitonpinheiro.com.br\/site\/\"},{\"@type\":\"ListItem\",\"position\":2,\"name\":\"Ministro de Lula defende revis\u00e3o de normas de terceiriza\u00e7\u00e3o trabalhista\"}]},{\"@type\":\"WebSite\",\"@id\":\"https:\/\/cleitonpinheiro.com.br\/site\/#website\",\"url\":\"https:\/\/cleitonpinheiro.com.br\/site\/\",\"name\":\"PORTAL DE NOT\u00cdCIAS CLEITON PINHEIRO\",\"description\":\"FALANDO A VERDADE\",\"publisher\":{\"@id\":\"https:\/\/cleitonpinheiro.com.br\/site\/#organization\"},\"potentialAction\":[{\"@type\":\"SearchAction\",\"target\":{\"@type\":\"EntryPoint\",\"urlTemplate\":\"https:\/\/cleitonpinheiro.com.br\/site\/?s={search_term_string}\"},\"query-input\":{\"@type\":\"PropertyValueSpecification\",\"valueRequired\":true,\"valueName\":\"search_term_string\"}}],\"inLanguage\":\"pt-BR\"},{\"@type\":\"Organization\",\"@id\":\"https:\/\/cleitonpinheiro.com.br\/site\/#organization\",\"name\":\"CPNOT\u00cdCIAS\",\"url\":\"https:\/\/cleitonpinheiro.com.br\/site\/\",\"logo\":{\"@type\":\"ImageObject\",\"inLanguage\":\"pt-BR\",\"@id\":\"https:\/\/cleitonpinheiro.com.br\/site\/#\/schema\/logo\/image\/\",\"url\":\"https:\/\/cleitonpinheiro.com.br\/site\/wp-content\/uploads\/2022\/08\/Logo-pequena-2.png\",\"contentUrl\":\"https:\/\/cleitonpinheiro.com.br\/site\/wp-content\/uploads\/2022\/08\/Logo-pequena-2.png\",\"width\":500,\"height\":500,\"caption\":\"CPNOT\u00cdCIAS\"},\"image\":{\"@id\":\"https:\/\/cleitonpinheiro.com.br\/site\/#\/schema\/logo\/image\/\"},\"sameAs\":[\"https:\/\/www.facebook.com\/portalcpnoticias\/\"]},{\"@type\":\"Person\",\"@id\":\"https:\/\/cleitonpinheiro.com.br\/site\/#\/schema\/person\/aac6d7f311e80c43042e98a900b03cd8\",\"name\":\"Dermival Pereira\",\"image\":{\"@type\":\"ImageObject\",\"inLanguage\":\"pt-BR\",\"@id\":\"https:\/\/cleitonpinheiro.com.br\/site\/#\/schema\/person\/image\/\",\"url\":\"https:\/\/secure.gravatar.com\/avatar\/cfaebf3742d6bf8db728bcba3eed6bee37b02337a2e6c822994f20ca72a3784d?s=96&r=g\",\"contentUrl\":\"https:\/\/secure.gravatar.com\/avatar\/cfaebf3742d6bf8db728bcba3eed6bee37b02337a2e6c822994f20ca72a3784d?s=96&r=g\",\"caption\":\"Dermival Pereira\"},\"url\":\"https:\/\/cleitonpinheiro.com.br\/site\/author\/dermival\/\"}]}<\/script>\n<!-- \/ Yoast SEO plugin. -->","yoast_head_json":{"title":"Ministro de Lula defende revis\u00e3o de normas de terceiriza\u00e7\u00e3o trabalhista - PORTAL DE NOT\u00cdCIAS CLEITON PINHEIRO","robots":{"index":"index","follow":"follow","max-snippet":"max-snippet:-1","max-image-preview":"max-image-preview:large","max-video-preview":"max-video-preview:-1"},"canonical":"https:\/\/cleitonpinheiro.com.br\/site\/ministro-de-lula-defende-revisao-de-normas-de-terceirizacao-trabalhista\/","og_locale":"pt_BR","og_type":"article","og_title":"Ministro de Lula defende revis\u00e3o de normas de terceiriza\u00e7\u00e3o trabalhista - PORTAL DE NOT\u00cdCIAS CLEITON PINHEIRO","og_description":"O ministro do Trabalho e Emprego, Luiz Marinho, visita hoje (20), no munic\u00edpio ga\u00facho de Bento Gon\u00e7alves, o local em que 207 trabalhadores foram resgatados, no m\u00eas passado, em condi\u00e7\u00f5es de trabalho an\u00e1logas \u00e0 escravid\u00e3o. Durante a manh\u00e3, ele se reuniu com o prefeito da cidade, Diogo Siqueira. Ap\u00f3s o encontro, ao ser questionado a [&hellip;]","og_url":"https:\/\/cleitonpinheiro.com.br\/site\/ministro-de-lula-defende-revisao-de-normas-de-terceirizacao-trabalhista\/","og_site_name":"PORTAL DE NOT\u00cdCIAS CLEITON PINHEIRO","article_publisher":"https:\/\/www.facebook.com\/portalcpnoticias\/","article_published_time":"2023-03-20T19:01:25+00:00","article_modified_time":"2023-03-21T10:31:02+00:00","og_image":[{"width":750,"height":450,"url":"https:\/\/cleitonpinheiro.com.br\/site\/wp-content\/uploads\/2023\/03\/Design-sem-nome-2023-03-20T160007-compressed.jpg","type":"image\/jpeg"}],"author":"Dermival Pereira","twitter_card":"summary_large_image","twitter_misc":{"Escrito por":"Dermival Pereira","Est. tempo de leitura":"3 minutos"},"schema":{"@context":"https:\/\/schema.org","@graph":[{"@type":"Article","@id":"https:\/\/cleitonpinheiro.com.br\/site\/ministro-de-lula-defende-revisao-de-normas-de-terceirizacao-trabalhista\/#article","isPartOf":{"@id":"https:\/\/cleitonpinheiro.com.br\/site\/ministro-de-lula-defende-revisao-de-normas-de-terceirizacao-trabalhista\/"},"author":{"name":"Dermival Pereira","@id":"https:\/\/cleitonpinheiro.com.br\/site\/#\/schema\/person\/aac6d7f311e80c43042e98a900b03cd8"},"headline":"Ministro de Lula defende revis\u00e3o de normas de terceiriza\u00e7\u00e3o trabalhista","datePublished":"2023-03-20T19:01:25+00:00","dateModified":"2023-03-21T10:31:02+00:00","mainEntityOfPage":{"@id":"https:\/\/cleitonpinheiro.com.br\/site\/ministro-de-lula-defende-revisao-de-normas-de-terceirizacao-trabalhista\/"},"wordCount":396,"commentCount":0,"publisher":{"@id":"https:\/\/cleitonpinheiro.com.br\/site\/#organization"},"image":{"@id":"https:\/\/cleitonpinheiro.com.br\/site\/ministro-de-lula-defende-revisao-de-normas-de-terceirizacao-trabalhista\/#primaryimage"},"thumbnailUrl":"https:\/\/cleitonpinheiro.com.br\/site\/wp-content\/uploads\/2023\/03\/Design-sem-nome-2023-03-20T160007-compressed.jpg","articleSection":["BRASIL \/ MUNDO","NOT\u00cdCIAS EM DESTAQUE"],"inLanguage":"pt-BR","potentialAction":[{"@type":"CommentAction","name":"Comment","target":["https:\/\/cleitonpinheiro.com.br\/site\/ministro-de-lula-defende-revisao-de-normas-de-terceirizacao-trabalhista\/#respond"]}]},{"@type":"WebPage","@id":"https:\/\/cleitonpinheiro.com.br\/site\/ministro-de-lula-defende-revisao-de-normas-de-terceirizacao-trabalhista\/","url":"https:\/\/cleitonpinheiro.com.br\/site\/ministro-de-lula-defende-revisao-de-normas-de-terceirizacao-trabalhista\/","name":"Ministro de Lula defende revis\u00e3o de normas de terceiriza\u00e7\u00e3o trabalhista - PORTAL DE NOT\u00cdCIAS CLEITON PINHEIRO","isPartOf":{"@id":"https:\/\/cleitonpinheiro.com.br\/site\/#website"},"primaryImageOfPage":{"@id":"https:\/\/cleitonpinheiro.com.br\/site\/ministro-de-lula-defende-revisao-de-normas-de-terceirizacao-trabalhista\/#primaryimage"},"image":{"@id":"https:\/\/cleitonpinheiro.com.br\/site\/ministro-de-lula-defende-revisao-de-normas-de-terceirizacao-trabalhista\/#primaryimage"},"thumbnailUrl":"https:\/\/cleitonpinheiro.com.br\/site\/wp-content\/uploads\/2023\/03\/Design-sem-nome-2023-03-20T160007-compressed.jpg","datePublished":"2023-03-20T19:01:25+00:00","dateModified":"2023-03-21T10:31:02+00:00","breadcrumb":{"@id":"https:\/\/cleitonpinheiro.com.br\/site\/ministro-de-lula-defende-revisao-de-normas-de-terceirizacao-trabalhista\/#breadcrumb"},"inLanguage":"pt-BR","potentialAction":[{"@type":"ReadAction","target":["https:\/\/cleitonpinheiro.com.br\/site\/ministro-de-lula-defende-revisao-de-normas-de-terceirizacao-trabalhista\/"]}]},{"@type":"ImageObject","inLanguage":"pt-BR","@id":"https:\/\/cleitonpinheiro.com.br\/site\/ministro-de-lula-defende-revisao-de-normas-de-terceirizacao-trabalhista\/#primaryimage","url":"","contentUrl":""},{"@type":"BreadcrumbList","@id":"https:\/\/cleitonpinheiro.com.br\/site\/ministro-de-lula-defende-revisao-de-normas-de-terceirizacao-trabalhista\/#breadcrumb","itemListElement":[{"@type":"ListItem","position":1,"name":"In\u00edcio","item":"https:\/\/cleitonpinheiro.com.br\/site\/"},{"@type":"ListItem","position":2,"name":"Ministro de Lula defende revis\u00e3o de normas de terceiriza\u00e7\u00e3o trabalhista"}]},{"@type":"WebSite","@id":"https:\/\/cleitonpinheiro.com.br\/site\/#website","url":"https:\/\/cleitonpinheiro.com.br\/site\/","name":"PORTAL DE NOT\u00cdCIAS CLEITON PINHEIRO","description":"FALANDO A VERDADE","publisher":{"@id":"https:\/\/cleitonpinheiro.com.br\/site\/#organization"},"potentialAction":[{"@type":"SearchAction","target":{"@type":"EntryPoint","urlTemplate":"https:\/\/cleitonpinheiro.com.br\/site\/?s={search_term_string}"},"query-input":{"@type":"PropertyValueSpecification","valueRequired":true,"valueName":"search_term_string"}}],"inLanguage":"pt-BR"},{"@type":"Organization","@id":"https:\/\/cleitonpinheiro.com.br\/site\/#organization","name":"CPNOT\u00cdCIAS","url":"https:\/\/cleitonpinheiro.com.br\/site\/","logo":{"@type":"ImageObject","inLanguage":"pt-BR","@id":"https:\/\/cleitonpinheiro.com.br\/site\/#\/schema\/logo\/image\/","url":"https:\/\/cleitonpinheiro.com.br\/site\/wp-content\/uploads\/2022\/08\/Logo-pequena-2.png","contentUrl":"https:\/\/cleitonpinheiro.com.br\/site\/wp-content\/uploads\/2022\/08\/Logo-pequena-2.png","width":500,"height":500,"caption":"CPNOT\u00cdCIAS"},"image":{"@id":"https:\/\/cleitonpinheiro.com.br\/site\/#\/schema\/logo\/image\/"},"sameAs":["https:\/\/www.facebook.com\/portalcpnoticias\/"]},{"@type":"Person","@id":"https:\/\/cleitonpinheiro.com.br\/site\/#\/schema\/person\/aac6d7f311e80c43042e98a900b03cd8","name":"Dermival Pereira","image":{"@type":"ImageObject","inLanguage":"pt-BR","@id":"https:\/\/cleitonpinheiro.com.br\/site\/#\/schema\/person\/image\/","url":"https:\/\/secure.gravatar.com\/avatar\/cfaebf3742d6bf8db728bcba3eed6bee37b02337a2e6c822994f20ca72a3784d?s=96&r=g","contentUrl":"https:\/\/secure.gravatar.com\/avatar\/cfaebf3742d6bf8db728bcba3eed6bee37b02337a2e6c822994f20ca72a3784d?s=96&r=g","caption":"Dermival Pereira"},"url":"https:\/\/cleitonpinheiro.com.br\/site\/author\/dermival\/"}]}},"views":243,"_links":{"self":[{"href":"https:\/\/cleitonpinheiro.com.br\/site\/wp-json\/wp\/v2\/posts\/69285","targetHints":{"allow":["GET"]}}],"collection":[{"href":"https:\/\/cleitonpinheiro.com.br\/site\/wp-json\/wp\/v2\/posts"}],"about":[{"href":"https:\/\/cleitonpinheiro.com.br\/site\/wp-json\/wp\/v2\/types\/post"}],"author":[{"embeddable":true,"href":"https:\/\/cleitonpinheiro.com.br\/site\/wp-json\/wp\/v2\/users\/4"}],"replies":[{"embeddable":true,"href":"https:\/\/cleitonpinheiro.com.br\/site\/wp-json\/wp\/v2\/comments?post=69285"}],"version-history":[{"count":2,"href":"https:\/\/cleitonpinheiro.com.br\/site\/wp-json\/wp\/v2\/posts\/69285\/revisions"}],"predecessor-version":[{"id":69288,"href":"https:\/\/cleitonpinheiro.com.br\/site\/wp-json\/wp\/v2\/posts\/69285\/revisions\/69288"}],"wp:attachment":[{"href":"https:\/\/cleitonpinheiro.com.br\/site\/wp-json\/wp\/v2\/media?parent=69285"}],"wp:term":[{"taxonomy":"category","embeddable":true,"href":"https:\/\/cleitonpinheiro.com.br\/site\/wp-json\/wp\/v2\/categories?post=69285"},{"taxonomy":"post_tag","embeddable":true,"href":"https:\/\/cleitonpinheiro.com.br\/site\/wp-json\/wp\/v2\/tags?post=69285"}],"curies":[{"name":"wp","href":"https:\/\/api.w.org\/{rel}","templated":true}]}}