{"id":69326,"date":"2023-03-22T08:55:15","date_gmt":"2023-03-22T11:55:15","guid":{"rendered":"https:\/\/cleitonpinheiro.com.br\/site\/?p=69326"},"modified":"2023-03-22T08:55:16","modified_gmt":"2023-03-22T11:55:16","slug":"mpto-aciona-justica-para-barrar-extracao-de-areia-pelo-municipio-de-araguatins","status":"publish","type":"post","link":"https:\/\/cleitonpinheiro.com.br\/site\/mpto-aciona-justica-para-barrar-extracao-de-areia-pelo-municipio-de-araguatins\/","title":{"rendered":"MPTO aciona Justi\u00e7a para barrar extra\u00e7\u00e3o de areia pelo Munic\u00edpio de Araguatins"},"content":{"rendered":"\n<figure class=\"wp-block-image size-full is-resized\"><img fetchpriority=\"high\" decoding=\"async\" src=\"https:\/\/cleitonpinheiro.com.br\/site\/wp-content\/uploads\/2023\/03\/Design-sem-nome-2023-03-22T085300-compressed.jpg\" alt=\"\" class=\"wp-image-69327\" width=\"1017\" height=\"610\"\/><figcaption class=\"wp-element-caption\">Foto: Ascom do MPTO\/Divulga\u00e7\u00e3o<\/figcaption><\/figure>\n\n\n\n<p>O Minist\u00e9rio P\u00fablico do Tocantins (MPTO) ajuizou a\u00e7\u00e3o civil p\u00fablica na \u00faltima sexta-feira, 17, na qual solicita que a Justi\u00e7a conceda liminar obrigando o Munic\u00edpio de Araguatins a cessar a extra\u00e7\u00e3o ilegal de areia e de outros minerais na \u00e1rea p\u00fablica conhecida como Complexo Pharmakon. A pr\u00e1tica vem causando eros\u00e3o, desmatamento e outros danos ambientais.<\/p>\n\n\n\n<p>Na a\u00e7\u00e3o judicial, a Promotoria Regional Ambiental do Bico do Papagaio relata que o Minist\u00e9rio P\u00fablico realizou vistoria no local em 14 de fevereiro. Conforme a extens\u00e3o dos danos verificados na ocasi\u00e3o, \u00e9 poss\u00edvel concluir que a extra\u00e7\u00e3o de mineral vem ocorrendo em desacordo com o que o Instituto Natureza do Tocantins (Naturatins) havia permitido.<\/p>\n\n\n\n<p>Ainda \u00e9 informado que a licen\u00e7a emitida pelo \u00f3rg\u00e3o ambiental expirou em 15 de mar\u00e7o deste ano. Apesar disso, o poder p\u00fablico municipal continua a realizar extra\u00e7\u00e3o. O espa\u00e7o total degradado por esta pr\u00e1tica supera 10 hectares.<\/p>\n\n\n\n<p>Al\u00e9m da interrup\u00e7\u00e3o imediata da extra\u00e7\u00e3o de areia, barro, seixo ou cascalho, a a\u00e7\u00e3o civil p\u00fablica pede que seja determinada, ao munic\u00edpio, a obriga\u00e7\u00e3o de recuperar a \u00e1rea degradada. Para o caso desta recupera\u00e7\u00e3o se mostrar imposs\u00edvel, \u00e9 requerida a imposi\u00e7\u00e3o do pagamento de indeniza\u00e7\u00e3o no valor de R$ 100 mil, a t\u00edtulo de dano moral coletivo.<\/p>\n\n\n\n<p>Autor da a\u00e7\u00e3o civil p\u00fablica, o promotor de Justi\u00e7a D\u00e9cio Gueirado J\u00fanior informou que a pr\u00e1tica pode configurar tamb\u00e9m improbidade administrativa e implicar em outras penalidades. <em>(Da Ascom do MPTO).<\/em><\/p>\n","protected":false},"excerpt":{"rendered":"<p>O Minist\u00e9rio P\u00fablico do Tocantins (MPTO) ajuizou a\u00e7\u00e3o civil p\u00fablica na \u00faltima sexta-feira, 17, na qual solicita que a Justi\u00e7a conceda liminar obrigando o Munic\u00edpio de Araguatins a cessar a extra\u00e7\u00e3o ilegal de areia e de outros minerais na \u00e1rea p\u00fablica conhecida como Complexo Pharmakon. A pr\u00e1tica vem causando eros\u00e3o, desmatamento e outros danos ambientais. [&hellip;]<\/p>\n","protected":false},"author":4,"featured_media":0,"comment_status":"open","ping_status":"open","sticky":false,"template":"","format":"standard","meta":{"_acf_changed":false,"footnotes":""},"categories":[22,898],"tags":[],"class_list":["post-69326","post","type-post","status-publish","format-standard","hentry","category-cidades","category-manchete-segundaria"],"acf":[],"yoast_head":"<!-- This site is optimized with the Yoast SEO plugin v24.4 - https:\/\/yoast.com\/wordpress\/plugins\/seo\/ -->\n<title>MPTO aciona Justi\u00e7a para barrar extra\u00e7\u00e3o de areia pelo Munic\u00edpio de Araguatins - PORTAL DE NOT\u00cdCIAS CLEITON PINHEIRO<\/title>\n<meta name=\"robots\" content=\"index, follow, max-snippet:-1, max-image-preview:large, max-video-preview:-1\" \/>\n<link rel=\"canonical\" href=\"https:\/\/cleitonpinheiro.com.br\/site\/mpto-aciona-justica-para-barrar-extracao-de-areia-pelo-municipio-de-araguatins\/\" \/>\n<meta property=\"og:locale\" content=\"pt_BR\" \/>\n<meta property=\"og:type\" content=\"article\" \/>\n<meta property=\"og:title\" content=\"MPTO aciona Justi\u00e7a para barrar extra\u00e7\u00e3o de areia pelo Munic\u00edpio de Araguatins - PORTAL DE NOT\u00cdCIAS CLEITON PINHEIRO\" \/>\n<meta property=\"og:description\" content=\"O Minist\u00e9rio P\u00fablico do Tocantins (MPTO) ajuizou a\u00e7\u00e3o civil p\u00fablica na \u00faltima sexta-feira, 17, na qual solicita que a Justi\u00e7a conceda liminar obrigando o Munic\u00edpio de Araguatins a cessar a extra\u00e7\u00e3o ilegal de areia e de outros minerais na \u00e1rea p\u00fablica conhecida como Complexo Pharmakon. A pr\u00e1tica vem causando eros\u00e3o, desmatamento e outros danos ambientais. [&hellip;]\" \/>\n<meta property=\"og:url\" content=\"https:\/\/cleitonpinheiro.com.br\/site\/mpto-aciona-justica-para-barrar-extracao-de-areia-pelo-municipio-de-araguatins\/\" \/>\n<meta property=\"og:site_name\" content=\"PORTAL DE NOT\u00cdCIAS CLEITON PINHEIRO\" \/>\n<meta property=\"article:publisher\" content=\"https:\/\/www.facebook.com\/portalcpnoticias\/\" \/>\n<meta property=\"article:published_time\" content=\"2023-03-22T11:55:15+00:00\" \/>\n<meta property=\"article:modified_time\" content=\"2023-03-22T11:55:16+00:00\" \/>\n<meta property=\"og:image\" content=\"https:\/\/cleitonpinheiro.com.br\/site\/wp-content\/uploads\/2023\/03\/Design-sem-nome-2023-03-22T085300-compressed.jpg\" \/>\n\t<meta property=\"og:image:width\" content=\"750\" \/>\n\t<meta property=\"og:image:height\" content=\"450\" \/>\n\t<meta property=\"og:image:type\" content=\"image\/jpeg\" \/>\n<meta name=\"author\" content=\"Dermival Pereira\" \/>\n<meta name=\"twitter:card\" content=\"summary_large_image\" \/>\n<meta name=\"twitter:label1\" content=\"Escrito por\" \/>\n\t<meta name=\"twitter:data1\" content=\"Dermival Pereira\" \/>\n\t<meta name=\"twitter:label2\" content=\"Est. tempo de leitura\" \/>\n\t<meta name=\"twitter:data2\" content=\"2 minutos\" \/>\n<script type=\"application\/ld+json\" class=\"yoast-schema-graph\">{\"@context\":\"https:\/\/schema.org\",\"@graph\":[{\"@type\":\"Article\",\"@id\":\"https:\/\/cleitonpinheiro.com.br\/site\/mpto-aciona-justica-para-barrar-extracao-de-areia-pelo-municipio-de-araguatins\/#article\",\"isPartOf\":{\"@id\":\"https:\/\/cleitonpinheiro.com.br\/site\/mpto-aciona-justica-para-barrar-extracao-de-areia-pelo-municipio-de-araguatins\/\"},\"author\":{\"name\":\"Dermival Pereira\",\"@id\":\"https:\/\/cleitonpinheiro.com.br\/site\/#\/schema\/person\/aac6d7f311e80c43042e98a900b03cd8\"},\"headline\":\"MPTO aciona Justi\u00e7a para barrar extra\u00e7\u00e3o de areia pelo Munic\u00edpio de Araguatins\",\"datePublished\":\"2023-03-22T11:55:15+00:00\",\"dateModified\":\"2023-03-22T11:55:16+00:00\",\"mainEntityOfPage\":{\"@id\":\"https:\/\/cleitonpinheiro.com.br\/site\/mpto-aciona-justica-para-barrar-extracao-de-areia-pelo-municipio-de-araguatins\/\"},\"wordCount\":290,\"commentCount\":0,\"publisher\":{\"@id\":\"https:\/\/cleitonpinheiro.com.br\/site\/#organization\"},\"image\":{\"@id\":\"https:\/\/cleitonpinheiro.com.br\/site\/mpto-aciona-justica-para-barrar-extracao-de-areia-pelo-municipio-de-araguatins\/#primaryimage\"},\"thumbnailUrl\":\"https:\/\/cleitonpinheiro.com.br\/site\/wp-content\/uploads\/2023\/03\/Design-sem-nome-2023-03-22T085300-compressed.jpg\",\"articleSection\":[\"CIDADES\",\"MANCHETE SEGUND\u00c1RIA\"],\"inLanguage\":\"pt-BR\",\"potentialAction\":[{\"@type\":\"CommentAction\",\"name\":\"Comment\",\"target\":[\"https:\/\/cleitonpinheiro.com.br\/site\/mpto-aciona-justica-para-barrar-extracao-de-areia-pelo-municipio-de-araguatins\/#respond\"]}]},{\"@type\":\"WebPage\",\"@id\":\"https:\/\/cleitonpinheiro.com.br\/site\/mpto-aciona-justica-para-barrar-extracao-de-areia-pelo-municipio-de-araguatins\/\",\"url\":\"https:\/\/cleitonpinheiro.com.br\/site\/mpto-aciona-justica-para-barrar-extracao-de-areia-pelo-municipio-de-araguatins\/\",\"name\":\"MPTO aciona Justi\u00e7a para barrar extra\u00e7\u00e3o de areia pelo Munic\u00edpio de Araguatins - PORTAL DE NOT\u00cdCIAS CLEITON PINHEIRO\",\"isPartOf\":{\"@id\":\"https:\/\/cleitonpinheiro.com.br\/site\/#website\"},\"primaryImageOfPage\":{\"@id\":\"https:\/\/cleitonpinheiro.com.br\/site\/mpto-aciona-justica-para-barrar-extracao-de-areia-pelo-municipio-de-araguatins\/#primaryimage\"},\"image\":{\"@id\":\"https:\/\/cleitonpinheiro.com.br\/site\/mpto-aciona-justica-para-barrar-extracao-de-areia-pelo-municipio-de-araguatins\/#primaryimage\"},\"thumbnailUrl\":\"https:\/\/cleitonpinheiro.com.br\/site\/wp-content\/uploads\/2023\/03\/Design-sem-nome-2023-03-22T085300-compressed.jpg\",\"datePublished\":\"2023-03-22T11:55:15+00:00\",\"dateModified\":\"2023-03-22T11:55:16+00:00\",\"breadcrumb\":{\"@id\":\"https:\/\/cleitonpinheiro.com.br\/site\/mpto-aciona-justica-para-barrar-extracao-de-areia-pelo-municipio-de-araguatins\/#breadcrumb\"},\"inLanguage\":\"pt-BR\",\"potentialAction\":[{\"@type\":\"ReadAction\",\"target\":[\"https:\/\/cleitonpinheiro.com.br\/site\/mpto-aciona-justica-para-barrar-extracao-de-areia-pelo-municipio-de-araguatins\/\"]}]},{\"@type\":\"ImageObject\",\"inLanguage\":\"pt-BR\",\"@id\":\"https:\/\/cleitonpinheiro.com.br\/site\/mpto-aciona-justica-para-barrar-extracao-de-areia-pelo-municipio-de-araguatins\/#primaryimage\",\"url\":\"\",\"contentUrl\":\"\"},{\"@type\":\"BreadcrumbList\",\"@id\":\"https:\/\/cleitonpinheiro.com.br\/site\/mpto-aciona-justica-para-barrar-extracao-de-areia-pelo-municipio-de-araguatins\/#breadcrumb\",\"itemListElement\":[{\"@type\":\"ListItem\",\"position\":1,\"name\":\"In\u00edcio\",\"item\":\"https:\/\/cleitonpinheiro.com.br\/site\/\"},{\"@type\":\"ListItem\",\"position\":2,\"name\":\"MPTO aciona Justi\u00e7a para barrar extra\u00e7\u00e3o de areia pelo Munic\u00edpio de Araguatins\"}]},{\"@type\":\"WebSite\",\"@id\":\"https:\/\/cleitonpinheiro.com.br\/site\/#website\",\"url\":\"https:\/\/cleitonpinheiro.com.br\/site\/\",\"name\":\"PORTAL DE NOT\u00cdCIAS CLEITON PINHEIRO\",\"description\":\"FALANDO A VERDADE\",\"publisher\":{\"@id\":\"https:\/\/cleitonpinheiro.com.br\/site\/#organization\"},\"potentialAction\":[{\"@type\":\"SearchAction\",\"target\":{\"@type\":\"EntryPoint\",\"urlTemplate\":\"https:\/\/cleitonpinheiro.com.br\/site\/?s={search_term_string}\"},\"query-input\":{\"@type\":\"PropertyValueSpecification\",\"valueRequired\":true,\"valueName\":\"search_term_string\"}}],\"inLanguage\":\"pt-BR\"},{\"@type\":\"Organization\",\"@id\":\"https:\/\/cleitonpinheiro.com.br\/site\/#organization\",\"name\":\"CPNOT\u00cdCIAS\",\"url\":\"https:\/\/cleitonpinheiro.com.br\/site\/\",\"logo\":{\"@type\":\"ImageObject\",\"inLanguage\":\"pt-BR\",\"@id\":\"https:\/\/cleitonpinheiro.com.br\/site\/#\/schema\/logo\/image\/\",\"url\":\"https:\/\/cleitonpinheiro.com.br\/site\/wp-content\/uploads\/2022\/08\/Logo-pequena-2.png\",\"contentUrl\":\"https:\/\/cleitonpinheiro.com.br\/site\/wp-content\/uploads\/2022\/08\/Logo-pequena-2.png\",\"width\":500,\"height\":500,\"caption\":\"CPNOT\u00cdCIAS\"},\"image\":{\"@id\":\"https:\/\/cleitonpinheiro.com.br\/site\/#\/schema\/logo\/image\/\"},\"sameAs\":[\"https:\/\/www.facebook.com\/portalcpnoticias\/\"]},{\"@type\":\"Person\",\"@id\":\"https:\/\/cleitonpinheiro.com.br\/site\/#\/schema\/person\/aac6d7f311e80c43042e98a900b03cd8\",\"name\":\"Dermival Pereira\",\"image\":{\"@type\":\"ImageObject\",\"inLanguage\":\"pt-BR\",\"@id\":\"https:\/\/cleitonpinheiro.com.br\/site\/#\/schema\/person\/image\/\",\"url\":\"https:\/\/secure.gravatar.com\/avatar\/cfaebf3742d6bf8db728bcba3eed6bee37b02337a2e6c822994f20ca72a3784d?s=96&r=g\",\"contentUrl\":\"https:\/\/secure.gravatar.com\/avatar\/cfaebf3742d6bf8db728bcba3eed6bee37b02337a2e6c822994f20ca72a3784d?s=96&r=g\",\"caption\":\"Dermival Pereira\"},\"url\":\"https:\/\/cleitonpinheiro.com.br\/site\/author\/dermival\/\"}]}<\/script>\n<!-- \/ Yoast SEO plugin. -->","yoast_head_json":{"title":"MPTO aciona Justi\u00e7a para barrar extra\u00e7\u00e3o de areia pelo Munic\u00edpio de Araguatins - PORTAL DE NOT\u00cdCIAS CLEITON PINHEIRO","robots":{"index":"index","follow":"follow","max-snippet":"max-snippet:-1","max-image-preview":"max-image-preview:large","max-video-preview":"max-video-preview:-1"},"canonical":"https:\/\/cleitonpinheiro.com.br\/site\/mpto-aciona-justica-para-barrar-extracao-de-areia-pelo-municipio-de-araguatins\/","og_locale":"pt_BR","og_type":"article","og_title":"MPTO aciona Justi\u00e7a para barrar extra\u00e7\u00e3o de areia pelo Munic\u00edpio de Araguatins - PORTAL DE NOT\u00cdCIAS CLEITON PINHEIRO","og_description":"O Minist\u00e9rio P\u00fablico do Tocantins (MPTO) ajuizou a\u00e7\u00e3o civil p\u00fablica na \u00faltima sexta-feira, 17, na qual solicita que a Justi\u00e7a conceda liminar obrigando o Munic\u00edpio de Araguatins a cessar a extra\u00e7\u00e3o ilegal de areia e de outros minerais na \u00e1rea p\u00fablica conhecida como Complexo Pharmakon. A pr\u00e1tica vem causando eros\u00e3o, desmatamento e outros danos ambientais. [&hellip;]","og_url":"https:\/\/cleitonpinheiro.com.br\/site\/mpto-aciona-justica-para-barrar-extracao-de-areia-pelo-municipio-de-araguatins\/","og_site_name":"PORTAL DE NOT\u00cdCIAS CLEITON PINHEIRO","article_publisher":"https:\/\/www.facebook.com\/portalcpnoticias\/","article_published_time":"2023-03-22T11:55:15+00:00","article_modified_time":"2023-03-22T11:55:16+00:00","og_image":[{"width":750,"height":450,"url":"https:\/\/cleitonpinheiro.com.br\/site\/wp-content\/uploads\/2023\/03\/Design-sem-nome-2023-03-22T085300-compressed.jpg","type":"image\/jpeg"}],"author":"Dermival Pereira","twitter_card":"summary_large_image","twitter_misc":{"Escrito por":"Dermival Pereira","Est. tempo de leitura":"2 minutos"},"schema":{"@context":"https:\/\/schema.org","@graph":[{"@type":"Article","@id":"https:\/\/cleitonpinheiro.com.br\/site\/mpto-aciona-justica-para-barrar-extracao-de-areia-pelo-municipio-de-araguatins\/#article","isPartOf":{"@id":"https:\/\/cleitonpinheiro.com.br\/site\/mpto-aciona-justica-para-barrar-extracao-de-areia-pelo-municipio-de-araguatins\/"},"author":{"name":"Dermival Pereira","@id":"https:\/\/cleitonpinheiro.com.br\/site\/#\/schema\/person\/aac6d7f311e80c43042e98a900b03cd8"},"headline":"MPTO aciona Justi\u00e7a para barrar extra\u00e7\u00e3o de areia pelo Munic\u00edpio de Araguatins","datePublished":"2023-03-22T11:55:15+00:00","dateModified":"2023-03-22T11:55:16+00:00","mainEntityOfPage":{"@id":"https:\/\/cleitonpinheiro.com.br\/site\/mpto-aciona-justica-para-barrar-extracao-de-areia-pelo-municipio-de-araguatins\/"},"wordCount":290,"commentCount":0,"publisher":{"@id":"https:\/\/cleitonpinheiro.com.br\/site\/#organization"},"image":{"@id":"https:\/\/cleitonpinheiro.com.br\/site\/mpto-aciona-justica-para-barrar-extracao-de-areia-pelo-municipio-de-araguatins\/#primaryimage"},"thumbnailUrl":"https:\/\/cleitonpinheiro.com.br\/site\/wp-content\/uploads\/2023\/03\/Design-sem-nome-2023-03-22T085300-compressed.jpg","articleSection":["CIDADES","MANCHETE SEGUND\u00c1RIA"],"inLanguage":"pt-BR","potentialAction":[{"@type":"CommentAction","name":"Comment","target":["https:\/\/cleitonpinheiro.com.br\/site\/mpto-aciona-justica-para-barrar-extracao-de-areia-pelo-municipio-de-araguatins\/#respond"]}]},{"@type":"WebPage","@id":"https:\/\/cleitonpinheiro.com.br\/site\/mpto-aciona-justica-para-barrar-extracao-de-areia-pelo-municipio-de-araguatins\/","url":"https:\/\/cleitonpinheiro.com.br\/site\/mpto-aciona-justica-para-barrar-extracao-de-areia-pelo-municipio-de-araguatins\/","name":"MPTO aciona Justi\u00e7a para barrar extra\u00e7\u00e3o de areia pelo Munic\u00edpio de Araguatins - PORTAL DE NOT\u00cdCIAS CLEITON PINHEIRO","isPartOf":{"@id":"https:\/\/cleitonpinheiro.com.br\/site\/#website"},"primaryImageOfPage":{"@id":"https:\/\/cleitonpinheiro.com.br\/site\/mpto-aciona-justica-para-barrar-extracao-de-areia-pelo-municipio-de-araguatins\/#primaryimage"},"image":{"@id":"https:\/\/cleitonpinheiro.com.br\/site\/mpto-aciona-justica-para-barrar-extracao-de-areia-pelo-municipio-de-araguatins\/#primaryimage"},"thumbnailUrl":"https:\/\/cleitonpinheiro.com.br\/site\/wp-content\/uploads\/2023\/03\/Design-sem-nome-2023-03-22T085300-compressed.jpg","datePublished":"2023-03-22T11:55:15+00:00","dateModified":"2023-03-22T11:55:16+00:00","breadcrumb":{"@id":"https:\/\/cleitonpinheiro.com.br\/site\/mpto-aciona-justica-para-barrar-extracao-de-areia-pelo-municipio-de-araguatins\/#breadcrumb"},"inLanguage":"pt-BR","potentialAction":[{"@type":"ReadAction","target":["https:\/\/cleitonpinheiro.com.br\/site\/mpto-aciona-justica-para-barrar-extracao-de-areia-pelo-municipio-de-araguatins\/"]}]},{"@type":"ImageObject","inLanguage":"pt-BR","@id":"https:\/\/cleitonpinheiro.com.br\/site\/mpto-aciona-justica-para-barrar-extracao-de-areia-pelo-municipio-de-araguatins\/#primaryimage","url":"","contentUrl":""},{"@type":"BreadcrumbList","@id":"https:\/\/cleitonpinheiro.com.br\/site\/mpto-aciona-justica-para-barrar-extracao-de-areia-pelo-municipio-de-araguatins\/#breadcrumb","itemListElement":[{"@type":"ListItem","position":1,"name":"In\u00edcio","item":"https:\/\/cleitonpinheiro.com.br\/site\/"},{"@type":"ListItem","position":2,"name":"MPTO aciona Justi\u00e7a para barrar extra\u00e7\u00e3o de areia pelo Munic\u00edpio de Araguatins"}]},{"@type":"WebSite","@id":"https:\/\/cleitonpinheiro.com.br\/site\/#website","url":"https:\/\/cleitonpinheiro.com.br\/site\/","name":"PORTAL DE NOT\u00cdCIAS CLEITON PINHEIRO","description":"FALANDO A VERDADE","publisher":{"@id":"https:\/\/cleitonpinheiro.com.br\/site\/#organization"},"potentialAction":[{"@type":"SearchAction","target":{"@type":"EntryPoint","urlTemplate":"https:\/\/cleitonpinheiro.com.br\/site\/?s={search_term_string}"},"query-input":{"@type":"PropertyValueSpecification","valueRequired":true,"valueName":"search_term_string"}}],"inLanguage":"pt-BR"},{"@type":"Organization","@id":"https:\/\/cleitonpinheiro.com.br\/site\/#organization","name":"CPNOT\u00cdCIAS","url":"https:\/\/cleitonpinheiro.com.br\/site\/","logo":{"@type":"ImageObject","inLanguage":"pt-BR","@id":"https:\/\/cleitonpinheiro.com.br\/site\/#\/schema\/logo\/image\/","url":"https:\/\/cleitonpinheiro.com.br\/site\/wp-content\/uploads\/2022\/08\/Logo-pequena-2.png","contentUrl":"https:\/\/cleitonpinheiro.com.br\/site\/wp-content\/uploads\/2022\/08\/Logo-pequena-2.png","width":500,"height":500,"caption":"CPNOT\u00cdCIAS"},"image":{"@id":"https:\/\/cleitonpinheiro.com.br\/site\/#\/schema\/logo\/image\/"},"sameAs":["https:\/\/www.facebook.com\/portalcpnoticias\/"]},{"@type":"Person","@id":"https:\/\/cleitonpinheiro.com.br\/site\/#\/schema\/person\/aac6d7f311e80c43042e98a900b03cd8","name":"Dermival Pereira","image":{"@type":"ImageObject","inLanguage":"pt-BR","@id":"https:\/\/cleitonpinheiro.com.br\/site\/#\/schema\/person\/image\/","url":"https:\/\/secure.gravatar.com\/avatar\/cfaebf3742d6bf8db728bcba3eed6bee37b02337a2e6c822994f20ca72a3784d?s=96&r=g","contentUrl":"https:\/\/secure.gravatar.com\/avatar\/cfaebf3742d6bf8db728bcba3eed6bee37b02337a2e6c822994f20ca72a3784d?s=96&r=g","caption":"Dermival Pereira"},"url":"https:\/\/cleitonpinheiro.com.br\/site\/author\/dermival\/"}]}},"views":270,"_links":{"self":[{"href":"https:\/\/cleitonpinheiro.com.br\/site\/wp-json\/wp\/v2\/posts\/69326","targetHints":{"allow":["GET"]}}],"collection":[{"href":"https:\/\/cleitonpinheiro.com.br\/site\/wp-json\/wp\/v2\/posts"}],"about":[{"href":"https:\/\/cleitonpinheiro.com.br\/site\/wp-json\/wp\/v2\/types\/post"}],"author":[{"embeddable":true,"href":"https:\/\/cleitonpinheiro.com.br\/site\/wp-json\/wp\/v2\/users\/4"}],"replies":[{"embeddable":true,"href":"https:\/\/cleitonpinheiro.com.br\/site\/wp-json\/wp\/v2\/comments?post=69326"}],"version-history":[{"count":1,"href":"https:\/\/cleitonpinheiro.com.br\/site\/wp-json\/wp\/v2\/posts\/69326\/revisions"}],"predecessor-version":[{"id":69328,"href":"https:\/\/cleitonpinheiro.com.br\/site\/wp-json\/wp\/v2\/posts\/69326\/revisions\/69328"}],"wp:attachment":[{"href":"https:\/\/cleitonpinheiro.com.br\/site\/wp-json\/wp\/v2\/media?parent=69326"}],"wp:term":[{"taxonomy":"category","embeddable":true,"href":"https:\/\/cleitonpinheiro.com.br\/site\/wp-json\/wp\/v2\/categories?post=69326"},{"taxonomy":"post_tag","embeddable":true,"href":"https:\/\/cleitonpinheiro.com.br\/site\/wp-json\/wp\/v2\/tags?post=69326"}],"curies":[{"name":"wp","href":"https:\/\/api.w.org\/{rel}","templated":true}]}}