{"id":69329,"date":"2023-03-22T09:04:35","date_gmt":"2023-03-22T12:04:35","guid":{"rendered":"https:\/\/cleitonpinheiro.com.br\/site\/?p=69329"},"modified":"2023-03-22T09:05:12","modified_gmt":"2023-03-22T12:05:12","slug":"prefeitura-da-inicio-a-regularizacao-de-quadra-t-33-do-setor-jardim-taquari","status":"publish","type":"post","link":"https:\/\/cleitonpinheiro.com.br\/site\/prefeitura-da-inicio-a-regularizacao-de-quadra-t-33-do-setor-jardim-taquari\/","title":{"rendered":"Prefeitura d\u00e1 in\u00edcio a regulariza\u00e7\u00e3o de quadra do Setor Jardim Taquari"},"content":{"rendered":"\n<figure class=\"wp-block-image size-full is-resized\"><img fetchpriority=\"high\" decoding=\"async\" src=\"https:\/\/cleitonpinheiro.com.br\/site\/wp-content\/uploads\/2023\/03\/Design-sem-nome-2023-03-22T090246-compressed.jpg\" alt=\"\" class=\"wp-image-69330\" width=\"1024\" height=\"614\"\/><figcaption class=\"wp-element-caption\">Foto: Regeane Rocha\/Secom de Palmas<\/figcaption><\/figure>\n\n\n\n<p>O uso da tecnologia de drones tem sido bastante utilizado em apoio \u00e0s a\u00e7\u00f5es de infraestrutura urban\u00edstica municipal. E, na \u00faltima quinta-feira, 16, a Prefeitura de Palmas, por meio da Secretaria Municipal de Assuntos Fundi\u00e1rios (Semaf), deu in\u00edcio ao processo de regulariza\u00e7\u00e3o da Quadra T-33, no setor Jardim Taquari, mais conhecida como Capad\u00f3cia, com a coleta de imagens a\u00e9reas da localidade. A atividade de Regulariza\u00e7\u00e3o Fundi\u00e1ria Urbana (Reurb) \u00e9 uma a\u00e7\u00e3o conjunta entre a gest\u00e3o municipal com o apoio da Universidade Federal do Tocantins (UFT), Tribunal de Justi\u00e7a e o N\u00facleo de Preven\u00e7\u00e3o e Regulariza\u00e7\u00e3o Fundi\u00e1ria (Nupref).&nbsp;<\/p>\n\n\n\n<p>Segundo a Semaf, mais de 350 fam\u00edlias vivem no local, e a previs\u00e3o \u00e9 que nas pr\u00f3ximas semanas, esta etapa de levantamento aerofotogram\u00e9trico possa ser conclu\u00edda, para in\u00edcio das outras fases que comp\u00f5em o processo de regulariza\u00e7\u00e3o, como a finaliza\u00e7\u00e3o do projeto urban\u00edstico, o cadastramento dos moradores e a entrega de documentos para a conclus\u00e3o das etapas administrativas e jur\u00eddicas.&nbsp;<\/p>\n\n\n\n<p>O engenheiro ambiental da Semaf, Adriano Pinto, destacou que o uso da tecnologia contribui para a celeridade dos processos. \u201cAp\u00f3s a coleta dos materiais, atrav\u00e9s das imagens, as equipes t\u00e9cnicas da pasta seguir\u00e3o com a segunda etapa, que \u00e9 a elabora\u00e7\u00e3o do desenho urban\u00edstico que contemplar\u00e1 todos os im\u00f3veis da localidade. Com uso da tecnologia, conseguimos identificar com clareza as particularidades de cada propriedade, as divisas, os lotes vagos e ocupados, e a cobertura das moradias\u2019\u2019, destacou.&nbsp;<\/p>\n\n\n\n<p><strong>Quadra T-33<\/strong><\/p>\n\n\n\n<p>Localizada no extremo sudoeste da Capital, a \u00e1rea re\u00fane mais de 350 fam\u00edlias, e foi ocupada irregularmente ap\u00f3s o assentamento do Setor Taquari. <em><strong>(Fonte: Secom de Palmas)<\/strong><\/em>.<\/p>\n","protected":false},"excerpt":{"rendered":"<p>O uso da tecnologia de drones tem sido bastante utilizado em apoio \u00e0s a\u00e7\u00f5es de infraestrutura urban\u00edstica municipal. E, na \u00faltima quinta-feira, 16, a Prefeitura de Palmas, por meio da Secretaria Municipal de Assuntos Fundi\u00e1rios (Semaf), deu in\u00edcio ao processo de regulariza\u00e7\u00e3o da Quadra T-33, no setor Jardim Taquari, mais conhecida como Capad\u00f3cia, com a [&hellip;]<\/p>\n","protected":false},"author":4,"featured_media":0,"comment_status":"open","ping_status":"open","sticky":false,"template":"","format":"standard","meta":{"_acf_changed":false,"footnotes":""},"categories":[22,20],"tags":[],"class_list":["post-69329","post","type-post","status-publish","format-standard","hentry","category-cidades","category-noticias-em-destaque"],"acf":[],"yoast_head":"<!-- This site is optimized with the Yoast SEO plugin v24.4 - https:\/\/yoast.com\/wordpress\/plugins\/seo\/ -->\n<title>Prefeitura d\u00e1 in\u00edcio a regulariza\u00e7\u00e3o de quadra do Setor Jardim Taquari - PORTAL DE NOT\u00cdCIAS CLEITON PINHEIRO<\/title>\n<meta name=\"robots\" content=\"index, follow, max-snippet:-1, max-image-preview:large, max-video-preview:-1\" \/>\n<link rel=\"canonical\" href=\"https:\/\/cleitonpinheiro.com.br\/site\/prefeitura-da-inicio-a-regularizacao-de-quadra-t-33-do-setor-jardim-taquari\/\" \/>\n<meta property=\"og:locale\" content=\"pt_BR\" \/>\n<meta property=\"og:type\" content=\"article\" \/>\n<meta property=\"og:title\" content=\"Prefeitura d\u00e1 in\u00edcio a regulariza\u00e7\u00e3o de quadra do Setor Jardim Taquari - PORTAL DE NOT\u00cdCIAS CLEITON PINHEIRO\" \/>\n<meta property=\"og:description\" content=\"O uso da tecnologia de drones tem sido bastante utilizado em apoio \u00e0s a\u00e7\u00f5es de infraestrutura urban\u00edstica municipal. E, na \u00faltima quinta-feira, 16, a Prefeitura de Palmas, por meio da Secretaria Municipal de Assuntos Fundi\u00e1rios (Semaf), deu in\u00edcio ao processo de regulariza\u00e7\u00e3o da Quadra T-33, no setor Jardim Taquari, mais conhecida como Capad\u00f3cia, com a [&hellip;]\" \/>\n<meta property=\"og:url\" content=\"https:\/\/cleitonpinheiro.com.br\/site\/prefeitura-da-inicio-a-regularizacao-de-quadra-t-33-do-setor-jardim-taquari\/\" \/>\n<meta property=\"og:site_name\" content=\"PORTAL DE NOT\u00cdCIAS CLEITON PINHEIRO\" \/>\n<meta property=\"article:publisher\" content=\"https:\/\/www.facebook.com\/portalcpnoticias\/\" \/>\n<meta property=\"article:published_time\" content=\"2023-03-22T12:04:35+00:00\" \/>\n<meta property=\"article:modified_time\" content=\"2023-03-22T12:05:12+00:00\" \/>\n<meta property=\"og:image\" content=\"https:\/\/cleitonpinheiro.com.br\/site\/wp-content\/uploads\/2023\/03\/Design-sem-nome-2023-03-22T090246-compressed.jpg\" \/>\n\t<meta property=\"og:image:width\" content=\"750\" \/>\n\t<meta property=\"og:image:height\" content=\"450\" \/>\n\t<meta property=\"og:image:type\" content=\"image\/jpeg\" \/>\n<meta name=\"author\" content=\"Dermival Pereira\" \/>\n<meta name=\"twitter:card\" content=\"summary_large_image\" \/>\n<meta name=\"twitter:label1\" content=\"Escrito por\" \/>\n\t<meta name=\"twitter:data1\" content=\"Dermival Pereira\" \/>\n\t<meta name=\"twitter:label2\" content=\"Est. tempo de leitura\" \/>\n\t<meta name=\"twitter:data2\" content=\"2 minutos\" \/>\n<script type=\"application\/ld+json\" class=\"yoast-schema-graph\">{\"@context\":\"https:\/\/schema.org\",\"@graph\":[{\"@type\":\"Article\",\"@id\":\"https:\/\/cleitonpinheiro.com.br\/site\/prefeitura-da-inicio-a-regularizacao-de-quadra-t-33-do-setor-jardim-taquari\/#article\",\"isPartOf\":{\"@id\":\"https:\/\/cleitonpinheiro.com.br\/site\/prefeitura-da-inicio-a-regularizacao-de-quadra-t-33-do-setor-jardim-taquari\/\"},\"author\":{\"name\":\"Dermival Pereira\",\"@id\":\"https:\/\/cleitonpinheiro.com.br\/site\/#\/schema\/person\/aac6d7f311e80c43042e98a900b03cd8\"},\"headline\":\"Prefeitura d\u00e1 in\u00edcio a regulariza\u00e7\u00e3o de quadra do Setor Jardim Taquari\",\"datePublished\":\"2023-03-22T12:04:35+00:00\",\"dateModified\":\"2023-03-22T12:05:12+00:00\",\"mainEntityOfPage\":{\"@id\":\"https:\/\/cleitonpinheiro.com.br\/site\/prefeitura-da-inicio-a-regularizacao-de-quadra-t-33-do-setor-jardim-taquari\/\"},\"wordCount\":317,\"commentCount\":0,\"publisher\":{\"@id\":\"https:\/\/cleitonpinheiro.com.br\/site\/#organization\"},\"image\":{\"@id\":\"https:\/\/cleitonpinheiro.com.br\/site\/prefeitura-da-inicio-a-regularizacao-de-quadra-t-33-do-setor-jardim-taquari\/#primaryimage\"},\"thumbnailUrl\":\"https:\/\/cleitonpinheiro.com.br\/site\/wp-content\/uploads\/2023\/03\/Design-sem-nome-2023-03-22T090246-compressed.jpg\",\"articleSection\":[\"CIDADES\",\"NOT\u00cdCIAS EM DESTAQUE\"],\"inLanguage\":\"pt-BR\",\"potentialAction\":[{\"@type\":\"CommentAction\",\"name\":\"Comment\",\"target\":[\"https:\/\/cleitonpinheiro.com.br\/site\/prefeitura-da-inicio-a-regularizacao-de-quadra-t-33-do-setor-jardim-taquari\/#respond\"]}]},{\"@type\":\"WebPage\",\"@id\":\"https:\/\/cleitonpinheiro.com.br\/site\/prefeitura-da-inicio-a-regularizacao-de-quadra-t-33-do-setor-jardim-taquari\/\",\"url\":\"https:\/\/cleitonpinheiro.com.br\/site\/prefeitura-da-inicio-a-regularizacao-de-quadra-t-33-do-setor-jardim-taquari\/\",\"name\":\"Prefeitura d\u00e1 in\u00edcio a regulariza\u00e7\u00e3o de quadra do Setor Jardim Taquari - PORTAL DE NOT\u00cdCIAS CLEITON PINHEIRO\",\"isPartOf\":{\"@id\":\"https:\/\/cleitonpinheiro.com.br\/site\/#website\"},\"primaryImageOfPage\":{\"@id\":\"https:\/\/cleitonpinheiro.com.br\/site\/prefeitura-da-inicio-a-regularizacao-de-quadra-t-33-do-setor-jardim-taquari\/#primaryimage\"},\"image\":{\"@id\":\"https:\/\/cleitonpinheiro.com.br\/site\/prefeitura-da-inicio-a-regularizacao-de-quadra-t-33-do-setor-jardim-taquari\/#primaryimage\"},\"thumbnailUrl\":\"https:\/\/cleitonpinheiro.com.br\/site\/wp-content\/uploads\/2023\/03\/Design-sem-nome-2023-03-22T090246-compressed.jpg\",\"datePublished\":\"2023-03-22T12:04:35+00:00\",\"dateModified\":\"2023-03-22T12:05:12+00:00\",\"breadcrumb\":{\"@id\":\"https:\/\/cleitonpinheiro.com.br\/site\/prefeitura-da-inicio-a-regularizacao-de-quadra-t-33-do-setor-jardim-taquari\/#breadcrumb\"},\"inLanguage\":\"pt-BR\",\"potentialAction\":[{\"@type\":\"ReadAction\",\"target\":[\"https:\/\/cleitonpinheiro.com.br\/site\/prefeitura-da-inicio-a-regularizacao-de-quadra-t-33-do-setor-jardim-taquari\/\"]}]},{\"@type\":\"ImageObject\",\"inLanguage\":\"pt-BR\",\"@id\":\"https:\/\/cleitonpinheiro.com.br\/site\/prefeitura-da-inicio-a-regularizacao-de-quadra-t-33-do-setor-jardim-taquari\/#primaryimage\",\"url\":\"\",\"contentUrl\":\"\"},{\"@type\":\"BreadcrumbList\",\"@id\":\"https:\/\/cleitonpinheiro.com.br\/site\/prefeitura-da-inicio-a-regularizacao-de-quadra-t-33-do-setor-jardim-taquari\/#breadcrumb\",\"itemListElement\":[{\"@type\":\"ListItem\",\"position\":1,\"name\":\"In\u00edcio\",\"item\":\"https:\/\/cleitonpinheiro.com.br\/site\/\"},{\"@type\":\"ListItem\",\"position\":2,\"name\":\"Prefeitura d\u00e1 in\u00edcio a regulariza\u00e7\u00e3o de quadra do Setor Jardim Taquari\"}]},{\"@type\":\"WebSite\",\"@id\":\"https:\/\/cleitonpinheiro.com.br\/site\/#website\",\"url\":\"https:\/\/cleitonpinheiro.com.br\/site\/\",\"name\":\"PORTAL DE NOT\u00cdCIAS CLEITON PINHEIRO\",\"description\":\"FALANDO A VERDADE\",\"publisher\":{\"@id\":\"https:\/\/cleitonpinheiro.com.br\/site\/#organization\"},\"potentialAction\":[{\"@type\":\"SearchAction\",\"target\":{\"@type\":\"EntryPoint\",\"urlTemplate\":\"https:\/\/cleitonpinheiro.com.br\/site\/?s={search_term_string}\"},\"query-input\":{\"@type\":\"PropertyValueSpecification\",\"valueRequired\":true,\"valueName\":\"search_term_string\"}}],\"inLanguage\":\"pt-BR\"},{\"@type\":\"Organization\",\"@id\":\"https:\/\/cleitonpinheiro.com.br\/site\/#organization\",\"name\":\"CPNOT\u00cdCIAS\",\"url\":\"https:\/\/cleitonpinheiro.com.br\/site\/\",\"logo\":{\"@type\":\"ImageObject\",\"inLanguage\":\"pt-BR\",\"@id\":\"https:\/\/cleitonpinheiro.com.br\/site\/#\/schema\/logo\/image\/\",\"url\":\"https:\/\/cleitonpinheiro.com.br\/site\/wp-content\/uploads\/2022\/08\/Logo-pequena-2.png\",\"contentUrl\":\"https:\/\/cleitonpinheiro.com.br\/site\/wp-content\/uploads\/2022\/08\/Logo-pequena-2.png\",\"width\":500,\"height\":500,\"caption\":\"CPNOT\u00cdCIAS\"},\"image\":{\"@id\":\"https:\/\/cleitonpinheiro.com.br\/site\/#\/schema\/logo\/image\/\"},\"sameAs\":[\"https:\/\/www.facebook.com\/portalcpnoticias\/\"]},{\"@type\":\"Person\",\"@id\":\"https:\/\/cleitonpinheiro.com.br\/site\/#\/schema\/person\/aac6d7f311e80c43042e98a900b03cd8\",\"name\":\"Dermival Pereira\",\"image\":{\"@type\":\"ImageObject\",\"inLanguage\":\"pt-BR\",\"@id\":\"https:\/\/cleitonpinheiro.com.br\/site\/#\/schema\/person\/image\/\",\"url\":\"https:\/\/secure.gravatar.com\/avatar\/cfaebf3742d6bf8db728bcba3eed6bee37b02337a2e6c822994f20ca72a3784d?s=96&r=g\",\"contentUrl\":\"https:\/\/secure.gravatar.com\/avatar\/cfaebf3742d6bf8db728bcba3eed6bee37b02337a2e6c822994f20ca72a3784d?s=96&r=g\",\"caption\":\"Dermival Pereira\"},\"url\":\"https:\/\/cleitonpinheiro.com.br\/site\/author\/dermival\/\"}]}<\/script>\n<!-- \/ Yoast SEO plugin. -->","yoast_head_json":{"title":"Prefeitura d\u00e1 in\u00edcio a regulariza\u00e7\u00e3o de quadra do Setor Jardim Taquari - PORTAL DE NOT\u00cdCIAS CLEITON PINHEIRO","robots":{"index":"index","follow":"follow","max-snippet":"max-snippet:-1","max-image-preview":"max-image-preview:large","max-video-preview":"max-video-preview:-1"},"canonical":"https:\/\/cleitonpinheiro.com.br\/site\/prefeitura-da-inicio-a-regularizacao-de-quadra-t-33-do-setor-jardim-taquari\/","og_locale":"pt_BR","og_type":"article","og_title":"Prefeitura d\u00e1 in\u00edcio a regulariza\u00e7\u00e3o de quadra do Setor Jardim Taquari - PORTAL DE NOT\u00cdCIAS CLEITON PINHEIRO","og_description":"O uso da tecnologia de drones tem sido bastante utilizado em apoio \u00e0s a\u00e7\u00f5es de infraestrutura urban\u00edstica municipal. E, na \u00faltima quinta-feira, 16, a Prefeitura de Palmas, por meio da Secretaria Municipal de Assuntos Fundi\u00e1rios (Semaf), deu in\u00edcio ao processo de regulariza\u00e7\u00e3o da Quadra T-33, no setor Jardim Taquari, mais conhecida como Capad\u00f3cia, com a [&hellip;]","og_url":"https:\/\/cleitonpinheiro.com.br\/site\/prefeitura-da-inicio-a-regularizacao-de-quadra-t-33-do-setor-jardim-taquari\/","og_site_name":"PORTAL DE NOT\u00cdCIAS CLEITON PINHEIRO","article_publisher":"https:\/\/www.facebook.com\/portalcpnoticias\/","article_published_time":"2023-03-22T12:04:35+00:00","article_modified_time":"2023-03-22T12:05:12+00:00","og_image":[{"width":750,"height":450,"url":"https:\/\/cleitonpinheiro.com.br\/site\/wp-content\/uploads\/2023\/03\/Design-sem-nome-2023-03-22T090246-compressed.jpg","type":"image\/jpeg"}],"author":"Dermival Pereira","twitter_card":"summary_large_image","twitter_misc":{"Escrito por":"Dermival Pereira","Est. tempo de leitura":"2 minutos"},"schema":{"@context":"https:\/\/schema.org","@graph":[{"@type":"Article","@id":"https:\/\/cleitonpinheiro.com.br\/site\/prefeitura-da-inicio-a-regularizacao-de-quadra-t-33-do-setor-jardim-taquari\/#article","isPartOf":{"@id":"https:\/\/cleitonpinheiro.com.br\/site\/prefeitura-da-inicio-a-regularizacao-de-quadra-t-33-do-setor-jardim-taquari\/"},"author":{"name":"Dermival Pereira","@id":"https:\/\/cleitonpinheiro.com.br\/site\/#\/schema\/person\/aac6d7f311e80c43042e98a900b03cd8"},"headline":"Prefeitura d\u00e1 in\u00edcio a regulariza\u00e7\u00e3o de quadra do Setor Jardim Taquari","datePublished":"2023-03-22T12:04:35+00:00","dateModified":"2023-03-22T12:05:12+00:00","mainEntityOfPage":{"@id":"https:\/\/cleitonpinheiro.com.br\/site\/prefeitura-da-inicio-a-regularizacao-de-quadra-t-33-do-setor-jardim-taquari\/"},"wordCount":317,"commentCount":0,"publisher":{"@id":"https:\/\/cleitonpinheiro.com.br\/site\/#organization"},"image":{"@id":"https:\/\/cleitonpinheiro.com.br\/site\/prefeitura-da-inicio-a-regularizacao-de-quadra-t-33-do-setor-jardim-taquari\/#primaryimage"},"thumbnailUrl":"https:\/\/cleitonpinheiro.com.br\/site\/wp-content\/uploads\/2023\/03\/Design-sem-nome-2023-03-22T090246-compressed.jpg","articleSection":["CIDADES","NOT\u00cdCIAS EM DESTAQUE"],"inLanguage":"pt-BR","potentialAction":[{"@type":"CommentAction","name":"Comment","target":["https:\/\/cleitonpinheiro.com.br\/site\/prefeitura-da-inicio-a-regularizacao-de-quadra-t-33-do-setor-jardim-taquari\/#respond"]}]},{"@type":"WebPage","@id":"https:\/\/cleitonpinheiro.com.br\/site\/prefeitura-da-inicio-a-regularizacao-de-quadra-t-33-do-setor-jardim-taquari\/","url":"https:\/\/cleitonpinheiro.com.br\/site\/prefeitura-da-inicio-a-regularizacao-de-quadra-t-33-do-setor-jardim-taquari\/","name":"Prefeitura d\u00e1 in\u00edcio a regulariza\u00e7\u00e3o de quadra do Setor Jardim Taquari - PORTAL DE NOT\u00cdCIAS CLEITON PINHEIRO","isPartOf":{"@id":"https:\/\/cleitonpinheiro.com.br\/site\/#website"},"primaryImageOfPage":{"@id":"https:\/\/cleitonpinheiro.com.br\/site\/prefeitura-da-inicio-a-regularizacao-de-quadra-t-33-do-setor-jardim-taquari\/#primaryimage"},"image":{"@id":"https:\/\/cleitonpinheiro.com.br\/site\/prefeitura-da-inicio-a-regularizacao-de-quadra-t-33-do-setor-jardim-taquari\/#primaryimage"},"thumbnailUrl":"https:\/\/cleitonpinheiro.com.br\/site\/wp-content\/uploads\/2023\/03\/Design-sem-nome-2023-03-22T090246-compressed.jpg","datePublished":"2023-03-22T12:04:35+00:00","dateModified":"2023-03-22T12:05:12+00:00","breadcrumb":{"@id":"https:\/\/cleitonpinheiro.com.br\/site\/prefeitura-da-inicio-a-regularizacao-de-quadra-t-33-do-setor-jardim-taquari\/#breadcrumb"},"inLanguage":"pt-BR","potentialAction":[{"@type":"ReadAction","target":["https:\/\/cleitonpinheiro.com.br\/site\/prefeitura-da-inicio-a-regularizacao-de-quadra-t-33-do-setor-jardim-taquari\/"]}]},{"@type":"ImageObject","inLanguage":"pt-BR","@id":"https:\/\/cleitonpinheiro.com.br\/site\/prefeitura-da-inicio-a-regularizacao-de-quadra-t-33-do-setor-jardim-taquari\/#primaryimage","url":"","contentUrl":""},{"@type":"BreadcrumbList","@id":"https:\/\/cleitonpinheiro.com.br\/site\/prefeitura-da-inicio-a-regularizacao-de-quadra-t-33-do-setor-jardim-taquari\/#breadcrumb","itemListElement":[{"@type":"ListItem","position":1,"name":"In\u00edcio","item":"https:\/\/cleitonpinheiro.com.br\/site\/"},{"@type":"ListItem","position":2,"name":"Prefeitura d\u00e1 in\u00edcio a regulariza\u00e7\u00e3o de quadra do Setor Jardim Taquari"}]},{"@type":"WebSite","@id":"https:\/\/cleitonpinheiro.com.br\/site\/#website","url":"https:\/\/cleitonpinheiro.com.br\/site\/","name":"PORTAL DE NOT\u00cdCIAS CLEITON PINHEIRO","description":"FALANDO A VERDADE","publisher":{"@id":"https:\/\/cleitonpinheiro.com.br\/site\/#organization"},"potentialAction":[{"@type":"SearchAction","target":{"@type":"EntryPoint","urlTemplate":"https:\/\/cleitonpinheiro.com.br\/site\/?s={search_term_string}"},"query-input":{"@type":"PropertyValueSpecification","valueRequired":true,"valueName":"search_term_string"}}],"inLanguage":"pt-BR"},{"@type":"Organization","@id":"https:\/\/cleitonpinheiro.com.br\/site\/#organization","name":"CPNOT\u00cdCIAS","url":"https:\/\/cleitonpinheiro.com.br\/site\/","logo":{"@type":"ImageObject","inLanguage":"pt-BR","@id":"https:\/\/cleitonpinheiro.com.br\/site\/#\/schema\/logo\/image\/","url":"https:\/\/cleitonpinheiro.com.br\/site\/wp-content\/uploads\/2022\/08\/Logo-pequena-2.png","contentUrl":"https:\/\/cleitonpinheiro.com.br\/site\/wp-content\/uploads\/2022\/08\/Logo-pequena-2.png","width":500,"height":500,"caption":"CPNOT\u00cdCIAS"},"image":{"@id":"https:\/\/cleitonpinheiro.com.br\/site\/#\/schema\/logo\/image\/"},"sameAs":["https:\/\/www.facebook.com\/portalcpnoticias\/"]},{"@type":"Person","@id":"https:\/\/cleitonpinheiro.com.br\/site\/#\/schema\/person\/aac6d7f311e80c43042e98a900b03cd8","name":"Dermival Pereira","image":{"@type":"ImageObject","inLanguage":"pt-BR","@id":"https:\/\/cleitonpinheiro.com.br\/site\/#\/schema\/person\/image\/","url":"https:\/\/secure.gravatar.com\/avatar\/cfaebf3742d6bf8db728bcba3eed6bee37b02337a2e6c822994f20ca72a3784d?s=96&r=g","contentUrl":"https:\/\/secure.gravatar.com\/avatar\/cfaebf3742d6bf8db728bcba3eed6bee37b02337a2e6c822994f20ca72a3784d?s=96&r=g","caption":"Dermival Pereira"},"url":"https:\/\/cleitonpinheiro.com.br\/site\/author\/dermival\/"}]}},"views":241,"_links":{"self":[{"href":"https:\/\/cleitonpinheiro.com.br\/site\/wp-json\/wp\/v2\/posts\/69329","targetHints":{"allow":["GET"]}}],"collection":[{"href":"https:\/\/cleitonpinheiro.com.br\/site\/wp-json\/wp\/v2\/posts"}],"about":[{"href":"https:\/\/cleitonpinheiro.com.br\/site\/wp-json\/wp\/v2\/types\/post"}],"author":[{"embeddable":true,"href":"https:\/\/cleitonpinheiro.com.br\/site\/wp-json\/wp\/v2\/users\/4"}],"replies":[{"embeddable":true,"href":"https:\/\/cleitonpinheiro.com.br\/site\/wp-json\/wp\/v2\/comments?post=69329"}],"version-history":[{"count":2,"href":"https:\/\/cleitonpinheiro.com.br\/site\/wp-json\/wp\/v2\/posts\/69329\/revisions"}],"predecessor-version":[{"id":69332,"href":"https:\/\/cleitonpinheiro.com.br\/site\/wp-json\/wp\/v2\/posts\/69329\/revisions\/69332"}],"wp:attachment":[{"href":"https:\/\/cleitonpinheiro.com.br\/site\/wp-json\/wp\/v2\/media?parent=69329"}],"wp:term":[{"taxonomy":"category","embeddable":true,"href":"https:\/\/cleitonpinheiro.com.br\/site\/wp-json\/wp\/v2\/categories?post=69329"},{"taxonomy":"post_tag","embeddable":true,"href":"https:\/\/cleitonpinheiro.com.br\/site\/wp-json\/wp\/v2\/tags?post=69329"}],"curies":[{"name":"wp","href":"https:\/\/api.w.org\/{rel}","templated":true}]}}