{"id":69341,"date":"2023-03-22T10:18:36","date_gmt":"2023-03-22T13:18:36","guid":{"rendered":"https:\/\/cleitonpinheiro.com.br\/site\/?p=69341"},"modified":"2023-03-22T10:22:57","modified_gmt":"2023-03-22T13:22:57","slug":"homem-acusado-de-matar-esposa-a-facadas-apos-suspeita-de-traicao-e-preso-pela-policia-civil","status":"publish","type":"post","link":"https:\/\/cleitonpinheiro.com.br\/site\/homem-acusado-de-matar-esposa-a-facadas-apos-suspeita-de-traicao-e-preso-pela-policia-civil\/","title":{"rendered":"Homem acusado de matar esposa a facadas ap\u00f3s suspeita de trai\u00e7\u00e3o \u00e9 preso pela Pol\u00edcia"},"content":{"rendered":"\n<figure class=\"wp-block-image size-full is-resized\"><img fetchpriority=\"high\" decoding=\"async\" src=\"https:\/\/cleitonpinheiro.com.br\/site\/wp-content\/uploads\/2023\/03\/Design-sem-nome-2023-03-22T101553-compressed.jpg\" alt=\"\" class=\"wp-image-69342\" width=\"1019\" height=\"611\"\/><\/figure>\n\n\n\n<p>A Pol\u00edcia Civil prendeu na manh\u00e3 desta quarta-feira, 22, um homem suspeito de matar a pr\u00f3pria esposa, Priscila Lopes Ferreira, de 32 anos, na madrugada do dia 11 de mar\u00e7o no Aureny III, na regi\u00e3o sul de Palmas. Segundo a Pol\u00edcia Civil, a suspeita \u00e9 de que o assassinato tenha acontecido por causa de uma suposta trai\u00e7\u00e3o de Priscila. O casal tinha dois filhos pequenos, que  teriam presenciado a morte da m\u00e3e.<\/p>\n\n\n\n<p>De acordo com o delegado da DHPP que conduziu a Opera\u00e7\u00e3o, Eduardo Menezes, a equipe foi at\u00e9 o endere\u00e7o em que o suspeito indicou que estaria, que era a casa de sua irm\u00e3, mas ao chegar no local os policiais foram informados que ele n\u00e3o estava l\u00e1. A Pol\u00edcia Civil, ent\u00e3o, acionou o advogado do homem e logo em seguida ele foi apresentado na DHPP onde recebeu voz de pris\u00e3o.<\/p>\n\n\n\n<figure class=\"wp-block-image size-full is-resized\"><img decoding=\"async\" src=\"https:\/\/cleitonpinheiro.com.br\/site\/wp-content\/uploads\/2023\/03\/whatsapp-image-2023-03-11-at-10.28.17.webp\" alt=\"\" class=\"wp-image-69343\" width=\"1021\" height=\"1021\"\/><figcaption class=\"wp-element-caption\">Priscila Lopes Ferreira foi morta a facadas na frente dos filhos \u2014 Foto: Reprodu\u00e7\u00e3o\/Redes sociais<\/figcaption><\/figure>\n\n\n\n<p>Ap\u00f3s procedimentos policiais, o homem foi conduzido para a Unidade Penal Regional de Palmas (UPRP) onde ficar\u00e1 \u00e0 disposi\u00e7\u00e3o do Poder Judici\u00e1rio. Priscilla Ferreira Lopes, foi encontrada morta em sua casa pelo sobrinho, que a ajudava a cuidar dos filhos enquanto ela e o esposo trabalhavam. No dia do crime, o sobrinho chegou at\u00e9 a casa da tia para buscar as crian\u00e7as, mas foi impedido de entrar pelo marido de Priscila.&nbsp;<\/p>\n\n\n\n<p>O pr\u00f3prio homem, por\u00e9m, pegou as crian\u00e7as e as deixou na casa do sobrinho. A mulher do sobrinho relatou que uma das crian\u00e7as, de apenas tr\u00eas anos, disse que o pai havia matado a m\u00e3e.&nbsp;<\/p>\n\n\n\n<p>Durante as investiga\u00e7\u00f5es, foi levantada a hip\u00f3tese de que a motiva\u00e7\u00e3o do crime teria sido uma suposta trai\u00e7\u00e3o de Priscilla. Dois dias ap\u00f3s o crime, o homem se apresentou \u00e0 Delegacia e afirmou que encontrou uma mensagem no celular da esposa em que ela confirmava para um amigo a trai\u00e7\u00e3o.&nbsp;<\/p>\n\n\n\n<p>A mensagem ser\u00e1 investigada para confirmar sua veracidade.<\/p>\n\n\n\n<p>A pris\u00e3o ocorreu depois que um mandado de pris\u00e3o preventiva foi expedido pela Justi\u00e7a e a opera\u00e7\u00e3o recebeu o nome &#8220;Malus&#8221;, que \u00e9 uma express\u00e3o do latim que remete a cruel.&nbsp;<\/p>\n\n\n\n<p> <\/p>\n\n\n\n<p><\/p>\n","protected":false},"excerpt":{"rendered":"<p>A Pol\u00edcia Civil prendeu na manh\u00e3 desta quarta-feira, 22, um homem suspeito de matar a pr\u00f3pria esposa, Priscila Lopes Ferreira, de 32 anos, na madrugada do dia 11 de mar\u00e7o no Aureny III, na regi\u00e3o sul de Palmas. Segundo a Pol\u00edcia Civil, a suspeita \u00e9 de que o assassinato tenha acontecido por causa de uma [&hellip;]<\/p>\n","protected":false},"author":4,"featured_media":0,"comment_status":"open","ping_status":"open","sticky":false,"template":"","format":"standard","meta":{"_acf_changed":false,"footnotes":""},"categories":[22,898],"tags":[],"class_list":["post-69341","post","type-post","status-publish","format-standard","hentry","category-cidades","category-manchete-segundaria"],"acf":[],"yoast_head":"<!-- This site is optimized with the Yoast SEO plugin v24.4 - https:\/\/yoast.com\/wordpress\/plugins\/seo\/ -->\n<title>Homem acusado de matar esposa a facadas ap\u00f3s suspeita de trai\u00e7\u00e3o \u00e9 preso pela Pol\u00edcia - PORTAL DE NOT\u00cdCIAS CLEITON PINHEIRO<\/title>\n<meta name=\"robots\" content=\"index, follow, max-snippet:-1, max-image-preview:large, max-video-preview:-1\" \/>\n<link rel=\"canonical\" href=\"https:\/\/cleitonpinheiro.com.br\/site\/homem-acusado-de-matar-esposa-a-facadas-apos-suspeita-de-traicao-e-preso-pela-policia-civil\/\" \/>\n<meta property=\"og:locale\" content=\"pt_BR\" \/>\n<meta property=\"og:type\" content=\"article\" \/>\n<meta property=\"og:title\" content=\"Homem acusado de matar esposa a facadas ap\u00f3s suspeita de trai\u00e7\u00e3o \u00e9 preso pela Pol\u00edcia - PORTAL DE NOT\u00cdCIAS CLEITON PINHEIRO\" \/>\n<meta property=\"og:description\" content=\"A Pol\u00edcia Civil prendeu na manh\u00e3 desta quarta-feira, 22, um homem suspeito de matar a pr\u00f3pria esposa, Priscila Lopes Ferreira, de 32 anos, na madrugada do dia 11 de mar\u00e7o no Aureny III, na regi\u00e3o sul de Palmas. Segundo a Pol\u00edcia Civil, a suspeita \u00e9 de que o assassinato tenha acontecido por causa de uma [&hellip;]\" \/>\n<meta property=\"og:url\" content=\"https:\/\/cleitonpinheiro.com.br\/site\/homem-acusado-de-matar-esposa-a-facadas-apos-suspeita-de-traicao-e-preso-pela-policia-civil\/\" \/>\n<meta property=\"og:site_name\" content=\"PORTAL DE NOT\u00cdCIAS CLEITON PINHEIRO\" \/>\n<meta property=\"article:publisher\" content=\"https:\/\/www.facebook.com\/portalcpnoticias\/\" \/>\n<meta property=\"article:published_time\" content=\"2023-03-22T13:18:36+00:00\" \/>\n<meta property=\"article:modified_time\" content=\"2023-03-22T13:22:57+00:00\" \/>\n<meta property=\"og:image\" content=\"https:\/\/cleitonpinheiro.com.br\/site\/wp-content\/uploads\/2023\/03\/whatsapp-image-2023-03-11-at-10.28.17.webp\" \/>\n\t<meta property=\"og:image:width\" content=\"984\" \/>\n\t<meta property=\"og:image:height\" content=\"984\" \/>\n\t<meta property=\"og:image:type\" content=\"image\/webp\" \/>\n<meta name=\"author\" content=\"Dermival Pereira\" \/>\n<meta name=\"twitter:card\" content=\"summary_large_image\" \/>\n<meta name=\"twitter:label1\" content=\"Escrito por\" \/>\n\t<meta name=\"twitter:data1\" content=\"Dermival Pereira\" \/>\n\t<meta name=\"twitter:label2\" content=\"Est. tempo de leitura\" \/>\n\t<meta name=\"twitter:data2\" content=\"3 minutos\" \/>\n<script type=\"application\/ld+json\" class=\"yoast-schema-graph\">{\"@context\":\"https:\/\/schema.org\",\"@graph\":[{\"@type\":\"Article\",\"@id\":\"https:\/\/cleitonpinheiro.com.br\/site\/homem-acusado-de-matar-esposa-a-facadas-apos-suspeita-de-traicao-e-preso-pela-policia-civil\/#article\",\"isPartOf\":{\"@id\":\"https:\/\/cleitonpinheiro.com.br\/site\/homem-acusado-de-matar-esposa-a-facadas-apos-suspeita-de-traicao-e-preso-pela-policia-civil\/\"},\"author\":{\"name\":\"Dermival Pereira\",\"@id\":\"https:\/\/cleitonpinheiro.com.br\/site\/#\/schema\/person\/aac6d7f311e80c43042e98a900b03cd8\"},\"headline\":\"Homem acusado de matar esposa a facadas ap\u00f3s suspeita de trai\u00e7\u00e3o \u00e9 preso pela Pol\u00edcia\",\"datePublished\":\"2023-03-22T13:18:36+00:00\",\"dateModified\":\"2023-03-22T13:22:57+00:00\",\"mainEntityOfPage\":{\"@id\":\"https:\/\/cleitonpinheiro.com.br\/site\/homem-acusado-de-matar-esposa-a-facadas-apos-suspeita-de-traicao-e-preso-pela-policia-civil\/\"},\"wordCount\":401,\"commentCount\":0,\"publisher\":{\"@id\":\"https:\/\/cleitonpinheiro.com.br\/site\/#organization\"},\"image\":{\"@id\":\"https:\/\/cleitonpinheiro.com.br\/site\/homem-acusado-de-matar-esposa-a-facadas-apos-suspeita-de-traicao-e-preso-pela-policia-civil\/#primaryimage\"},\"thumbnailUrl\":\"https:\/\/cleitonpinheiro.com.br\/site\/wp-content\/uploads\/2023\/03\/Design-sem-nome-2023-03-22T101553-compressed.jpg\",\"articleSection\":[\"CIDADES\",\"MANCHETE SEGUND\u00c1RIA\"],\"inLanguage\":\"pt-BR\",\"potentialAction\":[{\"@type\":\"CommentAction\",\"name\":\"Comment\",\"target\":[\"https:\/\/cleitonpinheiro.com.br\/site\/homem-acusado-de-matar-esposa-a-facadas-apos-suspeita-de-traicao-e-preso-pela-policia-civil\/#respond\"]}]},{\"@type\":\"WebPage\",\"@id\":\"https:\/\/cleitonpinheiro.com.br\/site\/homem-acusado-de-matar-esposa-a-facadas-apos-suspeita-de-traicao-e-preso-pela-policia-civil\/\",\"url\":\"https:\/\/cleitonpinheiro.com.br\/site\/homem-acusado-de-matar-esposa-a-facadas-apos-suspeita-de-traicao-e-preso-pela-policia-civil\/\",\"name\":\"Homem acusado de matar esposa a facadas ap\u00f3s suspeita de trai\u00e7\u00e3o \u00e9 preso pela Pol\u00edcia - PORTAL DE NOT\u00cdCIAS CLEITON PINHEIRO\",\"isPartOf\":{\"@id\":\"https:\/\/cleitonpinheiro.com.br\/site\/#website\"},\"primaryImageOfPage\":{\"@id\":\"https:\/\/cleitonpinheiro.com.br\/site\/homem-acusado-de-matar-esposa-a-facadas-apos-suspeita-de-traicao-e-preso-pela-policia-civil\/#primaryimage\"},\"image\":{\"@id\":\"https:\/\/cleitonpinheiro.com.br\/site\/homem-acusado-de-matar-esposa-a-facadas-apos-suspeita-de-traicao-e-preso-pela-policia-civil\/#primaryimage\"},\"thumbnailUrl\":\"https:\/\/cleitonpinheiro.com.br\/site\/wp-content\/uploads\/2023\/03\/Design-sem-nome-2023-03-22T101553-compressed.jpg\",\"datePublished\":\"2023-03-22T13:18:36+00:00\",\"dateModified\":\"2023-03-22T13:22:57+00:00\",\"breadcrumb\":{\"@id\":\"https:\/\/cleitonpinheiro.com.br\/site\/homem-acusado-de-matar-esposa-a-facadas-apos-suspeita-de-traicao-e-preso-pela-policia-civil\/#breadcrumb\"},\"inLanguage\":\"pt-BR\",\"potentialAction\":[{\"@type\":\"ReadAction\",\"target\":[\"https:\/\/cleitonpinheiro.com.br\/site\/homem-acusado-de-matar-esposa-a-facadas-apos-suspeita-de-traicao-e-preso-pela-policia-civil\/\"]}]},{\"@type\":\"ImageObject\",\"inLanguage\":\"pt-BR\",\"@id\":\"https:\/\/cleitonpinheiro.com.br\/site\/homem-acusado-de-matar-esposa-a-facadas-apos-suspeita-de-traicao-e-preso-pela-policia-civil\/#primaryimage\",\"url\":\"\",\"contentUrl\":\"\"},{\"@type\":\"BreadcrumbList\",\"@id\":\"https:\/\/cleitonpinheiro.com.br\/site\/homem-acusado-de-matar-esposa-a-facadas-apos-suspeita-de-traicao-e-preso-pela-policia-civil\/#breadcrumb\",\"itemListElement\":[{\"@type\":\"ListItem\",\"position\":1,\"name\":\"In\u00edcio\",\"item\":\"https:\/\/cleitonpinheiro.com.br\/site\/\"},{\"@type\":\"ListItem\",\"position\":2,\"name\":\"Homem acusado de matar esposa a facadas ap\u00f3s suspeita de trai\u00e7\u00e3o \u00e9 preso pela Pol\u00edcia\"}]},{\"@type\":\"WebSite\",\"@id\":\"https:\/\/cleitonpinheiro.com.br\/site\/#website\",\"url\":\"https:\/\/cleitonpinheiro.com.br\/site\/\",\"name\":\"PORTAL DE NOT\u00cdCIAS CLEITON PINHEIRO\",\"description\":\"FALANDO A VERDADE\",\"publisher\":{\"@id\":\"https:\/\/cleitonpinheiro.com.br\/site\/#organization\"},\"potentialAction\":[{\"@type\":\"SearchAction\",\"target\":{\"@type\":\"EntryPoint\",\"urlTemplate\":\"https:\/\/cleitonpinheiro.com.br\/site\/?s={search_term_string}\"},\"query-input\":{\"@type\":\"PropertyValueSpecification\",\"valueRequired\":true,\"valueName\":\"search_term_string\"}}],\"inLanguage\":\"pt-BR\"},{\"@type\":\"Organization\",\"@id\":\"https:\/\/cleitonpinheiro.com.br\/site\/#organization\",\"name\":\"CPNOT\u00cdCIAS\",\"url\":\"https:\/\/cleitonpinheiro.com.br\/site\/\",\"logo\":{\"@type\":\"ImageObject\",\"inLanguage\":\"pt-BR\",\"@id\":\"https:\/\/cleitonpinheiro.com.br\/site\/#\/schema\/logo\/image\/\",\"url\":\"https:\/\/cleitonpinheiro.com.br\/site\/wp-content\/uploads\/2022\/08\/Logo-pequena-2.png\",\"contentUrl\":\"https:\/\/cleitonpinheiro.com.br\/site\/wp-content\/uploads\/2022\/08\/Logo-pequena-2.png\",\"width\":500,\"height\":500,\"caption\":\"CPNOT\u00cdCIAS\"},\"image\":{\"@id\":\"https:\/\/cleitonpinheiro.com.br\/site\/#\/schema\/logo\/image\/\"},\"sameAs\":[\"https:\/\/www.facebook.com\/portalcpnoticias\/\"]},{\"@type\":\"Person\",\"@id\":\"https:\/\/cleitonpinheiro.com.br\/site\/#\/schema\/person\/aac6d7f311e80c43042e98a900b03cd8\",\"name\":\"Dermival Pereira\",\"image\":{\"@type\":\"ImageObject\",\"inLanguage\":\"pt-BR\",\"@id\":\"https:\/\/cleitonpinheiro.com.br\/site\/#\/schema\/person\/image\/\",\"url\":\"https:\/\/secure.gravatar.com\/avatar\/cfaebf3742d6bf8db728bcba3eed6bee37b02337a2e6c822994f20ca72a3784d?s=96&r=g\",\"contentUrl\":\"https:\/\/secure.gravatar.com\/avatar\/cfaebf3742d6bf8db728bcba3eed6bee37b02337a2e6c822994f20ca72a3784d?s=96&r=g\",\"caption\":\"Dermival Pereira\"},\"url\":\"https:\/\/cleitonpinheiro.com.br\/site\/author\/dermival\/\"}]}<\/script>\n<!-- \/ Yoast SEO plugin. -->","yoast_head_json":{"title":"Homem acusado de matar esposa a facadas ap\u00f3s suspeita de trai\u00e7\u00e3o \u00e9 preso pela Pol\u00edcia - PORTAL DE NOT\u00cdCIAS CLEITON PINHEIRO","robots":{"index":"index","follow":"follow","max-snippet":"max-snippet:-1","max-image-preview":"max-image-preview:large","max-video-preview":"max-video-preview:-1"},"canonical":"https:\/\/cleitonpinheiro.com.br\/site\/homem-acusado-de-matar-esposa-a-facadas-apos-suspeita-de-traicao-e-preso-pela-policia-civil\/","og_locale":"pt_BR","og_type":"article","og_title":"Homem acusado de matar esposa a facadas ap\u00f3s suspeita de trai\u00e7\u00e3o \u00e9 preso pela Pol\u00edcia - PORTAL DE NOT\u00cdCIAS CLEITON PINHEIRO","og_description":"A Pol\u00edcia Civil prendeu na manh\u00e3 desta quarta-feira, 22, um homem suspeito de matar a pr\u00f3pria esposa, Priscila Lopes Ferreira, de 32 anos, na madrugada do dia 11 de mar\u00e7o no Aureny III, na regi\u00e3o sul de Palmas. Segundo a Pol\u00edcia Civil, a suspeita \u00e9 de que o assassinato tenha acontecido por causa de uma [&hellip;]","og_url":"https:\/\/cleitonpinheiro.com.br\/site\/homem-acusado-de-matar-esposa-a-facadas-apos-suspeita-de-traicao-e-preso-pela-policia-civil\/","og_site_name":"PORTAL DE NOT\u00cdCIAS CLEITON PINHEIRO","article_publisher":"https:\/\/www.facebook.com\/portalcpnoticias\/","article_published_time":"2023-03-22T13:18:36+00:00","article_modified_time":"2023-03-22T13:22:57+00:00","og_image":[{"width":984,"height":984,"url":"https:\/\/cleitonpinheiro.com.br\/site\/wp-content\/uploads\/2023\/03\/whatsapp-image-2023-03-11-at-10.28.17.webp","type":"image\/webp"}],"author":"Dermival Pereira","twitter_card":"summary_large_image","twitter_misc":{"Escrito por":"Dermival Pereira","Est. tempo de leitura":"3 minutos"},"schema":{"@context":"https:\/\/schema.org","@graph":[{"@type":"Article","@id":"https:\/\/cleitonpinheiro.com.br\/site\/homem-acusado-de-matar-esposa-a-facadas-apos-suspeita-de-traicao-e-preso-pela-policia-civil\/#article","isPartOf":{"@id":"https:\/\/cleitonpinheiro.com.br\/site\/homem-acusado-de-matar-esposa-a-facadas-apos-suspeita-de-traicao-e-preso-pela-policia-civil\/"},"author":{"name":"Dermival Pereira","@id":"https:\/\/cleitonpinheiro.com.br\/site\/#\/schema\/person\/aac6d7f311e80c43042e98a900b03cd8"},"headline":"Homem acusado de matar esposa a facadas ap\u00f3s suspeita de trai\u00e7\u00e3o \u00e9 preso pela Pol\u00edcia","datePublished":"2023-03-22T13:18:36+00:00","dateModified":"2023-03-22T13:22:57+00:00","mainEntityOfPage":{"@id":"https:\/\/cleitonpinheiro.com.br\/site\/homem-acusado-de-matar-esposa-a-facadas-apos-suspeita-de-traicao-e-preso-pela-policia-civil\/"},"wordCount":401,"commentCount":0,"publisher":{"@id":"https:\/\/cleitonpinheiro.com.br\/site\/#organization"},"image":{"@id":"https:\/\/cleitonpinheiro.com.br\/site\/homem-acusado-de-matar-esposa-a-facadas-apos-suspeita-de-traicao-e-preso-pela-policia-civil\/#primaryimage"},"thumbnailUrl":"https:\/\/cleitonpinheiro.com.br\/site\/wp-content\/uploads\/2023\/03\/Design-sem-nome-2023-03-22T101553-compressed.jpg","articleSection":["CIDADES","MANCHETE SEGUND\u00c1RIA"],"inLanguage":"pt-BR","potentialAction":[{"@type":"CommentAction","name":"Comment","target":["https:\/\/cleitonpinheiro.com.br\/site\/homem-acusado-de-matar-esposa-a-facadas-apos-suspeita-de-traicao-e-preso-pela-policia-civil\/#respond"]}]},{"@type":"WebPage","@id":"https:\/\/cleitonpinheiro.com.br\/site\/homem-acusado-de-matar-esposa-a-facadas-apos-suspeita-de-traicao-e-preso-pela-policia-civil\/","url":"https:\/\/cleitonpinheiro.com.br\/site\/homem-acusado-de-matar-esposa-a-facadas-apos-suspeita-de-traicao-e-preso-pela-policia-civil\/","name":"Homem acusado de matar esposa a facadas ap\u00f3s suspeita de trai\u00e7\u00e3o \u00e9 preso pela Pol\u00edcia - PORTAL DE NOT\u00cdCIAS CLEITON PINHEIRO","isPartOf":{"@id":"https:\/\/cleitonpinheiro.com.br\/site\/#website"},"primaryImageOfPage":{"@id":"https:\/\/cleitonpinheiro.com.br\/site\/homem-acusado-de-matar-esposa-a-facadas-apos-suspeita-de-traicao-e-preso-pela-policia-civil\/#primaryimage"},"image":{"@id":"https:\/\/cleitonpinheiro.com.br\/site\/homem-acusado-de-matar-esposa-a-facadas-apos-suspeita-de-traicao-e-preso-pela-policia-civil\/#primaryimage"},"thumbnailUrl":"https:\/\/cleitonpinheiro.com.br\/site\/wp-content\/uploads\/2023\/03\/Design-sem-nome-2023-03-22T101553-compressed.jpg","datePublished":"2023-03-22T13:18:36+00:00","dateModified":"2023-03-22T13:22:57+00:00","breadcrumb":{"@id":"https:\/\/cleitonpinheiro.com.br\/site\/homem-acusado-de-matar-esposa-a-facadas-apos-suspeita-de-traicao-e-preso-pela-policia-civil\/#breadcrumb"},"inLanguage":"pt-BR","potentialAction":[{"@type":"ReadAction","target":["https:\/\/cleitonpinheiro.com.br\/site\/homem-acusado-de-matar-esposa-a-facadas-apos-suspeita-de-traicao-e-preso-pela-policia-civil\/"]}]},{"@type":"ImageObject","inLanguage":"pt-BR","@id":"https:\/\/cleitonpinheiro.com.br\/site\/homem-acusado-de-matar-esposa-a-facadas-apos-suspeita-de-traicao-e-preso-pela-policia-civil\/#primaryimage","url":"","contentUrl":""},{"@type":"BreadcrumbList","@id":"https:\/\/cleitonpinheiro.com.br\/site\/homem-acusado-de-matar-esposa-a-facadas-apos-suspeita-de-traicao-e-preso-pela-policia-civil\/#breadcrumb","itemListElement":[{"@type":"ListItem","position":1,"name":"In\u00edcio","item":"https:\/\/cleitonpinheiro.com.br\/site\/"},{"@type":"ListItem","position":2,"name":"Homem acusado de matar esposa a facadas ap\u00f3s suspeita de trai\u00e7\u00e3o \u00e9 preso pela Pol\u00edcia"}]},{"@type":"WebSite","@id":"https:\/\/cleitonpinheiro.com.br\/site\/#website","url":"https:\/\/cleitonpinheiro.com.br\/site\/","name":"PORTAL DE NOT\u00cdCIAS CLEITON PINHEIRO","description":"FALANDO A VERDADE","publisher":{"@id":"https:\/\/cleitonpinheiro.com.br\/site\/#organization"},"potentialAction":[{"@type":"SearchAction","target":{"@type":"EntryPoint","urlTemplate":"https:\/\/cleitonpinheiro.com.br\/site\/?s={search_term_string}"},"query-input":{"@type":"PropertyValueSpecification","valueRequired":true,"valueName":"search_term_string"}}],"inLanguage":"pt-BR"},{"@type":"Organization","@id":"https:\/\/cleitonpinheiro.com.br\/site\/#organization","name":"CPNOT\u00cdCIAS","url":"https:\/\/cleitonpinheiro.com.br\/site\/","logo":{"@type":"ImageObject","inLanguage":"pt-BR","@id":"https:\/\/cleitonpinheiro.com.br\/site\/#\/schema\/logo\/image\/","url":"https:\/\/cleitonpinheiro.com.br\/site\/wp-content\/uploads\/2022\/08\/Logo-pequena-2.png","contentUrl":"https:\/\/cleitonpinheiro.com.br\/site\/wp-content\/uploads\/2022\/08\/Logo-pequena-2.png","width":500,"height":500,"caption":"CPNOT\u00cdCIAS"},"image":{"@id":"https:\/\/cleitonpinheiro.com.br\/site\/#\/schema\/logo\/image\/"},"sameAs":["https:\/\/www.facebook.com\/portalcpnoticias\/"]},{"@type":"Person","@id":"https:\/\/cleitonpinheiro.com.br\/site\/#\/schema\/person\/aac6d7f311e80c43042e98a900b03cd8","name":"Dermival Pereira","image":{"@type":"ImageObject","inLanguage":"pt-BR","@id":"https:\/\/cleitonpinheiro.com.br\/site\/#\/schema\/person\/image\/","url":"https:\/\/secure.gravatar.com\/avatar\/cfaebf3742d6bf8db728bcba3eed6bee37b02337a2e6c822994f20ca72a3784d?s=96&r=g","contentUrl":"https:\/\/secure.gravatar.com\/avatar\/cfaebf3742d6bf8db728bcba3eed6bee37b02337a2e6c822994f20ca72a3784d?s=96&r=g","caption":"Dermival Pereira"},"url":"https:\/\/cleitonpinheiro.com.br\/site\/author\/dermival\/"}]}},"views":342,"_links":{"self":[{"href":"https:\/\/cleitonpinheiro.com.br\/site\/wp-json\/wp\/v2\/posts\/69341","targetHints":{"allow":["GET"]}}],"collection":[{"href":"https:\/\/cleitonpinheiro.com.br\/site\/wp-json\/wp\/v2\/posts"}],"about":[{"href":"https:\/\/cleitonpinheiro.com.br\/site\/wp-json\/wp\/v2\/types\/post"}],"author":[{"embeddable":true,"href":"https:\/\/cleitonpinheiro.com.br\/site\/wp-json\/wp\/v2\/users\/4"}],"replies":[{"embeddable":true,"href":"https:\/\/cleitonpinheiro.com.br\/site\/wp-json\/wp\/v2\/comments?post=69341"}],"version-history":[{"count":4,"href":"https:\/\/cleitonpinheiro.com.br\/site\/wp-json\/wp\/v2\/posts\/69341\/revisions"}],"predecessor-version":[{"id":69348,"href":"https:\/\/cleitonpinheiro.com.br\/site\/wp-json\/wp\/v2\/posts\/69341\/revisions\/69348"}],"wp:attachment":[{"href":"https:\/\/cleitonpinheiro.com.br\/site\/wp-json\/wp\/v2\/media?parent=69341"}],"wp:term":[{"taxonomy":"category","embeddable":true,"href":"https:\/\/cleitonpinheiro.com.br\/site\/wp-json\/wp\/v2\/categories?post=69341"},{"taxonomy":"post_tag","embeddable":true,"href":"https:\/\/cleitonpinheiro.com.br\/site\/wp-json\/wp\/v2\/tags?post=69341"}],"curies":[{"name":"wp","href":"https:\/\/api.w.org\/{rel}","templated":true}]}}