{"id":69349,"date":"2023-03-22T10:59:00","date_gmt":"2023-03-22T13:59:00","guid":{"rendered":"https:\/\/cleitonpinheiro.com.br\/site\/?p=69349"},"modified":"2023-07-04T12:19:40","modified_gmt":"2023-07-04T15:19:40","slug":"ajusp-to-requer-ao-governo-a-inclusao-dos-servidores-efetivos-ocupantes-dos-cargos-auxiliar-administrativo-e-de-servicos-gerais-do-quadro-geral-e-da-saude-no-reajuste-de-25","status":"publish","type":"post","link":"https:\/\/cleitonpinheiro.com.br\/site\/ajusp-to-requer-ao-governo-a-inclusao-dos-servidores-efetivos-ocupantes-dos-cargos-auxiliar-administrativo-e-de-servicos-gerais-do-quadro-geral-e-da-saude-no-reajuste-de-25\/","title":{"rendered":"ADI-4013: AJUSP-TO requer ao Governo do Estado a inclus\u00e3o dos servidores p\u00fablicos efetivos, ocupantes dos cargos auxiliar administrativo e de servi\u00e7os  gerais do Quadro Geral e da Sa\u00fade no reajuste de 25%"},"content":{"rendered":"\n<figure class=\"wp-block-image size-full is-resized\"><img fetchpriority=\"high\" decoding=\"async\" src=\"https:\/\/cleitonpinheiro.com.br\/site\/wp-content\/uploads\/2023\/03\/Design-sem-nome-2023-03-22T105732-compressed.jpg\" alt=\"\" class=\"wp-image-69350\" width=\"1021\" height=\"613\"\/><figcaption class=\"wp-element-caption\">Foto: Ascom\/Divulga\u00e7\u00e3o<\/figcaption><\/figure>\n\n\n\n<p>O presidente da Associa\u00e7\u00e3o de Assist\u00eancia Jur\u00eddica dos Servidores P\u00fablicos no Estado do Tocantins (AJUSP-TO), Cleiton Pinheiro, protocolou na manh\u00e3 desta quarta-feira, 22, of\u00edcio ao governador Wanderlei Barbosa (Republicanos) e ao procurador Geral do Estado, Kl\u00e9dson de Moura Lima requerendo que seja feita a implementa\u00e7\u00e3o do aumento de 25%, tamb\u00e9m nas tabelas financeiras dos servidores p\u00fablicos estaduais efetivos, ocupantes dos cargos auxiliar administrativo e auxiliar de servi\u00e7os gerais.<\/p>\n\n\n\n<p>A AJUSP-TO lembra, no documento, \u2018em que pese a composi\u00e7\u00e3o do Comit\u00ea Executivo restringir aos membros titulares de Pastas Gestoras do Poder Executivo Estadual, em evidente preju\u00edzo a representatividade dos servidores abrangidos, diante da exclus\u00e3o dos representantes das entidades classistas representativas dos servidores p\u00fablicos do Quadro Geral e dos Profissionais da Sa\u00fade\u2019, afirma a entidade referindo-se a exclus\u00e3o por parte do Governo, das entidades que representam os servidores.<\/p>\n\n\n\n<p>A associa\u00e7\u00e3o reitera, no documento, \u2018os pedidos para implementa\u00e7\u00e3o imediata do aumento de 25% aos servidores do Quadro Geral e aos profissionais da sa\u00fade, asseverando, sobretudo, a necessidade de constar nas altera\u00e7\u00f5es das tabelas financeiras do quadro geral, por quest\u00e3o de justi\u00e7a, os servidores p\u00fablicos estaduais do referido quadro, ocupantes dos cargos efetivos de auxiliar administrativo e auxiliar de servi\u00e7os gerais\u2019, pontua a associa\u00e7\u00e3o no documento.<\/p>\n\n\n\n<p>Entre os motivos para a inclus\u00e3o, a AJSUP-TO destaca que &#8216;os servidores do quadro geral ocupantes dos cargos de Auxiliar Administrativo e Auxiliar de Servi\u00e7os Gerais \u00e0 \u00e9poca da institui\u00e7\u00e3o do Plano de Cargos, Carreira e Subs\u00eddios dos servidores p\u00fablicos do quadro geral do Poder Executivo, pela Lei Estadual n\u00ba 1.534\/2004, integravam o Grupo 14 \u2013 Cargos de N\u00edvel Fundamental \u2013 CNF.<\/p>\n\n\n\n<p>Entretanto, n\u00e3o havia, at\u00e9 ent\u00e3o, o pagamento da revis\u00e3o geral anual pelo Executivo Estadual, pois a revis\u00e3o geral anual teve in\u00edcio somente no ano de 2008,atrav\u00e9s da lei n\u00ba 1.968\/2008,assim, \u00e9 sabido que nos anos de 2006 e 2007 o subs\u00eddio desses servidores dos Cargos de N\u00edvel Fundamental ficaram totalmente defasados, logo o valor inicial da Classe I-A, totalmente inferior ao valor do sal\u00e1rio m\u00ednimo, ent\u00e3o para atingir o valor do sal\u00e1rio m\u00ednimo, tais servidores percebiam nos contracheques o<strong> <\/strong>complemento de sal\u00e1rio m\u00ednimo.<\/p>\n\n\n\n<p>Em face disso, em 28\/05\/2007, por meio da Lei n\u00ba 1.792, fixou-se os subs\u00eddios para os servidores do Grupo 14, Cargos de N\u00edvel Fundamental \u2013 CNF, no valor de R$ 450,00 na Classe I \u2013 A, por\u00e9m em compara\u00e7\u00e3o na tabela anterior, esses servidores obtiveram apenas 8,43% de aumento salarial, ou seja, R$ 415,00 + 8,43% = R$ 450,00<strong>.<\/strong> <em><strong>(Fonte: Ascom da AJUSP-TO).<\/strong><\/em><br><\/p>\n\n\n\n<figure class=\"wp-block-image size-full is-resized\"><img decoding=\"async\" src=\"https:\/\/cleitonpinheiro.com.br\/site\/wp-content\/uploads\/2023\/03\/print-1.png\" alt=\"\" class=\"wp-image-69359\" width=\"1017\" height=\"1403\"\/><\/figure>\n\n\n\n<figure class=\"wp-block-image size-full is-resized\"><img decoding=\"async\" src=\"https:\/\/cleitonpinheiro.com.br\/site\/wp-content\/uploads\/2023\/03\/print-2.png\" alt=\"\" class=\"wp-image-69360\" width=\"1016\" height=\"1488\"\/><\/figure>\n\n\n\n<figure class=\"wp-block-image size-full is-resized\"><img loading=\"lazy\" decoding=\"async\" src=\"https:\/\/cleitonpinheiro.com.br\/site\/wp-content\/uploads\/2023\/03\/print-3.png\" alt=\"\" class=\"wp-image-69362\" width=\"1017\" height=\"1190\"\/><\/figure>\n","protected":false},"excerpt":{"rendered":"<p>O presidente da Associa\u00e7\u00e3o de Assist\u00eancia Jur\u00eddica dos Servidores P\u00fablicos no Estado do Tocantins (AJUSP-TO), Cleiton Pinheiro, protocolou na manh\u00e3 desta quarta-feira, 22, of\u00edcio ao governador Wanderlei Barbosa (Republicanos) e ao procurador Geral do Estado, Kl\u00e9dson de Moura Lima requerendo que seja feita a implementa\u00e7\u00e3o do aumento de 25%, tamb\u00e9m nas tabelas financeiras dos servidores [&hellip;]<\/p>\n","protected":false},"author":4,"featured_media":0,"comment_status":"open","ping_status":"open","sticky":false,"template":"","format":"standard","meta":{"_acf_changed":false,"footnotes":""},"categories":[25,21],"tags":[],"class_list":["post-69349","post","type-post","status-publish","format-standard","hentry","category-funcionalismo","category-todas-noticias"],"acf":[],"yoast_head":"<!-- This site is optimized with the Yoast SEO plugin v24.4 - https:\/\/yoast.com\/wordpress\/plugins\/seo\/ -->\n<title>ADI-4013: AJUSP-TO requer ao Governo do Estado a inclus\u00e3o dos servidores p\u00fablicos efetivos, ocupantes dos cargos auxiliar administrativo e de servi\u00e7os gerais do Quadro Geral e da Sa\u00fade no reajuste de 25% - PORTAL DE NOT\u00cdCIAS CLEITON PINHEIRO<\/title>\n<meta name=\"robots\" content=\"index, follow, max-snippet:-1, max-image-preview:large, max-video-preview:-1\" \/>\n<link rel=\"canonical\" href=\"https:\/\/cleitonpinheiro.com.br\/site\/ajusp-to-requer-ao-governo-a-inclusao-dos-servidores-efetivos-ocupantes-dos-cargos-auxiliar-administrativo-e-de-servicos-gerais-do-quadro-geral-e-da-saude-no-reajuste-de-25\/\" \/>\n<meta property=\"og:locale\" content=\"pt_BR\" \/>\n<meta property=\"og:type\" content=\"article\" \/>\n<meta property=\"og:title\" content=\"ADI-4013: AJUSP-TO requer ao Governo do Estado a inclus\u00e3o dos servidores p\u00fablicos efetivos, ocupantes dos cargos auxiliar administrativo e de servi\u00e7os gerais do Quadro Geral e da Sa\u00fade no reajuste de 25% - PORTAL DE NOT\u00cdCIAS CLEITON PINHEIRO\" \/>\n<meta property=\"og:description\" content=\"O presidente da Associa\u00e7\u00e3o de Assist\u00eancia Jur\u00eddica dos Servidores P\u00fablicos no Estado do Tocantins (AJUSP-TO), Cleiton Pinheiro, protocolou na manh\u00e3 desta quarta-feira, 22, of\u00edcio ao governador Wanderlei Barbosa (Republicanos) e ao procurador Geral do Estado, Kl\u00e9dson de Moura Lima requerendo que seja feita a implementa\u00e7\u00e3o do aumento de 25%, tamb\u00e9m nas tabelas financeiras dos servidores [&hellip;]\" \/>\n<meta property=\"og:url\" content=\"https:\/\/cleitonpinheiro.com.br\/site\/ajusp-to-requer-ao-governo-a-inclusao-dos-servidores-efetivos-ocupantes-dos-cargos-auxiliar-administrativo-e-de-servicos-gerais-do-quadro-geral-e-da-saude-no-reajuste-de-25\/\" \/>\n<meta property=\"og:site_name\" content=\"PORTAL DE NOT\u00cdCIAS CLEITON PINHEIRO\" \/>\n<meta property=\"article:publisher\" content=\"https:\/\/www.facebook.com\/portalcpnoticias\/\" \/>\n<meta property=\"article:published_time\" content=\"2023-03-22T13:59:00+00:00\" \/>\n<meta property=\"article:modified_time\" content=\"2023-07-04T15:19:40+00:00\" \/>\n<meta property=\"og:image\" content=\"https:\/\/cleitonpinheiro.com.br\/site\/wp-content\/uploads\/2023\/03\/Design-sem-nome-2023-03-22T105732-compressed.jpg\" \/>\n\t<meta property=\"og:image:width\" content=\"750\" \/>\n\t<meta property=\"og:image:height\" content=\"450\" \/>\n\t<meta property=\"og:image:type\" content=\"image\/jpeg\" \/>\n<meta name=\"author\" content=\"Dermival Pereira\" \/>\n<meta name=\"twitter:card\" content=\"summary_large_image\" \/>\n<meta name=\"twitter:label1\" content=\"Escrito por\" \/>\n\t<meta name=\"twitter:data1\" content=\"Dermival Pereira\" \/>\n\t<meta name=\"twitter:label2\" content=\"Est. tempo de leitura\" \/>\n\t<meta name=\"twitter:data2\" content=\"4 minutos\" \/>\n<script type=\"application\/ld+json\" class=\"yoast-schema-graph\">{\"@context\":\"https:\/\/schema.org\",\"@graph\":[{\"@type\":\"Article\",\"@id\":\"https:\/\/cleitonpinheiro.com.br\/site\/ajusp-to-requer-ao-governo-a-inclusao-dos-servidores-efetivos-ocupantes-dos-cargos-auxiliar-administrativo-e-de-servicos-gerais-do-quadro-geral-e-da-saude-no-reajuste-de-25\/#article\",\"isPartOf\":{\"@id\":\"https:\/\/cleitonpinheiro.com.br\/site\/ajusp-to-requer-ao-governo-a-inclusao-dos-servidores-efetivos-ocupantes-dos-cargos-auxiliar-administrativo-e-de-servicos-gerais-do-quadro-geral-e-da-saude-no-reajuste-de-25\/\"},\"author\":{\"name\":\"Dermival Pereira\",\"@id\":\"https:\/\/cleitonpinheiro.com.br\/site\/#\/schema\/person\/aac6d7f311e80c43042e98a900b03cd8\"},\"headline\":\"ADI-4013: AJUSP-TO requer ao Governo do Estado a inclus\u00e3o dos servidores p\u00fablicos efetivos, ocupantes dos cargos auxiliar administrativo e de servi\u00e7os gerais do Quadro Geral e da Sa\u00fade no reajuste de 25%\",\"datePublished\":\"2023-03-22T13:59:00+00:00\",\"dateModified\":\"2023-07-04T15:19:40+00:00\",\"mainEntityOfPage\":{\"@id\":\"https:\/\/cleitonpinheiro.com.br\/site\/ajusp-to-requer-ao-governo-a-inclusao-dos-servidores-efetivos-ocupantes-dos-cargos-auxiliar-administrativo-e-de-servicos-gerais-do-quadro-geral-e-da-saude-no-reajuste-de-25\/\"},\"wordCount\":476,\"commentCount\":0,\"publisher\":{\"@id\":\"https:\/\/cleitonpinheiro.com.br\/site\/#organization\"},\"image\":{\"@id\":\"https:\/\/cleitonpinheiro.com.br\/site\/ajusp-to-requer-ao-governo-a-inclusao-dos-servidores-efetivos-ocupantes-dos-cargos-auxiliar-administrativo-e-de-servicos-gerais-do-quadro-geral-e-da-saude-no-reajuste-de-25\/#primaryimage\"},\"thumbnailUrl\":\"https:\/\/cleitonpinheiro.com.br\/site\/wp-content\/uploads\/2023\/03\/Design-sem-nome-2023-03-22T105732-compressed.jpg\",\"articleSection\":[\"FUNCIONALISMO\",\"TODAS NOTICIAS\"],\"inLanguage\":\"pt-BR\",\"potentialAction\":[{\"@type\":\"CommentAction\",\"name\":\"Comment\",\"target\":[\"https:\/\/cleitonpinheiro.com.br\/site\/ajusp-to-requer-ao-governo-a-inclusao-dos-servidores-efetivos-ocupantes-dos-cargos-auxiliar-administrativo-e-de-servicos-gerais-do-quadro-geral-e-da-saude-no-reajuste-de-25\/#respond\"]}]},{\"@type\":\"WebPage\",\"@id\":\"https:\/\/cleitonpinheiro.com.br\/site\/ajusp-to-requer-ao-governo-a-inclusao-dos-servidores-efetivos-ocupantes-dos-cargos-auxiliar-administrativo-e-de-servicos-gerais-do-quadro-geral-e-da-saude-no-reajuste-de-25\/\",\"url\":\"https:\/\/cleitonpinheiro.com.br\/site\/ajusp-to-requer-ao-governo-a-inclusao-dos-servidores-efetivos-ocupantes-dos-cargos-auxiliar-administrativo-e-de-servicos-gerais-do-quadro-geral-e-da-saude-no-reajuste-de-25\/\",\"name\":\"ADI-4013: AJUSP-TO requer ao Governo do Estado a inclus\u00e3o dos servidores p\u00fablicos efetivos, ocupantes dos cargos auxiliar administrativo e de servi\u00e7os gerais do Quadro Geral e da Sa\u00fade no reajuste de 25% - PORTAL DE NOT\u00cdCIAS CLEITON PINHEIRO\",\"isPartOf\":{\"@id\":\"https:\/\/cleitonpinheiro.com.br\/site\/#website\"},\"primaryImageOfPage\":{\"@id\":\"https:\/\/cleitonpinheiro.com.br\/site\/ajusp-to-requer-ao-governo-a-inclusao-dos-servidores-efetivos-ocupantes-dos-cargos-auxiliar-administrativo-e-de-servicos-gerais-do-quadro-geral-e-da-saude-no-reajuste-de-25\/#primaryimage\"},\"image\":{\"@id\":\"https:\/\/cleitonpinheiro.com.br\/site\/ajusp-to-requer-ao-governo-a-inclusao-dos-servidores-efetivos-ocupantes-dos-cargos-auxiliar-administrativo-e-de-servicos-gerais-do-quadro-geral-e-da-saude-no-reajuste-de-25\/#primaryimage\"},\"thumbnailUrl\":\"https:\/\/cleitonpinheiro.com.br\/site\/wp-content\/uploads\/2023\/03\/Design-sem-nome-2023-03-22T105732-compressed.jpg\",\"datePublished\":\"2023-03-22T13:59:00+00:00\",\"dateModified\":\"2023-07-04T15:19:40+00:00\",\"breadcrumb\":{\"@id\":\"https:\/\/cleitonpinheiro.com.br\/site\/ajusp-to-requer-ao-governo-a-inclusao-dos-servidores-efetivos-ocupantes-dos-cargos-auxiliar-administrativo-e-de-servicos-gerais-do-quadro-geral-e-da-saude-no-reajuste-de-25\/#breadcrumb\"},\"inLanguage\":\"pt-BR\",\"potentialAction\":[{\"@type\":\"ReadAction\",\"target\":[\"https:\/\/cleitonpinheiro.com.br\/site\/ajusp-to-requer-ao-governo-a-inclusao-dos-servidores-efetivos-ocupantes-dos-cargos-auxiliar-administrativo-e-de-servicos-gerais-do-quadro-geral-e-da-saude-no-reajuste-de-25\/\"]}]},{\"@type\":\"ImageObject\",\"inLanguage\":\"pt-BR\",\"@id\":\"https:\/\/cleitonpinheiro.com.br\/site\/ajusp-to-requer-ao-governo-a-inclusao-dos-servidores-efetivos-ocupantes-dos-cargos-auxiliar-administrativo-e-de-servicos-gerais-do-quadro-geral-e-da-saude-no-reajuste-de-25\/#primaryimage\",\"url\":\"\",\"contentUrl\":\"\"},{\"@type\":\"BreadcrumbList\",\"@id\":\"https:\/\/cleitonpinheiro.com.br\/site\/ajusp-to-requer-ao-governo-a-inclusao-dos-servidores-efetivos-ocupantes-dos-cargos-auxiliar-administrativo-e-de-servicos-gerais-do-quadro-geral-e-da-saude-no-reajuste-de-25\/#breadcrumb\",\"itemListElement\":[{\"@type\":\"ListItem\",\"position\":1,\"name\":\"In\u00edcio\",\"item\":\"https:\/\/cleitonpinheiro.com.br\/site\/\"},{\"@type\":\"ListItem\",\"position\":2,\"name\":\"ADI-4013: AJUSP-TO requer ao Governo do Estado a inclus\u00e3o dos servidores p\u00fablicos efetivos, ocupantes dos cargos auxiliar administrativo e de servi\u00e7os gerais do Quadro Geral e da Sa\u00fade no reajuste de 25%\"}]},{\"@type\":\"WebSite\",\"@id\":\"https:\/\/cleitonpinheiro.com.br\/site\/#website\",\"url\":\"https:\/\/cleitonpinheiro.com.br\/site\/\",\"name\":\"PORTAL DE NOT\u00cdCIAS CLEITON PINHEIRO\",\"description\":\"FALANDO A VERDADE\",\"publisher\":{\"@id\":\"https:\/\/cleitonpinheiro.com.br\/site\/#organization\"},\"potentialAction\":[{\"@type\":\"SearchAction\",\"target\":{\"@type\":\"EntryPoint\",\"urlTemplate\":\"https:\/\/cleitonpinheiro.com.br\/site\/?s={search_term_string}\"},\"query-input\":{\"@type\":\"PropertyValueSpecification\",\"valueRequired\":true,\"valueName\":\"search_term_string\"}}],\"inLanguage\":\"pt-BR\"},{\"@type\":\"Organization\",\"@id\":\"https:\/\/cleitonpinheiro.com.br\/site\/#organization\",\"name\":\"CPNOT\u00cdCIAS\",\"url\":\"https:\/\/cleitonpinheiro.com.br\/site\/\",\"logo\":{\"@type\":\"ImageObject\",\"inLanguage\":\"pt-BR\",\"@id\":\"https:\/\/cleitonpinheiro.com.br\/site\/#\/schema\/logo\/image\/\",\"url\":\"https:\/\/cleitonpinheiro.com.br\/site\/wp-content\/uploads\/2022\/08\/Logo-pequena-2.png\",\"contentUrl\":\"https:\/\/cleitonpinheiro.com.br\/site\/wp-content\/uploads\/2022\/08\/Logo-pequena-2.png\",\"width\":500,\"height\":500,\"caption\":\"CPNOT\u00cdCIAS\"},\"image\":{\"@id\":\"https:\/\/cleitonpinheiro.com.br\/site\/#\/schema\/logo\/image\/\"},\"sameAs\":[\"https:\/\/www.facebook.com\/portalcpnoticias\/\"]},{\"@type\":\"Person\",\"@id\":\"https:\/\/cleitonpinheiro.com.br\/site\/#\/schema\/person\/aac6d7f311e80c43042e98a900b03cd8\",\"name\":\"Dermival Pereira\",\"image\":{\"@type\":\"ImageObject\",\"inLanguage\":\"pt-BR\",\"@id\":\"https:\/\/cleitonpinheiro.com.br\/site\/#\/schema\/person\/image\/\",\"url\":\"https:\/\/secure.gravatar.com\/avatar\/cfaebf3742d6bf8db728bcba3eed6bee37b02337a2e6c822994f20ca72a3784d?s=96&r=g\",\"contentUrl\":\"https:\/\/secure.gravatar.com\/avatar\/cfaebf3742d6bf8db728bcba3eed6bee37b02337a2e6c822994f20ca72a3784d?s=96&r=g\",\"caption\":\"Dermival Pereira\"},\"url\":\"https:\/\/cleitonpinheiro.com.br\/site\/author\/dermival\/\"}]}<\/script>\n<!-- \/ Yoast SEO plugin. -->","yoast_head_json":{"title":"ADI-4013: AJUSP-TO requer ao Governo do Estado a inclus\u00e3o dos servidores p\u00fablicos efetivos, ocupantes dos cargos auxiliar administrativo e de servi\u00e7os gerais do Quadro Geral e da Sa\u00fade no reajuste de 25% - PORTAL DE NOT\u00cdCIAS CLEITON PINHEIRO","robots":{"index":"index","follow":"follow","max-snippet":"max-snippet:-1","max-image-preview":"max-image-preview:large","max-video-preview":"max-video-preview:-1"},"canonical":"https:\/\/cleitonpinheiro.com.br\/site\/ajusp-to-requer-ao-governo-a-inclusao-dos-servidores-efetivos-ocupantes-dos-cargos-auxiliar-administrativo-e-de-servicos-gerais-do-quadro-geral-e-da-saude-no-reajuste-de-25\/","og_locale":"pt_BR","og_type":"article","og_title":"ADI-4013: AJUSP-TO requer ao Governo do Estado a inclus\u00e3o dos servidores p\u00fablicos efetivos, ocupantes dos cargos auxiliar administrativo e de servi\u00e7os gerais do Quadro Geral e da Sa\u00fade no reajuste de 25% - PORTAL DE NOT\u00cdCIAS CLEITON PINHEIRO","og_description":"O presidente da Associa\u00e7\u00e3o de Assist\u00eancia Jur\u00eddica dos Servidores P\u00fablicos no Estado do Tocantins (AJUSP-TO), Cleiton Pinheiro, protocolou na manh\u00e3 desta quarta-feira, 22, of\u00edcio ao governador Wanderlei Barbosa (Republicanos) e ao procurador Geral do Estado, Kl\u00e9dson de Moura Lima requerendo que seja feita a implementa\u00e7\u00e3o do aumento de 25%, tamb\u00e9m nas tabelas financeiras dos servidores [&hellip;]","og_url":"https:\/\/cleitonpinheiro.com.br\/site\/ajusp-to-requer-ao-governo-a-inclusao-dos-servidores-efetivos-ocupantes-dos-cargos-auxiliar-administrativo-e-de-servicos-gerais-do-quadro-geral-e-da-saude-no-reajuste-de-25\/","og_site_name":"PORTAL DE NOT\u00cdCIAS CLEITON PINHEIRO","article_publisher":"https:\/\/www.facebook.com\/portalcpnoticias\/","article_published_time":"2023-03-22T13:59:00+00:00","article_modified_time":"2023-07-04T15:19:40+00:00","og_image":[{"width":750,"height":450,"url":"https:\/\/cleitonpinheiro.com.br\/site\/wp-content\/uploads\/2023\/03\/Design-sem-nome-2023-03-22T105732-compressed.jpg","type":"image\/jpeg"}],"author":"Dermival Pereira","twitter_card":"summary_large_image","twitter_misc":{"Escrito por":"Dermival Pereira","Est. tempo de leitura":"4 minutos"},"schema":{"@context":"https:\/\/schema.org","@graph":[{"@type":"Article","@id":"https:\/\/cleitonpinheiro.com.br\/site\/ajusp-to-requer-ao-governo-a-inclusao-dos-servidores-efetivos-ocupantes-dos-cargos-auxiliar-administrativo-e-de-servicos-gerais-do-quadro-geral-e-da-saude-no-reajuste-de-25\/#article","isPartOf":{"@id":"https:\/\/cleitonpinheiro.com.br\/site\/ajusp-to-requer-ao-governo-a-inclusao-dos-servidores-efetivos-ocupantes-dos-cargos-auxiliar-administrativo-e-de-servicos-gerais-do-quadro-geral-e-da-saude-no-reajuste-de-25\/"},"author":{"name":"Dermival Pereira","@id":"https:\/\/cleitonpinheiro.com.br\/site\/#\/schema\/person\/aac6d7f311e80c43042e98a900b03cd8"},"headline":"ADI-4013: AJUSP-TO requer ao Governo do Estado a inclus\u00e3o dos servidores p\u00fablicos efetivos, ocupantes dos cargos auxiliar administrativo e de servi\u00e7os gerais do Quadro Geral e da Sa\u00fade no reajuste de 25%","datePublished":"2023-03-22T13:59:00+00:00","dateModified":"2023-07-04T15:19:40+00:00","mainEntityOfPage":{"@id":"https:\/\/cleitonpinheiro.com.br\/site\/ajusp-to-requer-ao-governo-a-inclusao-dos-servidores-efetivos-ocupantes-dos-cargos-auxiliar-administrativo-e-de-servicos-gerais-do-quadro-geral-e-da-saude-no-reajuste-de-25\/"},"wordCount":476,"commentCount":0,"publisher":{"@id":"https:\/\/cleitonpinheiro.com.br\/site\/#organization"},"image":{"@id":"https:\/\/cleitonpinheiro.com.br\/site\/ajusp-to-requer-ao-governo-a-inclusao-dos-servidores-efetivos-ocupantes-dos-cargos-auxiliar-administrativo-e-de-servicos-gerais-do-quadro-geral-e-da-saude-no-reajuste-de-25\/#primaryimage"},"thumbnailUrl":"https:\/\/cleitonpinheiro.com.br\/site\/wp-content\/uploads\/2023\/03\/Design-sem-nome-2023-03-22T105732-compressed.jpg","articleSection":["FUNCIONALISMO","TODAS NOTICIAS"],"inLanguage":"pt-BR","potentialAction":[{"@type":"CommentAction","name":"Comment","target":["https:\/\/cleitonpinheiro.com.br\/site\/ajusp-to-requer-ao-governo-a-inclusao-dos-servidores-efetivos-ocupantes-dos-cargos-auxiliar-administrativo-e-de-servicos-gerais-do-quadro-geral-e-da-saude-no-reajuste-de-25\/#respond"]}]},{"@type":"WebPage","@id":"https:\/\/cleitonpinheiro.com.br\/site\/ajusp-to-requer-ao-governo-a-inclusao-dos-servidores-efetivos-ocupantes-dos-cargos-auxiliar-administrativo-e-de-servicos-gerais-do-quadro-geral-e-da-saude-no-reajuste-de-25\/","url":"https:\/\/cleitonpinheiro.com.br\/site\/ajusp-to-requer-ao-governo-a-inclusao-dos-servidores-efetivos-ocupantes-dos-cargos-auxiliar-administrativo-e-de-servicos-gerais-do-quadro-geral-e-da-saude-no-reajuste-de-25\/","name":"ADI-4013: AJUSP-TO requer ao Governo do Estado a inclus\u00e3o dos servidores p\u00fablicos efetivos, ocupantes dos cargos auxiliar administrativo e de servi\u00e7os gerais do Quadro Geral e da Sa\u00fade no reajuste de 25% - PORTAL DE NOT\u00cdCIAS CLEITON PINHEIRO","isPartOf":{"@id":"https:\/\/cleitonpinheiro.com.br\/site\/#website"},"primaryImageOfPage":{"@id":"https:\/\/cleitonpinheiro.com.br\/site\/ajusp-to-requer-ao-governo-a-inclusao-dos-servidores-efetivos-ocupantes-dos-cargos-auxiliar-administrativo-e-de-servicos-gerais-do-quadro-geral-e-da-saude-no-reajuste-de-25\/#primaryimage"},"image":{"@id":"https:\/\/cleitonpinheiro.com.br\/site\/ajusp-to-requer-ao-governo-a-inclusao-dos-servidores-efetivos-ocupantes-dos-cargos-auxiliar-administrativo-e-de-servicos-gerais-do-quadro-geral-e-da-saude-no-reajuste-de-25\/#primaryimage"},"thumbnailUrl":"https:\/\/cleitonpinheiro.com.br\/site\/wp-content\/uploads\/2023\/03\/Design-sem-nome-2023-03-22T105732-compressed.jpg","datePublished":"2023-03-22T13:59:00+00:00","dateModified":"2023-07-04T15:19:40+00:00","breadcrumb":{"@id":"https:\/\/cleitonpinheiro.com.br\/site\/ajusp-to-requer-ao-governo-a-inclusao-dos-servidores-efetivos-ocupantes-dos-cargos-auxiliar-administrativo-e-de-servicos-gerais-do-quadro-geral-e-da-saude-no-reajuste-de-25\/#breadcrumb"},"inLanguage":"pt-BR","potentialAction":[{"@type":"ReadAction","target":["https:\/\/cleitonpinheiro.com.br\/site\/ajusp-to-requer-ao-governo-a-inclusao-dos-servidores-efetivos-ocupantes-dos-cargos-auxiliar-administrativo-e-de-servicos-gerais-do-quadro-geral-e-da-saude-no-reajuste-de-25\/"]}]},{"@type":"ImageObject","inLanguage":"pt-BR","@id":"https:\/\/cleitonpinheiro.com.br\/site\/ajusp-to-requer-ao-governo-a-inclusao-dos-servidores-efetivos-ocupantes-dos-cargos-auxiliar-administrativo-e-de-servicos-gerais-do-quadro-geral-e-da-saude-no-reajuste-de-25\/#primaryimage","url":"","contentUrl":""},{"@type":"BreadcrumbList","@id":"https:\/\/cleitonpinheiro.com.br\/site\/ajusp-to-requer-ao-governo-a-inclusao-dos-servidores-efetivos-ocupantes-dos-cargos-auxiliar-administrativo-e-de-servicos-gerais-do-quadro-geral-e-da-saude-no-reajuste-de-25\/#breadcrumb","itemListElement":[{"@type":"ListItem","position":1,"name":"In\u00edcio","item":"https:\/\/cleitonpinheiro.com.br\/site\/"},{"@type":"ListItem","position":2,"name":"ADI-4013: AJUSP-TO requer ao Governo do Estado a inclus\u00e3o dos servidores p\u00fablicos efetivos, ocupantes dos cargos auxiliar administrativo e de servi\u00e7os gerais do Quadro Geral e da Sa\u00fade no reajuste de 25%"}]},{"@type":"WebSite","@id":"https:\/\/cleitonpinheiro.com.br\/site\/#website","url":"https:\/\/cleitonpinheiro.com.br\/site\/","name":"PORTAL DE NOT\u00cdCIAS CLEITON PINHEIRO","description":"FALANDO A VERDADE","publisher":{"@id":"https:\/\/cleitonpinheiro.com.br\/site\/#organization"},"potentialAction":[{"@type":"SearchAction","target":{"@type":"EntryPoint","urlTemplate":"https:\/\/cleitonpinheiro.com.br\/site\/?s={search_term_string}"},"query-input":{"@type":"PropertyValueSpecification","valueRequired":true,"valueName":"search_term_string"}}],"inLanguage":"pt-BR"},{"@type":"Organization","@id":"https:\/\/cleitonpinheiro.com.br\/site\/#organization","name":"CPNOT\u00cdCIAS","url":"https:\/\/cleitonpinheiro.com.br\/site\/","logo":{"@type":"ImageObject","inLanguage":"pt-BR","@id":"https:\/\/cleitonpinheiro.com.br\/site\/#\/schema\/logo\/image\/","url":"https:\/\/cleitonpinheiro.com.br\/site\/wp-content\/uploads\/2022\/08\/Logo-pequena-2.png","contentUrl":"https:\/\/cleitonpinheiro.com.br\/site\/wp-content\/uploads\/2022\/08\/Logo-pequena-2.png","width":500,"height":500,"caption":"CPNOT\u00cdCIAS"},"image":{"@id":"https:\/\/cleitonpinheiro.com.br\/site\/#\/schema\/logo\/image\/"},"sameAs":["https:\/\/www.facebook.com\/portalcpnoticias\/"]},{"@type":"Person","@id":"https:\/\/cleitonpinheiro.com.br\/site\/#\/schema\/person\/aac6d7f311e80c43042e98a900b03cd8","name":"Dermival Pereira","image":{"@type":"ImageObject","inLanguage":"pt-BR","@id":"https:\/\/cleitonpinheiro.com.br\/site\/#\/schema\/person\/image\/","url":"https:\/\/secure.gravatar.com\/avatar\/cfaebf3742d6bf8db728bcba3eed6bee37b02337a2e6c822994f20ca72a3784d?s=96&r=g","contentUrl":"https:\/\/secure.gravatar.com\/avatar\/cfaebf3742d6bf8db728bcba3eed6bee37b02337a2e6c822994f20ca72a3784d?s=96&r=g","caption":"Dermival Pereira"},"url":"https:\/\/cleitonpinheiro.com.br\/site\/author\/dermival\/"}]}},"views":822,"_links":{"self":[{"href":"https:\/\/cleitonpinheiro.com.br\/site\/wp-json\/wp\/v2\/posts\/69349","targetHints":{"allow":["GET"]}}],"collection":[{"href":"https:\/\/cleitonpinheiro.com.br\/site\/wp-json\/wp\/v2\/posts"}],"about":[{"href":"https:\/\/cleitonpinheiro.com.br\/site\/wp-json\/wp\/v2\/types\/post"}],"author":[{"embeddable":true,"href":"https:\/\/cleitonpinheiro.com.br\/site\/wp-json\/wp\/v2\/users\/4"}],"replies":[{"embeddable":true,"href":"https:\/\/cleitonpinheiro.com.br\/site\/wp-json\/wp\/v2\/comments?post=69349"}],"version-history":[{"count":9,"href":"https:\/\/cleitonpinheiro.com.br\/site\/wp-json\/wp\/v2\/posts\/69349\/revisions"}],"predecessor-version":[{"id":69363,"href":"https:\/\/cleitonpinheiro.com.br\/site\/wp-json\/wp\/v2\/posts\/69349\/revisions\/69363"}],"wp:attachment":[{"href":"https:\/\/cleitonpinheiro.com.br\/site\/wp-json\/wp\/v2\/media?parent=69349"}],"wp:term":[{"taxonomy":"category","embeddable":true,"href":"https:\/\/cleitonpinheiro.com.br\/site\/wp-json\/wp\/v2\/categories?post=69349"},{"taxonomy":"post_tag","embeddable":true,"href":"https:\/\/cleitonpinheiro.com.br\/site\/wp-json\/wp\/v2\/tags?post=69349"}],"curies":[{"name":"wp","href":"https:\/\/api.w.org\/{rel}","templated":true}]}}