{"id":69365,"date":"2023-03-22T14:24:13","date_gmt":"2023-03-22T17:24:13","guid":{"rendered":"https:\/\/cleitonpinheiro.com.br\/site\/?p=69365"},"modified":"2023-03-22T14:25:23","modified_gmt":"2023-03-22T17:25:23","slug":"aspmet-se-reune-com-secretario-de-administracao-de-porto-nacional","status":"publish","type":"post","link":"https:\/\/cleitonpinheiro.com.br\/site\/aspmet-se-reune-com-secretario-de-administracao-de-porto-nacional\/","title":{"rendered":"ASPMET se re\u00fane com Secret\u00e1rio de Administra\u00e7\u00e3o de Porto Nacional"},"content":{"rendered":"\n<figure class=\"wp-block-image size-full is-resized\"><img fetchpriority=\"high\" decoding=\"async\" src=\"https:\/\/cleitonpinheiro.com.br\/site\/wp-content\/uploads\/2023\/03\/Design-sem-nome-2023-03-22T141948-compressed.jpg\" alt=\"\" class=\"wp-image-69366\" width=\"1017\" height=\"610\"\/><\/figure>\n\n\n\n<p>O presidente da Associa\u00e7\u00e3o dos Servidores P\u00fablicos Municipais no estado do Tocantins, Ronaldo S\u00e9rgio, acompanhado do vice-presidente Silvano Pereira, se reuniram na manh\u00e3 desta quarta-feira, 22 de mar\u00e7o, com o Secret\u00e1rio de Administra\u00e7\u00e3o Emivaldo Pires de Souza, para apresentar algumas demandas dos associados \u00e0 entidade do munic\u00edpio.<\/p>\n\n\n\n<p>Durante a reuni\u00e3o, a ASPMET protocolou junto ao secret\u00e1rio um of\u00edcio contendo algumas pontua\u00e7\u00f5es do que os servidores entendem que poder\u00e3o ser mudados no laudo de insalubridade e periculosidade. Al\u00e9m disso, foi apresentada a situa\u00e7\u00e3o da cobran\u00e7a do pagamento do \u00edndice referente \u00e0 data base do ano de 2021 para os servidores do administrativo, visto que o munic\u00edpio s\u00f3 efetuou o pagamento para a Guarda Municipal e os servidores da Sa\u00fade.<\/p>\n\n\n\n<p>Ao finalizar a reuni\u00e3o, o Secret\u00e1rio de Administra\u00e7\u00e3o, Emivaldo Pires, comunicou \u00e0 associa\u00e7\u00e3o que o munic\u00edpio est\u00e1 finalizando os estudos para o pagamento das progress\u00f5es horizontais e verticais daqueles servidores que t\u00eam o direito. &#8220;O munic\u00edpio est\u00e1 aberto ao di\u00e1logo e estamos fazendo tudo poss\u00edvel para cumprir com todos os direitos dos servidores&#8221;, disse.<\/p>\n\n\n\n<p>O presidente Ronaldo S\u00e9rgio agradeceu ao Secret\u00e1rio pela abertura de di\u00e1logo &#8221; Agrade\u00e7o \u00e0 gest\u00e3o do munic\u00edpio de Porto Nacnoional por sempre estar aberta ao di\u00e1logo. Nos ouvindo, podemos tentar juntos solucionar os problemas existentes, problemas esses que j\u00e1 v\u00eam de longo tempo.&#8221; <strong>(Texto e foto de autoria da ASPMET).<\/strong><\/p>\n","protected":false},"excerpt":{"rendered":"<p>O presidente da Associa\u00e7\u00e3o dos Servidores P\u00fablicos Municipais no estado do Tocantins, Ronaldo S\u00e9rgio, acompanhado do vice-presidente Silvano Pereira, se reuniram na manh\u00e3 desta quarta-feira, 22 de mar\u00e7o, com o Secret\u00e1rio de Administra\u00e7\u00e3o Emivaldo Pires de Souza, para apresentar algumas demandas dos associados \u00e0 entidade do munic\u00edpio. Durante a reuni\u00e3o, a ASPMET protocolou junto ao [&hellip;]<\/p>\n","protected":false},"author":9,"featured_media":0,"comment_status":"open","ping_status":"open","sticky":false,"template":"","format":"standard","meta":{"_acf_changed":false,"footnotes":""},"categories":[25,20],"tags":[],"class_list":["post-69365","post","type-post","status-publish","format-standard","hentry","category-funcionalismo","category-noticias-em-destaque"],"acf":[],"yoast_head":"<!-- This site is optimized with the Yoast SEO plugin v24.4 - https:\/\/yoast.com\/wordpress\/plugins\/seo\/ -->\n<title>ASPMET se re\u00fane com Secret\u00e1rio de Administra\u00e7\u00e3o de Porto Nacional - PORTAL DE NOT\u00cdCIAS CLEITON PINHEIRO<\/title>\n<meta name=\"robots\" content=\"index, follow, max-snippet:-1, max-image-preview:large, max-video-preview:-1\" \/>\n<link rel=\"canonical\" href=\"https:\/\/cleitonpinheiro.com.br\/site\/aspmet-se-reune-com-secretario-de-administracao-de-porto-nacional\/\" \/>\n<meta property=\"og:locale\" content=\"pt_BR\" \/>\n<meta property=\"og:type\" content=\"article\" \/>\n<meta property=\"og:title\" content=\"ASPMET se re\u00fane com Secret\u00e1rio de Administra\u00e7\u00e3o de Porto Nacional - PORTAL DE NOT\u00cdCIAS CLEITON PINHEIRO\" \/>\n<meta property=\"og:description\" content=\"O presidente da Associa\u00e7\u00e3o dos Servidores P\u00fablicos Municipais no estado do Tocantins, Ronaldo S\u00e9rgio, acompanhado do vice-presidente Silvano Pereira, se reuniram na manh\u00e3 desta quarta-feira, 22 de mar\u00e7o, com o Secret\u00e1rio de Administra\u00e7\u00e3o Emivaldo Pires de Souza, para apresentar algumas demandas dos associados \u00e0 entidade do munic\u00edpio. Durante a reuni\u00e3o, a ASPMET protocolou junto ao [&hellip;]\" \/>\n<meta property=\"og:url\" content=\"https:\/\/cleitonpinheiro.com.br\/site\/aspmet-se-reune-com-secretario-de-administracao-de-porto-nacional\/\" \/>\n<meta property=\"og:site_name\" content=\"PORTAL DE NOT\u00cdCIAS CLEITON PINHEIRO\" \/>\n<meta property=\"article:publisher\" content=\"https:\/\/www.facebook.com\/portalcpnoticias\/\" \/>\n<meta property=\"article:published_time\" content=\"2023-03-22T17:24:13+00:00\" \/>\n<meta property=\"article:modified_time\" content=\"2023-03-22T17:25:23+00:00\" \/>\n<meta property=\"og:image\" content=\"https:\/\/cleitonpinheiro.com.br\/site\/wp-content\/uploads\/2023\/03\/Design-sem-nome-2023-03-22T141948-compressed.jpg\" \/>\n\t<meta property=\"og:image:width\" content=\"750\" \/>\n\t<meta property=\"og:image:height\" content=\"450\" \/>\n\t<meta property=\"og:image:type\" content=\"image\/jpeg\" \/>\n<meta name=\"author\" content=\"RGF Sistemas\" \/>\n<meta name=\"twitter:card\" content=\"summary_large_image\" \/>\n<meta name=\"twitter:label1\" content=\"Escrito por\" \/>\n\t<meta name=\"twitter:data1\" content=\"RGF Sistemas\" \/>\n\t<meta name=\"twitter:label2\" content=\"Est. tempo de leitura\" \/>\n\t<meta name=\"twitter:data2\" content=\"2 minutos\" \/>\n<script type=\"application\/ld+json\" class=\"yoast-schema-graph\">{\"@context\":\"https:\/\/schema.org\",\"@graph\":[{\"@type\":\"Article\",\"@id\":\"https:\/\/cleitonpinheiro.com.br\/site\/aspmet-se-reune-com-secretario-de-administracao-de-porto-nacional\/#article\",\"isPartOf\":{\"@id\":\"https:\/\/cleitonpinheiro.com.br\/site\/aspmet-se-reune-com-secretario-de-administracao-de-porto-nacional\/\"},\"author\":{\"name\":\"RGF Sistemas\",\"@id\":\"https:\/\/cleitonpinheiro.com.br\/site\/#\/schema\/person\/b7621891c193194dd412fdc1ff9b2b41\"},\"headline\":\"ASPMET se re\u00fane com Secret\u00e1rio de Administra\u00e7\u00e3o de Porto Nacional\",\"datePublished\":\"2023-03-22T17:24:13+00:00\",\"dateModified\":\"2023-03-22T17:25:23+00:00\",\"mainEntityOfPage\":{\"@id\":\"https:\/\/cleitonpinheiro.com.br\/site\/aspmet-se-reune-com-secretario-de-administracao-de-porto-nacional\/\"},\"wordCount\":263,\"commentCount\":0,\"publisher\":{\"@id\":\"https:\/\/cleitonpinheiro.com.br\/site\/#organization\"},\"image\":{\"@id\":\"https:\/\/cleitonpinheiro.com.br\/site\/aspmet-se-reune-com-secretario-de-administracao-de-porto-nacional\/#primaryimage\"},\"thumbnailUrl\":\"https:\/\/cleitonpinheiro.com.br\/site\/wp-content\/uploads\/2023\/03\/Design-sem-nome-2023-03-22T141948-compressed.jpg\",\"articleSection\":[\"FUNCIONALISMO\",\"NOT\u00cdCIAS EM DESTAQUE\"],\"inLanguage\":\"pt-BR\",\"potentialAction\":[{\"@type\":\"CommentAction\",\"name\":\"Comment\",\"target\":[\"https:\/\/cleitonpinheiro.com.br\/site\/aspmet-se-reune-com-secretario-de-administracao-de-porto-nacional\/#respond\"]}]},{\"@type\":\"WebPage\",\"@id\":\"https:\/\/cleitonpinheiro.com.br\/site\/aspmet-se-reune-com-secretario-de-administracao-de-porto-nacional\/\",\"url\":\"https:\/\/cleitonpinheiro.com.br\/site\/aspmet-se-reune-com-secretario-de-administracao-de-porto-nacional\/\",\"name\":\"ASPMET se re\u00fane com Secret\u00e1rio de Administra\u00e7\u00e3o de Porto Nacional - PORTAL DE NOT\u00cdCIAS CLEITON PINHEIRO\",\"isPartOf\":{\"@id\":\"https:\/\/cleitonpinheiro.com.br\/site\/#website\"},\"primaryImageOfPage\":{\"@id\":\"https:\/\/cleitonpinheiro.com.br\/site\/aspmet-se-reune-com-secretario-de-administracao-de-porto-nacional\/#primaryimage\"},\"image\":{\"@id\":\"https:\/\/cleitonpinheiro.com.br\/site\/aspmet-se-reune-com-secretario-de-administracao-de-porto-nacional\/#primaryimage\"},\"thumbnailUrl\":\"https:\/\/cleitonpinheiro.com.br\/site\/wp-content\/uploads\/2023\/03\/Design-sem-nome-2023-03-22T141948-compressed.jpg\",\"datePublished\":\"2023-03-22T17:24:13+00:00\",\"dateModified\":\"2023-03-22T17:25:23+00:00\",\"breadcrumb\":{\"@id\":\"https:\/\/cleitonpinheiro.com.br\/site\/aspmet-se-reune-com-secretario-de-administracao-de-porto-nacional\/#breadcrumb\"},\"inLanguage\":\"pt-BR\",\"potentialAction\":[{\"@type\":\"ReadAction\",\"target\":[\"https:\/\/cleitonpinheiro.com.br\/site\/aspmet-se-reune-com-secretario-de-administracao-de-porto-nacional\/\"]}]},{\"@type\":\"ImageObject\",\"inLanguage\":\"pt-BR\",\"@id\":\"https:\/\/cleitonpinheiro.com.br\/site\/aspmet-se-reune-com-secretario-de-administracao-de-porto-nacional\/#primaryimage\",\"url\":\"\",\"contentUrl\":\"\"},{\"@type\":\"BreadcrumbList\",\"@id\":\"https:\/\/cleitonpinheiro.com.br\/site\/aspmet-se-reune-com-secretario-de-administracao-de-porto-nacional\/#breadcrumb\",\"itemListElement\":[{\"@type\":\"ListItem\",\"position\":1,\"name\":\"In\u00edcio\",\"item\":\"https:\/\/cleitonpinheiro.com.br\/site\/\"},{\"@type\":\"ListItem\",\"position\":2,\"name\":\"ASPMET se re\u00fane com Secret\u00e1rio de Administra\u00e7\u00e3o de Porto Nacional\"}]},{\"@type\":\"WebSite\",\"@id\":\"https:\/\/cleitonpinheiro.com.br\/site\/#website\",\"url\":\"https:\/\/cleitonpinheiro.com.br\/site\/\",\"name\":\"PORTAL DE NOT\u00cdCIAS CLEITON PINHEIRO\",\"description\":\"FALANDO A VERDADE\",\"publisher\":{\"@id\":\"https:\/\/cleitonpinheiro.com.br\/site\/#organization\"},\"potentialAction\":[{\"@type\":\"SearchAction\",\"target\":{\"@type\":\"EntryPoint\",\"urlTemplate\":\"https:\/\/cleitonpinheiro.com.br\/site\/?s={search_term_string}\"},\"query-input\":{\"@type\":\"PropertyValueSpecification\",\"valueRequired\":true,\"valueName\":\"search_term_string\"}}],\"inLanguage\":\"pt-BR\"},{\"@type\":\"Organization\",\"@id\":\"https:\/\/cleitonpinheiro.com.br\/site\/#organization\",\"name\":\"CPNOT\u00cdCIAS\",\"url\":\"https:\/\/cleitonpinheiro.com.br\/site\/\",\"logo\":{\"@type\":\"ImageObject\",\"inLanguage\":\"pt-BR\",\"@id\":\"https:\/\/cleitonpinheiro.com.br\/site\/#\/schema\/logo\/image\/\",\"url\":\"https:\/\/cleitonpinheiro.com.br\/site\/wp-content\/uploads\/2022\/08\/Logo-pequena-2.png\",\"contentUrl\":\"https:\/\/cleitonpinheiro.com.br\/site\/wp-content\/uploads\/2022\/08\/Logo-pequena-2.png\",\"width\":500,\"height\":500,\"caption\":\"CPNOT\u00cdCIAS\"},\"image\":{\"@id\":\"https:\/\/cleitonpinheiro.com.br\/site\/#\/schema\/logo\/image\/\"},\"sameAs\":[\"https:\/\/www.facebook.com\/portalcpnoticias\/\"]},{\"@type\":\"Person\",\"@id\":\"https:\/\/cleitonpinheiro.com.br\/site\/#\/schema\/person\/b7621891c193194dd412fdc1ff9b2b41\",\"name\":\"RGF Sistemas\",\"image\":{\"@type\":\"ImageObject\",\"inLanguage\":\"pt-BR\",\"@id\":\"https:\/\/cleitonpinheiro.com.br\/site\/#\/schema\/person\/image\/\",\"url\":\"https:\/\/secure.gravatar.com\/avatar\/59e110c11e5eecf4636340abed101b4cddb70ca9f64acab0fe8863bcc0a66b2d?s=96&r=g\",\"contentUrl\":\"https:\/\/secure.gravatar.com\/avatar\/59e110c11e5eecf4636340abed101b4cddb70ca9f64acab0fe8863bcc0a66b2d?s=96&r=g\",\"caption\":\"RGF Sistemas\"},\"url\":\"https:\/\/cleitonpinheiro.com.br\/site\/author\/rgfsite\/\"}]}<\/script>\n<!-- \/ Yoast SEO plugin. -->","yoast_head_json":{"title":"ASPMET se re\u00fane com Secret\u00e1rio de Administra\u00e7\u00e3o de Porto Nacional - PORTAL DE NOT\u00cdCIAS CLEITON PINHEIRO","robots":{"index":"index","follow":"follow","max-snippet":"max-snippet:-1","max-image-preview":"max-image-preview:large","max-video-preview":"max-video-preview:-1"},"canonical":"https:\/\/cleitonpinheiro.com.br\/site\/aspmet-se-reune-com-secretario-de-administracao-de-porto-nacional\/","og_locale":"pt_BR","og_type":"article","og_title":"ASPMET se re\u00fane com Secret\u00e1rio de Administra\u00e7\u00e3o de Porto Nacional - PORTAL DE NOT\u00cdCIAS CLEITON PINHEIRO","og_description":"O presidente da Associa\u00e7\u00e3o dos Servidores P\u00fablicos Municipais no estado do Tocantins, Ronaldo S\u00e9rgio, acompanhado do vice-presidente Silvano Pereira, se reuniram na manh\u00e3 desta quarta-feira, 22 de mar\u00e7o, com o Secret\u00e1rio de Administra\u00e7\u00e3o Emivaldo Pires de Souza, para apresentar algumas demandas dos associados \u00e0 entidade do munic\u00edpio. Durante a reuni\u00e3o, a ASPMET protocolou junto ao [&hellip;]","og_url":"https:\/\/cleitonpinheiro.com.br\/site\/aspmet-se-reune-com-secretario-de-administracao-de-porto-nacional\/","og_site_name":"PORTAL DE NOT\u00cdCIAS CLEITON PINHEIRO","article_publisher":"https:\/\/www.facebook.com\/portalcpnoticias\/","article_published_time":"2023-03-22T17:24:13+00:00","article_modified_time":"2023-03-22T17:25:23+00:00","og_image":[{"width":750,"height":450,"url":"https:\/\/cleitonpinheiro.com.br\/site\/wp-content\/uploads\/2023\/03\/Design-sem-nome-2023-03-22T141948-compressed.jpg","type":"image\/jpeg"}],"author":"RGF Sistemas","twitter_card":"summary_large_image","twitter_misc":{"Escrito por":"RGF Sistemas","Est. tempo de leitura":"2 minutos"},"schema":{"@context":"https:\/\/schema.org","@graph":[{"@type":"Article","@id":"https:\/\/cleitonpinheiro.com.br\/site\/aspmet-se-reune-com-secretario-de-administracao-de-porto-nacional\/#article","isPartOf":{"@id":"https:\/\/cleitonpinheiro.com.br\/site\/aspmet-se-reune-com-secretario-de-administracao-de-porto-nacional\/"},"author":{"name":"RGF Sistemas","@id":"https:\/\/cleitonpinheiro.com.br\/site\/#\/schema\/person\/b7621891c193194dd412fdc1ff9b2b41"},"headline":"ASPMET se re\u00fane com Secret\u00e1rio de Administra\u00e7\u00e3o de Porto Nacional","datePublished":"2023-03-22T17:24:13+00:00","dateModified":"2023-03-22T17:25:23+00:00","mainEntityOfPage":{"@id":"https:\/\/cleitonpinheiro.com.br\/site\/aspmet-se-reune-com-secretario-de-administracao-de-porto-nacional\/"},"wordCount":263,"commentCount":0,"publisher":{"@id":"https:\/\/cleitonpinheiro.com.br\/site\/#organization"},"image":{"@id":"https:\/\/cleitonpinheiro.com.br\/site\/aspmet-se-reune-com-secretario-de-administracao-de-porto-nacional\/#primaryimage"},"thumbnailUrl":"https:\/\/cleitonpinheiro.com.br\/site\/wp-content\/uploads\/2023\/03\/Design-sem-nome-2023-03-22T141948-compressed.jpg","articleSection":["FUNCIONALISMO","NOT\u00cdCIAS EM DESTAQUE"],"inLanguage":"pt-BR","potentialAction":[{"@type":"CommentAction","name":"Comment","target":["https:\/\/cleitonpinheiro.com.br\/site\/aspmet-se-reune-com-secretario-de-administracao-de-porto-nacional\/#respond"]}]},{"@type":"WebPage","@id":"https:\/\/cleitonpinheiro.com.br\/site\/aspmet-se-reune-com-secretario-de-administracao-de-porto-nacional\/","url":"https:\/\/cleitonpinheiro.com.br\/site\/aspmet-se-reune-com-secretario-de-administracao-de-porto-nacional\/","name":"ASPMET se re\u00fane com Secret\u00e1rio de Administra\u00e7\u00e3o de Porto Nacional - PORTAL DE NOT\u00cdCIAS CLEITON PINHEIRO","isPartOf":{"@id":"https:\/\/cleitonpinheiro.com.br\/site\/#website"},"primaryImageOfPage":{"@id":"https:\/\/cleitonpinheiro.com.br\/site\/aspmet-se-reune-com-secretario-de-administracao-de-porto-nacional\/#primaryimage"},"image":{"@id":"https:\/\/cleitonpinheiro.com.br\/site\/aspmet-se-reune-com-secretario-de-administracao-de-porto-nacional\/#primaryimage"},"thumbnailUrl":"https:\/\/cleitonpinheiro.com.br\/site\/wp-content\/uploads\/2023\/03\/Design-sem-nome-2023-03-22T141948-compressed.jpg","datePublished":"2023-03-22T17:24:13+00:00","dateModified":"2023-03-22T17:25:23+00:00","breadcrumb":{"@id":"https:\/\/cleitonpinheiro.com.br\/site\/aspmet-se-reune-com-secretario-de-administracao-de-porto-nacional\/#breadcrumb"},"inLanguage":"pt-BR","potentialAction":[{"@type":"ReadAction","target":["https:\/\/cleitonpinheiro.com.br\/site\/aspmet-se-reune-com-secretario-de-administracao-de-porto-nacional\/"]}]},{"@type":"ImageObject","inLanguage":"pt-BR","@id":"https:\/\/cleitonpinheiro.com.br\/site\/aspmet-se-reune-com-secretario-de-administracao-de-porto-nacional\/#primaryimage","url":"","contentUrl":""},{"@type":"BreadcrumbList","@id":"https:\/\/cleitonpinheiro.com.br\/site\/aspmet-se-reune-com-secretario-de-administracao-de-porto-nacional\/#breadcrumb","itemListElement":[{"@type":"ListItem","position":1,"name":"In\u00edcio","item":"https:\/\/cleitonpinheiro.com.br\/site\/"},{"@type":"ListItem","position":2,"name":"ASPMET se re\u00fane com Secret\u00e1rio de Administra\u00e7\u00e3o de Porto Nacional"}]},{"@type":"WebSite","@id":"https:\/\/cleitonpinheiro.com.br\/site\/#website","url":"https:\/\/cleitonpinheiro.com.br\/site\/","name":"PORTAL DE NOT\u00cdCIAS CLEITON PINHEIRO","description":"FALANDO A VERDADE","publisher":{"@id":"https:\/\/cleitonpinheiro.com.br\/site\/#organization"},"potentialAction":[{"@type":"SearchAction","target":{"@type":"EntryPoint","urlTemplate":"https:\/\/cleitonpinheiro.com.br\/site\/?s={search_term_string}"},"query-input":{"@type":"PropertyValueSpecification","valueRequired":true,"valueName":"search_term_string"}}],"inLanguage":"pt-BR"},{"@type":"Organization","@id":"https:\/\/cleitonpinheiro.com.br\/site\/#organization","name":"CPNOT\u00cdCIAS","url":"https:\/\/cleitonpinheiro.com.br\/site\/","logo":{"@type":"ImageObject","inLanguage":"pt-BR","@id":"https:\/\/cleitonpinheiro.com.br\/site\/#\/schema\/logo\/image\/","url":"https:\/\/cleitonpinheiro.com.br\/site\/wp-content\/uploads\/2022\/08\/Logo-pequena-2.png","contentUrl":"https:\/\/cleitonpinheiro.com.br\/site\/wp-content\/uploads\/2022\/08\/Logo-pequena-2.png","width":500,"height":500,"caption":"CPNOT\u00cdCIAS"},"image":{"@id":"https:\/\/cleitonpinheiro.com.br\/site\/#\/schema\/logo\/image\/"},"sameAs":["https:\/\/www.facebook.com\/portalcpnoticias\/"]},{"@type":"Person","@id":"https:\/\/cleitonpinheiro.com.br\/site\/#\/schema\/person\/b7621891c193194dd412fdc1ff9b2b41","name":"RGF Sistemas","image":{"@type":"ImageObject","inLanguage":"pt-BR","@id":"https:\/\/cleitonpinheiro.com.br\/site\/#\/schema\/person\/image\/","url":"https:\/\/secure.gravatar.com\/avatar\/59e110c11e5eecf4636340abed101b4cddb70ca9f64acab0fe8863bcc0a66b2d?s=96&r=g","contentUrl":"https:\/\/secure.gravatar.com\/avatar\/59e110c11e5eecf4636340abed101b4cddb70ca9f64acab0fe8863bcc0a66b2d?s=96&r=g","caption":"RGF Sistemas"},"url":"https:\/\/cleitonpinheiro.com.br\/site\/author\/rgfsite\/"}]}},"views":458,"_links":{"self":[{"href":"https:\/\/cleitonpinheiro.com.br\/site\/wp-json\/wp\/v2\/posts\/69365","targetHints":{"allow":["GET"]}}],"collection":[{"href":"https:\/\/cleitonpinheiro.com.br\/site\/wp-json\/wp\/v2\/posts"}],"about":[{"href":"https:\/\/cleitonpinheiro.com.br\/site\/wp-json\/wp\/v2\/types\/post"}],"author":[{"embeddable":true,"href":"https:\/\/cleitonpinheiro.com.br\/site\/wp-json\/wp\/v2\/users\/9"}],"replies":[{"embeddable":true,"href":"https:\/\/cleitonpinheiro.com.br\/site\/wp-json\/wp\/v2\/comments?post=69365"}],"version-history":[{"count":1,"href":"https:\/\/cleitonpinheiro.com.br\/site\/wp-json\/wp\/v2\/posts\/69365\/revisions"}],"predecessor-version":[{"id":69367,"href":"https:\/\/cleitonpinheiro.com.br\/site\/wp-json\/wp\/v2\/posts\/69365\/revisions\/69367"}],"wp:attachment":[{"href":"https:\/\/cleitonpinheiro.com.br\/site\/wp-json\/wp\/v2\/media?parent=69365"}],"wp:term":[{"taxonomy":"category","embeddable":true,"href":"https:\/\/cleitonpinheiro.com.br\/site\/wp-json\/wp\/v2\/categories?post=69365"},{"taxonomy":"post_tag","embeddable":true,"href":"https:\/\/cleitonpinheiro.com.br\/site\/wp-json\/wp\/v2\/tags?post=69365"}],"curies":[{"name":"wp","href":"https:\/\/api.w.org\/{rel}","templated":true}]}}