{"id":69378,"date":"2023-03-22T15:11:49","date_gmt":"2023-03-22T18:11:49","guid":{"rendered":"https:\/\/cleitonpinheiro.com.br\/site\/?p=69378"},"modified":"2023-03-22T15:11:50","modified_gmt":"2023-03-22T18:11:50","slug":"governo-lula-determina-reserva-de-30-de-cargos-de-confianca-para-pessoas-negras","status":"publish","type":"post","link":"https:\/\/cleitonpinheiro.com.br\/site\/governo-lula-determina-reserva-de-30-de-cargos-de-confianca-para-pessoas-negras\/","title":{"rendered":"Governo Lula determina reserva de 30% de cargos de confian\u00e7a para pessoas negras"},"content":{"rendered":"\n<figure class=\"wp-block-image size-full is-resized\"><img fetchpriority=\"high\" decoding=\"async\" src=\"https:\/\/cleitonpinheiro.com.br\/site\/wp-content\/uploads\/2023\/03\/Design-sem-nome-2023-03-22T151055-compressed.jpg\" alt=\"\" class=\"wp-image-69379\" width=\"1014\" height=\"608\"\/><figcaption class=\"wp-element-caption\">Foto: Ricardo Stuckert \/ PR<\/figcaption><\/figure>\n\n\n\n<p>A decis\u00e3o de destinar um m\u00ednimo de 30% dos cargos em comiss\u00e3o e fun\u00e7\u00f5es de confian\u00e7a da administra\u00e7\u00e3o federal a pessoas negras \u00e9 apenas uma das muitas medidas anunciadas pelo presidente da Rep\u00fablica, Luiz In\u00e1cio Lula da Silva, nesta ter\u00e7a-feira (21\\03), para ampliar pol\u00edticas p\u00fablicas de igualdade racial e combate ao racismo.\u00a0<\/p>\n\n\n\n<p>No marco da celebra\u00e7\u00e3o do Dia Internacional pela Elimina\u00e7\u00e3o da Discrimina\u00e7\u00e3o Racial e 20 anos depois de colocar a quest\u00e3o no centro das pol\u00edticas p\u00fablicas com a cria\u00e7\u00e3o da Secretaria Especial de Pol\u00edticas de Promo\u00e7\u00e3o da Igualdade Racial (em 2003), Lula assinou um conjunto de seis decretos que convergem para fortalecer a\u00e7\u00f5es de inclus\u00e3o e combate ao racismo em diferentes frentes.\u00a0<\/p>\n\n\n\n<p>Um deles cria a reserva de vagas para negros na administra\u00e7\u00e3o p\u00fablica federal e estabelece a data de 31 de dezembro de 2025 como prazo para que a Administra\u00e7\u00e3o P\u00fablica alcance os percentuais. O preenchimento de vagas deve obedecer a paridade de g\u00eanero, com oportunidades iguais para homens e mulheres.\u00a0<\/p>\n\n\n\n<p>O conceito do decreto \u00e9 incentivar a presen\u00e7a de pessoas negras nos espa\u00e7os decis\u00f3rios e de lideran\u00e7a, considerando seu papel na formula\u00e7\u00e3o e implanta\u00e7\u00e3o de pol\u00edticas p\u00fablicas voltadas para todos os segmentos. Pelo texto da norma, consideram-se pessoas negras as que se autodeclaram pretas e pardas.<\/p>\n\n\n\n<p>\u201cChega de limitar os pap\u00e9is na sociedade que a popula\u00e7\u00e3o afrodescendente pode ou n\u00e3o ocupar. Voc\u00eas podem ser o que quiserem, como quiserem e onde quiserem. Cabe ao Estado garantir oportunidades iguais para todos e todas\u201d, disse o presidente Lula.\u00a0<\/p>\n\n\n\n<p><strong>AQUILOMBA &#8211;&nbsp;<\/strong>Outro decreto assinado pelo presidente cria o Aquilomba Brasil, conjunto de medidas intersetoriais voltadas para a promo\u00e7\u00e3o de direitos da popula\u00e7\u00e3o quilombola, com \u00eanfase nos eixos tem\u00e1ticos de acesso a terra e territ\u00f3rio, infraestrutura e qualidade de vida, inclus\u00e3o produtiva, etnodesenvolvimento local e direito \u00e0 cidadania.<br>\u201cA promo\u00e7\u00e3o de direitos para as comunidades quilombolas no Brasil \u00e9 um ato de repara\u00e7\u00e3o \u00e0 enorme d\u00edvida hist\u00f3rica que o Estado tem com essas popula\u00e7\u00f5es\u201d, disse a ministra da Igualdade Racial, Anielle Franco, que anunciou as medidas e o projeto de criar uma agenda nacional de titula\u00e7\u00e3o de terras quilombolas, em parceria com o Incra.<\/p>\n\n\n\n<p>Durante a cerim\u00f4nia no Pal\u00e1cio do Planalto, o presidente Lula entregou titula\u00e7\u00e3o de terra a representantes das comunidades quilombolas Brejo dos Crioulos, de Minas Gerais, Lagoa dos campinhos e Serra da Guia, ambas em Sergipe.\u00a0<\/p>\n\n\n\n<p><strong>ABERTO AO DI\u00c1LOGO &#8211;\u00a0<\/strong>O presidente enfatizou que o combate ao racismo n\u00e3o \u00e9 tarefa apenas do Minist\u00e9rio da Promo\u00e7\u00e3o da Igualdade Racial, mas de toda a Esplanada dos Minist\u00e9rios e de toda a sociedade. \u201cEste \u00e9 um governo aberto ao di\u00e1logo com a sociedade civil, com o movimento negro e com os movimentos de direitos humanos. Reconstruir este pa\u00eds e criar pol\u00edticas p\u00fablicas cada vez mais inclusivas \u00e9 uma tarefa coletiva\u201d.\u00a0<\/p>\n\n\n\n<p>Lula afirmou que, com as a\u00e7\u00f5es de desta ter\u00e7a, o governo volta a responder concretamente a bandeiras hist\u00f3ricas do movimento negro. Segundo ele, quanto maior a presen\u00e7a de pessoas negras nos espa\u00e7os pol\u00edticos, mais forte \u00e9 o enfrentamento do racismo no pa\u00eds. \u201cCombatendo o racismo, combatemos as ra\u00edzes hist\u00f3ricas da desigualdade e a pr\u00f3pria desigualdade neste pa\u00eds\u201d, declarou, destacando tamb\u00e9m que o Brasil ainda n\u00e3o acertou as contas com o passado de 350 anos de escravid\u00e3o e tem uma d\u00edvida hist\u00f3rica a resgatar.<\/p>\n\n\n\n<p>\u201cEsta \u00e9 a hora de virarmos definitivamente a chave da discrimina\u00e7\u00e3o, do preconceito e da exclus\u00e3o. O povo negro n\u00e3o ser\u00e1 tratado por este governo apenas como \u201cp\u00fablico benefici\u00e1rio\u201d de pol\u00edticas sociais, mas como protagonista da sua pr\u00f3pria hist\u00f3ria\u201d, enfatizou o presidente.<\/p>\n\n\n\n<p><strong>INCLUS\u00c3O E PERMAN\u00caNCIA &#8211;\u00a0<\/strong>A ministra da Igualdade Racial detalhou o Aquilomba Brasil, que chegar\u00e1 a um milh\u00e3o de pessoas. Segundo ela, h\u00e1 o projeto de criar condi\u00e7\u00f5es para inclus\u00e3o e perman\u00eancia de jovens quilombolas no ensino superior, de reconhecimento da medicina tradicional quilombola e de amplia\u00e7\u00e3o de unidades de sa\u00fade que atendem comunidades isoladas, al\u00e9m de levar o Luz para Todos para comunidades que ainda n\u00e3o t\u00eam energia el\u00e9trica e criar moradias dignas nas comunidades quilombolas.<\/p>\n\n\n\n<p>Os demais decretos assinados por Lula criam grupos de trabalho. Um para discutir o novo Programa Nacional de A\u00e7\u00f5es Afirmativas do Governo Federal, outro para debater o Plano Juventude Negra Viva, o pen\u00faltimo cria o grupo de trabalho do Cais do Valongo e um grupo vai para definir medidas de enfrentamento ao racismo religioso.<\/p>\n\n\n\n<p>\u201cEu entendo que \u00e9 fundamental a oportunidade n\u00e3o s\u00f3 de reconstruir pol\u00edticas destru\u00eddas nos \u00faltimos anos, mas de avan\u00e7ar no sentido de ampliar a\u00e7\u00f5es afirmativas para garantir uma sociedade efetivamente justa. A sociedade brasileira n\u00e3o pode ser compreendida sem a dimens\u00e3o da desigualdade que precisa ser combatida e superada\u201d, disse Giselle dos Anjos Santos, historiadora, pesquisadora do Centro de Estudos das Rela\u00e7\u00f5es de Trabalho e Desigualdades, e presente ao evento no Pal\u00e1cio do Planalto. <em><strong>(Fonte: Secom).<\/strong><\/em><\/p>\n","protected":false},"excerpt":{"rendered":"<p>A decis\u00e3o de destinar um m\u00ednimo de 30% dos cargos em comiss\u00e3o e fun\u00e7\u00f5es de confian\u00e7a da administra\u00e7\u00e3o federal a pessoas negras \u00e9 apenas uma das muitas medidas anunciadas pelo presidente da Rep\u00fablica, Luiz In\u00e1cio Lula da Silva, nesta ter\u00e7a-feira (21\\03), para ampliar pol\u00edticas p\u00fablicas de igualdade racial e combate ao racismo.\u00a0 No marco da [&hellip;]<\/p>\n","protected":false},"author":4,"featured_media":0,"comment_status":"open","ping_status":"open","sticky":false,"template":"","format":"standard","meta":{"_acf_changed":false,"footnotes":""},"categories":[19,898],"tags":[],"class_list":["post-69378","post","type-post","status-publish","format-standard","hentry","category-brasil-mundo","category-manchete-segundaria"],"acf":[],"yoast_head":"<!-- This site is optimized with the Yoast SEO plugin v24.4 - https:\/\/yoast.com\/wordpress\/plugins\/seo\/ -->\n<title>Governo Lula determina reserva de 30% de cargos de confian\u00e7a para pessoas negras - PORTAL DE NOT\u00cdCIAS CLEITON PINHEIRO<\/title>\n<meta name=\"robots\" content=\"index, follow, max-snippet:-1, max-image-preview:large, max-video-preview:-1\" \/>\n<link rel=\"canonical\" href=\"https:\/\/cleitonpinheiro.com.br\/site\/governo-lula-determina-reserva-de-30-de-cargos-de-confianca-para-pessoas-negras\/\" \/>\n<meta property=\"og:locale\" content=\"pt_BR\" \/>\n<meta property=\"og:type\" content=\"article\" \/>\n<meta property=\"og:title\" content=\"Governo Lula determina reserva de 30% de cargos de confian\u00e7a para pessoas negras - PORTAL DE NOT\u00cdCIAS CLEITON PINHEIRO\" \/>\n<meta property=\"og:description\" content=\"A decis\u00e3o de destinar um m\u00ednimo de 30% dos cargos em comiss\u00e3o e fun\u00e7\u00f5es de confian\u00e7a da administra\u00e7\u00e3o federal a pessoas negras \u00e9 apenas uma das muitas medidas anunciadas pelo presidente da Rep\u00fablica, Luiz In\u00e1cio Lula da Silva, nesta ter\u00e7a-feira (213), para ampliar pol\u00edticas p\u00fablicas de igualdade racial e combate ao racismo.\u00a0 No marco da [&hellip;]\" \/>\n<meta property=\"og:url\" content=\"https:\/\/cleitonpinheiro.com.br\/site\/governo-lula-determina-reserva-de-30-de-cargos-de-confianca-para-pessoas-negras\/\" \/>\n<meta property=\"og:site_name\" content=\"PORTAL DE NOT\u00cdCIAS CLEITON PINHEIRO\" \/>\n<meta property=\"article:publisher\" content=\"https:\/\/www.facebook.com\/portalcpnoticias\/\" \/>\n<meta property=\"article:published_time\" content=\"2023-03-22T18:11:49+00:00\" \/>\n<meta property=\"article:modified_time\" content=\"2023-03-22T18:11:50+00:00\" \/>\n<meta property=\"og:image\" content=\"https:\/\/cleitonpinheiro.com.br\/site\/wp-content\/uploads\/2023\/03\/Design-sem-nome-2023-03-22T151055-compressed.jpg\" \/>\n\t<meta property=\"og:image:width\" content=\"750\" \/>\n\t<meta property=\"og:image:height\" content=\"450\" \/>\n\t<meta property=\"og:image:type\" content=\"image\/jpeg\" \/>\n<meta name=\"author\" content=\"Dermival Pereira\" \/>\n<meta name=\"twitter:card\" content=\"summary_large_image\" \/>\n<meta name=\"twitter:label1\" content=\"Escrito por\" \/>\n\t<meta name=\"twitter:data1\" content=\"Dermival Pereira\" \/>\n\t<meta name=\"twitter:label2\" content=\"Est. tempo de leitura\" \/>\n\t<meta name=\"twitter:data2\" content=\"5 minutos\" \/>\n<script type=\"application\/ld+json\" class=\"yoast-schema-graph\">{\"@context\":\"https:\/\/schema.org\",\"@graph\":[{\"@type\":\"Article\",\"@id\":\"https:\/\/cleitonpinheiro.com.br\/site\/governo-lula-determina-reserva-de-30-de-cargos-de-confianca-para-pessoas-negras\/#article\",\"isPartOf\":{\"@id\":\"https:\/\/cleitonpinheiro.com.br\/site\/governo-lula-determina-reserva-de-30-de-cargos-de-confianca-para-pessoas-negras\/\"},\"author\":{\"name\":\"Dermival Pereira\",\"@id\":\"https:\/\/cleitonpinheiro.com.br\/site\/#\/schema\/person\/aac6d7f311e80c43042e98a900b03cd8\"},\"headline\":\"Governo Lula determina reserva de 30% de cargos de confian\u00e7a para pessoas negras\",\"datePublished\":\"2023-03-22T18:11:49+00:00\",\"dateModified\":\"2023-03-22T18:11:50+00:00\",\"mainEntityOfPage\":{\"@id\":\"https:\/\/cleitonpinheiro.com.br\/site\/governo-lula-determina-reserva-de-30-de-cargos-de-confianca-para-pessoas-negras\/\"},\"wordCount\":901,\"commentCount\":0,\"publisher\":{\"@id\":\"https:\/\/cleitonpinheiro.com.br\/site\/#organization\"},\"image\":{\"@id\":\"https:\/\/cleitonpinheiro.com.br\/site\/governo-lula-determina-reserva-de-30-de-cargos-de-confianca-para-pessoas-negras\/#primaryimage\"},\"thumbnailUrl\":\"https:\/\/cleitonpinheiro.com.br\/site\/wp-content\/uploads\/2023\/03\/Design-sem-nome-2023-03-22T151055-compressed.jpg\",\"articleSection\":[\"BRASIL \/ MUNDO\",\"MANCHETE SEGUND\u00c1RIA\"],\"inLanguage\":\"pt-BR\",\"potentialAction\":[{\"@type\":\"CommentAction\",\"name\":\"Comment\",\"target\":[\"https:\/\/cleitonpinheiro.com.br\/site\/governo-lula-determina-reserva-de-30-de-cargos-de-confianca-para-pessoas-negras\/#respond\"]}]},{\"@type\":\"WebPage\",\"@id\":\"https:\/\/cleitonpinheiro.com.br\/site\/governo-lula-determina-reserva-de-30-de-cargos-de-confianca-para-pessoas-negras\/\",\"url\":\"https:\/\/cleitonpinheiro.com.br\/site\/governo-lula-determina-reserva-de-30-de-cargos-de-confianca-para-pessoas-negras\/\",\"name\":\"Governo Lula determina reserva de 30% de cargos de confian\u00e7a para pessoas negras - PORTAL DE NOT\u00cdCIAS CLEITON PINHEIRO\",\"isPartOf\":{\"@id\":\"https:\/\/cleitonpinheiro.com.br\/site\/#website\"},\"primaryImageOfPage\":{\"@id\":\"https:\/\/cleitonpinheiro.com.br\/site\/governo-lula-determina-reserva-de-30-de-cargos-de-confianca-para-pessoas-negras\/#primaryimage\"},\"image\":{\"@id\":\"https:\/\/cleitonpinheiro.com.br\/site\/governo-lula-determina-reserva-de-30-de-cargos-de-confianca-para-pessoas-negras\/#primaryimage\"},\"thumbnailUrl\":\"https:\/\/cleitonpinheiro.com.br\/site\/wp-content\/uploads\/2023\/03\/Design-sem-nome-2023-03-22T151055-compressed.jpg\",\"datePublished\":\"2023-03-22T18:11:49+00:00\",\"dateModified\":\"2023-03-22T18:11:50+00:00\",\"breadcrumb\":{\"@id\":\"https:\/\/cleitonpinheiro.com.br\/site\/governo-lula-determina-reserva-de-30-de-cargos-de-confianca-para-pessoas-negras\/#breadcrumb\"},\"inLanguage\":\"pt-BR\",\"potentialAction\":[{\"@type\":\"ReadAction\",\"target\":[\"https:\/\/cleitonpinheiro.com.br\/site\/governo-lula-determina-reserva-de-30-de-cargos-de-confianca-para-pessoas-negras\/\"]}]},{\"@type\":\"ImageObject\",\"inLanguage\":\"pt-BR\",\"@id\":\"https:\/\/cleitonpinheiro.com.br\/site\/governo-lula-determina-reserva-de-30-de-cargos-de-confianca-para-pessoas-negras\/#primaryimage\",\"url\":\"\",\"contentUrl\":\"\"},{\"@type\":\"BreadcrumbList\",\"@id\":\"https:\/\/cleitonpinheiro.com.br\/site\/governo-lula-determina-reserva-de-30-de-cargos-de-confianca-para-pessoas-negras\/#breadcrumb\",\"itemListElement\":[{\"@type\":\"ListItem\",\"position\":1,\"name\":\"In\u00edcio\",\"item\":\"https:\/\/cleitonpinheiro.com.br\/site\/\"},{\"@type\":\"ListItem\",\"position\":2,\"name\":\"Governo Lula determina reserva de 30% de cargos de confian\u00e7a para pessoas negras\"}]},{\"@type\":\"WebSite\",\"@id\":\"https:\/\/cleitonpinheiro.com.br\/site\/#website\",\"url\":\"https:\/\/cleitonpinheiro.com.br\/site\/\",\"name\":\"PORTAL DE NOT\u00cdCIAS CLEITON PINHEIRO\",\"description\":\"FALANDO A VERDADE\",\"publisher\":{\"@id\":\"https:\/\/cleitonpinheiro.com.br\/site\/#organization\"},\"potentialAction\":[{\"@type\":\"SearchAction\",\"target\":{\"@type\":\"EntryPoint\",\"urlTemplate\":\"https:\/\/cleitonpinheiro.com.br\/site\/?s={search_term_string}\"},\"query-input\":{\"@type\":\"PropertyValueSpecification\",\"valueRequired\":true,\"valueName\":\"search_term_string\"}}],\"inLanguage\":\"pt-BR\"},{\"@type\":\"Organization\",\"@id\":\"https:\/\/cleitonpinheiro.com.br\/site\/#organization\",\"name\":\"CPNOT\u00cdCIAS\",\"url\":\"https:\/\/cleitonpinheiro.com.br\/site\/\",\"logo\":{\"@type\":\"ImageObject\",\"inLanguage\":\"pt-BR\",\"@id\":\"https:\/\/cleitonpinheiro.com.br\/site\/#\/schema\/logo\/image\/\",\"url\":\"https:\/\/cleitonpinheiro.com.br\/site\/wp-content\/uploads\/2022\/08\/Logo-pequena-2.png\",\"contentUrl\":\"https:\/\/cleitonpinheiro.com.br\/site\/wp-content\/uploads\/2022\/08\/Logo-pequena-2.png\",\"width\":500,\"height\":500,\"caption\":\"CPNOT\u00cdCIAS\"},\"image\":{\"@id\":\"https:\/\/cleitonpinheiro.com.br\/site\/#\/schema\/logo\/image\/\"},\"sameAs\":[\"https:\/\/www.facebook.com\/portalcpnoticias\/\"]},{\"@type\":\"Person\",\"@id\":\"https:\/\/cleitonpinheiro.com.br\/site\/#\/schema\/person\/aac6d7f311e80c43042e98a900b03cd8\",\"name\":\"Dermival Pereira\",\"image\":{\"@type\":\"ImageObject\",\"inLanguage\":\"pt-BR\",\"@id\":\"https:\/\/cleitonpinheiro.com.br\/site\/#\/schema\/person\/image\/\",\"url\":\"https:\/\/secure.gravatar.com\/avatar\/cfaebf3742d6bf8db728bcba3eed6bee37b02337a2e6c822994f20ca72a3784d?s=96&r=g\",\"contentUrl\":\"https:\/\/secure.gravatar.com\/avatar\/cfaebf3742d6bf8db728bcba3eed6bee37b02337a2e6c822994f20ca72a3784d?s=96&r=g\",\"caption\":\"Dermival Pereira\"},\"url\":\"https:\/\/cleitonpinheiro.com.br\/site\/author\/dermival\/\"}]}<\/script>\n<!-- \/ Yoast SEO plugin. -->","yoast_head_json":{"title":"Governo Lula determina reserva de 30% de cargos de confian\u00e7a para pessoas negras - PORTAL DE NOT\u00cdCIAS CLEITON PINHEIRO","robots":{"index":"index","follow":"follow","max-snippet":"max-snippet:-1","max-image-preview":"max-image-preview:large","max-video-preview":"max-video-preview:-1"},"canonical":"https:\/\/cleitonpinheiro.com.br\/site\/governo-lula-determina-reserva-de-30-de-cargos-de-confianca-para-pessoas-negras\/","og_locale":"pt_BR","og_type":"article","og_title":"Governo Lula determina reserva de 30% de cargos de confian\u00e7a para pessoas negras - PORTAL DE NOT\u00cdCIAS CLEITON PINHEIRO","og_description":"A decis\u00e3o de destinar um m\u00ednimo de 30% dos cargos em comiss\u00e3o e fun\u00e7\u00f5es de confian\u00e7a da administra\u00e7\u00e3o federal a pessoas negras \u00e9 apenas uma das muitas medidas anunciadas pelo presidente da Rep\u00fablica, Luiz In\u00e1cio Lula da Silva, nesta ter\u00e7a-feira (213), para ampliar pol\u00edticas p\u00fablicas de igualdade racial e combate ao racismo.\u00a0 No marco da [&hellip;]","og_url":"https:\/\/cleitonpinheiro.com.br\/site\/governo-lula-determina-reserva-de-30-de-cargos-de-confianca-para-pessoas-negras\/","og_site_name":"PORTAL DE NOT\u00cdCIAS CLEITON PINHEIRO","article_publisher":"https:\/\/www.facebook.com\/portalcpnoticias\/","article_published_time":"2023-03-22T18:11:49+00:00","article_modified_time":"2023-03-22T18:11:50+00:00","og_image":[{"width":750,"height":450,"url":"https:\/\/cleitonpinheiro.com.br\/site\/wp-content\/uploads\/2023\/03\/Design-sem-nome-2023-03-22T151055-compressed.jpg","type":"image\/jpeg"}],"author":"Dermival Pereira","twitter_card":"summary_large_image","twitter_misc":{"Escrito por":"Dermival Pereira","Est. tempo de leitura":"5 minutos"},"schema":{"@context":"https:\/\/schema.org","@graph":[{"@type":"Article","@id":"https:\/\/cleitonpinheiro.com.br\/site\/governo-lula-determina-reserva-de-30-de-cargos-de-confianca-para-pessoas-negras\/#article","isPartOf":{"@id":"https:\/\/cleitonpinheiro.com.br\/site\/governo-lula-determina-reserva-de-30-de-cargos-de-confianca-para-pessoas-negras\/"},"author":{"name":"Dermival Pereira","@id":"https:\/\/cleitonpinheiro.com.br\/site\/#\/schema\/person\/aac6d7f311e80c43042e98a900b03cd8"},"headline":"Governo Lula determina reserva de 30% de cargos de confian\u00e7a para pessoas negras","datePublished":"2023-03-22T18:11:49+00:00","dateModified":"2023-03-22T18:11:50+00:00","mainEntityOfPage":{"@id":"https:\/\/cleitonpinheiro.com.br\/site\/governo-lula-determina-reserva-de-30-de-cargos-de-confianca-para-pessoas-negras\/"},"wordCount":901,"commentCount":0,"publisher":{"@id":"https:\/\/cleitonpinheiro.com.br\/site\/#organization"},"image":{"@id":"https:\/\/cleitonpinheiro.com.br\/site\/governo-lula-determina-reserva-de-30-de-cargos-de-confianca-para-pessoas-negras\/#primaryimage"},"thumbnailUrl":"https:\/\/cleitonpinheiro.com.br\/site\/wp-content\/uploads\/2023\/03\/Design-sem-nome-2023-03-22T151055-compressed.jpg","articleSection":["BRASIL \/ MUNDO","MANCHETE SEGUND\u00c1RIA"],"inLanguage":"pt-BR","potentialAction":[{"@type":"CommentAction","name":"Comment","target":["https:\/\/cleitonpinheiro.com.br\/site\/governo-lula-determina-reserva-de-30-de-cargos-de-confianca-para-pessoas-negras\/#respond"]}]},{"@type":"WebPage","@id":"https:\/\/cleitonpinheiro.com.br\/site\/governo-lula-determina-reserva-de-30-de-cargos-de-confianca-para-pessoas-negras\/","url":"https:\/\/cleitonpinheiro.com.br\/site\/governo-lula-determina-reserva-de-30-de-cargos-de-confianca-para-pessoas-negras\/","name":"Governo Lula determina reserva de 30% de cargos de confian\u00e7a para pessoas negras - PORTAL DE NOT\u00cdCIAS CLEITON PINHEIRO","isPartOf":{"@id":"https:\/\/cleitonpinheiro.com.br\/site\/#website"},"primaryImageOfPage":{"@id":"https:\/\/cleitonpinheiro.com.br\/site\/governo-lula-determina-reserva-de-30-de-cargos-de-confianca-para-pessoas-negras\/#primaryimage"},"image":{"@id":"https:\/\/cleitonpinheiro.com.br\/site\/governo-lula-determina-reserva-de-30-de-cargos-de-confianca-para-pessoas-negras\/#primaryimage"},"thumbnailUrl":"https:\/\/cleitonpinheiro.com.br\/site\/wp-content\/uploads\/2023\/03\/Design-sem-nome-2023-03-22T151055-compressed.jpg","datePublished":"2023-03-22T18:11:49+00:00","dateModified":"2023-03-22T18:11:50+00:00","breadcrumb":{"@id":"https:\/\/cleitonpinheiro.com.br\/site\/governo-lula-determina-reserva-de-30-de-cargos-de-confianca-para-pessoas-negras\/#breadcrumb"},"inLanguage":"pt-BR","potentialAction":[{"@type":"ReadAction","target":["https:\/\/cleitonpinheiro.com.br\/site\/governo-lula-determina-reserva-de-30-de-cargos-de-confianca-para-pessoas-negras\/"]}]},{"@type":"ImageObject","inLanguage":"pt-BR","@id":"https:\/\/cleitonpinheiro.com.br\/site\/governo-lula-determina-reserva-de-30-de-cargos-de-confianca-para-pessoas-negras\/#primaryimage","url":"","contentUrl":""},{"@type":"BreadcrumbList","@id":"https:\/\/cleitonpinheiro.com.br\/site\/governo-lula-determina-reserva-de-30-de-cargos-de-confianca-para-pessoas-negras\/#breadcrumb","itemListElement":[{"@type":"ListItem","position":1,"name":"In\u00edcio","item":"https:\/\/cleitonpinheiro.com.br\/site\/"},{"@type":"ListItem","position":2,"name":"Governo Lula determina reserva de 30% de cargos de confian\u00e7a para pessoas negras"}]},{"@type":"WebSite","@id":"https:\/\/cleitonpinheiro.com.br\/site\/#website","url":"https:\/\/cleitonpinheiro.com.br\/site\/","name":"PORTAL DE NOT\u00cdCIAS CLEITON PINHEIRO","description":"FALANDO A VERDADE","publisher":{"@id":"https:\/\/cleitonpinheiro.com.br\/site\/#organization"},"potentialAction":[{"@type":"SearchAction","target":{"@type":"EntryPoint","urlTemplate":"https:\/\/cleitonpinheiro.com.br\/site\/?s={search_term_string}"},"query-input":{"@type":"PropertyValueSpecification","valueRequired":true,"valueName":"search_term_string"}}],"inLanguage":"pt-BR"},{"@type":"Organization","@id":"https:\/\/cleitonpinheiro.com.br\/site\/#organization","name":"CPNOT\u00cdCIAS","url":"https:\/\/cleitonpinheiro.com.br\/site\/","logo":{"@type":"ImageObject","inLanguage":"pt-BR","@id":"https:\/\/cleitonpinheiro.com.br\/site\/#\/schema\/logo\/image\/","url":"https:\/\/cleitonpinheiro.com.br\/site\/wp-content\/uploads\/2022\/08\/Logo-pequena-2.png","contentUrl":"https:\/\/cleitonpinheiro.com.br\/site\/wp-content\/uploads\/2022\/08\/Logo-pequena-2.png","width":500,"height":500,"caption":"CPNOT\u00cdCIAS"},"image":{"@id":"https:\/\/cleitonpinheiro.com.br\/site\/#\/schema\/logo\/image\/"},"sameAs":["https:\/\/www.facebook.com\/portalcpnoticias\/"]},{"@type":"Person","@id":"https:\/\/cleitonpinheiro.com.br\/site\/#\/schema\/person\/aac6d7f311e80c43042e98a900b03cd8","name":"Dermival Pereira","image":{"@type":"ImageObject","inLanguage":"pt-BR","@id":"https:\/\/cleitonpinheiro.com.br\/site\/#\/schema\/person\/image\/","url":"https:\/\/secure.gravatar.com\/avatar\/cfaebf3742d6bf8db728bcba3eed6bee37b02337a2e6c822994f20ca72a3784d?s=96&r=g","contentUrl":"https:\/\/secure.gravatar.com\/avatar\/cfaebf3742d6bf8db728bcba3eed6bee37b02337a2e6c822994f20ca72a3784d?s=96&r=g","caption":"Dermival Pereira"},"url":"https:\/\/cleitonpinheiro.com.br\/site\/author\/dermival\/"}]}},"views":247,"_links":{"self":[{"href":"https:\/\/cleitonpinheiro.com.br\/site\/wp-json\/wp\/v2\/posts\/69378","targetHints":{"allow":["GET"]}}],"collection":[{"href":"https:\/\/cleitonpinheiro.com.br\/site\/wp-json\/wp\/v2\/posts"}],"about":[{"href":"https:\/\/cleitonpinheiro.com.br\/site\/wp-json\/wp\/v2\/types\/post"}],"author":[{"embeddable":true,"href":"https:\/\/cleitonpinheiro.com.br\/site\/wp-json\/wp\/v2\/users\/4"}],"replies":[{"embeddable":true,"href":"https:\/\/cleitonpinheiro.com.br\/site\/wp-json\/wp\/v2\/comments?post=69378"}],"version-history":[{"count":1,"href":"https:\/\/cleitonpinheiro.com.br\/site\/wp-json\/wp\/v2\/posts\/69378\/revisions"}],"predecessor-version":[{"id":69380,"href":"https:\/\/cleitonpinheiro.com.br\/site\/wp-json\/wp\/v2\/posts\/69378\/revisions\/69380"}],"wp:attachment":[{"href":"https:\/\/cleitonpinheiro.com.br\/site\/wp-json\/wp\/v2\/media?parent=69378"}],"wp:term":[{"taxonomy":"category","embeddable":true,"href":"https:\/\/cleitonpinheiro.com.br\/site\/wp-json\/wp\/v2\/categories?post=69378"},{"taxonomy":"post_tag","embeddable":true,"href":"https:\/\/cleitonpinheiro.com.br\/site\/wp-json\/wp\/v2\/tags?post=69378"}],"curies":[{"name":"wp","href":"https:\/\/api.w.org\/{rel}","templated":true}]}}