{"id":69782,"date":"2023-04-03T06:06:13","date_gmt":"2023-04-03T09:06:13","guid":{"rendered":"https:\/\/cleitonpinheiro.com.br\/site\/?p=69782"},"modified":"2023-04-03T06:06:41","modified_gmt":"2023-04-03T09:06:41","slug":"homem-e-indiciado-e-preso-por-suspeita-de-praticar-trafico-internacional-de-drogas","status":"publish","type":"post","link":"https:\/\/cleitonpinheiro.com.br\/site\/homem-e-indiciado-e-preso-por-suspeita-de-praticar-trafico-internacional-de-drogas\/","title":{"rendered":"Homem \u00e9 indiciado e preso por suspeita de praticar tr\u00e1fico internacional de drogas"},"content":{"rendered":"\n<figure class=\"wp-block-image size-full is-resized\"><img fetchpriority=\"high\" decoding=\"async\" src=\"https:\/\/cleitonpinheiro.com.br\/site\/wp-content\/uploads\/2023\/04\/Design-sem-nome-2023-04-03T060438-compressed.jpg\" alt=\"\" class=\"wp-image-69783\" width=\"1020\" height=\"612\"\/><\/figure>\n\n\n\n<p>Foto ilustrativa- Sinpol-DF<\/p>\n\n\n\n<p>Um homem de 39 anos, investigado por tr\u00e1fico internacional de drogas e tamb\u00e9m por falsifica\u00e7\u00e3o de documento p\u00fablico, foi preso na tarde desta sexta-feira, 31, na cidade de Cuiab\u00e1 (MT), durante uma a\u00e7\u00e3o conjunta de combate \u00e0 criminalidade, realizada pelas Pol\u00edcias Civil do Tocantins e do Mato Grosso, atrav\u00e9s da Delegacia de Vila Bela e pela Ger\u00eancia de Combate ao Crime Organizado (GCCO).&nbsp;<\/p>\n\n\n\n<p>O delegado Ant\u00f4nio Bandeira, titular da 16\u00aa Delegacia de S\u00e3o Miguel do Tocantins, explica que as investiga\u00e7\u00f5es em torno do fato tiveram in\u00edcio, no dia 10 de agosto de 2022, quando policiais militares efetuaram a apreens\u00e3o de um caminh\u00e3o-guincho, que vinha da cidade de S\u00e3o Domingos (PA), e tinha como destino a cidade de Imperatriz (MA).&nbsp;<\/p>\n\n\n\n<p>\u201cOcorre que naquele dia, o guincho trazia uma camionete, Fiat Strada, que havia quebrado. Ao realizar buscas no interior do utilit\u00e1rio, os policiais militares localizaram e apreenderam 470 tabletes de maconha, totalizando 423 kg da droga\u201d, informou a autoridade policial.&nbsp;<\/p>\n\n\n\n<p>No momento da abordagem, um dos indiv\u00edduos, que dirigia a pick-up e estava com os dois funcion\u00e1rios do guincho, conseguiu fugir do cerco policial e abandonou o ve\u00edculo. Os dois funcion\u00e1rios, os ve\u00edculos e o entorpecente foram levados para a Central de Atendimento da Pol\u00edcia Civil, em Araguatins. Como n\u00e3o ficou constatada a participa\u00e7\u00e3o dos dois homens no crime, eles foram liberados.&nbsp;<\/p>\n\n\n\n<p>Contrato falso&nbsp;<\/p>\n\n\n\n<p>Com o aprofundamento das investiga\u00e7\u00f5es, a fim de descobrir quem seria o dono dos quase 500 kg de drogas, a equipe da 18\u00aa DP chegou at\u00e9 o homem, de 39 anos, que reside no Mato Grosso. \u201cEm um primeiro momento, ao ser ouvido, ele nos disse que tinha vendido o ve\u00edculo h\u00e1 cerca de tr\u00eas meses, e que o carro n\u00e3o seria mais seu. Para tentar validar sua vers\u00e3o, o homem apresentou um contrato de compra e venda, firmado em um cart\u00f3rio do Estado de S\u00e3o Paulo e que despertou suspeitas, uma vez que apresentava ind\u00edcios de falsifica\u00e7\u00e3o\u201d, disse o delegado.&nbsp;<\/p>\n\n\n\n<p>Desse modo, ap\u00f3s contatar o referido cart\u00f3rio foi constatado que, de fato, se tratava de um documento falso. Desse modo, n\u00e3o restou mais d\u00favidas, que de o indiv\u00edduo era de fato o dono do ve\u00edculo e tamb\u00e9m do entorpecente. \u201cAs investiga\u00e7\u00f5es apontaram que trata-se de um homem com passagem por tr\u00e1fico de drogas no Estado de Goi\u00e1s e que movimentava grandes quantidades de drogas&#8221;, ressaltou o delegado Bandeira.&nbsp;<\/p>\n\n\n\n<p>Diante dos fatos, o homem foi indiciado pelos crimes de falsifica\u00e7\u00e3o de documento e tamb\u00e9m tr\u00e1fico interestadual de drogas, sendo que a autoridade policial, tamb\u00e9m representou pela sua pris\u00e3o preventiva, a qual foi deferida pela 1\u00aa Escrivania Criminal de Itaguatins.&nbsp;<\/p>\n\n\n\n<p>De posse do mandado de pris\u00e3o, foi feito contato com a Pol\u00edcia Civil do Mato Grosso, por meio da Delegacia da cidade de Vila Bela da Sant\u00edssima Trindade e tamb\u00e9m da Ger\u00eancia de Combate ao Crime Organizado de Cuiab\u00e1, e ap\u00f3s compartilhamento de informa\u00e7\u00f5es, os policiais mato-grossenses efetuaram a pris\u00e3o do homem, na tarde da sexta-feira, na capital do Estado.&nbsp;<\/p>\n\n\n\n<p>Ap\u00f3s ser capturado, o indiv\u00edduo foi recolhido ao pres\u00eddio central de Cuiab\u00e1, onde permanecer\u00e1 \u00e0 disposi\u00e7\u00e3o do Poder Judici\u00e1rio do Estado do Tocantins. Na oportunidade, o delegado Ant\u00f4nio Bandeira ressaltou a import\u00e2ncia da pris\u00e3o, uma vez que trata-se de um homem de alta periculosidade e atua no tr\u00e1fico de drogas no Brasil e no exterior.&nbsp;<\/p>\n\n\n\n<p>\u201cA pris\u00e3o desse indiv\u00edduo \u00e9 de suma import\u00e2ncia, uma vez que o montante de entorpecente apreendido e que seria de sua propriedade estava avaliado em dezenas de milhares de reais e abasteceriam pontos de vendas no Estado do Maranh\u00e3o\u201d, disse.\u00a0 <em><strong>(Fonte: Ascom da SSP-TO).<\/strong><\/em><\/p>\n","protected":false},"excerpt":{"rendered":"<p>Foto ilustrativa- Sinpol-DF Um homem de 39 anos, investigado por tr\u00e1fico internacional de drogas e tamb\u00e9m por falsifica\u00e7\u00e3o de documento p\u00fablico, foi preso na tarde desta sexta-feira, 31, na cidade de Cuiab\u00e1 (MT), durante uma a\u00e7\u00e3o conjunta de combate \u00e0 criminalidade, realizada pelas Pol\u00edcias Civil do Tocantins e do Mato Grosso, atrav\u00e9s da Delegacia de [&hellip;]<\/p>\n","protected":false},"author":4,"featured_media":0,"comment_status":"open","ping_status":"open","sticky":false,"template":"","format":"standard","meta":{"_acf_changed":false,"footnotes":""},"categories":[8,898],"tags":[],"class_list":["post-69782","post","type-post","status-publish","format-standard","hentry","category-estado","category-manchete-segundaria"],"acf":[],"yoast_head":"<!-- This site is optimized with the Yoast SEO plugin v24.4 - https:\/\/yoast.com\/wordpress\/plugins\/seo\/ -->\n<title>Homem \u00e9 indiciado e preso por suspeita de praticar tr\u00e1fico internacional de drogas - PORTAL DE NOT\u00cdCIAS CLEITON PINHEIRO<\/title>\n<meta name=\"robots\" content=\"index, follow, max-snippet:-1, max-image-preview:large, max-video-preview:-1\" \/>\n<link rel=\"canonical\" href=\"https:\/\/cleitonpinheiro.com.br\/site\/homem-e-indiciado-e-preso-por-suspeita-de-praticar-trafico-internacional-de-drogas\/\" \/>\n<meta property=\"og:locale\" content=\"pt_BR\" \/>\n<meta property=\"og:type\" content=\"article\" \/>\n<meta property=\"og:title\" content=\"Homem \u00e9 indiciado e preso por suspeita de praticar tr\u00e1fico internacional de drogas - PORTAL DE NOT\u00cdCIAS CLEITON PINHEIRO\" \/>\n<meta property=\"og:description\" content=\"Foto ilustrativa- Sinpol-DF Um homem de 39 anos, investigado por tr\u00e1fico internacional de drogas e tamb\u00e9m por falsifica\u00e7\u00e3o de documento p\u00fablico, foi preso na tarde desta sexta-feira, 31, na cidade de Cuiab\u00e1 (MT), durante uma a\u00e7\u00e3o conjunta de combate \u00e0 criminalidade, realizada pelas Pol\u00edcias Civil do Tocantins e do Mato Grosso, atrav\u00e9s da Delegacia de [&hellip;]\" \/>\n<meta property=\"og:url\" content=\"https:\/\/cleitonpinheiro.com.br\/site\/homem-e-indiciado-e-preso-por-suspeita-de-praticar-trafico-internacional-de-drogas\/\" \/>\n<meta property=\"og:site_name\" content=\"PORTAL DE NOT\u00cdCIAS CLEITON PINHEIRO\" \/>\n<meta property=\"article:publisher\" content=\"https:\/\/www.facebook.com\/portalcpnoticias\/\" \/>\n<meta property=\"article:published_time\" content=\"2023-04-03T09:06:13+00:00\" \/>\n<meta property=\"article:modified_time\" content=\"2023-04-03T09:06:41+00:00\" \/>\n<meta property=\"og:image\" content=\"https:\/\/cleitonpinheiro.com.br\/site\/wp-content\/uploads\/2023\/04\/Design-sem-nome-2023-04-03T060438-compressed.jpg\" \/>\n\t<meta property=\"og:image:width\" content=\"750\" \/>\n\t<meta property=\"og:image:height\" content=\"450\" \/>\n\t<meta property=\"og:image:type\" content=\"image\/jpeg\" \/>\n<meta name=\"author\" content=\"Dermival Pereira\" \/>\n<meta name=\"twitter:card\" content=\"summary_large_image\" \/>\n<meta name=\"twitter:label1\" content=\"Escrito por\" \/>\n\t<meta name=\"twitter:data1\" content=\"Dermival Pereira\" \/>\n\t<meta name=\"twitter:label2\" content=\"Est. tempo de leitura\" \/>\n\t<meta name=\"twitter:data2\" content=\"3 minutos\" \/>\n<script type=\"application\/ld+json\" class=\"yoast-schema-graph\">{\"@context\":\"https:\/\/schema.org\",\"@graph\":[{\"@type\":\"Article\",\"@id\":\"https:\/\/cleitonpinheiro.com.br\/site\/homem-e-indiciado-e-preso-por-suspeita-de-praticar-trafico-internacional-de-drogas\/#article\",\"isPartOf\":{\"@id\":\"https:\/\/cleitonpinheiro.com.br\/site\/homem-e-indiciado-e-preso-por-suspeita-de-praticar-trafico-internacional-de-drogas\/\"},\"author\":{\"name\":\"Dermival Pereira\",\"@id\":\"https:\/\/cleitonpinheiro.com.br\/site\/#\/schema\/person\/aac6d7f311e80c43042e98a900b03cd8\"},\"headline\":\"Homem \u00e9 indiciado e preso por suspeita de praticar tr\u00e1fico internacional de drogas\",\"datePublished\":\"2023-04-03T09:06:13+00:00\",\"dateModified\":\"2023-04-03T09:06:41+00:00\",\"mainEntityOfPage\":{\"@id\":\"https:\/\/cleitonpinheiro.com.br\/site\/homem-e-indiciado-e-preso-por-suspeita-de-praticar-trafico-internacional-de-drogas\/\"},\"wordCount\":672,\"commentCount\":0,\"publisher\":{\"@id\":\"https:\/\/cleitonpinheiro.com.br\/site\/#organization\"},\"image\":{\"@id\":\"https:\/\/cleitonpinheiro.com.br\/site\/homem-e-indiciado-e-preso-por-suspeita-de-praticar-trafico-internacional-de-drogas\/#primaryimage\"},\"thumbnailUrl\":\"https:\/\/cleitonpinheiro.com.br\/site\/wp-content\/uploads\/2023\/04\/Design-sem-nome-2023-04-03T060438-compressed.jpg\",\"articleSection\":[\"ESTADO\",\"MANCHETE SEGUND\u00c1RIA\"],\"inLanguage\":\"pt-BR\",\"potentialAction\":[{\"@type\":\"CommentAction\",\"name\":\"Comment\",\"target\":[\"https:\/\/cleitonpinheiro.com.br\/site\/homem-e-indiciado-e-preso-por-suspeita-de-praticar-trafico-internacional-de-drogas\/#respond\"]}]},{\"@type\":\"WebPage\",\"@id\":\"https:\/\/cleitonpinheiro.com.br\/site\/homem-e-indiciado-e-preso-por-suspeita-de-praticar-trafico-internacional-de-drogas\/\",\"url\":\"https:\/\/cleitonpinheiro.com.br\/site\/homem-e-indiciado-e-preso-por-suspeita-de-praticar-trafico-internacional-de-drogas\/\",\"name\":\"Homem \u00e9 indiciado e preso por suspeita de praticar tr\u00e1fico internacional de drogas - PORTAL DE NOT\u00cdCIAS CLEITON PINHEIRO\",\"isPartOf\":{\"@id\":\"https:\/\/cleitonpinheiro.com.br\/site\/#website\"},\"primaryImageOfPage\":{\"@id\":\"https:\/\/cleitonpinheiro.com.br\/site\/homem-e-indiciado-e-preso-por-suspeita-de-praticar-trafico-internacional-de-drogas\/#primaryimage\"},\"image\":{\"@id\":\"https:\/\/cleitonpinheiro.com.br\/site\/homem-e-indiciado-e-preso-por-suspeita-de-praticar-trafico-internacional-de-drogas\/#primaryimage\"},\"thumbnailUrl\":\"https:\/\/cleitonpinheiro.com.br\/site\/wp-content\/uploads\/2023\/04\/Design-sem-nome-2023-04-03T060438-compressed.jpg\",\"datePublished\":\"2023-04-03T09:06:13+00:00\",\"dateModified\":\"2023-04-03T09:06:41+00:00\",\"breadcrumb\":{\"@id\":\"https:\/\/cleitonpinheiro.com.br\/site\/homem-e-indiciado-e-preso-por-suspeita-de-praticar-trafico-internacional-de-drogas\/#breadcrumb\"},\"inLanguage\":\"pt-BR\",\"potentialAction\":[{\"@type\":\"ReadAction\",\"target\":[\"https:\/\/cleitonpinheiro.com.br\/site\/homem-e-indiciado-e-preso-por-suspeita-de-praticar-trafico-internacional-de-drogas\/\"]}]},{\"@type\":\"ImageObject\",\"inLanguage\":\"pt-BR\",\"@id\":\"https:\/\/cleitonpinheiro.com.br\/site\/homem-e-indiciado-e-preso-por-suspeita-de-praticar-trafico-internacional-de-drogas\/#primaryimage\",\"url\":\"\",\"contentUrl\":\"\"},{\"@type\":\"BreadcrumbList\",\"@id\":\"https:\/\/cleitonpinheiro.com.br\/site\/homem-e-indiciado-e-preso-por-suspeita-de-praticar-trafico-internacional-de-drogas\/#breadcrumb\",\"itemListElement\":[{\"@type\":\"ListItem\",\"position\":1,\"name\":\"In\u00edcio\",\"item\":\"https:\/\/cleitonpinheiro.com.br\/site\/\"},{\"@type\":\"ListItem\",\"position\":2,\"name\":\"Homem \u00e9 indiciado e preso por suspeita de praticar tr\u00e1fico internacional de drogas\"}]},{\"@type\":\"WebSite\",\"@id\":\"https:\/\/cleitonpinheiro.com.br\/site\/#website\",\"url\":\"https:\/\/cleitonpinheiro.com.br\/site\/\",\"name\":\"PORTAL DE NOT\u00cdCIAS CLEITON PINHEIRO\",\"description\":\"FALANDO A VERDADE\",\"publisher\":{\"@id\":\"https:\/\/cleitonpinheiro.com.br\/site\/#organization\"},\"potentialAction\":[{\"@type\":\"SearchAction\",\"target\":{\"@type\":\"EntryPoint\",\"urlTemplate\":\"https:\/\/cleitonpinheiro.com.br\/site\/?s={search_term_string}\"},\"query-input\":{\"@type\":\"PropertyValueSpecification\",\"valueRequired\":true,\"valueName\":\"search_term_string\"}}],\"inLanguage\":\"pt-BR\"},{\"@type\":\"Organization\",\"@id\":\"https:\/\/cleitonpinheiro.com.br\/site\/#organization\",\"name\":\"CPNOT\u00cdCIAS\",\"url\":\"https:\/\/cleitonpinheiro.com.br\/site\/\",\"logo\":{\"@type\":\"ImageObject\",\"inLanguage\":\"pt-BR\",\"@id\":\"https:\/\/cleitonpinheiro.com.br\/site\/#\/schema\/logo\/image\/\",\"url\":\"https:\/\/cleitonpinheiro.com.br\/site\/wp-content\/uploads\/2022\/08\/Logo-pequena-2.png\",\"contentUrl\":\"https:\/\/cleitonpinheiro.com.br\/site\/wp-content\/uploads\/2022\/08\/Logo-pequena-2.png\",\"width\":500,\"height\":500,\"caption\":\"CPNOT\u00cdCIAS\"},\"image\":{\"@id\":\"https:\/\/cleitonpinheiro.com.br\/site\/#\/schema\/logo\/image\/\"},\"sameAs\":[\"https:\/\/www.facebook.com\/portalcpnoticias\/\"]},{\"@type\":\"Person\",\"@id\":\"https:\/\/cleitonpinheiro.com.br\/site\/#\/schema\/person\/aac6d7f311e80c43042e98a900b03cd8\",\"name\":\"Dermival Pereira\",\"image\":{\"@type\":\"ImageObject\",\"inLanguage\":\"pt-BR\",\"@id\":\"https:\/\/cleitonpinheiro.com.br\/site\/#\/schema\/person\/image\/\",\"url\":\"https:\/\/secure.gravatar.com\/avatar\/cfaebf3742d6bf8db728bcba3eed6bee37b02337a2e6c822994f20ca72a3784d?s=96&r=g\",\"contentUrl\":\"https:\/\/secure.gravatar.com\/avatar\/cfaebf3742d6bf8db728bcba3eed6bee37b02337a2e6c822994f20ca72a3784d?s=96&r=g\",\"caption\":\"Dermival Pereira\"},\"url\":\"https:\/\/cleitonpinheiro.com.br\/site\/author\/dermival\/\"}]}<\/script>\n<!-- \/ Yoast SEO plugin. -->","yoast_head_json":{"title":"Homem \u00e9 indiciado e preso por suspeita de praticar tr\u00e1fico internacional de drogas - PORTAL DE NOT\u00cdCIAS CLEITON PINHEIRO","robots":{"index":"index","follow":"follow","max-snippet":"max-snippet:-1","max-image-preview":"max-image-preview:large","max-video-preview":"max-video-preview:-1"},"canonical":"https:\/\/cleitonpinheiro.com.br\/site\/homem-e-indiciado-e-preso-por-suspeita-de-praticar-trafico-internacional-de-drogas\/","og_locale":"pt_BR","og_type":"article","og_title":"Homem \u00e9 indiciado e preso por suspeita de praticar tr\u00e1fico internacional de drogas - PORTAL DE NOT\u00cdCIAS CLEITON PINHEIRO","og_description":"Foto ilustrativa- Sinpol-DF Um homem de 39 anos, investigado por tr\u00e1fico internacional de drogas e tamb\u00e9m por falsifica\u00e7\u00e3o de documento p\u00fablico, foi preso na tarde desta sexta-feira, 31, na cidade de Cuiab\u00e1 (MT), durante uma a\u00e7\u00e3o conjunta de combate \u00e0 criminalidade, realizada pelas Pol\u00edcias Civil do Tocantins e do Mato Grosso, atrav\u00e9s da Delegacia de [&hellip;]","og_url":"https:\/\/cleitonpinheiro.com.br\/site\/homem-e-indiciado-e-preso-por-suspeita-de-praticar-trafico-internacional-de-drogas\/","og_site_name":"PORTAL DE NOT\u00cdCIAS CLEITON PINHEIRO","article_publisher":"https:\/\/www.facebook.com\/portalcpnoticias\/","article_published_time":"2023-04-03T09:06:13+00:00","article_modified_time":"2023-04-03T09:06:41+00:00","og_image":[{"width":750,"height":450,"url":"https:\/\/cleitonpinheiro.com.br\/site\/wp-content\/uploads\/2023\/04\/Design-sem-nome-2023-04-03T060438-compressed.jpg","type":"image\/jpeg"}],"author":"Dermival Pereira","twitter_card":"summary_large_image","twitter_misc":{"Escrito por":"Dermival Pereira","Est. tempo de leitura":"3 minutos"},"schema":{"@context":"https:\/\/schema.org","@graph":[{"@type":"Article","@id":"https:\/\/cleitonpinheiro.com.br\/site\/homem-e-indiciado-e-preso-por-suspeita-de-praticar-trafico-internacional-de-drogas\/#article","isPartOf":{"@id":"https:\/\/cleitonpinheiro.com.br\/site\/homem-e-indiciado-e-preso-por-suspeita-de-praticar-trafico-internacional-de-drogas\/"},"author":{"name":"Dermival Pereira","@id":"https:\/\/cleitonpinheiro.com.br\/site\/#\/schema\/person\/aac6d7f311e80c43042e98a900b03cd8"},"headline":"Homem \u00e9 indiciado e preso por suspeita de praticar tr\u00e1fico internacional de drogas","datePublished":"2023-04-03T09:06:13+00:00","dateModified":"2023-04-03T09:06:41+00:00","mainEntityOfPage":{"@id":"https:\/\/cleitonpinheiro.com.br\/site\/homem-e-indiciado-e-preso-por-suspeita-de-praticar-trafico-internacional-de-drogas\/"},"wordCount":672,"commentCount":0,"publisher":{"@id":"https:\/\/cleitonpinheiro.com.br\/site\/#organization"},"image":{"@id":"https:\/\/cleitonpinheiro.com.br\/site\/homem-e-indiciado-e-preso-por-suspeita-de-praticar-trafico-internacional-de-drogas\/#primaryimage"},"thumbnailUrl":"https:\/\/cleitonpinheiro.com.br\/site\/wp-content\/uploads\/2023\/04\/Design-sem-nome-2023-04-03T060438-compressed.jpg","articleSection":["ESTADO","MANCHETE SEGUND\u00c1RIA"],"inLanguage":"pt-BR","potentialAction":[{"@type":"CommentAction","name":"Comment","target":["https:\/\/cleitonpinheiro.com.br\/site\/homem-e-indiciado-e-preso-por-suspeita-de-praticar-trafico-internacional-de-drogas\/#respond"]}]},{"@type":"WebPage","@id":"https:\/\/cleitonpinheiro.com.br\/site\/homem-e-indiciado-e-preso-por-suspeita-de-praticar-trafico-internacional-de-drogas\/","url":"https:\/\/cleitonpinheiro.com.br\/site\/homem-e-indiciado-e-preso-por-suspeita-de-praticar-trafico-internacional-de-drogas\/","name":"Homem \u00e9 indiciado e preso por suspeita de praticar tr\u00e1fico internacional de drogas - PORTAL DE NOT\u00cdCIAS CLEITON PINHEIRO","isPartOf":{"@id":"https:\/\/cleitonpinheiro.com.br\/site\/#website"},"primaryImageOfPage":{"@id":"https:\/\/cleitonpinheiro.com.br\/site\/homem-e-indiciado-e-preso-por-suspeita-de-praticar-trafico-internacional-de-drogas\/#primaryimage"},"image":{"@id":"https:\/\/cleitonpinheiro.com.br\/site\/homem-e-indiciado-e-preso-por-suspeita-de-praticar-trafico-internacional-de-drogas\/#primaryimage"},"thumbnailUrl":"https:\/\/cleitonpinheiro.com.br\/site\/wp-content\/uploads\/2023\/04\/Design-sem-nome-2023-04-03T060438-compressed.jpg","datePublished":"2023-04-03T09:06:13+00:00","dateModified":"2023-04-03T09:06:41+00:00","breadcrumb":{"@id":"https:\/\/cleitonpinheiro.com.br\/site\/homem-e-indiciado-e-preso-por-suspeita-de-praticar-trafico-internacional-de-drogas\/#breadcrumb"},"inLanguage":"pt-BR","potentialAction":[{"@type":"ReadAction","target":["https:\/\/cleitonpinheiro.com.br\/site\/homem-e-indiciado-e-preso-por-suspeita-de-praticar-trafico-internacional-de-drogas\/"]}]},{"@type":"ImageObject","inLanguage":"pt-BR","@id":"https:\/\/cleitonpinheiro.com.br\/site\/homem-e-indiciado-e-preso-por-suspeita-de-praticar-trafico-internacional-de-drogas\/#primaryimage","url":"","contentUrl":""},{"@type":"BreadcrumbList","@id":"https:\/\/cleitonpinheiro.com.br\/site\/homem-e-indiciado-e-preso-por-suspeita-de-praticar-trafico-internacional-de-drogas\/#breadcrumb","itemListElement":[{"@type":"ListItem","position":1,"name":"In\u00edcio","item":"https:\/\/cleitonpinheiro.com.br\/site\/"},{"@type":"ListItem","position":2,"name":"Homem \u00e9 indiciado e preso por suspeita de praticar tr\u00e1fico internacional de drogas"}]},{"@type":"WebSite","@id":"https:\/\/cleitonpinheiro.com.br\/site\/#website","url":"https:\/\/cleitonpinheiro.com.br\/site\/","name":"PORTAL DE NOT\u00cdCIAS CLEITON PINHEIRO","description":"FALANDO A VERDADE","publisher":{"@id":"https:\/\/cleitonpinheiro.com.br\/site\/#organization"},"potentialAction":[{"@type":"SearchAction","target":{"@type":"EntryPoint","urlTemplate":"https:\/\/cleitonpinheiro.com.br\/site\/?s={search_term_string}"},"query-input":{"@type":"PropertyValueSpecification","valueRequired":true,"valueName":"search_term_string"}}],"inLanguage":"pt-BR"},{"@type":"Organization","@id":"https:\/\/cleitonpinheiro.com.br\/site\/#organization","name":"CPNOT\u00cdCIAS","url":"https:\/\/cleitonpinheiro.com.br\/site\/","logo":{"@type":"ImageObject","inLanguage":"pt-BR","@id":"https:\/\/cleitonpinheiro.com.br\/site\/#\/schema\/logo\/image\/","url":"https:\/\/cleitonpinheiro.com.br\/site\/wp-content\/uploads\/2022\/08\/Logo-pequena-2.png","contentUrl":"https:\/\/cleitonpinheiro.com.br\/site\/wp-content\/uploads\/2022\/08\/Logo-pequena-2.png","width":500,"height":500,"caption":"CPNOT\u00cdCIAS"},"image":{"@id":"https:\/\/cleitonpinheiro.com.br\/site\/#\/schema\/logo\/image\/"},"sameAs":["https:\/\/www.facebook.com\/portalcpnoticias\/"]},{"@type":"Person","@id":"https:\/\/cleitonpinheiro.com.br\/site\/#\/schema\/person\/aac6d7f311e80c43042e98a900b03cd8","name":"Dermival Pereira","image":{"@type":"ImageObject","inLanguage":"pt-BR","@id":"https:\/\/cleitonpinheiro.com.br\/site\/#\/schema\/person\/image\/","url":"https:\/\/secure.gravatar.com\/avatar\/cfaebf3742d6bf8db728bcba3eed6bee37b02337a2e6c822994f20ca72a3784d?s=96&r=g","contentUrl":"https:\/\/secure.gravatar.com\/avatar\/cfaebf3742d6bf8db728bcba3eed6bee37b02337a2e6c822994f20ca72a3784d?s=96&r=g","caption":"Dermival Pereira"},"url":"https:\/\/cleitonpinheiro.com.br\/site\/author\/dermival\/"}]}},"views":287,"_links":{"self":[{"href":"https:\/\/cleitonpinheiro.com.br\/site\/wp-json\/wp\/v2\/posts\/69782","targetHints":{"allow":["GET"]}}],"collection":[{"href":"https:\/\/cleitonpinheiro.com.br\/site\/wp-json\/wp\/v2\/posts"}],"about":[{"href":"https:\/\/cleitonpinheiro.com.br\/site\/wp-json\/wp\/v2\/types\/post"}],"author":[{"embeddable":true,"href":"https:\/\/cleitonpinheiro.com.br\/site\/wp-json\/wp\/v2\/users\/4"}],"replies":[{"embeddable":true,"href":"https:\/\/cleitonpinheiro.com.br\/site\/wp-json\/wp\/v2\/comments?post=69782"}],"version-history":[{"count":2,"href":"https:\/\/cleitonpinheiro.com.br\/site\/wp-json\/wp\/v2\/posts\/69782\/revisions"}],"predecessor-version":[{"id":69785,"href":"https:\/\/cleitonpinheiro.com.br\/site\/wp-json\/wp\/v2\/posts\/69782\/revisions\/69785"}],"wp:attachment":[{"href":"https:\/\/cleitonpinheiro.com.br\/site\/wp-json\/wp\/v2\/media?parent=69782"}],"wp:term":[{"taxonomy":"category","embeddable":true,"href":"https:\/\/cleitonpinheiro.com.br\/site\/wp-json\/wp\/v2\/categories?post=69782"},{"taxonomy":"post_tag","embeddable":true,"href":"https:\/\/cleitonpinheiro.com.br\/site\/wp-json\/wp\/v2\/tags?post=69782"}],"curies":[{"name":"wp","href":"https:\/\/api.w.org\/{rel}","templated":true}]}}