{"id":69786,"date":"2023-04-03T06:12:43","date_gmt":"2023-04-03T09:12:43","guid":{"rendered":"https:\/\/cleitonpinheiro.com.br\/site\/?p=69786"},"modified":"2023-04-05T09:36:03","modified_gmt":"2023-04-05T12:36:03","slug":"caminhada-do-silencio-lembra-vitimas-da-ditadura-de-1964","status":"publish","type":"post","link":"https:\/\/cleitonpinheiro.com.br\/site\/caminhada-do-silencio-lembra-vitimas-da-ditadura-de-1964\/","title":{"rendered":"Caminhada do Sil\u00eancio lembra v\u00edtimas da ditadura de 1964"},"content":{"rendered":"\n<figure class=\"wp-block-image size-full\"><img decoding=\"async\" src=\"https:\/\/cleitonpinheiro.com.br\/site\/wp-content\/uploads\/2023\/04\/Design-sem-nome-2023-04-03T061038-compressed.jpg\" alt=\"\" class=\"wp-image-69787\"\/><\/figure>\n\n\n\n<p>Foto:\u00a0Rovena Rosa\/Ag\u00eancia Brasil<\/p>\n\n\n\n<p>A terceira edi\u00e7\u00e3o da Caminhada do Sil\u00eancio, realizada neste domingo (2) na capital paulista, relembrou o golpe civil-militar&nbsp;de 1964, homenageou a mem\u00f3ria das v\u00edtimas da viol\u00eancia, e pediu o fim da impunidade dos crimes cometidos por agentes estado brasileiro durante a ditadura.<\/p>\n\n\n\n<p>O ato teve in\u00edcio na Pra\u00e7a da Paz, no Parque Ibirapuera, e se deslocou at\u00e9 o Monumento em Homenagem aos Mortos e Desaparecidos Pol\u00edticos, em frente ao parque. \u201cA mensagem \u00e9 impunidade nunca mais. O Brasil provou nos \u00faltimos quatro anos que \u00e9 um pa\u00eds que n\u00e3o superou ainda o seu passado. \u00c9 um pa\u00eds que est\u00e1 marcado pela viol\u00eancia, porque nunca processou de forma adequada os seus processos de viol\u00eancia\u201d, disse Rog\u00e9rio Sottili, diretor executivo do Instituto Vladimir Herzog, uma das institui\u00e7\u00f5es que organizou o ato.<\/p>\n\n\n\n<figure class=\"wp-block-image alignleft size-full is-resized\"><img fetchpriority=\"high\" decoding=\"async\" src=\"https:\/\/cleitonpinheiro.com.br\/site\/wp-content\/uploads\/2023\/04\/Design-sem-nome-2023-04-03T061213-compressed.jpg\" alt=\"\" class=\"wp-image-69788\" width=\"720\" height=\"432\"\/><\/figure>\n\n\n\n<p>\u201cN\u00f3s queremos que os respons\u00e1veis pelos genoc\u00eddios, respons\u00e1veis por mortes, desaparecimentos for\u00e7ados, de torturas, sejam responsabilizados. Essa \u00e9 a \u00fanica forma de a gente superar, virar esta p\u00e1gina da hist\u00f3ria, e o Brasil avan\u00e7ar para uma cultura de paz, o Brasil avan\u00e7ar para uma democracia dia plena\u201d, acrescentou.<\/p>\n\n\n\n<p>No gramado da Pra\u00e7a da Paz, foram dispostas fotografias, acompanhadas de flores, de cerca de 70 pessoas mortas ou desaparecidas pelo aparelho de estado durante a ditadura. Entre os homenageados, Maria L\u00facia Petit, Ant\u00f4nio Carlos Nogueira Cabral, Aurea Eliza Pereira, e Jane Vanini.<\/p>\n\n\n\n<p>Faixas estendidas cobravam o cumprimento de recomenda\u00e7\u00f5es da Comiss\u00e3o Nacional da Verdade: \u201cDesmilitariza\u00e7\u00e3o das pol\u00edcias\u201d, \u201cFim do genoc\u00eddio da popula\u00e7\u00e3o ind\u00edgena e negra\u201d, e questionavam o posicionamento do Supremo Tribunal Federal (STF) sobre a lei de Anistia: \u201cAnistia para torturador? S\u00f3 o Brasil tem. STF ainda garante impunidade\u201d.<\/p>\n\n\n\n<p>A procuradora regional da Rep\u00fablica, Eug\u00eania Gonzaga, presente no ato, lembrou que a lei de Anistia ainda \u00e9 usada pelas institui\u00e7\u00f5es brasileiras para livrar da puni\u00e7\u00e3o os agentes do estado que cometeram crimes durante a ditadura. De acordo com ela, essa leitura da lei foi moldada pelos militares desde a sua cria\u00e7\u00e3o.<\/p>\n\n\n\n<p>\u201cA anistia no Brasil foi negociada, a transi\u00e7\u00e3o do governo da ditadura para o governo democr\u00e1tico foi completamente negociada e controlada pelos militares. E isso plasmou na cabe\u00e7a das pessoas, das institui\u00e7\u00f5es, que era para se virar essa p\u00e1gina, e n\u00e3o fazer a puni\u00e7\u00e3o\u201d, disse.<\/p>\n\n\n\n<p>\u201cEsse caminho foi completamente errado. N\u00e3o \u00e9 um caminho que leva ao amadurecimento da democracia, e \u00e9 um caminho que leva a repeti\u00e7\u00e3o das pr\u00e1ticas. N\u00f3s ainda estamos nessa luta. O Supremo Tribunal Federal at\u00e9 hoje n\u00e3o reviu o posicionamento de aceitar a lei da anistia para os torturadores tamb\u00e9m. Mas, aos poucos por judici\u00e1rio vem mudando a sua posi\u00e7\u00e3o\u201d, acrescentou.<\/p>\n\n\n\n<p>O ministro dos Direitos Humanos e Cidadania, Silvio Almeida, destacou que a import\u00e2ncia do ato est\u00e1 em relembrar o passado para n\u00e3o repeti-lo no presente. \u201cQuando a gente fala dos jovens que morrem nas periferias de S\u00e3o Paulo e do Brasil inteiro, da viol\u00eancia policial presente, n\u00f3s estamos falando, portanto, desse passado que n\u00e3o passou\u201d, disse.<\/p>\n\n\n\n<p>\u201cEstamos fazendo hoje esse ato de mem\u00f3ria para que possamos construir um futuro em que essa viol\u00eancia n\u00e3o ocorra de novo, e para que essa viol\u00eancia n\u00e3o repercuta como tem repercutido na vida de cada um de n\u00f3s. N\u00f3s vimos isso nos atos que aconteceram agora no dia 8 de janeiro, n\u00f3s vimos nos quatro anos que nos antecederam a esse, ou seja, eles s\u00e3o resultados direto de um pa\u00eds que n\u00e3o consegue lidar com seus traumas\u201d, acrescentou.<\/p>\n\n\n\n<p>A partir desta edi\u00e7\u00e3o, o evento passou a fazer parte do calend\u00e1rio oficial da cidade de S\u00e3o Paulo, inclu\u00eddo pela lei 17.886 de 2023. A 3\u00aa Caminhada do Sil\u00eancio foi organizada pela Secretaria Municipal de Direitos Humanos e Cidadania e pelo Movimento Vozes do Sil\u00eancio, composto por dezenas de entidades. <em><strong>(Da Ag\u00eancia Brasil).<\/strong><\/em><\/p>\n","protected":false},"excerpt":{"rendered":"<p>Foto:\u00a0Rovena Rosa\/Ag\u00eancia Brasil A terceira edi\u00e7\u00e3o da Caminhada do Sil\u00eancio, realizada neste domingo (2) na capital paulista, relembrou o golpe civil-militar&nbsp;de 1964, homenageou a mem\u00f3ria das v\u00edtimas da viol\u00eancia, e pediu o fim da impunidade dos crimes cometidos por agentes estado brasileiro durante a ditadura. O ato teve in\u00edcio na Pra\u00e7a da Paz, no Parque [&hellip;]<\/p>\n","protected":false},"author":4,"featured_media":0,"comment_status":"open","ping_status":"open","sticky":false,"template":"","format":"standard","meta":{"_acf_changed":false,"footnotes":""},"categories":[19,21],"tags":[],"class_list":["post-69786","post","type-post","status-publish","format-standard","hentry","category-brasil-mundo","category-todas-noticias"],"acf":[],"yoast_head":"<!-- This site is optimized with the Yoast SEO plugin v24.4 - https:\/\/yoast.com\/wordpress\/plugins\/seo\/ -->\n<title>Caminhada do Sil\u00eancio lembra v\u00edtimas da ditadura de 1964 - PORTAL DE NOT\u00cdCIAS CLEITON PINHEIRO<\/title>\n<meta name=\"robots\" content=\"index, follow, max-snippet:-1, max-image-preview:large, max-video-preview:-1\" \/>\n<link rel=\"canonical\" href=\"https:\/\/cleitonpinheiro.com.br\/site\/caminhada-do-silencio-lembra-vitimas-da-ditadura-de-1964\/\" \/>\n<meta property=\"og:locale\" content=\"pt_BR\" \/>\n<meta property=\"og:type\" content=\"article\" \/>\n<meta property=\"og:title\" content=\"Caminhada do Sil\u00eancio lembra v\u00edtimas da ditadura de 1964 - PORTAL DE NOT\u00cdCIAS CLEITON PINHEIRO\" \/>\n<meta property=\"og:description\" content=\"Foto:\u00a0Rovena Rosa\/Ag\u00eancia Brasil A terceira edi\u00e7\u00e3o da Caminhada do Sil\u00eancio, realizada neste domingo (2) na capital paulista, relembrou o golpe civil-militar&nbsp;de 1964, homenageou a mem\u00f3ria das v\u00edtimas da viol\u00eancia, e pediu o fim da impunidade dos crimes cometidos por agentes estado brasileiro durante a ditadura. O ato teve in\u00edcio na Pra\u00e7a da Paz, no Parque [&hellip;]\" \/>\n<meta property=\"og:url\" content=\"https:\/\/cleitonpinheiro.com.br\/site\/caminhada-do-silencio-lembra-vitimas-da-ditadura-de-1964\/\" \/>\n<meta property=\"og:site_name\" content=\"PORTAL DE NOT\u00cdCIAS CLEITON PINHEIRO\" \/>\n<meta property=\"article:publisher\" content=\"https:\/\/www.facebook.com\/portalcpnoticias\/\" \/>\n<meta property=\"article:published_time\" content=\"2023-04-03T09:12:43+00:00\" \/>\n<meta property=\"article:modified_time\" content=\"2023-04-05T12:36:03+00:00\" \/>\n<meta property=\"og:image\" content=\"https:\/\/cleitonpinheiro.com.br\/site\/wp-content\/uploads\/2023\/04\/Design-sem-nome-2023-04-03T061213-compressed.jpg\" \/>\n\t<meta property=\"og:image:width\" content=\"750\" \/>\n\t<meta property=\"og:image:height\" content=\"450\" \/>\n\t<meta property=\"og:image:type\" content=\"image\/jpeg\" \/>\n<meta name=\"author\" content=\"Dermival Pereira\" \/>\n<meta name=\"twitter:card\" content=\"summary_large_image\" \/>\n<meta name=\"twitter:label1\" content=\"Escrito por\" \/>\n\t<meta name=\"twitter:data1\" content=\"Dermival Pereira\" \/>\n\t<meta name=\"twitter:label2\" content=\"Est. tempo de leitura\" \/>\n\t<meta name=\"twitter:data2\" content=\"3 minutos\" \/>\n<script type=\"application\/ld+json\" class=\"yoast-schema-graph\">{\"@context\":\"https:\/\/schema.org\",\"@graph\":[{\"@type\":\"Article\",\"@id\":\"https:\/\/cleitonpinheiro.com.br\/site\/caminhada-do-silencio-lembra-vitimas-da-ditadura-de-1964\/#article\",\"isPartOf\":{\"@id\":\"https:\/\/cleitonpinheiro.com.br\/site\/caminhada-do-silencio-lembra-vitimas-da-ditadura-de-1964\/\"},\"author\":{\"name\":\"Dermival Pereira\",\"@id\":\"https:\/\/cleitonpinheiro.com.br\/site\/#\/schema\/person\/aac6d7f311e80c43042e98a900b03cd8\"},\"headline\":\"Caminhada do Sil\u00eancio lembra v\u00edtimas da ditadura de 1964\",\"datePublished\":\"2023-04-03T09:12:43+00:00\",\"dateModified\":\"2023-04-05T12:36:03+00:00\",\"mainEntityOfPage\":{\"@id\":\"https:\/\/cleitonpinheiro.com.br\/site\/caminhada-do-silencio-lembra-vitimas-da-ditadura-de-1964\/\"},\"wordCount\":695,\"commentCount\":0,\"publisher\":{\"@id\":\"https:\/\/cleitonpinheiro.com.br\/site\/#organization\"},\"image\":{\"@id\":\"https:\/\/cleitonpinheiro.com.br\/site\/caminhada-do-silencio-lembra-vitimas-da-ditadura-de-1964\/#primaryimage\"},\"thumbnailUrl\":\"https:\/\/cleitonpinheiro.com.br\/site\/wp-content\/uploads\/2023\/04\/Design-sem-nome-2023-04-03T061038-compressed.jpg\",\"articleSection\":[\"BRASIL \/ MUNDO\",\"TODAS NOTICIAS\"],\"inLanguage\":\"pt-BR\",\"potentialAction\":[{\"@type\":\"CommentAction\",\"name\":\"Comment\",\"target\":[\"https:\/\/cleitonpinheiro.com.br\/site\/caminhada-do-silencio-lembra-vitimas-da-ditadura-de-1964\/#respond\"]}]},{\"@type\":\"WebPage\",\"@id\":\"https:\/\/cleitonpinheiro.com.br\/site\/caminhada-do-silencio-lembra-vitimas-da-ditadura-de-1964\/\",\"url\":\"https:\/\/cleitonpinheiro.com.br\/site\/caminhada-do-silencio-lembra-vitimas-da-ditadura-de-1964\/\",\"name\":\"Caminhada do Sil\u00eancio lembra v\u00edtimas da ditadura de 1964 - PORTAL DE NOT\u00cdCIAS CLEITON PINHEIRO\",\"isPartOf\":{\"@id\":\"https:\/\/cleitonpinheiro.com.br\/site\/#website\"},\"primaryImageOfPage\":{\"@id\":\"https:\/\/cleitonpinheiro.com.br\/site\/caminhada-do-silencio-lembra-vitimas-da-ditadura-de-1964\/#primaryimage\"},\"image\":{\"@id\":\"https:\/\/cleitonpinheiro.com.br\/site\/caminhada-do-silencio-lembra-vitimas-da-ditadura-de-1964\/#primaryimage\"},\"thumbnailUrl\":\"https:\/\/cleitonpinheiro.com.br\/site\/wp-content\/uploads\/2023\/04\/Design-sem-nome-2023-04-03T061038-compressed.jpg\",\"datePublished\":\"2023-04-03T09:12:43+00:00\",\"dateModified\":\"2023-04-05T12:36:03+00:00\",\"breadcrumb\":{\"@id\":\"https:\/\/cleitonpinheiro.com.br\/site\/caminhada-do-silencio-lembra-vitimas-da-ditadura-de-1964\/#breadcrumb\"},\"inLanguage\":\"pt-BR\",\"potentialAction\":[{\"@type\":\"ReadAction\",\"target\":[\"https:\/\/cleitonpinheiro.com.br\/site\/caminhada-do-silencio-lembra-vitimas-da-ditadura-de-1964\/\"]}]},{\"@type\":\"ImageObject\",\"inLanguage\":\"pt-BR\",\"@id\":\"https:\/\/cleitonpinheiro.com.br\/site\/caminhada-do-silencio-lembra-vitimas-da-ditadura-de-1964\/#primaryimage\",\"url\":\"\",\"contentUrl\":\"\"},{\"@type\":\"BreadcrumbList\",\"@id\":\"https:\/\/cleitonpinheiro.com.br\/site\/caminhada-do-silencio-lembra-vitimas-da-ditadura-de-1964\/#breadcrumb\",\"itemListElement\":[{\"@type\":\"ListItem\",\"position\":1,\"name\":\"In\u00edcio\",\"item\":\"https:\/\/cleitonpinheiro.com.br\/site\/\"},{\"@type\":\"ListItem\",\"position\":2,\"name\":\"Caminhada do Sil\u00eancio lembra v\u00edtimas da ditadura de 1964\"}]},{\"@type\":\"WebSite\",\"@id\":\"https:\/\/cleitonpinheiro.com.br\/site\/#website\",\"url\":\"https:\/\/cleitonpinheiro.com.br\/site\/\",\"name\":\"PORTAL DE NOT\u00cdCIAS CLEITON PINHEIRO\",\"description\":\"FALANDO A VERDADE\",\"publisher\":{\"@id\":\"https:\/\/cleitonpinheiro.com.br\/site\/#organization\"},\"potentialAction\":[{\"@type\":\"SearchAction\",\"target\":{\"@type\":\"EntryPoint\",\"urlTemplate\":\"https:\/\/cleitonpinheiro.com.br\/site\/?s={search_term_string}\"},\"query-input\":{\"@type\":\"PropertyValueSpecification\",\"valueRequired\":true,\"valueName\":\"search_term_string\"}}],\"inLanguage\":\"pt-BR\"},{\"@type\":\"Organization\",\"@id\":\"https:\/\/cleitonpinheiro.com.br\/site\/#organization\",\"name\":\"CPNOT\u00cdCIAS\",\"url\":\"https:\/\/cleitonpinheiro.com.br\/site\/\",\"logo\":{\"@type\":\"ImageObject\",\"inLanguage\":\"pt-BR\",\"@id\":\"https:\/\/cleitonpinheiro.com.br\/site\/#\/schema\/logo\/image\/\",\"url\":\"https:\/\/cleitonpinheiro.com.br\/site\/wp-content\/uploads\/2022\/08\/Logo-pequena-2.png\",\"contentUrl\":\"https:\/\/cleitonpinheiro.com.br\/site\/wp-content\/uploads\/2022\/08\/Logo-pequena-2.png\",\"width\":500,\"height\":500,\"caption\":\"CPNOT\u00cdCIAS\"},\"image\":{\"@id\":\"https:\/\/cleitonpinheiro.com.br\/site\/#\/schema\/logo\/image\/\"},\"sameAs\":[\"https:\/\/www.facebook.com\/portalcpnoticias\/\"]},{\"@type\":\"Person\",\"@id\":\"https:\/\/cleitonpinheiro.com.br\/site\/#\/schema\/person\/aac6d7f311e80c43042e98a900b03cd8\",\"name\":\"Dermival Pereira\",\"image\":{\"@type\":\"ImageObject\",\"inLanguage\":\"pt-BR\",\"@id\":\"https:\/\/cleitonpinheiro.com.br\/site\/#\/schema\/person\/image\/\",\"url\":\"https:\/\/secure.gravatar.com\/avatar\/cfaebf3742d6bf8db728bcba3eed6bee37b02337a2e6c822994f20ca72a3784d?s=96&r=g\",\"contentUrl\":\"https:\/\/secure.gravatar.com\/avatar\/cfaebf3742d6bf8db728bcba3eed6bee37b02337a2e6c822994f20ca72a3784d?s=96&r=g\",\"caption\":\"Dermival Pereira\"},\"url\":\"https:\/\/cleitonpinheiro.com.br\/site\/author\/dermival\/\"}]}<\/script>\n<!-- \/ Yoast SEO plugin. -->","yoast_head_json":{"title":"Caminhada do Sil\u00eancio lembra v\u00edtimas da ditadura de 1964 - PORTAL DE NOT\u00cdCIAS CLEITON PINHEIRO","robots":{"index":"index","follow":"follow","max-snippet":"max-snippet:-1","max-image-preview":"max-image-preview:large","max-video-preview":"max-video-preview:-1"},"canonical":"https:\/\/cleitonpinheiro.com.br\/site\/caminhada-do-silencio-lembra-vitimas-da-ditadura-de-1964\/","og_locale":"pt_BR","og_type":"article","og_title":"Caminhada do Sil\u00eancio lembra v\u00edtimas da ditadura de 1964 - PORTAL DE NOT\u00cdCIAS CLEITON PINHEIRO","og_description":"Foto:\u00a0Rovena Rosa\/Ag\u00eancia Brasil A terceira edi\u00e7\u00e3o da Caminhada do Sil\u00eancio, realizada neste domingo (2) na capital paulista, relembrou o golpe civil-militar&nbsp;de 1964, homenageou a mem\u00f3ria das v\u00edtimas da viol\u00eancia, e pediu o fim da impunidade dos crimes cometidos por agentes estado brasileiro durante a ditadura. O ato teve in\u00edcio na Pra\u00e7a da Paz, no Parque [&hellip;]","og_url":"https:\/\/cleitonpinheiro.com.br\/site\/caminhada-do-silencio-lembra-vitimas-da-ditadura-de-1964\/","og_site_name":"PORTAL DE NOT\u00cdCIAS CLEITON PINHEIRO","article_publisher":"https:\/\/www.facebook.com\/portalcpnoticias\/","article_published_time":"2023-04-03T09:12:43+00:00","article_modified_time":"2023-04-05T12:36:03+00:00","og_image":[{"width":750,"height":450,"url":"https:\/\/cleitonpinheiro.com.br\/site\/wp-content\/uploads\/2023\/04\/Design-sem-nome-2023-04-03T061213-compressed.jpg","type":"image\/jpeg"}],"author":"Dermival Pereira","twitter_card":"summary_large_image","twitter_misc":{"Escrito por":"Dermival Pereira","Est. tempo de leitura":"3 minutos"},"schema":{"@context":"https:\/\/schema.org","@graph":[{"@type":"Article","@id":"https:\/\/cleitonpinheiro.com.br\/site\/caminhada-do-silencio-lembra-vitimas-da-ditadura-de-1964\/#article","isPartOf":{"@id":"https:\/\/cleitonpinheiro.com.br\/site\/caminhada-do-silencio-lembra-vitimas-da-ditadura-de-1964\/"},"author":{"name":"Dermival Pereira","@id":"https:\/\/cleitonpinheiro.com.br\/site\/#\/schema\/person\/aac6d7f311e80c43042e98a900b03cd8"},"headline":"Caminhada do Sil\u00eancio lembra v\u00edtimas da ditadura de 1964","datePublished":"2023-04-03T09:12:43+00:00","dateModified":"2023-04-05T12:36:03+00:00","mainEntityOfPage":{"@id":"https:\/\/cleitonpinheiro.com.br\/site\/caminhada-do-silencio-lembra-vitimas-da-ditadura-de-1964\/"},"wordCount":695,"commentCount":0,"publisher":{"@id":"https:\/\/cleitonpinheiro.com.br\/site\/#organization"},"image":{"@id":"https:\/\/cleitonpinheiro.com.br\/site\/caminhada-do-silencio-lembra-vitimas-da-ditadura-de-1964\/#primaryimage"},"thumbnailUrl":"https:\/\/cleitonpinheiro.com.br\/site\/wp-content\/uploads\/2023\/04\/Design-sem-nome-2023-04-03T061038-compressed.jpg","articleSection":["BRASIL \/ MUNDO","TODAS NOTICIAS"],"inLanguage":"pt-BR","potentialAction":[{"@type":"CommentAction","name":"Comment","target":["https:\/\/cleitonpinheiro.com.br\/site\/caminhada-do-silencio-lembra-vitimas-da-ditadura-de-1964\/#respond"]}]},{"@type":"WebPage","@id":"https:\/\/cleitonpinheiro.com.br\/site\/caminhada-do-silencio-lembra-vitimas-da-ditadura-de-1964\/","url":"https:\/\/cleitonpinheiro.com.br\/site\/caminhada-do-silencio-lembra-vitimas-da-ditadura-de-1964\/","name":"Caminhada do Sil\u00eancio lembra v\u00edtimas da ditadura de 1964 - PORTAL DE NOT\u00cdCIAS CLEITON PINHEIRO","isPartOf":{"@id":"https:\/\/cleitonpinheiro.com.br\/site\/#website"},"primaryImageOfPage":{"@id":"https:\/\/cleitonpinheiro.com.br\/site\/caminhada-do-silencio-lembra-vitimas-da-ditadura-de-1964\/#primaryimage"},"image":{"@id":"https:\/\/cleitonpinheiro.com.br\/site\/caminhada-do-silencio-lembra-vitimas-da-ditadura-de-1964\/#primaryimage"},"thumbnailUrl":"https:\/\/cleitonpinheiro.com.br\/site\/wp-content\/uploads\/2023\/04\/Design-sem-nome-2023-04-03T061038-compressed.jpg","datePublished":"2023-04-03T09:12:43+00:00","dateModified":"2023-04-05T12:36:03+00:00","breadcrumb":{"@id":"https:\/\/cleitonpinheiro.com.br\/site\/caminhada-do-silencio-lembra-vitimas-da-ditadura-de-1964\/#breadcrumb"},"inLanguage":"pt-BR","potentialAction":[{"@type":"ReadAction","target":["https:\/\/cleitonpinheiro.com.br\/site\/caminhada-do-silencio-lembra-vitimas-da-ditadura-de-1964\/"]}]},{"@type":"ImageObject","inLanguage":"pt-BR","@id":"https:\/\/cleitonpinheiro.com.br\/site\/caminhada-do-silencio-lembra-vitimas-da-ditadura-de-1964\/#primaryimage","url":"","contentUrl":""},{"@type":"BreadcrumbList","@id":"https:\/\/cleitonpinheiro.com.br\/site\/caminhada-do-silencio-lembra-vitimas-da-ditadura-de-1964\/#breadcrumb","itemListElement":[{"@type":"ListItem","position":1,"name":"In\u00edcio","item":"https:\/\/cleitonpinheiro.com.br\/site\/"},{"@type":"ListItem","position":2,"name":"Caminhada do Sil\u00eancio lembra v\u00edtimas da ditadura de 1964"}]},{"@type":"WebSite","@id":"https:\/\/cleitonpinheiro.com.br\/site\/#website","url":"https:\/\/cleitonpinheiro.com.br\/site\/","name":"PORTAL DE NOT\u00cdCIAS CLEITON PINHEIRO","description":"FALANDO A VERDADE","publisher":{"@id":"https:\/\/cleitonpinheiro.com.br\/site\/#organization"},"potentialAction":[{"@type":"SearchAction","target":{"@type":"EntryPoint","urlTemplate":"https:\/\/cleitonpinheiro.com.br\/site\/?s={search_term_string}"},"query-input":{"@type":"PropertyValueSpecification","valueRequired":true,"valueName":"search_term_string"}}],"inLanguage":"pt-BR"},{"@type":"Organization","@id":"https:\/\/cleitonpinheiro.com.br\/site\/#organization","name":"CPNOT\u00cdCIAS","url":"https:\/\/cleitonpinheiro.com.br\/site\/","logo":{"@type":"ImageObject","inLanguage":"pt-BR","@id":"https:\/\/cleitonpinheiro.com.br\/site\/#\/schema\/logo\/image\/","url":"https:\/\/cleitonpinheiro.com.br\/site\/wp-content\/uploads\/2022\/08\/Logo-pequena-2.png","contentUrl":"https:\/\/cleitonpinheiro.com.br\/site\/wp-content\/uploads\/2022\/08\/Logo-pequena-2.png","width":500,"height":500,"caption":"CPNOT\u00cdCIAS"},"image":{"@id":"https:\/\/cleitonpinheiro.com.br\/site\/#\/schema\/logo\/image\/"},"sameAs":["https:\/\/www.facebook.com\/portalcpnoticias\/"]},{"@type":"Person","@id":"https:\/\/cleitonpinheiro.com.br\/site\/#\/schema\/person\/aac6d7f311e80c43042e98a900b03cd8","name":"Dermival Pereira","image":{"@type":"ImageObject","inLanguage":"pt-BR","@id":"https:\/\/cleitonpinheiro.com.br\/site\/#\/schema\/person\/image\/","url":"https:\/\/secure.gravatar.com\/avatar\/cfaebf3742d6bf8db728bcba3eed6bee37b02337a2e6c822994f20ca72a3784d?s=96&r=g","contentUrl":"https:\/\/secure.gravatar.com\/avatar\/cfaebf3742d6bf8db728bcba3eed6bee37b02337a2e6c822994f20ca72a3784d?s=96&r=g","caption":"Dermival Pereira"},"url":"https:\/\/cleitonpinheiro.com.br\/site\/author\/dermival\/"}]}},"views":309,"_links":{"self":[{"href":"https:\/\/cleitonpinheiro.com.br\/site\/wp-json\/wp\/v2\/posts\/69786","targetHints":{"allow":["GET"]}}],"collection":[{"href":"https:\/\/cleitonpinheiro.com.br\/site\/wp-json\/wp\/v2\/posts"}],"about":[{"href":"https:\/\/cleitonpinheiro.com.br\/site\/wp-json\/wp\/v2\/types\/post"}],"author":[{"embeddable":true,"href":"https:\/\/cleitonpinheiro.com.br\/site\/wp-json\/wp\/v2\/users\/4"}],"replies":[{"embeddable":true,"href":"https:\/\/cleitonpinheiro.com.br\/site\/wp-json\/wp\/v2\/comments?post=69786"}],"version-history":[{"count":1,"href":"https:\/\/cleitonpinheiro.com.br\/site\/wp-json\/wp\/v2\/posts\/69786\/revisions"}],"predecessor-version":[{"id":69789,"href":"https:\/\/cleitonpinheiro.com.br\/site\/wp-json\/wp\/v2\/posts\/69786\/revisions\/69789"}],"wp:attachment":[{"href":"https:\/\/cleitonpinheiro.com.br\/site\/wp-json\/wp\/v2\/media?parent=69786"}],"wp:term":[{"taxonomy":"category","embeddable":true,"href":"https:\/\/cleitonpinheiro.com.br\/site\/wp-json\/wp\/v2\/categories?post=69786"},{"taxonomy":"post_tag","embeddable":true,"href":"https:\/\/cleitonpinheiro.com.br\/site\/wp-json\/wp\/v2\/tags?post=69786"}],"curies":[{"name":"wp","href":"https:\/\/api.w.org\/{rel}","templated":true}]}}