{"id":69790,"date":"2023-04-03T06:21:41","date_gmt":"2023-04-03T09:21:41","guid":{"rendered":"https:\/\/cleitonpinheiro.com.br\/site\/?p=69790"},"modified":"2023-04-03T06:21:42","modified_gmt":"2023-04-03T09:21:42","slug":"pec-das-domesticas-informalidade-e-precariedade-persistem-no-pais","status":"publish","type":"post","link":"https:\/\/cleitonpinheiro.com.br\/site\/pec-das-domesticas-informalidade-e-precariedade-persistem-no-pais\/","title":{"rendered":"PEC das Dom\u00e9sticas: informalidade e precariedade persistem no pa\u00eds"},"content":{"rendered":"\n<figure class=\"wp-block-image size-full is-resized\"><img fetchpriority=\"high\" decoding=\"async\" src=\"https:\/\/cleitonpinheiro.com.br\/site\/wp-content\/uploads\/2023\/04\/Design-sem-nome-2023-04-03T062112-compressed.jpg\" alt=\"\" class=\"wp-image-69791\" width=\"1021\" height=\"613\"\/><\/figure>\n\n\n\n<p>A informalidade avan\u00e7ou e a precariedade ainda persiste entre as trabalhadoras dom\u00e9sticas brasileiras, dez anos ap\u00f3s a promulga\u00e7\u00e3o da&nbsp;<a href=\"http:\/\/www.planalto.gov.br\/ccivil_03\/Constituicao\/Emendas\/Emc\/emc72.htm\" target=\"_blank\" rel=\"noreferrer noopener\"><strong>Emenda Constitucional 72<\/strong><\/a>,&nbsp;que ficou conhecida como PEC das Dom\u00e9sticas. Essa \u00e9 a avalia\u00e7\u00e3o de especialistas ouvidos pela&nbsp;<strong>Ag\u00eancia Brasil<\/strong>.<\/p>\n\n\n\n<p>Para eles, entre as raz\u00f5es est\u00e3o as crises econ\u00f4micas do per\u00edodo, a pandemia de covid-19 e mudan\u00e7as na composi\u00e7\u00e3o e costumes das fam\u00edlias. A dificuldade na fiscaliza\u00e7\u00e3o de fraudes e a estagna\u00e7\u00e3o da renda tamb\u00e9m est\u00e3o entre as preocupa\u00e7\u00f5es da categoria.<\/p>\n\n\n\n<p>\u201cO que preocupa \u00e9 que houve uma informaliza\u00e7\u00e3o, as pessoas est\u00e3o desempenhando trabalhos dom\u00e9sticos sem direitos trabalhistas em maior quantidade. T\u00ednhamos que trabalhar na passagem desse segmento para profiss\u00f5es que gerem maior realiza\u00e7\u00e3o pessoal, profissional, maior ganho financeiro, acho que esse \u00e9 o desafio\u201d, disse o economista Marcelo Neri, diretor do centro de estudos FGV Social.<\/p>\n\n\n\n<p>Segundo ele, o n\u00famero de empregadas dom\u00e9sticas no Brasil \u00e9 alto e n\u00e3o \u00e9 comum encontrar a mesma propor\u00e7\u00e3o em outros pa\u00edses. \u201cReflete a alta desigualdade brasileira\u201d, disse. \u201cE o que a experi\u00eancia mostra \u00e9 que a tentativa de combater essa desigualdade, n\u00e3o acontece sem rea\u00e7\u00f5es. Ent\u00e3o, essa troca de empregadas dom\u00e9sticas formais por diaristas reflete um pouco essa rea\u00e7\u00e3o, d\u00e1 essa sensa\u00e7\u00e3o de que a gente n\u00e3o avan\u00e7ou, apesar das boas inten\u00e7\u00f5es da legisla\u00e7\u00e3o\u201d, completou.<\/p>\n\n\n\n<p>Para a coordenadora geral da Federa\u00e7\u00e3o Nacional das Trabalhadoras Dom\u00e9sticas (Fenatrad), Luiza Batista, os direitos foram conquistados ap\u00f3s muita luta da categoria, mas a efetividade e o respeito \u00e0 legisla\u00e7\u00e3o ainda deixam muito a desejar.<\/p>\n\n\n\n<p>\u201cQuando n\u00e3o t\u00ednhamos uma ferramenta legal para reclamar direitos que n\u00e3o foram respeitados na justi\u00e7a, a gente dependia muito de jurisprud\u00eancia, do juiz que julgasse a a\u00e7\u00e3o. A partir do momento que temos uma lei que nos garante direitos \u00e9 uma alegria e ao mesmo tempo uma decep\u00e7\u00e3o, porque, infelizmente, muitos empregadores n\u00e3o respeitam, n\u00e3o registram carteira e quando vai fazer uma rescis\u00e3o, n\u00f3s s\u00f3 garantimos alguma coisa atrav\u00e9s de a\u00e7\u00e3o judicial. Isso \u00e9 muito desgastante\u201d, disse.<\/p>\n\n\n\n<p><strong>Legisla\u00e7\u00e3o<\/strong><\/p>\n\n\n\n<p>A PEC das Dom\u00e9sticas prev\u00ea igualdade de direitos trabalhistas entre dom\u00e9sticas e os demais trabalhadores, entre eles sal\u00e1rio-maternidade, aux\u00edlio-doen\u00e7a, aux\u00edlio acidente de trabalho, pens\u00e3o por morte e aposentadoria por invalidez, idade e tempo de contribui\u00e7\u00e3o. Ela tamb\u00e9m fixou a jornada desses trabalhadores em oito horas por dia e 44 horas semanais.<\/p>\n\n\n\n<p>Em 2015, a PEC passou por uma regulamenta\u00e7\u00e3o, com a aprova\u00e7\u00e3o da&nbsp;<a href=\"http:\/\/www.planalto.gov.br\/ccivil_03\/LEIS\/LCP\/Lcp150.htm\" target=\"_blank\" rel=\"noreferrer noopener\"><strong>Lei Complementar n\u00ba 150<\/strong><\/a>, que ampliou as garantias previstas para a categoria, como a obrigatoriedade de recolhimento do Fundo de Garantia do Tempo de Servi\u00e7o (FGTS) para os dom\u00e9sticos. A lei garantiu ainda acesso ao seguro-desemprego, sal\u00e1rio-fam\u00edlia e adicional noturno e de viagens. O direito a horas extras tamb\u00e9m foi assegurado na lei.<\/p>\n\n\n\n<p>A relatora da PEC das Dom\u00e9sticas na C\u00e2mara, a deputada Benedita da Silva (PT-RJ), foi empregada dom\u00e9stica. Durante a tramita\u00e7\u00e3o da mat\u00e9ria, a parlamentar contou que, desde menina, ajudava sua m\u00e3e, que foi lavadeira do ex-presidente Juscelino Kubitschek, na d\u00e9cada de 50, no Rio de Janeiro. A proposta foi promulgada no dia 2 de abril, no governo da presidenta Dilma Rousseff.&nbsp;<\/p>\n\n\n\n<p>&#8220;Foi em 2013, com o apoio da presidenta Dilma, que o Congresso Nacional aprovou, por quase unanimidade, a PEC das Dom\u00e9sticas, que tive a honra de relatar, garantindo \u00e0 categoria os direitos trabalhistas. Para mim, que tanto lutei desde a Constituinte para garantir os direitos das dom\u00e9sticas foi uma vit\u00f3ria pessoal. Depois de anos de desmonte e desgoverno, a luta continua para recuperar a dignidade de todas as trabalhadoras e trabalhadores&#8221;, disse a deputada, por meio de sua rede social. <em><strong>(Da Ag\u00eancia Brasil).<\/strong><\/em><\/p>\n","protected":false},"excerpt":{"rendered":"<p>A informalidade avan\u00e7ou e a precariedade ainda persiste entre as trabalhadoras dom\u00e9sticas brasileiras, dez anos ap\u00f3s a promulga\u00e7\u00e3o da&nbsp;Emenda Constitucional 72,&nbsp;que ficou conhecida como PEC das Dom\u00e9sticas. Essa \u00e9 a avalia\u00e7\u00e3o de especialistas ouvidos pela&nbsp;Ag\u00eancia Brasil. Para eles, entre as raz\u00f5es est\u00e3o as crises econ\u00f4micas do per\u00edodo, a pandemia de covid-19 e mudan\u00e7as na composi\u00e7\u00e3o [&hellip;]<\/p>\n","protected":false},"author":4,"featured_media":0,"comment_status":"open","ping_status":"open","sticky":false,"template":"","format":"standard","meta":{"_acf_changed":false,"footnotes":""},"categories":[19,20],"tags":[],"class_list":["post-69790","post","type-post","status-publish","format-standard","hentry","category-brasil-mundo","category-noticias-em-destaque"],"acf":[],"yoast_head":"<!-- This site is optimized with the Yoast SEO plugin v24.4 - https:\/\/yoast.com\/wordpress\/plugins\/seo\/ -->\n<title>PEC das Dom\u00e9sticas: informalidade e precariedade persistem no pa\u00eds - PORTAL DE NOT\u00cdCIAS CLEITON PINHEIRO<\/title>\n<meta name=\"robots\" content=\"index, follow, max-snippet:-1, max-image-preview:large, max-video-preview:-1\" \/>\n<link rel=\"canonical\" href=\"https:\/\/cleitonpinheiro.com.br\/site\/pec-das-domesticas-informalidade-e-precariedade-persistem-no-pais\/\" \/>\n<meta property=\"og:locale\" content=\"pt_BR\" \/>\n<meta property=\"og:type\" content=\"article\" \/>\n<meta property=\"og:title\" content=\"PEC das Dom\u00e9sticas: informalidade e precariedade persistem no pa\u00eds - PORTAL DE NOT\u00cdCIAS CLEITON PINHEIRO\" \/>\n<meta property=\"og:description\" content=\"A informalidade avan\u00e7ou e a precariedade ainda persiste entre as trabalhadoras dom\u00e9sticas brasileiras, dez anos ap\u00f3s a promulga\u00e7\u00e3o da&nbsp;Emenda Constitucional 72,&nbsp;que ficou conhecida como PEC das Dom\u00e9sticas. Essa \u00e9 a avalia\u00e7\u00e3o de especialistas ouvidos pela&nbsp;Ag\u00eancia Brasil. Para eles, entre as raz\u00f5es est\u00e3o as crises econ\u00f4micas do per\u00edodo, a pandemia de covid-19 e mudan\u00e7as na composi\u00e7\u00e3o [&hellip;]\" \/>\n<meta property=\"og:url\" content=\"https:\/\/cleitonpinheiro.com.br\/site\/pec-das-domesticas-informalidade-e-precariedade-persistem-no-pais\/\" \/>\n<meta property=\"og:site_name\" content=\"PORTAL DE NOT\u00cdCIAS CLEITON PINHEIRO\" \/>\n<meta property=\"article:publisher\" content=\"https:\/\/www.facebook.com\/portalcpnoticias\/\" \/>\n<meta property=\"article:published_time\" content=\"2023-04-03T09:21:41+00:00\" \/>\n<meta property=\"article:modified_time\" content=\"2023-04-03T09:21:42+00:00\" \/>\n<meta property=\"og:image\" content=\"https:\/\/cleitonpinheiro.com.br\/site\/wp-content\/uploads\/2023\/04\/Design-sem-nome-2023-04-03T062112-compressed.jpg\" \/>\n\t<meta property=\"og:image:width\" content=\"750\" \/>\n\t<meta property=\"og:image:height\" content=\"450\" \/>\n\t<meta property=\"og:image:type\" content=\"image\/jpeg\" \/>\n<meta name=\"author\" content=\"Dermival Pereira\" \/>\n<meta name=\"twitter:card\" content=\"summary_large_image\" \/>\n<meta name=\"twitter:label1\" content=\"Escrito por\" \/>\n\t<meta name=\"twitter:data1\" content=\"Dermival Pereira\" \/>\n\t<meta name=\"twitter:label2\" content=\"Est. tempo de leitura\" \/>\n\t<meta name=\"twitter:data2\" content=\"3 minutos\" \/>\n<script type=\"application\/ld+json\" class=\"yoast-schema-graph\">{\"@context\":\"https:\/\/schema.org\",\"@graph\":[{\"@type\":\"Article\",\"@id\":\"https:\/\/cleitonpinheiro.com.br\/site\/pec-das-domesticas-informalidade-e-precariedade-persistem-no-pais\/#article\",\"isPartOf\":{\"@id\":\"https:\/\/cleitonpinheiro.com.br\/site\/pec-das-domesticas-informalidade-e-precariedade-persistem-no-pais\/\"},\"author\":{\"name\":\"Dermival Pereira\",\"@id\":\"https:\/\/cleitonpinheiro.com.br\/site\/#\/schema\/person\/aac6d7f311e80c43042e98a900b03cd8\"},\"headline\":\"PEC das Dom\u00e9sticas: informalidade e precariedade persistem no pa\u00eds\",\"datePublished\":\"2023-04-03T09:21:41+00:00\",\"dateModified\":\"2023-04-03T09:21:42+00:00\",\"mainEntityOfPage\":{\"@id\":\"https:\/\/cleitonpinheiro.com.br\/site\/pec-das-domesticas-informalidade-e-precariedade-persistem-no-pais\/\"},\"wordCount\":670,\"commentCount\":0,\"publisher\":{\"@id\":\"https:\/\/cleitonpinheiro.com.br\/site\/#organization\"},\"image\":{\"@id\":\"https:\/\/cleitonpinheiro.com.br\/site\/pec-das-domesticas-informalidade-e-precariedade-persistem-no-pais\/#primaryimage\"},\"thumbnailUrl\":\"https:\/\/cleitonpinheiro.com.br\/site\/wp-content\/uploads\/2023\/04\/Design-sem-nome-2023-04-03T062112-compressed.jpg\",\"articleSection\":[\"BRASIL \/ MUNDO\",\"NOT\u00cdCIAS EM DESTAQUE\"],\"inLanguage\":\"pt-BR\",\"potentialAction\":[{\"@type\":\"CommentAction\",\"name\":\"Comment\",\"target\":[\"https:\/\/cleitonpinheiro.com.br\/site\/pec-das-domesticas-informalidade-e-precariedade-persistem-no-pais\/#respond\"]}]},{\"@type\":\"WebPage\",\"@id\":\"https:\/\/cleitonpinheiro.com.br\/site\/pec-das-domesticas-informalidade-e-precariedade-persistem-no-pais\/\",\"url\":\"https:\/\/cleitonpinheiro.com.br\/site\/pec-das-domesticas-informalidade-e-precariedade-persistem-no-pais\/\",\"name\":\"PEC das Dom\u00e9sticas: informalidade e precariedade persistem no pa\u00eds - PORTAL DE NOT\u00cdCIAS CLEITON PINHEIRO\",\"isPartOf\":{\"@id\":\"https:\/\/cleitonpinheiro.com.br\/site\/#website\"},\"primaryImageOfPage\":{\"@id\":\"https:\/\/cleitonpinheiro.com.br\/site\/pec-das-domesticas-informalidade-e-precariedade-persistem-no-pais\/#primaryimage\"},\"image\":{\"@id\":\"https:\/\/cleitonpinheiro.com.br\/site\/pec-das-domesticas-informalidade-e-precariedade-persistem-no-pais\/#primaryimage\"},\"thumbnailUrl\":\"https:\/\/cleitonpinheiro.com.br\/site\/wp-content\/uploads\/2023\/04\/Design-sem-nome-2023-04-03T062112-compressed.jpg\",\"datePublished\":\"2023-04-03T09:21:41+00:00\",\"dateModified\":\"2023-04-03T09:21:42+00:00\",\"breadcrumb\":{\"@id\":\"https:\/\/cleitonpinheiro.com.br\/site\/pec-das-domesticas-informalidade-e-precariedade-persistem-no-pais\/#breadcrumb\"},\"inLanguage\":\"pt-BR\",\"potentialAction\":[{\"@type\":\"ReadAction\",\"target\":[\"https:\/\/cleitonpinheiro.com.br\/site\/pec-das-domesticas-informalidade-e-precariedade-persistem-no-pais\/\"]}]},{\"@type\":\"ImageObject\",\"inLanguage\":\"pt-BR\",\"@id\":\"https:\/\/cleitonpinheiro.com.br\/site\/pec-das-domesticas-informalidade-e-precariedade-persistem-no-pais\/#primaryimage\",\"url\":\"\",\"contentUrl\":\"\"},{\"@type\":\"BreadcrumbList\",\"@id\":\"https:\/\/cleitonpinheiro.com.br\/site\/pec-das-domesticas-informalidade-e-precariedade-persistem-no-pais\/#breadcrumb\",\"itemListElement\":[{\"@type\":\"ListItem\",\"position\":1,\"name\":\"In\u00edcio\",\"item\":\"https:\/\/cleitonpinheiro.com.br\/site\/\"},{\"@type\":\"ListItem\",\"position\":2,\"name\":\"PEC das Dom\u00e9sticas: informalidade e precariedade persistem no pa\u00eds\"}]},{\"@type\":\"WebSite\",\"@id\":\"https:\/\/cleitonpinheiro.com.br\/site\/#website\",\"url\":\"https:\/\/cleitonpinheiro.com.br\/site\/\",\"name\":\"PORTAL DE NOT\u00cdCIAS CLEITON PINHEIRO\",\"description\":\"FALANDO A VERDADE\",\"publisher\":{\"@id\":\"https:\/\/cleitonpinheiro.com.br\/site\/#organization\"},\"potentialAction\":[{\"@type\":\"SearchAction\",\"target\":{\"@type\":\"EntryPoint\",\"urlTemplate\":\"https:\/\/cleitonpinheiro.com.br\/site\/?s={search_term_string}\"},\"query-input\":{\"@type\":\"PropertyValueSpecification\",\"valueRequired\":true,\"valueName\":\"search_term_string\"}}],\"inLanguage\":\"pt-BR\"},{\"@type\":\"Organization\",\"@id\":\"https:\/\/cleitonpinheiro.com.br\/site\/#organization\",\"name\":\"CPNOT\u00cdCIAS\",\"url\":\"https:\/\/cleitonpinheiro.com.br\/site\/\",\"logo\":{\"@type\":\"ImageObject\",\"inLanguage\":\"pt-BR\",\"@id\":\"https:\/\/cleitonpinheiro.com.br\/site\/#\/schema\/logo\/image\/\",\"url\":\"https:\/\/cleitonpinheiro.com.br\/site\/wp-content\/uploads\/2022\/08\/Logo-pequena-2.png\",\"contentUrl\":\"https:\/\/cleitonpinheiro.com.br\/site\/wp-content\/uploads\/2022\/08\/Logo-pequena-2.png\",\"width\":500,\"height\":500,\"caption\":\"CPNOT\u00cdCIAS\"},\"image\":{\"@id\":\"https:\/\/cleitonpinheiro.com.br\/site\/#\/schema\/logo\/image\/\"},\"sameAs\":[\"https:\/\/www.facebook.com\/portalcpnoticias\/\"]},{\"@type\":\"Person\",\"@id\":\"https:\/\/cleitonpinheiro.com.br\/site\/#\/schema\/person\/aac6d7f311e80c43042e98a900b03cd8\",\"name\":\"Dermival Pereira\",\"image\":{\"@type\":\"ImageObject\",\"inLanguage\":\"pt-BR\",\"@id\":\"https:\/\/cleitonpinheiro.com.br\/site\/#\/schema\/person\/image\/\",\"url\":\"https:\/\/secure.gravatar.com\/avatar\/cfaebf3742d6bf8db728bcba3eed6bee37b02337a2e6c822994f20ca72a3784d?s=96&r=g\",\"contentUrl\":\"https:\/\/secure.gravatar.com\/avatar\/cfaebf3742d6bf8db728bcba3eed6bee37b02337a2e6c822994f20ca72a3784d?s=96&r=g\",\"caption\":\"Dermival Pereira\"},\"url\":\"https:\/\/cleitonpinheiro.com.br\/site\/author\/dermival\/\"}]}<\/script>\n<!-- \/ Yoast SEO plugin. -->","yoast_head_json":{"title":"PEC das Dom\u00e9sticas: informalidade e precariedade persistem no pa\u00eds - PORTAL DE NOT\u00cdCIAS CLEITON PINHEIRO","robots":{"index":"index","follow":"follow","max-snippet":"max-snippet:-1","max-image-preview":"max-image-preview:large","max-video-preview":"max-video-preview:-1"},"canonical":"https:\/\/cleitonpinheiro.com.br\/site\/pec-das-domesticas-informalidade-e-precariedade-persistem-no-pais\/","og_locale":"pt_BR","og_type":"article","og_title":"PEC das Dom\u00e9sticas: informalidade e precariedade persistem no pa\u00eds - PORTAL DE NOT\u00cdCIAS CLEITON PINHEIRO","og_description":"A informalidade avan\u00e7ou e a precariedade ainda persiste entre as trabalhadoras dom\u00e9sticas brasileiras, dez anos ap\u00f3s a promulga\u00e7\u00e3o da&nbsp;Emenda Constitucional 72,&nbsp;que ficou conhecida como PEC das Dom\u00e9sticas. Essa \u00e9 a avalia\u00e7\u00e3o de especialistas ouvidos pela&nbsp;Ag\u00eancia Brasil. Para eles, entre as raz\u00f5es est\u00e3o as crises econ\u00f4micas do per\u00edodo, a pandemia de covid-19 e mudan\u00e7as na composi\u00e7\u00e3o [&hellip;]","og_url":"https:\/\/cleitonpinheiro.com.br\/site\/pec-das-domesticas-informalidade-e-precariedade-persistem-no-pais\/","og_site_name":"PORTAL DE NOT\u00cdCIAS CLEITON PINHEIRO","article_publisher":"https:\/\/www.facebook.com\/portalcpnoticias\/","article_published_time":"2023-04-03T09:21:41+00:00","article_modified_time":"2023-04-03T09:21:42+00:00","og_image":[{"width":750,"height":450,"url":"https:\/\/cleitonpinheiro.com.br\/site\/wp-content\/uploads\/2023\/04\/Design-sem-nome-2023-04-03T062112-compressed.jpg","type":"image\/jpeg"}],"author":"Dermival Pereira","twitter_card":"summary_large_image","twitter_misc":{"Escrito por":"Dermival Pereira","Est. tempo de leitura":"3 minutos"},"schema":{"@context":"https:\/\/schema.org","@graph":[{"@type":"Article","@id":"https:\/\/cleitonpinheiro.com.br\/site\/pec-das-domesticas-informalidade-e-precariedade-persistem-no-pais\/#article","isPartOf":{"@id":"https:\/\/cleitonpinheiro.com.br\/site\/pec-das-domesticas-informalidade-e-precariedade-persistem-no-pais\/"},"author":{"name":"Dermival Pereira","@id":"https:\/\/cleitonpinheiro.com.br\/site\/#\/schema\/person\/aac6d7f311e80c43042e98a900b03cd8"},"headline":"PEC das Dom\u00e9sticas: informalidade e precariedade persistem no pa\u00eds","datePublished":"2023-04-03T09:21:41+00:00","dateModified":"2023-04-03T09:21:42+00:00","mainEntityOfPage":{"@id":"https:\/\/cleitonpinheiro.com.br\/site\/pec-das-domesticas-informalidade-e-precariedade-persistem-no-pais\/"},"wordCount":670,"commentCount":0,"publisher":{"@id":"https:\/\/cleitonpinheiro.com.br\/site\/#organization"},"image":{"@id":"https:\/\/cleitonpinheiro.com.br\/site\/pec-das-domesticas-informalidade-e-precariedade-persistem-no-pais\/#primaryimage"},"thumbnailUrl":"https:\/\/cleitonpinheiro.com.br\/site\/wp-content\/uploads\/2023\/04\/Design-sem-nome-2023-04-03T062112-compressed.jpg","articleSection":["BRASIL \/ MUNDO","NOT\u00cdCIAS EM DESTAQUE"],"inLanguage":"pt-BR","potentialAction":[{"@type":"CommentAction","name":"Comment","target":["https:\/\/cleitonpinheiro.com.br\/site\/pec-das-domesticas-informalidade-e-precariedade-persistem-no-pais\/#respond"]}]},{"@type":"WebPage","@id":"https:\/\/cleitonpinheiro.com.br\/site\/pec-das-domesticas-informalidade-e-precariedade-persistem-no-pais\/","url":"https:\/\/cleitonpinheiro.com.br\/site\/pec-das-domesticas-informalidade-e-precariedade-persistem-no-pais\/","name":"PEC das Dom\u00e9sticas: informalidade e precariedade persistem no pa\u00eds - PORTAL DE NOT\u00cdCIAS CLEITON PINHEIRO","isPartOf":{"@id":"https:\/\/cleitonpinheiro.com.br\/site\/#website"},"primaryImageOfPage":{"@id":"https:\/\/cleitonpinheiro.com.br\/site\/pec-das-domesticas-informalidade-e-precariedade-persistem-no-pais\/#primaryimage"},"image":{"@id":"https:\/\/cleitonpinheiro.com.br\/site\/pec-das-domesticas-informalidade-e-precariedade-persistem-no-pais\/#primaryimage"},"thumbnailUrl":"https:\/\/cleitonpinheiro.com.br\/site\/wp-content\/uploads\/2023\/04\/Design-sem-nome-2023-04-03T062112-compressed.jpg","datePublished":"2023-04-03T09:21:41+00:00","dateModified":"2023-04-03T09:21:42+00:00","breadcrumb":{"@id":"https:\/\/cleitonpinheiro.com.br\/site\/pec-das-domesticas-informalidade-e-precariedade-persistem-no-pais\/#breadcrumb"},"inLanguage":"pt-BR","potentialAction":[{"@type":"ReadAction","target":["https:\/\/cleitonpinheiro.com.br\/site\/pec-das-domesticas-informalidade-e-precariedade-persistem-no-pais\/"]}]},{"@type":"ImageObject","inLanguage":"pt-BR","@id":"https:\/\/cleitonpinheiro.com.br\/site\/pec-das-domesticas-informalidade-e-precariedade-persistem-no-pais\/#primaryimage","url":"","contentUrl":""},{"@type":"BreadcrumbList","@id":"https:\/\/cleitonpinheiro.com.br\/site\/pec-das-domesticas-informalidade-e-precariedade-persistem-no-pais\/#breadcrumb","itemListElement":[{"@type":"ListItem","position":1,"name":"In\u00edcio","item":"https:\/\/cleitonpinheiro.com.br\/site\/"},{"@type":"ListItem","position":2,"name":"PEC das Dom\u00e9sticas: informalidade e precariedade persistem no pa\u00eds"}]},{"@type":"WebSite","@id":"https:\/\/cleitonpinheiro.com.br\/site\/#website","url":"https:\/\/cleitonpinheiro.com.br\/site\/","name":"PORTAL DE NOT\u00cdCIAS CLEITON PINHEIRO","description":"FALANDO A VERDADE","publisher":{"@id":"https:\/\/cleitonpinheiro.com.br\/site\/#organization"},"potentialAction":[{"@type":"SearchAction","target":{"@type":"EntryPoint","urlTemplate":"https:\/\/cleitonpinheiro.com.br\/site\/?s={search_term_string}"},"query-input":{"@type":"PropertyValueSpecification","valueRequired":true,"valueName":"search_term_string"}}],"inLanguage":"pt-BR"},{"@type":"Organization","@id":"https:\/\/cleitonpinheiro.com.br\/site\/#organization","name":"CPNOT\u00cdCIAS","url":"https:\/\/cleitonpinheiro.com.br\/site\/","logo":{"@type":"ImageObject","inLanguage":"pt-BR","@id":"https:\/\/cleitonpinheiro.com.br\/site\/#\/schema\/logo\/image\/","url":"https:\/\/cleitonpinheiro.com.br\/site\/wp-content\/uploads\/2022\/08\/Logo-pequena-2.png","contentUrl":"https:\/\/cleitonpinheiro.com.br\/site\/wp-content\/uploads\/2022\/08\/Logo-pequena-2.png","width":500,"height":500,"caption":"CPNOT\u00cdCIAS"},"image":{"@id":"https:\/\/cleitonpinheiro.com.br\/site\/#\/schema\/logo\/image\/"},"sameAs":["https:\/\/www.facebook.com\/portalcpnoticias\/"]},{"@type":"Person","@id":"https:\/\/cleitonpinheiro.com.br\/site\/#\/schema\/person\/aac6d7f311e80c43042e98a900b03cd8","name":"Dermival Pereira","image":{"@type":"ImageObject","inLanguage":"pt-BR","@id":"https:\/\/cleitonpinheiro.com.br\/site\/#\/schema\/person\/image\/","url":"https:\/\/secure.gravatar.com\/avatar\/cfaebf3742d6bf8db728bcba3eed6bee37b02337a2e6c822994f20ca72a3784d?s=96&r=g","contentUrl":"https:\/\/secure.gravatar.com\/avatar\/cfaebf3742d6bf8db728bcba3eed6bee37b02337a2e6c822994f20ca72a3784d?s=96&r=g","caption":"Dermival Pereira"},"url":"https:\/\/cleitonpinheiro.com.br\/site\/author\/dermival\/"}]}},"views":255,"_links":{"self":[{"href":"https:\/\/cleitonpinheiro.com.br\/site\/wp-json\/wp\/v2\/posts\/69790","targetHints":{"allow":["GET"]}}],"collection":[{"href":"https:\/\/cleitonpinheiro.com.br\/site\/wp-json\/wp\/v2\/posts"}],"about":[{"href":"https:\/\/cleitonpinheiro.com.br\/site\/wp-json\/wp\/v2\/types\/post"}],"author":[{"embeddable":true,"href":"https:\/\/cleitonpinheiro.com.br\/site\/wp-json\/wp\/v2\/users\/4"}],"replies":[{"embeddable":true,"href":"https:\/\/cleitonpinheiro.com.br\/site\/wp-json\/wp\/v2\/comments?post=69790"}],"version-history":[{"count":1,"href":"https:\/\/cleitonpinheiro.com.br\/site\/wp-json\/wp\/v2\/posts\/69790\/revisions"}],"predecessor-version":[{"id":69792,"href":"https:\/\/cleitonpinheiro.com.br\/site\/wp-json\/wp\/v2\/posts\/69790\/revisions\/69792"}],"wp:attachment":[{"href":"https:\/\/cleitonpinheiro.com.br\/site\/wp-json\/wp\/v2\/media?parent=69790"}],"wp:term":[{"taxonomy":"category","embeddable":true,"href":"https:\/\/cleitonpinheiro.com.br\/site\/wp-json\/wp\/v2\/categories?post=69790"},{"taxonomy":"post_tag","embeddable":true,"href":"https:\/\/cleitonpinheiro.com.br\/site\/wp-json\/wp\/v2\/tags?post=69790"}],"curies":[{"name":"wp","href":"https:\/\/api.w.org\/{rel}","templated":true}]}}