{"id":69796,"date":"2023-04-03T06:37:27","date_gmt":"2023-04-03T09:37:27","guid":{"rendered":"https:\/\/cleitonpinheiro.com.br\/site\/?p=69796"},"modified":"2023-04-03T06:38:49","modified_gmt":"2023-04-03T09:38:49","slug":"sesi-corrida-de-rua-do-trabalhador-em-palmas-esta-com-inscricoes-abertas","status":"publish","type":"post","link":"https:\/\/cleitonpinheiro.com.br\/site\/sesi-corrida-de-rua-do-trabalhador-em-palmas-esta-com-inscricoes-abertas\/","title":{"rendered":"SESI Corrida de Rua do Trabalhador est\u00e1 com inscri\u00e7\u00f5es abertas"},"content":{"rendered":"\n<figure class=\"wp-block-image size-full is-resized\"><img fetchpriority=\"high\" decoding=\"async\" src=\"https:\/\/cleitonpinheiro.com.br\/site\/wp-content\/uploads\/2023\/04\/Design-sem-nome-2023-04-03T063631-compressed.jpg\" alt=\"\" class=\"wp-image-69797\" width=\"1018\" height=\"611\"\/><\/figure>\n\n\n\n<p>Foto: Ascom do Sesi\/Divulga\u00e7\u00e3o<\/p>\n\n\n\n<p>Come\u00e7am amanh\u00e3, dia 1\u00ba\/04, as inscri\u00e7\u00f5es para a SESI Corrida de Rua do Trabalhador, que ser\u00e1 realizada no dia 07\/05 em Palmas. O evento \u00e9 voltado para a comunidade em geral, com foco no trabalhador da ind\u00fastria e seus dependentes,&nbsp;estimulando a mudan\u00e7a de comportamento e estilo de vida, com foco em h\u00e1bitos esportivos, para combate ao sedentarismo, absente\u00edsmo, presente\u00edsmo e diferentes males f\u00edsicos, sociais, cognitivos e emocionais;<\/p>\n\n\n\n<p>O percurso ter\u00e1 7 km e a concentra\u00e7\u00e3o come\u00e7ar\u00e1 \u00e0s 6:45, com largada \u00e0s 7 horas do SESI Esporte, na 902 sul, avenida Teot\u00f4nio Segurado. Para se inscrever, o candidato deve acessar o site<a href=\"https:\/\/www.centraldacorrida.com.br\/sesi-corrida-de-rua-do-trabalhador\" target=\"_blank\" rel=\"noreferrer noopener\">&nbsp;https:\/\/www.centraldacorrida.com.br\/sesi-corrida-de-rua-do-trabalhador<\/a>.<\/p>\n\n\n\n<p>Cada participante, legalmente inscrito, ter\u00e1 direito a um kit com chip, um n\u00famero de peito e como forma de cortesia, uma camisa do evento, al\u00e9m de receber ao final do evento a medalha de participa\u00e7\u00e3o. As entregas dos Kits ocorrem nos dias 05 e 06 de maio, na sede do SESI Esporte.<\/p>\n\n\n\n<p>Haver\u00e1 premia\u00e7\u00e3o especial em dinheiro para os 05 primeiros colocados da categoria GERAL e categoria Trabalhador da Ind\u00fastria (feminino e masculino).<\/p>\n","protected":false},"excerpt":{"rendered":"<p>Foto: Ascom do Sesi\/Divulga\u00e7\u00e3o Come\u00e7am amanh\u00e3, dia 1\u00ba\/04, as inscri\u00e7\u00f5es para a SESI Corrida de Rua do Trabalhador, que ser\u00e1 realizada no dia 07\/05 em Palmas. O evento \u00e9 voltado para a comunidade em geral, com foco no trabalhador da ind\u00fastria e seus dependentes,&nbsp;estimulando a mudan\u00e7a de comportamento e estilo de vida, com foco em [&hellip;]<\/p>\n","protected":false},"author":4,"featured_media":0,"comment_status":"open","ping_status":"open","sticky":false,"template":"","format":"standard","meta":{"_acf_changed":false,"footnotes":""},"categories":[1,20],"tags":[],"class_list":["post-69796","post","type-post","status-publish","format-standard","hentry","category-esporte","category-noticias-em-destaque"],"acf":[],"yoast_head":"<!-- This site is optimized with the Yoast SEO plugin v24.4 - https:\/\/yoast.com\/wordpress\/plugins\/seo\/ -->\n<title>SESI Corrida de Rua do Trabalhador est\u00e1 com inscri\u00e7\u00f5es abertas - PORTAL DE NOT\u00cdCIAS CLEITON PINHEIRO<\/title>\n<meta name=\"robots\" content=\"index, follow, max-snippet:-1, max-image-preview:large, max-video-preview:-1\" \/>\n<link rel=\"canonical\" href=\"https:\/\/cleitonpinheiro.com.br\/site\/sesi-corrida-de-rua-do-trabalhador-em-palmas-esta-com-inscricoes-abertas\/\" \/>\n<meta property=\"og:locale\" content=\"pt_BR\" \/>\n<meta property=\"og:type\" content=\"article\" \/>\n<meta property=\"og:title\" content=\"SESI Corrida de Rua do Trabalhador est\u00e1 com inscri\u00e7\u00f5es abertas - PORTAL DE NOT\u00cdCIAS CLEITON PINHEIRO\" \/>\n<meta property=\"og:description\" content=\"Foto: Ascom do Sesi\/Divulga\u00e7\u00e3o Come\u00e7am amanh\u00e3, dia 1\u00ba\/04, as inscri\u00e7\u00f5es para a SESI Corrida de Rua do Trabalhador, que ser\u00e1 realizada no dia 07\/05 em Palmas. O evento \u00e9 voltado para a comunidade em geral, com foco no trabalhador da ind\u00fastria e seus dependentes,&nbsp;estimulando a mudan\u00e7a de comportamento e estilo de vida, com foco em [&hellip;]\" \/>\n<meta property=\"og:url\" content=\"https:\/\/cleitonpinheiro.com.br\/site\/sesi-corrida-de-rua-do-trabalhador-em-palmas-esta-com-inscricoes-abertas\/\" \/>\n<meta property=\"og:site_name\" content=\"PORTAL DE NOT\u00cdCIAS CLEITON PINHEIRO\" \/>\n<meta property=\"article:publisher\" content=\"https:\/\/www.facebook.com\/portalcpnoticias\/\" \/>\n<meta property=\"article:published_time\" content=\"2023-04-03T09:37:27+00:00\" \/>\n<meta property=\"article:modified_time\" content=\"2023-04-03T09:38:49+00:00\" \/>\n<meta property=\"og:image\" content=\"https:\/\/cleitonpinheiro.com.br\/site\/wp-content\/uploads\/2023\/04\/Design-sem-nome-2023-04-03T063631-compressed.jpg\" \/>\n\t<meta property=\"og:image:width\" content=\"750\" \/>\n\t<meta property=\"og:image:height\" content=\"450\" \/>\n\t<meta property=\"og:image:type\" content=\"image\/jpeg\" \/>\n<meta name=\"author\" content=\"Dermival Pereira\" \/>\n<meta name=\"twitter:card\" content=\"summary_large_image\" \/>\n<meta name=\"twitter:label1\" content=\"Escrito por\" \/>\n\t<meta name=\"twitter:data1\" content=\"Dermival Pereira\" \/>\n\t<meta name=\"twitter:label2\" content=\"Est. tempo de leitura\" \/>\n\t<meta name=\"twitter:data2\" content=\"1 minuto\" \/>\n<script type=\"application\/ld+json\" class=\"yoast-schema-graph\">{\"@context\":\"https:\/\/schema.org\",\"@graph\":[{\"@type\":\"Article\",\"@id\":\"https:\/\/cleitonpinheiro.com.br\/site\/sesi-corrida-de-rua-do-trabalhador-em-palmas-esta-com-inscricoes-abertas\/#article\",\"isPartOf\":{\"@id\":\"https:\/\/cleitonpinheiro.com.br\/site\/sesi-corrida-de-rua-do-trabalhador-em-palmas-esta-com-inscricoes-abertas\/\"},\"author\":{\"name\":\"Dermival Pereira\",\"@id\":\"https:\/\/cleitonpinheiro.com.br\/site\/#\/schema\/person\/aac6d7f311e80c43042e98a900b03cd8\"},\"headline\":\"SESI Corrida de Rua do Trabalhador est\u00e1 com inscri\u00e7\u00f5es abertas\",\"datePublished\":\"2023-04-03T09:37:27+00:00\",\"dateModified\":\"2023-04-03T09:38:49+00:00\",\"mainEntityOfPage\":{\"@id\":\"https:\/\/cleitonpinheiro.com.br\/site\/sesi-corrida-de-rua-do-trabalhador-em-palmas-esta-com-inscricoes-abertas\/\"},\"wordCount\":206,\"commentCount\":0,\"publisher\":{\"@id\":\"https:\/\/cleitonpinheiro.com.br\/site\/#organization\"},\"image\":{\"@id\":\"https:\/\/cleitonpinheiro.com.br\/site\/sesi-corrida-de-rua-do-trabalhador-em-palmas-esta-com-inscricoes-abertas\/#primaryimage\"},\"thumbnailUrl\":\"https:\/\/cleitonpinheiro.com.br\/site\/wp-content\/uploads\/2023\/04\/Design-sem-nome-2023-04-03T063631-compressed.jpg\",\"articleSection\":[\"ESPORTE\",\"NOT\u00cdCIAS EM DESTAQUE\"],\"inLanguage\":\"pt-BR\",\"potentialAction\":[{\"@type\":\"CommentAction\",\"name\":\"Comment\",\"target\":[\"https:\/\/cleitonpinheiro.com.br\/site\/sesi-corrida-de-rua-do-trabalhador-em-palmas-esta-com-inscricoes-abertas\/#respond\"]}]},{\"@type\":\"WebPage\",\"@id\":\"https:\/\/cleitonpinheiro.com.br\/site\/sesi-corrida-de-rua-do-trabalhador-em-palmas-esta-com-inscricoes-abertas\/\",\"url\":\"https:\/\/cleitonpinheiro.com.br\/site\/sesi-corrida-de-rua-do-trabalhador-em-palmas-esta-com-inscricoes-abertas\/\",\"name\":\"SESI Corrida de Rua do Trabalhador est\u00e1 com inscri\u00e7\u00f5es abertas - PORTAL DE NOT\u00cdCIAS CLEITON PINHEIRO\",\"isPartOf\":{\"@id\":\"https:\/\/cleitonpinheiro.com.br\/site\/#website\"},\"primaryImageOfPage\":{\"@id\":\"https:\/\/cleitonpinheiro.com.br\/site\/sesi-corrida-de-rua-do-trabalhador-em-palmas-esta-com-inscricoes-abertas\/#primaryimage\"},\"image\":{\"@id\":\"https:\/\/cleitonpinheiro.com.br\/site\/sesi-corrida-de-rua-do-trabalhador-em-palmas-esta-com-inscricoes-abertas\/#primaryimage\"},\"thumbnailUrl\":\"https:\/\/cleitonpinheiro.com.br\/site\/wp-content\/uploads\/2023\/04\/Design-sem-nome-2023-04-03T063631-compressed.jpg\",\"datePublished\":\"2023-04-03T09:37:27+00:00\",\"dateModified\":\"2023-04-03T09:38:49+00:00\",\"breadcrumb\":{\"@id\":\"https:\/\/cleitonpinheiro.com.br\/site\/sesi-corrida-de-rua-do-trabalhador-em-palmas-esta-com-inscricoes-abertas\/#breadcrumb\"},\"inLanguage\":\"pt-BR\",\"potentialAction\":[{\"@type\":\"ReadAction\",\"target\":[\"https:\/\/cleitonpinheiro.com.br\/site\/sesi-corrida-de-rua-do-trabalhador-em-palmas-esta-com-inscricoes-abertas\/\"]}]},{\"@type\":\"ImageObject\",\"inLanguage\":\"pt-BR\",\"@id\":\"https:\/\/cleitonpinheiro.com.br\/site\/sesi-corrida-de-rua-do-trabalhador-em-palmas-esta-com-inscricoes-abertas\/#primaryimage\",\"url\":\"\",\"contentUrl\":\"\"},{\"@type\":\"BreadcrumbList\",\"@id\":\"https:\/\/cleitonpinheiro.com.br\/site\/sesi-corrida-de-rua-do-trabalhador-em-palmas-esta-com-inscricoes-abertas\/#breadcrumb\",\"itemListElement\":[{\"@type\":\"ListItem\",\"position\":1,\"name\":\"In\u00edcio\",\"item\":\"https:\/\/cleitonpinheiro.com.br\/site\/\"},{\"@type\":\"ListItem\",\"position\":2,\"name\":\"SESI Corrida de Rua do Trabalhador est\u00e1 com inscri\u00e7\u00f5es abertas\"}]},{\"@type\":\"WebSite\",\"@id\":\"https:\/\/cleitonpinheiro.com.br\/site\/#website\",\"url\":\"https:\/\/cleitonpinheiro.com.br\/site\/\",\"name\":\"PORTAL DE NOT\u00cdCIAS CLEITON PINHEIRO\",\"description\":\"FALANDO A VERDADE\",\"publisher\":{\"@id\":\"https:\/\/cleitonpinheiro.com.br\/site\/#organization\"},\"potentialAction\":[{\"@type\":\"SearchAction\",\"target\":{\"@type\":\"EntryPoint\",\"urlTemplate\":\"https:\/\/cleitonpinheiro.com.br\/site\/?s={search_term_string}\"},\"query-input\":{\"@type\":\"PropertyValueSpecification\",\"valueRequired\":true,\"valueName\":\"search_term_string\"}}],\"inLanguage\":\"pt-BR\"},{\"@type\":\"Organization\",\"@id\":\"https:\/\/cleitonpinheiro.com.br\/site\/#organization\",\"name\":\"CPNOT\u00cdCIAS\",\"url\":\"https:\/\/cleitonpinheiro.com.br\/site\/\",\"logo\":{\"@type\":\"ImageObject\",\"inLanguage\":\"pt-BR\",\"@id\":\"https:\/\/cleitonpinheiro.com.br\/site\/#\/schema\/logo\/image\/\",\"url\":\"https:\/\/cleitonpinheiro.com.br\/site\/wp-content\/uploads\/2022\/08\/Logo-pequena-2.png\",\"contentUrl\":\"https:\/\/cleitonpinheiro.com.br\/site\/wp-content\/uploads\/2022\/08\/Logo-pequena-2.png\",\"width\":500,\"height\":500,\"caption\":\"CPNOT\u00cdCIAS\"},\"image\":{\"@id\":\"https:\/\/cleitonpinheiro.com.br\/site\/#\/schema\/logo\/image\/\"},\"sameAs\":[\"https:\/\/www.facebook.com\/portalcpnoticias\/\"]},{\"@type\":\"Person\",\"@id\":\"https:\/\/cleitonpinheiro.com.br\/site\/#\/schema\/person\/aac6d7f311e80c43042e98a900b03cd8\",\"name\":\"Dermival Pereira\",\"image\":{\"@type\":\"ImageObject\",\"inLanguage\":\"pt-BR\",\"@id\":\"https:\/\/cleitonpinheiro.com.br\/site\/#\/schema\/person\/image\/\",\"url\":\"https:\/\/secure.gravatar.com\/avatar\/cfaebf3742d6bf8db728bcba3eed6bee37b02337a2e6c822994f20ca72a3784d?s=96&r=g\",\"contentUrl\":\"https:\/\/secure.gravatar.com\/avatar\/cfaebf3742d6bf8db728bcba3eed6bee37b02337a2e6c822994f20ca72a3784d?s=96&r=g\",\"caption\":\"Dermival Pereira\"},\"url\":\"https:\/\/cleitonpinheiro.com.br\/site\/author\/dermival\/\"}]}<\/script>\n<!-- \/ Yoast SEO plugin. -->","yoast_head_json":{"title":"SESI Corrida de Rua do Trabalhador est\u00e1 com inscri\u00e7\u00f5es abertas - PORTAL DE NOT\u00cdCIAS CLEITON PINHEIRO","robots":{"index":"index","follow":"follow","max-snippet":"max-snippet:-1","max-image-preview":"max-image-preview:large","max-video-preview":"max-video-preview:-1"},"canonical":"https:\/\/cleitonpinheiro.com.br\/site\/sesi-corrida-de-rua-do-trabalhador-em-palmas-esta-com-inscricoes-abertas\/","og_locale":"pt_BR","og_type":"article","og_title":"SESI Corrida de Rua do Trabalhador est\u00e1 com inscri\u00e7\u00f5es abertas - PORTAL DE NOT\u00cdCIAS CLEITON PINHEIRO","og_description":"Foto: Ascom do Sesi\/Divulga\u00e7\u00e3o Come\u00e7am amanh\u00e3, dia 1\u00ba\/04, as inscri\u00e7\u00f5es para a SESI Corrida de Rua do Trabalhador, que ser\u00e1 realizada no dia 07\/05 em Palmas. O evento \u00e9 voltado para a comunidade em geral, com foco no trabalhador da ind\u00fastria e seus dependentes,&nbsp;estimulando a mudan\u00e7a de comportamento e estilo de vida, com foco em [&hellip;]","og_url":"https:\/\/cleitonpinheiro.com.br\/site\/sesi-corrida-de-rua-do-trabalhador-em-palmas-esta-com-inscricoes-abertas\/","og_site_name":"PORTAL DE NOT\u00cdCIAS CLEITON PINHEIRO","article_publisher":"https:\/\/www.facebook.com\/portalcpnoticias\/","article_published_time":"2023-04-03T09:37:27+00:00","article_modified_time":"2023-04-03T09:38:49+00:00","og_image":[{"width":750,"height":450,"url":"https:\/\/cleitonpinheiro.com.br\/site\/wp-content\/uploads\/2023\/04\/Design-sem-nome-2023-04-03T063631-compressed.jpg","type":"image\/jpeg"}],"author":"Dermival Pereira","twitter_card":"summary_large_image","twitter_misc":{"Escrito por":"Dermival Pereira","Est. tempo de leitura":"1 minuto"},"schema":{"@context":"https:\/\/schema.org","@graph":[{"@type":"Article","@id":"https:\/\/cleitonpinheiro.com.br\/site\/sesi-corrida-de-rua-do-trabalhador-em-palmas-esta-com-inscricoes-abertas\/#article","isPartOf":{"@id":"https:\/\/cleitonpinheiro.com.br\/site\/sesi-corrida-de-rua-do-trabalhador-em-palmas-esta-com-inscricoes-abertas\/"},"author":{"name":"Dermival Pereira","@id":"https:\/\/cleitonpinheiro.com.br\/site\/#\/schema\/person\/aac6d7f311e80c43042e98a900b03cd8"},"headline":"SESI Corrida de Rua do Trabalhador est\u00e1 com inscri\u00e7\u00f5es abertas","datePublished":"2023-04-03T09:37:27+00:00","dateModified":"2023-04-03T09:38:49+00:00","mainEntityOfPage":{"@id":"https:\/\/cleitonpinheiro.com.br\/site\/sesi-corrida-de-rua-do-trabalhador-em-palmas-esta-com-inscricoes-abertas\/"},"wordCount":206,"commentCount":0,"publisher":{"@id":"https:\/\/cleitonpinheiro.com.br\/site\/#organization"},"image":{"@id":"https:\/\/cleitonpinheiro.com.br\/site\/sesi-corrida-de-rua-do-trabalhador-em-palmas-esta-com-inscricoes-abertas\/#primaryimage"},"thumbnailUrl":"https:\/\/cleitonpinheiro.com.br\/site\/wp-content\/uploads\/2023\/04\/Design-sem-nome-2023-04-03T063631-compressed.jpg","articleSection":["ESPORTE","NOT\u00cdCIAS EM DESTAQUE"],"inLanguage":"pt-BR","potentialAction":[{"@type":"CommentAction","name":"Comment","target":["https:\/\/cleitonpinheiro.com.br\/site\/sesi-corrida-de-rua-do-trabalhador-em-palmas-esta-com-inscricoes-abertas\/#respond"]}]},{"@type":"WebPage","@id":"https:\/\/cleitonpinheiro.com.br\/site\/sesi-corrida-de-rua-do-trabalhador-em-palmas-esta-com-inscricoes-abertas\/","url":"https:\/\/cleitonpinheiro.com.br\/site\/sesi-corrida-de-rua-do-trabalhador-em-palmas-esta-com-inscricoes-abertas\/","name":"SESI Corrida de Rua do Trabalhador est\u00e1 com inscri\u00e7\u00f5es abertas - PORTAL DE NOT\u00cdCIAS CLEITON PINHEIRO","isPartOf":{"@id":"https:\/\/cleitonpinheiro.com.br\/site\/#website"},"primaryImageOfPage":{"@id":"https:\/\/cleitonpinheiro.com.br\/site\/sesi-corrida-de-rua-do-trabalhador-em-palmas-esta-com-inscricoes-abertas\/#primaryimage"},"image":{"@id":"https:\/\/cleitonpinheiro.com.br\/site\/sesi-corrida-de-rua-do-trabalhador-em-palmas-esta-com-inscricoes-abertas\/#primaryimage"},"thumbnailUrl":"https:\/\/cleitonpinheiro.com.br\/site\/wp-content\/uploads\/2023\/04\/Design-sem-nome-2023-04-03T063631-compressed.jpg","datePublished":"2023-04-03T09:37:27+00:00","dateModified":"2023-04-03T09:38:49+00:00","breadcrumb":{"@id":"https:\/\/cleitonpinheiro.com.br\/site\/sesi-corrida-de-rua-do-trabalhador-em-palmas-esta-com-inscricoes-abertas\/#breadcrumb"},"inLanguage":"pt-BR","potentialAction":[{"@type":"ReadAction","target":["https:\/\/cleitonpinheiro.com.br\/site\/sesi-corrida-de-rua-do-trabalhador-em-palmas-esta-com-inscricoes-abertas\/"]}]},{"@type":"ImageObject","inLanguage":"pt-BR","@id":"https:\/\/cleitonpinheiro.com.br\/site\/sesi-corrida-de-rua-do-trabalhador-em-palmas-esta-com-inscricoes-abertas\/#primaryimage","url":"","contentUrl":""},{"@type":"BreadcrumbList","@id":"https:\/\/cleitonpinheiro.com.br\/site\/sesi-corrida-de-rua-do-trabalhador-em-palmas-esta-com-inscricoes-abertas\/#breadcrumb","itemListElement":[{"@type":"ListItem","position":1,"name":"In\u00edcio","item":"https:\/\/cleitonpinheiro.com.br\/site\/"},{"@type":"ListItem","position":2,"name":"SESI Corrida de Rua do Trabalhador est\u00e1 com inscri\u00e7\u00f5es abertas"}]},{"@type":"WebSite","@id":"https:\/\/cleitonpinheiro.com.br\/site\/#website","url":"https:\/\/cleitonpinheiro.com.br\/site\/","name":"PORTAL DE NOT\u00cdCIAS CLEITON PINHEIRO","description":"FALANDO A VERDADE","publisher":{"@id":"https:\/\/cleitonpinheiro.com.br\/site\/#organization"},"potentialAction":[{"@type":"SearchAction","target":{"@type":"EntryPoint","urlTemplate":"https:\/\/cleitonpinheiro.com.br\/site\/?s={search_term_string}"},"query-input":{"@type":"PropertyValueSpecification","valueRequired":true,"valueName":"search_term_string"}}],"inLanguage":"pt-BR"},{"@type":"Organization","@id":"https:\/\/cleitonpinheiro.com.br\/site\/#organization","name":"CPNOT\u00cdCIAS","url":"https:\/\/cleitonpinheiro.com.br\/site\/","logo":{"@type":"ImageObject","inLanguage":"pt-BR","@id":"https:\/\/cleitonpinheiro.com.br\/site\/#\/schema\/logo\/image\/","url":"https:\/\/cleitonpinheiro.com.br\/site\/wp-content\/uploads\/2022\/08\/Logo-pequena-2.png","contentUrl":"https:\/\/cleitonpinheiro.com.br\/site\/wp-content\/uploads\/2022\/08\/Logo-pequena-2.png","width":500,"height":500,"caption":"CPNOT\u00cdCIAS"},"image":{"@id":"https:\/\/cleitonpinheiro.com.br\/site\/#\/schema\/logo\/image\/"},"sameAs":["https:\/\/www.facebook.com\/portalcpnoticias\/"]},{"@type":"Person","@id":"https:\/\/cleitonpinheiro.com.br\/site\/#\/schema\/person\/aac6d7f311e80c43042e98a900b03cd8","name":"Dermival Pereira","image":{"@type":"ImageObject","inLanguage":"pt-BR","@id":"https:\/\/cleitonpinheiro.com.br\/site\/#\/schema\/person\/image\/","url":"https:\/\/secure.gravatar.com\/avatar\/cfaebf3742d6bf8db728bcba3eed6bee37b02337a2e6c822994f20ca72a3784d?s=96&r=g","contentUrl":"https:\/\/secure.gravatar.com\/avatar\/cfaebf3742d6bf8db728bcba3eed6bee37b02337a2e6c822994f20ca72a3784d?s=96&r=g","caption":"Dermival Pereira"},"url":"https:\/\/cleitonpinheiro.com.br\/site\/author\/dermival\/"}]}},"views":313,"_links":{"self":[{"href":"https:\/\/cleitonpinheiro.com.br\/site\/wp-json\/wp\/v2\/posts\/69796","targetHints":{"allow":["GET"]}}],"collection":[{"href":"https:\/\/cleitonpinheiro.com.br\/site\/wp-json\/wp\/v2\/posts"}],"about":[{"href":"https:\/\/cleitonpinheiro.com.br\/site\/wp-json\/wp\/v2\/types\/post"}],"author":[{"embeddable":true,"href":"https:\/\/cleitonpinheiro.com.br\/site\/wp-json\/wp\/v2\/users\/4"}],"replies":[{"embeddable":true,"href":"https:\/\/cleitonpinheiro.com.br\/site\/wp-json\/wp\/v2\/comments?post=69796"}],"version-history":[{"count":2,"href":"https:\/\/cleitonpinheiro.com.br\/site\/wp-json\/wp\/v2\/posts\/69796\/revisions"}],"predecessor-version":[{"id":69799,"href":"https:\/\/cleitonpinheiro.com.br\/site\/wp-json\/wp\/v2\/posts\/69796\/revisions\/69799"}],"wp:attachment":[{"href":"https:\/\/cleitonpinheiro.com.br\/site\/wp-json\/wp\/v2\/media?parent=69796"}],"wp:term":[{"taxonomy":"category","embeddable":true,"href":"https:\/\/cleitonpinheiro.com.br\/site\/wp-json\/wp\/v2\/categories?post=69796"},{"taxonomy":"post_tag","embeddable":true,"href":"https:\/\/cleitonpinheiro.com.br\/site\/wp-json\/wp\/v2\/tags?post=69796"}],"curies":[{"name":"wp","href":"https:\/\/api.w.org\/{rel}","templated":true}]}}