{"id":69819,"date":"2023-04-03T13:33:35","date_gmt":"2023-04-03T16:33:35","guid":{"rendered":"https:\/\/cleitonpinheiro.com.br\/site\/?p=69819"},"modified":"2023-04-03T13:33:36","modified_gmt":"2023-04-03T16:33:36","slug":"gurupi-realiza-consulta-publica-sobre-lei-paulo-gustavo-e-convida-artistas-para-participarem","status":"publish","type":"post","link":"https:\/\/cleitonpinheiro.com.br\/site\/gurupi-realiza-consulta-publica-sobre-lei-paulo-gustavo-e-convida-artistas-para-participarem\/","title":{"rendered":"Gurupi realiza consulta p\u00fablica sobre Lei Paulo Gustavo e convida artistas para participarem"},"content":{"rendered":"\n<figure class=\"wp-block-image size-full is-resized\"><img fetchpriority=\"high\" decoding=\"async\" src=\"https:\/\/cleitonpinheiro.com.br\/site\/wp-content\/uploads\/2023\/04\/Design-sem-nome-2023-04-03T133255-compressed.jpg\" alt=\"\" class=\"wp-image-69820\" width=\"1020\" height=\"612\"\/><\/figure>\n\n\n\n<p>A Prefeitura de Gurupi, por meio da Secretaria Municipal de Cultura e Turismo, convida a classe art\u00edstica e a sociedade em geral para participar da Consulta P\u00fablica da Lei Paulo Gustavo, que ser\u00e1 realizada no dia 12 de abril, a partir das 19 horas, no audit\u00f3rio do Instituto Federal do Tocantins (IFTO). A proposta \u00e9 reunir sugest\u00f5es de artistas, produtores, trabalhadores e fazedores de cultura interessados em participar da implementa\u00e7\u00e3o da Lei Paulo Gustavo (Lei Complementar n.\u00ba 195 de 08 de julho de 2022) no munic\u00edpio.<\/p>\n\n\n\n<p>N\u00e3o ser\u00e1 preciso fazer inscri\u00e7\u00e3o e podem participar moradores da cidade, com idade acima de 18 anos, com sugest\u00f5es de temas, aplica\u00e7\u00e3o de recursos, valores dos projetos, entre outros, que possam nortear a elabora\u00e7\u00e3o do Plano de A\u00e7\u00e3o para viabilizar a execu\u00e7\u00e3o da Lei Complementar n\u00ba 195 de 8 de julho de 2022, conhecida como Lei Paulo Gustavo. A consulta p\u00fablica acontece em todo pa\u00eds, por orienta\u00e7\u00e3o do Minist\u00e9rio da Cultura.<\/p>\n\n\n\n<p>\u201cPara que o recurso chegue ao munic\u00edpio \u00e9 necess\u00e1rio que a Prefeitura fa\u00e7a uma escuta de todos aqueles que conhecem e fazem cultura, pois s\u00e3o eles que conhecem a necessidade do setor. Com isso, a Secretaria encaminhar\u00e1 um projeto para o Minist\u00e9rio da Cultura, que analisa e aprova o projeto para ent\u00e3o enviar o recurso. E aqui faremos os editais para inscri\u00e7\u00e3o dos projetos, execu\u00e7\u00e3o e pagamento\u201d, explicou a secret\u00e1ria Municipal de Cultura e Turismo, Amanda Costa.<\/p>\n\n\n\n<p>A Secret\u00e1ria ressalta que ap\u00f3s a consulta p\u00fablica haver\u00e1 uma forma\u00e7\u00e3o para os artistas, realizada em parceria com o Sebrae, sobre a elabora\u00e7\u00e3o de projetos, que acontecer\u00e1 no dia 13 de abril, das 19 \u00e0s 22 horas, no audit\u00f3rio do Sebrae, que fica na Av. Maranh\u00e3o entre as ruas 07 e 08.<\/p>\n\n\n\n<p><strong>O que \u00e9 a Lei Paulo Gustavo?<\/strong><\/p>\n\n\n\n<p>\u00c9 a Lei Complementar n\u00b0 195, de 2022, criada para incentivar a cultura e garantir a\u00e7\u00f5es emergenciais, em especial demandadas pelas consequ\u00eancias do per\u00edodo pand\u00eamico, que impactou significativamente o setor nos \u00faltimos dois anos. Popularmente conhecida como Lei Paulo Gustavo direciona R$ 3,86 bilh\u00f5es do super\u00e1vit financeiro do Fundo Nacional de Cultura (FNC) a Estados, Munic\u00edpios e o Distrito Federal para fomento de atividades e produtos culturais. <em><strong>(Fonte: Ascom).<\/strong><\/em><\/p>\n","protected":false},"excerpt":{"rendered":"<p>A Prefeitura de Gurupi, por meio da Secretaria Municipal de Cultura e Turismo, convida a classe art\u00edstica e a sociedade em geral para participar da Consulta P\u00fablica da Lei Paulo Gustavo, que ser\u00e1 realizada no dia 12 de abril, a partir das 19 horas, no audit\u00f3rio do Instituto Federal do Tocantins (IFTO). A proposta \u00e9 [&hellip;]<\/p>\n","protected":false},"author":4,"featured_media":0,"comment_status":"open","ping_status":"open","sticky":false,"template":"","format":"standard","meta":{"_acf_changed":false,"footnotes":""},"categories":[22,898],"tags":[],"class_list":["post-69819","post","type-post","status-publish","format-standard","hentry","category-cidades","category-manchete-segundaria"],"acf":[],"yoast_head":"<!-- This site is optimized with the Yoast SEO plugin v24.4 - https:\/\/yoast.com\/wordpress\/plugins\/seo\/ -->\n<title>Gurupi realiza consulta p\u00fablica sobre Lei Paulo Gustavo e convida artistas para participarem - PORTAL DE NOT\u00cdCIAS CLEITON PINHEIRO<\/title>\n<meta name=\"robots\" content=\"index, follow, max-snippet:-1, max-image-preview:large, max-video-preview:-1\" \/>\n<link rel=\"canonical\" href=\"https:\/\/cleitonpinheiro.com.br\/site\/gurupi-realiza-consulta-publica-sobre-lei-paulo-gustavo-e-convida-artistas-para-participarem\/\" \/>\n<meta property=\"og:locale\" content=\"pt_BR\" \/>\n<meta property=\"og:type\" content=\"article\" \/>\n<meta property=\"og:title\" content=\"Gurupi realiza consulta p\u00fablica sobre Lei Paulo Gustavo e convida artistas para participarem - PORTAL DE NOT\u00cdCIAS CLEITON PINHEIRO\" \/>\n<meta property=\"og:description\" content=\"A Prefeitura de Gurupi, por meio da Secretaria Municipal de Cultura e Turismo, convida a classe art\u00edstica e a sociedade em geral para participar da Consulta P\u00fablica da Lei Paulo Gustavo, que ser\u00e1 realizada no dia 12 de abril, a partir das 19 horas, no audit\u00f3rio do Instituto Federal do Tocantins (IFTO). A proposta \u00e9 [&hellip;]\" \/>\n<meta property=\"og:url\" content=\"https:\/\/cleitonpinheiro.com.br\/site\/gurupi-realiza-consulta-publica-sobre-lei-paulo-gustavo-e-convida-artistas-para-participarem\/\" \/>\n<meta property=\"og:site_name\" content=\"PORTAL DE NOT\u00cdCIAS CLEITON PINHEIRO\" \/>\n<meta property=\"article:publisher\" content=\"https:\/\/www.facebook.com\/portalcpnoticias\/\" \/>\n<meta property=\"article:published_time\" content=\"2023-04-03T16:33:35+00:00\" \/>\n<meta property=\"article:modified_time\" content=\"2023-04-03T16:33:36+00:00\" \/>\n<meta property=\"og:image\" content=\"https:\/\/cleitonpinheiro.com.br\/site\/wp-content\/uploads\/2023\/04\/Design-sem-nome-2023-04-03T133255-compressed.jpg\" \/>\n\t<meta property=\"og:image:width\" content=\"750\" \/>\n\t<meta property=\"og:image:height\" content=\"450\" \/>\n\t<meta property=\"og:image:type\" content=\"image\/jpeg\" \/>\n<meta name=\"author\" content=\"Dermival Pereira\" \/>\n<meta name=\"twitter:card\" content=\"summary_large_image\" \/>\n<meta name=\"twitter:label1\" content=\"Escrito por\" \/>\n\t<meta name=\"twitter:data1\" content=\"Dermival Pereira\" \/>\n\t<meta name=\"twitter:label2\" content=\"Est. tempo de leitura\" \/>\n\t<meta name=\"twitter:data2\" content=\"2 minutos\" \/>\n<script type=\"application\/ld+json\" class=\"yoast-schema-graph\">{\"@context\":\"https:\/\/schema.org\",\"@graph\":[{\"@type\":\"Article\",\"@id\":\"https:\/\/cleitonpinheiro.com.br\/site\/gurupi-realiza-consulta-publica-sobre-lei-paulo-gustavo-e-convida-artistas-para-participarem\/#article\",\"isPartOf\":{\"@id\":\"https:\/\/cleitonpinheiro.com.br\/site\/gurupi-realiza-consulta-publica-sobre-lei-paulo-gustavo-e-convida-artistas-para-participarem\/\"},\"author\":{\"name\":\"Dermival Pereira\",\"@id\":\"https:\/\/cleitonpinheiro.com.br\/site\/#\/schema\/person\/aac6d7f311e80c43042e98a900b03cd8\"},\"headline\":\"Gurupi realiza consulta p\u00fablica sobre Lei Paulo Gustavo e convida artistas para participarem\",\"datePublished\":\"2023-04-03T16:33:35+00:00\",\"dateModified\":\"2023-04-03T16:33:36+00:00\",\"mainEntityOfPage\":{\"@id\":\"https:\/\/cleitonpinheiro.com.br\/site\/gurupi-realiza-consulta-publica-sobre-lei-paulo-gustavo-e-convida-artistas-para-participarem\/\"},\"wordCount\":395,\"commentCount\":0,\"publisher\":{\"@id\":\"https:\/\/cleitonpinheiro.com.br\/site\/#organization\"},\"image\":{\"@id\":\"https:\/\/cleitonpinheiro.com.br\/site\/gurupi-realiza-consulta-publica-sobre-lei-paulo-gustavo-e-convida-artistas-para-participarem\/#primaryimage\"},\"thumbnailUrl\":\"https:\/\/cleitonpinheiro.com.br\/site\/wp-content\/uploads\/2023\/04\/Design-sem-nome-2023-04-03T133255-compressed.jpg\",\"articleSection\":[\"CIDADES\",\"MANCHETE SEGUND\u00c1RIA\"],\"inLanguage\":\"pt-BR\",\"potentialAction\":[{\"@type\":\"CommentAction\",\"name\":\"Comment\",\"target\":[\"https:\/\/cleitonpinheiro.com.br\/site\/gurupi-realiza-consulta-publica-sobre-lei-paulo-gustavo-e-convida-artistas-para-participarem\/#respond\"]}]},{\"@type\":\"WebPage\",\"@id\":\"https:\/\/cleitonpinheiro.com.br\/site\/gurupi-realiza-consulta-publica-sobre-lei-paulo-gustavo-e-convida-artistas-para-participarem\/\",\"url\":\"https:\/\/cleitonpinheiro.com.br\/site\/gurupi-realiza-consulta-publica-sobre-lei-paulo-gustavo-e-convida-artistas-para-participarem\/\",\"name\":\"Gurupi realiza consulta p\u00fablica sobre Lei Paulo Gustavo e convida artistas para participarem - PORTAL DE NOT\u00cdCIAS CLEITON PINHEIRO\",\"isPartOf\":{\"@id\":\"https:\/\/cleitonpinheiro.com.br\/site\/#website\"},\"primaryImageOfPage\":{\"@id\":\"https:\/\/cleitonpinheiro.com.br\/site\/gurupi-realiza-consulta-publica-sobre-lei-paulo-gustavo-e-convida-artistas-para-participarem\/#primaryimage\"},\"image\":{\"@id\":\"https:\/\/cleitonpinheiro.com.br\/site\/gurupi-realiza-consulta-publica-sobre-lei-paulo-gustavo-e-convida-artistas-para-participarem\/#primaryimage\"},\"thumbnailUrl\":\"https:\/\/cleitonpinheiro.com.br\/site\/wp-content\/uploads\/2023\/04\/Design-sem-nome-2023-04-03T133255-compressed.jpg\",\"datePublished\":\"2023-04-03T16:33:35+00:00\",\"dateModified\":\"2023-04-03T16:33:36+00:00\",\"breadcrumb\":{\"@id\":\"https:\/\/cleitonpinheiro.com.br\/site\/gurupi-realiza-consulta-publica-sobre-lei-paulo-gustavo-e-convida-artistas-para-participarem\/#breadcrumb\"},\"inLanguage\":\"pt-BR\",\"potentialAction\":[{\"@type\":\"ReadAction\",\"target\":[\"https:\/\/cleitonpinheiro.com.br\/site\/gurupi-realiza-consulta-publica-sobre-lei-paulo-gustavo-e-convida-artistas-para-participarem\/\"]}]},{\"@type\":\"ImageObject\",\"inLanguage\":\"pt-BR\",\"@id\":\"https:\/\/cleitonpinheiro.com.br\/site\/gurupi-realiza-consulta-publica-sobre-lei-paulo-gustavo-e-convida-artistas-para-participarem\/#primaryimage\",\"url\":\"\",\"contentUrl\":\"\"},{\"@type\":\"BreadcrumbList\",\"@id\":\"https:\/\/cleitonpinheiro.com.br\/site\/gurupi-realiza-consulta-publica-sobre-lei-paulo-gustavo-e-convida-artistas-para-participarem\/#breadcrumb\",\"itemListElement\":[{\"@type\":\"ListItem\",\"position\":1,\"name\":\"In\u00edcio\",\"item\":\"https:\/\/cleitonpinheiro.com.br\/site\/\"},{\"@type\":\"ListItem\",\"position\":2,\"name\":\"Gurupi realiza consulta p\u00fablica sobre Lei Paulo Gustavo e convida artistas para participarem\"}]},{\"@type\":\"WebSite\",\"@id\":\"https:\/\/cleitonpinheiro.com.br\/site\/#website\",\"url\":\"https:\/\/cleitonpinheiro.com.br\/site\/\",\"name\":\"PORTAL DE NOT\u00cdCIAS CLEITON PINHEIRO\",\"description\":\"FALANDO A VERDADE\",\"publisher\":{\"@id\":\"https:\/\/cleitonpinheiro.com.br\/site\/#organization\"},\"potentialAction\":[{\"@type\":\"SearchAction\",\"target\":{\"@type\":\"EntryPoint\",\"urlTemplate\":\"https:\/\/cleitonpinheiro.com.br\/site\/?s={search_term_string}\"},\"query-input\":{\"@type\":\"PropertyValueSpecification\",\"valueRequired\":true,\"valueName\":\"search_term_string\"}}],\"inLanguage\":\"pt-BR\"},{\"@type\":\"Organization\",\"@id\":\"https:\/\/cleitonpinheiro.com.br\/site\/#organization\",\"name\":\"CPNOT\u00cdCIAS\",\"url\":\"https:\/\/cleitonpinheiro.com.br\/site\/\",\"logo\":{\"@type\":\"ImageObject\",\"inLanguage\":\"pt-BR\",\"@id\":\"https:\/\/cleitonpinheiro.com.br\/site\/#\/schema\/logo\/image\/\",\"url\":\"https:\/\/cleitonpinheiro.com.br\/site\/wp-content\/uploads\/2022\/08\/Logo-pequena-2.png\",\"contentUrl\":\"https:\/\/cleitonpinheiro.com.br\/site\/wp-content\/uploads\/2022\/08\/Logo-pequena-2.png\",\"width\":500,\"height\":500,\"caption\":\"CPNOT\u00cdCIAS\"},\"image\":{\"@id\":\"https:\/\/cleitonpinheiro.com.br\/site\/#\/schema\/logo\/image\/\"},\"sameAs\":[\"https:\/\/www.facebook.com\/portalcpnoticias\/\"]},{\"@type\":\"Person\",\"@id\":\"https:\/\/cleitonpinheiro.com.br\/site\/#\/schema\/person\/aac6d7f311e80c43042e98a900b03cd8\",\"name\":\"Dermival Pereira\",\"image\":{\"@type\":\"ImageObject\",\"inLanguage\":\"pt-BR\",\"@id\":\"https:\/\/cleitonpinheiro.com.br\/site\/#\/schema\/person\/image\/\",\"url\":\"https:\/\/secure.gravatar.com\/avatar\/cfaebf3742d6bf8db728bcba3eed6bee37b02337a2e6c822994f20ca72a3784d?s=96&r=g\",\"contentUrl\":\"https:\/\/secure.gravatar.com\/avatar\/cfaebf3742d6bf8db728bcba3eed6bee37b02337a2e6c822994f20ca72a3784d?s=96&r=g\",\"caption\":\"Dermival Pereira\"},\"url\":\"https:\/\/cleitonpinheiro.com.br\/site\/author\/dermival\/\"}]}<\/script>\n<!-- \/ Yoast SEO plugin. -->","yoast_head_json":{"title":"Gurupi realiza consulta p\u00fablica sobre Lei Paulo Gustavo e convida artistas para participarem - PORTAL DE NOT\u00cdCIAS CLEITON PINHEIRO","robots":{"index":"index","follow":"follow","max-snippet":"max-snippet:-1","max-image-preview":"max-image-preview:large","max-video-preview":"max-video-preview:-1"},"canonical":"https:\/\/cleitonpinheiro.com.br\/site\/gurupi-realiza-consulta-publica-sobre-lei-paulo-gustavo-e-convida-artistas-para-participarem\/","og_locale":"pt_BR","og_type":"article","og_title":"Gurupi realiza consulta p\u00fablica sobre Lei Paulo Gustavo e convida artistas para participarem - PORTAL DE NOT\u00cdCIAS CLEITON PINHEIRO","og_description":"A Prefeitura de Gurupi, por meio da Secretaria Municipal de Cultura e Turismo, convida a classe art\u00edstica e a sociedade em geral para participar da Consulta P\u00fablica da Lei Paulo Gustavo, que ser\u00e1 realizada no dia 12 de abril, a partir das 19 horas, no audit\u00f3rio do Instituto Federal do Tocantins (IFTO). A proposta \u00e9 [&hellip;]","og_url":"https:\/\/cleitonpinheiro.com.br\/site\/gurupi-realiza-consulta-publica-sobre-lei-paulo-gustavo-e-convida-artistas-para-participarem\/","og_site_name":"PORTAL DE NOT\u00cdCIAS CLEITON PINHEIRO","article_publisher":"https:\/\/www.facebook.com\/portalcpnoticias\/","article_published_time":"2023-04-03T16:33:35+00:00","article_modified_time":"2023-04-03T16:33:36+00:00","og_image":[{"width":750,"height":450,"url":"https:\/\/cleitonpinheiro.com.br\/site\/wp-content\/uploads\/2023\/04\/Design-sem-nome-2023-04-03T133255-compressed.jpg","type":"image\/jpeg"}],"author":"Dermival Pereira","twitter_card":"summary_large_image","twitter_misc":{"Escrito por":"Dermival Pereira","Est. tempo de leitura":"2 minutos"},"schema":{"@context":"https:\/\/schema.org","@graph":[{"@type":"Article","@id":"https:\/\/cleitonpinheiro.com.br\/site\/gurupi-realiza-consulta-publica-sobre-lei-paulo-gustavo-e-convida-artistas-para-participarem\/#article","isPartOf":{"@id":"https:\/\/cleitonpinheiro.com.br\/site\/gurupi-realiza-consulta-publica-sobre-lei-paulo-gustavo-e-convida-artistas-para-participarem\/"},"author":{"name":"Dermival Pereira","@id":"https:\/\/cleitonpinheiro.com.br\/site\/#\/schema\/person\/aac6d7f311e80c43042e98a900b03cd8"},"headline":"Gurupi realiza consulta p\u00fablica sobre Lei Paulo Gustavo e convida artistas para participarem","datePublished":"2023-04-03T16:33:35+00:00","dateModified":"2023-04-03T16:33:36+00:00","mainEntityOfPage":{"@id":"https:\/\/cleitonpinheiro.com.br\/site\/gurupi-realiza-consulta-publica-sobre-lei-paulo-gustavo-e-convida-artistas-para-participarem\/"},"wordCount":395,"commentCount":0,"publisher":{"@id":"https:\/\/cleitonpinheiro.com.br\/site\/#organization"},"image":{"@id":"https:\/\/cleitonpinheiro.com.br\/site\/gurupi-realiza-consulta-publica-sobre-lei-paulo-gustavo-e-convida-artistas-para-participarem\/#primaryimage"},"thumbnailUrl":"https:\/\/cleitonpinheiro.com.br\/site\/wp-content\/uploads\/2023\/04\/Design-sem-nome-2023-04-03T133255-compressed.jpg","articleSection":["CIDADES","MANCHETE SEGUND\u00c1RIA"],"inLanguage":"pt-BR","potentialAction":[{"@type":"CommentAction","name":"Comment","target":["https:\/\/cleitonpinheiro.com.br\/site\/gurupi-realiza-consulta-publica-sobre-lei-paulo-gustavo-e-convida-artistas-para-participarem\/#respond"]}]},{"@type":"WebPage","@id":"https:\/\/cleitonpinheiro.com.br\/site\/gurupi-realiza-consulta-publica-sobre-lei-paulo-gustavo-e-convida-artistas-para-participarem\/","url":"https:\/\/cleitonpinheiro.com.br\/site\/gurupi-realiza-consulta-publica-sobre-lei-paulo-gustavo-e-convida-artistas-para-participarem\/","name":"Gurupi realiza consulta p\u00fablica sobre Lei Paulo Gustavo e convida artistas para participarem - PORTAL DE NOT\u00cdCIAS CLEITON PINHEIRO","isPartOf":{"@id":"https:\/\/cleitonpinheiro.com.br\/site\/#website"},"primaryImageOfPage":{"@id":"https:\/\/cleitonpinheiro.com.br\/site\/gurupi-realiza-consulta-publica-sobre-lei-paulo-gustavo-e-convida-artistas-para-participarem\/#primaryimage"},"image":{"@id":"https:\/\/cleitonpinheiro.com.br\/site\/gurupi-realiza-consulta-publica-sobre-lei-paulo-gustavo-e-convida-artistas-para-participarem\/#primaryimage"},"thumbnailUrl":"https:\/\/cleitonpinheiro.com.br\/site\/wp-content\/uploads\/2023\/04\/Design-sem-nome-2023-04-03T133255-compressed.jpg","datePublished":"2023-04-03T16:33:35+00:00","dateModified":"2023-04-03T16:33:36+00:00","breadcrumb":{"@id":"https:\/\/cleitonpinheiro.com.br\/site\/gurupi-realiza-consulta-publica-sobre-lei-paulo-gustavo-e-convida-artistas-para-participarem\/#breadcrumb"},"inLanguage":"pt-BR","potentialAction":[{"@type":"ReadAction","target":["https:\/\/cleitonpinheiro.com.br\/site\/gurupi-realiza-consulta-publica-sobre-lei-paulo-gustavo-e-convida-artistas-para-participarem\/"]}]},{"@type":"ImageObject","inLanguage":"pt-BR","@id":"https:\/\/cleitonpinheiro.com.br\/site\/gurupi-realiza-consulta-publica-sobre-lei-paulo-gustavo-e-convida-artistas-para-participarem\/#primaryimage","url":"","contentUrl":""},{"@type":"BreadcrumbList","@id":"https:\/\/cleitonpinheiro.com.br\/site\/gurupi-realiza-consulta-publica-sobre-lei-paulo-gustavo-e-convida-artistas-para-participarem\/#breadcrumb","itemListElement":[{"@type":"ListItem","position":1,"name":"In\u00edcio","item":"https:\/\/cleitonpinheiro.com.br\/site\/"},{"@type":"ListItem","position":2,"name":"Gurupi realiza consulta p\u00fablica sobre Lei Paulo Gustavo e convida artistas para participarem"}]},{"@type":"WebSite","@id":"https:\/\/cleitonpinheiro.com.br\/site\/#website","url":"https:\/\/cleitonpinheiro.com.br\/site\/","name":"PORTAL DE NOT\u00cdCIAS CLEITON PINHEIRO","description":"FALANDO A VERDADE","publisher":{"@id":"https:\/\/cleitonpinheiro.com.br\/site\/#organization"},"potentialAction":[{"@type":"SearchAction","target":{"@type":"EntryPoint","urlTemplate":"https:\/\/cleitonpinheiro.com.br\/site\/?s={search_term_string}"},"query-input":{"@type":"PropertyValueSpecification","valueRequired":true,"valueName":"search_term_string"}}],"inLanguage":"pt-BR"},{"@type":"Organization","@id":"https:\/\/cleitonpinheiro.com.br\/site\/#organization","name":"CPNOT\u00cdCIAS","url":"https:\/\/cleitonpinheiro.com.br\/site\/","logo":{"@type":"ImageObject","inLanguage":"pt-BR","@id":"https:\/\/cleitonpinheiro.com.br\/site\/#\/schema\/logo\/image\/","url":"https:\/\/cleitonpinheiro.com.br\/site\/wp-content\/uploads\/2022\/08\/Logo-pequena-2.png","contentUrl":"https:\/\/cleitonpinheiro.com.br\/site\/wp-content\/uploads\/2022\/08\/Logo-pequena-2.png","width":500,"height":500,"caption":"CPNOT\u00cdCIAS"},"image":{"@id":"https:\/\/cleitonpinheiro.com.br\/site\/#\/schema\/logo\/image\/"},"sameAs":["https:\/\/www.facebook.com\/portalcpnoticias\/"]},{"@type":"Person","@id":"https:\/\/cleitonpinheiro.com.br\/site\/#\/schema\/person\/aac6d7f311e80c43042e98a900b03cd8","name":"Dermival Pereira","image":{"@type":"ImageObject","inLanguage":"pt-BR","@id":"https:\/\/cleitonpinheiro.com.br\/site\/#\/schema\/person\/image\/","url":"https:\/\/secure.gravatar.com\/avatar\/cfaebf3742d6bf8db728bcba3eed6bee37b02337a2e6c822994f20ca72a3784d?s=96&r=g","contentUrl":"https:\/\/secure.gravatar.com\/avatar\/cfaebf3742d6bf8db728bcba3eed6bee37b02337a2e6c822994f20ca72a3784d?s=96&r=g","caption":"Dermival Pereira"},"url":"https:\/\/cleitonpinheiro.com.br\/site\/author\/dermival\/"}]}},"views":246,"_links":{"self":[{"href":"https:\/\/cleitonpinheiro.com.br\/site\/wp-json\/wp\/v2\/posts\/69819","targetHints":{"allow":["GET"]}}],"collection":[{"href":"https:\/\/cleitonpinheiro.com.br\/site\/wp-json\/wp\/v2\/posts"}],"about":[{"href":"https:\/\/cleitonpinheiro.com.br\/site\/wp-json\/wp\/v2\/types\/post"}],"author":[{"embeddable":true,"href":"https:\/\/cleitonpinheiro.com.br\/site\/wp-json\/wp\/v2\/users\/4"}],"replies":[{"embeddable":true,"href":"https:\/\/cleitonpinheiro.com.br\/site\/wp-json\/wp\/v2\/comments?post=69819"}],"version-history":[{"count":1,"href":"https:\/\/cleitonpinheiro.com.br\/site\/wp-json\/wp\/v2\/posts\/69819\/revisions"}],"predecessor-version":[{"id":69821,"href":"https:\/\/cleitonpinheiro.com.br\/site\/wp-json\/wp\/v2\/posts\/69819\/revisions\/69821"}],"wp:attachment":[{"href":"https:\/\/cleitonpinheiro.com.br\/site\/wp-json\/wp\/v2\/media?parent=69819"}],"wp:term":[{"taxonomy":"category","embeddable":true,"href":"https:\/\/cleitonpinheiro.com.br\/site\/wp-json\/wp\/v2\/categories?post=69819"},{"taxonomy":"post_tag","embeddable":true,"href":"https:\/\/cleitonpinheiro.com.br\/site\/wp-json\/wp\/v2\/tags?post=69819"}],"curies":[{"name":"wp","href":"https:\/\/api.w.org\/{rel}","templated":true}]}}