{"id":69872,"date":"2023-04-04T16:50:11","date_gmt":"2023-04-04T19:50:11","guid":{"rendered":"https:\/\/cleitonpinheiro.com.br\/site\/?p=69872"},"modified":"2023-04-06T17:04:18","modified_gmt":"2023-04-06T20:04:18","slug":"aspmet-discute-pccr-para-servidores-da-saude-com-prefeito-de-filadelfia","status":"publish","type":"post","link":"https:\/\/cleitonpinheiro.com.br\/site\/aspmet-discute-pccr-para-servidores-da-saude-com-prefeito-de-filadelfia\/","title":{"rendered":"ASPMET discute PCCR para Servidores da Sa\u00fade com Prefeito de Filad\u00e9lfia"},"content":{"rendered":"\n<figure class=\"wp-block-image size-full is-resized\"><img fetchpriority=\"high\" decoding=\"async\" src=\"https:\/\/cleitonpinheiro.com.br\/site\/wp-content\/uploads\/2023\/04\/Design-sem-nome-2023-04-04T164531-compressed-1.jpg\" alt=\"\" class=\"wp-image-69875\" width=\"1023\" height=\"614\"\/><\/figure>\n\n\n\n<p>Na tarde desta ter\u00e7a-feira, 4 de abril, o presidente da Associa\u00e7\u00e3o dos Servidores P\u00fablicos Municipais no Estado do Tocantins (ASPMET), Ronaldo S\u00e9rgio, acompanhado do diretor da Regional Norte, Douglas Lemos, se reuniram com o prefeito de Filad\u00e9lfia, Davi Bento, para discutir a cria\u00e7\u00e3o do Plano de Cargos, Carreiras e Remunera\u00e7\u00e3o (PCCR) para os servidores da sa\u00fade do munic\u00edpio.<\/p>\n\n\n\n<p>Tamb\u00e9m estiveram presentes na reuni\u00e3o a secret\u00e1ria de sa\u00fade do munic\u00edpio, o secret\u00e1rio de administra\u00e7\u00e3o e a assessora jur\u00eddica do munic\u00edpio. Durante o encontro, o prefeito Davi Bento confirmou que a prefeitura j\u00e1 est\u00e1 realizando todos os estudos necess\u00e1rios para implementar o PCCR.<\/p>\n\n\n\n<p>&#8220;Estamos fazendo todos os estudos necess\u00e1rios, pois queremos criar um plano que seja aplic\u00e1vel, que traga valoriza\u00e7\u00e3o, mas que n\u00e3o inviabilize o munic\u00edpio futuramente. Iremos sim fazer o plano, mas com muita responsabilidade&#8221;, disse o prefeito.<\/p>\n\n\n\n<p>O presidente da ASPMET, Ronaldo S\u00e9rgio, agradeceu ao prefeito pela abertura do di\u00e1logo e ressaltou a import\u00e2ncia da colabora\u00e7\u00e3o entre a entidade e a gest\u00e3o municipal. &#8220;Agradecemos ao prefeito Davi e toda a gest\u00e3o municipal de Filad\u00e9lfia por essa abertura de di\u00e1logo. Esse di\u00e1logo \u00e9 algo que antes n\u00e3o acontecia no munic\u00edpio, e gra\u00e7as a Deus, com essa nova gest\u00e3o, est\u00e1 acontecendo. Isso tem feito com que as coisas evoluam. Estaremos trabalhando juntos com a gest\u00e3o para que os servidores tenham o PCCR, que \u00e9 um sonho antigo de todos&#8221;, afirmou Ronaldo. <em><strong>(Texto e foto de autoria da Aspmet).<\/strong><\/em><\/p>\n","protected":false},"excerpt":{"rendered":"<p>Na tarde desta ter\u00e7a-feira, 4 de abril, o presidente da Associa\u00e7\u00e3o dos Servidores P\u00fablicos Municipais no Estado do Tocantins (ASPMET), Ronaldo S\u00e9rgio, acompanhado do diretor da Regional Norte, Douglas Lemos, se reuniram com o prefeito de Filad\u00e9lfia, Davi Bento, para discutir a cria\u00e7\u00e3o do Plano de Cargos, Carreiras e Remunera\u00e7\u00e3o (PCCR) para os servidores da [&hellip;]<\/p>\n","protected":false},"author":9,"featured_media":0,"comment_status":"open","ping_status":"open","sticky":false,"template":"","format":"standard","meta":{"_acf_changed":false,"footnotes":""},"categories":[25,21],"tags":[],"class_list":["post-69872","post","type-post","status-publish","format-standard","hentry","category-funcionalismo","category-todas-noticias"],"acf":[],"yoast_head":"<!-- This site is optimized with the Yoast SEO plugin v24.4 - https:\/\/yoast.com\/wordpress\/plugins\/seo\/ -->\n<title>ASPMET discute PCCR para Servidores da Sa\u00fade com Prefeito de Filad\u00e9lfia - PORTAL DE NOT\u00cdCIAS CLEITON PINHEIRO<\/title>\n<meta name=\"robots\" content=\"index, follow, max-snippet:-1, max-image-preview:large, max-video-preview:-1\" \/>\n<link rel=\"canonical\" href=\"https:\/\/cleitonpinheiro.com.br\/site\/aspmet-discute-pccr-para-servidores-da-saude-com-prefeito-de-filadelfia\/\" \/>\n<meta property=\"og:locale\" content=\"pt_BR\" \/>\n<meta property=\"og:type\" content=\"article\" \/>\n<meta property=\"og:title\" content=\"ASPMET discute PCCR para Servidores da Sa\u00fade com Prefeito de Filad\u00e9lfia - PORTAL DE NOT\u00cdCIAS CLEITON PINHEIRO\" \/>\n<meta property=\"og:description\" content=\"Na tarde desta ter\u00e7a-feira, 4 de abril, o presidente da Associa\u00e7\u00e3o dos Servidores P\u00fablicos Municipais no Estado do Tocantins (ASPMET), Ronaldo S\u00e9rgio, acompanhado do diretor da Regional Norte, Douglas Lemos, se reuniram com o prefeito de Filad\u00e9lfia, Davi Bento, para discutir a cria\u00e7\u00e3o do Plano de Cargos, Carreiras e Remunera\u00e7\u00e3o (PCCR) para os servidores da [&hellip;]\" \/>\n<meta property=\"og:url\" content=\"https:\/\/cleitonpinheiro.com.br\/site\/aspmet-discute-pccr-para-servidores-da-saude-com-prefeito-de-filadelfia\/\" \/>\n<meta property=\"og:site_name\" content=\"PORTAL DE NOT\u00cdCIAS CLEITON PINHEIRO\" \/>\n<meta property=\"article:publisher\" content=\"https:\/\/www.facebook.com\/portalcpnoticias\/\" \/>\n<meta property=\"article:published_time\" content=\"2023-04-04T19:50:11+00:00\" \/>\n<meta property=\"article:modified_time\" content=\"2023-04-06T20:04:18+00:00\" \/>\n<meta property=\"og:image\" content=\"https:\/\/cleitonpinheiro.com.br\/site\/wp-content\/uploads\/2023\/04\/Design-sem-nome-2023-04-04T164531-compressed-1.jpg\" \/>\n\t<meta property=\"og:image:width\" content=\"750\" \/>\n\t<meta property=\"og:image:height\" content=\"450\" \/>\n\t<meta property=\"og:image:type\" content=\"image\/jpeg\" \/>\n<meta name=\"author\" content=\"RGF Sistemas\" \/>\n<meta name=\"twitter:card\" content=\"summary_large_image\" \/>\n<meta name=\"twitter:label1\" content=\"Escrito por\" \/>\n\t<meta name=\"twitter:data1\" content=\"RGF Sistemas\" \/>\n\t<meta name=\"twitter:label2\" content=\"Est. tempo de leitura\" \/>\n\t<meta name=\"twitter:data2\" content=\"1 minuto\" \/>\n<script type=\"application\/ld+json\" class=\"yoast-schema-graph\">{\"@context\":\"https:\/\/schema.org\",\"@graph\":[{\"@type\":\"Article\",\"@id\":\"https:\/\/cleitonpinheiro.com.br\/site\/aspmet-discute-pccr-para-servidores-da-saude-com-prefeito-de-filadelfia\/#article\",\"isPartOf\":{\"@id\":\"https:\/\/cleitonpinheiro.com.br\/site\/aspmet-discute-pccr-para-servidores-da-saude-com-prefeito-de-filadelfia\/\"},\"author\":{\"name\":\"RGF Sistemas\",\"@id\":\"https:\/\/cleitonpinheiro.com.br\/site\/#\/schema\/person\/b7621891c193194dd412fdc1ff9b2b41\"},\"headline\":\"ASPMET discute PCCR para Servidores da Sa\u00fade com Prefeito de Filad\u00e9lfia\",\"datePublished\":\"2023-04-04T19:50:11+00:00\",\"dateModified\":\"2023-04-06T20:04:18+00:00\",\"mainEntityOfPage\":{\"@id\":\"https:\/\/cleitonpinheiro.com.br\/site\/aspmet-discute-pccr-para-servidores-da-saude-com-prefeito-de-filadelfia\/\"},\"wordCount\":284,\"commentCount\":0,\"publisher\":{\"@id\":\"https:\/\/cleitonpinheiro.com.br\/site\/#organization\"},\"image\":{\"@id\":\"https:\/\/cleitonpinheiro.com.br\/site\/aspmet-discute-pccr-para-servidores-da-saude-com-prefeito-de-filadelfia\/#primaryimage\"},\"thumbnailUrl\":\"https:\/\/cleitonpinheiro.com.br\/site\/wp-content\/uploads\/2023\/04\/Design-sem-nome-2023-04-04T164531-compressed-1.jpg\",\"articleSection\":[\"FUNCIONALISMO\",\"TODAS NOTICIAS\"],\"inLanguage\":\"pt-BR\",\"potentialAction\":[{\"@type\":\"CommentAction\",\"name\":\"Comment\",\"target\":[\"https:\/\/cleitonpinheiro.com.br\/site\/aspmet-discute-pccr-para-servidores-da-saude-com-prefeito-de-filadelfia\/#respond\"]}]},{\"@type\":\"WebPage\",\"@id\":\"https:\/\/cleitonpinheiro.com.br\/site\/aspmet-discute-pccr-para-servidores-da-saude-com-prefeito-de-filadelfia\/\",\"url\":\"https:\/\/cleitonpinheiro.com.br\/site\/aspmet-discute-pccr-para-servidores-da-saude-com-prefeito-de-filadelfia\/\",\"name\":\"ASPMET discute PCCR para Servidores da Sa\u00fade com Prefeito de Filad\u00e9lfia - PORTAL DE NOT\u00cdCIAS CLEITON PINHEIRO\",\"isPartOf\":{\"@id\":\"https:\/\/cleitonpinheiro.com.br\/site\/#website\"},\"primaryImageOfPage\":{\"@id\":\"https:\/\/cleitonpinheiro.com.br\/site\/aspmet-discute-pccr-para-servidores-da-saude-com-prefeito-de-filadelfia\/#primaryimage\"},\"image\":{\"@id\":\"https:\/\/cleitonpinheiro.com.br\/site\/aspmet-discute-pccr-para-servidores-da-saude-com-prefeito-de-filadelfia\/#primaryimage\"},\"thumbnailUrl\":\"https:\/\/cleitonpinheiro.com.br\/site\/wp-content\/uploads\/2023\/04\/Design-sem-nome-2023-04-04T164531-compressed-1.jpg\",\"datePublished\":\"2023-04-04T19:50:11+00:00\",\"dateModified\":\"2023-04-06T20:04:18+00:00\",\"breadcrumb\":{\"@id\":\"https:\/\/cleitonpinheiro.com.br\/site\/aspmet-discute-pccr-para-servidores-da-saude-com-prefeito-de-filadelfia\/#breadcrumb\"},\"inLanguage\":\"pt-BR\",\"potentialAction\":[{\"@type\":\"ReadAction\",\"target\":[\"https:\/\/cleitonpinheiro.com.br\/site\/aspmet-discute-pccr-para-servidores-da-saude-com-prefeito-de-filadelfia\/\"]}]},{\"@type\":\"ImageObject\",\"inLanguage\":\"pt-BR\",\"@id\":\"https:\/\/cleitonpinheiro.com.br\/site\/aspmet-discute-pccr-para-servidores-da-saude-com-prefeito-de-filadelfia\/#primaryimage\",\"url\":\"\",\"contentUrl\":\"\"},{\"@type\":\"BreadcrumbList\",\"@id\":\"https:\/\/cleitonpinheiro.com.br\/site\/aspmet-discute-pccr-para-servidores-da-saude-com-prefeito-de-filadelfia\/#breadcrumb\",\"itemListElement\":[{\"@type\":\"ListItem\",\"position\":1,\"name\":\"In\u00edcio\",\"item\":\"https:\/\/cleitonpinheiro.com.br\/site\/\"},{\"@type\":\"ListItem\",\"position\":2,\"name\":\"ASPMET discute PCCR para Servidores da Sa\u00fade com Prefeito de Filad\u00e9lfia\"}]},{\"@type\":\"WebSite\",\"@id\":\"https:\/\/cleitonpinheiro.com.br\/site\/#website\",\"url\":\"https:\/\/cleitonpinheiro.com.br\/site\/\",\"name\":\"PORTAL DE NOT\u00cdCIAS CLEITON PINHEIRO\",\"description\":\"FALANDO A VERDADE\",\"publisher\":{\"@id\":\"https:\/\/cleitonpinheiro.com.br\/site\/#organization\"},\"potentialAction\":[{\"@type\":\"SearchAction\",\"target\":{\"@type\":\"EntryPoint\",\"urlTemplate\":\"https:\/\/cleitonpinheiro.com.br\/site\/?s={search_term_string}\"},\"query-input\":{\"@type\":\"PropertyValueSpecification\",\"valueRequired\":true,\"valueName\":\"search_term_string\"}}],\"inLanguage\":\"pt-BR\"},{\"@type\":\"Organization\",\"@id\":\"https:\/\/cleitonpinheiro.com.br\/site\/#organization\",\"name\":\"CPNOT\u00cdCIAS\",\"url\":\"https:\/\/cleitonpinheiro.com.br\/site\/\",\"logo\":{\"@type\":\"ImageObject\",\"inLanguage\":\"pt-BR\",\"@id\":\"https:\/\/cleitonpinheiro.com.br\/site\/#\/schema\/logo\/image\/\",\"url\":\"https:\/\/cleitonpinheiro.com.br\/site\/wp-content\/uploads\/2022\/08\/Logo-pequena-2.png\",\"contentUrl\":\"https:\/\/cleitonpinheiro.com.br\/site\/wp-content\/uploads\/2022\/08\/Logo-pequena-2.png\",\"width\":500,\"height\":500,\"caption\":\"CPNOT\u00cdCIAS\"},\"image\":{\"@id\":\"https:\/\/cleitonpinheiro.com.br\/site\/#\/schema\/logo\/image\/\"},\"sameAs\":[\"https:\/\/www.facebook.com\/portalcpnoticias\/\"]},{\"@type\":\"Person\",\"@id\":\"https:\/\/cleitonpinheiro.com.br\/site\/#\/schema\/person\/b7621891c193194dd412fdc1ff9b2b41\",\"name\":\"RGF Sistemas\",\"image\":{\"@type\":\"ImageObject\",\"inLanguage\":\"pt-BR\",\"@id\":\"https:\/\/cleitonpinheiro.com.br\/site\/#\/schema\/person\/image\/\",\"url\":\"https:\/\/secure.gravatar.com\/avatar\/59e110c11e5eecf4636340abed101b4cddb70ca9f64acab0fe8863bcc0a66b2d?s=96&r=g\",\"contentUrl\":\"https:\/\/secure.gravatar.com\/avatar\/59e110c11e5eecf4636340abed101b4cddb70ca9f64acab0fe8863bcc0a66b2d?s=96&r=g\",\"caption\":\"RGF Sistemas\"},\"url\":\"https:\/\/cleitonpinheiro.com.br\/site\/author\/rgfsite\/\"}]}<\/script>\n<!-- \/ Yoast SEO plugin. -->","yoast_head_json":{"title":"ASPMET discute PCCR para Servidores da Sa\u00fade com Prefeito de Filad\u00e9lfia - PORTAL DE NOT\u00cdCIAS CLEITON PINHEIRO","robots":{"index":"index","follow":"follow","max-snippet":"max-snippet:-1","max-image-preview":"max-image-preview:large","max-video-preview":"max-video-preview:-1"},"canonical":"https:\/\/cleitonpinheiro.com.br\/site\/aspmet-discute-pccr-para-servidores-da-saude-com-prefeito-de-filadelfia\/","og_locale":"pt_BR","og_type":"article","og_title":"ASPMET discute PCCR para Servidores da Sa\u00fade com Prefeito de Filad\u00e9lfia - PORTAL DE NOT\u00cdCIAS CLEITON PINHEIRO","og_description":"Na tarde desta ter\u00e7a-feira, 4 de abril, o presidente da Associa\u00e7\u00e3o dos Servidores P\u00fablicos Municipais no Estado do Tocantins (ASPMET), Ronaldo S\u00e9rgio, acompanhado do diretor da Regional Norte, Douglas Lemos, se reuniram com o prefeito de Filad\u00e9lfia, Davi Bento, para discutir a cria\u00e7\u00e3o do Plano de Cargos, Carreiras e Remunera\u00e7\u00e3o (PCCR) para os servidores da [&hellip;]","og_url":"https:\/\/cleitonpinheiro.com.br\/site\/aspmet-discute-pccr-para-servidores-da-saude-com-prefeito-de-filadelfia\/","og_site_name":"PORTAL DE NOT\u00cdCIAS CLEITON PINHEIRO","article_publisher":"https:\/\/www.facebook.com\/portalcpnoticias\/","article_published_time":"2023-04-04T19:50:11+00:00","article_modified_time":"2023-04-06T20:04:18+00:00","og_image":[{"width":750,"height":450,"url":"https:\/\/cleitonpinheiro.com.br\/site\/wp-content\/uploads\/2023\/04\/Design-sem-nome-2023-04-04T164531-compressed-1.jpg","type":"image\/jpeg"}],"author":"RGF Sistemas","twitter_card":"summary_large_image","twitter_misc":{"Escrito por":"RGF Sistemas","Est. tempo de leitura":"1 minuto"},"schema":{"@context":"https:\/\/schema.org","@graph":[{"@type":"Article","@id":"https:\/\/cleitonpinheiro.com.br\/site\/aspmet-discute-pccr-para-servidores-da-saude-com-prefeito-de-filadelfia\/#article","isPartOf":{"@id":"https:\/\/cleitonpinheiro.com.br\/site\/aspmet-discute-pccr-para-servidores-da-saude-com-prefeito-de-filadelfia\/"},"author":{"name":"RGF Sistemas","@id":"https:\/\/cleitonpinheiro.com.br\/site\/#\/schema\/person\/b7621891c193194dd412fdc1ff9b2b41"},"headline":"ASPMET discute PCCR para Servidores da Sa\u00fade com Prefeito de Filad\u00e9lfia","datePublished":"2023-04-04T19:50:11+00:00","dateModified":"2023-04-06T20:04:18+00:00","mainEntityOfPage":{"@id":"https:\/\/cleitonpinheiro.com.br\/site\/aspmet-discute-pccr-para-servidores-da-saude-com-prefeito-de-filadelfia\/"},"wordCount":284,"commentCount":0,"publisher":{"@id":"https:\/\/cleitonpinheiro.com.br\/site\/#organization"},"image":{"@id":"https:\/\/cleitonpinheiro.com.br\/site\/aspmet-discute-pccr-para-servidores-da-saude-com-prefeito-de-filadelfia\/#primaryimage"},"thumbnailUrl":"https:\/\/cleitonpinheiro.com.br\/site\/wp-content\/uploads\/2023\/04\/Design-sem-nome-2023-04-04T164531-compressed-1.jpg","articleSection":["FUNCIONALISMO","TODAS NOTICIAS"],"inLanguage":"pt-BR","potentialAction":[{"@type":"CommentAction","name":"Comment","target":["https:\/\/cleitonpinheiro.com.br\/site\/aspmet-discute-pccr-para-servidores-da-saude-com-prefeito-de-filadelfia\/#respond"]}]},{"@type":"WebPage","@id":"https:\/\/cleitonpinheiro.com.br\/site\/aspmet-discute-pccr-para-servidores-da-saude-com-prefeito-de-filadelfia\/","url":"https:\/\/cleitonpinheiro.com.br\/site\/aspmet-discute-pccr-para-servidores-da-saude-com-prefeito-de-filadelfia\/","name":"ASPMET discute PCCR para Servidores da Sa\u00fade com Prefeito de Filad\u00e9lfia - PORTAL DE NOT\u00cdCIAS CLEITON PINHEIRO","isPartOf":{"@id":"https:\/\/cleitonpinheiro.com.br\/site\/#website"},"primaryImageOfPage":{"@id":"https:\/\/cleitonpinheiro.com.br\/site\/aspmet-discute-pccr-para-servidores-da-saude-com-prefeito-de-filadelfia\/#primaryimage"},"image":{"@id":"https:\/\/cleitonpinheiro.com.br\/site\/aspmet-discute-pccr-para-servidores-da-saude-com-prefeito-de-filadelfia\/#primaryimage"},"thumbnailUrl":"https:\/\/cleitonpinheiro.com.br\/site\/wp-content\/uploads\/2023\/04\/Design-sem-nome-2023-04-04T164531-compressed-1.jpg","datePublished":"2023-04-04T19:50:11+00:00","dateModified":"2023-04-06T20:04:18+00:00","breadcrumb":{"@id":"https:\/\/cleitonpinheiro.com.br\/site\/aspmet-discute-pccr-para-servidores-da-saude-com-prefeito-de-filadelfia\/#breadcrumb"},"inLanguage":"pt-BR","potentialAction":[{"@type":"ReadAction","target":["https:\/\/cleitonpinheiro.com.br\/site\/aspmet-discute-pccr-para-servidores-da-saude-com-prefeito-de-filadelfia\/"]}]},{"@type":"ImageObject","inLanguage":"pt-BR","@id":"https:\/\/cleitonpinheiro.com.br\/site\/aspmet-discute-pccr-para-servidores-da-saude-com-prefeito-de-filadelfia\/#primaryimage","url":"","contentUrl":""},{"@type":"BreadcrumbList","@id":"https:\/\/cleitonpinheiro.com.br\/site\/aspmet-discute-pccr-para-servidores-da-saude-com-prefeito-de-filadelfia\/#breadcrumb","itemListElement":[{"@type":"ListItem","position":1,"name":"In\u00edcio","item":"https:\/\/cleitonpinheiro.com.br\/site\/"},{"@type":"ListItem","position":2,"name":"ASPMET discute PCCR para Servidores da Sa\u00fade com Prefeito de Filad\u00e9lfia"}]},{"@type":"WebSite","@id":"https:\/\/cleitonpinheiro.com.br\/site\/#website","url":"https:\/\/cleitonpinheiro.com.br\/site\/","name":"PORTAL DE NOT\u00cdCIAS CLEITON PINHEIRO","description":"FALANDO A VERDADE","publisher":{"@id":"https:\/\/cleitonpinheiro.com.br\/site\/#organization"},"potentialAction":[{"@type":"SearchAction","target":{"@type":"EntryPoint","urlTemplate":"https:\/\/cleitonpinheiro.com.br\/site\/?s={search_term_string}"},"query-input":{"@type":"PropertyValueSpecification","valueRequired":true,"valueName":"search_term_string"}}],"inLanguage":"pt-BR"},{"@type":"Organization","@id":"https:\/\/cleitonpinheiro.com.br\/site\/#organization","name":"CPNOT\u00cdCIAS","url":"https:\/\/cleitonpinheiro.com.br\/site\/","logo":{"@type":"ImageObject","inLanguage":"pt-BR","@id":"https:\/\/cleitonpinheiro.com.br\/site\/#\/schema\/logo\/image\/","url":"https:\/\/cleitonpinheiro.com.br\/site\/wp-content\/uploads\/2022\/08\/Logo-pequena-2.png","contentUrl":"https:\/\/cleitonpinheiro.com.br\/site\/wp-content\/uploads\/2022\/08\/Logo-pequena-2.png","width":500,"height":500,"caption":"CPNOT\u00cdCIAS"},"image":{"@id":"https:\/\/cleitonpinheiro.com.br\/site\/#\/schema\/logo\/image\/"},"sameAs":["https:\/\/www.facebook.com\/portalcpnoticias\/"]},{"@type":"Person","@id":"https:\/\/cleitonpinheiro.com.br\/site\/#\/schema\/person\/b7621891c193194dd412fdc1ff9b2b41","name":"RGF Sistemas","image":{"@type":"ImageObject","inLanguage":"pt-BR","@id":"https:\/\/cleitonpinheiro.com.br\/site\/#\/schema\/person\/image\/","url":"https:\/\/secure.gravatar.com\/avatar\/59e110c11e5eecf4636340abed101b4cddb70ca9f64acab0fe8863bcc0a66b2d?s=96&r=g","contentUrl":"https:\/\/secure.gravatar.com\/avatar\/59e110c11e5eecf4636340abed101b4cddb70ca9f64acab0fe8863bcc0a66b2d?s=96&r=g","caption":"RGF Sistemas"},"url":"https:\/\/cleitonpinheiro.com.br\/site\/author\/rgfsite\/"}]}},"views":523,"_links":{"self":[{"href":"https:\/\/cleitonpinheiro.com.br\/site\/wp-json\/wp\/v2\/posts\/69872","targetHints":{"allow":["GET"]}}],"collection":[{"href":"https:\/\/cleitonpinheiro.com.br\/site\/wp-json\/wp\/v2\/posts"}],"about":[{"href":"https:\/\/cleitonpinheiro.com.br\/site\/wp-json\/wp\/v2\/types\/post"}],"author":[{"embeddable":true,"href":"https:\/\/cleitonpinheiro.com.br\/site\/wp-json\/wp\/v2\/users\/9"}],"replies":[{"embeddable":true,"href":"https:\/\/cleitonpinheiro.com.br\/site\/wp-json\/wp\/v2\/comments?post=69872"}],"version-history":[{"count":2,"href":"https:\/\/cleitonpinheiro.com.br\/site\/wp-json\/wp\/v2\/posts\/69872\/revisions"}],"predecessor-version":[{"id":69876,"href":"https:\/\/cleitonpinheiro.com.br\/site\/wp-json\/wp\/v2\/posts\/69872\/revisions\/69876"}],"wp:attachment":[{"href":"https:\/\/cleitonpinheiro.com.br\/site\/wp-json\/wp\/v2\/media?parent=69872"}],"wp:term":[{"taxonomy":"category","embeddable":true,"href":"https:\/\/cleitonpinheiro.com.br\/site\/wp-json\/wp\/v2\/categories?post=69872"},{"taxonomy":"post_tag","embeddable":true,"href":"https:\/\/cleitonpinheiro.com.br\/site\/wp-json\/wp\/v2\/tags?post=69872"}],"curies":[{"name":"wp","href":"https:\/\/api.w.org\/{rel}","templated":true}]}}