{"id":69899,"date":"2023-04-05T09:11:37","date_gmt":"2023-04-05T12:11:37","guid":{"rendered":"https:\/\/cleitonpinheiro.com.br\/site\/?p=69899"},"modified":"2023-04-05T09:16:31","modified_gmt":"2023-04-05T12:16:31","slug":"ex-presidente-jair-bolsonaro-depoe-hoje-a-policia-federal-sobre-o-escandalo-das-joias","status":"publish","type":"post","link":"https:\/\/cleitonpinheiro.com.br\/site\/ex-presidente-jair-bolsonaro-depoe-hoje-a-policia-federal-sobre-o-escandalo-das-joias\/","title":{"rendered":"Ex-presidente Jair Bolsonaro dep\u00f5e hoje \u00e0 Pol\u00edcia Federal sobre o esc\u00e2ndalo das joias"},"content":{"rendered":"\n<figure class=\"wp-block-image size-full is-resized\"><img fetchpriority=\"high\" decoding=\"async\" src=\"https:\/\/cleitonpinheiro.com.br\/site\/wp-content\/uploads\/2023\/04\/Design-sem-nome-2023-04-05T090620-compressed.jpg\" alt=\"\" class=\"wp-image-69900\" width=\"1022\" height=\"613\"\/><\/figure>\n\n\n\n<p>&nbsp;Foto: JOS\u00c9 DIAS\/PR<\/p>\n\n\n\n<p>O ex-presidente&nbsp;<strong><a href=\"http:\/\/www.terra.com.br\/noticias\/brasil\/politica\/bolsonaro\">Jair Bolsonaro<\/a>&nbsp;(PL)<\/strong>&nbsp;ir\u00e1 depor \u00e0 Pol\u00edcia Federal nesta quarta-feira, 5, a partir das 14h, para prestar esclarecimentos sobre o&nbsp;<a href=\"https:\/\/www.terra.com.br\/noticias\/brasil\/politica\/joias-de-bolsonaro-o-que-se-sabe-e-quais-podem-ser-as-consequencias,9fe99aff54342004be7684c0e1571fd2p56gheyd.html\">esc\u00e2ndalo das joias \u00e1rabes<\/a>, revelado pelo&nbsp;<strong>Estad\u00e3o&nbsp;<\/strong>no in\u00edcio de mar\u00e7o. O depoimento ser\u00e1 presencial, em Bras\u00edlia. Tamb\u00e9m ser\u00e1 ouvido pela PF nesta quinta-feira o tenente-coronel Mauro Cid, ajudante de ordens de Bolsonaro.<\/p>\n\n\n\n<p>Em 2021, o governo Bolsonaro tentou entrar ilegalmente no Brasil com um conjunto de colar, anel, rel\u00f3gio e um par de brincos de diamantes avaliados em \u20ac 3 milh\u00f5es, o equivalente a R$ 16,5 milh\u00f5es, da marca&nbsp;<strong>Chopard<\/strong>. Segundo declara\u00e7\u00f5es iniciais, tratava-se supostamente de um presente do governo da Ar\u00e1bia Saudita para o ent\u00e3o presidente e para a ex-primeira-dama, Michelle Bolsonaro.<\/p>\n\n\n\n<figure class=\"wp-block-image size-full is-resized\"><img decoding=\"async\" src=\"https:\/\/cleitonpinheiro.com.br\/site\/wp-content\/uploads\/2023\/04\/Design-sem-nome-2023-04-05T090952-compressed.jpg\" alt=\"\" class=\"wp-image-69901\" width=\"1017\" height=\"610\"\/><\/figure>\n\n\n\n<p>O tenente da Marinha Marcos Andr\u00e9 Soeiro, ex-assessor de Bento Albuquerque, almirante de esquadra da Marinha que atuava como ministro de Minas e Energia, foi o respons\u00e1vel por tentar entrar com as joias no Pa\u00eds, apreendidas no Aeroporto de Guarulhos, em S\u00e3o Paulo.<\/p>\n\n\n\n<h3 class=\"wp-block-heading\">Confira a linha do tempo do esc\u00e2ndalo:<\/h3>\n\n\n\n<h4 class=\"wp-block-heading\">Outubro de 2021<\/h4>\n\n\n\n<p>O ent\u00e3o ministro de Minas e Energia do governo Bolsonaro,&nbsp;<strong>Bento Albuquerque<\/strong>, volta ao Brasil ap\u00f3s representar o Pa\u00eds em reuni\u00e3o de c\u00fapula na Ar\u00e1bia Saudita. Ao chegar no aeroporto de Guarulhos, em S\u00e3o Paulo, o almirante de esquadra da Marinha e sua comitiva tentam passar ilegalmente pela alf\u00e2ndega com joias entregues pelo governo saudita. Na mochila do seu assessor&nbsp;<strong>Marcos Andr\u00e9 Soeiro<\/strong>&nbsp;estava uma caixa com um colar, rel\u00f3gio e outros itens de diamantes avaliados em R$ 16,5 milh\u00f5es, e no qual foi apreendida pela Receita Federal.<\/p>\n\n\n\n<p>No mesmo dia, ao saber que o pacote estava com os auditores da Receita, Albuquerque usa o cargo para convencer os auditores da Receita a liberar o conte\u00fado. Ao&nbsp;<strong>Estad\u00e3o<\/strong>, alegou que n\u00e3o tinha conhecimento do conte\u00fado que estava na caixa. Tr\u00eas dias ap\u00f3s as tentativas frustradas de entrar com os diamantes, o chefe de gabinete adjunto de Documenta\u00e7\u00e3o Hist\u00f3rica do gabinete pessoal do presidente da Rep\u00fablica,&nbsp;<strong>Marcelo da Silva Vieira<\/strong>, envia um of\u00edcio para o chefe de gabinete do ministro de Minas e Energia,&nbsp;<strong>Jos\u00e9 Roberto Bueno J\u00fanior<\/strong>, alegando que as joias seriam para incorpora\u00e7\u00e3o ao &#8220;acervo privado do Presidente da Rep\u00fablica ou ao acervo p\u00fablico da Presid\u00eancia da Rep\u00fablica&#8221;.<\/p>\n\n\n\n<p>Segundo revelou Mauro Cid ao&nbsp;<strong>Estad\u00e3o<\/strong>, o estojo est\u00e1 com Bolsonaro no &#8220;acervo privado&#8221; dele. A entrada das pe\u00e7as no Brasil sem declarar \u00e0 Receita e a apropria\u00e7\u00e3o pelo presidente est\u00e3o irregulares. O entendimento do&nbsp;<strong>Tribunal de Contas da Uni\u00e3o (TCU)<\/strong>&nbsp;\u00e9 que os ex-presidentes s\u00f3 podem ficar com lembran\u00e7as de &#8220;car\u00e1ter personal\u00edssimo&#8221;, como roupas e perfumes.<\/p>\n\n\n\n<h3 class=\"wp-block-heading\">Terceiro pacote<\/h3>\n\n\n\n<p>Apura\u00e7\u00e3o do&nbsp;<strong>Estad\u00e3o<\/strong>&nbsp;descobriu que Jair Bolsonaro, ao terminar o mandato em 2022, levou consigo um terceiro pacote de joias que inclui um rel\u00f3gio da marca Rolex, de ouro branco, cravejado de diamantes, uma caneta da marca Chopard prateada, com pedras encrustadas, um par de abotoaduras em ouro branco, com um brilhante cravejado no centro e outros diamantes ao redor.<\/p>\n\n\n\n<p>Comp\u00f5e o conjunto, ainda, um anel em ouro branco com um diamante no centro e outros em forma de &#8220;baguette&#8221; ao redor, uma &#8220;masbaha&#8221;, um tipo de ros\u00e1rio \u00e1rabe, feito de ouro branco e com pingentes cravejados em brilhantes. Ao todo, a terceira caixa de presentes est\u00e1 estimada em mais de R$ 500 mil.<\/p>\n\n\n\n<p>A reportagem apurou tamb\u00e9m que este conjunto de joias, diferentemente das outras duas caixas enviadas a Bolsonaro, foi recebido em m\u00e3os pelo pr\u00f3prio ex-presidente, quando esteve com sua comitiva em viagem oficial a Doha, no Catar, e em Riade, na Ar\u00e1bia Saudita, entre os dias 28 e 30 de outubro de 2019.<\/p>\n\n\n\n<p>A guarda dessas joias permaneceria no acervo privado de Bolsonaro por mais de um ano e meio, at\u00e9 que, j\u00e1 no ano passado, o ent\u00e3o presidente daria novas ordens, desta vez para ter o conjunto, fisicamente, em suas m\u00e3os. Isso ocorreu no dia 6 de junho de 2022. Nesta data, foi registrado pelo sistema da Presid\u00eancia que os itens foram &#8220;encaminhados ao gabinete do presidente Jair Bolsonaro&#8221;. Dois dias depois, em 8 de junho, conforme os registros oficiais, as joias j\u00e1 se encontravam &#8220;sob a guarda do Presidente da Rep\u00fablica&#8221;.<\/p>\n\n\n\n<h3 class=\"wp-block-heading\">Joias escondidas<\/h3>\n\n\n\n<p>O ex-presidente Jair Bolsonaro escolheu a fazenda de&nbsp;<strong>Nelson Piquet<\/strong>, ex-piloto de F\u00f3rmula 1, para guardar suas caixas de presentes recebidos durante seu mandato, como as joias de diamantes, n\u00e3o declaradas \u00e0 Receita Federal e que n\u00e3o foram entregues \u00e0 Uni\u00e3o. O&nbsp;<strong>Estad\u00e3o<\/strong>&nbsp;apurou que dezenas de caixas com pertences foram despachadas para uma propriedade localizada no Lago Sul, uma das regi\u00f5es mais nobres de Bras\u00edlia.<\/p>\n\n\n\n<h3 class=\"wp-block-heading\">Entrega dos kits<\/h3>\n\n\n\n<p>Seguindo determina\u00e7\u00e3o do&nbsp;<strong>Tribunal de Contas da Uni\u00e3o (TCU)<\/strong>, o advogado Paulo Amador da Cunha Bueno entregou, no dia 24 de mar\u00e7o em uma ag\u00eancia da Caixa, em Bras\u00edlia, o segundo conjunto de joias recebido ilegalmente pelo ex-presidente Jair Bolsonaro.<\/p>\n\n\n\n<p>Cinco dias depois, no dia 29 de mar\u00e7o, o TCU determinou que o ex-presidente Jair Bolsonaro devolva, imediatamente, a terceira caixa de joias que ele recebeu do regime da Ar\u00e1bia Saudita e que guardou para si. Al\u00e9m de determinar a devolu\u00e7\u00e3o dos itens, o TCU alertou Bolsonaro sobre a omiss\u00e3o de informa\u00e7\u00f5es relacionadas aos presentes que recebeu do regime saudita.<\/p>\n\n\n\n<p>Um dia antes do depoimento marcado na Pol\u00edcia Federa, a defesa do ex-presidente entregou \u00e0 Caixa Econ\u00f4mica Federal nesta ter\u00e7a-feira, 4, o terceiro kit de joias presenteadas pelo regime da Ar\u00e1bia Saudita. A entrega do estojo foi determinada pelo TCU.<\/p>\n\n\n\n<p>A devolu\u00e7\u00e3o das joias foi informada pelo ex-chefe da Secretaria de Comunica\u00e7\u00e3o Social (Secom) e atual assessor de Bolsonaro, F\u00e1bio Wajngarten, em sua conta oficial no Twitter. &#8220;A entrega reitera o compromisso da defesa do presidente Bolsonaro de devolver todos os presentes que o TCU solicitar, cumprindo a orienta\u00e7\u00e3o do ex-mandat\u00e1rio do pa\u00eds, que sempre respeitou a legisla\u00e7\u00e3o em vigor sobre o assunto&#8221;. escreveu.<\/p>\n\n\n\n<p><\/p>\n","protected":false},"excerpt":{"rendered":"<p>&nbsp;Foto: JOS\u00c9 DIAS\/PR O ex-presidente&nbsp;Jair Bolsonaro&nbsp;(PL)&nbsp;ir\u00e1 depor \u00e0 Pol\u00edcia Federal nesta quarta-feira, 5, a partir das 14h, para prestar esclarecimentos sobre o&nbsp;esc\u00e2ndalo das joias \u00e1rabes, revelado pelo&nbsp;Estad\u00e3o&nbsp;no in\u00edcio de mar\u00e7o. O depoimento ser\u00e1 presencial, em Bras\u00edlia. Tamb\u00e9m ser\u00e1 ouvido pela PF nesta quinta-feira o tenente-coronel Mauro Cid, ajudante de ordens de Bolsonaro. Em 2021, o [&hellip;]<\/p>\n","protected":false},"author":4,"featured_media":0,"comment_status":"open","ping_status":"open","sticky":false,"template":"","format":"standard","meta":{"_acf_changed":false,"footnotes":""},"categories":[19,898],"tags":[],"class_list":["post-69899","post","type-post","status-publish","format-standard","hentry","category-brasil-mundo","category-manchete-segundaria"],"acf":[],"yoast_head":"<!-- This site is optimized with the Yoast SEO plugin v24.4 - https:\/\/yoast.com\/wordpress\/plugins\/seo\/ -->\n<title>Ex-presidente Jair Bolsonaro dep\u00f5e hoje \u00e0 Pol\u00edcia Federal sobre o esc\u00e2ndalo das joias - PORTAL DE NOT\u00cdCIAS CLEITON PINHEIRO<\/title>\n<meta name=\"robots\" content=\"index, follow, max-snippet:-1, max-image-preview:large, max-video-preview:-1\" \/>\n<link rel=\"canonical\" href=\"https:\/\/cleitonpinheiro.com.br\/site\/ex-presidente-jair-bolsonaro-depoe-hoje-a-policia-federal-sobre-o-escandalo-das-joias\/\" \/>\n<meta property=\"og:locale\" content=\"pt_BR\" \/>\n<meta property=\"og:type\" content=\"article\" \/>\n<meta property=\"og:title\" content=\"Ex-presidente Jair Bolsonaro dep\u00f5e hoje \u00e0 Pol\u00edcia Federal sobre o esc\u00e2ndalo das joias - PORTAL DE NOT\u00cdCIAS CLEITON PINHEIRO\" \/>\n<meta property=\"og:description\" content=\"&nbsp;Foto: JOS\u00c9 DIAS\/PR O ex-presidente&nbsp;Jair Bolsonaro&nbsp;(PL)&nbsp;ir\u00e1 depor \u00e0 Pol\u00edcia Federal nesta quarta-feira, 5, a partir das 14h, para prestar esclarecimentos sobre o&nbsp;esc\u00e2ndalo das joias \u00e1rabes, revelado pelo&nbsp;Estad\u00e3o&nbsp;no in\u00edcio de mar\u00e7o. O depoimento ser\u00e1 presencial, em Bras\u00edlia. Tamb\u00e9m ser\u00e1 ouvido pela PF nesta quinta-feira o tenente-coronel Mauro Cid, ajudante de ordens de Bolsonaro. Em 2021, o [&hellip;]\" \/>\n<meta property=\"og:url\" content=\"https:\/\/cleitonpinheiro.com.br\/site\/ex-presidente-jair-bolsonaro-depoe-hoje-a-policia-federal-sobre-o-escandalo-das-joias\/\" \/>\n<meta property=\"og:site_name\" content=\"PORTAL DE NOT\u00cdCIAS CLEITON PINHEIRO\" \/>\n<meta property=\"article:publisher\" content=\"https:\/\/www.facebook.com\/portalcpnoticias\/\" \/>\n<meta property=\"article:published_time\" content=\"2023-04-05T12:11:37+00:00\" \/>\n<meta property=\"article:modified_time\" content=\"2023-04-05T12:16:31+00:00\" \/>\n<meta property=\"og:image\" content=\"https:\/\/cleitonpinheiro.com.br\/site\/wp-content\/uploads\/2023\/04\/Design-sem-nome-2023-04-05T090620-compressed.jpg\" \/>\n\t<meta property=\"og:image:width\" content=\"750\" \/>\n\t<meta property=\"og:image:height\" content=\"450\" \/>\n\t<meta property=\"og:image:type\" content=\"image\/jpeg\" \/>\n<meta name=\"author\" content=\"Dermival Pereira\" \/>\n<meta name=\"twitter:card\" content=\"summary_large_image\" \/>\n<meta name=\"twitter:label1\" content=\"Escrito por\" \/>\n\t<meta name=\"twitter:data1\" content=\"Dermival Pereira\" \/>\n\t<meta name=\"twitter:label2\" content=\"Est. tempo de leitura\" \/>\n\t<meta name=\"twitter:data2\" content=\"5 minutos\" \/>\n<script type=\"application\/ld+json\" class=\"yoast-schema-graph\">{\"@context\":\"https:\/\/schema.org\",\"@graph\":[{\"@type\":\"Article\",\"@id\":\"https:\/\/cleitonpinheiro.com.br\/site\/ex-presidente-jair-bolsonaro-depoe-hoje-a-policia-federal-sobre-o-escandalo-das-joias\/#article\",\"isPartOf\":{\"@id\":\"https:\/\/cleitonpinheiro.com.br\/site\/ex-presidente-jair-bolsonaro-depoe-hoje-a-policia-federal-sobre-o-escandalo-das-joias\/\"},\"author\":{\"name\":\"Dermival Pereira\",\"@id\":\"https:\/\/cleitonpinheiro.com.br\/site\/#\/schema\/person\/aac6d7f311e80c43042e98a900b03cd8\"},\"headline\":\"Ex-presidente Jair Bolsonaro dep\u00f5e hoje \u00e0 Pol\u00edcia Federal sobre o esc\u00e2ndalo das joias\",\"datePublished\":\"2023-04-05T12:11:37+00:00\",\"dateModified\":\"2023-04-05T12:16:31+00:00\",\"mainEntityOfPage\":{\"@id\":\"https:\/\/cleitonpinheiro.com.br\/site\/ex-presidente-jair-bolsonaro-depoe-hoje-a-policia-federal-sobre-o-escandalo-das-joias\/\"},\"wordCount\":1068,\"commentCount\":0,\"publisher\":{\"@id\":\"https:\/\/cleitonpinheiro.com.br\/site\/#organization\"},\"image\":{\"@id\":\"https:\/\/cleitonpinheiro.com.br\/site\/ex-presidente-jair-bolsonaro-depoe-hoje-a-policia-federal-sobre-o-escandalo-das-joias\/#primaryimage\"},\"thumbnailUrl\":\"https:\/\/cleitonpinheiro.com.br\/site\/wp-content\/uploads\/2023\/04\/Design-sem-nome-2023-04-05T090620-compressed.jpg\",\"articleSection\":[\"BRASIL \/ MUNDO\",\"MANCHETE SEGUND\u00c1RIA\"],\"inLanguage\":\"pt-BR\",\"potentialAction\":[{\"@type\":\"CommentAction\",\"name\":\"Comment\",\"target\":[\"https:\/\/cleitonpinheiro.com.br\/site\/ex-presidente-jair-bolsonaro-depoe-hoje-a-policia-federal-sobre-o-escandalo-das-joias\/#respond\"]}]},{\"@type\":\"WebPage\",\"@id\":\"https:\/\/cleitonpinheiro.com.br\/site\/ex-presidente-jair-bolsonaro-depoe-hoje-a-policia-federal-sobre-o-escandalo-das-joias\/\",\"url\":\"https:\/\/cleitonpinheiro.com.br\/site\/ex-presidente-jair-bolsonaro-depoe-hoje-a-policia-federal-sobre-o-escandalo-das-joias\/\",\"name\":\"Ex-presidente Jair Bolsonaro dep\u00f5e hoje \u00e0 Pol\u00edcia Federal sobre o esc\u00e2ndalo das joias - PORTAL DE NOT\u00cdCIAS CLEITON PINHEIRO\",\"isPartOf\":{\"@id\":\"https:\/\/cleitonpinheiro.com.br\/site\/#website\"},\"primaryImageOfPage\":{\"@id\":\"https:\/\/cleitonpinheiro.com.br\/site\/ex-presidente-jair-bolsonaro-depoe-hoje-a-policia-federal-sobre-o-escandalo-das-joias\/#primaryimage\"},\"image\":{\"@id\":\"https:\/\/cleitonpinheiro.com.br\/site\/ex-presidente-jair-bolsonaro-depoe-hoje-a-policia-federal-sobre-o-escandalo-das-joias\/#primaryimage\"},\"thumbnailUrl\":\"https:\/\/cleitonpinheiro.com.br\/site\/wp-content\/uploads\/2023\/04\/Design-sem-nome-2023-04-05T090620-compressed.jpg\",\"datePublished\":\"2023-04-05T12:11:37+00:00\",\"dateModified\":\"2023-04-05T12:16:31+00:00\",\"breadcrumb\":{\"@id\":\"https:\/\/cleitonpinheiro.com.br\/site\/ex-presidente-jair-bolsonaro-depoe-hoje-a-policia-federal-sobre-o-escandalo-das-joias\/#breadcrumb\"},\"inLanguage\":\"pt-BR\",\"potentialAction\":[{\"@type\":\"ReadAction\",\"target\":[\"https:\/\/cleitonpinheiro.com.br\/site\/ex-presidente-jair-bolsonaro-depoe-hoje-a-policia-federal-sobre-o-escandalo-das-joias\/\"]}]},{\"@type\":\"ImageObject\",\"inLanguage\":\"pt-BR\",\"@id\":\"https:\/\/cleitonpinheiro.com.br\/site\/ex-presidente-jair-bolsonaro-depoe-hoje-a-policia-federal-sobre-o-escandalo-das-joias\/#primaryimage\",\"url\":\"\",\"contentUrl\":\"\"},{\"@type\":\"BreadcrumbList\",\"@id\":\"https:\/\/cleitonpinheiro.com.br\/site\/ex-presidente-jair-bolsonaro-depoe-hoje-a-policia-federal-sobre-o-escandalo-das-joias\/#breadcrumb\",\"itemListElement\":[{\"@type\":\"ListItem\",\"position\":1,\"name\":\"In\u00edcio\",\"item\":\"https:\/\/cleitonpinheiro.com.br\/site\/\"},{\"@type\":\"ListItem\",\"position\":2,\"name\":\"Ex-presidente Jair Bolsonaro dep\u00f5e hoje \u00e0 Pol\u00edcia Federal sobre o esc\u00e2ndalo das joias\"}]},{\"@type\":\"WebSite\",\"@id\":\"https:\/\/cleitonpinheiro.com.br\/site\/#website\",\"url\":\"https:\/\/cleitonpinheiro.com.br\/site\/\",\"name\":\"PORTAL DE NOT\u00cdCIAS CLEITON PINHEIRO\",\"description\":\"FALANDO A VERDADE\",\"publisher\":{\"@id\":\"https:\/\/cleitonpinheiro.com.br\/site\/#organization\"},\"potentialAction\":[{\"@type\":\"SearchAction\",\"target\":{\"@type\":\"EntryPoint\",\"urlTemplate\":\"https:\/\/cleitonpinheiro.com.br\/site\/?s={search_term_string}\"},\"query-input\":{\"@type\":\"PropertyValueSpecification\",\"valueRequired\":true,\"valueName\":\"search_term_string\"}}],\"inLanguage\":\"pt-BR\"},{\"@type\":\"Organization\",\"@id\":\"https:\/\/cleitonpinheiro.com.br\/site\/#organization\",\"name\":\"CPNOT\u00cdCIAS\",\"url\":\"https:\/\/cleitonpinheiro.com.br\/site\/\",\"logo\":{\"@type\":\"ImageObject\",\"inLanguage\":\"pt-BR\",\"@id\":\"https:\/\/cleitonpinheiro.com.br\/site\/#\/schema\/logo\/image\/\",\"url\":\"https:\/\/cleitonpinheiro.com.br\/site\/wp-content\/uploads\/2022\/08\/Logo-pequena-2.png\",\"contentUrl\":\"https:\/\/cleitonpinheiro.com.br\/site\/wp-content\/uploads\/2022\/08\/Logo-pequena-2.png\",\"width\":500,\"height\":500,\"caption\":\"CPNOT\u00cdCIAS\"},\"image\":{\"@id\":\"https:\/\/cleitonpinheiro.com.br\/site\/#\/schema\/logo\/image\/\"},\"sameAs\":[\"https:\/\/www.facebook.com\/portalcpnoticias\/\"]},{\"@type\":\"Person\",\"@id\":\"https:\/\/cleitonpinheiro.com.br\/site\/#\/schema\/person\/aac6d7f311e80c43042e98a900b03cd8\",\"name\":\"Dermival Pereira\",\"image\":{\"@type\":\"ImageObject\",\"inLanguage\":\"pt-BR\",\"@id\":\"https:\/\/cleitonpinheiro.com.br\/site\/#\/schema\/person\/image\/\",\"url\":\"https:\/\/secure.gravatar.com\/avatar\/cfaebf3742d6bf8db728bcba3eed6bee37b02337a2e6c822994f20ca72a3784d?s=96&r=g\",\"contentUrl\":\"https:\/\/secure.gravatar.com\/avatar\/cfaebf3742d6bf8db728bcba3eed6bee37b02337a2e6c822994f20ca72a3784d?s=96&r=g\",\"caption\":\"Dermival Pereira\"},\"url\":\"https:\/\/cleitonpinheiro.com.br\/site\/author\/dermival\/\"}]}<\/script>\n<!-- \/ Yoast SEO plugin. -->","yoast_head_json":{"title":"Ex-presidente Jair Bolsonaro dep\u00f5e hoje \u00e0 Pol\u00edcia Federal sobre o esc\u00e2ndalo das joias - PORTAL DE NOT\u00cdCIAS CLEITON PINHEIRO","robots":{"index":"index","follow":"follow","max-snippet":"max-snippet:-1","max-image-preview":"max-image-preview:large","max-video-preview":"max-video-preview:-1"},"canonical":"https:\/\/cleitonpinheiro.com.br\/site\/ex-presidente-jair-bolsonaro-depoe-hoje-a-policia-federal-sobre-o-escandalo-das-joias\/","og_locale":"pt_BR","og_type":"article","og_title":"Ex-presidente Jair Bolsonaro dep\u00f5e hoje \u00e0 Pol\u00edcia Federal sobre o esc\u00e2ndalo das joias - PORTAL DE NOT\u00cdCIAS CLEITON PINHEIRO","og_description":"&nbsp;Foto: JOS\u00c9 DIAS\/PR O ex-presidente&nbsp;Jair Bolsonaro&nbsp;(PL)&nbsp;ir\u00e1 depor \u00e0 Pol\u00edcia Federal nesta quarta-feira, 5, a partir das 14h, para prestar esclarecimentos sobre o&nbsp;esc\u00e2ndalo das joias \u00e1rabes, revelado pelo&nbsp;Estad\u00e3o&nbsp;no in\u00edcio de mar\u00e7o. O depoimento ser\u00e1 presencial, em Bras\u00edlia. Tamb\u00e9m ser\u00e1 ouvido pela PF nesta quinta-feira o tenente-coronel Mauro Cid, ajudante de ordens de Bolsonaro. Em 2021, o [&hellip;]","og_url":"https:\/\/cleitonpinheiro.com.br\/site\/ex-presidente-jair-bolsonaro-depoe-hoje-a-policia-federal-sobre-o-escandalo-das-joias\/","og_site_name":"PORTAL DE NOT\u00cdCIAS CLEITON PINHEIRO","article_publisher":"https:\/\/www.facebook.com\/portalcpnoticias\/","article_published_time":"2023-04-05T12:11:37+00:00","article_modified_time":"2023-04-05T12:16:31+00:00","og_image":[{"width":750,"height":450,"url":"https:\/\/cleitonpinheiro.com.br\/site\/wp-content\/uploads\/2023\/04\/Design-sem-nome-2023-04-05T090620-compressed.jpg","type":"image\/jpeg"}],"author":"Dermival Pereira","twitter_card":"summary_large_image","twitter_misc":{"Escrito por":"Dermival Pereira","Est. tempo de leitura":"5 minutos"},"schema":{"@context":"https:\/\/schema.org","@graph":[{"@type":"Article","@id":"https:\/\/cleitonpinheiro.com.br\/site\/ex-presidente-jair-bolsonaro-depoe-hoje-a-policia-federal-sobre-o-escandalo-das-joias\/#article","isPartOf":{"@id":"https:\/\/cleitonpinheiro.com.br\/site\/ex-presidente-jair-bolsonaro-depoe-hoje-a-policia-federal-sobre-o-escandalo-das-joias\/"},"author":{"name":"Dermival Pereira","@id":"https:\/\/cleitonpinheiro.com.br\/site\/#\/schema\/person\/aac6d7f311e80c43042e98a900b03cd8"},"headline":"Ex-presidente Jair Bolsonaro dep\u00f5e hoje \u00e0 Pol\u00edcia Federal sobre o esc\u00e2ndalo das joias","datePublished":"2023-04-05T12:11:37+00:00","dateModified":"2023-04-05T12:16:31+00:00","mainEntityOfPage":{"@id":"https:\/\/cleitonpinheiro.com.br\/site\/ex-presidente-jair-bolsonaro-depoe-hoje-a-policia-federal-sobre-o-escandalo-das-joias\/"},"wordCount":1068,"commentCount":0,"publisher":{"@id":"https:\/\/cleitonpinheiro.com.br\/site\/#organization"},"image":{"@id":"https:\/\/cleitonpinheiro.com.br\/site\/ex-presidente-jair-bolsonaro-depoe-hoje-a-policia-federal-sobre-o-escandalo-das-joias\/#primaryimage"},"thumbnailUrl":"https:\/\/cleitonpinheiro.com.br\/site\/wp-content\/uploads\/2023\/04\/Design-sem-nome-2023-04-05T090620-compressed.jpg","articleSection":["BRASIL \/ MUNDO","MANCHETE SEGUND\u00c1RIA"],"inLanguage":"pt-BR","potentialAction":[{"@type":"CommentAction","name":"Comment","target":["https:\/\/cleitonpinheiro.com.br\/site\/ex-presidente-jair-bolsonaro-depoe-hoje-a-policia-federal-sobre-o-escandalo-das-joias\/#respond"]}]},{"@type":"WebPage","@id":"https:\/\/cleitonpinheiro.com.br\/site\/ex-presidente-jair-bolsonaro-depoe-hoje-a-policia-federal-sobre-o-escandalo-das-joias\/","url":"https:\/\/cleitonpinheiro.com.br\/site\/ex-presidente-jair-bolsonaro-depoe-hoje-a-policia-federal-sobre-o-escandalo-das-joias\/","name":"Ex-presidente Jair Bolsonaro dep\u00f5e hoje \u00e0 Pol\u00edcia Federal sobre o esc\u00e2ndalo das joias - PORTAL DE NOT\u00cdCIAS CLEITON PINHEIRO","isPartOf":{"@id":"https:\/\/cleitonpinheiro.com.br\/site\/#website"},"primaryImageOfPage":{"@id":"https:\/\/cleitonpinheiro.com.br\/site\/ex-presidente-jair-bolsonaro-depoe-hoje-a-policia-federal-sobre-o-escandalo-das-joias\/#primaryimage"},"image":{"@id":"https:\/\/cleitonpinheiro.com.br\/site\/ex-presidente-jair-bolsonaro-depoe-hoje-a-policia-federal-sobre-o-escandalo-das-joias\/#primaryimage"},"thumbnailUrl":"https:\/\/cleitonpinheiro.com.br\/site\/wp-content\/uploads\/2023\/04\/Design-sem-nome-2023-04-05T090620-compressed.jpg","datePublished":"2023-04-05T12:11:37+00:00","dateModified":"2023-04-05T12:16:31+00:00","breadcrumb":{"@id":"https:\/\/cleitonpinheiro.com.br\/site\/ex-presidente-jair-bolsonaro-depoe-hoje-a-policia-federal-sobre-o-escandalo-das-joias\/#breadcrumb"},"inLanguage":"pt-BR","potentialAction":[{"@type":"ReadAction","target":["https:\/\/cleitonpinheiro.com.br\/site\/ex-presidente-jair-bolsonaro-depoe-hoje-a-policia-federal-sobre-o-escandalo-das-joias\/"]}]},{"@type":"ImageObject","inLanguage":"pt-BR","@id":"https:\/\/cleitonpinheiro.com.br\/site\/ex-presidente-jair-bolsonaro-depoe-hoje-a-policia-federal-sobre-o-escandalo-das-joias\/#primaryimage","url":"","contentUrl":""},{"@type":"BreadcrumbList","@id":"https:\/\/cleitonpinheiro.com.br\/site\/ex-presidente-jair-bolsonaro-depoe-hoje-a-policia-federal-sobre-o-escandalo-das-joias\/#breadcrumb","itemListElement":[{"@type":"ListItem","position":1,"name":"In\u00edcio","item":"https:\/\/cleitonpinheiro.com.br\/site\/"},{"@type":"ListItem","position":2,"name":"Ex-presidente Jair Bolsonaro dep\u00f5e hoje \u00e0 Pol\u00edcia Federal sobre o esc\u00e2ndalo das joias"}]},{"@type":"WebSite","@id":"https:\/\/cleitonpinheiro.com.br\/site\/#website","url":"https:\/\/cleitonpinheiro.com.br\/site\/","name":"PORTAL DE NOT\u00cdCIAS CLEITON PINHEIRO","description":"FALANDO A VERDADE","publisher":{"@id":"https:\/\/cleitonpinheiro.com.br\/site\/#organization"},"potentialAction":[{"@type":"SearchAction","target":{"@type":"EntryPoint","urlTemplate":"https:\/\/cleitonpinheiro.com.br\/site\/?s={search_term_string}"},"query-input":{"@type":"PropertyValueSpecification","valueRequired":true,"valueName":"search_term_string"}}],"inLanguage":"pt-BR"},{"@type":"Organization","@id":"https:\/\/cleitonpinheiro.com.br\/site\/#organization","name":"CPNOT\u00cdCIAS","url":"https:\/\/cleitonpinheiro.com.br\/site\/","logo":{"@type":"ImageObject","inLanguage":"pt-BR","@id":"https:\/\/cleitonpinheiro.com.br\/site\/#\/schema\/logo\/image\/","url":"https:\/\/cleitonpinheiro.com.br\/site\/wp-content\/uploads\/2022\/08\/Logo-pequena-2.png","contentUrl":"https:\/\/cleitonpinheiro.com.br\/site\/wp-content\/uploads\/2022\/08\/Logo-pequena-2.png","width":500,"height":500,"caption":"CPNOT\u00cdCIAS"},"image":{"@id":"https:\/\/cleitonpinheiro.com.br\/site\/#\/schema\/logo\/image\/"},"sameAs":["https:\/\/www.facebook.com\/portalcpnoticias\/"]},{"@type":"Person","@id":"https:\/\/cleitonpinheiro.com.br\/site\/#\/schema\/person\/aac6d7f311e80c43042e98a900b03cd8","name":"Dermival Pereira","image":{"@type":"ImageObject","inLanguage":"pt-BR","@id":"https:\/\/cleitonpinheiro.com.br\/site\/#\/schema\/person\/image\/","url":"https:\/\/secure.gravatar.com\/avatar\/cfaebf3742d6bf8db728bcba3eed6bee37b02337a2e6c822994f20ca72a3784d?s=96&r=g","contentUrl":"https:\/\/secure.gravatar.com\/avatar\/cfaebf3742d6bf8db728bcba3eed6bee37b02337a2e6c822994f20ca72a3784d?s=96&r=g","caption":"Dermival Pereira"},"url":"https:\/\/cleitonpinheiro.com.br\/site\/author\/dermival\/"}]}},"views":249,"_links":{"self":[{"href":"https:\/\/cleitonpinheiro.com.br\/site\/wp-json\/wp\/v2\/posts\/69899","targetHints":{"allow":["GET"]}}],"collection":[{"href":"https:\/\/cleitonpinheiro.com.br\/site\/wp-json\/wp\/v2\/posts"}],"about":[{"href":"https:\/\/cleitonpinheiro.com.br\/site\/wp-json\/wp\/v2\/types\/post"}],"author":[{"embeddable":true,"href":"https:\/\/cleitonpinheiro.com.br\/site\/wp-json\/wp\/v2\/users\/4"}],"replies":[{"embeddable":true,"href":"https:\/\/cleitonpinheiro.com.br\/site\/wp-json\/wp\/v2\/comments?post=69899"}],"version-history":[{"count":2,"href":"https:\/\/cleitonpinheiro.com.br\/site\/wp-json\/wp\/v2\/posts\/69899\/revisions"}],"predecessor-version":[{"id":69903,"href":"https:\/\/cleitonpinheiro.com.br\/site\/wp-json\/wp\/v2\/posts\/69899\/revisions\/69903"}],"wp:attachment":[{"href":"https:\/\/cleitonpinheiro.com.br\/site\/wp-json\/wp\/v2\/media?parent=69899"}],"wp:term":[{"taxonomy":"category","embeddable":true,"href":"https:\/\/cleitonpinheiro.com.br\/site\/wp-json\/wp\/v2\/categories?post=69899"},{"taxonomy":"post_tag","embeddable":true,"href":"https:\/\/cleitonpinheiro.com.br\/site\/wp-json\/wp\/v2\/tags?post=69899"}],"curies":[{"name":"wp","href":"https:\/\/api.w.org\/{rel}","templated":true}]}}