{"id":69904,"date":"2023-04-05T09:29:41","date_gmt":"2023-04-05T12:29:41","guid":{"rendered":"https:\/\/cleitonpinheiro.com.br\/site\/?p=69904"},"modified":"2023-04-05T09:40:25","modified_gmt":"2023-04-05T12:40:25","slug":"prouni-2023-1-inscricoes-abertas-para-a-lista-de-espera","status":"publish","type":"post","link":"https:\/\/cleitonpinheiro.com.br\/site\/prouni-2023-1-inscricoes-abertas-para-a-lista-de-espera\/","title":{"rendered":"ProUni 2023\/1: inscri\u00e7\u00f5es abertas para a lista de espera"},"content":{"rendered":"\n<figure class=\"wp-block-image size-full is-resized\"><img fetchpriority=\"high\" decoding=\"async\" src=\"https:\/\/cleitonpinheiro.com.br\/site\/wp-content\/uploads\/2023\/04\/Design-sem-nome-2023-04-05T092846-compressed.jpg\" alt=\"\" class=\"wp-image-69905\" width=\"1023\" height=\"614\"\/><\/figure>\n\n\n\n<p>O prazo para participar da&nbsp;<strong>lista de espera do&nbsp;<a href=\"https:\/\/www.terra.com.br\/noticias\/educacao\/\">Programa Universidade para Todos (ProUni)<\/a>&nbsp;2023<\/strong>&nbsp;come\u00e7ou nesta quarta-feira, 5. Os candidatos que n\u00e3o foram pr\u00e9-selecionados nas chamadas regulares do programa podem manifestar interesse nas bolsas remanescentes at\u00e9 amanh\u00e3, dia 6 de abril.<\/p>\n\n\n\n<p><a href=\"https:\/\/www.terra.com.br\/noticias\/educacao\/sisu-prouni-e-fies-2023-veja-cronograma-com-datas-de-inscricao,8a5c26764bdf1c288fdfeaa8d340e9c9dokgkbn5.html\">O resultado da lista de espera ser\u00e1 divulgado entre os dias 10 e&nbsp;19 de abril<\/a>. Nesse mesmo per\u00edodo, os estudantes pr\u00e9-selecionados dever\u00e3o comparecer na institui\u00e7\u00e3o de ensino em que foram aprovados para entregar os documentos que comprovam as informa\u00e7\u00f5es prestadas na&nbsp;<a href=\"https:\/\/www.terra.com.br\/noticias\/educacao\/prouni-20231-inscricoes-estao-abertas-veja-detalhes,01cdf12a90ac5e9ece6dd5a00b9660fba6n413nu.html\">inscri\u00e7\u00e3o<\/a>.<\/p>\n\n\n\n<p>Tire a seguir outras d\u00favidas sobre a lista de espera do&nbsp;<a href=\"https:\/\/www.terra.com.br\/noticias\/educacao\/enem-2022\/enem-sisu-prouni-e-fies-15-respostas-para-entender-como-usar-a-nota,d9e495caa87bf4ba55e53cf62e13058aclwld7sg.html\">ProUni 2023<\/a>.<\/p>\n\n\n\n<h2 class=\"wp-block-heading\"><strong>Como funciona a lista de espera do ProUni 2023<\/strong><\/h2>\n\n\n\n<p>Ap\u00f3s a divulga\u00e7\u00e3o das duas chamadas regulares, os candidatos que n\u00e3o foram pr\u00e9-selecionados podem manifestar interesse em participar da lista de espera do ProUni. As institui\u00e7\u00f5es de ensino que ainda tiverem bolsas de estudos n\u00e3o preenchidas usam a lista de espera do programa para convocar alunos. &nbsp;<\/p>\n\n\n\n<h2 class=\"wp-block-heading\"><strong>Cronograma<\/strong><\/h2>\n\n\n\n<ul class=\"wp-block-list\">\n<li><strong>Prazo para participar da lista de espera:&nbsp;<\/strong>5 a 6 de abril;<\/li>\n\n\n\n<li><strong>Divulga\u00e7\u00e3o da lista de espera:<\/strong>&nbsp;10 a 19 de abril;<\/li>\n\n\n\n<li><strong>Comprova\u00e7\u00e3o de informa\u00e7\u00f5es da lista de espera:<\/strong>&nbsp;10 a 19 de abril.<\/li>\n<\/ul>\n\n\n\n<h2 class=\"wp-block-heading\"><strong>Quem pode participar da lista de espera do ProUni?<\/strong><\/h2>\n\n\n\n<p>Os candidatos que n\u00e3o foram aprovados em nenhuma das duas chamadas regulares podem participar da lista de espera do ProUni.<\/p>\n\n\n\n<p>Podem manifestar interesse na&nbsp;<strong>lista de espera para os cursos em primeira op\u00e7\u00e3o<\/strong>, os candidatos:<\/p>\n\n\n\n<ul class=\"wp-block-list\">\n<li>N\u00e3o pr\u00e9-selecionados na primeira e segunda chamadas; ou&nbsp;<\/li>\n\n\n\n<li>Pr\u00e9-selecionados na segunda op\u00e7\u00e3o de curso, mas reprovados por n\u00e3o forma\u00e7\u00e3o de turma. &nbsp;<\/li>\n<\/ul>\n\n\n\n<p>J\u00e1 na<strong>&nbsp;lista de espera para os cursos em segunda op\u00e7\u00e3o<\/strong>, podem participar os candidatos: &nbsp;<\/p>\n\n\n\n<ul class=\"wp-block-list\">\n<li>N\u00e3o pr\u00e9-selecionados nas chamadas regulares por n\u00e3o ter ocorrido forma\u00e7\u00e3o de turma na primeira op\u00e7\u00e3o de curso;<\/li>\n\n\n\n<li>N\u00e3o pr\u00e9-selecionados nas duas chamadas por n\u00e3o haver bolsas dispon\u00edveis na primeira op\u00e7\u00e3o de curso; ou<\/li>\n\n\n\n<li>Pr\u00e9-selecionados na primeira op\u00e7\u00e3o de curso, mas reprovados por n\u00e3o forma\u00e7\u00e3o de turma.<\/li>\n<\/ul>\n\n\n\n<h2 class=\"wp-block-heading\"><strong>Como manifestar interesse na lista de espera do ProUni<\/strong><\/h2>\n\n\n\n<p>Para participar da lista de espera, o estudante deve acessar a sua inscri\u00e7\u00e3o na&nbsp;<a href=\"https:\/\/acessounico.mec.gov.br\/prouni\">p\u00e1gina oficial do ProUni<\/a>, no site do Minist\u00e9rio da Educa\u00e7\u00e3o (MEC), e confirmar o interesse. O prazo para declarar o interesse na lista de espera do ProUni 2023 ser\u00e1 do dia 5 a 6 de abril. &nbsp;<\/p>\n\n\n\n<h2 class=\"wp-block-heading\"><strong>Como saber o resultado<\/strong><\/h2>\n\n\n\n<p>Depois de encerrado o prazo para se inscrever na lista de espera do ProUni, as institui\u00e7\u00f5es de ensino recebem esse documento e convocam os candidatos para as bolsas dispon\u00edveis. Esses estudantes pr\u00e9-selecionados precisam&nbsp;comparecer \u00e0s respectivas faculdades para a comprova\u00e7\u00e3o das informa\u00e7\u00f5es da inscri\u00e7\u00e3o. &nbsp; &nbsp;<\/p>\n\n\n\n<p>Para saber se foi pr\u00e9-selecionado, o candidato deve acessar a&nbsp;<a href=\"https:\/\/acessounico.mec.gov.br\/prouni\">p\u00e1gina do ProUni<\/a>&nbsp;ou conferir no site da universidade em que se inscreveu. O per\u00edodo para divulga\u00e7\u00e3o dos aprovados na lista de espera, assim como&nbsp;para comprova\u00e7\u00e3o de informa\u00e7\u00f5es, ser\u00e1 do dia 10 a 19 de abril.&nbsp;<\/p>\n","protected":false},"excerpt":{"rendered":"<p>O prazo para participar da&nbsp;lista de espera do&nbsp;Programa Universidade para Todos (ProUni)&nbsp;2023&nbsp;come\u00e7ou nesta quarta-feira, 5. Os candidatos que n\u00e3o foram pr\u00e9-selecionados nas chamadas regulares do programa podem manifestar interesse nas bolsas remanescentes at\u00e9 amanh\u00e3, dia 6 de abril. O resultado da lista de espera ser\u00e1 divulgado entre os dias 10 e&nbsp;19 de abril. Nesse mesmo [&hellip;]<\/p>\n","protected":false},"author":4,"featured_media":0,"comment_status":"open","ping_status":"open","sticky":false,"template":"","format":"standard","meta":{"_acf_changed":false,"footnotes":""},"categories":[19,20],"tags":[],"class_list":["post-69904","post","type-post","status-publish","format-standard","hentry","category-brasil-mundo","category-noticias-em-destaque"],"acf":[],"yoast_head":"<!-- This site is optimized with the Yoast SEO plugin v24.4 - https:\/\/yoast.com\/wordpress\/plugins\/seo\/ -->\n<title>ProUni 2023\/1: inscri\u00e7\u00f5es abertas para a lista de espera - PORTAL DE NOT\u00cdCIAS CLEITON PINHEIRO<\/title>\n<meta name=\"robots\" content=\"index, follow, max-snippet:-1, max-image-preview:large, max-video-preview:-1\" \/>\n<link rel=\"canonical\" href=\"https:\/\/cleitonpinheiro.com.br\/site\/prouni-2023-1-inscricoes-abertas-para-a-lista-de-espera\/\" \/>\n<meta property=\"og:locale\" content=\"pt_BR\" \/>\n<meta property=\"og:type\" content=\"article\" \/>\n<meta property=\"og:title\" content=\"ProUni 2023\/1: inscri\u00e7\u00f5es abertas para a lista de espera - PORTAL DE NOT\u00cdCIAS CLEITON PINHEIRO\" \/>\n<meta property=\"og:description\" content=\"O prazo para participar da&nbsp;lista de espera do&nbsp;Programa Universidade para Todos (ProUni)&nbsp;2023&nbsp;come\u00e7ou nesta quarta-feira, 5. Os candidatos que n\u00e3o foram pr\u00e9-selecionados nas chamadas regulares do programa podem manifestar interesse nas bolsas remanescentes at\u00e9 amanh\u00e3, dia 6 de abril. O resultado da lista de espera ser\u00e1 divulgado entre os dias 10 e&nbsp;19 de abril. Nesse mesmo [&hellip;]\" \/>\n<meta property=\"og:url\" content=\"https:\/\/cleitonpinheiro.com.br\/site\/prouni-2023-1-inscricoes-abertas-para-a-lista-de-espera\/\" \/>\n<meta property=\"og:site_name\" content=\"PORTAL DE NOT\u00cdCIAS CLEITON PINHEIRO\" \/>\n<meta property=\"article:publisher\" content=\"https:\/\/www.facebook.com\/portalcpnoticias\/\" \/>\n<meta property=\"article:published_time\" content=\"2023-04-05T12:29:41+00:00\" \/>\n<meta property=\"article:modified_time\" content=\"2023-04-05T12:40:25+00:00\" \/>\n<meta property=\"og:image\" content=\"https:\/\/cleitonpinheiro.com.br\/site\/wp-content\/uploads\/2023\/04\/Design-sem-nome-2023-04-05T092846-compressed.jpg\" \/>\n\t<meta property=\"og:image:width\" content=\"750\" \/>\n\t<meta property=\"og:image:height\" content=\"450\" \/>\n\t<meta property=\"og:image:type\" content=\"image\/jpeg\" \/>\n<meta name=\"author\" content=\"Dermival Pereira\" \/>\n<meta name=\"twitter:card\" content=\"summary_large_image\" \/>\n<meta name=\"twitter:label1\" content=\"Escrito por\" \/>\n\t<meta name=\"twitter:data1\" content=\"Dermival Pereira\" \/>\n\t<meta name=\"twitter:label2\" content=\"Est. tempo de leitura\" \/>\n\t<meta name=\"twitter:data2\" content=\"3 minutos\" \/>\n<script type=\"application\/ld+json\" class=\"yoast-schema-graph\">{\"@context\":\"https:\/\/schema.org\",\"@graph\":[{\"@type\":\"Article\",\"@id\":\"https:\/\/cleitonpinheiro.com.br\/site\/prouni-2023-1-inscricoes-abertas-para-a-lista-de-espera\/#article\",\"isPartOf\":{\"@id\":\"https:\/\/cleitonpinheiro.com.br\/site\/prouni-2023-1-inscricoes-abertas-para-a-lista-de-espera\/\"},\"author\":{\"name\":\"Dermival Pereira\",\"@id\":\"https:\/\/cleitonpinheiro.com.br\/site\/#\/schema\/person\/aac6d7f311e80c43042e98a900b03cd8\"},\"headline\":\"ProUni 2023\/1: inscri\u00e7\u00f5es abertas para a lista de espera\",\"datePublished\":\"2023-04-05T12:29:41+00:00\",\"dateModified\":\"2023-04-05T12:40:25+00:00\",\"mainEntityOfPage\":{\"@id\":\"https:\/\/cleitonpinheiro.com.br\/site\/prouni-2023-1-inscricoes-abertas-para-a-lista-de-espera\/\"},\"wordCount\":542,\"commentCount\":0,\"publisher\":{\"@id\":\"https:\/\/cleitonpinheiro.com.br\/site\/#organization\"},\"image\":{\"@id\":\"https:\/\/cleitonpinheiro.com.br\/site\/prouni-2023-1-inscricoes-abertas-para-a-lista-de-espera\/#primaryimage\"},\"thumbnailUrl\":\"https:\/\/cleitonpinheiro.com.br\/site\/wp-content\/uploads\/2023\/04\/Design-sem-nome-2023-04-05T092846-compressed.jpg\",\"articleSection\":[\"BRASIL \/ MUNDO\",\"NOT\u00cdCIAS EM DESTAQUE\"],\"inLanguage\":\"pt-BR\",\"potentialAction\":[{\"@type\":\"CommentAction\",\"name\":\"Comment\",\"target\":[\"https:\/\/cleitonpinheiro.com.br\/site\/prouni-2023-1-inscricoes-abertas-para-a-lista-de-espera\/#respond\"]}]},{\"@type\":\"WebPage\",\"@id\":\"https:\/\/cleitonpinheiro.com.br\/site\/prouni-2023-1-inscricoes-abertas-para-a-lista-de-espera\/\",\"url\":\"https:\/\/cleitonpinheiro.com.br\/site\/prouni-2023-1-inscricoes-abertas-para-a-lista-de-espera\/\",\"name\":\"ProUni 2023\/1: inscri\u00e7\u00f5es abertas para a lista de espera - PORTAL DE NOT\u00cdCIAS CLEITON PINHEIRO\",\"isPartOf\":{\"@id\":\"https:\/\/cleitonpinheiro.com.br\/site\/#website\"},\"primaryImageOfPage\":{\"@id\":\"https:\/\/cleitonpinheiro.com.br\/site\/prouni-2023-1-inscricoes-abertas-para-a-lista-de-espera\/#primaryimage\"},\"image\":{\"@id\":\"https:\/\/cleitonpinheiro.com.br\/site\/prouni-2023-1-inscricoes-abertas-para-a-lista-de-espera\/#primaryimage\"},\"thumbnailUrl\":\"https:\/\/cleitonpinheiro.com.br\/site\/wp-content\/uploads\/2023\/04\/Design-sem-nome-2023-04-05T092846-compressed.jpg\",\"datePublished\":\"2023-04-05T12:29:41+00:00\",\"dateModified\":\"2023-04-05T12:40:25+00:00\",\"breadcrumb\":{\"@id\":\"https:\/\/cleitonpinheiro.com.br\/site\/prouni-2023-1-inscricoes-abertas-para-a-lista-de-espera\/#breadcrumb\"},\"inLanguage\":\"pt-BR\",\"potentialAction\":[{\"@type\":\"ReadAction\",\"target\":[\"https:\/\/cleitonpinheiro.com.br\/site\/prouni-2023-1-inscricoes-abertas-para-a-lista-de-espera\/\"]}]},{\"@type\":\"ImageObject\",\"inLanguage\":\"pt-BR\",\"@id\":\"https:\/\/cleitonpinheiro.com.br\/site\/prouni-2023-1-inscricoes-abertas-para-a-lista-de-espera\/#primaryimage\",\"url\":\"\",\"contentUrl\":\"\"},{\"@type\":\"BreadcrumbList\",\"@id\":\"https:\/\/cleitonpinheiro.com.br\/site\/prouni-2023-1-inscricoes-abertas-para-a-lista-de-espera\/#breadcrumb\",\"itemListElement\":[{\"@type\":\"ListItem\",\"position\":1,\"name\":\"In\u00edcio\",\"item\":\"https:\/\/cleitonpinheiro.com.br\/site\/\"},{\"@type\":\"ListItem\",\"position\":2,\"name\":\"ProUni 2023\/1: inscri\u00e7\u00f5es abertas para a lista de espera\"}]},{\"@type\":\"WebSite\",\"@id\":\"https:\/\/cleitonpinheiro.com.br\/site\/#website\",\"url\":\"https:\/\/cleitonpinheiro.com.br\/site\/\",\"name\":\"PORTAL DE NOT\u00cdCIAS CLEITON PINHEIRO\",\"description\":\"FALANDO A VERDADE\",\"publisher\":{\"@id\":\"https:\/\/cleitonpinheiro.com.br\/site\/#organization\"},\"potentialAction\":[{\"@type\":\"SearchAction\",\"target\":{\"@type\":\"EntryPoint\",\"urlTemplate\":\"https:\/\/cleitonpinheiro.com.br\/site\/?s={search_term_string}\"},\"query-input\":{\"@type\":\"PropertyValueSpecification\",\"valueRequired\":true,\"valueName\":\"search_term_string\"}}],\"inLanguage\":\"pt-BR\"},{\"@type\":\"Organization\",\"@id\":\"https:\/\/cleitonpinheiro.com.br\/site\/#organization\",\"name\":\"CPNOT\u00cdCIAS\",\"url\":\"https:\/\/cleitonpinheiro.com.br\/site\/\",\"logo\":{\"@type\":\"ImageObject\",\"inLanguage\":\"pt-BR\",\"@id\":\"https:\/\/cleitonpinheiro.com.br\/site\/#\/schema\/logo\/image\/\",\"url\":\"https:\/\/cleitonpinheiro.com.br\/site\/wp-content\/uploads\/2022\/08\/Logo-pequena-2.png\",\"contentUrl\":\"https:\/\/cleitonpinheiro.com.br\/site\/wp-content\/uploads\/2022\/08\/Logo-pequena-2.png\",\"width\":500,\"height\":500,\"caption\":\"CPNOT\u00cdCIAS\"},\"image\":{\"@id\":\"https:\/\/cleitonpinheiro.com.br\/site\/#\/schema\/logo\/image\/\"},\"sameAs\":[\"https:\/\/www.facebook.com\/portalcpnoticias\/\"]},{\"@type\":\"Person\",\"@id\":\"https:\/\/cleitonpinheiro.com.br\/site\/#\/schema\/person\/aac6d7f311e80c43042e98a900b03cd8\",\"name\":\"Dermival Pereira\",\"image\":{\"@type\":\"ImageObject\",\"inLanguage\":\"pt-BR\",\"@id\":\"https:\/\/cleitonpinheiro.com.br\/site\/#\/schema\/person\/image\/\",\"url\":\"https:\/\/secure.gravatar.com\/avatar\/cfaebf3742d6bf8db728bcba3eed6bee37b02337a2e6c822994f20ca72a3784d?s=96&r=g\",\"contentUrl\":\"https:\/\/secure.gravatar.com\/avatar\/cfaebf3742d6bf8db728bcba3eed6bee37b02337a2e6c822994f20ca72a3784d?s=96&r=g\",\"caption\":\"Dermival Pereira\"},\"url\":\"https:\/\/cleitonpinheiro.com.br\/site\/author\/dermival\/\"}]}<\/script>\n<!-- \/ Yoast SEO plugin. -->","yoast_head_json":{"title":"ProUni 2023\/1: inscri\u00e7\u00f5es abertas para a lista de espera - PORTAL DE NOT\u00cdCIAS CLEITON PINHEIRO","robots":{"index":"index","follow":"follow","max-snippet":"max-snippet:-1","max-image-preview":"max-image-preview:large","max-video-preview":"max-video-preview:-1"},"canonical":"https:\/\/cleitonpinheiro.com.br\/site\/prouni-2023-1-inscricoes-abertas-para-a-lista-de-espera\/","og_locale":"pt_BR","og_type":"article","og_title":"ProUni 2023\/1: inscri\u00e7\u00f5es abertas para a lista de espera - PORTAL DE NOT\u00cdCIAS CLEITON PINHEIRO","og_description":"O prazo para participar da&nbsp;lista de espera do&nbsp;Programa Universidade para Todos (ProUni)&nbsp;2023&nbsp;come\u00e7ou nesta quarta-feira, 5. Os candidatos que n\u00e3o foram pr\u00e9-selecionados nas chamadas regulares do programa podem manifestar interesse nas bolsas remanescentes at\u00e9 amanh\u00e3, dia 6 de abril. O resultado da lista de espera ser\u00e1 divulgado entre os dias 10 e&nbsp;19 de abril. Nesse mesmo [&hellip;]","og_url":"https:\/\/cleitonpinheiro.com.br\/site\/prouni-2023-1-inscricoes-abertas-para-a-lista-de-espera\/","og_site_name":"PORTAL DE NOT\u00cdCIAS CLEITON PINHEIRO","article_publisher":"https:\/\/www.facebook.com\/portalcpnoticias\/","article_published_time":"2023-04-05T12:29:41+00:00","article_modified_time":"2023-04-05T12:40:25+00:00","og_image":[{"width":750,"height":450,"url":"https:\/\/cleitonpinheiro.com.br\/site\/wp-content\/uploads\/2023\/04\/Design-sem-nome-2023-04-05T092846-compressed.jpg","type":"image\/jpeg"}],"author":"Dermival Pereira","twitter_card":"summary_large_image","twitter_misc":{"Escrito por":"Dermival Pereira","Est. tempo de leitura":"3 minutos"},"schema":{"@context":"https:\/\/schema.org","@graph":[{"@type":"Article","@id":"https:\/\/cleitonpinheiro.com.br\/site\/prouni-2023-1-inscricoes-abertas-para-a-lista-de-espera\/#article","isPartOf":{"@id":"https:\/\/cleitonpinheiro.com.br\/site\/prouni-2023-1-inscricoes-abertas-para-a-lista-de-espera\/"},"author":{"name":"Dermival Pereira","@id":"https:\/\/cleitonpinheiro.com.br\/site\/#\/schema\/person\/aac6d7f311e80c43042e98a900b03cd8"},"headline":"ProUni 2023\/1: inscri\u00e7\u00f5es abertas para a lista de espera","datePublished":"2023-04-05T12:29:41+00:00","dateModified":"2023-04-05T12:40:25+00:00","mainEntityOfPage":{"@id":"https:\/\/cleitonpinheiro.com.br\/site\/prouni-2023-1-inscricoes-abertas-para-a-lista-de-espera\/"},"wordCount":542,"commentCount":0,"publisher":{"@id":"https:\/\/cleitonpinheiro.com.br\/site\/#organization"},"image":{"@id":"https:\/\/cleitonpinheiro.com.br\/site\/prouni-2023-1-inscricoes-abertas-para-a-lista-de-espera\/#primaryimage"},"thumbnailUrl":"https:\/\/cleitonpinheiro.com.br\/site\/wp-content\/uploads\/2023\/04\/Design-sem-nome-2023-04-05T092846-compressed.jpg","articleSection":["BRASIL \/ MUNDO","NOT\u00cdCIAS EM DESTAQUE"],"inLanguage":"pt-BR","potentialAction":[{"@type":"CommentAction","name":"Comment","target":["https:\/\/cleitonpinheiro.com.br\/site\/prouni-2023-1-inscricoes-abertas-para-a-lista-de-espera\/#respond"]}]},{"@type":"WebPage","@id":"https:\/\/cleitonpinheiro.com.br\/site\/prouni-2023-1-inscricoes-abertas-para-a-lista-de-espera\/","url":"https:\/\/cleitonpinheiro.com.br\/site\/prouni-2023-1-inscricoes-abertas-para-a-lista-de-espera\/","name":"ProUni 2023\/1: inscri\u00e7\u00f5es abertas para a lista de espera - PORTAL DE NOT\u00cdCIAS CLEITON PINHEIRO","isPartOf":{"@id":"https:\/\/cleitonpinheiro.com.br\/site\/#website"},"primaryImageOfPage":{"@id":"https:\/\/cleitonpinheiro.com.br\/site\/prouni-2023-1-inscricoes-abertas-para-a-lista-de-espera\/#primaryimage"},"image":{"@id":"https:\/\/cleitonpinheiro.com.br\/site\/prouni-2023-1-inscricoes-abertas-para-a-lista-de-espera\/#primaryimage"},"thumbnailUrl":"https:\/\/cleitonpinheiro.com.br\/site\/wp-content\/uploads\/2023\/04\/Design-sem-nome-2023-04-05T092846-compressed.jpg","datePublished":"2023-04-05T12:29:41+00:00","dateModified":"2023-04-05T12:40:25+00:00","breadcrumb":{"@id":"https:\/\/cleitonpinheiro.com.br\/site\/prouni-2023-1-inscricoes-abertas-para-a-lista-de-espera\/#breadcrumb"},"inLanguage":"pt-BR","potentialAction":[{"@type":"ReadAction","target":["https:\/\/cleitonpinheiro.com.br\/site\/prouni-2023-1-inscricoes-abertas-para-a-lista-de-espera\/"]}]},{"@type":"ImageObject","inLanguage":"pt-BR","@id":"https:\/\/cleitonpinheiro.com.br\/site\/prouni-2023-1-inscricoes-abertas-para-a-lista-de-espera\/#primaryimage","url":"","contentUrl":""},{"@type":"BreadcrumbList","@id":"https:\/\/cleitonpinheiro.com.br\/site\/prouni-2023-1-inscricoes-abertas-para-a-lista-de-espera\/#breadcrumb","itemListElement":[{"@type":"ListItem","position":1,"name":"In\u00edcio","item":"https:\/\/cleitonpinheiro.com.br\/site\/"},{"@type":"ListItem","position":2,"name":"ProUni 2023\/1: inscri\u00e7\u00f5es abertas para a lista de espera"}]},{"@type":"WebSite","@id":"https:\/\/cleitonpinheiro.com.br\/site\/#website","url":"https:\/\/cleitonpinheiro.com.br\/site\/","name":"PORTAL DE NOT\u00cdCIAS CLEITON PINHEIRO","description":"FALANDO A VERDADE","publisher":{"@id":"https:\/\/cleitonpinheiro.com.br\/site\/#organization"},"potentialAction":[{"@type":"SearchAction","target":{"@type":"EntryPoint","urlTemplate":"https:\/\/cleitonpinheiro.com.br\/site\/?s={search_term_string}"},"query-input":{"@type":"PropertyValueSpecification","valueRequired":true,"valueName":"search_term_string"}}],"inLanguage":"pt-BR"},{"@type":"Organization","@id":"https:\/\/cleitonpinheiro.com.br\/site\/#organization","name":"CPNOT\u00cdCIAS","url":"https:\/\/cleitonpinheiro.com.br\/site\/","logo":{"@type":"ImageObject","inLanguage":"pt-BR","@id":"https:\/\/cleitonpinheiro.com.br\/site\/#\/schema\/logo\/image\/","url":"https:\/\/cleitonpinheiro.com.br\/site\/wp-content\/uploads\/2022\/08\/Logo-pequena-2.png","contentUrl":"https:\/\/cleitonpinheiro.com.br\/site\/wp-content\/uploads\/2022\/08\/Logo-pequena-2.png","width":500,"height":500,"caption":"CPNOT\u00cdCIAS"},"image":{"@id":"https:\/\/cleitonpinheiro.com.br\/site\/#\/schema\/logo\/image\/"},"sameAs":["https:\/\/www.facebook.com\/portalcpnoticias\/"]},{"@type":"Person","@id":"https:\/\/cleitonpinheiro.com.br\/site\/#\/schema\/person\/aac6d7f311e80c43042e98a900b03cd8","name":"Dermival Pereira","image":{"@type":"ImageObject","inLanguage":"pt-BR","@id":"https:\/\/cleitonpinheiro.com.br\/site\/#\/schema\/person\/image\/","url":"https:\/\/secure.gravatar.com\/avatar\/cfaebf3742d6bf8db728bcba3eed6bee37b02337a2e6c822994f20ca72a3784d?s=96&r=g","contentUrl":"https:\/\/secure.gravatar.com\/avatar\/cfaebf3742d6bf8db728bcba3eed6bee37b02337a2e6c822994f20ca72a3784d?s=96&r=g","caption":"Dermival Pereira"},"url":"https:\/\/cleitonpinheiro.com.br\/site\/author\/dermival\/"}]}},"views":260,"_links":{"self":[{"href":"https:\/\/cleitonpinheiro.com.br\/site\/wp-json\/wp\/v2\/posts\/69904","targetHints":{"allow":["GET"]}}],"collection":[{"href":"https:\/\/cleitonpinheiro.com.br\/site\/wp-json\/wp\/v2\/posts"}],"about":[{"href":"https:\/\/cleitonpinheiro.com.br\/site\/wp-json\/wp\/v2\/types\/post"}],"author":[{"embeddable":true,"href":"https:\/\/cleitonpinheiro.com.br\/site\/wp-json\/wp\/v2\/users\/4"}],"replies":[{"embeddable":true,"href":"https:\/\/cleitonpinheiro.com.br\/site\/wp-json\/wp\/v2\/comments?post=69904"}],"version-history":[{"count":2,"href":"https:\/\/cleitonpinheiro.com.br\/site\/wp-json\/wp\/v2\/posts\/69904\/revisions"}],"predecessor-version":[{"id":69909,"href":"https:\/\/cleitonpinheiro.com.br\/site\/wp-json\/wp\/v2\/posts\/69904\/revisions\/69909"}],"wp:attachment":[{"href":"https:\/\/cleitonpinheiro.com.br\/site\/wp-json\/wp\/v2\/media?parent=69904"}],"wp:term":[{"taxonomy":"category","embeddable":true,"href":"https:\/\/cleitonpinheiro.com.br\/site\/wp-json\/wp\/v2\/categories?post=69904"},{"taxonomy":"post_tag","embeddable":true,"href":"https:\/\/cleitonpinheiro.com.br\/site\/wp-json\/wp\/v2\/tags?post=69904"}],"curies":[{"name":"wp","href":"https:\/\/api.w.org\/{rel}","templated":true}]}}