{"id":69910,"date":"2023-04-05T10:11:59","date_gmt":"2023-04-05T13:11:59","guid":{"rendered":"https:\/\/cleitonpinheiro.com.br\/site\/?p=69910"},"modified":"2023-04-05T10:12:00","modified_gmt":"2023-04-05T13:12:00","slug":"de-volta-a-praca-dos-girassois-19a-edicao-da-paixao-de-cristo-acontece-nesta-sexta-feira","status":"publish","type":"post","link":"https:\/\/cleitonpinheiro.com.br\/site\/de-volta-a-praca-dos-girassois-19a-edicao-da-paixao-de-cristo-acontece-nesta-sexta-feira\/","title":{"rendered":"De volta \u00e0 Pra\u00e7a dos Girass\u00f3is, 19\u00aa edi\u00e7\u00e3o da Paix\u00e3o de Cristo acontece nesta sexta-feira"},"content":{"rendered":"\n<figure class=\"wp-block-image size-full is-resized\"><img fetchpriority=\"high\" decoding=\"async\" src=\"https:\/\/cleitonpinheiro.com.br\/site\/wp-content\/uploads\/2023\/04\/Design-sem-nome-2023-04-05T100933-compressed.jpg\" alt=\"\" class=\"wp-image-69911\" width=\"1023\" height=\"614\"\/><\/figure>\n\n\n\n<p>\u00a0Fotos: Flaviana OX\/Divulga\u00e7\u00e3o<\/p>\n\n\n\n<p>A Paix\u00e3o de Cristo est\u00e1 de volta \u00e0 Pra\u00e7a dos Girass\u00f3is. Com interpreta\u00e7\u00e3o da Cia Art\u2019Sacra de Teatro, a 19\u00aa edi\u00e7\u00e3o do espet\u00e1culo ser\u00e1 apresentada, presencialmente, nesta sexta-feira, 07, \u00e0s 20 horas. A entrada \u00e9 1kg de alimento n\u00e3o-perec\u00edvel ou doa\u00e7\u00e3o de produtos de higiene pessoal. Tamb\u00e9m haver\u00e1 transmiss\u00e3o ao vivo da apresenta\u00e7\u00e3o, no canal do Youtube da Art\u2019Sacra Cia de Teatro.<\/p>\n\n\n\n<p>As escadarias do Pal\u00e1cio Araguaia e toda a impon\u00eancia da sede do Poder Executivo ser\u00e3o agregadas a pain\u00e9is majestosos que rememoram os tempos medievais, levando o p\u00fablico a uma viagem hist\u00f3rica. A encena\u00e7\u00e3o conta a hist\u00f3ria de Cristo, seus ensinamentos de amor ao pr\u00f3ximo e perd\u00e3o, os milagres, os ap\u00f3stolos, a trai\u00e7\u00e3o por Judas, a condena\u00e7\u00e3o, a crucifica\u00e7\u00e3o e a ressurrei\u00e7\u00e3o do Messias. Assim como nos anos anteriores, as cenas ser\u00e3o intercaladas com cenas que retratam o dia a dia da sociedade, atualmente, como conflitos de fam\u00edlia, o cuidado com os idosos, a import\u00e2ncia da fam\u00edlia e etc.<\/p>\n\n\n\n<p>A expectativa \u00e9 de receber cerca de 6 mil pessoas para prestigiar a apresenta\u00e7\u00e3o cultural e 300 volunt\u00e1rios, entre elenco, figurantes, equipe t\u00e9cnica e de apoio. Com o tema \u201cUma Paix\u00e3o Feita por Muitos\u201d, o elenco conta com atores com e sem experi\u00eancia, ind\u00edgenas da etnia Xerente, pessoas em remi\u00e7\u00e3o de pena e alunos do projeto Pequeno Cotolengo, que acolhe adultos com defici\u00eancia intelectual oriundos de fam\u00edlias carentes.<\/p>\n\n\n\n<p><strong>Espet\u00e1culo<\/strong><\/p>\n\n\n\n<p>Considerado o maior espet\u00e1culo art\u00edstico a c\u00e9u aberto do Tocantins, a realiza\u00e7\u00e3o do evento na Pra\u00e7a dos Girass\u00f3is celebra com magnitude o retorno da apresenta\u00e7\u00e3o presencial, ap\u00f3s tr\u00eas anos. A \u00faltima apresenta\u00e7\u00e3o da Paix\u00e3o de Cristo presencial para n\u00famero ilimitado de pessoas aconteceu ainda no ano de 2019. Em 2020, houve cancelamento no m\u00eas de estreia por conta da propaga\u00e7\u00e3o da covid-19 e, em 2021 e 2022, em virtude da pandemia, o evento foi realizado no Teatro com transmiss\u00e3o online.<\/p>\n\n\n\n<p>O espet\u00e1culo neste ano contar\u00e1 com apoio do Governo do Estado do Tocantins, por meio da Secretaria Estadual de Cultura, Pr\u00f3-Reitoria de Extens\u00e3o e Cultura (Proex), da Universidade Federal do Tocantins (UFT), Escola Superior da Magistratura Tocantinense (ESMAT), Prefeitura de Tocant\u00ednia, por meio da Secretaria Municipal da Educa\u00e7\u00e3o, Federa\u00e7\u00e3o dos Trabalhadores na Agricultura do Estado do Tocantins &#8211; (FETAET).<\/p>\n\n\n\n<p>A Companhia pede que as pessoas que forem prestigiar o espet\u00e1culo doem alimentos n\u00e3o-perec\u00edveis e\/ou produtos de higiene pessoal. As doa\u00e7\u00f5es ser\u00e3o encaminhadas \u00e0 Liga Feminina de Combate ao C\u00e2ncer, ind\u00edgenas Xerente de Tocant\u00ednia e outras entidades de assist\u00eancia social de Palmas.<\/p>\n\n\n\n<p><strong>Reconhecimento<\/strong><\/p>\n\n\n\n<p>O espet\u00e1culo da Paix\u00e3o de Cristo realizado pela Art\u00b4Sacra Cia. de Teatro foi institu\u00eddo no calend\u00e1rio de eventos oficiais do munic\u00edpio de Palmas, Lei 2.287, de 10 de janeiro de 2017. Em maio de 2010, a Funda\u00e7\u00e3o Cultural do Estado do Tocantins concedeu ao espet\u00e1culo teatral Sacro da Paix\u00e3o de Cristo, evento Cultural do Estado, pelos seus trabalhos realizados na \u00e1rea de teatro e forma\u00e7\u00e3o. Tal reconhecimento ressalta a sua import\u00e2ncia na sociedade como uma entidade que fomenta a cultura sacra e popular e colabora desta forma com a forma\u00e7\u00e3o cultural do Estado do Tocantins. A Companhia Art\u2019Sacra foi fundada em 16 de maio de 2005.<\/p>\n","protected":false},"excerpt":{"rendered":"<p>\u00a0Fotos: Flaviana OX\/Divulga\u00e7\u00e3o A Paix\u00e3o de Cristo est\u00e1 de volta \u00e0 Pra\u00e7a dos Girass\u00f3is. Com interpreta\u00e7\u00e3o da Cia Art\u2019Sacra de Teatro, a 19\u00aa edi\u00e7\u00e3o do espet\u00e1culo ser\u00e1 apresentada, presencialmente, nesta sexta-feira, 07, \u00e0s 20 horas. A entrada \u00e9 1kg de alimento n\u00e3o-perec\u00edvel ou doa\u00e7\u00e3o de produtos de higiene pessoal. Tamb\u00e9m haver\u00e1 transmiss\u00e3o ao vivo da [&hellip;]<\/p>\n","protected":false},"author":4,"featured_media":0,"comment_status":"open","ping_status":"open","sticky":false,"template":"","format":"standard","meta":{"_acf_changed":false,"footnotes":""},"categories":[22,898],"tags":[],"class_list":["post-69910","post","type-post","status-publish","format-standard","hentry","category-cidades","category-manchete-segundaria"],"acf":[],"yoast_head":"<!-- This site is optimized with the Yoast SEO plugin v24.4 - https:\/\/yoast.com\/wordpress\/plugins\/seo\/ -->\n<title>De volta \u00e0 Pra\u00e7a dos Girass\u00f3is, 19\u00aa edi\u00e7\u00e3o da Paix\u00e3o de Cristo acontece nesta sexta-feira - PORTAL DE NOT\u00cdCIAS CLEITON PINHEIRO<\/title>\n<meta name=\"robots\" content=\"index, follow, max-snippet:-1, max-image-preview:large, max-video-preview:-1\" \/>\n<link rel=\"canonical\" href=\"https:\/\/cleitonpinheiro.com.br\/site\/de-volta-a-praca-dos-girassois-19a-edicao-da-paixao-de-cristo-acontece-nesta-sexta-feira\/\" \/>\n<meta property=\"og:locale\" content=\"pt_BR\" \/>\n<meta property=\"og:type\" content=\"article\" \/>\n<meta property=\"og:title\" content=\"De volta \u00e0 Pra\u00e7a dos Girass\u00f3is, 19\u00aa edi\u00e7\u00e3o da Paix\u00e3o de Cristo acontece nesta sexta-feira - PORTAL DE NOT\u00cdCIAS CLEITON PINHEIRO\" \/>\n<meta property=\"og:description\" content=\"\u00a0Fotos: Flaviana OX\/Divulga\u00e7\u00e3o A Paix\u00e3o de Cristo est\u00e1 de volta \u00e0 Pra\u00e7a dos Girass\u00f3is. Com interpreta\u00e7\u00e3o da Cia Art\u2019Sacra de Teatro, a 19\u00aa edi\u00e7\u00e3o do espet\u00e1culo ser\u00e1 apresentada, presencialmente, nesta sexta-feira, 07, \u00e0s 20 horas. A entrada \u00e9 1kg de alimento n\u00e3o-perec\u00edvel ou doa\u00e7\u00e3o de produtos de higiene pessoal. Tamb\u00e9m haver\u00e1 transmiss\u00e3o ao vivo da [&hellip;]\" \/>\n<meta property=\"og:url\" content=\"https:\/\/cleitonpinheiro.com.br\/site\/de-volta-a-praca-dos-girassois-19a-edicao-da-paixao-de-cristo-acontece-nesta-sexta-feira\/\" \/>\n<meta property=\"og:site_name\" content=\"PORTAL DE NOT\u00cdCIAS CLEITON PINHEIRO\" \/>\n<meta property=\"article:publisher\" content=\"https:\/\/www.facebook.com\/portalcpnoticias\/\" \/>\n<meta property=\"article:published_time\" content=\"2023-04-05T13:11:59+00:00\" \/>\n<meta property=\"article:modified_time\" content=\"2023-04-05T13:12:00+00:00\" \/>\n<meta property=\"og:image\" content=\"https:\/\/cleitonpinheiro.com.br\/site\/wp-content\/uploads\/2023\/04\/Design-sem-nome-2023-04-05T100933-compressed.jpg\" \/>\n\t<meta property=\"og:image:width\" content=\"750\" \/>\n\t<meta property=\"og:image:height\" content=\"450\" \/>\n\t<meta property=\"og:image:type\" content=\"image\/jpeg\" \/>\n<meta name=\"author\" content=\"Dermival Pereira\" \/>\n<meta name=\"twitter:card\" content=\"summary_large_image\" \/>\n<meta name=\"twitter:label1\" content=\"Escrito por\" \/>\n\t<meta name=\"twitter:data1\" content=\"Dermival Pereira\" \/>\n\t<meta name=\"twitter:label2\" content=\"Est. tempo de leitura\" \/>\n\t<meta name=\"twitter:data2\" content=\"3 minutos\" \/>\n<script type=\"application\/ld+json\" class=\"yoast-schema-graph\">{\"@context\":\"https:\/\/schema.org\",\"@graph\":[{\"@type\":\"Article\",\"@id\":\"https:\/\/cleitonpinheiro.com.br\/site\/de-volta-a-praca-dos-girassois-19a-edicao-da-paixao-de-cristo-acontece-nesta-sexta-feira\/#article\",\"isPartOf\":{\"@id\":\"https:\/\/cleitonpinheiro.com.br\/site\/de-volta-a-praca-dos-girassois-19a-edicao-da-paixao-de-cristo-acontece-nesta-sexta-feira\/\"},\"author\":{\"name\":\"Dermival Pereira\",\"@id\":\"https:\/\/cleitonpinheiro.com.br\/site\/#\/schema\/person\/aac6d7f311e80c43042e98a900b03cd8\"},\"headline\":\"De volta \u00e0 Pra\u00e7a dos Girass\u00f3is, 19\u00aa edi\u00e7\u00e3o da Paix\u00e3o de Cristo acontece nesta sexta-feira\",\"datePublished\":\"2023-04-05T13:11:59+00:00\",\"dateModified\":\"2023-04-05T13:12:00+00:00\",\"mainEntityOfPage\":{\"@id\":\"https:\/\/cleitonpinheiro.com.br\/site\/de-volta-a-praca-dos-girassois-19a-edicao-da-paixao-de-cristo-acontece-nesta-sexta-feira\/\"},\"wordCount\":607,\"commentCount\":0,\"publisher\":{\"@id\":\"https:\/\/cleitonpinheiro.com.br\/site\/#organization\"},\"image\":{\"@id\":\"https:\/\/cleitonpinheiro.com.br\/site\/de-volta-a-praca-dos-girassois-19a-edicao-da-paixao-de-cristo-acontece-nesta-sexta-feira\/#primaryimage\"},\"thumbnailUrl\":\"https:\/\/cleitonpinheiro.com.br\/site\/wp-content\/uploads\/2023\/04\/Design-sem-nome-2023-04-05T100933-compressed.jpg\",\"articleSection\":[\"CIDADES\",\"MANCHETE SEGUND\u00c1RIA\"],\"inLanguage\":\"pt-BR\",\"potentialAction\":[{\"@type\":\"CommentAction\",\"name\":\"Comment\",\"target\":[\"https:\/\/cleitonpinheiro.com.br\/site\/de-volta-a-praca-dos-girassois-19a-edicao-da-paixao-de-cristo-acontece-nesta-sexta-feira\/#respond\"]}]},{\"@type\":\"WebPage\",\"@id\":\"https:\/\/cleitonpinheiro.com.br\/site\/de-volta-a-praca-dos-girassois-19a-edicao-da-paixao-de-cristo-acontece-nesta-sexta-feira\/\",\"url\":\"https:\/\/cleitonpinheiro.com.br\/site\/de-volta-a-praca-dos-girassois-19a-edicao-da-paixao-de-cristo-acontece-nesta-sexta-feira\/\",\"name\":\"De volta \u00e0 Pra\u00e7a dos Girass\u00f3is, 19\u00aa edi\u00e7\u00e3o da Paix\u00e3o de Cristo acontece nesta sexta-feira - PORTAL DE NOT\u00cdCIAS CLEITON PINHEIRO\",\"isPartOf\":{\"@id\":\"https:\/\/cleitonpinheiro.com.br\/site\/#website\"},\"primaryImageOfPage\":{\"@id\":\"https:\/\/cleitonpinheiro.com.br\/site\/de-volta-a-praca-dos-girassois-19a-edicao-da-paixao-de-cristo-acontece-nesta-sexta-feira\/#primaryimage\"},\"image\":{\"@id\":\"https:\/\/cleitonpinheiro.com.br\/site\/de-volta-a-praca-dos-girassois-19a-edicao-da-paixao-de-cristo-acontece-nesta-sexta-feira\/#primaryimage\"},\"thumbnailUrl\":\"https:\/\/cleitonpinheiro.com.br\/site\/wp-content\/uploads\/2023\/04\/Design-sem-nome-2023-04-05T100933-compressed.jpg\",\"datePublished\":\"2023-04-05T13:11:59+00:00\",\"dateModified\":\"2023-04-05T13:12:00+00:00\",\"breadcrumb\":{\"@id\":\"https:\/\/cleitonpinheiro.com.br\/site\/de-volta-a-praca-dos-girassois-19a-edicao-da-paixao-de-cristo-acontece-nesta-sexta-feira\/#breadcrumb\"},\"inLanguage\":\"pt-BR\",\"potentialAction\":[{\"@type\":\"ReadAction\",\"target\":[\"https:\/\/cleitonpinheiro.com.br\/site\/de-volta-a-praca-dos-girassois-19a-edicao-da-paixao-de-cristo-acontece-nesta-sexta-feira\/\"]}]},{\"@type\":\"ImageObject\",\"inLanguage\":\"pt-BR\",\"@id\":\"https:\/\/cleitonpinheiro.com.br\/site\/de-volta-a-praca-dos-girassois-19a-edicao-da-paixao-de-cristo-acontece-nesta-sexta-feira\/#primaryimage\",\"url\":\"\",\"contentUrl\":\"\"},{\"@type\":\"BreadcrumbList\",\"@id\":\"https:\/\/cleitonpinheiro.com.br\/site\/de-volta-a-praca-dos-girassois-19a-edicao-da-paixao-de-cristo-acontece-nesta-sexta-feira\/#breadcrumb\",\"itemListElement\":[{\"@type\":\"ListItem\",\"position\":1,\"name\":\"In\u00edcio\",\"item\":\"https:\/\/cleitonpinheiro.com.br\/site\/\"},{\"@type\":\"ListItem\",\"position\":2,\"name\":\"De volta \u00e0 Pra\u00e7a dos Girass\u00f3is, 19\u00aa edi\u00e7\u00e3o da Paix\u00e3o de Cristo acontece nesta sexta-feira\"}]},{\"@type\":\"WebSite\",\"@id\":\"https:\/\/cleitonpinheiro.com.br\/site\/#website\",\"url\":\"https:\/\/cleitonpinheiro.com.br\/site\/\",\"name\":\"PORTAL DE NOT\u00cdCIAS CLEITON PINHEIRO\",\"description\":\"FALANDO A VERDADE\",\"publisher\":{\"@id\":\"https:\/\/cleitonpinheiro.com.br\/site\/#organization\"},\"potentialAction\":[{\"@type\":\"SearchAction\",\"target\":{\"@type\":\"EntryPoint\",\"urlTemplate\":\"https:\/\/cleitonpinheiro.com.br\/site\/?s={search_term_string}\"},\"query-input\":{\"@type\":\"PropertyValueSpecification\",\"valueRequired\":true,\"valueName\":\"search_term_string\"}}],\"inLanguage\":\"pt-BR\"},{\"@type\":\"Organization\",\"@id\":\"https:\/\/cleitonpinheiro.com.br\/site\/#organization\",\"name\":\"CPNOT\u00cdCIAS\",\"url\":\"https:\/\/cleitonpinheiro.com.br\/site\/\",\"logo\":{\"@type\":\"ImageObject\",\"inLanguage\":\"pt-BR\",\"@id\":\"https:\/\/cleitonpinheiro.com.br\/site\/#\/schema\/logo\/image\/\",\"url\":\"https:\/\/cleitonpinheiro.com.br\/site\/wp-content\/uploads\/2022\/08\/Logo-pequena-2.png\",\"contentUrl\":\"https:\/\/cleitonpinheiro.com.br\/site\/wp-content\/uploads\/2022\/08\/Logo-pequena-2.png\",\"width\":500,\"height\":500,\"caption\":\"CPNOT\u00cdCIAS\"},\"image\":{\"@id\":\"https:\/\/cleitonpinheiro.com.br\/site\/#\/schema\/logo\/image\/\"},\"sameAs\":[\"https:\/\/www.facebook.com\/portalcpnoticias\/\"]},{\"@type\":\"Person\",\"@id\":\"https:\/\/cleitonpinheiro.com.br\/site\/#\/schema\/person\/aac6d7f311e80c43042e98a900b03cd8\",\"name\":\"Dermival Pereira\",\"image\":{\"@type\":\"ImageObject\",\"inLanguage\":\"pt-BR\",\"@id\":\"https:\/\/cleitonpinheiro.com.br\/site\/#\/schema\/person\/image\/\",\"url\":\"https:\/\/secure.gravatar.com\/avatar\/cfaebf3742d6bf8db728bcba3eed6bee37b02337a2e6c822994f20ca72a3784d?s=96&r=g\",\"contentUrl\":\"https:\/\/secure.gravatar.com\/avatar\/cfaebf3742d6bf8db728bcba3eed6bee37b02337a2e6c822994f20ca72a3784d?s=96&r=g\",\"caption\":\"Dermival Pereira\"},\"url\":\"https:\/\/cleitonpinheiro.com.br\/site\/author\/dermival\/\"}]}<\/script>\n<!-- \/ Yoast SEO plugin. -->","yoast_head_json":{"title":"De volta \u00e0 Pra\u00e7a dos Girass\u00f3is, 19\u00aa edi\u00e7\u00e3o da Paix\u00e3o de Cristo acontece nesta sexta-feira - PORTAL DE NOT\u00cdCIAS CLEITON PINHEIRO","robots":{"index":"index","follow":"follow","max-snippet":"max-snippet:-1","max-image-preview":"max-image-preview:large","max-video-preview":"max-video-preview:-1"},"canonical":"https:\/\/cleitonpinheiro.com.br\/site\/de-volta-a-praca-dos-girassois-19a-edicao-da-paixao-de-cristo-acontece-nesta-sexta-feira\/","og_locale":"pt_BR","og_type":"article","og_title":"De volta \u00e0 Pra\u00e7a dos Girass\u00f3is, 19\u00aa edi\u00e7\u00e3o da Paix\u00e3o de Cristo acontece nesta sexta-feira - PORTAL DE NOT\u00cdCIAS CLEITON PINHEIRO","og_description":"\u00a0Fotos: Flaviana OX\/Divulga\u00e7\u00e3o A Paix\u00e3o de Cristo est\u00e1 de volta \u00e0 Pra\u00e7a dos Girass\u00f3is. Com interpreta\u00e7\u00e3o da Cia Art\u2019Sacra de Teatro, a 19\u00aa edi\u00e7\u00e3o do espet\u00e1culo ser\u00e1 apresentada, presencialmente, nesta sexta-feira, 07, \u00e0s 20 horas. A entrada \u00e9 1kg de alimento n\u00e3o-perec\u00edvel ou doa\u00e7\u00e3o de produtos de higiene pessoal. Tamb\u00e9m haver\u00e1 transmiss\u00e3o ao vivo da [&hellip;]","og_url":"https:\/\/cleitonpinheiro.com.br\/site\/de-volta-a-praca-dos-girassois-19a-edicao-da-paixao-de-cristo-acontece-nesta-sexta-feira\/","og_site_name":"PORTAL DE NOT\u00cdCIAS CLEITON PINHEIRO","article_publisher":"https:\/\/www.facebook.com\/portalcpnoticias\/","article_published_time":"2023-04-05T13:11:59+00:00","article_modified_time":"2023-04-05T13:12:00+00:00","og_image":[{"width":750,"height":450,"url":"https:\/\/cleitonpinheiro.com.br\/site\/wp-content\/uploads\/2023\/04\/Design-sem-nome-2023-04-05T100933-compressed.jpg","type":"image\/jpeg"}],"author":"Dermival Pereira","twitter_card":"summary_large_image","twitter_misc":{"Escrito por":"Dermival Pereira","Est. tempo de leitura":"3 minutos"},"schema":{"@context":"https:\/\/schema.org","@graph":[{"@type":"Article","@id":"https:\/\/cleitonpinheiro.com.br\/site\/de-volta-a-praca-dos-girassois-19a-edicao-da-paixao-de-cristo-acontece-nesta-sexta-feira\/#article","isPartOf":{"@id":"https:\/\/cleitonpinheiro.com.br\/site\/de-volta-a-praca-dos-girassois-19a-edicao-da-paixao-de-cristo-acontece-nesta-sexta-feira\/"},"author":{"name":"Dermival Pereira","@id":"https:\/\/cleitonpinheiro.com.br\/site\/#\/schema\/person\/aac6d7f311e80c43042e98a900b03cd8"},"headline":"De volta \u00e0 Pra\u00e7a dos Girass\u00f3is, 19\u00aa edi\u00e7\u00e3o da Paix\u00e3o de Cristo acontece nesta sexta-feira","datePublished":"2023-04-05T13:11:59+00:00","dateModified":"2023-04-05T13:12:00+00:00","mainEntityOfPage":{"@id":"https:\/\/cleitonpinheiro.com.br\/site\/de-volta-a-praca-dos-girassois-19a-edicao-da-paixao-de-cristo-acontece-nesta-sexta-feira\/"},"wordCount":607,"commentCount":0,"publisher":{"@id":"https:\/\/cleitonpinheiro.com.br\/site\/#organization"},"image":{"@id":"https:\/\/cleitonpinheiro.com.br\/site\/de-volta-a-praca-dos-girassois-19a-edicao-da-paixao-de-cristo-acontece-nesta-sexta-feira\/#primaryimage"},"thumbnailUrl":"https:\/\/cleitonpinheiro.com.br\/site\/wp-content\/uploads\/2023\/04\/Design-sem-nome-2023-04-05T100933-compressed.jpg","articleSection":["CIDADES","MANCHETE SEGUND\u00c1RIA"],"inLanguage":"pt-BR","potentialAction":[{"@type":"CommentAction","name":"Comment","target":["https:\/\/cleitonpinheiro.com.br\/site\/de-volta-a-praca-dos-girassois-19a-edicao-da-paixao-de-cristo-acontece-nesta-sexta-feira\/#respond"]}]},{"@type":"WebPage","@id":"https:\/\/cleitonpinheiro.com.br\/site\/de-volta-a-praca-dos-girassois-19a-edicao-da-paixao-de-cristo-acontece-nesta-sexta-feira\/","url":"https:\/\/cleitonpinheiro.com.br\/site\/de-volta-a-praca-dos-girassois-19a-edicao-da-paixao-de-cristo-acontece-nesta-sexta-feira\/","name":"De volta \u00e0 Pra\u00e7a dos Girass\u00f3is, 19\u00aa edi\u00e7\u00e3o da Paix\u00e3o de Cristo acontece nesta sexta-feira - PORTAL DE NOT\u00cdCIAS CLEITON PINHEIRO","isPartOf":{"@id":"https:\/\/cleitonpinheiro.com.br\/site\/#website"},"primaryImageOfPage":{"@id":"https:\/\/cleitonpinheiro.com.br\/site\/de-volta-a-praca-dos-girassois-19a-edicao-da-paixao-de-cristo-acontece-nesta-sexta-feira\/#primaryimage"},"image":{"@id":"https:\/\/cleitonpinheiro.com.br\/site\/de-volta-a-praca-dos-girassois-19a-edicao-da-paixao-de-cristo-acontece-nesta-sexta-feira\/#primaryimage"},"thumbnailUrl":"https:\/\/cleitonpinheiro.com.br\/site\/wp-content\/uploads\/2023\/04\/Design-sem-nome-2023-04-05T100933-compressed.jpg","datePublished":"2023-04-05T13:11:59+00:00","dateModified":"2023-04-05T13:12:00+00:00","breadcrumb":{"@id":"https:\/\/cleitonpinheiro.com.br\/site\/de-volta-a-praca-dos-girassois-19a-edicao-da-paixao-de-cristo-acontece-nesta-sexta-feira\/#breadcrumb"},"inLanguage":"pt-BR","potentialAction":[{"@type":"ReadAction","target":["https:\/\/cleitonpinheiro.com.br\/site\/de-volta-a-praca-dos-girassois-19a-edicao-da-paixao-de-cristo-acontece-nesta-sexta-feira\/"]}]},{"@type":"ImageObject","inLanguage":"pt-BR","@id":"https:\/\/cleitonpinheiro.com.br\/site\/de-volta-a-praca-dos-girassois-19a-edicao-da-paixao-de-cristo-acontece-nesta-sexta-feira\/#primaryimage","url":"","contentUrl":""},{"@type":"BreadcrumbList","@id":"https:\/\/cleitonpinheiro.com.br\/site\/de-volta-a-praca-dos-girassois-19a-edicao-da-paixao-de-cristo-acontece-nesta-sexta-feira\/#breadcrumb","itemListElement":[{"@type":"ListItem","position":1,"name":"In\u00edcio","item":"https:\/\/cleitonpinheiro.com.br\/site\/"},{"@type":"ListItem","position":2,"name":"De volta \u00e0 Pra\u00e7a dos Girass\u00f3is, 19\u00aa edi\u00e7\u00e3o da Paix\u00e3o de Cristo acontece nesta sexta-feira"}]},{"@type":"WebSite","@id":"https:\/\/cleitonpinheiro.com.br\/site\/#website","url":"https:\/\/cleitonpinheiro.com.br\/site\/","name":"PORTAL DE NOT\u00cdCIAS CLEITON PINHEIRO","description":"FALANDO A VERDADE","publisher":{"@id":"https:\/\/cleitonpinheiro.com.br\/site\/#organization"},"potentialAction":[{"@type":"SearchAction","target":{"@type":"EntryPoint","urlTemplate":"https:\/\/cleitonpinheiro.com.br\/site\/?s={search_term_string}"},"query-input":{"@type":"PropertyValueSpecification","valueRequired":true,"valueName":"search_term_string"}}],"inLanguage":"pt-BR"},{"@type":"Organization","@id":"https:\/\/cleitonpinheiro.com.br\/site\/#organization","name":"CPNOT\u00cdCIAS","url":"https:\/\/cleitonpinheiro.com.br\/site\/","logo":{"@type":"ImageObject","inLanguage":"pt-BR","@id":"https:\/\/cleitonpinheiro.com.br\/site\/#\/schema\/logo\/image\/","url":"https:\/\/cleitonpinheiro.com.br\/site\/wp-content\/uploads\/2022\/08\/Logo-pequena-2.png","contentUrl":"https:\/\/cleitonpinheiro.com.br\/site\/wp-content\/uploads\/2022\/08\/Logo-pequena-2.png","width":500,"height":500,"caption":"CPNOT\u00cdCIAS"},"image":{"@id":"https:\/\/cleitonpinheiro.com.br\/site\/#\/schema\/logo\/image\/"},"sameAs":["https:\/\/www.facebook.com\/portalcpnoticias\/"]},{"@type":"Person","@id":"https:\/\/cleitonpinheiro.com.br\/site\/#\/schema\/person\/aac6d7f311e80c43042e98a900b03cd8","name":"Dermival Pereira","image":{"@type":"ImageObject","inLanguage":"pt-BR","@id":"https:\/\/cleitonpinheiro.com.br\/site\/#\/schema\/person\/image\/","url":"https:\/\/secure.gravatar.com\/avatar\/cfaebf3742d6bf8db728bcba3eed6bee37b02337a2e6c822994f20ca72a3784d?s=96&r=g","contentUrl":"https:\/\/secure.gravatar.com\/avatar\/cfaebf3742d6bf8db728bcba3eed6bee37b02337a2e6c822994f20ca72a3784d?s=96&r=g","caption":"Dermival Pereira"},"url":"https:\/\/cleitonpinheiro.com.br\/site\/author\/dermival\/"}]}},"views":243,"_links":{"self":[{"href":"https:\/\/cleitonpinheiro.com.br\/site\/wp-json\/wp\/v2\/posts\/69910","targetHints":{"allow":["GET"]}}],"collection":[{"href":"https:\/\/cleitonpinheiro.com.br\/site\/wp-json\/wp\/v2\/posts"}],"about":[{"href":"https:\/\/cleitonpinheiro.com.br\/site\/wp-json\/wp\/v2\/types\/post"}],"author":[{"embeddable":true,"href":"https:\/\/cleitonpinheiro.com.br\/site\/wp-json\/wp\/v2\/users\/4"}],"replies":[{"embeddable":true,"href":"https:\/\/cleitonpinheiro.com.br\/site\/wp-json\/wp\/v2\/comments?post=69910"}],"version-history":[{"count":1,"href":"https:\/\/cleitonpinheiro.com.br\/site\/wp-json\/wp\/v2\/posts\/69910\/revisions"}],"predecessor-version":[{"id":69912,"href":"https:\/\/cleitonpinheiro.com.br\/site\/wp-json\/wp\/v2\/posts\/69910\/revisions\/69912"}],"wp:attachment":[{"href":"https:\/\/cleitonpinheiro.com.br\/site\/wp-json\/wp\/v2\/media?parent=69910"}],"wp:term":[{"taxonomy":"category","embeddable":true,"href":"https:\/\/cleitonpinheiro.com.br\/site\/wp-json\/wp\/v2\/categories?post=69910"},{"taxonomy":"post_tag","embeddable":true,"href":"https:\/\/cleitonpinheiro.com.br\/site\/wp-json\/wp\/v2\/tags?post=69910"}],"curies":[{"name":"wp","href":"https:\/\/api.w.org\/{rel}","templated":true}]}}