{"id":69913,"date":"2023-04-05T11:36:34","date_gmt":"2023-04-05T14:36:34","guid":{"rendered":"https:\/\/cleitonpinheiro.com.br\/site\/?p=69913"},"modified":"2023-04-05T11:50:17","modified_gmt":"2023-04-05T14:50:17","slug":"homem-ataca-creche-e-mata-4-criancas-em-sc-e-depois-se-entrega-em-batalhao-da-policia-militar","status":"publish","type":"post","link":"https:\/\/cleitonpinheiro.com.br\/site\/homem-ataca-creche-e-mata-4-criancas-em-sc-e-depois-se-entrega-em-batalhao-da-policia-militar\/","title":{"rendered":"Homem ataca creche e mata quatro crian\u00e7as em SC e depois se entrega em batalh\u00e3o da PM"},"content":{"rendered":"\n<figure class=\"wp-block-image size-full is-resized\"><img fetchpriority=\"high\" decoding=\"async\" src=\"https:\/\/cleitonpinheiro.com.br\/site\/wp-content\/uploads\/2023\/04\/Design-sem-nome-2023-04-05T113553-compressed.jpg\" alt=\"\" class=\"wp-image-69914\" width=\"1021\" height=\"613\"\/><\/figure>\n\n\n\n<p>Creche foi alvo de ataque em Blumenau, SC, nesta quarta-feira (5)<small>Foto: Divulga\u00e7\u00e3o\/CBMSC<\/small><\/p>\n\n\n\n<p>Uma creche foi alvo de ataque na manh\u00e3 desta quarta-feira, 5,\u00a0em\u00a0Blumenau, em Santa Catarina, segundo informado pelo Corpo de Bombeiros.\u00a0Ao menos quatro crian\u00e7as foram mortas, sendo tr\u00eas meninas e uma menina\u00a0entre\u00a05 a 7 anos,\u00a0e outras tr\u00eas teriam ficado feridas, sendo conduzidas ao hospital para atendimento.\u00a0 <em><strong>As informa\u00e7\u00f5es s\u00e3o do Portal Terra.<\/strong><\/em><\/p>\n\n\n\n<p>Al\u00e9m da corpora\u00e7\u00e3o, equipes da PM e o Servi\u00e7o de Atendimento M\u00f3vel de Urg\u00eancia (Samu) est\u00e3o atendendo a ocorr\u00eancia. O caso ocorreu na creche&nbsp;Cantinho do Bom Pastor, localizado na Rua dos Ca\u00e7adores, no bairro Velha.&nbsp;<\/p>\n\n\n\n<figure class=\"wp-block-image alignleft size-full is-resized\"><img decoding=\"async\" src=\"https:\/\/cleitonpinheiro.com.br\/site\/wp-content\/uploads\/2023\/04\/Design-sem-nome-2023-04-05T113314-compressed.jpg\" alt=\"\" class=\"wp-image-69916\" width=\"671\" height=\"403\"\/><\/figure>\n\n\n\n<p>Segundo informa\u00e7\u00f5es preliminares, o suspeito teria invadido a unidade com um machado. Nas redes sociais, o governador de Santa Catarina, Jorginho Mello (PL), confirmou que o homem j\u00e1 foi preso.&nbsp;<\/p>\n\n\n\n<p>&#8220;\u00c9 com enorme tristeza que recebo a lament\u00e1vel not\u00edcia de que a creche particular Cantinho do Bom Pastor, em Blumenau, foi invadida por um assassino que atacou crian\u00e7as e funcion\u00e1rios. Infelizmente quatro n\u00e3o resistiram e morreram, al\u00e9m de tr\u00eas feridos&#8221;, escreveu o governador.<\/p>\n\n\n\n<p>Jorginho Mello tamb\u00e9m informou que&nbsp;determinou imediatamente a a\u00e7\u00e3o das for\u00e7as de seguran\u00e7a, que j\u00e1 est\u00e3o no local. &#8220;O assassino j\u00e1 est\u00e1 preso. Deixo aqui a minha total solidariedade. Que Deus conforte o cora\u00e7\u00e3o de todas as fam\u00edlias neste momento de profunda dor&#8221;, acrescentou.<\/p>\n\n\n\n<figure class=\"wp-block-image size-full is-resized\"><img decoding=\"async\" src=\"https:\/\/cleitonpinheiro.com.br\/site\/wp-content\/uploads\/2023\/04\/Design-sem-nome-2023-04-05T113713-compressed.jpg\" alt=\"\" class=\"wp-image-69917\" width=\"1018\" height=\"611\"\/><\/figure>\n\n\n\n<p>Creche foi alvo de ataque em Blumenau, SC, nesta quarta-feira (5)<small>Foto: Divulga\u00e7\u00e3o\/CBMSC<\/small><\/p>\n\n\n\n<p>Imagens que circulam nas redes sociais mostram dezenas de pais desesperados e chorando em frente a creche, tentando ter not\u00edcias das crian\u00e7as. Os familiares est\u00e3o sendo autorizados a entrar no local.&nbsp;<\/p>\n\n\n\n<p><\/p>\n","protected":false},"excerpt":{"rendered":"<p>Creche foi alvo de ataque em Blumenau, SC, nesta quarta-feira (5)Foto: Divulga\u00e7\u00e3o\/CBMSC Uma creche foi alvo de ataque na manh\u00e3 desta quarta-feira, 5,\u00a0em\u00a0Blumenau, em Santa Catarina, segundo informado pelo Corpo de Bombeiros.\u00a0Ao menos quatro crian\u00e7as foram mortas, sendo tr\u00eas meninas e uma menina\u00a0entre\u00a05 a 7 anos,\u00a0e outras tr\u00eas teriam ficado feridas, sendo conduzidas ao hospital [&hellip;]<\/p>\n","protected":false},"author":4,"featured_media":0,"comment_status":"open","ping_status":"open","sticky":false,"template":"","format":"standard","meta":{"_acf_changed":false,"footnotes":""},"categories":[19,898],"tags":[],"class_list":["post-69913","post","type-post","status-publish","format-standard","hentry","category-brasil-mundo","category-manchete-segundaria"],"acf":[],"yoast_head":"<!-- This site is optimized with the Yoast SEO plugin v24.4 - https:\/\/yoast.com\/wordpress\/plugins\/seo\/ -->\n<title>Homem ataca creche e mata quatro crian\u00e7as em SC e depois se entrega em batalh\u00e3o da PM - PORTAL DE NOT\u00cdCIAS CLEITON PINHEIRO<\/title>\n<meta name=\"robots\" content=\"index, follow, max-snippet:-1, max-image-preview:large, max-video-preview:-1\" \/>\n<link rel=\"canonical\" href=\"https:\/\/cleitonpinheiro.com.br\/site\/homem-ataca-creche-e-mata-4-criancas-em-sc-e-depois-se-entrega-em-batalhao-da-policia-militar\/\" \/>\n<meta property=\"og:locale\" content=\"pt_BR\" \/>\n<meta property=\"og:type\" content=\"article\" \/>\n<meta property=\"og:title\" content=\"Homem ataca creche e mata quatro crian\u00e7as em SC e depois se entrega em batalh\u00e3o da PM - PORTAL DE NOT\u00cdCIAS CLEITON PINHEIRO\" \/>\n<meta property=\"og:description\" content=\"Creche foi alvo de ataque em Blumenau, SC, nesta quarta-feira (5)Foto: Divulga\u00e7\u00e3o\/CBMSC Uma creche foi alvo de ataque na manh\u00e3 desta quarta-feira, 5,\u00a0em\u00a0Blumenau, em Santa Catarina, segundo informado pelo Corpo de Bombeiros.\u00a0Ao menos quatro crian\u00e7as foram mortas, sendo tr\u00eas meninas e uma menina\u00a0entre\u00a05 a 7 anos,\u00a0e outras tr\u00eas teriam ficado feridas, sendo conduzidas ao hospital [&hellip;]\" \/>\n<meta property=\"og:url\" content=\"https:\/\/cleitonpinheiro.com.br\/site\/homem-ataca-creche-e-mata-4-criancas-em-sc-e-depois-se-entrega-em-batalhao-da-policia-militar\/\" \/>\n<meta property=\"og:site_name\" content=\"PORTAL DE NOT\u00cdCIAS CLEITON PINHEIRO\" \/>\n<meta property=\"article:publisher\" content=\"https:\/\/www.facebook.com\/portalcpnoticias\/\" \/>\n<meta property=\"article:published_time\" content=\"2023-04-05T14:36:34+00:00\" \/>\n<meta property=\"article:modified_time\" content=\"2023-04-05T14:50:17+00:00\" \/>\n<meta property=\"og:image\" content=\"https:\/\/cleitonpinheiro.com.br\/site\/wp-content\/uploads\/2023\/04\/Design-sem-nome-2023-04-05T113553-compressed.jpg\" \/>\n\t<meta property=\"og:image:width\" content=\"750\" \/>\n\t<meta property=\"og:image:height\" content=\"450\" \/>\n\t<meta property=\"og:image:type\" content=\"image\/jpeg\" \/>\n<meta name=\"author\" content=\"Dermival Pereira\" \/>\n<meta name=\"twitter:card\" content=\"summary_large_image\" \/>\n<meta name=\"twitter:label1\" content=\"Escrito por\" \/>\n\t<meta name=\"twitter:data1\" content=\"Dermival Pereira\" \/>\n\t<meta name=\"twitter:label2\" content=\"Est. tempo de leitura\" \/>\n\t<meta name=\"twitter:data2\" content=\"2 minutos\" \/>\n<script type=\"application\/ld+json\" class=\"yoast-schema-graph\">{\"@context\":\"https:\/\/schema.org\",\"@graph\":[{\"@type\":\"Article\",\"@id\":\"https:\/\/cleitonpinheiro.com.br\/site\/homem-ataca-creche-e-mata-4-criancas-em-sc-e-depois-se-entrega-em-batalhao-da-policia-militar\/#article\",\"isPartOf\":{\"@id\":\"https:\/\/cleitonpinheiro.com.br\/site\/homem-ataca-creche-e-mata-4-criancas-em-sc-e-depois-se-entrega-em-batalhao-da-policia-militar\/\"},\"author\":{\"name\":\"Dermival Pereira\",\"@id\":\"https:\/\/cleitonpinheiro.com.br\/site\/#\/schema\/person\/aac6d7f311e80c43042e98a900b03cd8\"},\"headline\":\"Homem ataca creche e mata quatro crian\u00e7as em SC e depois se entrega em batalh\u00e3o da PM\",\"datePublished\":\"2023-04-05T14:36:34+00:00\",\"dateModified\":\"2023-04-05T14:50:17+00:00\",\"mainEntityOfPage\":{\"@id\":\"https:\/\/cleitonpinheiro.com.br\/site\/homem-ataca-creche-e-mata-4-criancas-em-sc-e-depois-se-entrega-em-batalhao-da-policia-militar\/\"},\"wordCount\":320,\"commentCount\":0,\"publisher\":{\"@id\":\"https:\/\/cleitonpinheiro.com.br\/site\/#organization\"},\"image\":{\"@id\":\"https:\/\/cleitonpinheiro.com.br\/site\/homem-ataca-creche-e-mata-4-criancas-em-sc-e-depois-se-entrega-em-batalhao-da-policia-militar\/#primaryimage\"},\"thumbnailUrl\":\"https:\/\/cleitonpinheiro.com.br\/site\/wp-content\/uploads\/2023\/04\/Design-sem-nome-2023-04-05T113553-compressed.jpg\",\"articleSection\":[\"BRASIL \/ MUNDO\",\"MANCHETE SEGUND\u00c1RIA\"],\"inLanguage\":\"pt-BR\",\"potentialAction\":[{\"@type\":\"CommentAction\",\"name\":\"Comment\",\"target\":[\"https:\/\/cleitonpinheiro.com.br\/site\/homem-ataca-creche-e-mata-4-criancas-em-sc-e-depois-se-entrega-em-batalhao-da-policia-militar\/#respond\"]}]},{\"@type\":\"WebPage\",\"@id\":\"https:\/\/cleitonpinheiro.com.br\/site\/homem-ataca-creche-e-mata-4-criancas-em-sc-e-depois-se-entrega-em-batalhao-da-policia-militar\/\",\"url\":\"https:\/\/cleitonpinheiro.com.br\/site\/homem-ataca-creche-e-mata-4-criancas-em-sc-e-depois-se-entrega-em-batalhao-da-policia-militar\/\",\"name\":\"Homem ataca creche e mata quatro crian\u00e7as em SC e depois se entrega em batalh\u00e3o da PM - PORTAL DE NOT\u00cdCIAS CLEITON PINHEIRO\",\"isPartOf\":{\"@id\":\"https:\/\/cleitonpinheiro.com.br\/site\/#website\"},\"primaryImageOfPage\":{\"@id\":\"https:\/\/cleitonpinheiro.com.br\/site\/homem-ataca-creche-e-mata-4-criancas-em-sc-e-depois-se-entrega-em-batalhao-da-policia-militar\/#primaryimage\"},\"image\":{\"@id\":\"https:\/\/cleitonpinheiro.com.br\/site\/homem-ataca-creche-e-mata-4-criancas-em-sc-e-depois-se-entrega-em-batalhao-da-policia-militar\/#primaryimage\"},\"thumbnailUrl\":\"https:\/\/cleitonpinheiro.com.br\/site\/wp-content\/uploads\/2023\/04\/Design-sem-nome-2023-04-05T113553-compressed.jpg\",\"datePublished\":\"2023-04-05T14:36:34+00:00\",\"dateModified\":\"2023-04-05T14:50:17+00:00\",\"breadcrumb\":{\"@id\":\"https:\/\/cleitonpinheiro.com.br\/site\/homem-ataca-creche-e-mata-4-criancas-em-sc-e-depois-se-entrega-em-batalhao-da-policia-militar\/#breadcrumb\"},\"inLanguage\":\"pt-BR\",\"potentialAction\":[{\"@type\":\"ReadAction\",\"target\":[\"https:\/\/cleitonpinheiro.com.br\/site\/homem-ataca-creche-e-mata-4-criancas-em-sc-e-depois-se-entrega-em-batalhao-da-policia-militar\/\"]}]},{\"@type\":\"ImageObject\",\"inLanguage\":\"pt-BR\",\"@id\":\"https:\/\/cleitonpinheiro.com.br\/site\/homem-ataca-creche-e-mata-4-criancas-em-sc-e-depois-se-entrega-em-batalhao-da-policia-militar\/#primaryimage\",\"url\":\"\",\"contentUrl\":\"\"},{\"@type\":\"BreadcrumbList\",\"@id\":\"https:\/\/cleitonpinheiro.com.br\/site\/homem-ataca-creche-e-mata-4-criancas-em-sc-e-depois-se-entrega-em-batalhao-da-policia-militar\/#breadcrumb\",\"itemListElement\":[{\"@type\":\"ListItem\",\"position\":1,\"name\":\"In\u00edcio\",\"item\":\"https:\/\/cleitonpinheiro.com.br\/site\/\"},{\"@type\":\"ListItem\",\"position\":2,\"name\":\"Homem ataca creche e mata quatro crian\u00e7as em SC e depois se entrega em batalh\u00e3o da PM\"}]},{\"@type\":\"WebSite\",\"@id\":\"https:\/\/cleitonpinheiro.com.br\/site\/#website\",\"url\":\"https:\/\/cleitonpinheiro.com.br\/site\/\",\"name\":\"PORTAL DE NOT\u00cdCIAS CLEITON PINHEIRO\",\"description\":\"FALANDO A VERDADE\",\"publisher\":{\"@id\":\"https:\/\/cleitonpinheiro.com.br\/site\/#organization\"},\"potentialAction\":[{\"@type\":\"SearchAction\",\"target\":{\"@type\":\"EntryPoint\",\"urlTemplate\":\"https:\/\/cleitonpinheiro.com.br\/site\/?s={search_term_string}\"},\"query-input\":{\"@type\":\"PropertyValueSpecification\",\"valueRequired\":true,\"valueName\":\"search_term_string\"}}],\"inLanguage\":\"pt-BR\"},{\"@type\":\"Organization\",\"@id\":\"https:\/\/cleitonpinheiro.com.br\/site\/#organization\",\"name\":\"CPNOT\u00cdCIAS\",\"url\":\"https:\/\/cleitonpinheiro.com.br\/site\/\",\"logo\":{\"@type\":\"ImageObject\",\"inLanguage\":\"pt-BR\",\"@id\":\"https:\/\/cleitonpinheiro.com.br\/site\/#\/schema\/logo\/image\/\",\"url\":\"https:\/\/cleitonpinheiro.com.br\/site\/wp-content\/uploads\/2022\/08\/Logo-pequena-2.png\",\"contentUrl\":\"https:\/\/cleitonpinheiro.com.br\/site\/wp-content\/uploads\/2022\/08\/Logo-pequena-2.png\",\"width\":500,\"height\":500,\"caption\":\"CPNOT\u00cdCIAS\"},\"image\":{\"@id\":\"https:\/\/cleitonpinheiro.com.br\/site\/#\/schema\/logo\/image\/\"},\"sameAs\":[\"https:\/\/www.facebook.com\/portalcpnoticias\/\"]},{\"@type\":\"Person\",\"@id\":\"https:\/\/cleitonpinheiro.com.br\/site\/#\/schema\/person\/aac6d7f311e80c43042e98a900b03cd8\",\"name\":\"Dermival Pereira\",\"image\":{\"@type\":\"ImageObject\",\"inLanguage\":\"pt-BR\",\"@id\":\"https:\/\/cleitonpinheiro.com.br\/site\/#\/schema\/person\/image\/\",\"url\":\"https:\/\/secure.gravatar.com\/avatar\/cfaebf3742d6bf8db728bcba3eed6bee37b02337a2e6c822994f20ca72a3784d?s=96&r=g\",\"contentUrl\":\"https:\/\/secure.gravatar.com\/avatar\/cfaebf3742d6bf8db728bcba3eed6bee37b02337a2e6c822994f20ca72a3784d?s=96&r=g\",\"caption\":\"Dermival Pereira\"},\"url\":\"https:\/\/cleitonpinheiro.com.br\/site\/author\/dermival\/\"}]}<\/script>\n<!-- \/ Yoast SEO plugin. -->","yoast_head_json":{"title":"Homem ataca creche e mata quatro crian\u00e7as em SC e depois se entrega em batalh\u00e3o da PM - PORTAL DE NOT\u00cdCIAS CLEITON PINHEIRO","robots":{"index":"index","follow":"follow","max-snippet":"max-snippet:-1","max-image-preview":"max-image-preview:large","max-video-preview":"max-video-preview:-1"},"canonical":"https:\/\/cleitonpinheiro.com.br\/site\/homem-ataca-creche-e-mata-4-criancas-em-sc-e-depois-se-entrega-em-batalhao-da-policia-militar\/","og_locale":"pt_BR","og_type":"article","og_title":"Homem ataca creche e mata quatro crian\u00e7as em SC e depois se entrega em batalh\u00e3o da PM - PORTAL DE NOT\u00cdCIAS CLEITON PINHEIRO","og_description":"Creche foi alvo de ataque em Blumenau, SC, nesta quarta-feira (5)Foto: Divulga\u00e7\u00e3o\/CBMSC Uma creche foi alvo de ataque na manh\u00e3 desta quarta-feira, 5,\u00a0em\u00a0Blumenau, em Santa Catarina, segundo informado pelo Corpo de Bombeiros.\u00a0Ao menos quatro crian\u00e7as foram mortas, sendo tr\u00eas meninas e uma menina\u00a0entre\u00a05 a 7 anos,\u00a0e outras tr\u00eas teriam ficado feridas, sendo conduzidas ao hospital [&hellip;]","og_url":"https:\/\/cleitonpinheiro.com.br\/site\/homem-ataca-creche-e-mata-4-criancas-em-sc-e-depois-se-entrega-em-batalhao-da-policia-militar\/","og_site_name":"PORTAL DE NOT\u00cdCIAS CLEITON PINHEIRO","article_publisher":"https:\/\/www.facebook.com\/portalcpnoticias\/","article_published_time":"2023-04-05T14:36:34+00:00","article_modified_time":"2023-04-05T14:50:17+00:00","og_image":[{"width":750,"height":450,"url":"https:\/\/cleitonpinheiro.com.br\/site\/wp-content\/uploads\/2023\/04\/Design-sem-nome-2023-04-05T113553-compressed.jpg","type":"image\/jpeg"}],"author":"Dermival Pereira","twitter_card":"summary_large_image","twitter_misc":{"Escrito por":"Dermival Pereira","Est. tempo de leitura":"2 minutos"},"schema":{"@context":"https:\/\/schema.org","@graph":[{"@type":"Article","@id":"https:\/\/cleitonpinheiro.com.br\/site\/homem-ataca-creche-e-mata-4-criancas-em-sc-e-depois-se-entrega-em-batalhao-da-policia-militar\/#article","isPartOf":{"@id":"https:\/\/cleitonpinheiro.com.br\/site\/homem-ataca-creche-e-mata-4-criancas-em-sc-e-depois-se-entrega-em-batalhao-da-policia-militar\/"},"author":{"name":"Dermival Pereira","@id":"https:\/\/cleitonpinheiro.com.br\/site\/#\/schema\/person\/aac6d7f311e80c43042e98a900b03cd8"},"headline":"Homem ataca creche e mata quatro crian\u00e7as em SC e depois se entrega em batalh\u00e3o da PM","datePublished":"2023-04-05T14:36:34+00:00","dateModified":"2023-04-05T14:50:17+00:00","mainEntityOfPage":{"@id":"https:\/\/cleitonpinheiro.com.br\/site\/homem-ataca-creche-e-mata-4-criancas-em-sc-e-depois-se-entrega-em-batalhao-da-policia-militar\/"},"wordCount":320,"commentCount":0,"publisher":{"@id":"https:\/\/cleitonpinheiro.com.br\/site\/#organization"},"image":{"@id":"https:\/\/cleitonpinheiro.com.br\/site\/homem-ataca-creche-e-mata-4-criancas-em-sc-e-depois-se-entrega-em-batalhao-da-policia-militar\/#primaryimage"},"thumbnailUrl":"https:\/\/cleitonpinheiro.com.br\/site\/wp-content\/uploads\/2023\/04\/Design-sem-nome-2023-04-05T113553-compressed.jpg","articleSection":["BRASIL \/ MUNDO","MANCHETE SEGUND\u00c1RIA"],"inLanguage":"pt-BR","potentialAction":[{"@type":"CommentAction","name":"Comment","target":["https:\/\/cleitonpinheiro.com.br\/site\/homem-ataca-creche-e-mata-4-criancas-em-sc-e-depois-se-entrega-em-batalhao-da-policia-militar\/#respond"]}]},{"@type":"WebPage","@id":"https:\/\/cleitonpinheiro.com.br\/site\/homem-ataca-creche-e-mata-4-criancas-em-sc-e-depois-se-entrega-em-batalhao-da-policia-militar\/","url":"https:\/\/cleitonpinheiro.com.br\/site\/homem-ataca-creche-e-mata-4-criancas-em-sc-e-depois-se-entrega-em-batalhao-da-policia-militar\/","name":"Homem ataca creche e mata quatro crian\u00e7as em SC e depois se entrega em batalh\u00e3o da PM - PORTAL DE NOT\u00cdCIAS CLEITON PINHEIRO","isPartOf":{"@id":"https:\/\/cleitonpinheiro.com.br\/site\/#website"},"primaryImageOfPage":{"@id":"https:\/\/cleitonpinheiro.com.br\/site\/homem-ataca-creche-e-mata-4-criancas-em-sc-e-depois-se-entrega-em-batalhao-da-policia-militar\/#primaryimage"},"image":{"@id":"https:\/\/cleitonpinheiro.com.br\/site\/homem-ataca-creche-e-mata-4-criancas-em-sc-e-depois-se-entrega-em-batalhao-da-policia-militar\/#primaryimage"},"thumbnailUrl":"https:\/\/cleitonpinheiro.com.br\/site\/wp-content\/uploads\/2023\/04\/Design-sem-nome-2023-04-05T113553-compressed.jpg","datePublished":"2023-04-05T14:36:34+00:00","dateModified":"2023-04-05T14:50:17+00:00","breadcrumb":{"@id":"https:\/\/cleitonpinheiro.com.br\/site\/homem-ataca-creche-e-mata-4-criancas-em-sc-e-depois-se-entrega-em-batalhao-da-policia-militar\/#breadcrumb"},"inLanguage":"pt-BR","potentialAction":[{"@type":"ReadAction","target":["https:\/\/cleitonpinheiro.com.br\/site\/homem-ataca-creche-e-mata-4-criancas-em-sc-e-depois-se-entrega-em-batalhao-da-policia-militar\/"]}]},{"@type":"ImageObject","inLanguage":"pt-BR","@id":"https:\/\/cleitonpinheiro.com.br\/site\/homem-ataca-creche-e-mata-4-criancas-em-sc-e-depois-se-entrega-em-batalhao-da-policia-militar\/#primaryimage","url":"","contentUrl":""},{"@type":"BreadcrumbList","@id":"https:\/\/cleitonpinheiro.com.br\/site\/homem-ataca-creche-e-mata-4-criancas-em-sc-e-depois-se-entrega-em-batalhao-da-policia-militar\/#breadcrumb","itemListElement":[{"@type":"ListItem","position":1,"name":"In\u00edcio","item":"https:\/\/cleitonpinheiro.com.br\/site\/"},{"@type":"ListItem","position":2,"name":"Homem ataca creche e mata quatro crian\u00e7as em SC e depois se entrega em batalh\u00e3o da PM"}]},{"@type":"WebSite","@id":"https:\/\/cleitonpinheiro.com.br\/site\/#website","url":"https:\/\/cleitonpinheiro.com.br\/site\/","name":"PORTAL DE NOT\u00cdCIAS CLEITON PINHEIRO","description":"FALANDO A VERDADE","publisher":{"@id":"https:\/\/cleitonpinheiro.com.br\/site\/#organization"},"potentialAction":[{"@type":"SearchAction","target":{"@type":"EntryPoint","urlTemplate":"https:\/\/cleitonpinheiro.com.br\/site\/?s={search_term_string}"},"query-input":{"@type":"PropertyValueSpecification","valueRequired":true,"valueName":"search_term_string"}}],"inLanguage":"pt-BR"},{"@type":"Organization","@id":"https:\/\/cleitonpinheiro.com.br\/site\/#organization","name":"CPNOT\u00cdCIAS","url":"https:\/\/cleitonpinheiro.com.br\/site\/","logo":{"@type":"ImageObject","inLanguage":"pt-BR","@id":"https:\/\/cleitonpinheiro.com.br\/site\/#\/schema\/logo\/image\/","url":"https:\/\/cleitonpinheiro.com.br\/site\/wp-content\/uploads\/2022\/08\/Logo-pequena-2.png","contentUrl":"https:\/\/cleitonpinheiro.com.br\/site\/wp-content\/uploads\/2022\/08\/Logo-pequena-2.png","width":500,"height":500,"caption":"CPNOT\u00cdCIAS"},"image":{"@id":"https:\/\/cleitonpinheiro.com.br\/site\/#\/schema\/logo\/image\/"},"sameAs":["https:\/\/www.facebook.com\/portalcpnoticias\/"]},{"@type":"Person","@id":"https:\/\/cleitonpinheiro.com.br\/site\/#\/schema\/person\/aac6d7f311e80c43042e98a900b03cd8","name":"Dermival Pereira","image":{"@type":"ImageObject","inLanguage":"pt-BR","@id":"https:\/\/cleitonpinheiro.com.br\/site\/#\/schema\/person\/image\/","url":"https:\/\/secure.gravatar.com\/avatar\/cfaebf3742d6bf8db728bcba3eed6bee37b02337a2e6c822994f20ca72a3784d?s=96&r=g","contentUrl":"https:\/\/secure.gravatar.com\/avatar\/cfaebf3742d6bf8db728bcba3eed6bee37b02337a2e6c822994f20ca72a3784d?s=96&r=g","caption":"Dermival Pereira"},"url":"https:\/\/cleitonpinheiro.com.br\/site\/author\/dermival\/"}]}},"views":343,"_links":{"self":[{"href":"https:\/\/cleitonpinheiro.com.br\/site\/wp-json\/wp\/v2\/posts\/69913","targetHints":{"allow":["GET"]}}],"collection":[{"href":"https:\/\/cleitonpinheiro.com.br\/site\/wp-json\/wp\/v2\/posts"}],"about":[{"href":"https:\/\/cleitonpinheiro.com.br\/site\/wp-json\/wp\/v2\/types\/post"}],"author":[{"embeddable":true,"href":"https:\/\/cleitonpinheiro.com.br\/site\/wp-json\/wp\/v2\/users\/4"}],"replies":[{"embeddable":true,"href":"https:\/\/cleitonpinheiro.com.br\/site\/wp-json\/wp\/v2\/comments?post=69913"}],"version-history":[{"count":4,"href":"https:\/\/cleitonpinheiro.com.br\/site\/wp-json\/wp\/v2\/posts\/69913\/revisions"}],"predecessor-version":[{"id":69922,"href":"https:\/\/cleitonpinheiro.com.br\/site\/wp-json\/wp\/v2\/posts\/69913\/revisions\/69922"}],"wp:attachment":[{"href":"https:\/\/cleitonpinheiro.com.br\/site\/wp-json\/wp\/v2\/media?parent=69913"}],"wp:term":[{"taxonomy":"category","embeddable":true,"href":"https:\/\/cleitonpinheiro.com.br\/site\/wp-json\/wp\/v2\/categories?post=69913"},{"taxonomy":"post_tag","embeddable":true,"href":"https:\/\/cleitonpinheiro.com.br\/site\/wp-json\/wp\/v2\/tags?post=69913"}],"curies":[{"name":"wp","href":"https:\/\/api.w.org\/{rel}","templated":true}]}}