{"id":69926,"date":"2023-04-05T15:13:53","date_gmt":"2023-04-05T18:13:53","guid":{"rendered":"https:\/\/cleitonpinheiro.com.br\/site\/?p=69926"},"modified":"2023-04-05T15:14:49","modified_gmt":"2023-04-05T18:14:49","slug":"vunesp-divulga-gabarito-da-1a-etapa-do-concurso-da-guarda-metropolitana-nesta-quarta-feira","status":"publish","type":"post","link":"https:\/\/cleitonpinheiro.com.br\/site\/vunesp-divulga-gabarito-da-1a-etapa-do-concurso-da-guarda-metropolitana-nesta-quarta-feira\/","title":{"rendered":"Vunesp divulga gabarito do concurso da Guarda Metropolitana de Palmas nesta quarta-feira"},"content":{"rendered":"\n<figure class=\"wp-block-image size-full is-resized\"><img fetchpriority=\"high\" decoding=\"async\" src=\"https:\/\/cleitonpinheiro.com.br\/site\/wp-content\/uploads\/2023\/04\/Design-sem-nome-2023-04-05T151300-compressed.jpg\" alt=\"\" class=\"wp-image-69927\" width=\"1019\" height=\"611\"\/><\/figure>\n\n\n\n<p>O gabarito das provas objetivas do concurso p\u00fablico da Guarda Metropolitana de Palmas (GMP), foi divulgado nesta quarta, 5, no site da Funda\u00e7\u00e3o Vunesp. Para acessar&nbsp;<a href=\"https:\/\/u27764309.ct.sendgrid.net\/ls\/click?upn=7vvcAj0XtsZ3UvyGky7PZWBRxfAYlEYim5dbqmHDKzo0-2F5t4T-2Bzgi7a2oeP7EuA2IyJsM7Kb7bMP0JSvcANSYekQRKaFxFXD8d9sJS4oE7o-3D_04i_5vZW9TUpmMR2VHNSGp3SeRgQ0JOh7OgSw25yO-2BVcNdzeZ6mssgrobaROjVmgJcG6BcYlJEt08Ab7iasWSKHVH4OeK3Q0mNZUvPYc6nvyw4vV1kuuQid3Jt2BcQ-2Fe8daOKgeEKoPBWAaAXuSn2HWi2go728X8AEOZKa1VcDalwQEqnwfhmZy-2BCFpyjyuM4AnJ8-2FTFizNemjYX5xKQqz-2FpbIty509SvYPyxJ5edOUvTwE-3D\" target=\"_blank\" rel=\"noreferrer noopener\">clique aqui<\/a>. As provas objetivas foram aplicadas em 2 de abril, e, ao todo, o certame oferta 100 vagas para o cargo de guarda metropolitano.&nbsp;<\/p>\n\n\n\n<p>A interposi\u00e7\u00e3o de recursos contra o gabarito ser\u00e3o aceitas&nbsp;<a href=\"https:\/\/u27764309.ct.sendgrid.net\/ls\/click?upn=7vvcAj0XtsZ3UvyGky7PZTwkXQPhiFl-2BQmrgXnsE5nOW-2BZXWGpNLMKcJ6riFcpzZE19CKDhdZ5pgonB9N6v0oT-2F6y97nKQRHwqkym8BEpsh01PesL1nrpPUJhGWPQTi3kLDqvUmcfb8QQlH70gV5kw-3D-3DFcaf_5vZW9TUpmMR2VHNSGp3SeRgQ0JOh7OgSw25yO-2BVcNdzeZ6mssgrobaROjVmgJcG6BcYlJEt08Ab7iasWSKHVH7a1EpIpmZE7zYy0e0ZjeOlZkw0N-2FSY11bHP3oBS7b6xA68wg1dK9sHWM8-2B1-2FtsSYKR1ULk4NJTestuq4noMAg-2Bx5EpukQ4VDh7ct8i78Ldmb-2F1JAd8QA0By0CWpjNCZa3XBr5lHekr6eQ-2BfRjIrgQA-3D\" target=\"_blank\" rel=\"noreferrer noopener\">via sistema<\/a>, somente nos dias 6 e 10 de abril por serem dias \u00fateis conforme especificado em edital.<\/p>\n\n\n\n<p><strong>Confira abaixo:<\/strong><\/p>\n\n\n\n<p>Quinta-feira, 6,\u00a0\u00a0das 10 horas,\u00a0 \u00e0s 23h59;\u00a0<br>Segunda-feira, 10,\u00a0das 10 horas, \u00e0s 23h59.\u00a0<\/p>\n\n\n\n<p>A divulga\u00e7\u00e3o do resultado final do concurso est\u00e1 prevista para o m\u00eas de abril, ainda sem data espec\u00edfica. Segundo a banca, ser\u00e1 aproximadamente na quarta semana do m\u00eas. Todas as atualiza\u00e7\u00f5es sobre os avan\u00e7os para as novas fases podem ser conferidas tamb\u00e9m no Di\u00e1rio Oficial do Munic\u00edpio de Palmas (DOM).<\/p>\n\n\n\n<p><strong>Absten\u00e7\u00e3o<\/strong><\/p>\n\n\n\n<p>Um total de 4.275 pessoas, o que corresponde a aproximadamente 28% do total de 15.741 candidatos inscritos, deixaram de concluir a primeira fase do certame. <strong><em>(Fonte: Secom de Palmas). <\/em><\/strong><\/p>\n","protected":false},"excerpt":{"rendered":"<p>O gabarito das provas objetivas do concurso p\u00fablico da Guarda Metropolitana de Palmas (GMP), foi divulgado nesta quarta, 5, no site da Funda\u00e7\u00e3o Vunesp. Para acessar&nbsp;clique aqui. As provas objetivas foram aplicadas em 2 de abril, e, ao todo, o certame oferta 100 vagas para o cargo de guarda metropolitano.&nbsp; A interposi\u00e7\u00e3o de recursos contra [&hellip;]<\/p>\n","protected":false},"author":4,"featured_media":0,"comment_status":"open","ping_status":"open","sticky":false,"template":"","format":"standard","meta":{"_acf_changed":false,"footnotes":""},"categories":[22,898],"tags":[],"class_list":["post-69926","post","type-post","status-publish","format-standard","hentry","category-cidades","category-manchete-segundaria"],"acf":[],"yoast_head":"<!-- This site is optimized with the Yoast SEO plugin v24.4 - https:\/\/yoast.com\/wordpress\/plugins\/seo\/ -->\n<title>Vunesp divulga gabarito do concurso da Guarda Metropolitana de Palmas nesta quarta-feira - PORTAL DE NOT\u00cdCIAS CLEITON PINHEIRO<\/title>\n<meta name=\"robots\" content=\"index, follow, max-snippet:-1, max-image-preview:large, max-video-preview:-1\" \/>\n<link rel=\"canonical\" href=\"https:\/\/cleitonpinheiro.com.br\/site\/vunesp-divulga-gabarito-da-1a-etapa-do-concurso-da-guarda-metropolitana-nesta-quarta-feira\/\" \/>\n<meta property=\"og:locale\" content=\"pt_BR\" \/>\n<meta property=\"og:type\" content=\"article\" \/>\n<meta property=\"og:title\" content=\"Vunesp divulga gabarito do concurso da Guarda Metropolitana de Palmas nesta quarta-feira - PORTAL DE NOT\u00cdCIAS CLEITON PINHEIRO\" \/>\n<meta property=\"og:description\" content=\"O gabarito das provas objetivas do concurso p\u00fablico da Guarda Metropolitana de Palmas (GMP), foi divulgado nesta quarta, 5, no site da Funda\u00e7\u00e3o Vunesp. Para acessar&nbsp;clique aqui. As provas objetivas foram aplicadas em 2 de abril, e, ao todo, o certame oferta 100 vagas para o cargo de guarda metropolitano.&nbsp; A interposi\u00e7\u00e3o de recursos contra [&hellip;]\" \/>\n<meta property=\"og:url\" content=\"https:\/\/cleitonpinheiro.com.br\/site\/vunesp-divulga-gabarito-da-1a-etapa-do-concurso-da-guarda-metropolitana-nesta-quarta-feira\/\" \/>\n<meta property=\"og:site_name\" content=\"PORTAL DE NOT\u00cdCIAS CLEITON PINHEIRO\" \/>\n<meta property=\"article:publisher\" content=\"https:\/\/www.facebook.com\/portalcpnoticias\/\" \/>\n<meta property=\"article:published_time\" content=\"2023-04-05T18:13:53+00:00\" \/>\n<meta property=\"article:modified_time\" content=\"2023-04-05T18:14:49+00:00\" \/>\n<meta property=\"og:image\" content=\"https:\/\/cleitonpinheiro.com.br\/site\/wp-content\/uploads\/2023\/04\/Design-sem-nome-2023-04-05T151300-compressed.jpg\" \/>\n\t<meta property=\"og:image:width\" content=\"750\" \/>\n\t<meta property=\"og:image:height\" content=\"450\" \/>\n\t<meta property=\"og:image:type\" content=\"image\/jpeg\" \/>\n<meta name=\"author\" content=\"Dermival Pereira\" \/>\n<meta name=\"twitter:card\" content=\"summary_large_image\" \/>\n<meta name=\"twitter:label1\" content=\"Escrito por\" \/>\n\t<meta name=\"twitter:data1\" content=\"Dermival Pereira\" \/>\n\t<meta name=\"twitter:label2\" content=\"Est. tempo de leitura\" \/>\n\t<meta name=\"twitter:data2\" content=\"1 minuto\" \/>\n<script type=\"application\/ld+json\" class=\"yoast-schema-graph\">{\"@context\":\"https:\/\/schema.org\",\"@graph\":[{\"@type\":\"Article\",\"@id\":\"https:\/\/cleitonpinheiro.com.br\/site\/vunesp-divulga-gabarito-da-1a-etapa-do-concurso-da-guarda-metropolitana-nesta-quarta-feira\/#article\",\"isPartOf\":{\"@id\":\"https:\/\/cleitonpinheiro.com.br\/site\/vunesp-divulga-gabarito-da-1a-etapa-do-concurso-da-guarda-metropolitana-nesta-quarta-feira\/\"},\"author\":{\"name\":\"Dermival Pereira\",\"@id\":\"https:\/\/cleitonpinheiro.com.br\/site\/#\/schema\/person\/aac6d7f311e80c43042e98a900b03cd8\"},\"headline\":\"Vunesp divulga gabarito do concurso da Guarda Metropolitana de Palmas nesta quarta-feira\",\"datePublished\":\"2023-04-05T18:13:53+00:00\",\"dateModified\":\"2023-04-05T18:14:49+00:00\",\"mainEntityOfPage\":{\"@id\":\"https:\/\/cleitonpinheiro.com.br\/site\/vunesp-divulga-gabarito-da-1a-etapa-do-concurso-da-guarda-metropolitana-nesta-quarta-feira\/\"},\"wordCount\":191,\"commentCount\":0,\"publisher\":{\"@id\":\"https:\/\/cleitonpinheiro.com.br\/site\/#organization\"},\"image\":{\"@id\":\"https:\/\/cleitonpinheiro.com.br\/site\/vunesp-divulga-gabarito-da-1a-etapa-do-concurso-da-guarda-metropolitana-nesta-quarta-feira\/#primaryimage\"},\"thumbnailUrl\":\"https:\/\/cleitonpinheiro.com.br\/site\/wp-content\/uploads\/2023\/04\/Design-sem-nome-2023-04-05T151300-compressed.jpg\",\"articleSection\":[\"CIDADES\",\"MANCHETE SEGUND\u00c1RIA\"],\"inLanguage\":\"pt-BR\",\"potentialAction\":[{\"@type\":\"CommentAction\",\"name\":\"Comment\",\"target\":[\"https:\/\/cleitonpinheiro.com.br\/site\/vunesp-divulga-gabarito-da-1a-etapa-do-concurso-da-guarda-metropolitana-nesta-quarta-feira\/#respond\"]}]},{\"@type\":\"WebPage\",\"@id\":\"https:\/\/cleitonpinheiro.com.br\/site\/vunesp-divulga-gabarito-da-1a-etapa-do-concurso-da-guarda-metropolitana-nesta-quarta-feira\/\",\"url\":\"https:\/\/cleitonpinheiro.com.br\/site\/vunesp-divulga-gabarito-da-1a-etapa-do-concurso-da-guarda-metropolitana-nesta-quarta-feira\/\",\"name\":\"Vunesp divulga gabarito do concurso da Guarda Metropolitana de Palmas nesta quarta-feira - PORTAL DE NOT\u00cdCIAS CLEITON PINHEIRO\",\"isPartOf\":{\"@id\":\"https:\/\/cleitonpinheiro.com.br\/site\/#website\"},\"primaryImageOfPage\":{\"@id\":\"https:\/\/cleitonpinheiro.com.br\/site\/vunesp-divulga-gabarito-da-1a-etapa-do-concurso-da-guarda-metropolitana-nesta-quarta-feira\/#primaryimage\"},\"image\":{\"@id\":\"https:\/\/cleitonpinheiro.com.br\/site\/vunesp-divulga-gabarito-da-1a-etapa-do-concurso-da-guarda-metropolitana-nesta-quarta-feira\/#primaryimage\"},\"thumbnailUrl\":\"https:\/\/cleitonpinheiro.com.br\/site\/wp-content\/uploads\/2023\/04\/Design-sem-nome-2023-04-05T151300-compressed.jpg\",\"datePublished\":\"2023-04-05T18:13:53+00:00\",\"dateModified\":\"2023-04-05T18:14:49+00:00\",\"breadcrumb\":{\"@id\":\"https:\/\/cleitonpinheiro.com.br\/site\/vunesp-divulga-gabarito-da-1a-etapa-do-concurso-da-guarda-metropolitana-nesta-quarta-feira\/#breadcrumb\"},\"inLanguage\":\"pt-BR\",\"potentialAction\":[{\"@type\":\"ReadAction\",\"target\":[\"https:\/\/cleitonpinheiro.com.br\/site\/vunesp-divulga-gabarito-da-1a-etapa-do-concurso-da-guarda-metropolitana-nesta-quarta-feira\/\"]}]},{\"@type\":\"ImageObject\",\"inLanguage\":\"pt-BR\",\"@id\":\"https:\/\/cleitonpinheiro.com.br\/site\/vunesp-divulga-gabarito-da-1a-etapa-do-concurso-da-guarda-metropolitana-nesta-quarta-feira\/#primaryimage\",\"url\":\"\",\"contentUrl\":\"\"},{\"@type\":\"BreadcrumbList\",\"@id\":\"https:\/\/cleitonpinheiro.com.br\/site\/vunesp-divulga-gabarito-da-1a-etapa-do-concurso-da-guarda-metropolitana-nesta-quarta-feira\/#breadcrumb\",\"itemListElement\":[{\"@type\":\"ListItem\",\"position\":1,\"name\":\"In\u00edcio\",\"item\":\"https:\/\/cleitonpinheiro.com.br\/site\/\"},{\"@type\":\"ListItem\",\"position\":2,\"name\":\"Vunesp divulga gabarito do concurso da Guarda Metropolitana de Palmas nesta quarta-feira\"}]},{\"@type\":\"WebSite\",\"@id\":\"https:\/\/cleitonpinheiro.com.br\/site\/#website\",\"url\":\"https:\/\/cleitonpinheiro.com.br\/site\/\",\"name\":\"PORTAL DE NOT\u00cdCIAS CLEITON PINHEIRO\",\"description\":\"FALANDO A VERDADE\",\"publisher\":{\"@id\":\"https:\/\/cleitonpinheiro.com.br\/site\/#organization\"},\"potentialAction\":[{\"@type\":\"SearchAction\",\"target\":{\"@type\":\"EntryPoint\",\"urlTemplate\":\"https:\/\/cleitonpinheiro.com.br\/site\/?s={search_term_string}\"},\"query-input\":{\"@type\":\"PropertyValueSpecification\",\"valueRequired\":true,\"valueName\":\"search_term_string\"}}],\"inLanguage\":\"pt-BR\"},{\"@type\":\"Organization\",\"@id\":\"https:\/\/cleitonpinheiro.com.br\/site\/#organization\",\"name\":\"CPNOT\u00cdCIAS\",\"url\":\"https:\/\/cleitonpinheiro.com.br\/site\/\",\"logo\":{\"@type\":\"ImageObject\",\"inLanguage\":\"pt-BR\",\"@id\":\"https:\/\/cleitonpinheiro.com.br\/site\/#\/schema\/logo\/image\/\",\"url\":\"https:\/\/cleitonpinheiro.com.br\/site\/wp-content\/uploads\/2022\/08\/Logo-pequena-2.png\",\"contentUrl\":\"https:\/\/cleitonpinheiro.com.br\/site\/wp-content\/uploads\/2022\/08\/Logo-pequena-2.png\",\"width\":500,\"height\":500,\"caption\":\"CPNOT\u00cdCIAS\"},\"image\":{\"@id\":\"https:\/\/cleitonpinheiro.com.br\/site\/#\/schema\/logo\/image\/\"},\"sameAs\":[\"https:\/\/www.facebook.com\/portalcpnoticias\/\"]},{\"@type\":\"Person\",\"@id\":\"https:\/\/cleitonpinheiro.com.br\/site\/#\/schema\/person\/aac6d7f311e80c43042e98a900b03cd8\",\"name\":\"Dermival Pereira\",\"image\":{\"@type\":\"ImageObject\",\"inLanguage\":\"pt-BR\",\"@id\":\"https:\/\/cleitonpinheiro.com.br\/site\/#\/schema\/person\/image\/\",\"url\":\"https:\/\/secure.gravatar.com\/avatar\/cfaebf3742d6bf8db728bcba3eed6bee37b02337a2e6c822994f20ca72a3784d?s=96&r=g\",\"contentUrl\":\"https:\/\/secure.gravatar.com\/avatar\/cfaebf3742d6bf8db728bcba3eed6bee37b02337a2e6c822994f20ca72a3784d?s=96&r=g\",\"caption\":\"Dermival Pereira\"},\"url\":\"https:\/\/cleitonpinheiro.com.br\/site\/author\/dermival\/\"}]}<\/script>\n<!-- \/ Yoast SEO plugin. -->","yoast_head_json":{"title":"Vunesp divulga gabarito do concurso da Guarda Metropolitana de Palmas nesta quarta-feira - PORTAL DE NOT\u00cdCIAS CLEITON PINHEIRO","robots":{"index":"index","follow":"follow","max-snippet":"max-snippet:-1","max-image-preview":"max-image-preview:large","max-video-preview":"max-video-preview:-1"},"canonical":"https:\/\/cleitonpinheiro.com.br\/site\/vunesp-divulga-gabarito-da-1a-etapa-do-concurso-da-guarda-metropolitana-nesta-quarta-feira\/","og_locale":"pt_BR","og_type":"article","og_title":"Vunesp divulga gabarito do concurso da Guarda Metropolitana de Palmas nesta quarta-feira - PORTAL DE NOT\u00cdCIAS CLEITON PINHEIRO","og_description":"O gabarito das provas objetivas do concurso p\u00fablico da Guarda Metropolitana de Palmas (GMP), foi divulgado nesta quarta, 5, no site da Funda\u00e7\u00e3o Vunesp. Para acessar&nbsp;clique aqui. As provas objetivas foram aplicadas em 2 de abril, e, ao todo, o certame oferta 100 vagas para o cargo de guarda metropolitano.&nbsp; A interposi\u00e7\u00e3o de recursos contra [&hellip;]","og_url":"https:\/\/cleitonpinheiro.com.br\/site\/vunesp-divulga-gabarito-da-1a-etapa-do-concurso-da-guarda-metropolitana-nesta-quarta-feira\/","og_site_name":"PORTAL DE NOT\u00cdCIAS CLEITON PINHEIRO","article_publisher":"https:\/\/www.facebook.com\/portalcpnoticias\/","article_published_time":"2023-04-05T18:13:53+00:00","article_modified_time":"2023-04-05T18:14:49+00:00","og_image":[{"width":750,"height":450,"url":"https:\/\/cleitonpinheiro.com.br\/site\/wp-content\/uploads\/2023\/04\/Design-sem-nome-2023-04-05T151300-compressed.jpg","type":"image\/jpeg"}],"author":"Dermival Pereira","twitter_card":"summary_large_image","twitter_misc":{"Escrito por":"Dermival Pereira","Est. tempo de leitura":"1 minuto"},"schema":{"@context":"https:\/\/schema.org","@graph":[{"@type":"Article","@id":"https:\/\/cleitonpinheiro.com.br\/site\/vunesp-divulga-gabarito-da-1a-etapa-do-concurso-da-guarda-metropolitana-nesta-quarta-feira\/#article","isPartOf":{"@id":"https:\/\/cleitonpinheiro.com.br\/site\/vunesp-divulga-gabarito-da-1a-etapa-do-concurso-da-guarda-metropolitana-nesta-quarta-feira\/"},"author":{"name":"Dermival Pereira","@id":"https:\/\/cleitonpinheiro.com.br\/site\/#\/schema\/person\/aac6d7f311e80c43042e98a900b03cd8"},"headline":"Vunesp divulga gabarito do concurso da Guarda Metropolitana de Palmas nesta quarta-feira","datePublished":"2023-04-05T18:13:53+00:00","dateModified":"2023-04-05T18:14:49+00:00","mainEntityOfPage":{"@id":"https:\/\/cleitonpinheiro.com.br\/site\/vunesp-divulga-gabarito-da-1a-etapa-do-concurso-da-guarda-metropolitana-nesta-quarta-feira\/"},"wordCount":191,"commentCount":0,"publisher":{"@id":"https:\/\/cleitonpinheiro.com.br\/site\/#organization"},"image":{"@id":"https:\/\/cleitonpinheiro.com.br\/site\/vunesp-divulga-gabarito-da-1a-etapa-do-concurso-da-guarda-metropolitana-nesta-quarta-feira\/#primaryimage"},"thumbnailUrl":"https:\/\/cleitonpinheiro.com.br\/site\/wp-content\/uploads\/2023\/04\/Design-sem-nome-2023-04-05T151300-compressed.jpg","articleSection":["CIDADES","MANCHETE SEGUND\u00c1RIA"],"inLanguage":"pt-BR","potentialAction":[{"@type":"CommentAction","name":"Comment","target":["https:\/\/cleitonpinheiro.com.br\/site\/vunesp-divulga-gabarito-da-1a-etapa-do-concurso-da-guarda-metropolitana-nesta-quarta-feira\/#respond"]}]},{"@type":"WebPage","@id":"https:\/\/cleitonpinheiro.com.br\/site\/vunesp-divulga-gabarito-da-1a-etapa-do-concurso-da-guarda-metropolitana-nesta-quarta-feira\/","url":"https:\/\/cleitonpinheiro.com.br\/site\/vunesp-divulga-gabarito-da-1a-etapa-do-concurso-da-guarda-metropolitana-nesta-quarta-feira\/","name":"Vunesp divulga gabarito do concurso da Guarda Metropolitana de Palmas nesta quarta-feira - PORTAL DE NOT\u00cdCIAS CLEITON PINHEIRO","isPartOf":{"@id":"https:\/\/cleitonpinheiro.com.br\/site\/#website"},"primaryImageOfPage":{"@id":"https:\/\/cleitonpinheiro.com.br\/site\/vunesp-divulga-gabarito-da-1a-etapa-do-concurso-da-guarda-metropolitana-nesta-quarta-feira\/#primaryimage"},"image":{"@id":"https:\/\/cleitonpinheiro.com.br\/site\/vunesp-divulga-gabarito-da-1a-etapa-do-concurso-da-guarda-metropolitana-nesta-quarta-feira\/#primaryimage"},"thumbnailUrl":"https:\/\/cleitonpinheiro.com.br\/site\/wp-content\/uploads\/2023\/04\/Design-sem-nome-2023-04-05T151300-compressed.jpg","datePublished":"2023-04-05T18:13:53+00:00","dateModified":"2023-04-05T18:14:49+00:00","breadcrumb":{"@id":"https:\/\/cleitonpinheiro.com.br\/site\/vunesp-divulga-gabarito-da-1a-etapa-do-concurso-da-guarda-metropolitana-nesta-quarta-feira\/#breadcrumb"},"inLanguage":"pt-BR","potentialAction":[{"@type":"ReadAction","target":["https:\/\/cleitonpinheiro.com.br\/site\/vunesp-divulga-gabarito-da-1a-etapa-do-concurso-da-guarda-metropolitana-nesta-quarta-feira\/"]}]},{"@type":"ImageObject","inLanguage":"pt-BR","@id":"https:\/\/cleitonpinheiro.com.br\/site\/vunesp-divulga-gabarito-da-1a-etapa-do-concurso-da-guarda-metropolitana-nesta-quarta-feira\/#primaryimage","url":"","contentUrl":""},{"@type":"BreadcrumbList","@id":"https:\/\/cleitonpinheiro.com.br\/site\/vunesp-divulga-gabarito-da-1a-etapa-do-concurso-da-guarda-metropolitana-nesta-quarta-feira\/#breadcrumb","itemListElement":[{"@type":"ListItem","position":1,"name":"In\u00edcio","item":"https:\/\/cleitonpinheiro.com.br\/site\/"},{"@type":"ListItem","position":2,"name":"Vunesp divulga gabarito do concurso da Guarda Metropolitana de Palmas nesta quarta-feira"}]},{"@type":"WebSite","@id":"https:\/\/cleitonpinheiro.com.br\/site\/#website","url":"https:\/\/cleitonpinheiro.com.br\/site\/","name":"PORTAL DE NOT\u00cdCIAS CLEITON PINHEIRO","description":"FALANDO A VERDADE","publisher":{"@id":"https:\/\/cleitonpinheiro.com.br\/site\/#organization"},"potentialAction":[{"@type":"SearchAction","target":{"@type":"EntryPoint","urlTemplate":"https:\/\/cleitonpinheiro.com.br\/site\/?s={search_term_string}"},"query-input":{"@type":"PropertyValueSpecification","valueRequired":true,"valueName":"search_term_string"}}],"inLanguage":"pt-BR"},{"@type":"Organization","@id":"https:\/\/cleitonpinheiro.com.br\/site\/#organization","name":"CPNOT\u00cdCIAS","url":"https:\/\/cleitonpinheiro.com.br\/site\/","logo":{"@type":"ImageObject","inLanguage":"pt-BR","@id":"https:\/\/cleitonpinheiro.com.br\/site\/#\/schema\/logo\/image\/","url":"https:\/\/cleitonpinheiro.com.br\/site\/wp-content\/uploads\/2022\/08\/Logo-pequena-2.png","contentUrl":"https:\/\/cleitonpinheiro.com.br\/site\/wp-content\/uploads\/2022\/08\/Logo-pequena-2.png","width":500,"height":500,"caption":"CPNOT\u00cdCIAS"},"image":{"@id":"https:\/\/cleitonpinheiro.com.br\/site\/#\/schema\/logo\/image\/"},"sameAs":["https:\/\/www.facebook.com\/portalcpnoticias\/"]},{"@type":"Person","@id":"https:\/\/cleitonpinheiro.com.br\/site\/#\/schema\/person\/aac6d7f311e80c43042e98a900b03cd8","name":"Dermival Pereira","image":{"@type":"ImageObject","inLanguage":"pt-BR","@id":"https:\/\/cleitonpinheiro.com.br\/site\/#\/schema\/person\/image\/","url":"https:\/\/secure.gravatar.com\/avatar\/cfaebf3742d6bf8db728bcba3eed6bee37b02337a2e6c822994f20ca72a3784d?s=96&r=g","contentUrl":"https:\/\/secure.gravatar.com\/avatar\/cfaebf3742d6bf8db728bcba3eed6bee37b02337a2e6c822994f20ca72a3784d?s=96&r=g","caption":"Dermival Pereira"},"url":"https:\/\/cleitonpinheiro.com.br\/site\/author\/dermival\/"}]}},"views":260,"_links":{"self":[{"href":"https:\/\/cleitonpinheiro.com.br\/site\/wp-json\/wp\/v2\/posts\/69926","targetHints":{"allow":["GET"]}}],"collection":[{"href":"https:\/\/cleitonpinheiro.com.br\/site\/wp-json\/wp\/v2\/posts"}],"about":[{"href":"https:\/\/cleitonpinheiro.com.br\/site\/wp-json\/wp\/v2\/types\/post"}],"author":[{"embeddable":true,"href":"https:\/\/cleitonpinheiro.com.br\/site\/wp-json\/wp\/v2\/users\/4"}],"replies":[{"embeddable":true,"href":"https:\/\/cleitonpinheiro.com.br\/site\/wp-json\/wp\/v2\/comments?post=69926"}],"version-history":[{"count":3,"href":"https:\/\/cleitonpinheiro.com.br\/site\/wp-json\/wp\/v2\/posts\/69926\/revisions"}],"predecessor-version":[{"id":69930,"href":"https:\/\/cleitonpinheiro.com.br\/site\/wp-json\/wp\/v2\/posts\/69926\/revisions\/69930"}],"wp:attachment":[{"href":"https:\/\/cleitonpinheiro.com.br\/site\/wp-json\/wp\/v2\/media?parent=69926"}],"wp:term":[{"taxonomy":"category","embeddable":true,"href":"https:\/\/cleitonpinheiro.com.br\/site\/wp-json\/wp\/v2\/categories?post=69926"},{"taxonomy":"post_tag","embeddable":true,"href":"https:\/\/cleitonpinheiro.com.br\/site\/wp-json\/wp\/v2\/tags?post=69926"}],"curies":[{"name":"wp","href":"https:\/\/api.w.org\/{rel}","templated":true}]}}