{"id":69935,"date":"2023-04-05T16:37:05","date_gmt":"2023-04-05T19:37:05","guid":{"rendered":"https:\/\/cleitonpinheiro.com.br\/site\/?p=69935"},"modified":"2023-04-05T16:37:06","modified_gmt":"2023-04-05T19:37:06","slug":"ministro-gilmar-mendes-do-stf-suspende-a-presuncao-da-boa-fe-no-comercio-do-ouro","status":"publish","type":"post","link":"https:\/\/cleitonpinheiro.com.br\/site\/ministro-gilmar-mendes-do-stf-suspende-a-presuncao-da-boa-fe-no-comercio-do-ouro\/","title":{"rendered":"Ministro Gilmar Mendes, do STF, suspende a presun\u00e7\u00e3o da boa-f\u00e9 no com\u00e9rcio do ouro"},"content":{"rendered":"\n<figure class=\"wp-block-image size-full is-resized\"><img fetchpriority=\"high\" decoding=\"async\" src=\"https:\/\/cleitonpinheiro.com.br\/site\/wp-content\/uploads\/2023\/04\/Design-sem-nome-2023-04-05T163616-compressed.jpg\" alt=\"\" class=\"wp-image-69936\" width=\"1020\" height=\"612\"\/><\/figure>\n\n\n\n<p>A presun\u00e7\u00e3o da boa-f\u00e9 permite que os compradores de ouro retirado dos garimpos &#8212; as Distribuidoras de T\u00edtulos e Valores Mobili\u00e1rios &#8211; apresentem como garantia de proced\u00eancia apenas a palavra do garimpeiro de que a extra\u00e7\u00e3o foi feita em \u00e1rea legal, ficando livres de qualquer responsabilidade caso seja provado o contr\u00e1rio. Ou melhor: permitia. O ministro do Supremo Tribunal Federal (STF) Gilmar Mendes suspendeu a boa-f\u00e9 por entender que, neste caso, a legisla\u00e7\u00e3o \u201cinviabilizou o monitoramento privado ao desresponsabilizar o comprador, o que incentivou o mercado ilegal, levando ao crescimento da degrada\u00e7\u00e3o ambiental e ao aumento da viol\u00eancia nos munic\u00edpios em que o garimpo \u00e9 ilegal&#8221;. A decis\u00e3o foi anunciada na noite desta ter\u00e7a-feira (04\/04).<\/p>\n\n\n\n<p>\u201c\u00c9 uma vit\u00f3ria imensa! A boa-f\u00e9 \u00e9 um dispositivo imoral em sua ess\u00eancia, que facilitou a lavagem de toneladas de ouro nos \u00faltimos anos. Foi esse dispositivo que permitiu a escalada do garimpo ilegal como vemos hoje. Agora, devemos ver, de fato, uma mudan\u00e7a radical no com\u00e9rcio do ouro brasileiro\u201d, celebra Larissa Rodrigues, gerente de portf\u00f3lio do Instituto Escolhas.<\/p>\n\n\n\n<p>A decis\u00e3o&nbsp;<a href=\"https:\/\/s2304.publisher-releases.com\/link.php?code=bDpodHRwcyUzQSUyRiUyRnBvcnRhbC5zdGYuanVzLmJyJTJGcHJvY2Vzc29zJTJGZGV0YWxoZS5hc3AlM0ZpbmNpZGVudGUlM0Q2NTYyMjYwOjE0MDQ5Mjg4ODM6cG9ydGFsY3Bub3RpY2lhc0BnbWFpbC5jb206Zjg5YzQ0OjQx\" target=\"_blank\" rel=\"noreferrer noopener\">publicada<\/a>&nbsp;pelo ministro cita o relat\u00f3rio&nbsp;<a href=\"https:\/\/s2304.publisher-releases.com\/link.php?code=bDpodHRwcyUzQSUyRiUyRmVzY29saGFzLm9yZyUyRndwLWNvbnRlbnQlMkZ1cGxvYWRzJTJGT3Vyby0yMDAtdG9uZWxhZGFzLnBkZjoxNDA0OTI4ODgzOnBvcnRhbGNwbm90aWNpYXNAZ21haWwuY29tOjY3OTZhOTo0MQ==\" target=\"_blank\" rel=\"noreferrer noopener\">Raio X do Ouro: mais de 200 toneladas podem ser ilegais<\/a>, que aponta poss\u00edveis irregularidades na cadeia do ouro extra\u00eddo na Amaz\u00f4nia. Al\u00e9m de suspender a boa-f\u00e9, a decis\u00e3o tamb\u00e9m d\u00e1 um prazo de 90 dias para que o Poder Executivo adote um novo marco normativo para a fiscaliza\u00e7\u00e3o do com\u00e9rcio do ouro, bem como medidas que inviabilizem a aquisi\u00e7\u00e3o de ouro extra\u00eddo de \u00e1reas de prote\u00e7\u00e3o ambiental e de Terras Ind\u00edgenas<\/p>\n\n\n\n<p>No \u00faltimo dia 30, a Receita Federal j\u00e1 havia publicado uma instru\u00e7\u00e3o normativa para ado\u00e7\u00e3o de nota fiscal eletr\u00f4nica na comercializa\u00e7\u00e3o do ouro do garimpo, que passar\u00e1 a ser exigida em julho deste ano.<\/p>\n","protected":false},"excerpt":{"rendered":"<p>A presun\u00e7\u00e3o da boa-f\u00e9 permite que os compradores de ouro retirado dos garimpos &#8212; as Distribuidoras de T\u00edtulos e Valores Mobili\u00e1rios &#8211; apresentem como garantia de proced\u00eancia apenas a palavra do garimpeiro de que a extra\u00e7\u00e3o foi feita em \u00e1rea legal, ficando livres de qualquer responsabilidade caso seja provado o contr\u00e1rio. Ou melhor: permitia. O [&hellip;]<\/p>\n","protected":false},"author":4,"featured_media":0,"comment_status":"open","ping_status":"open","sticky":false,"template":"","format":"standard","meta":{"_acf_changed":false,"footnotes":""},"categories":[19,898],"tags":[],"class_list":["post-69935","post","type-post","status-publish","format-standard","hentry","category-brasil-mundo","category-manchete-segundaria"],"acf":[],"yoast_head":"<!-- This site is optimized with the Yoast SEO plugin v24.4 - https:\/\/yoast.com\/wordpress\/plugins\/seo\/ -->\n<title>Ministro Gilmar Mendes, do STF, suspende a presun\u00e7\u00e3o da boa-f\u00e9 no com\u00e9rcio do ouro - PORTAL DE NOT\u00cdCIAS CLEITON PINHEIRO<\/title>\n<meta name=\"robots\" content=\"index, follow, max-snippet:-1, max-image-preview:large, max-video-preview:-1\" \/>\n<link rel=\"canonical\" href=\"https:\/\/cleitonpinheiro.com.br\/site\/ministro-gilmar-mendes-do-stf-suspende-a-presuncao-da-boa-fe-no-comercio-do-ouro\/\" \/>\n<meta property=\"og:locale\" content=\"pt_BR\" \/>\n<meta property=\"og:type\" content=\"article\" \/>\n<meta property=\"og:title\" content=\"Ministro Gilmar Mendes, do STF, suspende a presun\u00e7\u00e3o da boa-f\u00e9 no com\u00e9rcio do ouro - PORTAL DE NOT\u00cdCIAS CLEITON PINHEIRO\" \/>\n<meta property=\"og:description\" content=\"A presun\u00e7\u00e3o da boa-f\u00e9 permite que os compradores de ouro retirado dos garimpos &#8212; as Distribuidoras de T\u00edtulos e Valores Mobili\u00e1rios &#8211; apresentem como garantia de proced\u00eancia apenas a palavra do garimpeiro de que a extra\u00e7\u00e3o foi feita em \u00e1rea legal, ficando livres de qualquer responsabilidade caso seja provado o contr\u00e1rio. Ou melhor: permitia. O [&hellip;]\" \/>\n<meta property=\"og:url\" content=\"https:\/\/cleitonpinheiro.com.br\/site\/ministro-gilmar-mendes-do-stf-suspende-a-presuncao-da-boa-fe-no-comercio-do-ouro\/\" \/>\n<meta property=\"og:site_name\" content=\"PORTAL DE NOT\u00cdCIAS CLEITON PINHEIRO\" \/>\n<meta property=\"article:publisher\" content=\"https:\/\/www.facebook.com\/portalcpnoticias\/\" \/>\n<meta property=\"article:published_time\" content=\"2023-04-05T19:37:05+00:00\" \/>\n<meta property=\"article:modified_time\" content=\"2023-04-05T19:37:06+00:00\" \/>\n<meta property=\"og:image\" content=\"https:\/\/cleitonpinheiro.com.br\/site\/wp-content\/uploads\/2023\/04\/Design-sem-nome-2023-04-05T163616-compressed.jpg\" \/>\n\t<meta property=\"og:image:width\" content=\"750\" \/>\n\t<meta property=\"og:image:height\" content=\"450\" \/>\n\t<meta property=\"og:image:type\" content=\"image\/jpeg\" \/>\n<meta name=\"author\" content=\"Dermival Pereira\" \/>\n<meta name=\"twitter:card\" content=\"summary_large_image\" \/>\n<meta name=\"twitter:label1\" content=\"Escrito por\" \/>\n\t<meta name=\"twitter:data1\" content=\"Dermival Pereira\" \/>\n\t<meta name=\"twitter:label2\" content=\"Est. tempo de leitura\" \/>\n\t<meta name=\"twitter:data2\" content=\"2 minutos\" \/>\n<script type=\"application\/ld+json\" class=\"yoast-schema-graph\">{\"@context\":\"https:\/\/schema.org\",\"@graph\":[{\"@type\":\"Article\",\"@id\":\"https:\/\/cleitonpinheiro.com.br\/site\/ministro-gilmar-mendes-do-stf-suspende-a-presuncao-da-boa-fe-no-comercio-do-ouro\/#article\",\"isPartOf\":{\"@id\":\"https:\/\/cleitonpinheiro.com.br\/site\/ministro-gilmar-mendes-do-stf-suspende-a-presuncao-da-boa-fe-no-comercio-do-ouro\/\"},\"author\":{\"name\":\"Dermival Pereira\",\"@id\":\"https:\/\/cleitonpinheiro.com.br\/site\/#\/schema\/person\/aac6d7f311e80c43042e98a900b03cd8\"},\"headline\":\"Ministro Gilmar Mendes, do STF, suspende a presun\u00e7\u00e3o da boa-f\u00e9 no com\u00e9rcio do ouro\",\"datePublished\":\"2023-04-05T19:37:05+00:00\",\"dateModified\":\"2023-04-05T19:37:06+00:00\",\"mainEntityOfPage\":{\"@id\":\"https:\/\/cleitonpinheiro.com.br\/site\/ministro-gilmar-mendes-do-stf-suspende-a-presuncao-da-boa-fe-no-comercio-do-ouro\/\"},\"wordCount\":335,\"commentCount\":0,\"publisher\":{\"@id\":\"https:\/\/cleitonpinheiro.com.br\/site\/#organization\"},\"image\":{\"@id\":\"https:\/\/cleitonpinheiro.com.br\/site\/ministro-gilmar-mendes-do-stf-suspende-a-presuncao-da-boa-fe-no-comercio-do-ouro\/#primaryimage\"},\"thumbnailUrl\":\"https:\/\/cleitonpinheiro.com.br\/site\/wp-content\/uploads\/2023\/04\/Design-sem-nome-2023-04-05T163616-compressed.jpg\",\"articleSection\":[\"BRASIL \/ MUNDO\",\"MANCHETE SEGUND\u00c1RIA\"],\"inLanguage\":\"pt-BR\",\"potentialAction\":[{\"@type\":\"CommentAction\",\"name\":\"Comment\",\"target\":[\"https:\/\/cleitonpinheiro.com.br\/site\/ministro-gilmar-mendes-do-stf-suspende-a-presuncao-da-boa-fe-no-comercio-do-ouro\/#respond\"]}]},{\"@type\":\"WebPage\",\"@id\":\"https:\/\/cleitonpinheiro.com.br\/site\/ministro-gilmar-mendes-do-stf-suspende-a-presuncao-da-boa-fe-no-comercio-do-ouro\/\",\"url\":\"https:\/\/cleitonpinheiro.com.br\/site\/ministro-gilmar-mendes-do-stf-suspende-a-presuncao-da-boa-fe-no-comercio-do-ouro\/\",\"name\":\"Ministro Gilmar Mendes, do STF, suspende a presun\u00e7\u00e3o da boa-f\u00e9 no com\u00e9rcio do ouro - PORTAL DE NOT\u00cdCIAS CLEITON PINHEIRO\",\"isPartOf\":{\"@id\":\"https:\/\/cleitonpinheiro.com.br\/site\/#website\"},\"primaryImageOfPage\":{\"@id\":\"https:\/\/cleitonpinheiro.com.br\/site\/ministro-gilmar-mendes-do-stf-suspende-a-presuncao-da-boa-fe-no-comercio-do-ouro\/#primaryimage\"},\"image\":{\"@id\":\"https:\/\/cleitonpinheiro.com.br\/site\/ministro-gilmar-mendes-do-stf-suspende-a-presuncao-da-boa-fe-no-comercio-do-ouro\/#primaryimage\"},\"thumbnailUrl\":\"https:\/\/cleitonpinheiro.com.br\/site\/wp-content\/uploads\/2023\/04\/Design-sem-nome-2023-04-05T163616-compressed.jpg\",\"datePublished\":\"2023-04-05T19:37:05+00:00\",\"dateModified\":\"2023-04-05T19:37:06+00:00\",\"breadcrumb\":{\"@id\":\"https:\/\/cleitonpinheiro.com.br\/site\/ministro-gilmar-mendes-do-stf-suspende-a-presuncao-da-boa-fe-no-comercio-do-ouro\/#breadcrumb\"},\"inLanguage\":\"pt-BR\",\"potentialAction\":[{\"@type\":\"ReadAction\",\"target\":[\"https:\/\/cleitonpinheiro.com.br\/site\/ministro-gilmar-mendes-do-stf-suspende-a-presuncao-da-boa-fe-no-comercio-do-ouro\/\"]}]},{\"@type\":\"ImageObject\",\"inLanguage\":\"pt-BR\",\"@id\":\"https:\/\/cleitonpinheiro.com.br\/site\/ministro-gilmar-mendes-do-stf-suspende-a-presuncao-da-boa-fe-no-comercio-do-ouro\/#primaryimage\",\"url\":\"\",\"contentUrl\":\"\"},{\"@type\":\"BreadcrumbList\",\"@id\":\"https:\/\/cleitonpinheiro.com.br\/site\/ministro-gilmar-mendes-do-stf-suspende-a-presuncao-da-boa-fe-no-comercio-do-ouro\/#breadcrumb\",\"itemListElement\":[{\"@type\":\"ListItem\",\"position\":1,\"name\":\"In\u00edcio\",\"item\":\"https:\/\/cleitonpinheiro.com.br\/site\/\"},{\"@type\":\"ListItem\",\"position\":2,\"name\":\"Ministro Gilmar Mendes, do STF, suspende a presun\u00e7\u00e3o da boa-f\u00e9 no com\u00e9rcio do ouro\"}]},{\"@type\":\"WebSite\",\"@id\":\"https:\/\/cleitonpinheiro.com.br\/site\/#website\",\"url\":\"https:\/\/cleitonpinheiro.com.br\/site\/\",\"name\":\"PORTAL DE NOT\u00cdCIAS CLEITON PINHEIRO\",\"description\":\"FALANDO A VERDADE\",\"publisher\":{\"@id\":\"https:\/\/cleitonpinheiro.com.br\/site\/#organization\"},\"potentialAction\":[{\"@type\":\"SearchAction\",\"target\":{\"@type\":\"EntryPoint\",\"urlTemplate\":\"https:\/\/cleitonpinheiro.com.br\/site\/?s={search_term_string}\"},\"query-input\":{\"@type\":\"PropertyValueSpecification\",\"valueRequired\":true,\"valueName\":\"search_term_string\"}}],\"inLanguage\":\"pt-BR\"},{\"@type\":\"Organization\",\"@id\":\"https:\/\/cleitonpinheiro.com.br\/site\/#organization\",\"name\":\"CPNOT\u00cdCIAS\",\"url\":\"https:\/\/cleitonpinheiro.com.br\/site\/\",\"logo\":{\"@type\":\"ImageObject\",\"inLanguage\":\"pt-BR\",\"@id\":\"https:\/\/cleitonpinheiro.com.br\/site\/#\/schema\/logo\/image\/\",\"url\":\"https:\/\/cleitonpinheiro.com.br\/site\/wp-content\/uploads\/2022\/08\/Logo-pequena-2.png\",\"contentUrl\":\"https:\/\/cleitonpinheiro.com.br\/site\/wp-content\/uploads\/2022\/08\/Logo-pequena-2.png\",\"width\":500,\"height\":500,\"caption\":\"CPNOT\u00cdCIAS\"},\"image\":{\"@id\":\"https:\/\/cleitonpinheiro.com.br\/site\/#\/schema\/logo\/image\/\"},\"sameAs\":[\"https:\/\/www.facebook.com\/portalcpnoticias\/\"]},{\"@type\":\"Person\",\"@id\":\"https:\/\/cleitonpinheiro.com.br\/site\/#\/schema\/person\/aac6d7f311e80c43042e98a900b03cd8\",\"name\":\"Dermival Pereira\",\"image\":{\"@type\":\"ImageObject\",\"inLanguage\":\"pt-BR\",\"@id\":\"https:\/\/cleitonpinheiro.com.br\/site\/#\/schema\/person\/image\/\",\"url\":\"https:\/\/secure.gravatar.com\/avatar\/cfaebf3742d6bf8db728bcba3eed6bee37b02337a2e6c822994f20ca72a3784d?s=96&r=g\",\"contentUrl\":\"https:\/\/secure.gravatar.com\/avatar\/cfaebf3742d6bf8db728bcba3eed6bee37b02337a2e6c822994f20ca72a3784d?s=96&r=g\",\"caption\":\"Dermival Pereira\"},\"url\":\"https:\/\/cleitonpinheiro.com.br\/site\/author\/dermival\/\"}]}<\/script>\n<!-- \/ Yoast SEO plugin. -->","yoast_head_json":{"title":"Ministro Gilmar Mendes, do STF, suspende a presun\u00e7\u00e3o da boa-f\u00e9 no com\u00e9rcio do ouro - PORTAL DE NOT\u00cdCIAS CLEITON PINHEIRO","robots":{"index":"index","follow":"follow","max-snippet":"max-snippet:-1","max-image-preview":"max-image-preview:large","max-video-preview":"max-video-preview:-1"},"canonical":"https:\/\/cleitonpinheiro.com.br\/site\/ministro-gilmar-mendes-do-stf-suspende-a-presuncao-da-boa-fe-no-comercio-do-ouro\/","og_locale":"pt_BR","og_type":"article","og_title":"Ministro Gilmar Mendes, do STF, suspende a presun\u00e7\u00e3o da boa-f\u00e9 no com\u00e9rcio do ouro - PORTAL DE NOT\u00cdCIAS CLEITON PINHEIRO","og_description":"A presun\u00e7\u00e3o da boa-f\u00e9 permite que os compradores de ouro retirado dos garimpos &#8212; as Distribuidoras de T\u00edtulos e Valores Mobili\u00e1rios &#8211; apresentem como garantia de proced\u00eancia apenas a palavra do garimpeiro de que a extra\u00e7\u00e3o foi feita em \u00e1rea legal, ficando livres de qualquer responsabilidade caso seja provado o contr\u00e1rio. Ou melhor: permitia. O [&hellip;]","og_url":"https:\/\/cleitonpinheiro.com.br\/site\/ministro-gilmar-mendes-do-stf-suspende-a-presuncao-da-boa-fe-no-comercio-do-ouro\/","og_site_name":"PORTAL DE NOT\u00cdCIAS CLEITON PINHEIRO","article_publisher":"https:\/\/www.facebook.com\/portalcpnoticias\/","article_published_time":"2023-04-05T19:37:05+00:00","article_modified_time":"2023-04-05T19:37:06+00:00","og_image":[{"width":750,"height":450,"url":"https:\/\/cleitonpinheiro.com.br\/site\/wp-content\/uploads\/2023\/04\/Design-sem-nome-2023-04-05T163616-compressed.jpg","type":"image\/jpeg"}],"author":"Dermival Pereira","twitter_card":"summary_large_image","twitter_misc":{"Escrito por":"Dermival Pereira","Est. tempo de leitura":"2 minutos"},"schema":{"@context":"https:\/\/schema.org","@graph":[{"@type":"Article","@id":"https:\/\/cleitonpinheiro.com.br\/site\/ministro-gilmar-mendes-do-stf-suspende-a-presuncao-da-boa-fe-no-comercio-do-ouro\/#article","isPartOf":{"@id":"https:\/\/cleitonpinheiro.com.br\/site\/ministro-gilmar-mendes-do-stf-suspende-a-presuncao-da-boa-fe-no-comercio-do-ouro\/"},"author":{"name":"Dermival Pereira","@id":"https:\/\/cleitonpinheiro.com.br\/site\/#\/schema\/person\/aac6d7f311e80c43042e98a900b03cd8"},"headline":"Ministro Gilmar Mendes, do STF, suspende a presun\u00e7\u00e3o da boa-f\u00e9 no com\u00e9rcio do ouro","datePublished":"2023-04-05T19:37:05+00:00","dateModified":"2023-04-05T19:37:06+00:00","mainEntityOfPage":{"@id":"https:\/\/cleitonpinheiro.com.br\/site\/ministro-gilmar-mendes-do-stf-suspende-a-presuncao-da-boa-fe-no-comercio-do-ouro\/"},"wordCount":335,"commentCount":0,"publisher":{"@id":"https:\/\/cleitonpinheiro.com.br\/site\/#organization"},"image":{"@id":"https:\/\/cleitonpinheiro.com.br\/site\/ministro-gilmar-mendes-do-stf-suspende-a-presuncao-da-boa-fe-no-comercio-do-ouro\/#primaryimage"},"thumbnailUrl":"https:\/\/cleitonpinheiro.com.br\/site\/wp-content\/uploads\/2023\/04\/Design-sem-nome-2023-04-05T163616-compressed.jpg","articleSection":["BRASIL \/ MUNDO","MANCHETE SEGUND\u00c1RIA"],"inLanguage":"pt-BR","potentialAction":[{"@type":"CommentAction","name":"Comment","target":["https:\/\/cleitonpinheiro.com.br\/site\/ministro-gilmar-mendes-do-stf-suspende-a-presuncao-da-boa-fe-no-comercio-do-ouro\/#respond"]}]},{"@type":"WebPage","@id":"https:\/\/cleitonpinheiro.com.br\/site\/ministro-gilmar-mendes-do-stf-suspende-a-presuncao-da-boa-fe-no-comercio-do-ouro\/","url":"https:\/\/cleitonpinheiro.com.br\/site\/ministro-gilmar-mendes-do-stf-suspende-a-presuncao-da-boa-fe-no-comercio-do-ouro\/","name":"Ministro Gilmar Mendes, do STF, suspende a presun\u00e7\u00e3o da boa-f\u00e9 no com\u00e9rcio do ouro - PORTAL DE NOT\u00cdCIAS CLEITON PINHEIRO","isPartOf":{"@id":"https:\/\/cleitonpinheiro.com.br\/site\/#website"},"primaryImageOfPage":{"@id":"https:\/\/cleitonpinheiro.com.br\/site\/ministro-gilmar-mendes-do-stf-suspende-a-presuncao-da-boa-fe-no-comercio-do-ouro\/#primaryimage"},"image":{"@id":"https:\/\/cleitonpinheiro.com.br\/site\/ministro-gilmar-mendes-do-stf-suspende-a-presuncao-da-boa-fe-no-comercio-do-ouro\/#primaryimage"},"thumbnailUrl":"https:\/\/cleitonpinheiro.com.br\/site\/wp-content\/uploads\/2023\/04\/Design-sem-nome-2023-04-05T163616-compressed.jpg","datePublished":"2023-04-05T19:37:05+00:00","dateModified":"2023-04-05T19:37:06+00:00","breadcrumb":{"@id":"https:\/\/cleitonpinheiro.com.br\/site\/ministro-gilmar-mendes-do-stf-suspende-a-presuncao-da-boa-fe-no-comercio-do-ouro\/#breadcrumb"},"inLanguage":"pt-BR","potentialAction":[{"@type":"ReadAction","target":["https:\/\/cleitonpinheiro.com.br\/site\/ministro-gilmar-mendes-do-stf-suspende-a-presuncao-da-boa-fe-no-comercio-do-ouro\/"]}]},{"@type":"ImageObject","inLanguage":"pt-BR","@id":"https:\/\/cleitonpinheiro.com.br\/site\/ministro-gilmar-mendes-do-stf-suspende-a-presuncao-da-boa-fe-no-comercio-do-ouro\/#primaryimage","url":"","contentUrl":""},{"@type":"BreadcrumbList","@id":"https:\/\/cleitonpinheiro.com.br\/site\/ministro-gilmar-mendes-do-stf-suspende-a-presuncao-da-boa-fe-no-comercio-do-ouro\/#breadcrumb","itemListElement":[{"@type":"ListItem","position":1,"name":"In\u00edcio","item":"https:\/\/cleitonpinheiro.com.br\/site\/"},{"@type":"ListItem","position":2,"name":"Ministro Gilmar Mendes, do STF, suspende a presun\u00e7\u00e3o da boa-f\u00e9 no com\u00e9rcio do ouro"}]},{"@type":"WebSite","@id":"https:\/\/cleitonpinheiro.com.br\/site\/#website","url":"https:\/\/cleitonpinheiro.com.br\/site\/","name":"PORTAL DE NOT\u00cdCIAS CLEITON PINHEIRO","description":"FALANDO A VERDADE","publisher":{"@id":"https:\/\/cleitonpinheiro.com.br\/site\/#organization"},"potentialAction":[{"@type":"SearchAction","target":{"@type":"EntryPoint","urlTemplate":"https:\/\/cleitonpinheiro.com.br\/site\/?s={search_term_string}"},"query-input":{"@type":"PropertyValueSpecification","valueRequired":true,"valueName":"search_term_string"}}],"inLanguage":"pt-BR"},{"@type":"Organization","@id":"https:\/\/cleitonpinheiro.com.br\/site\/#organization","name":"CPNOT\u00cdCIAS","url":"https:\/\/cleitonpinheiro.com.br\/site\/","logo":{"@type":"ImageObject","inLanguage":"pt-BR","@id":"https:\/\/cleitonpinheiro.com.br\/site\/#\/schema\/logo\/image\/","url":"https:\/\/cleitonpinheiro.com.br\/site\/wp-content\/uploads\/2022\/08\/Logo-pequena-2.png","contentUrl":"https:\/\/cleitonpinheiro.com.br\/site\/wp-content\/uploads\/2022\/08\/Logo-pequena-2.png","width":500,"height":500,"caption":"CPNOT\u00cdCIAS"},"image":{"@id":"https:\/\/cleitonpinheiro.com.br\/site\/#\/schema\/logo\/image\/"},"sameAs":["https:\/\/www.facebook.com\/portalcpnoticias\/"]},{"@type":"Person","@id":"https:\/\/cleitonpinheiro.com.br\/site\/#\/schema\/person\/aac6d7f311e80c43042e98a900b03cd8","name":"Dermival Pereira","image":{"@type":"ImageObject","inLanguage":"pt-BR","@id":"https:\/\/cleitonpinheiro.com.br\/site\/#\/schema\/person\/image\/","url":"https:\/\/secure.gravatar.com\/avatar\/cfaebf3742d6bf8db728bcba3eed6bee37b02337a2e6c822994f20ca72a3784d?s=96&r=g","contentUrl":"https:\/\/secure.gravatar.com\/avatar\/cfaebf3742d6bf8db728bcba3eed6bee37b02337a2e6c822994f20ca72a3784d?s=96&r=g","caption":"Dermival Pereira"},"url":"https:\/\/cleitonpinheiro.com.br\/site\/author\/dermival\/"}]}},"views":239,"_links":{"self":[{"href":"https:\/\/cleitonpinheiro.com.br\/site\/wp-json\/wp\/v2\/posts\/69935","targetHints":{"allow":["GET"]}}],"collection":[{"href":"https:\/\/cleitonpinheiro.com.br\/site\/wp-json\/wp\/v2\/posts"}],"about":[{"href":"https:\/\/cleitonpinheiro.com.br\/site\/wp-json\/wp\/v2\/types\/post"}],"author":[{"embeddable":true,"href":"https:\/\/cleitonpinheiro.com.br\/site\/wp-json\/wp\/v2\/users\/4"}],"replies":[{"embeddable":true,"href":"https:\/\/cleitonpinheiro.com.br\/site\/wp-json\/wp\/v2\/comments?post=69935"}],"version-history":[{"count":1,"href":"https:\/\/cleitonpinheiro.com.br\/site\/wp-json\/wp\/v2\/posts\/69935\/revisions"}],"predecessor-version":[{"id":69937,"href":"https:\/\/cleitonpinheiro.com.br\/site\/wp-json\/wp\/v2\/posts\/69935\/revisions\/69937"}],"wp:attachment":[{"href":"https:\/\/cleitonpinheiro.com.br\/site\/wp-json\/wp\/v2\/media?parent=69935"}],"wp:term":[{"taxonomy":"category","embeddable":true,"href":"https:\/\/cleitonpinheiro.com.br\/site\/wp-json\/wp\/v2\/categories?post=69935"},{"taxonomy":"post_tag","embeddable":true,"href":"https:\/\/cleitonpinheiro.com.br\/site\/wp-json\/wp\/v2\/tags?post=69935"}],"curies":[{"name":"wp","href":"https:\/\/api.w.org\/{rel}","templated":true}]}}